{"id":187684,"date":"2021-01-29T11:54:59","date_gmt":"2021-01-29T10:54:59","guid":{"rendered":"https:\/\/www.radiopiu.net\/wordpress\/?p=187684"},"modified":"2021-01-29T11:54:59","modified_gmt":"2021-01-29T10:54:59","slug":"dopo-2-mesi-questa-sera-alle-17-riapre-la-422-dellalpago","status":"publish","type":"post","link":"https:\/\/www.radiopiu.net\/wordpress\/dopo-2-mesi-questa-sera-alle-17-riapre-la-422-dellalpago\/","title":{"rendered":"DOPO 2 MESI QUESTA SERA ALLE 17 RIAPRE LA 422 DELL&#8217;ALPAGO"},"content":{"rendered":"<p><strong><img loading=\"lazy\" decoding=\"async\" class=\"alignleft\" src=\"https:\/\/www.radiopiu.net\/wordpress\/wp-content\/uploads\/2021\/01\/download-33.jpg\" width=\"209\" height=\"135\" \/>VENEZIA<\/strong> Da questa sera alle 17 riaprir\u00e0, a senso unico alternato, la Sp 422 \u201cdell\u2019Alpago e del Cansiglio\u201d tra Borsoi e Tambre. Per garantire la sicurezza, la circolazione sar\u00e0 regolata da impianto semaforico. La viabilit\u00e0 sar\u00e0 aperta a tutti i mezzi di trasporto anche quelli pesanti. Come si ricorder\u00e0 la strada era stata chiusa in localit\u00e0 Ponte Maina a inizio dicembre, a causa di forti nevicate, una frana aveva di fatto messo in pericolo tutta la zona. Ci sono voluti quasi due mesi per mettere in sicurezza il fronte stradale per limitare altri smottamenti pericolosi per i cittadini..<em> \u201cRingrazio le maestranze e i tecnici che hanno lavorato senza fermarsi mai per ripristinare la circolazione dei mezzi e per garantire la sicurezza \u2013 dice il Direttore Generale di Veneto Strade, Silvano Vernizzi \u2013 grazie anche ai residenti e agli amministratori per la pazienza dimostrata in questo periodo\u201d.<\/em><\/p>\n","protected":false},"excerpt":{"rendered":"<p>VENEZIA Da questa sera alle 17 riaprir\u00e0, a senso unico alternato, la Sp 422 \u201cdell\u2019Alpago e del Cansiglio\u201d tra Borsoi e Tambre. Per garantire la sicurezza, la circolazione sar\u00e0 regolata da impianto semaforico. La viabilit\u00e0 sar\u00e0 aperta a tutti i mezzi di trasporto anche quelli pesanti. Come si ricorder\u00e0 la strada era stata chiusa in&hellip;<\/p>\n","protected":false},"author":4,"featured_media":187685,"comment_status":"closed","ping_status":"closed","sticky":false,"template":"","format":"standard","meta":{"_monsterinsights_skip_tracking":false,"_monsterinsights_sitenote_active":false,"_monsterinsights_sitenote_note":"","_monsterinsights_sitenote_category":0,"footnotes":""},"categories":[51,49],"tags":[],"class_list":["post-187684","post","type-post","status-publish","format-standard","has-post-thumbnail","hentry","category-evidenza-top","category-news-18","category-51","category-49","description-off"],"img_url":"https:\/\/www.radiopiu.net\/wordpress\/wp-content\/uploads\/2021\/01\/download-33.jpg","_links":{"self":[{"href":"https:\/\/www.radiopiu.net\/wordpress\/wp-json\/wp\/v2\/posts\/187684","targetHints":{"allow":["GET"]}}],"collection":[{"href":"https:\/\/www.radiopiu.net\/wordpress\/wp-json\/wp\/v2\/posts"}],"about":[{"href":"https:\/\/www.radiopiu.net\/wordpress\/wp-json\/wp\/v2\/types\/post"}],"author":[{"embeddable":true,"href":"https:\/\/www.radiopiu.net\/wordpress\/wp-json\/wp\/v2\/users\/4"}],"replies":[{"embeddable":true,"href":"https:\/\/www.radiopiu.net\/wordpress\/wp-json\/wp\/v2\/comments?post=187684"}],"version-history":[{"count":0,"href":"https:\/\/www.radiopiu.net\/wordpress\/wp-json\/wp\/v2\/posts\/187684\/revisions"}],"wp:featuredmedia":[{"embeddable":true,"href":"https:\/\/www.radiopiu.net\/wordpress\/wp-json\/wp\/v2\/media\/187685"}],"wp:attachment":[{"href":"https:\/\/www.radiopiu.net\/wordpress\/wp-json\/wp\/v2\/media?parent=187684"}],"wp:term":[{"taxonomy":"category","embeddable":true,"href":"https:\/\/www.radiopiu.net\/wordpress\/wp-json\/wp\/v2\/categories?post=187684"},{"taxonomy":"post_tag","embeddable":true,"href":"https:\/\/www.radiopiu.net\/wordpress\/wp-json\/wp\/v2\/tags?post=187684"}],"curies":[{"name":"wp","href":"https:\/\/api.w.org\/{rel}","templated":true}]}}