{"id":187688,"date":"2021-01-29T12:25:38","date_gmt":"2021-01-29T11:25:38","guid":{"rendered":"https:\/\/www.radiopiu.net\/wordpress\/?p=187688"},"modified":"2021-01-29T14:51:50","modified_gmt":"2021-01-29T13:51:50","slug":"dopo-27-giorni-di-numeri-in-calo-il-veneto-vede-giallo-da-venezia-luca-zaia","status":"publish","type":"post","link":"https:\/\/www.radiopiu.net\/wordpress\/dopo-27-giorni-di-numeri-in-calo-il-veneto-vede-giallo-da-venezia-luca-zaia\/","title":{"rendered":"DOPO 29 GIORNI DI NUMERI IN CALO IL VENETO VEDE GIALLO. DA  VENEZIA LUCA ZAIA"},"content":{"rendered":"<p><strong>VENEZIA<\/strong> Il giorno del verdetto, nel pomeriggio si conoscer\u00e0 il futuro del Veneto, i numeri dicono fuori dalla zona arancio e dentro in quella gialla. In calo la pressione ospedaliera, i decessi e l&#8217;indice di contagio Rt cotto la soglia dell&#8217;1 ovvero 0,62. Tutti i parametri portano al giallo sar\u00e0 cos\u00ec? Le ultime novit\u00e0 da Marghera nel punto stampa del Presidente Zaia.<\/p>\n<p><strong>I NUMERI <\/strong><strong>TAMPONI MOLECOLARI 3728265 <\/strong><strong>TAMPONI RAPIDI 2551493\u00a0 <\/strong><strong>POSITIVI NELLE 24 ORE 985 (su oltre 41 mila tamponi) <\/strong><strong>INCIDENZA POSITIVI-TAMPONI 2,41% <\/strong><strong>TOTALE POSITIVI DAL 21 FEBBRAIO 310854 <\/strong><strong>36965 (ieri 44mila) <\/strong><strong>RICOVERI 2300\u00a0 <\/strong><strong>IN AREA NON CRITICA 2022 (-64) <\/strong><strong>IN TERAPIA INTENSIVA 278 (-5) <\/strong><strong>DECESSI 8862 (+53)<\/strong><strong>DIMESSI 14162<\/strong><\/p>\n<p>&nbsp;<\/p>\n<blockquote>\n<h2>LEGGI LA CONFERENZA DI LUCA ZAIA<\/h2>\n<p><em>Da lunedi a scuola e se si scova un positivo tamponi per tutta la classe<\/em><\/p><\/blockquote>\n<p>L&#8217;Europa modifica i colori adesso abbiamo la colorazione verde. In Italia il Veneto \u00e8 all&#8217;ottavo posto per mortalit\u00e0. Prossimamente una nuova circolare o una direttiva rispetto alle mutazioni del virus.<b> VENETO GIALLO?\u00a0<\/b>Oggi \u00e8 giornata di valutazioni delle Regioni, dopo 29 giorni\u00a0 di calo, repentino e\u00a0 inspiegabile. <strong>ORDINANZE REGOLATORIE?<\/strong> Ci adeguiamo alla zona attribuita. <strong>SCUOLA<\/strong> Luned\u00ec si parte con tre settimane al 50% di presenza alle scuole superiori, porteremo\u00a0 avanti un&#8217;indagine epidemiologica sulla circolazione del virus nelle scuole con test a campione: alla presenza del positivo non si va in quarantena ma si fanno tamponi a tutti. <strong>RISCHIO EPIDEMIOLOGICO CON L&#8217;APERTURA DI BAR E RISTORANTI<\/strong> Chi da le indicazioni \u00e8 l&#8217;Istituto Superiore di Sanit\u00e0 non possiamo fare un&#8217;analisi, se ci chiudiamo in casa il virus circola di meno e viceversa. Il vero tema: combinare l&#8217;apertura con l&#8217;incidenza.<strong> IL FITNESS NON LAVORA DA MESI SENZA RISTORI<\/strong> Il tema \u00e8 in agenda ne parliamo molto, negli incontri \u00e8 uno degli aspetti sottolineato spesso, i ristori per alcuni comparti, la partita dei ristori \u00e8 nazionale non possiamo fare altro. Non ci sono solo gli impianti di risalita, ma anche tutti i lavoratori stagionali. L&#8217;economia che tiene in piedi questo paese <strong>SIETE RIUSCITI A RICOSTRUIRE LA GENESI DELLA MAPPA EUROPEA?<\/strong> Dobbiamo acquisire tutti i documenti siamo passati da una classificazione spanometrica da rosso scuro (la peggiore) ieri sera \u00e8 uscita la mappa dell&#8217;incidenza e il Veneto \u00e8 una delle poche aree (non pi\u00f9 di cinque in Europa) con il colore verde. <strong>EUROPA PER REGIONI CON MISURE ARMONIZZATE?<\/strong> L&#8217;Europa puo&#8217; iniziare a disegnare con i colori quando riusciranno a dimostrare che l&#8217;unit\u00e0 di misura \u00e8 uguale per tutti. <strong>E NELL&#8217;ATTESA DI BLOCCANO LE FRONTIERE?<\/strong> Senza parametri non si blocca nulla. <strong>SE SCATTA IL GIALLO CI SARANNO MISURE LOCALI?<\/strong> Per il momento no, ne parleremo con i sindaci. <strong>TEMETE ASSEMBRAMENTI PER LO SHOPPING<\/strong>? Dipende solo dai cittadini. Le restrizioni sono inversamente proporzionali agli approcci della clientela nei vari esercizi commerciali. <strong>RIAPERTURA STAGIONE SCIISTICA CI SONO LE LINEE GUIDA<\/strong> Il DPCM decider\u00e0, per affrontare il tema dovr\u00e0 essere modificato anter 15 febbraio. Non ho aggiornamenti, staremo a vedere. Gli assessori stanno parlando ma tutto dipende dall&#8217;andamento dell&#8217;infezione. Serviranno confronti con tutti. <strong>VARIANTI<\/strong> Avremo una circolare o una direttiva rispetto allemutazioni del virus, adesso la letteratura scientifica conferma che le varianti danno curve di infezione diverse, per questo l&#8217;Istituto Superiore di Sanit\u00e0 far\u00e0 uscire una circolare per sequenziare e classificare queste mutazioni. Noi lo stiamo facendo gi\u00e0 da tempo. <strong>VACCINI\u00a0<\/strong> Prossima settimana chiuderemo il primo giro come da priorit\u00e0, da met\u00e0 febbraio\u00a0 via con gli over 80 (350mila persone).<\/p>\n<blockquote>\n<h3>OSPITE DELLA CONFERENZA LA DOTTORESSA GIOVANNA SCROCCARO, DIREZIONE FARMACEUTICA<\/h3>\n<p><em>Anticorpi mono clonali: Verona si candider\u00e0 per coordinare il trial per sperimentare questa cura.<\/em><\/p><\/blockquote>\n<p>Per poter scrivere su un protocollo quali farmaci prescrivere servono studi che dimostrino l&#8217;efficacia. Da quando \u00e8 iniziata la pandemia abbiamo visto molti farmaci e abbiamo discusso molto sulla loro efficacia. I capisaldi del nostro protocollo sono: l&#8217;utilizzo di antinfiammatori nei pazienti con pochi sintomi. <strong>CORTISONE<\/strong> serve quando il paziente comincia ad avere difficolt\u00e0 di ossigenazione non \u00e8 vietato per pazienti meno gravIi. <strong>EPARINA<\/strong> per prevenire la trombosi, abbiamo dato il via l&#8217;ibera all&#8217;ossigeno-terapia anche a casa. <strong>ANTIBIOTICI<\/strong> non sono molti i pazienti che hanno questa necessit\u00e0, sono utili per le infezioni batteriche.<strong> IVERMECTINA<\/strong> \u00e8 nella prima fase di sperimentazione, debella o favorisce l&#8217;espulsione di vermi e parassiti intestinali, in Italia non c&#8217;\u00e8, viene importato e usato in casi molto particolari. C&#8217;\u00e8 un protocollo di studio coordinato da Negrar per verificare se \u00e8 sicuro. <strong>ESISTE UNA TERPIA PER IL COVID<\/strong> Sono i farmaci elencati, non esiste un nuovo farmaco per la terapia a domicilio. Stanno arrivando gli anticorpi monoclonali (gi\u00e0 autorizzati in parte), in Italia ancora non possiamo averli per mancanza di autorizzazioni. Sembrano efficaci se somministrati nei pazienti meno gravi, quindi a domicilio per capirci sono quelli usati per curare Donald Trump. Entro il 15 febbraio presentazione dei piani e ci saremo anche noi con l&#8217;Universit\u00e0 di Verona. Se verremo selezionati con il protocollo (comunque parteciperemo) avremo la possibilit\u00e0 di poter aderire. Non saranno pazienti da ospedale ma da casa o Rsa. Il farmaco non \u00e8 ancora in commercio e non si possono fare cifre, aspettiamo che arrivi e il prezzo sar\u00e0 accessibile, non come negli Stati Uniti dove il prezzo \u00e8 libero e non concordato e non saranno comunque mai a carico del paziente.<\/p>\n<p><a href=\"https:\/\/www.facebook.com\/zaiaufficiale\/videos\/909610043122920\">https:\/\/www.facebook.com\/zaiaufficiale\/videos\/909610043122920<\/a><\/p>\n<p>&nbsp;<\/p>\n","protected":false},"excerpt":{"rendered":"<p>VENEZIA Il giorno del verdetto, nel pomeriggio si conoscer\u00e0 il futuro del Veneto, i numeri dicono fuori dalla zona arancio e dentro in quella gialla. In calo la pressione ospedaliera, i decessi e l&#8217;indice di contagio Rt cotto la soglia dell&#8217;1 ovvero 0,62. Tutti i parametri portano al giallo sar\u00e0 cos\u00ec? Le ultime novit\u00e0 da&hellip;<\/p>\n","protected":false},"author":4,"featured_media":187689,"comment_status":"closed","ping_status":"closed","sticky":false,"template":"","format":"standard","meta":{"_monsterinsights_skip_tracking":false,"_monsterinsights_sitenote_active":false,"_monsterinsights_sitenote_note":"","_monsterinsights_sitenote_category":0,"footnotes":""},"categories":[51,49],"tags":[],"class_list":["post-187688","post","type-post","status-publish","format-standard","has-post-thumbnail","hentry","category-evidenza-top","category-news-18","category-51","category-49","description-off"],"img_url":"https:\/\/www.radiopiu.net\/wordpress\/wp-content\/uploads\/2021\/01\/143765133_1696916263843615_6249289949416220530_o.jpg","_links":{"self":[{"href":"https:\/\/www.radiopiu.net\/wordpress\/wp-json\/wp\/v2\/posts\/187688","targetHints":{"allow":["GET"]}}],"collection":[{"href":"https:\/\/www.radiopiu.net\/wordpress\/wp-json\/wp\/v2\/posts"}],"about":[{"href":"https:\/\/www.radiopiu.net\/wordpress\/wp-json\/wp\/v2\/types\/post"}],"author":[{"embeddable":true,"href":"https:\/\/www.radiopiu.net\/wordpress\/wp-json\/wp\/v2\/users\/4"}],"replies":[{"embeddable":true,"href":"https:\/\/www.radiopiu.net\/wordpress\/wp-json\/wp\/v2\/comments?post=187688"}],"version-history":[{"count":0,"href":"https:\/\/www.radiopiu.net\/wordpress\/wp-json\/wp\/v2\/posts\/187688\/revisions"}],"wp:featuredmedia":[{"embeddable":true,"href":"https:\/\/www.radiopiu.net\/wordpress\/wp-json\/wp\/v2\/media\/187689"}],"wp:attachment":[{"href":"https:\/\/www.radiopiu.net\/wordpress\/wp-json\/wp\/v2\/media?parent=187688"}],"wp:term":[{"taxonomy":"category","embeddable":true,"href":"https:\/\/www.radiopiu.net\/wordpress\/wp-json\/wp\/v2\/categories?post=187688"},{"taxonomy":"post_tag","embeddable":true,"href":"https:\/\/www.radiopiu.net\/wordpress\/wp-json\/wp\/v2\/tags?post=187688"}],"curies":[{"name":"wp","href":"https:\/\/api.w.org\/{rel}","templated":true}]}}