{"id":187696,"date":"2021-01-29T12:27:20","date_gmt":"2021-01-29T11:27:20","guid":{"rendered":"https:\/\/www.radiopiu.net\/wordpress\/?p=187696"},"modified":"2021-01-29T14:53:04","modified_gmt":"2021-01-29T13:53:04","slug":"situazione-scuole-aggiornamento","status":"publish","type":"post","link":"https:\/\/www.radiopiu.net\/wordpress\/situazione-scuole-aggiornamento\/","title":{"rendered":"SITUAZIONE SCUOLE: AGGIORNAMENTO"},"content":{"rendered":"<p><strong> <img loading=\"lazy\" decoding=\"async\" class=\"alignleft\" src=\"https:\/\/www.radiopiu.net\/wordpress\/wp-content\/uploads\/2020\/09\/scuola-primaria-agordo-2.jpg\" width=\"247\" height=\"185\" \/>BELLUNO<\/strong> Da gennaio \u00e8 attivo il nuovo protocollo scuole che prevede che, in presenza di un caso positivo in una classe, i contatti identificati nella classe secondo linee guida siano posti in quarantena ed eseguano un test di controllo al termine della stessa (indicativamente al 10\u00b0 giorno). Attualmente le classi in carico al Dipartimento (quindi con almeno un positivo), tutte in isolamento domiciliare fiduciario come da nuovo protocollo, sono 14 cos\u00ec distribuite: 1 scuola dell&#8217;infanzia 6 della scuola primaria 6 classi della scuola media 1 classi della scuola superiore In totale sono in isolamento 213 bambini\/ragazzi e 6 insegnanti. Dal 14 settembre 2020 ad oggi sono state prese in carico 576 classi.<\/p>\n<blockquote><p><em>Il prossimo webinar si terr\u00e0 dalle 18 alle 20 di mercoled\u00ec. Si parler\u00e0 di strategie per riconoscere e gestire le reazioni emotive legate all\u2019emergenza sanitaria nei bambini e nei ragazzi. L\u2019incontro sar\u00e0 tenuto dall\u2019equipe di Psicologia Ospedaliera con la partecipazione di Stefania Sacchezin, psicologa psicoterapeuta, specializzata in psicologia dell\u2019emergenza, facilitator e supervisore Emdr Italia. Il webinar si terr\u00e0 sulla piattaforma Google Meet. Per partecipare, inviare una e-mail all\u2019indirizzo webinar.sospsicologico.aulss1@gmail.com <\/em><\/p><\/blockquote>\n","protected":false},"excerpt":{"rendered":"<p>BELLUNO Da gennaio \u00e8 attivo il nuovo protocollo scuole che prevede che, in presenza di un caso positivo in una classe, i contatti identificati nella classe secondo linee guida siano posti in quarantena ed eseguano un test di controllo al termine della stessa (indicativamente al 10\u00b0 giorno). Attualmente le classi in carico al Dipartimento (quindi&hellip;<\/p>\n","protected":false},"author":4,"featured_media":160674,"comment_status":"closed","ping_status":"closed","sticky":false,"template":"","format":"standard","meta":{"_monsterinsights_skip_tracking":false,"_monsterinsights_sitenote_active":false,"_monsterinsights_sitenote_note":"","_monsterinsights_sitenote_category":0,"footnotes":""},"categories":[49],"tags":[],"class_list":["post-187696","post","type-post","status-publish","format-standard","has-post-thumbnail","hentry","category-news-18","category-49","description-off"],"img_url":"https:\/\/www.radiopiu.net\/wordpress\/wp-content\/uploads\/2020\/09\/scuola-primaria-agordo-2.jpg","_links":{"self":[{"href":"https:\/\/www.radiopiu.net\/wordpress\/wp-json\/wp\/v2\/posts\/187696","targetHints":{"allow":["GET"]}}],"collection":[{"href":"https:\/\/www.radiopiu.net\/wordpress\/wp-json\/wp\/v2\/posts"}],"about":[{"href":"https:\/\/www.radiopiu.net\/wordpress\/wp-json\/wp\/v2\/types\/post"}],"author":[{"embeddable":true,"href":"https:\/\/www.radiopiu.net\/wordpress\/wp-json\/wp\/v2\/users\/4"}],"replies":[{"embeddable":true,"href":"https:\/\/www.radiopiu.net\/wordpress\/wp-json\/wp\/v2\/comments?post=187696"}],"version-history":[{"count":0,"href":"https:\/\/www.radiopiu.net\/wordpress\/wp-json\/wp\/v2\/posts\/187696\/revisions"}],"wp:featuredmedia":[{"embeddable":true,"href":"https:\/\/www.radiopiu.net\/wordpress\/wp-json\/wp\/v2\/media\/160674"}],"wp:attachment":[{"href":"https:\/\/www.radiopiu.net\/wordpress\/wp-json\/wp\/v2\/media?parent=187696"}],"wp:term":[{"taxonomy":"category","embeddable":true,"href":"https:\/\/www.radiopiu.net\/wordpress\/wp-json\/wp\/v2\/categories?post=187696"},{"taxonomy":"post_tag","embeddable":true,"href":"https:\/\/www.radiopiu.net\/wordpress\/wp-json\/wp\/v2\/tags?post=187696"}],"curies":[{"name":"wp","href":"https:\/\/api.w.org\/{rel}","templated":true}]}}