{"id":187708,"date":"2021-01-29T15:18:25","date_gmt":"2021-01-29T14:18:25","guid":{"rendered":"https:\/\/www.radiopiu.net\/wordpress\/?p=187708"},"modified":"2021-01-29T15:34:50","modified_gmt":"2021-01-29T14:34:50","slug":"anziani-da-coccolare-non-da-abbandonare-in-strutture-inadeguate","status":"publish","type":"post","link":"https:\/\/www.radiopiu.net\/wordpress\/anziani-da-coccolare-non-da-abbandonare-in-strutture-inadeguate\/","title":{"rendered":"ANZIANI DA COCCOLARE NON DA ABBANDONARE IN STRUTTURE INADEGUATE"},"content":{"rendered":"<p><strong>AGORDO<\/strong>\u00a0 Come prevedibile l&#8217;iniziativa di\u00a0 &#8220;Agordo Cambia&#8221; di proporre la cittadella per l&#8217;anziano apre un interessante dibattito.<strong> Fabio Luchetta<\/strong>, sindaco di Vallada e consigliere provinciale butta l\u00ec la sua ricetta<em> &#8220;Gli anziani vanno tenuti il pi\u00f9 possibile nelle loro case, semmai costruire dei piccoli appartamenti con caratteristiche particolari che si potrebbe dare ai casi pi\u00f9 complessi. Adottare la telemedicina con le nuove tecnologie, cam per controllarli nelle loro abitazioni con un servizio domiciliare ottimale. Ci sono tante soluzioni ma non di certo altre case di riposo&#8221;.<\/em> <strong>Dario Ganz<\/strong> di Agordo, fondatore della pagina Dolomitici su Facebook sempre molto attento alle tematiche locali ci ha scritto:<\/p>\n<blockquote><p><em><a href=\"https:\/\/www.radiopiu.net\/wordpress\/?attachment_id=187728\" rel=\"attachment wp-att-187728\"><img loading=\"lazy\" decoding=\"async\" class=\" wp-image-187728 alignleft\" src=\"https:\/\/www.radiopiu.net\/wordpress\/wp-content\/uploads\/2021\/01\/WhatsApp-Image-2021-01-29-at-13.04.58-200x300.jpeg\" alt=\"\" width=\"167\" height=\"251\" srcset=\"https:\/\/www.radiopiu.net\/wordpress\/wp-content\/uploads\/2021\/01\/WhatsApp-Image-2021-01-29-at-13.04.58-200x300.jpeg 200w, https:\/\/www.radiopiu.net\/wordpress\/wp-content\/uploads\/2021\/01\/WhatsApp-Image-2021-01-29-at-13.04.58-682x1024.jpeg 682w, https:\/\/www.radiopiu.net\/wordpress\/wp-content\/uploads\/2021\/01\/WhatsApp-Image-2021-01-29-at-13.04.58-768x1153.jpeg 768w, https:\/\/www.radiopiu.net\/wordpress\/wp-content\/uploads\/2021\/01\/WhatsApp-Image-2021-01-29-at-13.04.58-1023x1536.jpeg 1023w, https:\/\/www.radiopiu.net\/wordpress\/wp-content\/uploads\/2021\/01\/WhatsApp-Image-2021-01-29-at-13.04.58.jpeg 1066w\" sizes=\"auto, (max-width: 167px) 100vw, 167px\" \/><\/a>Se posso aggiungere un piccolo contributo d&#8217;archivio vi racconto che nel 2010 con il Forum per l&#8217;Architettura della Provincia di Belluno\u00a0 <span style=\"color: #0000ff;\"><a style=\"color: #0000ff;\" href=\"https:\/\/www.archforumbelluno.it\">CLICCA QUI<\/a> <\/span>\u00a0partecipai ad un bellissimo stage in Carinzia. Non \u00e8 per dire che l&#8217;erba del vicino \u00e8 sempre pi\u00f9 verde ma proprio a Steifeld visitammo una meravigliosa residenza per anziani che profumava di legno. I collaboratori della Casa di Cura e di riposo di Steinfeld ( progettata dell&#8217;architetto Dietger Wissouning nel 2003 ) vestivano con abiti normali proprio per dare un&#8217;idea di tranquillit\u00e0, forse calzavano qualcosa di sicurezza.\u00a0 I letti degli ospiti\u00a0 posizionati in modo da vedere bene dal letto le montagne,\u00a0 non per rendere efficiente la planimetria,\u00a0 nel giardino un bio laghetto. \u00a0Vorrei poter coccolare cos\u00ec i miei anziani. <\/em><em>Sono loro che ci hanno cresciuti ed \u00e8 giusto poter garantire loro bellezza e gentilezza anche negli ultimi anni della vita.\u00a0<\/em><\/p><\/blockquote>\n<p>ALBUM FOTO CARINZIA <strong><span style=\"color: #0000ff;\"><a style=\"color: #0000ff;\" href=\"https:\/\/www.flickr.com\/photos\/archforumbelluno\/albums\/72157669878728125\">CLICCA QUI\u00a0<\/a><\/span><\/strong><\/p>\n<a href=\"https:\/\/www.radiopiu.net\/wordpress\/wp-content\/uploads\/2021\/01\/Carinzia-2.pdf\" class=\"pdfemb-viewer\" style=\"\" data-width=\"max\" data-height=\"max\" data-toolbar=\"top\" data-toolbar-fixed=\"on\">Carinzia 2<\/a>\n<blockquote>\n<h2>ARTICOLO PRECEDENTE<\/h2>\n<\/blockquote>\n<blockquote class=\"wp-embedded-content\" data-secret=\"p5YxkAX2ne\"><p><a href=\"https:\/\/www.radiopiu.net\/wordpress\/due-due\/\">CITTADELLA DELL&#8217;ANZIANO AD AGORDO, SFORZO COLLETTIVO NON UTOPIA<\/a><\/p><\/blockquote>\n<p><iframe loading=\"lazy\" class=\"wp-embedded-content\" sandbox=\"allow-scripts\" security=\"restricted\" style=\"position: absolute; clip: rect(1px, 1px, 1px, 1px);\" title=\"&#8220;CITTADELLA DELL&#8217;ANZIANO AD AGORDO, SFORZO COLLETTIVO NON UTOPIA&#8221; &#8212; Radio Pi\u00f9\" src=\"https:\/\/www.radiopiu.net\/wordpress\/due-due\/embed\/#?secret=p5YxkAX2ne\" data-secret=\"p5YxkAX2ne\" width=\"600\" height=\"338\" frameborder=\"0\" marginwidth=\"0\" marginheight=\"0\" scrolling=\"no\"><\/iframe><\/p>\n","protected":false},"excerpt":{"rendered":"<p>AGORDO\u00a0 Come prevedibile l&#8217;iniziativa di\u00a0 &#8220;Agordo Cambia&#8221; di proporre la cittadella per l&#8217;anziano apre un interessante dibattito. Fabio Luchetta, sindaco di Vallada e consigliere provinciale butta l\u00ec la sua ricetta &#8220;Gli anziani vanno tenuti il pi\u00f9 possibile nelle loro case, semmai costruire dei piccoli appartamenti con caratteristiche particolari che si potrebbe dare ai casi pi\u00f9&hellip;<\/p>\n","protected":false},"author":4,"featured_media":187730,"comment_status":"closed","ping_status":"closed","sticky":false,"template":"","format":"standard","meta":{"_monsterinsights_skip_tracking":false,"_monsterinsights_sitenote_active":false,"_monsterinsights_sitenote_note":"","_monsterinsights_sitenote_category":0,"footnotes":""},"categories":[51,49],"tags":[],"class_list":["post-187708","post","type-post","status-publish","format-standard","has-post-thumbnail","hentry","category-evidenza-top","category-news-18","category-51","category-49","description-off"],"img_url":"https:\/\/www.radiopiu.net\/wordpress\/wp-content\/uploads\/2021\/01\/30cee3de-64dc-498f-80d6-f6ca84aa46d9.jpg","_links":{"self":[{"href":"https:\/\/www.radiopiu.net\/wordpress\/wp-json\/wp\/v2\/posts\/187708","targetHints":{"allow":["GET"]}}],"collection":[{"href":"https:\/\/www.radiopiu.net\/wordpress\/wp-json\/wp\/v2\/posts"}],"about":[{"href":"https:\/\/www.radiopiu.net\/wordpress\/wp-json\/wp\/v2\/types\/post"}],"author":[{"embeddable":true,"href":"https:\/\/www.radiopiu.net\/wordpress\/wp-json\/wp\/v2\/users\/4"}],"replies":[{"embeddable":true,"href":"https:\/\/www.radiopiu.net\/wordpress\/wp-json\/wp\/v2\/comments?post=187708"}],"version-history":[{"count":0,"href":"https:\/\/www.radiopiu.net\/wordpress\/wp-json\/wp\/v2\/posts\/187708\/revisions"}],"wp:featuredmedia":[{"embeddable":true,"href":"https:\/\/www.radiopiu.net\/wordpress\/wp-json\/wp\/v2\/media\/187730"}],"wp:attachment":[{"href":"https:\/\/www.radiopiu.net\/wordpress\/wp-json\/wp\/v2\/media?parent=187708"}],"wp:term":[{"taxonomy":"category","embeddable":true,"href":"https:\/\/www.radiopiu.net\/wordpress\/wp-json\/wp\/v2\/categories?post=187708"},{"taxonomy":"post_tag","embeddable":true,"href":"https:\/\/www.radiopiu.net\/wordpress\/wp-json\/wp\/v2\/tags?post=187708"}],"curies":[{"name":"wp","href":"https:\/\/api.w.org\/{rel}","templated":true}]}}