{"id":187740,"date":"2021-01-29T15:18:04","date_gmt":"2021-01-29T14:18:04","guid":{"rendered":"https:\/\/www.radiopiu.net\/wordpress\/?p=187740"},"modified":"2021-01-29T15:18:04","modified_gmt":"2021-01-29T14:18:04","slug":"ripresa-attivita-ambulatoriali-il-cup-chiamera-gli-utenti-per-il-recupero-delle-prestazioni-sospese","status":"publish","type":"post","link":"https:\/\/www.radiopiu.net\/wordpress\/ripresa-attivita-ambulatoriali-il-cup-chiamera-gli-utenti-per-il-recupero-delle-prestazioni-sospese\/","title":{"rendered":"RIPRESA ATTIVIT\u00c0 AMBULATORIALI: IL CUP CHIAMER\u00c0 GLI UTENTI PER IL RECUPERO DELLE PRESTAZIONI SOSPESE"},"content":{"rendered":"<p><strong><a href=\"https:\/\/www.radiopiu.net\/wordpress\/aggiornamenti-organizzativi-ulss-1-dolomiti-del-9-marzo-2020-la-situazione-dei-servizi-rimane-invariata\/ulss-1-dolomiti-logo\/\" rel=\"attachment wp-att-121256\"><img loading=\"lazy\" decoding=\"async\" class=\"size-full wp-image-121256 alignleft\" src=\"https:\/\/www.radiopiu.net\/wordpress\/wp-content\/uploads\/2020\/03\/ULSS-1-DOLOMITI-LOGO.jpg\" alt=\"\" width=\"298\" height=\"219\" \/><\/a>BELLUNO <\/strong>Sar\u00e0 il CUP (Centro Unico Prenotazioni) a contattare gli utenti per fissare un nuovo appuntamento per le prestazioni ambulatoriali (visite ed esami) sospese dal 6 novembre. Da luned\u00ec 1 febbraio 2021, infatti, in considerazione del quadro epidemiologico, ripartono, con gradualit\u00e0, le attivit\u00e0 sanitarie rimodulate in seguito alla seconda ondata all\u2019emergenza COVID. In particolare, riprende parte dell\u2019attivit\u00e0 di specialistica ambulatoriale per tutte le classi di priorit\u00e0 e l\u2019attivit\u00e0 di libera professione intramoenia. In queste ore, il CUP e le direzioni mediche stanno organizzando le agende concordando con i medici gli orari dei numerosi ambulatori per il recupero delle migliaia di prestazioni sospese che potr\u00e0 avvenire anche di sera o nei festivi, nelle prossime settimane. Si ricorda, peraltro, che, seppur diminuito, \u00e8 ancora significativo il numero di ricoveri di pazienti covid positivi negli ospedali dell\u2019ulss Dolomiti (alle ore 10.00 di questa mattina 7 pazienti in terapia intensiva e 64 in area non critica). I cittadini che hanno gi\u00e0 una prestazione in \u201cgalleggiamento\u201d (sono cio\u00e8 in attesa di un appuntamento dal CUP) o avevano gi\u00e0 un appuntamento che \u00e8 stato sospeso, saranno ricontattati direttamente dagli operatori del CUP per una nuova data. Si invitano i cittadini ad attendere la chiamata e a contattare il call center CUP solo per \u201cnuove\u201d prestazioni non ancora prenotate. Si ricorda, infine, che \u00e8 possibile fissare un appuntamento telefonico col CUP via mail dal sito <a href=\"http:\/\/www.aulss1.veneto.it\">www.aulss1.veneto.it<\/a> e scegliere l\u2019orario in cui essere richiamati.<\/p>\n","protected":false},"excerpt":{"rendered":"<p>BELLUNO Sar\u00e0 il CUP (Centro Unico Prenotazioni) a contattare gli utenti per fissare un nuovo appuntamento per le prestazioni ambulatoriali (visite ed esami) sospese dal 6 novembre. Da luned\u00ec 1 febbraio 2021, infatti, in considerazione del quadro epidemiologico, ripartono, con gradualit\u00e0, le attivit\u00e0 sanitarie rimodulate in seguito alla seconda ondata all\u2019emergenza COVID. In particolare, riprende&hellip;<\/p>\n","protected":false},"author":4,"featured_media":121256,"comment_status":"closed","ping_status":"closed","sticky":false,"template":"","format":"standard","meta":{"_monsterinsights_skip_tracking":false,"_monsterinsights_sitenote_active":false,"_monsterinsights_sitenote_note":"","_monsterinsights_sitenote_category":0,"footnotes":""},"categories":[49],"tags":[],"class_list":["post-187740","post","type-post","status-publish","format-standard","has-post-thumbnail","hentry","category-news-18","category-49","description-off"],"img_url":"https:\/\/www.radiopiu.net\/wordpress\/wp-content\/uploads\/2020\/03\/ULSS-1-DOLOMITI-LOGO.jpg","_links":{"self":[{"href":"https:\/\/www.radiopiu.net\/wordpress\/wp-json\/wp\/v2\/posts\/187740","targetHints":{"allow":["GET"]}}],"collection":[{"href":"https:\/\/www.radiopiu.net\/wordpress\/wp-json\/wp\/v2\/posts"}],"about":[{"href":"https:\/\/www.radiopiu.net\/wordpress\/wp-json\/wp\/v2\/types\/post"}],"author":[{"embeddable":true,"href":"https:\/\/www.radiopiu.net\/wordpress\/wp-json\/wp\/v2\/users\/4"}],"replies":[{"embeddable":true,"href":"https:\/\/www.radiopiu.net\/wordpress\/wp-json\/wp\/v2\/comments?post=187740"}],"version-history":[{"count":0,"href":"https:\/\/www.radiopiu.net\/wordpress\/wp-json\/wp\/v2\/posts\/187740\/revisions"}],"wp:featuredmedia":[{"embeddable":true,"href":"https:\/\/www.radiopiu.net\/wordpress\/wp-json\/wp\/v2\/media\/121256"}],"wp:attachment":[{"href":"https:\/\/www.radiopiu.net\/wordpress\/wp-json\/wp\/v2\/media?parent=187740"}],"wp:term":[{"taxonomy":"category","embeddable":true,"href":"https:\/\/www.radiopiu.net\/wordpress\/wp-json\/wp\/v2\/categories?post=187740"},{"taxonomy":"post_tag","embeddable":true,"href":"https:\/\/www.radiopiu.net\/wordpress\/wp-json\/wp\/v2\/tags?post=187740"}],"curies":[{"name":"wp","href":"https:\/\/api.w.org\/{rel}","templated":true}]}}