{"id":187748,"date":"2021-01-29T15:23:15","date_gmt":"2021-01-29T14:23:15","guid":{"rendered":"https:\/\/www.radiopiu.net\/wordpress\/?p=187748"},"modified":"2021-01-29T15:23:15","modified_gmt":"2021-01-29T14:23:15","slug":"piscina-riaperta-per-gli-atleti-agonisti-segnale-di-attenzione-ai-giovani","status":"publish","type":"post","link":"https:\/\/www.radiopiu.net\/wordpress\/piscina-riaperta-per-gli-atleti-agonisti-segnale-di-attenzione-ai-giovani\/","title":{"rendered":"PISCINA RIAPERTA PER GLI ATLETI AGONISTI. \u00abSEGNALE DI ATTENZIONE AI GIOVANI\u00bb"},"content":{"rendered":"<p><strong><a href=\"https:\/\/www.radiopiu.net\/wordpress\/attivamente-agordino-fa-bottino-pieno-alla-prima-giornata-del-circuito-propaganda\/nuoto-2\/\" rel=\"attachment wp-att-108447\"><img loading=\"lazy\" decoding=\"async\" class=\"size-medium wp-image-108447 alignleft\" src=\"https:\/\/www.radiopiu.net\/wordpress\/wp-content\/uploads\/2019\/12\/NUOTO-300x230.jpeg\" alt=\"\" width=\"300\" height=\"230\" srcset=\"https:\/\/www.radiopiu.net\/wordpress\/wp-content\/uploads\/2019\/12\/NUOTO-300x230.jpeg 300w, https:\/\/www.radiopiu.net\/wordpress\/wp-content\/uploads\/2019\/12\/NUOTO.jpeg 766w\" sizes=\"auto, (max-width: 300px) 100vw, 300px\" \/><\/a>BELLUNO <\/strong>Riaprir\u00e0 nei prossimi giorni per gli atleti agonisti della Sportivamente Belluno la piscina comunale: questo quanto deciso dall&#8217;amministrazione, a seguito degli incontri avuti con i genitori degli atleti e con la stessa societ\u00e0. L&#8217;ultimo incontro, quello necessario a definire gli ultimi dettagli, pochi giorni fa tra l&#8217;amministratore unico di Sportivamente Belluno Fabio Gasperin e gli assessori Francesca De Biasi (societ\u00e0 partecipate), Lucia Olivotto (bilancio) e Marco Bogo (sport). \u00ab<em>In questo momento in cui la politica nazionale pare essersi dimenticata dello sport, basti vedere il \u201csalvataggio\u201d olimpico all&#8217;ultimo minuto di pochi giorni fa, anche le societ\u00e0 sportive fanno fatica a pensare alla riapertura e alla ripresa delle attivit\u00e0<\/em>\u00bb, sottolinea Bogo.\u00a0 L&#8217;amministrazione ha quindi deciso di dare un segnale ai giovani, alle famiglie e al mondo sportivo, riaprendo le vasche della piscina di Lambioi: \u00ab<em>La riapertura avverr\u00e0 tra la met\u00e0 della prossima settimana e l&#8217;inizio di quella successiva. &#8211; annuncia Bogo, che ha anche la delega agli impianti sportivi \u2013 Servono infatti pochi giorni per riattivare alcuni impianti, dopodich\u00e9 la struttura sar\u00e0 operativa<\/em>\u00bb. Potranno cos\u00ec tornare a nuotare nelle acque di casa, ovviamente applicando tutti i protocolli previsti dalle normative, gli oltre 200 atleti tesserati per la Sportivamente Belluno, che durante questo periodo di chiusura come tutti gli altri atleti bellunesi hanno dovuto raggiungere altre realt\u00e0 regionali per continuare i propri allenamenti.\u00a0 Un importante segnale sportivo e sociale, che non comporter\u00e0 ritocchi alla tariffa per gli atleti di casa nonostante i costi che la riattivazione comporter\u00e0: la volont\u00e0 ora \u00e8 quella, nello spirito di una citt\u00e0 capoluogo, di aprire la vasche di Lambioi anche alle altre societ\u00e0 bellunesi di nuoto, riducendo cos\u00ec spostamenti e disagi per gli atleti e le loro famiglie.<\/p>\n","protected":false},"excerpt":{"rendered":"<p>BELLUNO Riaprir\u00e0 nei prossimi giorni per gli atleti agonisti della Sportivamente Belluno la piscina comunale: questo quanto deciso dall&#8217;amministrazione, a seguito degli incontri avuti con i genitori degli atleti e con la stessa societ\u00e0. L&#8217;ultimo incontro, quello necessario a definire gli ultimi dettagli, pochi giorni fa tra l&#8217;amministratore unico di Sportivamente Belluno Fabio Gasperin e&hellip;<\/p>\n","protected":false},"author":4,"featured_media":108447,"comment_status":"closed","ping_status":"closed","sticky":false,"template":"","format":"standard","meta":{"_monsterinsights_skip_tracking":false,"_monsterinsights_sitenote_active":false,"_monsterinsights_sitenote_note":"","_monsterinsights_sitenote_category":0,"footnotes":""},"categories":[49],"tags":[],"class_list":["post-187748","post","type-post","status-publish","format-standard","has-post-thumbnail","hentry","category-news-18","category-49","description-off"],"img_url":"https:\/\/www.radiopiu.net\/wordpress\/wp-content\/uploads\/2019\/12\/NUOTO.jpeg","_links":{"self":[{"href":"https:\/\/www.radiopiu.net\/wordpress\/wp-json\/wp\/v2\/posts\/187748","targetHints":{"allow":["GET"]}}],"collection":[{"href":"https:\/\/www.radiopiu.net\/wordpress\/wp-json\/wp\/v2\/posts"}],"about":[{"href":"https:\/\/www.radiopiu.net\/wordpress\/wp-json\/wp\/v2\/types\/post"}],"author":[{"embeddable":true,"href":"https:\/\/www.radiopiu.net\/wordpress\/wp-json\/wp\/v2\/users\/4"}],"replies":[{"embeddable":true,"href":"https:\/\/www.radiopiu.net\/wordpress\/wp-json\/wp\/v2\/comments?post=187748"}],"version-history":[{"count":0,"href":"https:\/\/www.radiopiu.net\/wordpress\/wp-json\/wp\/v2\/posts\/187748\/revisions"}],"wp:featuredmedia":[{"embeddable":true,"href":"https:\/\/www.radiopiu.net\/wordpress\/wp-json\/wp\/v2\/media\/108447"}],"wp:attachment":[{"href":"https:\/\/www.radiopiu.net\/wordpress\/wp-json\/wp\/v2\/media?parent=187748"}],"wp:term":[{"taxonomy":"category","embeddable":true,"href":"https:\/\/www.radiopiu.net\/wordpress\/wp-json\/wp\/v2\/categories?post=187748"},{"taxonomy":"post_tag","embeddable":true,"href":"https:\/\/www.radiopiu.net\/wordpress\/wp-json\/wp\/v2\/tags?post=187748"}],"curies":[{"name":"wp","href":"https:\/\/api.w.org\/{rel}","templated":true}]}}