{"id":187758,"date":"2021-01-30T05:59:44","date_gmt":"2021-01-30T04:59:44","guid":{"rendered":"https:\/\/www.radiopiu.net\/wordpress\/?p=187758"},"modified":"2021-01-30T06:10:40","modified_gmt":"2021-01-30T05:10:40","slug":"diventa-giallo","status":"publish","type":"post","link":"https:\/\/www.radiopiu.net\/wordpress\/diventa-giallo\/","title":{"rendered":"IL VENETO CAMBIA COLORE E DIVENTA GIALLO"},"content":{"rendered":"<p><img loading=\"lazy\" decoding=\"async\" class=\"alignleft\" src=\"https:\/\/www.radiopiu.net\/wordpress\/wp-content\/uploads\/2021\/01\/31f8ygfdazL._AC_SX425_-300x300.jpg\" width=\"164\" height=\"164\" \/><\/p>\n<p class=\"p1\"><em><strong>Il ministero della Salute precisa che le nuove fasce scatteranno luned\u00ec. (fonte @CoronavirusNewsIta &#8211; Telegram)<\/strong><\/em><\/p>\n<p>Da Luned\u00ec scatta la zona gialla da Rt inferiore a 1 (ieri il Veneto era a 0,62) ecco cosa cambia: No agli spostamenti tra Regioni, permessi dunque all\u2019interno della stessa Regione. Riaprono Bar e Ristoranti, chiusura alle 18, per i bar divieto di asporto dopo le 18. Chiusi cinema, teatri, palestre, piscine e impianti da sci. Una volta al giorno ma tra le 5 e le 22 sono permesse le visite, massimo 2 persone, minori di 14 anni esclusi. Riapertura dei musei nei giorni feriali. Resta il coprifuoco dalle 22 alle 5. Centri commerciali chiusi nei fine settimana. Da lunedi (ma al di l\u00e0 della colorazione) riprende la scuola in presenza per i ragazzi delle superiori, massimo al 50%, tutti in aula gli studenti pi\u00f9 giovani. Nelle aule previsto il controllo degli studenti con test a campione, lo ha comunicato ieri il Presidente Luca Zaia. <em>\u201cDobbiamo capire \u2013 ha detto \u2013 \u00a0come circola il virus e le eventuali varianti. Sono aspetti fondamentali per evitare ricadute in futuro, ci sono ancora 10mila ragazzi in quarantena\u201d<\/em><\/p>\n<p>&nbsp;<\/p>\n<h3>Dichiarazione Presidente Zaia<\/h3>\n<p>\u201c<em>Ho avuto questo pomeriggio una conversazione col ministro Speranza che mi ha confermato che il Veneto diventer\u00e0 zona gialla. Ma, come ho sempre detto, le zone non sono un gioco a premi dove si vince o si perde. Dobbiamo prendere atto che siamo ancora nel pieno della pandemia, ed \u00e8 fuori luogo pensare che sia finita. Non \u00e8 catastrofismo, ma la presa d\u2019atto di quello che accade, non solo in Italia, ma in tutta Europa. Il ritorno in area gialla va vissuto da ognuno di noi con responsabilit\u00e0, evitando gli assembramenti, indossando in modo maniacale la mascherina e igienizzando con grande frequenza le mani, perch\u00e9 in un battibaleno lo scenario potrebbe cambiare in arancio o in rosso, e quindi portare a nuove chiusure\u201d. \u201cNon guardiamo solo a noi, ma anche all\u2019Europa \u2013 aggiunge Zaia &#8211; dove la Germania \u00e8 in lockdown duro ma fatica a uscirne, la Francia ha annunciato nuove dure restrizioni, come l\u2019Inghilterra che ha superato i centomila morti, la Spagna sta ricominciando a crescere. Questo per capire che il rischio di considerarsi un\u2019isola felice va assolutamente evitato\u201d. \u201cNell\u2019auspicio che ci\u00f2 non accada \u2013 prosegue Zaia \u2013 la Sanit\u00e0 del Veneto ci mette e ci metter\u00e0 tutto l\u2019impegno umanamente e strutturalmente possibile. Con la prevenzione, i controlli, il contact tracing e il monitoraggio di tutto quanto accade nella comunit\u00e0 per essere tempestivi nel monitorare e nell\u2019intervenire, con il lavoro strenuo di tutti i sanitari in tutti gli ospedali\u201d. \u201cAnche se la vita potr\u00e0 sembrare riavvicinarsi alla normalit\u00e0 come movimentazione complessiva \u2013 conclude Zaia \u2013 la vera sfida si dovr\u00e0 combattere ancora, perch\u00e9 se le cose peggiorano, gli ospedali rischiano il collasso, e se vanno in collasso gli ospedali non potranno pi\u00f9 essere garantite le migliori cure ai malati covid ma anche a tutti i portatori di altre patologie. Evitarlo \u00e8 la sfida che tutti noi dobbiamo contribuire a vincere. Perderla si tradurrebbe in malattia per le singole persone e nel collasso per gli ospedali\u201d.<\/em><\/p>\n","protected":false},"excerpt":{"rendered":"<p>Il ministero della Salute precisa che le nuove fasce scatteranno luned\u00ec. (fonte @CoronavirusNewsIta &#8211; Telegram) Da Luned\u00ec scatta la zona gialla da Rt inferiore a 1 (ieri il Veneto era a 0,62) ecco cosa cambia: No agli spostamenti tra Regioni, permessi dunque all\u2019interno della stessa Regione. Riaprono Bar e Ristoranti, chiusura alle 18, per i&hellip;<\/p>\n","protected":false},"author":4,"featured_media":187529,"comment_status":"closed","ping_status":"closed","sticky":false,"template":"","format":"standard","meta":{"_monsterinsights_skip_tracking":false,"_monsterinsights_sitenote_active":false,"_monsterinsights_sitenote_note":"","_monsterinsights_sitenote_category":0,"footnotes":""},"categories":[51,49],"tags":[],"class_list":["post-187758","post","type-post","status-publish","format-standard","has-post-thumbnail","hentry","category-evidenza-top","category-news-18","category-51","category-49","description-off"],"img_url":"https:\/\/www.radiopiu.net\/wordpress\/wp-content\/uploads\/2021\/01\/31f8ygfdazL._AC_SX425_.jpg","_links":{"self":[{"href":"https:\/\/www.radiopiu.net\/wordpress\/wp-json\/wp\/v2\/posts\/187758","targetHints":{"allow":["GET"]}}],"collection":[{"href":"https:\/\/www.radiopiu.net\/wordpress\/wp-json\/wp\/v2\/posts"}],"about":[{"href":"https:\/\/www.radiopiu.net\/wordpress\/wp-json\/wp\/v2\/types\/post"}],"author":[{"embeddable":true,"href":"https:\/\/www.radiopiu.net\/wordpress\/wp-json\/wp\/v2\/users\/4"}],"replies":[{"embeddable":true,"href":"https:\/\/www.radiopiu.net\/wordpress\/wp-json\/wp\/v2\/comments?post=187758"}],"version-history":[{"count":0,"href":"https:\/\/www.radiopiu.net\/wordpress\/wp-json\/wp\/v2\/posts\/187758\/revisions"}],"wp:featuredmedia":[{"embeddable":true,"href":"https:\/\/www.radiopiu.net\/wordpress\/wp-json\/wp\/v2\/media\/187529"}],"wp:attachment":[{"href":"https:\/\/www.radiopiu.net\/wordpress\/wp-json\/wp\/v2\/media?parent=187758"}],"wp:term":[{"taxonomy":"category","embeddable":true,"href":"https:\/\/www.radiopiu.net\/wordpress\/wp-json\/wp\/v2\/categories?post=187758"},{"taxonomy":"post_tag","embeddable":true,"href":"https:\/\/www.radiopiu.net\/wordpress\/wp-json\/wp\/v2\/tags?post=187758"}],"curies":[{"name":"wp","href":"https:\/\/api.w.org\/{rel}","templated":true}]}}