{"id":187926,"date":"2021-01-30T06:56:15","date_gmt":"2021-01-30T05:56:15","guid":{"rendered":"https:\/\/www.radiopiu.net\/wordpress\/?p=187926"},"modified":"2021-01-30T07:26:50","modified_gmt":"2021-01-30T06:26:50","slug":"dillo-al-comune-di-agordo-da-radio-piu","status":"publish","type":"post","link":"https:\/\/www.radiopiu.net\/wordpress\/dillo-al-comune-di-agordo-da-radio-piu\/","title":{"rendered":"DILLO AL COMUNE DI AGORDO&#8230;. DA RADIO PIU&#8217;"},"content":{"rendered":"<p><strong>di Claudio Fontanive\u00a0<\/strong><\/p>\n<p>Caro sindaco Roberto Chissal\u00e8 e assessore alle attivit\u00e0 produttive Claudio Sito&#8230;<\/p>\n<blockquote><p><em><a href=\"https:\/\/www.radiopiu.net\/wordpress\/giornale-radiopiu-30-gennaio-2021-direttore-mirko-mezzacasa\/download-1105\/\" rel=\"attachment wp-att-187924\"><img loading=\"lazy\" decoding=\"async\" class=\"wp-image-187924 alignleft\" src=\"https:\/\/www.radiopiu.net\/wordpress\/wp-content\/uploads\/2021\/01\/download-38.jpg\" alt=\"\" width=\"118\" height=\"88\" \/><\/a>Permettete questa semplice nota da cittadino e da abitante di piazza Libert\u00e0. Apprezzo davvero la scelta di lasciare le luminarie anche in questo periodo. Stiamo vivendo\u00a0 giorni difficili e vedere delle luci in questa stupenda piazza desolatamente (e ovviamente) vuota, a me personalmente regala un sorriso e una gioia in pi\u00f9. Grazie per questa scelta.\u00a0<\/em><\/p><\/blockquote>\n","protected":false},"excerpt":{"rendered":"<p>di Claudio Fontanive\u00a0 Caro sindaco Roberto Chissal\u00e8 e assessore alle attivit\u00e0 produttive Claudio Sito&#8230; Permettete questa semplice nota da cittadino e da abitante di piazza Libert\u00e0. Apprezzo davvero la scelta di lasciare le luminarie anche in questo periodo. Stiamo vivendo\u00a0 giorni difficili e vedere delle luci in questa stupenda piazza desolatamente (e ovviamente) vuota, a&hellip;<\/p>\n","protected":false},"author":4,"featured_media":187924,"comment_status":"closed","ping_status":"closed","sticky":false,"template":"","format":"standard","meta":{"_monsterinsights_skip_tracking":false,"_monsterinsights_sitenote_active":false,"_monsterinsights_sitenote_note":"","_monsterinsights_sitenote_category":0,"footnotes":""},"categories":[49],"tags":[],"class_list":["post-187926","post","type-post","status-publish","format-standard","has-post-thumbnail","hentry","category-news-18","category-49","description-off"],"img_url":"https:\/\/www.radiopiu.net\/wordpress\/wp-content\/uploads\/2021\/01\/download-38.jpg","_links":{"self":[{"href":"https:\/\/www.radiopiu.net\/wordpress\/wp-json\/wp\/v2\/posts\/187926","targetHints":{"allow":["GET"]}}],"collection":[{"href":"https:\/\/www.radiopiu.net\/wordpress\/wp-json\/wp\/v2\/posts"}],"about":[{"href":"https:\/\/www.radiopiu.net\/wordpress\/wp-json\/wp\/v2\/types\/post"}],"author":[{"embeddable":true,"href":"https:\/\/www.radiopiu.net\/wordpress\/wp-json\/wp\/v2\/users\/4"}],"replies":[{"embeddable":true,"href":"https:\/\/www.radiopiu.net\/wordpress\/wp-json\/wp\/v2\/comments?post=187926"}],"version-history":[{"count":0,"href":"https:\/\/www.radiopiu.net\/wordpress\/wp-json\/wp\/v2\/posts\/187926\/revisions"}],"wp:featuredmedia":[{"embeddable":true,"href":"https:\/\/www.radiopiu.net\/wordpress\/wp-json\/wp\/v2\/media\/187924"}],"wp:attachment":[{"href":"https:\/\/www.radiopiu.net\/wordpress\/wp-json\/wp\/v2\/media?parent=187926"}],"wp:term":[{"taxonomy":"category","embeddable":true,"href":"https:\/\/www.radiopiu.net\/wordpress\/wp-json\/wp\/v2\/categories?post=187926"},{"taxonomy":"post_tag","embeddable":true,"href":"https:\/\/www.radiopiu.net\/wordpress\/wp-json\/wp\/v2\/tags?post=187926"}],"curies":[{"name":"wp","href":"https:\/\/api.w.org\/{rel}","templated":true}]}}