{"id":187968,"date":"2021-01-30T11:28:51","date_gmt":"2021-01-30T10:28:51","guid":{"rendered":"https:\/\/www.radiopiu.net\/wordpress\/?p=187968"},"modified":"2021-01-30T12:57:11","modified_gmt":"2021-01-30T11:57:11","slug":"scossa-di-terremoto-magnitudo-2-8-tra-belluno-e-limana-lepicentro","status":"publish","type":"post","link":"https:\/\/www.radiopiu.net\/wordpress\/scossa-di-terremoto-magnitudo-2-8-tra-belluno-e-limana-lepicentro\/","title":{"rendered":"SCOSSA DI TERREMOTO MAGNITUDO 2.8. TRA BELLUNO E LIMANA L&#8217;EPICENTRO"},"content":{"rendered":"<p><strong>BELLUNO\u00a0<\/strong>La terra ha tremato in provincia di Belluno. Mancavano pochi minuti alle 11, le 10:56 per l&#8217;esattezza, quando una scossa di magnitudo 2.8 ha fatto tremare la terra. L&#8217;epicentro tra Belluno e Limana, pi\u00f9 precisamente tra Sois e Giamosa, con una profondit\u00e0 di 14 km. La scossa \u00e8 stata avvertita dalla popolazione. La scossa \u00e8 stata avvertita dalla popolazione e i commenti stanno riempendo i social. Anche il sindaco di Belluno Jacopo Massaro \u00e8 intervenuto su facebook<\/p>\n<div class=\"kvgmc6g5 cxmmr5t8 oygrvhab hcukyx3x c1et5uql ii04i59q\">\n<blockquote>\n<div dir=\"auto\"><em>Visto che mi state scrivendo in tanti, pubblico la segnalazione di una scossa di terremoto che in tanti abbiamo sentito poco prima delle 11. <\/em><em>Epicentro a 14 km di profondit\u00e0 tra Belluno e Limana, magnitudo 2.8 (scala Richter). Quindi nulla di preoccupante.<\/em><\/div>\n<\/blockquote>\n<div dir=\"auto\"><strong>L&#8217;ASSESSORE GIANPAOLO BOTTACIN<\/strong> &#8220;<em>Anche Ingv ha rivisto la posizione dall&#8217;epicentro e la profondit\u00e0 dell&#8217;ipocentro in linea con i dati che avevamo dato come regione Veneto. Quindi Zona a sud ovest di Belluno e profondit\u00e0 ben maggiore di 1 km. I nostri dati confermano le coordinate epicentrali e magnitudo pari a circa 2.9. La profondit\u00e0 \u00e8 invece rivista a 10 km, quindi in linea con la normale sismicit\u00e0 dell&#8217;area. Non si tratta di evento superficiale (2 km) come inizialmente stimato da INGV&#8221;.<\/em><\/div>\n<\/div>\n<div class=\"o9v6fnle cxmmr5t8 oygrvhab hcukyx3x c1et5uql ii04i59q\">\n<div dir=\"auto\"><\/div>\n<\/div>\n<p><a href=\"https:\/\/www.radiopiu.net\/wordpress\/scossa-di-terremoto-magnitudo-2-8-tra-belluno-e-limana-lepicentro\/ba7d05fb-9b07-4c19-9c50-5fe828488dbe\/\" rel=\"attachment wp-att-187969\"><img loading=\"lazy\" decoding=\"async\" class=\"alignnone wp-image-187969 size-large\" src=\"https:\/\/www.radiopiu.net\/wordpress\/wp-content\/uploads\/2021\/01\/ba7d05fb-9b07-4c19-9c50-5fe828488dbe-709x1024.jpg\" alt=\"\" width=\"709\" height=\"1024\" srcset=\"https:\/\/www.radiopiu.net\/wordpress\/wp-content\/uploads\/2021\/01\/ba7d05fb-9b07-4c19-9c50-5fe828488dbe-709x1024.jpg 709w, https:\/\/www.radiopiu.net\/wordpress\/wp-content\/uploads\/2021\/01\/ba7d05fb-9b07-4c19-9c50-5fe828488dbe-208x300.jpg 208w, https:\/\/www.radiopiu.net\/wordpress\/wp-content\/uploads\/2021\/01\/ba7d05fb-9b07-4c19-9c50-5fe828488dbe-768x1109.jpg 768w, https:\/\/www.radiopiu.net\/wordpress\/wp-content\/uploads\/2021\/01\/ba7d05fb-9b07-4c19-9c50-5fe828488dbe-1064x1536.jpg 1064w, https:\/\/www.radiopiu.net\/wordpress\/wp-content\/uploads\/2021\/01\/ba7d05fb-9b07-4c19-9c50-5fe828488dbe.jpg 1080w\" sizes=\"auto, (max-width: 709px) 100vw, 709px\" \/><\/a><\/p>\n","protected":false},"excerpt":{"rendered":"<p>BELLUNO\u00a0La terra ha tremato in provincia di Belluno. Mancavano pochi minuti alle 11, le 10:56 per l&#8217;esattezza, quando una scossa di magnitudo 2.8 ha fatto tremare la terra. L&#8217;epicentro tra Belluno e Limana, pi\u00f9 precisamente tra Sois e Giamosa, con una profondit\u00e0 di 14 km. La scossa \u00e8 stata avvertita dalla popolazione. La scossa \u00e8&hellip;<\/p>\n","protected":false},"author":4,"featured_media":124960,"comment_status":"closed","ping_status":"closed","sticky":false,"template":"","format":"standard","meta":{"_monsterinsights_skip_tracking":false,"_monsterinsights_sitenote_active":false,"_monsterinsights_sitenote_note":"","_monsterinsights_sitenote_category":0,"footnotes":""},"categories":[51,49],"tags":[],"class_list":["post-187968","post","type-post","status-publish","format-standard","has-post-thumbnail","hentry","category-evidenza-top","category-news-18","category-51","category-49","description-off"],"img_url":"https:\/\/www.radiopiu.net\/wordpress\/wp-content\/uploads\/2020\/03\/download-44.jpg","_links":{"self":[{"href":"https:\/\/www.radiopiu.net\/wordpress\/wp-json\/wp\/v2\/posts\/187968","targetHints":{"allow":["GET"]}}],"collection":[{"href":"https:\/\/www.radiopiu.net\/wordpress\/wp-json\/wp\/v2\/posts"}],"about":[{"href":"https:\/\/www.radiopiu.net\/wordpress\/wp-json\/wp\/v2\/types\/post"}],"author":[{"embeddable":true,"href":"https:\/\/www.radiopiu.net\/wordpress\/wp-json\/wp\/v2\/users\/4"}],"replies":[{"embeddable":true,"href":"https:\/\/www.radiopiu.net\/wordpress\/wp-json\/wp\/v2\/comments?post=187968"}],"version-history":[{"count":0,"href":"https:\/\/www.radiopiu.net\/wordpress\/wp-json\/wp\/v2\/posts\/187968\/revisions"}],"wp:featuredmedia":[{"embeddable":true,"href":"https:\/\/www.radiopiu.net\/wordpress\/wp-json\/wp\/v2\/media\/124960"}],"wp:attachment":[{"href":"https:\/\/www.radiopiu.net\/wordpress\/wp-json\/wp\/v2\/media?parent=187968"}],"wp:term":[{"taxonomy":"category","embeddable":true,"href":"https:\/\/www.radiopiu.net\/wordpress\/wp-json\/wp\/v2\/categories?post=187968"},{"taxonomy":"post_tag","embeddable":true,"href":"https:\/\/www.radiopiu.net\/wordpress\/wp-json\/wp\/v2\/tags?post=187968"}],"curies":[{"name":"wp","href":"https:\/\/api.w.org\/{rel}","templated":true}]}}