{"id":188049,"date":"2021-02-01T05:52:24","date_gmt":"2021-02-01T04:52:24","guid":{"rendered":"https:\/\/www.radiopiu.net\/wordpress\/?p=188049"},"modified":"2021-02-01T09:21:22","modified_gmt":"2021-02-01T08:21:22","slug":"giornale-radiopiu-01-febbraio-2021-direttore-mirko-mezzacasa","status":"publish","type":"post","link":"https:\/\/www.radiopiu.net\/wordpress\/giornale-radiopiu-01-febbraio-2021-direttore-mirko-mezzacasa\/","title":{"rendered":"GIORNALE RADIOPIU 01 FEBBRAIO 2021 DIRETTORE MIRKO MEZZACASA"},"content":{"rendered":"<h3><a href=\"https:\/\/www.radiopiu.net\/wordpress\/giornale-radiopiu-24-gennaio-2021-direttore-mirko-mezzacasa\/141433770_171616291414874_2957460898102012198_n\/\" rel=\"attachment wp-att-186566\"><img loading=\"lazy\" decoding=\"async\" class=\"wp-image-186566 alignleft\" src=\"https:\/\/www.radiopiu.net\/wordpress\/wp-content\/uploads\/2021\/01\/141433770_171616291414874_2957460898102012198_n-300x300.jpg\" alt=\"\" width=\"144\" height=\"144\" srcset=\"https:\/\/www.radiopiu.net\/wordpress\/wp-content\/uploads\/2021\/01\/141433770_171616291414874_2957460898102012198_n-300x300.jpg 300w, https:\/\/www.radiopiu.net\/wordpress\/wp-content\/uploads\/2021\/01\/141433770_171616291414874_2957460898102012198_n-150x150.jpg 150w, https:\/\/www.radiopiu.net\/wordpress\/wp-content\/uploads\/2021\/01\/141433770_171616291414874_2957460898102012198_n-768x768.jpg 768w, https:\/\/www.radiopiu.net\/wordpress\/wp-content\/uploads\/2021\/01\/141433770_171616291414874_2957460898102012198_n.jpg 800w\" sizes=\"auto, (max-width: 144px) 100vw, 144px\" \/><\/a>PER<strong> RICEVERE QUESTO NOTIZIARIO DIRETTAMENTE SUL TUO CELLULARE ISCRIVITI AL CANALE TELEGRAM <\/strong><strong>\u201cRADIO PIU\u00a0 INFORMAZIONE&#8221;\u00a0<\/strong><\/h3>\n<h3>SUPERATI I 3000 ISCRITTI, il CANALE TELEGRAM&#8230; UNISCITI A: RADIO PIU INFORMAZIONE<\/h3>\n<p>&nbsp;<\/p>\n<p><em><a href=\"https:\/\/www.radiopiu.net\/wordpress\/giornale-radiopiu-24-gennaio-2021-direttore-mirko-mezzacasa\/79216601_126817312416448_708980208774483089_n\/\" rel=\"attachment wp-att-186567\"><img loading=\"lazy\" decoding=\"async\" class=\"size-medium wp-image-186567 alignright\" src=\"https:\/\/www.radiopiu.net\/wordpress\/wp-content\/uploads\/2021\/01\/79216601_126817312416448_708980208774483089_n-300x114.jpg\" alt=\"\" width=\"300\" height=\"114\" srcset=\"https:\/\/www.radiopiu.net\/wordpress\/wp-content\/uploads\/2021\/01\/79216601_126817312416448_708980208774483089_n-300x114.jpg 300w, https:\/\/www.radiopiu.net\/wordpress\/wp-content\/uploads\/2021\/01\/79216601_126817312416448_708980208774483089_n-768x292.jpg 768w, https:\/\/www.radiopiu.net\/wordpress\/wp-content\/uploads\/2021\/01\/79216601_126817312416448_708980208774483089_n.jpg 820w\" sizes=\"auto, (max-width: 300px) 100vw, 300px\" \/><\/a><span style=\"color: #ff0000;\">ATTENZIONE: LA NUOVA APP PER IOS-IPHONE di Nicola Vettorello <\/span><\/em><a href=\"https:\/\/apps.apple.com\/it\/app\/radio-pi%C3%B9-emittente-agordina\/id1515939845\">https:\/\/apps.apple.com\/it\/app\/radio-pi%C3%B9-emittente-agordina\/id1515939845<\/a> <em style=\"color: #ff0000;\">ATTENZIONE: LA NUOVA APP RADIO\u00a0 PER ANDROID di Nicola Vettorello<\/em><\/p>\n<p><a href=\"https:\/\/play.google.com\/store\/apps\/details?id=net.radiopiu.iniko\" target=\"_blank\" rel=\"noopener noreferrer\">https:\/\/play.google.com\/store\/apps\/details?id=net.radiopiu.iniko<\/a><\/p>\n<p>&nbsp;<\/p>\n<hr \/>\n<p>&nbsp;<\/p>\n<blockquote>\n<h1>RISCHIO VALANGHE, CHIUSO IL GIAU<\/h1>\n<\/blockquote>\n<blockquote class=\"wp-embedded-content\" data-secret=\"qDuXsJbodt\"><p><a href=\"https:\/\/www.radiopiu.net\/wordpress\/bollettino-neve-al-suolo-31-gennaio-2021\/\">BOLLETTINO NEVE AL SUOLO &#8211; 31 GENNAIO 2021<\/a><\/p><\/blockquote>\n<p><iframe loading=\"lazy\" class=\"wp-embedded-content\" sandbox=\"allow-scripts\" security=\"restricted\" style=\"position: absolute; clip: rect(1px, 1px, 1px, 1px);\" title=\"&#8220;BOLLETTINO NEVE AL SUOLO &#8211; 31 GENNAIO 2021&#8221; &#8212; Radio Pi\u00f9\" src=\"https:\/\/www.radiopiu.net\/wordpress\/bollettino-neve-al-suolo-31-gennaio-2021\/embed\/#?secret=qDuXsJbodt\" data-secret=\"qDuXsJbodt\" width=\"600\" height=\"338\" frameborder=\"0\" marginwidth=\"0\" marginheight=\"0\" scrolling=\"no\"><\/iframe><\/p>\n<hr \/>\n<p>&nbsp;<\/p>\n<blockquote>\n<h3><em>Zona gialla, Arcuri a Che Tempo Che Fa: &#8220;Con assembramenti sar\u00e0 solo per 1 o 2 settimane&#8221;<\/em><\/h3>\n<\/blockquote>\n<p><a href=\"https:\/\/www.radiopiu.net\/wordpress\/giornale-radiopiu-01-febbraio-2021-direttore-mirko-mezzacasa\/35240e87-fd2c-4d90-90cb-6654ea47fbe1\/\" rel=\"attachment wp-att-188154\"><img loading=\"lazy\" decoding=\"async\" class=\"alignnone size-medium wp-image-188154\" src=\"https:\/\/www.radiopiu.net\/wordpress\/wp-content\/uploads\/2021\/01\/35240e87-fd2c-4d90-90cb-6654ea47fbe1-300x240.jpg\" alt=\"\" width=\"300\" height=\"240\" srcset=\"https:\/\/www.radiopiu.net\/wordpress\/wp-content\/uploads\/2021\/01\/35240e87-fd2c-4d90-90cb-6654ea47fbe1-300x240.jpg 300w, https:\/\/www.radiopiu.net\/wordpress\/wp-content\/uploads\/2021\/01\/35240e87-fd2c-4d90-90cb-6654ea47fbe1.jpg 320w\" sizes=\"auto, (max-width: 300px) 100vw, 300px\" \/>\u00a0<\/a><\/p>\n<h3><strong><span style=\"color: #ff0000;\">AZZOLINA FLOP<\/span><\/strong><\/h3>\n<blockquote><p><em>Oggi tornano in classe gli studenti delle superiori, presenza al 50% con una nota di richiamo per il Governo, il Ministro dell&#8217;Istruzione e gli esperti della &#8220;seduta&#8221;, perche&#8217; i tristemente famosi banchi con le rotelle fanno male alla schiena e sono finiti tutti in magazzino.\u00a0\u00a0<\/em><\/p><\/blockquote>\n<p><span style=\"color: #ffcc99;\"><strong>GIALLO VENETO<\/strong><\/span><\/p>\n<blockquote><p>Veneto in giallo, riaprono ristoranti e bar, permessi gli spostamenti sul territorio regionale. Coprifuoco dalle 22 alle 5 del mattino.<\/p><\/blockquote>\n<p>&nbsp;<\/p>\n<hr \/>\n<blockquote>\n<h3><\/h3>\n<h3>CHIUSURA A FASCE ORARIE PER LA PROVINCIALE 3 DI VAL IMPERINA<\/h3>\n<\/blockquote>\n<p><strong>GOSALDO<\/strong> Per lavori di messa in sicurezza la provinciale 3 di Val Imperina tra Forcella Franche e Vallasin chiude totalmente\u00a0 (fino al 24 febbraio) con esclusione dei giorni festivi e prefestivi. Sar\u00e0 chiusa dalle 8 alle 12.45; dalle 13.45 alle 15.50 e dalle 16.10 alle 17.45. Nei periodi non interessati dalla chiusura compresi sabato e domenica senso unico alternato regolato da semaforo.<\/p>\n<p>&nbsp;<\/p>\n<hr \/>\n<p>&nbsp;<\/p>\n<blockquote>\n<h3>ACQUA NON POTABILE AD AGORDO E TAIBON<\/h3>\n<\/blockquote>\n<p><strong><a href=\"https:\/\/www.radiopiu.net\/wordpress\/giornale-radiopiu-09-agosto-2018-direttore-mirko-mezzacasa\/acqua\/\" rel=\"attachment wp-att-57052\"><img loading=\"lazy\" decoding=\"async\" class=\" wp-image-57052 alignleft\" src=\"https:\/\/www.radiopiu.net\/wordpress\/wp-content\/uploads\/2018\/08\/ACQUA-300x180.jpeg\" alt=\"\" width=\"199\" height=\"119\" srcset=\"https:\/\/www.radiopiu.net\/wordpress\/wp-content\/uploads\/2018\/08\/ACQUA-300x180.jpeg 300w, https:\/\/www.radiopiu.net\/wordpress\/wp-content\/uploads\/2018\/08\/ACQUA-768x461.jpeg 768w, https:\/\/www.radiopiu.net\/wordpress\/wp-content\/uploads\/2018\/08\/ACQUA-1024x614.jpeg 1024w, https:\/\/www.radiopiu.net\/wordpress\/wp-content\/uploads\/2018\/08\/ACQUA.jpeg 1280w\" sizes=\"auto, (max-width: 199px) 100vw, 199px\" \/><\/a>AGORDO<\/strong> Gestione Servizi Pubblici informa che ad AGORDO nelle LOCALITA&#8217; PARECH, PROMPICAI e TOCCOL, l&#8217;acqua erogata dall&#8217;acquedotto non \u00e8 potabile e pu\u00f2 essere usata per scopi alimentari SOLO PREVIA bollitura. GSP ha, comunque, gi\u00e0 adottato le necessarie misure per la disinfezione dell&#8217;acqua presente nei serbatoi e nella rete idrica con l&#8217;aggiunta di cloro.<\/p>\n<p>Anche a <strong>TAIBON AGORDINO<\/strong> nelle localit\u00e0 RONCH DE BUOS e NOGAROLA, l&#8217;acqua erogata dall&#8217;acquedotto non \u00e8 potabile e pu\u00f2 essere usata per scopi alimentari SOLO PREVIA bollitura<\/p>\n<p>&nbsp;<\/p>\n<p>&nbsp;<\/p>\n<hr \/>\n<p>&nbsp;<\/p>\n<blockquote>\n<h3>1000 DEGENTI IN MENO IN UN MESE NEGLI OSPEDALI, IERI ALTRI 19 DECESSI.<\/h3>\n<\/blockquote>\n<p>Nelle ultime 24 ore in Veneto i positivi al test risultano 33. 820 (-372). Migliora anche la situazione ospedaliera: 1972 ricoveri in area medica (-5), 249 in terapia intensiva (-7) e 246 nelle strutture territoriali (-6). Decessi: altre 19 vittime nelle ventiquattr&#8217;ore per un bilancio (8.948).<\/p>\n<blockquote>\n<h3>STABILI I RICOVERI NEGLI OSPEDALI BELLUNESI. IN 24 ORE UN DECESSO E 29 NUOVI POSITIVI IN ULSS 1 DOLOMITI<\/h3>\n<\/blockquote>\n<p><strong>BELLUNO\u00a0 <\/strong>Nelle ultime 24 ore \u00e8 deceduta una donna covid positiva di anni 79 ricoverata in Geriatria covid a Belluno. Sono state rilevate 29 nuove positivit\u00e0 in Ulss 1 Dolomiti.<\/p>\n<p><strong>Ricoveri \u00a0\u00a0\u00a0\u00a0\u00a0\u00a0\u00a0\u00a0\u00a0\u00a0\u00a0\u00a0\u00a0\u00a0\u00a0\u00a0\u00a0\u00a0\u00a0\u00a0\u00a0\u00a0\u00a0\u00a0\u00a0\u00a0\u00a0\u00a0\u00a0\u00a0\u00a0\u00a0\u00a0 <\/strong><\/p>\n<p><em>(dato alle ore 17.00 fonte: Azienda Zero)<\/em><\/p>\n<p>Le persone attualmente POSITIVE ricoverate negli ospedali dell\u2019Ulss Dolomiti sono:<\/p>\n<table>\n<tbody>\n<tr>\n<td width=\"217\"><strong>\u00a0<\/strong><\/td>\n<td width=\"217\"><strong>Area NON CRITICA<\/strong><\/td>\n<td width=\"217\"><strong>Terapia Intensiva<\/strong><\/td>\n<\/tr>\n<tr>\n<td width=\"217\"><strong>Ospedale di Belluno <\/strong><\/td>\n<td width=\"217\">45<\/td>\n<td width=\"217\">0<\/td>\n<\/tr>\n<tr>\n<td width=\"217\"><strong>Ospedale di Feltre<\/strong><\/td>\n<td width=\"217\">22<\/td>\n<td width=\"217\">5<\/td>\n<\/tr>\n<\/tbody>\n<\/table>\n<p>&nbsp;<\/p>\n<p>Le persone attualmente POSITIVE ricoverate in Ospedale di Comunit\u00e0 sono:<\/p>\n<table>\n<tbody>\n<tr>\n<td width=\"326\"><strong>\u00a0<\/strong><\/td>\n<td width=\"326\"><strong>pazienti attualmente positivi<\/strong><\/td>\n<\/tr>\n<tr>\n<td width=\"326\"><strong>Ospedale di Comunit\u00e0 di BELLUNO<\/strong><\/td>\n<td width=\"326\">8<\/td>\n<\/tr>\n<tr>\n<td width=\"326\"><strong>Ospedale di Comunit\u00e0 di FELTRE<\/strong><\/td>\n<td width=\"326\">7<\/td>\n<\/tr>\n<\/tbody>\n<\/table>\n<p>&nbsp;<\/p>\n<hr \/>\n<p>&nbsp;<\/p>\n<blockquote>\n<h3 style=\"text-align: left;\"><a href=\"https:\/\/www.radiopiu.net\/wordpress\/giornale-radiopiu-31-gennaio-2021-direttore-mirko-mezzacasa\/10984543_10204945997398974_4221985159492259052_o\/\" rel=\"attachment wp-att-188057\"><img loading=\"lazy\" decoding=\"async\" class=\"wp-image-188057 alignleft\" src=\"https:\/\/www.radiopiu.net\/wordpress\/wp-content\/uploads\/2021\/01\/10984543_10204945997398974_4221985159492259052_o-225x300.jpg\" alt=\"\" width=\"134\" height=\"179\" srcset=\"https:\/\/www.radiopiu.net\/wordpress\/wp-content\/uploads\/2021\/01\/10984543_10204945997398974_4221985159492259052_o-225x300.jpg 225w, https:\/\/www.radiopiu.net\/wordpress\/wp-content\/uploads\/2021\/01\/10984543_10204945997398974_4221985159492259052_o-768x1024.jpg 768w, https:\/\/www.radiopiu.net\/wordpress\/wp-content\/uploads\/2021\/01\/10984543_10204945997398974_4221985159492259052_o-1152x1536.jpg 1152w, https:\/\/www.radiopiu.net\/wordpress\/wp-content\/uploads\/2021\/01\/10984543_10204945997398974_4221985159492259052_o.jpg 1536w\" sizes=\"auto, (max-width: 134px) 100vw, 134px\" \/><\/a>&#8220;FORZA ROBERTO&#8221; E&#8217; IL GRIDO DAL TERRITORIO FODOM<\/h3>\n<p><strong>LIVINALLONGO<\/strong> Sono sempre gravi le condizioni di Roberto Pallua caduto sabato dal tetto della latteria di Livinallongo. Un volo di una decina di metri che gli ha causato un grave politrauma a livello addominale e altre fratture. Ieri l&#8217;imprenditore agricolo \u00e8 stato operato. E&#8217; ricoverato al C\u00e0 Foncello di Treviso.<\/p><\/blockquote>\n<p>&nbsp;<\/p>\n<p>&nbsp;<\/p>\n<p>&nbsp;<\/p>\n<p>&nbsp;<\/p>\n<hr \/>\n<blockquote>\n<h3>E&#8217; MORTO DON TARSILLO<\/h3>\n<\/blockquote>\n<p><strong><a href=\"https:\/\/www.radiopiu.net\/wordpress\/giornale-radiopiu-01-febbraio-2021-direttore-mirko-mezzacasa\/2_18457408\/\" rel=\"attachment wp-att-188155\"><img loading=\"lazy\" decoding=\"async\" class=\" wp-image-188155 alignleft\" src=\"https:\/\/www.radiopiu.net\/wordpress\/wp-content\/uploads\/2021\/02\/2_18457408-300x169.jpg\" alt=\"\" width=\"218\" height=\"123\" srcset=\"https:\/\/www.radiopiu.net\/wordpress\/wp-content\/uploads\/2021\/02\/2_18457408-300x169.jpg 300w, https:\/\/www.radiopiu.net\/wordpress\/wp-content\/uploads\/2021\/02\/2_18457408-768x432.jpg 768w, https:\/\/www.radiopiu.net\/wordpress\/wp-content\/uploads\/2021\/02\/2_18457408.jpg 960w\" sizes=\"auto, (max-width: 218px) 100vw, 218px\" \/><\/a>FELTRE<\/strong> Lamon e Sovramonte in lutto per la morte di\u00a0 don Tarsillo Bernardi, 74 anni, morto nella tarda serata di sabato all&#8217;ospedale di Feltre. Era ricoverato da alcuni giorni, \u00abanche per le conseguenze del Covid-19, da cui era stato colpito a fine ottobre. Di lui resta un bellissimo ricordo: il suo sorriso, il suo fare gentile e sempre appropriato in ogni situazione, il suo grande amore per la cultura e le fonti storiche del nostro paese, la sua costante presenza in ogni manifestazione organizzata dagli alpini. Don Tarsillo, fratello di don Liviano, era nato a Zovon di Vo&#8217; Euganeo il 15 agosto 1946. Fu vicario cooperatore a Lamon dal 1972 al 1977. Poi parroco a Zorzoi dal 1977 al 1987, assumendo anche l&#8217;incarico di amministratore parrocchiale di Servo dal 1981 al 1987. Dopo di che assunse la guida della parrocchia di Foen fino al dicembre 2010, svolgendo anche il servizio di direttore spirituale nel Seminario vescovile di Feltre (dal 1988 al 1991) e di assistente diocesano dell&#8217;Unione dei sacristi (dal 1988 al 1994). Negli ultimi anni era stato vicario parrocchiale di Lamon, Arina e San Donato.<\/p>\n<p>&nbsp;<\/p>\n<hr \/>\n<blockquote>\n<h3>CITTADELLA DELL&#8217;ANZIANO<em> &#8220;E&#8217; VERO, GLI ANZIANI SONO DA COCCOLARE, DOMANI QUELLI SAREMO NOI&#8221;<\/em><\/h3>\n<\/blockquote>\n<h2><span style=\"color: #ff0000;\">L&#8217;INTERVENTO<\/span><\/h2>\n<p><a href=\"https:\/\/www.radiopiu.net\/wordpress\/giornale-radiopiu-31-gennaio-2021-direttore-mirko-mezzacasa\/download-1106\/\" rel=\"attachment wp-att-188054\"><img loading=\"lazy\" decoding=\"async\" class=\" wp-image-188054 alignleft\" src=\"https:\/\/www.radiopiu.net\/wordpress\/wp-content\/uploads\/2021\/01\/download-39.jpg\" alt=\"\" width=\"104\" height=\"96\" \/><\/a><strong>LA CITTADELLA DELL&#8217;ANZIANO.. DA UN&#8217;IDEA DI AGORDO CAMBIA, AI MICROFONI DI RADIO PIU&#8217;, PAOLO SELVA MORETTI<\/strong><\/p>\n<audio class=\"wp-audio-shortcode\" id=\"audio-188049-1\" preload=\"none\" style=\"width: 100%;\" controls=\"controls\"><source type=\"audio\/mpeg\" src=\"https:\/\/www.radiopiu.net\/wordpress\/wp-content\/uploads\/2021\/01\/PAOLO-1.mp3?_=1\" \/><a href=\"https:\/\/www.radiopiu.net\/wordpress\/wp-content\/uploads\/2021\/01\/PAOLO-1.mp3\">https:\/\/www.radiopiu.net\/wordpress\/wp-content\/uploads\/2021\/01\/PAOLO-1.mp3<\/a><\/audio>\n<p>&nbsp;<\/p>\n<p>&nbsp;<\/p>\n<hr \/>\n<p>&nbsp;<\/p>\n<blockquote>\n<h3>DALL&#8217; ARCHIVIO DI TIZIANO DE COL&#8230;LA STRADA DEL CANAL DEL MIS<\/h3>\n<\/blockquote>\n<p><strong><a href=\"https:\/\/www.radiopiu.net\/wordpress\/dall-archivio-di-tiziano-de-col-la-strada-del-canal-del-mis\/schermata-2021-01-31-alle-19-22-55\/\" rel=\"attachment wp-att-188130\"><img loading=\"lazy\" decoding=\"async\" class=\"size-medium wp-image-188130 alignleft\" src=\"https:\/\/www.radiopiu.net\/wordpress\/wp-content\/uploads\/2021\/01\/Schermata-2021-01-31-alle-19.22.55-300x217.png\" alt=\"\" width=\"300\" height=\"217\" srcset=\"https:\/\/www.radiopiu.net\/wordpress\/wp-content\/uploads\/2021\/01\/Schermata-2021-01-31-alle-19.22.55-300x217.png 300w, https:\/\/www.radiopiu.net\/wordpress\/wp-content\/uploads\/2021\/01\/Schermata-2021-01-31-alle-19.22.55-1024x740.png 1024w, https:\/\/www.radiopiu.net\/wordpress\/wp-content\/uploads\/2021\/01\/Schermata-2021-01-31-alle-19.22.55-768x555.png 768w, https:\/\/www.radiopiu.net\/wordpress\/wp-content\/uploads\/2021\/01\/Schermata-2021-01-31-alle-19.22.55.png 1134w\" sizes=\"auto, (max-width: 300px) 100vw, 300px\" \/><\/a>LA VALLE <\/strong>Dall&#8217;archivio storico di Tiziano De Col gli articoli riguardanti la realizzazione della strada del Mis. &#8220;<em>lungimiranza di queste persone che pi\u00f9 di 100 anni orsono progettavano e portavano avanti opere ancora fondamentali per il nostro Agordino &#8211; dice Tiziano De Col &#8211; Viene il magone a leggere le prospettive per lo sviluppo del nostro territorio che metteva nero su bianco il Gen. Antonio Dal Fabbro, Cittadino Onorario di Agordo. La strada del Mis in questi tempi \u00e8 chiusa (dopo essere stata chiusa per lunghi anni dopo l&#8217;alluvione del 1966 ) e del tratto California Sagron , che il Generale asseriva essere indubbiamente da realizzare perch\u00e8 indispensabile, non v&#8217;\u00e8 traccia in nessuna progettualit\u00e0 recente<\/em>&#8220;. Nell&#8217;articolo, anche il progetto di collegamento tra California e Sagron Mis poi per Cereda e Primiero. Mai realizzato in seguito, anche se definito indispensabile dal Generale Dal Fabbro. &#8220;La strada \u00e8 stata costruita nel 1919,\u00a0 la diga \u00e8 stata costruita dopo, all&#8217;inizio degli anni &#8217;30 per questo sembrano strane le foto della Chiesetta di Santa Giuliana. Manca la diga&#8230;e il lago.<\/p>\n<a href=\"https:\/\/www.radiopiu.net\/wordpress\/wp-content\/uploads\/2021\/01\/La-nuova-strada-nel-Canale-del-Mis_Gen-Dal-Fabbro-Touring-Club-Le-Vie-dItalia.pdf\" class=\"pdfemb-viewer\" style=\"\" data-width=\"max\" data-height=\"max\" data-toolbar=\"top\" data-toolbar-fixed=\"on\">La nuova strada nel Canale del Mis_Gen Dal Fabbro Touring Club Le Vie d\u2019Italia<\/a>\n<p>&nbsp;<\/p>\n<p>&nbsp;<\/p>\n<hr \/>\n<p>&nbsp;<\/p>\n<blockquote class=\"wp-embedded-content\" data-secret=\"gSJHvsMYCd\"><p><a href=\"https:\/\/www.radiopiu.net\/wordpress\/agg-gen31\/\">CORONAVIRUS: AGGIORNAMENTO NAZIONALE 31 GENNAIO 2021<\/a><\/p><\/blockquote>\n<p><iframe loading=\"lazy\" class=\"wp-embedded-content\" sandbox=\"allow-scripts\" security=\"restricted\" style=\"position: absolute; clip: rect(1px, 1px, 1px, 1px);\" title=\"&#8220;CORONAVIRUS: AGGIORNAMENTO NAZIONALE 31 GENNAIO 2021&#8221; &#8212; Radio Pi\u00f9\" src=\"https:\/\/www.radiopiu.net\/wordpress\/agg-gen31\/embed\/#?secret=gSJHvsMYCd\" data-secret=\"gSJHvsMYCd\" width=\"600\" height=\"338\" frameborder=\"0\" marginwidth=\"0\" marginheight=\"0\" scrolling=\"no\"><\/iframe><\/p>\n<p>&nbsp;<\/p>\n<hr \/>\n<p>&nbsp;<\/p>\n<blockquote class=\"wp-embedded-content\" data-secret=\"ChrnVbyZho\"><p><a href=\"https:\/\/www.radiopiu.net\/wordpress\/sono-503-i-nuovi-positivi-in-veneto-delle-ultime-24-ore-19-decessi-ricoveri-in-diminuzione-sempre-alto-il-numero-di-negativizzati-a-belluno-29-nuove-positivita\/\">SONO 503 I NUOVI POSITIVI IN VENETO DELLE ULTIME 24 ORE. 19 DECESSI, RICOVERI IN DIMINUZIONE, SEMPRE ALTO IL NUMERO DI NEGATIVIZZATI. A BELLUNO 29 NUOVE POSITIVITA&#8217;<\/a><\/p><\/blockquote>\n<p><iframe loading=\"lazy\" class=\"wp-embedded-content\" sandbox=\"allow-scripts\" security=\"restricted\" style=\"position: absolute; clip: rect(1px, 1px, 1px, 1px);\" title=\"&#8220;SONO 503 I NUOVI POSITIVI IN VENETO DELLE ULTIME 24 ORE. 19 DECESSI, RICOVERI IN DIMINUZIONE, SEMPRE ALTO IL NUMERO DI NEGATIVIZZATI. A BELLUNO 29 NUOVE POSITIVITA&#8217;&#8221; &#8212; Radio Pi\u00f9\" src=\"https:\/\/www.radiopiu.net\/wordpress\/sono-503-i-nuovi-positivi-in-veneto-delle-ultime-24-ore-19-decessi-ricoveri-in-diminuzione-sempre-alto-il-numero-di-negativizzati-a-belluno-29-nuove-positivita\/embed\/#?secret=ChrnVbyZho\" data-secret=\"ChrnVbyZho\" width=\"600\" height=\"338\" frameborder=\"0\" marginwidth=\"0\" marginheight=\"0\" scrolling=\"no\"><\/iframe><\/p>\n<p>&nbsp;<\/p>\n<hr \/>\n<p>&nbsp;<\/p>\n<blockquote>\n<h3>I GRAFICI DI TIZIANO DE COL<\/h3>\n<\/blockquote>\n\n\t\t\t<style type='text\/css'>\n\t\t\t\t#gallery-1 {\n\t\t\t\t\tmargin: auto;\n\t\t\t\t}\n\t\t\t\t#gallery-1 .gallery-item {\n\t\t\t\t\tfloat: left;\n\t\t\t\t\tmargin-top: 10px;\n\t\t\t\t\ttext-align: center;\n\t\t\t\t\twidth: 25%;\n\t\t\t\t}\n\t\t\t\t#gallery-1 img {\n\t\t\t\t\tborder: 2px solid #cfcfcf;\n\t\t\t\t}\n\t\t\t\t#gallery-1 .gallery-caption {\n\t\t\t\t\tmargin-left: 0;\n\t\t\t\t}\n\t\t\t\t\/* see gallery_shortcode() in wp-includes\/media.php *\/\n\t\t\t<\/style>\n\t\t<div id='gallery-1' class='dt-gallery-container gallery galleryid-188049 gallery-columns-4 gallery-size-medium'><dl class='gallery-item'>\n\t\t\t\t<dt class='gallery-icon landscape'>\n\t\t\t\t\t<a class=\"rollover rollover-zoom dt-pswp-item\" title=\"102274ef-e99d-451b-9de5-8d7154c2bb8e\" data-dt-img-description=\"\" data-large_image_width=\"591\" data-large_image_height=\"351\"href='https:\/\/www.radiopiu.net\/wordpress\/wp-content\/uploads\/2021\/01\/102274ef-e99d-451b-9de5-8d7154c2bb8e.jpg'><img loading=\"lazy\" decoding=\"async\" width=\"300\" height=\"178\" src=\"https:\/\/www.radiopiu.net\/wordpress\/wp-content\/uploads\/2021\/01\/102274ef-e99d-451b-9de5-8d7154c2bb8e-300x178.jpg\" class=\"attachment-medium size-medium\" alt=\"\" srcset=\"https:\/\/www.radiopiu.net\/wordpress\/wp-content\/uploads\/2021\/01\/102274ef-e99d-451b-9de5-8d7154c2bb8e-300x178.jpg 300w, https:\/\/www.radiopiu.net\/wordpress\/wp-content\/uploads\/2021\/01\/102274ef-e99d-451b-9de5-8d7154c2bb8e.jpg 591w\" sizes=\"auto, (max-width: 300px) 100vw, 300px\" \/><\/a>\n\t\t\t\t<\/dt><\/dl><dl class='gallery-item'>\n\t\t\t\t<dt class='gallery-icon landscape'>\n\t\t\t\t\t<a class=\"rollover rollover-zoom dt-pswp-item\" title=\"df890f42-57ea-492e-b3eb-d85d2a21d1a4\" data-dt-img-description=\"\" data-large_image_width=\"606\" data-large_image_height=\"355\"href='https:\/\/www.radiopiu.net\/wordpress\/wp-content\/uploads\/2021\/01\/df890f42-57ea-492e-b3eb-d85d2a21d1a4.jpg'><img loading=\"lazy\" decoding=\"async\" width=\"300\" height=\"176\" src=\"https:\/\/www.radiopiu.net\/wordpress\/wp-content\/uploads\/2021\/01\/df890f42-57ea-492e-b3eb-d85d2a21d1a4-300x176.jpg\" class=\"attachment-medium size-medium\" alt=\"\" srcset=\"https:\/\/www.radiopiu.net\/wordpress\/wp-content\/uploads\/2021\/01\/df890f42-57ea-492e-b3eb-d85d2a21d1a4-300x176.jpg 300w, https:\/\/www.radiopiu.net\/wordpress\/wp-content\/uploads\/2021\/01\/df890f42-57ea-492e-b3eb-d85d2a21d1a4.jpg 606w\" sizes=\"auto, (max-width: 300px) 100vw, 300px\" \/><\/a>\n\t\t\t\t<\/dt><\/dl><dl class='gallery-item'>\n\t\t\t\t<dt class='gallery-icon landscape'>\n\t\t\t\t\t<a class=\"rollover rollover-zoom dt-pswp-item\" title=\"837c9fa3-6b34-497c-b039-9c79a5c25976\" data-dt-img-description=\"\" data-large_image_width=\"616\" data-large_image_height=\"354\"href='https:\/\/www.radiopiu.net\/wordpress\/wp-content\/uploads\/2021\/01\/837c9fa3-6b34-497c-b039-9c79a5c25976.jpg'><img loading=\"lazy\" decoding=\"async\" width=\"300\" height=\"172\" src=\"https:\/\/www.radiopiu.net\/wordpress\/wp-content\/uploads\/2021\/01\/837c9fa3-6b34-497c-b039-9c79a5c25976-300x172.jpg\" class=\"attachment-medium size-medium\" alt=\"\" srcset=\"https:\/\/www.radiopiu.net\/wordpress\/wp-content\/uploads\/2021\/01\/837c9fa3-6b34-497c-b039-9c79a5c25976-300x172.jpg 300w, https:\/\/www.radiopiu.net\/wordpress\/wp-content\/uploads\/2021\/01\/837c9fa3-6b34-497c-b039-9c79a5c25976.jpg 616w\" sizes=\"auto, (max-width: 300px) 100vw, 300px\" \/><\/a>\n\t\t\t\t<\/dt><\/dl><dl class='gallery-item'>\n\t\t\t\t<dt class='gallery-icon landscape'>\n\t\t\t\t\t<a class=\"rollover rollover-zoom dt-pswp-item\" title=\"bd3c696a-b360-49d0-bfcf-9f88dfb0baa2\" data-dt-img-description=\"\" data-large_image_width=\"608\" data-large_image_height=\"354\"href='https:\/\/www.radiopiu.net\/wordpress\/wp-content\/uploads\/2021\/01\/bd3c696a-b360-49d0-bfcf-9f88dfb0baa2.jpg'><img loading=\"lazy\" decoding=\"async\" width=\"300\" height=\"175\" src=\"https:\/\/www.radiopiu.net\/wordpress\/wp-content\/uploads\/2021\/01\/bd3c696a-b360-49d0-bfcf-9f88dfb0baa2-300x175.jpg\" class=\"attachment-medium size-medium\" alt=\"\" srcset=\"https:\/\/www.radiopiu.net\/wordpress\/wp-content\/uploads\/2021\/01\/bd3c696a-b360-49d0-bfcf-9f88dfb0baa2-300x175.jpg 300w, https:\/\/www.radiopiu.net\/wordpress\/wp-content\/uploads\/2021\/01\/bd3c696a-b360-49d0-bfcf-9f88dfb0baa2.jpg 608w\" sizes=\"auto, (max-width: 300px) 100vw, 300px\" \/><\/a>\n\t\t\t\t<\/dt><\/dl><br style=\"clear: both\" \/>\n\t\t\t<\/div>\n\n<p>&nbsp;<\/p>\n<hr \/>\n<p>&nbsp;<\/p>\n<blockquote>\n<h3>DOLOMITIBUS INCREMENTA LE CORSE PER GLI STUDENTI<\/h3>\n<\/blockquote>\n<p><strong><a href=\"https:\/\/www.radiopiu.net\/wordpress\/cade-con-la-mountain-bike-e-si-ferisce-al-collo\/f662441c-c6a1-40df-8978-3ff5202173f9\/\" rel=\"attachment wp-att-145519\"><img loading=\"lazy\" decoding=\"async\" class=\"size-medium wp-image-145519 alignleft\" src=\"https:\/\/www.radiopiu.net\/wordpress\/wp-content\/uploads\/2020\/06\/f662441c-c6a1-40df-8978-3ff5202173f9-300x225.jpg\" alt=\"\" width=\"300\" height=\"225\" srcset=\"https:\/\/www.radiopiu.net\/wordpress\/wp-content\/uploads\/2020\/06\/f662441c-c6a1-40df-8978-3ff5202173f9-300x225.jpg 300w, https:\/\/www.radiopiu.net\/wordpress\/wp-content\/uploads\/2020\/06\/f662441c-c6a1-40df-8978-3ff5202173f9-1024x768.jpg 1024w, https:\/\/www.radiopiu.net\/wordpress\/wp-content\/uploads\/2020\/06\/f662441c-c6a1-40df-8978-3ff5202173f9-768x576.jpg 768w, https:\/\/www.radiopiu.net\/wordpress\/wp-content\/uploads\/2020\/06\/f662441c-c6a1-40df-8978-3ff5202173f9.jpg 1280w\" sizes=\"auto, (max-width: 300px) 100vw, 300px\" \/><\/a>BELLUNO <\/strong>Oggi riprende la scuola in presenza per gli studenti delle scuole superiori. Al momento la didattica sar\u00e0 calibrata sul 50% dei ragazzi in aula e il 50% ancora a casa, in modo da rendere possibile il sistema del trasporto pubblico, che prevede una capienza massima dei bus al 50%. Nel Bellunese \u00e8 tutto pronto: Dolomitibus attuer\u00e0 il piano approvato dalla Prefettura, dalla Provincia di Belluno e dall\u2019Ufficio Scolastico territoriale, vale a dire il potenziamento del servizio con l\u2019aggiunta di 18 autobus (di cui 16 per il servizio extraurbano e 2 per il servizio urbano del Comune di Belluno).\u2028\u00ab<em>In questo modo il servizio potr\u00e0 essere efficace e sicuro &#8211; spiega il consigliere provinciale delegato ai trasporti, Dario Scopel -. Il ritorno alla didattica in presenza, che rappresenta un primo passo verso la normalit\u00e0, potr\u00e0 avvenire senza particolari scossoni sul fronte del trasporto<\/em>\u00bb.\u00a0 \u2028Oltre all\u2019incremento dei mezzi, \u00e8 stata prevista la presenza di 6 operatori qualificati per la sorveglianza a terra; saranno collocati negli snodi fondamentali per il controllo dei flussi e dei carichi (Calalzo, Ponte nelle Alpi, Alpago e Cadola, Sedico, Feltre, Belluno autostazione). Altri 6 steward aziendali, facilmente riconoscibili dalla casacca arancione, saranno presenti alle principali fermate della rete dei trasporti Dolomitibus, in modo da verificare la regolarit\u00e0 dei carichi e fornire le informazioni per accedere in sicurezza e serenit\u00e0 al trasporto. Il piano straordinario di potenziamento del servizio extraurbano prevede l\u2019aggiunta di 33 corse. A completamento del piano di rinforzo, per intervenire prontamente in caso di affollamenti non preventivati, \u00e8 stata pianificata la messa a disposizione di 5 autobus, che saranno collocati a Calalzo (per le direttrici Cortina, Longarone e Auronzo), a Ponte nelle Alpi (direttrici Belluno e Longarone), in Alpago (direttrici Belluno e Vittorio Veneto), a Sedico (direttrici Belluno e Feltre), a Feltre (direttrici Sedico, Cesiomaggiore, Fonzaso e Seren del Grappa). \u00ab<em>Dopo l\u2019avvio delle scuole, con la valutazione pratica delle eventuali criticit\u00e0 che si potrebbero manifestare, il servizio verr\u00e0 eventualmente ritarato per rispondere alle necessit\u00e0 &#8211; sottolinea il consigliere Scopel -. Abbiamo la massima disponibilit\u00e0 da Dolomitibus in tal senso. La nostra azienda di trasporto pubblico ha messo in campo tutti i mezzi possibile per offrire un servizio sicuro. La capienza degli autobus \u00e8 attualmente fissata al 50% dell\u2019omologazione. Per rendere note le portate aggiornate al 50%, sono stati applicati degli adesivi, in prossimit\u00e0 delle porte di accesso e sopra il posto guida. I sedili non utilizzabili sono identificati da un\u2019apposita etichetta adesiva. Ricordo che il trasporto pubblico \u00e8 sicuro. E contiamo anche sul corretto comportamento dei ragazzi, per poter tornare alla normalit\u00e0<\/em>\u00bb. Le regole di comportamento da rispettare a bordo degli autobus, per il contenimento del contagio Covid, sono disponibili sul sito di Dolomitibus.<\/p>\n<p>&nbsp;<\/p>\n<p>&nbsp;<\/p>\n<hr \/>\n<p>&nbsp;<\/p>\n<blockquote>\n<h3>RIAPERTURA DELLE SCUOLE DA OGGI LA PROTEZIONE CIVILE MONITORA IL PIAZZALE DELLA STAZIONE<\/h3>\n<\/blockquote>\n<p><strong>BELLUNO <\/strong>In vista del ritorno in classe, seppur a ranghi ridotti, degli studenti delle scuole superiori, il Comune di Belluno su indicazione della Prefettura effettuer\u00e0 un servizio di controllo al piazzale della stazione ferroviaria negli orari di maggior afflusso di ragazzi. Il presidio vedr\u00e0 impegnati la Protezione Civile comunale e l&#8217;Associazione Nazionale della Polizia di Stato; i volontari saranno presenti nel piazzale per tutta la settimana, indicativamente dalle 7.30 alle 8.30 e dalle 12.30 alle 14.00. \u00ab<em>Si tratter\u00e0 di una semplice attivit\u00e0 di controllo, per supportare gli studenti nel rispetto delle distanze interpersonali. &#8211; sottolinea il sindaco Jacopo Massaro \u2013 I volontari controlleranno semplicemente che vengano osservate le indicazioni che ormai tutti seguiamo da mesi ossia che gli studenti restino distanziati, che indossino la mascherina e che evitino per quanto possibile il formarsi di assembramenti. L&#8217;attivit\u00e0 dei volontari si somma a quella della Polizia Locale, che cercher\u00e0 di tenere sotto controllo il traffico veicolare che probabilmente subir\u00e0 un netto incremento a causa dell&#8217;utilizzo di numerose corriere in pi\u00f9 rispetto al solito<\/em>\u00bb.<\/p>\n<p>&nbsp;<\/p>\n<p>&nbsp;<\/p>\n<hr \/>\n<p>&nbsp;<\/p>\n<blockquote>\n<h3 class=\"p1\"><span class=\"s1\">PARTITI I LAVORI ALLA CASERMA DEI CARABINIERI DI PONTE NELLE ALPI: 211MILA EURO PER L\u2019EFFICIENTAMENTO ENERGETICO<\/span><\/h3>\n<\/blockquote>\n<p class=\"p1\"><span class=\"s1\"><strong>PONTE NELLE ALPI <\/strong>Sono cominciati nei giorni scorsi i lavori alla caserma dei carabinieri di Ponte nelle Alpi. Un\u2019operazione che segue di pochi anni l\u2019intervento di antisismica e che porter\u00e0 la struttura (di propriet\u00e0 della Provincia) alla massima efficenza energetica.\u00a0 <\/span><span class=\"s1\">I lavori infatti riguardano la posa del cappotto, l\u2019installazione di nuovi serramenti e l\u2019eliminazione dell\u2019umidit\u00e0 di risalita. Inoltre, sar\u00e0 isolato l\u2019ultimo solaio e verr\u00e0 posizionato anche un impianto di raffreddamento utile per i mesi estivi. Il progetto complessivo, a firma dell\u2019architetto Roberto Jannon, prevede cinque mesi di lavori, per un investimento di 211mila euro. Risorse che la Provincia ha investito nell\u2019ultimo bilancio. <\/span><span class=\"s1\">\u00ab<em>La struttura avr\u00e0 ambienti pi\u00f9 confortevoli e un minore costo energetico per quanto riguarda il riscaldamento &#8211; spiega il presidente della Provincia, Roberto Padrin -. Si tratta di un investimento sostanzioso che abbiamo assicurato per la strategicit\u00e0 della caserma&#8221;.\u00a0<\/em><\/span><\/p>\n<p>&nbsp;<\/p>\n<hr \/>\n<p>&nbsp;<\/p>\n<blockquote>\n<h3>RIPRESI I LAVORI BOSCHIVI IN NEVEGAL \u00abESCURSIONISTI E SCIALPINISTI, ATTENZIONE ALLA SICUREZZA\u00bb<\/h3>\n<\/blockquote>\n<p><strong><a href=\"https:\/\/www.radiopiu.net\/wordpress\/giornale-radiopiu-09-gennaio-2021-direttore-mirko-mezzacasa\/sentieri_nevegal_lavori\/\" rel=\"attachment wp-att-183685\"><img loading=\"lazy\" decoding=\"async\" class=\"size-medium wp-image-183685 alignleft\" src=\"https:\/\/www.radiopiu.net\/wordpress\/wp-content\/uploads\/2021\/01\/Sentieri_Nevegal_lavori-300x204.jpg\" alt=\"\" width=\"300\" height=\"204\" srcset=\"https:\/\/www.radiopiu.net\/wordpress\/wp-content\/uploads\/2021\/01\/Sentieri_Nevegal_lavori-300x204.jpg 300w, https:\/\/www.radiopiu.net\/wordpress\/wp-content\/uploads\/2021\/01\/Sentieri_Nevegal_lavori-1024x697.jpg 1024w, https:\/\/www.radiopiu.net\/wordpress\/wp-content\/uploads\/2021\/01\/Sentieri_Nevegal_lavori-768x522.jpg 768w, https:\/\/www.radiopiu.net\/wordpress\/wp-content\/uploads\/2021\/01\/Sentieri_Nevegal_lavori.jpg 1523w\" sizes=\"auto, (max-width: 300px) 100vw, 300px\" \/><\/a>BELLUNO <\/strong>Un appello a escursionisti e scialpinisti perch\u00e9 rispettino i divieti e le zone di cantiere del Nevegal: a lanciarlo \u00e8 l&#8217;assessore all&#8217;ambiente, Alberto Simiele. \u00ab<em>In questi giorni sono ripresi sul colle i lavori boschivi di esbosco e trasporto legname; lavori che, per rispetto dei contratti e per una questione ambientale, non possono attendere la primavera per essere eseguiti. &#8211; spiega Simiele \u2013 Nonostante le ditte abbiano delimitato anche con le reti da cantiere le proprie aree di lavoro, per\u00f2, vengono segnalati ancora troppi escursionisti e scialpinisti che entrando nelle aree di cantiere non rispettano i divieti, mettendo a rischio la propria sicurezza e ostacolando lavori assolutamente necessari<\/em>\u00bb.<\/p>\n<p>&nbsp;<\/p>\n<p>&nbsp;<\/p>\n<hr \/>\n<p>&nbsp;<\/p>\n<blockquote>\n<h3>VALANGHE E ZONA GIALLA, UNCEM: MASSIMA ATTENZIONE. NO AD ASSALTI AD ALPI E APPENNINI. INCIDENTI SULLA NEVE VANNO EVITATI CON LUNGIMIRANZA<\/h3>\n<\/blockquote>\n<p><strong><a href=\"https:\/\/www.radiopiu.net\/wordpress\/giornale-radiopiu-06-novembre-2020-direttore-mirko-mezzacasa\/logouncem_no_scritta-wdtr\/\" rel=\"attachment wp-att-170846\"><img loading=\"lazy\" decoding=\"async\" class=\"size-medium wp-image-170846 alignleft\" src=\"https:\/\/www.radiopiu.net\/wordpress\/wp-content\/uploads\/2020\/11\/logoUNCEM_no_scritta-wdtr-300x300.jpg\" alt=\"\" width=\"300\" height=\"300\" srcset=\"https:\/\/www.radiopiu.net\/wordpress\/wp-content\/uploads\/2020\/11\/logoUNCEM_no_scritta-wdtr-300x300.jpg 300w, https:\/\/www.radiopiu.net\/wordpress\/wp-content\/uploads\/2020\/11\/logoUNCEM_no_scritta-wdtr-150x150.jpg 150w, https:\/\/www.radiopiu.net\/wordpress\/wp-content\/uploads\/2020\/11\/logoUNCEM_no_scritta-wdtr.jpg 640w\" sizes=\"auto, (max-width: 300px) 100vw, 300px\" \/><\/a>ROMA<\/strong> &#8220;<em>Da un parte il forte pericolo di valanghe causate dallo sbalzo termico, dalle condizioni della neve. Dall&#8217;altro molte regioni alpine che tornano in &#8216;gialle&#8217; da domani. Il combinato disposto di queste due cose, diverse per natura e contesto, chiede la massima attenzione. Serve lungimiranza. Per evitare incidenti, come quelli avvenuti nelle ultime ore. E per evitare che venendo meno i limiti per gli spostamenti, dilaghi il contagio covid, riportando poi le regioni in zona arancione o rossa. La montagna non \u00e8 una zona priva di rischi, anche negli spazi aperti. Mai la montagna uccide, lo abbiamo sempre detto, ma occorre aver presente che una serie di comportamenti su piste e fuoripista condizionano opportunit\u00e0 e certezze. Servono precise accortezze, senso del rischio e massima attenzione, che vuol dire ancora una volta spostamenti solo se necessari, ma anche consapevolezza dei propri limiti e delle proprie competenze nel fare sport e attivit\u00e0 motoria, oltre che analisi delle condizioni meteo e della neve. Uncem vuole evitare che da domani, in zona gialla per tante regioni, ci siano assalti alle aree montane del Paese, sottovalutando rischi della neve, del ghiaccio e delle condizioni meteo, con sbalzi termici che possono comportare altre valaghe. Studiamo i luoghi e usiamo buonsenso con tutte le misure di sicurezza, collettive e individuali, possibili<\/em>&#8220;. Lo affermano Marco Bussone, Presidente nazionale Uncem, e Roberto Colombero, Presidente Uncem Piemonte.<\/p>\n<p>&nbsp;<\/p>\n<p>&nbsp;<\/p>\n<hr \/>\n<p>&nbsp;<\/p>\n<blockquote>\n<h3>OGNI ANNO SPENDIAMO QUASI 700 MILIARDI IN PIU\u2019 DEL RECOVERY FUND<\/h3>\n<\/blockquote>\n<p><a href=\"https:\/\/www.radiopiu.net\/wordpress\/giornale-radiopiu-23-marzo-2019-direttore-mirko-mezzacasa\/soldi\/\" rel=\"attachment wp-att-80013\"><img loading=\"lazy\" decoding=\"async\" class=\"size-full wp-image-80013 alignleft\" src=\"https:\/\/www.radiopiu.net\/wordpress\/wp-content\/uploads\/2019\/03\/soldi.jpg\" alt=\"\" width=\"224\" height=\"225\" srcset=\"https:\/\/www.radiopiu.net\/wordpress\/wp-content\/uploads\/2019\/03\/soldi.jpg 224w, https:\/\/www.radiopiu.net\/wordpress\/wp-content\/uploads\/2019\/03\/soldi-150x150.jpg 150w\" sizes=\"auto, (max-width: 224px) 100vw, 224px\" \/><\/a>La ripresa economica del nostro Paese \u00e8 sicuramente legata ai 211 miliardi di euro messi a disposizione dall\u2019Unione Europea con il Recovery Fund. Risorse importantissime che saremo chiamati a investire entro il 2026, anche se, sottolinea l\u2019Ufficio studi della CGIA, non dobbiamo dimenticare che ogni anno, al netto degli interessi sul debito, la spesa pubblica italiana si aggira attorno ai 900 miliardi di euro: quasi 700 in pi\u00f9 rispetto alle risorse che dovremo spendere in 6 anni con il Recovery Fund.Una spesa, quella pubblica, che per oltre il 91 per cento \u00e8 di parte corrente e viene utilizzata per liquidare gli stipendi dei dipendenti pubblici, per consentire i consumi della macchina pubblica e per pagare le prestazioni sociali.Ora, affidare tutte le nostre aspettative di crescita alla \u201criuscita\u201d del Recovery Plan \u00e8 una cosa estremamente giusta e doverosa, tuttavia \u00e8 altrettanto determinante che il prossimo Governo intensifichi l\u2019attenzione anche su come impiegare ogni anno questi 900 miliardi di euro e attivi, in misura pi\u00f9 incisiva di quanto \u00e8 stato fatto fino a ora, un sistema di monitoraggio pi\u00f9 attento e oculato.<strong>Gli errori di previsioni sul Pil: Italia fanalino di coda in UE<\/strong>Oltre ad avere una spesa pubblica spesso intrisa di sprechi e di sperperi, l\u2019Italia ha un triste primato europeo: facciamo estremamente fatica ad elaborare delle previsioni di crescita economica attendibili. Nell\u2019ultimo rapporto annuale dell\u2019European Fiscal Board (organo consultivo indipendente della Commissione Europea), pubblicato nell\u2019ottobre 2020 (quarto rapporto annuale), \u00e8 riportata un\u2019analisi sulle differenze tra la crescita effettiva del Pil e le proiezioni presentate nei programmi di stabilit\u00e0 e convergenza durante il periodo 2013-2019.Rispetto ai Paesi dell\u2019Area Euro, l\u2019Italia presenta il risultato pi\u00f9 critico: le previsioni di crescita sono risultate essere alte in tutti e 7 gli anni presi in esame (2013-2019). Dopo l\u2019Italia, si posizionano 5 paesi che hanno stimato previsioni pi\u00f9 elevate in 5 anni su 7. Essi sono: Belgio, Spagna, Francia, Lettonia e Slovacchia.Il risultato dell\u2019Italia \u00e8 altres\u00ec critico sul fronte dell\u2019errore medio delle previsioni; in questo rank negativo risultiamo secondi solamente alla Slovenia, con un errore medio annuo di stima pari all\u20191,3 per cento del Pil nominale; tale discrepanza si traduce in un impatto sul bilancio delle Amministrazioni pubbliche di oltre lo 0,5 per cento del Pil all&#8217;anno (in 7 anni circa 60 miliardi di euro sul bilancio della nostra PA).A tal riguardo, segnaliamo una forte incongruenza emersa proprio in queste ultime settimane. A solo un mese dall\u2019approvazione della legge finanziaria per il 2021 da 40 miliardi di euro, il Parlamento la settimana scorsa ha votato uno scostamento di bilancio di 32 miliardi di euro. Non essendo successo pressocch\u00e8 nulla di nuovo rispetto ai mesi scorsi, per quale ragione non si \u00e8 deciso di anticipare questo scostamento nella legge pi\u00f9 importante che viene approvata ogni anno ? Per caso, questa decisione di rivedere la spesa pubblica \u00e8 il frutto dello stato di incertezza in cui versava sul fronte economico il governo Conte bis ? <strong>Recovery Plan: tanti investimenti, ma con bassa reddittivit\u00e0 <\/strong>Nella bozza del \u201cPiano Nazionale di Ripresa e Resilienza\u201d (il nostro Recovery Plan), approvato dal Consiglio dei Ministri il 12 gennaio scorso, si evince che dei 210,9 miliardi di euro che l\u2019Unione Europea metter\u00e0 a disposizione del nostro Paese con il Recovery Fund, 65,7 miliardi verranno spesi per \u201cprogetti in essere\u201d, ovvero gi\u00e0 previsti, mentre i restanti 145,2 miliardi andranno a finanziare \u201cnuovi progetti\u201d. Pertanto, nel 2026 la crescita del Pil, anno in cui si concluder\u00e0 l\u2019azione del Piano, dovrebbe essere pi\u00f9 alta di 3 punti percentuali rispetto allo scenario che si verificherebbe senza l\u2019effetto degli investimenti aggiuntivi. Ci\u00f2 vuol dire che a fronte di 145,2 miliardi di investimenti in conto capitale, al termine del programma avremo un aumento del Pil di poco inferiore ai 60 miliardi di euro. Queste cifre, per stessa ammissione del Governo, ci dicono che la redditivit\u00e0 di questi impieghi sar\u00e0 molto contenuta. In altre parole, nel 2026 avremmo speso oltre il doppio di quanto ci \u201ctorner\u00e0\u201d dalla realizzazione di queste opere pubbliche. Probabilmente, perch\u00e9 la qualit\u00e0 degli interventi che andremo a realizzare avr\u00e0 una ricaduta economica e sociale molto bassa. Se anche in questo caso fosse confermata la specificit\u00e0 dei precedenti esecutivi italiani nel sovrastimare la crescita, nel 2026 la realt\u00e0 sar\u00e0 ancora pi\u00f9 sconfortante di quanto prevista nel Piano. <strong>Le risorse UE sono a rischio <\/strong>La conclusione appena descritta dall\u2019Ufficio studi della CGIA &#8211; tanti investimenti, ma poca redditivit\u00e0 &#8211; \u00e8, ovviamente, solo un\u2019ipotesi, visto che nel \u201cPiano Nazionale di Ripresa e Resilienza\u201d, approvato il 12 gennaio scorso, non sono riportati in maniera dettagliata gli interventi che verranno realizzati con questi 145,2 miliardi di euro. Il Piano, infatti, appare ancora molto \u201cfumoso\u201d: ad oggi, infatti, \u00e8 costituito da una elencazione di linee generiche di intervento a cui sono state affiancate delle cifre. Ma, come previsto dalle ultime linee guida, Bruxelles ha stabilito queste risorse verranno erogate solo se faremo le riforme (giustizia, fisco, concorrenza, etc.) e se per ogni opera in programma dettaglieremo con grande precisione chi fa cosa, come la fa, in quanto tempo e quanto coster\u00e0 realizzarla. Senza un Governo pienamente in carica e a soli 3 mesi dalla scadenza della consegna del Piano, non sar\u00e0 per nulla facile portare a casa queste risorse.<\/p>\n<p>&nbsp;<\/p>\n<p>&nbsp;<\/p>\n<hr \/>\n<p>&nbsp;<\/p>\n<blockquote>\n<h3>UNA CONVENZIONE DA APPROVARE<\/h3>\n<\/blockquote>\n<p><strong>ROCCA PIETORE<\/strong> Giovedi alle 18.30 i consiglieri comunali di Rocca Pietore si ritroveranno in Municipio per l&#8217;approvazione della convenzione per lo svolgimento in forma associata delle funzioni di segreteria tra i Comuni di San Gregorio nelle Alpi e Rocca Pietore.<\/p>\n<p>&nbsp;<\/p>\n<p>&nbsp;<\/p>\n<hr \/>\n<blockquote>\n<h3>NUOVI ORARI CALL CENTER COVID DAL 1\u00b0 FEBBRAIO 2021<\/h3>\n<\/blockquote>\n<p><strong><a href=\"https:\/\/www.radiopiu.net\/wordpress\/giornale-radiopiu-26-gennaio-2021-direttore-mirko-mezzacasa\/numero-covid_febbraio-2021\/\" rel=\"attachment wp-att-186852\"><img loading=\"lazy\" decoding=\"async\" class=\"wp-image-186852 alignleft\" src=\"https:\/\/www.radiopiu.net\/wordpress\/wp-content\/uploads\/2021\/01\/numero-covid_febbraio-2021-300x212.jpg\" alt=\"\" width=\"202\" height=\"143\" srcset=\"https:\/\/www.radiopiu.net\/wordpress\/wp-content\/uploads\/2021\/01\/numero-covid_febbraio-2021-300x212.jpg 300w, https:\/\/www.radiopiu.net\/wordpress\/wp-content\/uploads\/2021\/01\/numero-covid_febbraio-2021-1024x724.jpg 1024w, https:\/\/www.radiopiu.net\/wordpress\/wp-content\/uploads\/2021\/01\/numero-covid_febbraio-2021-768x543.jpg 768w, https:\/\/www.radiopiu.net\/wordpress\/wp-content\/uploads\/2021\/01\/numero-covid_febbraio-2021-1536x1086.jpg 1536w, https:\/\/www.radiopiu.net\/wordpress\/wp-content\/uploads\/2021\/01\/numero-covid_febbraio-2021.jpg 2000w\" sizes=\"auto, (max-width: 202px) 100vw, 202px\" \/><\/a> <\/strong><\/p>\n<p><strong>\u00a0<\/strong><\/p>\n<p><strong>BELLUNO <\/strong>L&#8217;importante rallentamento epidemico registrato nelle ultime settimane e la conseguente forte riduzione delle telefonate con richiesta di informazioni da parte dei cittadini, consentono di rimodulare giorni ed orari di attivit\u00e0 del CALL CENTER COVID Dal 1\u00b0 febbraio 2021 lo 0437\/514343 sar\u00e0 attivo dalle 8 alle 18 da luned\u00ec a sabato.<\/p>\n<p>&nbsp;<\/p>\n<p>&nbsp;<\/p>\n<hr \/>\n<blockquote>\n<h3><\/h3>\n<h3><a href=\"https:\/\/www.radiopiu.net\/wordpress\/giornale-radiopiu-23-gennaio-2021-direttore-mirko-mezzacasa\/de-toni_prima-che-arrivi\/\" rel=\"attachment wp-att-186277\"><img loading=\"lazy\" decoding=\"async\" class=\"wp-image-186277 alignleft\" src=\"https:\/\/www.radiopiu.net\/wordpress\/wp-content\/uploads\/2021\/01\/De-Toni_Prima-che-arrivi-183x300.jpg\" alt=\"\" width=\"124\" height=\"203\" srcset=\"https:\/\/www.radiopiu.net\/wordpress\/wp-content\/uploads\/2021\/01\/De-Toni_Prima-che-arrivi-183x300.jpg 183w, https:\/\/www.radiopiu.net\/wordpress\/wp-content\/uploads\/2021\/01\/De-Toni_Prima-che-arrivi.jpg 623w\" sizes=\"auto, (max-width: 124px) 100vw, 124px\" \/><\/a>LE POESIE DI ALICE NELLE LIBRERIE BELLUNESI<\/h3>\n<\/blockquote>\n<p><strong>ALLEGHE<\/strong> Prima che arrivi la bella stagione, \u00e8 il titolo della nuova raccolta di poesie dell&#8217;alleghese Alice De Toni. Impossibile la presentazione in presenza, ma il libro gi\u00e0 si pu\u00f2 trovarlo a Belluno nelle librerie Campedel, Le Due Zitelle, Mondadori Bookstore e Tarantola; Feltre Agor\u00e0 e Pilotto; Rasai di Seren del Grappa libreria Quattro Sass, Alleghe in edicola. E&#8217; possibile acquistare il libro su sito della casa editrice www.edizionidbs.it<\/p>\n<p>&nbsp;<\/p>\n<p>&nbsp;<\/p>\n<hr \/>\n<p>&nbsp;<\/p>\n<blockquote>\n<h3>SI INTITOLA &#8220;LYRICA&#8221; IL NUOVO LIBRO DI POESIE DI ALESSANDRA SERVI<\/h3>\n<\/blockquote>\n<p><strong><a href=\"https:\/\/www.radiopiu.net\/wordpress\/giornale-radiopiu-31-gennaio-2021-direttore-mirko-mezzacasa\/lyrica\/\" rel=\"attachment wp-att-187997\"><img loading=\"lazy\" decoding=\"async\" class=\"wp-image-187997 alignleft\" src=\"https:\/\/www.radiopiu.net\/wordpress\/wp-content\/uploads\/2021\/01\/LYRICA-232x300.jpg\" alt=\"\" width=\"151\" height=\"196\" srcset=\"https:\/\/www.radiopiu.net\/wordpress\/wp-content\/uploads\/2021\/01\/LYRICA-232x300.jpg 232w, https:\/\/www.radiopiu.net\/wordpress\/wp-content\/uploads\/2021\/01\/LYRICA-792x1024.jpg 792w, https:\/\/www.radiopiu.net\/wordpress\/wp-content\/uploads\/2021\/01\/LYRICA-768x993.jpg 768w, https:\/\/www.radiopiu.net\/wordpress\/wp-content\/uploads\/2021\/01\/LYRICA.jpg 990w\" sizes=\"auto, (max-width: 151px) 100vw, 151px\" \/><\/a>BELLUNO <\/strong>&#8220;Alessandra Servi: la magia in ogni cosa&#8221;: \u00e8 cos\u00ec che il poeta Vito Santin ha voluto presentare, nella sua nota di prefazione, LYRICA, l&#8217;ultimo libro di Alessandra Servi, uscito appena prima di Natale. Dopo 5 anni dall&#8217;ultima pubblicazione, l&#8217;autrice ritorna con una raccolta intensa, nuda, un percorso stilistico ed emozionale, a scandire e scandagliare forza e fragilit\u00e0 dell&#8217;io pi\u00f9 intimo e profondo. Mantenendo la peculiarit\u00e0 propria della sua scrittura poetica, la Servi svela una trasformazione importante, facendosi voce pura di donna adulta. LYRICA \u00e8 &#8220;un poema d&#8217;amore&#8221; come l&#8217;ha definito il poeta Francesco Piemonte. Il volumetto, elegante ed essenziale nell&#8217;aspetto grafico curato da Federica Fant, \u00e8 in vendita presso le librerie di Belluno centro: Le due Zitelle, Libreria degli Eddini e Tarantola. Potete scrivere anche a <a href=\"mailto:alessandraservi@gmail.com\">alessandraservi@gmail.com<\/a>\u00a0per la spedizione fuori Belluno.<\/p>\n<p>&nbsp;<\/p>\n<p>&nbsp;<\/p>\n<hr \/>\n<p>&nbsp;<\/p>\n<blockquote>\n<h1>Training di Biodinamica Craniosacrale<\/h1>\n<\/blockquote>\n<p><em>Un profondo lavoro sul corpo e attraverso il corpo che si trasforma in un<\/em><em>viaggio alla scoperta di se stessi e delle proprie potenzialit\u00e0.\u00a0<\/em><\/p>\n<p><strong><a href=\"https:\/\/www.radiopiu.net\/wordpress\/covid-zaia-su-dati-europei-ecdc-non-realistici-perche-quelli-italiani-non-sono-uniformi-e-persino-ovvio-che-chi-fa-piu-tamponi-trova-piu-casi-ma-non-se\/pp-47\/\" rel=\"attachment wp-att-186942\"><img loading=\"lazy\" decoding=\"async\" class=\"wp-image-186942 alignleft\" src=\"https:\/\/www.radiopiu.net\/wordpress\/wp-content\/uploads\/2021\/01\/pp-2-300x300.jpg\" alt=\"\" width=\"174\" height=\"174\" srcset=\"https:\/\/www.radiopiu.net\/wordpress\/wp-content\/uploads\/2021\/01\/pp-2-300x300.jpg 300w, https:\/\/www.radiopiu.net\/wordpress\/wp-content\/uploads\/2021\/01\/pp-2-150x150.jpg 150w, https:\/\/www.radiopiu.net\/wordpress\/wp-content\/uploads\/2021\/01\/pp-2.jpg 640w\" sizes=\"auto, (max-width: 174px) 100vw, 174px\" \/><\/a>BELLUNO<\/strong> L&#8217;associazione culturale MU APS arriva a Belluno per presentare una tecnica manuale delicata e profonda che sostiene e stimola la capacit\u00e0 di autoguarigione nel corpo. Fa parte delle Discipline del Benessere e Bionaturali, e pu\u00f2 essere intrapreso sia come percorso professionale, sia come percorso di crescita personale. <strong>Per info, sessioni di prova e prenotazioni:Brunella Moro <span style=\"color: #0000ff;\">info@esteticaglamour.it<\/span> 347\/7742512 ISCRIZIONI ENTRO IL 15 MARZO SCONTO 10%\u00a0<\/strong><\/p>\n<p><span style=\"color: #ff0000;\">AUDIO BRUNELLA MORO<\/span><\/p>\n<audio class=\"wp-audio-shortcode\" id=\"audio-188049-2\" preload=\"none\" style=\"width: 100%;\" controls=\"controls\"><source type=\"audio\/mpeg\" src=\"https:\/\/www.radiopiu.net\/wordpress\/wp-content\/uploads\/2021\/01\/brunella.mp3?_=2\" \/><a href=\"https:\/\/www.radiopiu.net\/wordpress\/wp-content\/uploads\/2021\/01\/brunella.mp3\">https:\/\/www.radiopiu.net\/wordpress\/wp-content\/uploads\/2021\/01\/brunella.mp3<\/a><\/audio>\n<p>&nbsp;<\/p>\n<hr \/>\n<p>&nbsp;<\/p>\n<blockquote>\n<h3>LA SCUOLA SCI EQUIPE DI FALCADE SI PREPARA PER LA RIAPERTURA DEGLI IMPIANTI ORGANIZZANDO CORSI PER I GIOVANI<\/h3>\n<\/blockquote>\n<p><strong>FALCADE<\/strong> La Scuola Sci Equipe di Falcade sta aspettando con ansia la riapertura degli impianti sciistici e mette le mani avanti organizzando delle settimane bianche per le famiglie nel mese di marzo. Per ragioni di sicurezza legate alla diffusione della pandemia Covid-19 la data di apertura della skiarea \u00e8 posticipata, almeno fino al 15 febbraio. Nel frattempo\u00a0 i programmi delle settimane bianche dedicate alle famiglie e ai bambini. REBELS KIDS WEEK \u00a0dal 1 al 6 marzo e WEEK 4 KIDS dal 14 al 20 marzo. Sono previste interessanti scontistiche per l\u2019 acquisto dello skipass e per l\u2019alloggio presso le strutture aderenti.<\/p>\n<p>&nbsp;<\/p>\n<p>&nbsp;<\/p>\n<hr \/>\n<p>&nbsp;<\/p>\n<blockquote>\n<h3>RIAPRE IL MUSEO ALBINO LUCIANI<\/h3>\n<\/blockquote>\n<p><strong><a href=\"https:\/\/www.radiopiu.net\/wordpress\/apertura-del-museo-musal-per-la-valle-del-biois\/musal\/\" rel=\"attachment wp-att-63058\"><img loading=\"lazy\" decoding=\"async\" class=\" wp-image-63058 alignleft\" src=\"https:\/\/www.radiopiu.net\/wordpress\/wp-content\/uploads\/2018\/10\/musal-300x200.jpg\" alt=\"\" width=\"212\" height=\"141\" srcset=\"https:\/\/www.radiopiu.net\/wordpress\/wp-content\/uploads\/2018\/10\/musal-300x200.jpg 300w, https:\/\/www.radiopiu.net\/wordpress\/wp-content\/uploads\/2018\/10\/musal-768x512.jpg 768w, https:\/\/www.radiopiu.net\/wordpress\/wp-content\/uploads\/2018\/10\/musal-1024x683.jpg 1024w\" sizes=\"auto, (max-width: 212px) 100vw, 212px\" \/><\/a>CANALE D&#8217;AGORDO <\/strong>A seguito delle ultime comunicazioni ufficiali che stabiliscono <b>con luned\u00ec 1 febbraio 2021 <\/b>il ritorno del Veneto a zona gialla e che prevedono in particolare la riapertura dei musei, siamo lieti di comunicare la <b>riapertura <\/b>del <b>Museo Albino Luciani<\/b> (<u>la Casa natale rimane CHIUSA per lavori<\/u>), secondo i seguenti orari di visita:<b>DAL LUNEDI&#8217; AL VENERDI&#8217; <\/b><b>tutti i giorni <\/b>dalle <b>9.00 <\/b>alle <b>12.00; pomeriggio SU RICHIESTA E PRENOTAZIONE<\/b>\u00a0<b>(<u>con\u00a0preavviso di almeno 1 giorno<\/u>)<\/b> allo 0437 1948001 oppure via mail scrivendo a <a title=\"mailto:info@fondazionepapaluciani.com\" href=\"mailto:info@fondazionepapaluciani.com\">info@fondazionepapaluciani.com<\/a><\/p>\n<p>&nbsp;<\/p>\n<p>&nbsp;<\/p>\n<hr \/>\n<p>&nbsp;<\/p>\n<blockquote>\n<h3>ERA FASCISTA E LAVORI PUBBLICI A VALLADA E LA VALLE AGORDINA<\/h3>\n<\/blockquote>\n<p><strong>di Renato Bona<\/strong><\/p>\n<p>Proponiamo un\u2019altra ricognizione su due comuni dell\u2019Agordino: Vallada e La Valle, relativamente all\u2019attivit\u00e0 svolta e alle opere compiute sotto il regime fascista dalle amministrazioni e dagli enti della provincia. Lo facciamo sulla scorta di quanto \u00e8 riportato nel volume \u201cBelluno\u201d edito il 21 aprile 1934 (dodicesimo dell\u2019era fascista) a cura della regia Prefettura e della Federazione provinciale fascista e stampato in trecento esemplari numerati (quello che posseggo \u00e8 il numero 111 \u2013 ndr.) dallo stabilimenti tipografico Panfilo Castaldi di Feltre. VALLADA (abitanti 1034) &#8211; Nell\u2019anno 1925 (terzo dell\u2019era fascista): acquedotto di Pianezza che serve al rifornimento idrico di tutta la popolazione del Comune. L\u2019acqua viene prelevata da una sorgente situata alle pendici del monte Pianezza e mediante apposite condutture viene diramata per tutti i villaggi del Comune (Mas, Celat, Sachet, Andrich, Toffol, Piaz e Cogul); la spesa sostenuta ammonta a 250 mila 817,71 lire. Negli anni 1928-29 (sesto e settimo): strada Pianaz-Cogul: costruzione di un tronco di strada che congiunge i due villaggi di Piaz e Cogul, circa 300 metri di lunghezza. Fra i due villaggi esisteva un solo sentiero che durante la lunga stagione invernale era quasi impraticabile. L\u2019opera \u00e8 costata 19 mila 402,72 lire. Infine anno 1932 (decimo): sistemazione dell\u2019acquedotto comunale di Pezza: immissione di nuova acqua nelle vasche di presa, riparazione saracinesche e prese a strettoio, logorate per cattiva applicazione; costo dell\u2019opera 15 mila 106,10 lire. LA VALLE (abitanti 2.200) &#8211; Negli anni dal 1924 al 1926 (secondo e quarto), sempre secondo quanto si sostiene nel libro curato dal vice prefetto Carlo Riva, si \u00e8 proceduto alla sistemazione delle malghe pascolive Moschesin e Foca, con costruzione di due condutture d\u2019acqua e di una tettoia, per una spesa di 6.300 lire. Quindi: completamento della strada La Valle-Passo Duran che era stata iniziata durante la guerra dall\u2019Autorit\u00e0 militare e completata nel 1926 dal Comune con mezzi propri. Ha una lunghezza di 10 chilometri ed una larghezza media di 3 metri, con altimetria che varia dagli 800 ai 1600 metri. Viene precisato che \u201cServe alla popolazione pel trasporto dei prodotti del bosco e dei prati. Ha inoltre un notevole interesse turistico. Infatti, essa costituisce un tronco di quella strada che (parallela all\u2019altra delle Dolomiti), parte da Fiera di Primiero, passa per Cereda, Gosaldo, Frassen\u00e8, Agordo, La Valle, Forno di Zoldo, Cibiana per arrivare nella Valle del Boite a Valle di Cadore\u201d. In questo caso la spesa \u00e8 stata di 77 mila 300 lire. Ancora: riatto del ponte di Fades che \u201cunisce questo villaggio col capoluogo attraverso il torrente Missiaga. Costo del lavoro lire 6.000\u201d. Opere a difesa del torrente Missiaga: costruzione di una diga in cemento a Molinat e arginatura a difesa della strada comunale; costo dei lavori 9.800 lire. Anno 1927 (quinto): costruzione delle cascine e tettoie della malga pascoliva Calleda. Si legge: \u201cE\u2019 la malga principale del Comune, attraversata dalla suddetta strada del Passo Duran, e capace di 200 bovini. Furono ricostruite le cascine e tettoie secondo le norme del Segretariato della montagna, in solida muratura, a calce e cemento, copertura in \u2018Eternit\u2019, con adatti locali per la lavorazione dei prodotti e per l\u2019alloggio del personale. Costo complessivo 100 mila lire delle quali 72 mila a carico del Comune. Riatto acquedotto di Col e Matten: fu sostituita e prolungata la tubatura per dar maggiore comodit\u00e0 ai detti abitati. Spesa di 6.800 lire. Restauro della chiesa parrocchiale: fu coperta in zinco la parte anteriore del tetto e fu ridato l\u2019intonaco esterno: costo 13 mila 600 lire. Anno 1928 (sesto): allargamento della strada Torsas-Chiesa-Col de Spin: era troppo ristretta ed in condizioni malandate: l\u2019ultima parte che conduce al cimitero non era transitabile con alcun veicolo; fu allargata e sistemata cos\u00ec da potervi passare comodamente con veicoli normali. Lunghezza metri 500, larghezza media 4 metri; costo 22 mila 300 lire. Macello pubblico: modesta ma buona costruzione in muratura, coperta in cemento, con acqua corrente; costo 7.100 lire. Diga a Conaggia, costruita in legname e a riparo del torrente Bordina; costo 3 mila lire. Fonotelegrafo: mancando il telegrafo si effettu\u00f2 il raccordo con l\u2019Ufficio di Agordo, da parte dell\u2019Amministrazione postale; il Comune concorse nella spesa con 2.500 lire. Ci avviamo a conclusione con le opere dell\u2019anno 1929 (settimo): strada alla ferrovia, primo tronco Cancellade-Noach; allaccia il Comune alla strada provinciale ed alla Stazione ferroviari a La Valle. Praticamente serve per i villaggi della parte bassa del Comune poich\u00e9 l\u2019altra si serve della strada per Agordo. Il secondo tronco venne costruito nell\u2019anno 1931. Costo del primo; 50 mila 200 lire. Acquedotto di Cugnago: fu costruita una nuova vasca di presa in localit\u00e0 Le Fontane, per aumentare la portata dell\u2019acqua; costo 6.300 lire. Migliorie boschive con piantagione di alberi a Pianeida: spesa 6.000 lire. Anno 1930 (ottavo): Frana alla Muda: fu sistemata con lo scarico di massi pericolanti che minacciavano il villaggio di La Muda. Il lavoro fu diretto dall\u2019Ufficio provinciale del Genio civile ed \u00e8 costato complessivamente 9.300 lire delle quali 4.300 a carico del Comune. Lavatoi pubblici: costruiti in numero di 8 nei villaggi che ne erano sprovvisti; tutti in cemento e con acqua corrente; costo complessivo 5 mila lire. Strada della ferrovia: secondo tronco Noach-Le Campe, \u00e8 il completamento della strada costruita nell\u2019anno 1929. Con questo lavoro fu data la possibilit\u00e0 di accedere con autoveicoli a tutti i villaggi di questo Comune; la lunghezza della strada \u00e8 di 3 chilometri e la larghezza di 3 metri; costo del secondo tronco 34 mila 300 lire. Infine: sistemazioni boschive con piantagione di alberi e sistemazione del pascolo in Pianeida ed in Calleda, costate 15 mila 700 lire.<\/p>\n\n\t\t\t<style type='text\/css'>\n\t\t\t\t#gallery-2 {\n\t\t\t\t\tmargin: auto;\n\t\t\t\t}\n\t\t\t\t#gallery-2 .gallery-item {\n\t\t\t\t\tfloat: left;\n\t\t\t\t\tmargin-top: 10px;\n\t\t\t\t\ttext-align: center;\n\t\t\t\t\twidth: 14%;\n\t\t\t\t}\n\t\t\t\t#gallery-2 img {\n\t\t\t\t\tborder: 2px solid #cfcfcf;\n\t\t\t\t}\n\t\t\t\t#gallery-2 .gallery-caption {\n\t\t\t\t\tmargin-left: 0;\n\t\t\t\t}\n\t\t\t\t\/* see gallery_shortcode() in wp-includes\/media.php *\/\n\t\t\t<\/style>\n\t\t<div id='gallery-2' class='dt-gallery-container gallery galleryid-188049 gallery-columns-7 gallery-size-thumbnail'><dl class='gallery-item'>\n\t\t\t\t<dt class='gallery-icon landscape'>\n\t\t\t\t\t<a class=\"rollover rollover-zoom dt-pswp-item\" title=\"145010756_1137694193346508_1729913944265312592_n\" data-dt-img-description=\"\" data-large_image_width=\"834\" data-large_image_height=\"485\"href='https:\/\/www.radiopiu.net\/wordpress\/wp-content\/uploads\/2021\/01\/145010756_1137694193346508_1729913944265312592_n.jpg'><img loading=\"lazy\" decoding=\"async\" width=\"150\" height=\"150\" src=\"https:\/\/www.radiopiu.net\/wordpress\/wp-content\/uploads\/2021\/01\/145010756_1137694193346508_1729913944265312592_n-150x150.jpg\" class=\"attachment-thumbnail size-thumbnail\" alt=\"\" \/><\/a>\n\t\t\t\t<\/dt><\/dl><dl class='gallery-item'>\n\t\t\t\t<dt class='gallery-icon landscape'>\n\t\t\t\t\t<a class=\"rollover rollover-zoom dt-pswp-item\" title=\"145186263_130102705554967_7399168276448645149_n\" data-dt-img-description=\"\" data-large_image_width=\"200\" data-large_image_height=\"200\"href='https:\/\/www.radiopiu.net\/wordpress\/wp-content\/uploads\/2021\/01\/145186263_130102705554967_7399168276448645149_n.jpg'><img loading=\"lazy\" decoding=\"async\" width=\"150\" height=\"150\" src=\"https:\/\/www.radiopiu.net\/wordpress\/wp-content\/uploads\/2021\/01\/145186263_130102705554967_7399168276448645149_n-150x150.jpg\" class=\"attachment-thumbnail size-thumbnail\" alt=\"\" srcset=\"https:\/\/www.radiopiu.net\/wordpress\/wp-content\/uploads\/2021\/01\/145186263_130102705554967_7399168276448645149_n-150x150.jpg 150w, https:\/\/www.radiopiu.net\/wordpress\/wp-content\/uploads\/2021\/01\/145186263_130102705554967_7399168276448645149_n.jpg 200w\" sizes=\"auto, (max-width: 150px) 100vw, 150px\" \/><\/a>\n\t\t\t\t<\/dt><\/dl><dl class='gallery-item'>\n\t\t\t\t<dt class='gallery-icon landscape'>\n\t\t\t\t\t<a class=\"rollover rollover-zoom dt-pswp-item\" title=\"144687014_1418236601847088_3020174133855019494_n\" data-dt-img-description=\"\" data-large_image_width=\"246\" data-large_image_height=\"205\"href='https:\/\/www.radiopiu.net\/wordpress\/wp-content\/uploads\/2021\/01\/144687014_1418236601847088_3020174133855019494_n.jpg'><img loading=\"lazy\" decoding=\"async\" width=\"150\" height=\"150\" src=\"https:\/\/www.radiopiu.net\/wordpress\/wp-content\/uploads\/2021\/01\/144687014_1418236601847088_3020174133855019494_n-150x150.jpg\" class=\"attachment-thumbnail size-thumbnail\" alt=\"\" \/><\/a>\n\t\t\t\t<\/dt><\/dl><dl class='gallery-item'>\n\t\t\t\t<dt class='gallery-icon landscape'>\n\t\t\t\t\t<a class=\"rollover rollover-zoom dt-pswp-item\" title=\"144821559_3903929866325352_4448605438078234657_n\" data-dt-img-description=\"\" data-large_image_width=\"303\" data-large_image_height=\"166\"href='https:\/\/www.radiopiu.net\/wordpress\/wp-content\/uploads\/2021\/01\/144821559_3903929866325352_4448605438078234657_n.jpg'><img loading=\"lazy\" decoding=\"async\" width=\"150\" height=\"150\" src=\"https:\/\/www.radiopiu.net\/wordpress\/wp-content\/uploads\/2021\/01\/144821559_3903929866325352_4448605438078234657_n-150x150.jpg\" class=\"attachment-thumbnail size-thumbnail\" alt=\"\" \/><\/a>\n\t\t\t\t<\/dt><\/dl><dl class='gallery-item'>\n\t\t\t\t<dt class='gallery-icon landscape'>\n\t\t\t\t\t<a class=\"rollover rollover-zoom dt-pswp-item\" title=\"144907524_413286326589809_3643641347822036321_n\" data-dt-img-description=\"\" data-large_image_width=\"300\" data-large_image_height=\"168\"href='https:\/\/www.radiopiu.net\/wordpress\/wp-content\/uploads\/2021\/01\/144907524_413286326589809_3643641347822036321_n.jpg'><img loading=\"lazy\" decoding=\"async\" width=\"150\" height=\"150\" src=\"https:\/\/www.radiopiu.net\/wordpress\/wp-content\/uploads\/2021\/01\/144907524_413286326589809_3643641347822036321_n-150x150.jpg\" class=\"attachment-thumbnail size-thumbnail\" alt=\"\" \/><\/a>\n\t\t\t\t<\/dt><\/dl><dl class='gallery-item'>\n\t\t\t\t<dt class='gallery-icon landscape'>\n\t\t\t\t\t<a class=\"rollover rollover-zoom dt-pswp-item\" title=\"144731455_426857791768171_2296632363290253299_n\" data-dt-img-description=\"\" data-large_image_width=\"360\" data-large_image_height=\"222\"href='https:\/\/www.radiopiu.net\/wordpress\/wp-content\/uploads\/2021\/01\/144731455_426857791768171_2296632363290253299_n.jpg'><img loading=\"lazy\" decoding=\"async\" width=\"150\" height=\"150\" src=\"https:\/\/www.radiopiu.net\/wordpress\/wp-content\/uploads\/2021\/01\/144731455_426857791768171_2296632363290253299_n-150x150.jpg\" class=\"attachment-thumbnail size-thumbnail\" alt=\"\" \/><\/a>\n\t\t\t\t<\/dt><\/dl><dl class='gallery-item'>\n\t\t\t\t<dt class='gallery-icon landscape'>\n\t\t\t\t\t<a class=\"rollover rollover-zoom dt-pswp-item\" title=\"145014589_455778969139125_7574199837026711093_n\" data-dt-img-description=\"\" data-large_image_width=\"405\" data-large_image_height=\"260\"href='https:\/\/www.radiopiu.net\/wordpress\/wp-content\/uploads\/2021\/01\/145014589_455778969139125_7574199837026711093_n.jpg'><img loading=\"lazy\" decoding=\"async\" width=\"150\" height=\"150\" src=\"https:\/\/www.radiopiu.net\/wordpress\/wp-content\/uploads\/2021\/01\/145014589_455778969139125_7574199837026711093_n-150x150.jpg\" class=\"attachment-thumbnail size-thumbnail\" alt=\"\" \/><\/a>\n\t\t\t\t<\/dt><\/dl><br style=\"clear: both\" \/>\n\t\t\t<\/div>\n\n<p>NELLE FOTO (Annunci Belluno; Archivioagordinoorg; Radiopi\u00f9,net; Caicamposampiero.it; Magico Veneto; Corriere delle Alpi): immagini datate di Vallada Agordina e La Valle; la parrocchiale lavallese di San Michele Arcangelo; Malga Moschesin; scorcio di Cogul; il torrente Missiaga; recente frana a La Muda.<\/p>\n<p>&nbsp;<\/p>\n<p>&nbsp;<\/p>\n<hr \/>\n<p>&nbsp;<\/p>\n<blockquote>\n<h2>RITORNA AI MICROFONI DI RADIO PIU&#8217; FRANCESCO ZILLIO<br \/>\nseconda puntata, stagione 2021 &#8211; auto elettriche.<\/h2>\n<\/blockquote>\n<p>&nbsp;<\/p>\n<p><iframe loading=\"lazy\" title=\"EPCENTER  02-2021  RICARICA VETTURE ELETTRICHE IN AMBITO PRIVATO\" width=\"1200\" height=\"675\" src=\"https:\/\/www.youtube.com\/embed\/gx5t93SFHiQ?feature=oembed\" frameborder=\"0\" allow=\"accelerometer; autoplay; clipboard-write; encrypted-media; gyroscope; picture-in-picture\" allowfullscreen><\/iframe><\/p>\n<p>&nbsp;<\/p>\n<p>&nbsp;<\/p>\n<p><strong>LA VIDEO GALLERY\u00a0<\/strong><\/p>\n<blockquote class=\"wp-embedded-content\" data-secret=\"bqV1DZwHvk\"><p><a href=\"https:\/\/www.radiopiu.net\/wordpress\/ep-center-video-gallery\/\">EP CENTER video gallery<\/a><\/p><\/blockquote>\n<p><iframe loading=\"lazy\" class=\"wp-embedded-content\" sandbox=\"allow-scripts\" security=\"restricted\" style=\"position: absolute; clip: rect(1px, 1px, 1px, 1px);\" title=\"&#8220;EP CENTER video gallery&#8221; &#8212; Radio Pi\u00f9\" src=\"https:\/\/www.radiopiu.net\/wordpress\/ep-center-video-gallery\/embed\/#?secret=bqV1DZwHvk\" data-secret=\"bqV1DZwHvk\" width=\"600\" height=\"338\" frameborder=\"0\" marginwidth=\"0\" marginheight=\"0\" scrolling=\"no\"><\/iframe><\/p>\n<p>&nbsp;<\/p>\n<hr \/>\n<h2><\/h2>\n<p>&nbsp;<\/p>\n<blockquote class=\"wp-embedded-content\" data-secret=\"xRMjTY9wVM\"><p><a href=\"https:\/\/www.radiopiu.net\/wordpress\/giovani-agricoltori-agordini-di-gianni-santomaso\/\">GIOVANI AGRICOLTORI AGORDINI, di GIANNI SANTOMASO<\/a><\/p><\/blockquote>\n<p><iframe loading=\"lazy\" class=\"wp-embedded-content\" sandbox=\"allow-scripts\" security=\"restricted\" style=\"position: absolute; clip: rect(1px, 1px, 1px, 1px);\" title=\"&#8220;GIOVANI AGRICOLTORI AGORDINI, di GIANNI SANTOMASO&#8221; &#8212; Radio Pi\u00f9\" src=\"https:\/\/www.radiopiu.net\/wordpress\/giovani-agricoltori-agordini-di-gianni-santomaso\/embed\/#?secret=xRMjTY9wVM\" data-secret=\"xRMjTY9wVM\" width=\"600\" height=\"338\" frameborder=\"0\" marginwidth=\"0\" marginheight=\"0\" scrolling=\"no\"><\/iframe><\/p>\n<p>&nbsp;<\/p>\n<p>&nbsp;<\/p>\n<p>&nbsp;<\/p>\n<hr \/>\n<p>&nbsp;<\/p>\n<p>&nbsp;<\/p>\n<p>&nbsp;<\/p>\n<blockquote class=\"wp-embedded-content\" data-secret=\"RZbYqkAf0E\"><p><a href=\"https:\/\/www.radiopiu.net\/wordpress\/con-silvano-savio-visitiamo-il-museo-dedicato-a-papa-luciani\/\">CON SILVANO SAVIO VISITIAMO IL MUSEO DEDICATO A PAPA LUCIANI<\/a><\/p><\/blockquote>\n<p><iframe loading=\"lazy\" class=\"wp-embedded-content\" sandbox=\"allow-scripts\" security=\"restricted\" style=\"position: absolute; clip: rect(1px, 1px, 1px, 1px);\" title=\"&#8220;CON SILVANO SAVIO VISITIAMO IL MUSEO DEDICATO A PAPA LUCIANI&#8221; &#8212; Radio Pi\u00f9\" src=\"https:\/\/www.radiopiu.net\/wordpress\/con-silvano-savio-visitiamo-il-museo-dedicato-a-papa-luciani\/embed\/#?secret=RZbYqkAf0E\" data-secret=\"RZbYqkAf0E\" width=\"600\" height=\"338\" frameborder=\"0\" marginwidth=\"0\" marginheight=\"0\" scrolling=\"no\"><\/iframe><\/p>\n<p>&nbsp;<\/p>\n<hr \/>\n<p>&nbsp;<\/p>\n<h3><\/h3>\n<blockquote class=\"wp-embedded-content\" data-secret=\"LXMz0wdtEe\"><p><a href=\"https:\/\/www.radiopiu.net\/wordpress\/conosciamo-la-corale-di-limana-con-le-interviste-di-silvia-baldo\/\">CONOSCIAMO LA CORALE DI LIMANA CON LE INTERVISTE DI SILVIA BALDO<\/a><\/p><\/blockquote>\n<p><iframe loading=\"lazy\" class=\"wp-embedded-content\" sandbox=\"allow-scripts\" security=\"restricted\" style=\"position: absolute; clip: rect(1px, 1px, 1px, 1px);\" title=\"&#8220;CONOSCIAMO LA CORALE DI LIMANA CON LE INTERVISTE DI SILVIA BALDO&#8221; &#8212; Radio Pi\u00f9\" src=\"https:\/\/www.radiopiu.net\/wordpress\/conosciamo-la-corale-di-limana-con-le-interviste-di-silvia-baldo\/embed\/#?secret=LXMz0wdtEe\" data-secret=\"LXMz0wdtEe\" width=\"600\" height=\"338\" frameborder=\"0\" marginwidth=\"0\" marginheight=\"0\" scrolling=\"no\"><\/iframe><\/p>\n<p>&nbsp;<\/p>\n<p>&nbsp;<\/p>\n<hr \/>\n<div dir=\"auto\">\n<blockquote>\n<h2><\/h2>\n<h2>FANTASTICHE DOLOMITI, NUOVA STAGIONE. APPUNTAMENTO QUINDICINALE IL GIOVEDI ALLE 10.30 E 19.00<\/h2>\n<\/blockquote>\n<p><strong><span style=\"color: #ff0000;\">LA NUOVA PUNTATA i corsi di formazione della Fondazione<\/span><\/strong><\/p>\n<audio class=\"wp-audio-shortcode\" id=\"audio-188049-3\" preload=\"none\" style=\"width: 100%;\" controls=\"controls\"><source type=\"audio\/mpeg\" src=\"https:\/\/www.radiopiu.net\/wordpress\/wp-content\/uploads\/2020\/10\/fatnastiche-dolomiti-28-gennaio.mp3?_=3\" \/><a href=\"https:\/\/www.radiopiu.net\/wordpress\/wp-content\/uploads\/2020\/10\/fatnastiche-dolomiti-28-gennaio.mp3\">https:\/\/www.radiopiu.net\/wordpress\/wp-content\/uploads\/2020\/10\/fatnastiche-dolomiti-28-gennaio.mp3<\/a><\/audio>\n<h1>LA RACCOLTA COMPLETA<\/h1>\n<blockquote class=\"wp-embedded-content\" data-secret=\"qcUL5TCdjt\"><p><a href=\"https:\/\/www.radiopiu.net\/wordpress\/https-wp-me-p63lo7-gyg\/\">FANTASTICHE DOLOMITI 7^ PUNTATA: IL QUINDICINALE APPUNTAMENTO ALLA RADIO<\/a><\/p><\/blockquote>\n<p><iframe loading=\"lazy\" class=\"wp-embedded-content\" sandbox=\"allow-scripts\" security=\"restricted\" style=\"position: absolute; clip: rect(1px, 1px, 1px, 1px);\" title=\"&#8220;FANTASTICHE DOLOMITI 7^ PUNTATA: IL QUINDICINALE APPUNTAMENTO ALLA RADIO&#8221; &#8212; Radio Pi\u00f9\" src=\"https:\/\/www.radiopiu.net\/wordpress\/https-wp-me-p63lo7-gyg\/embed\/#?secret=qcUL5TCdjt\" data-secret=\"qcUL5TCdjt\" width=\"600\" height=\"338\" frameborder=\"0\" marginwidth=\"0\" marginheight=\"0\" scrolling=\"no\"><\/iframe><\/p>\n<p>&nbsp;<\/p>\n<hr \/>\n<blockquote>\n<h2><\/h2>\n<h2>SALUTE E SOCIETA&#8217; IL LUNEDI ALLE 13.10 E ALLE 20.10, LA DOMENICA ALLE 10.30 A CURA DEL DOTTOR MARCO CARACCIOLO. QUINTA STAGIONE<\/h2>\n<\/blockquote>\n<p><a href=\"https:\/\/www.radiopiu.net\/wordpress\/giornale-radiopiu-26-gennaio-2021-direttore-mirko-mezzacasa\/october-breast-cancer-awareness-month-adult-woman-hand-holding\/\" rel=\"attachment wp-att-186779\"><img loading=\"lazy\" decoding=\"async\" class=\" wp-image-186779 alignleft\" src=\"https:\/\/www.radiopiu.net\/wordpress\/wp-content\/uploads\/2021\/01\/7c80c3e0-66c5-4ea7-a5be-767151665bfa-300x167.jpg\" alt=\"\" width=\"201\" height=\"112\" srcset=\"https:\/\/www.radiopiu.net\/wordpress\/wp-content\/uploads\/2021\/01\/7c80c3e0-66c5-4ea7-a5be-767151665bfa-300x167.jpg 300w, https:\/\/www.radiopiu.net\/wordpress\/wp-content\/uploads\/2021\/01\/7c80c3e0-66c5-4ea7-a5be-767151665bfa-768x427.jpg 768w, https:\/\/www.radiopiu.net\/wordpress\/wp-content\/uploads\/2021\/01\/7c80c3e0-66c5-4ea7-a5be-767151665bfa.jpg 800w\" sizes=\"auto, (max-width: 201px) 100vw, 201px\" \/><\/a><strong><span style=\"color: #ff0000;\">LA PUNTATA DELLA SETTIMANA\u00a0 <\/span><\/strong>Laudato Medico \u00e8 il riconoscimento istituito per preservare l\u2019eredit\u00e0 umana del professor Umberto Veronesi: accoglienza, ascolto, comunicazione e vicinanza al paziente. Ogni anno, dal 1\u00b0 al 31 ottobre, le pazienti che hanno o hanno avuto il tumore al seno hanno segnalato i medici che gli sono stati pi\u00f9 vicino durante il percorso di cura. Rosanna D\u2019Antona, Presidente Europa Donna Italia<\/p>\n<audio class=\"wp-audio-shortcode\" id=\"audio-188049-4\" preload=\"none\" style=\"width: 100%;\" controls=\"controls\"><source type=\"audio\/mpeg\" src=\"https:\/\/www.radiopiu.net\/wordpress\/wp-content\/uploads\/2021\/01\/SALUTE-2.mp3?_=4\" \/><a href=\"https:\/\/www.radiopiu.net\/wordpress\/wp-content\/uploads\/2021\/01\/SALUTE-2.mp3\">https:\/\/www.radiopiu.net\/wordpress\/wp-content\/uploads\/2021\/01\/SALUTE-2.mp3<\/a><\/audio>\n<h3>LA RACCOLTA COMPLETA<\/h3>\n<blockquote class=\"wp-embedded-content\" data-secret=\"DsecIjXLFW\"><p><a href=\"https:\/\/www.radiopiu.net\/wordpress\/saluteesocieta\/\">Salute e Societ\u00e0<\/a><\/p><\/blockquote>\n<p><iframe loading=\"lazy\" class=\"wp-embedded-content\" sandbox=\"allow-scripts\" security=\"restricted\" style=\"position: absolute; clip: rect(1px, 1px, 1px, 1px);\" title=\"&#8220;Salute e Societ\u00e0&#8221; &#8212; Radio Pi\u00f9\" src=\"https:\/\/www.radiopiu.net\/wordpress\/saluteesocieta\/embed\/#?secret=DsecIjXLFW\" data-secret=\"DsecIjXLFW\" width=\"600\" height=\"338\" frameborder=\"0\" marginwidth=\"0\" marginheight=\"0\" scrolling=\"no\"><\/iframe><\/p>\n<hr \/>\n<h2><\/h2>\n<h2><span style=\"color: #ff0000;\"><a href=\"https:\/\/www.radiopiu.net\/wordpress\/giornale-radiopiu-05-gennaio-2021-direttore-mirko-mezzacasa\/133200401_100838761953611_1258544160541445132_o-2\/\" rel=\"attachment wp-att-183078\"><img loading=\"lazy\" decoding=\"async\" class=\" wp-image-183078 alignleft\" src=\"https:\/\/www.radiopiu.net\/wordpress\/wp-content\/uploads\/2021\/01\/133200401_100838761953611_1258544160541445132_o-1-300x157.jpg\" alt=\"\" width=\"192\" height=\"101\" srcset=\"https:\/\/www.radiopiu.net\/wordpress\/wp-content\/uploads\/2021\/01\/133200401_100838761953611_1258544160541445132_o-1-300x157.jpg 300w, https:\/\/www.radiopiu.net\/wordpress\/wp-content\/uploads\/2021\/01\/133200401_100838761953611_1258544160541445132_o-1.jpg 526w\" sizes=\"auto, (max-width: 192px) 100vw, 192px\" \/><\/a>GOCCE DI FILOSOFIA, CON CHIARA CAU, CON LISA DE LUCA. <\/span><\/h2>\n<h2><span style=\"color: #ff0000;\">TUTTI I GIORNI DAL LUNEDI AL VENERDI ALLE 6.55 E ALLE 18.55<\/span><\/h2>\n<h3>LA RACCOLTA COMPLETA<\/h3>\n<blockquote class=\"wp-embedded-content\" data-secret=\"PTuS2ZBdZo\"><p><a href=\"https:\/\/www.radiopiu.net\/wordpress\/gocce-filosofia\/\">Gocce di filosofia<\/a><\/p><\/blockquote>\n<p><iframe loading=\"lazy\" class=\"wp-embedded-content\" sandbox=\"allow-scripts\" security=\"restricted\" style=\"position: absolute; clip: rect(1px, 1px, 1px, 1px);\" title=\"&#8220;Gocce di filosofia&#8221; &#8212; Radio Pi\u00f9\" src=\"https:\/\/www.radiopiu.net\/wordpress\/gocce-filosofia\/embed\/#?secret=PTuS2ZBdZo\" data-secret=\"PTuS2ZBdZo\" width=\"600\" height=\"338\" frameborder=\"0\" marginwidth=\"0\" marginheight=\"0\" scrolling=\"no\"><\/iframe><\/p>\n<p>&nbsp;<\/p>\n<hr \/>\n<p>&nbsp;<\/p>\n<div class=\"im_message_wrap clearfix\">\n<div class=\"im_content_message_wrap im_message_out\">\n<h2><span style=\"color: #ff0000;\">IERI ALLA RADIO\u00a0 IN VIVO VERSO 2020-21<\/span><\/h2>\n<p><strong><span style=\"color: #0000ff;\">IN ONDA DAL LUNEDI AL VENERDI ALLE 7.10, 10.10, 18.50<\/span><\/strong><\/p>\n<p><strong>LA RACCOLTA<\/strong><\/p>\n<blockquote class=\"wp-embedded-content\" data-secret=\"7igIoQqQak\"><p><a href=\"https:\/\/www.radiopiu.net\/wordpress\/in-vivo-verso\/\">In Vivo Verso<\/a><\/p><\/blockquote>\n<p><iframe loading=\"lazy\" class=\"wp-embedded-content\" sandbox=\"allow-scripts\" security=\"restricted\" style=\"position: absolute; clip: rect(1px, 1px, 1px, 1px);\" title=\"&#8220;In Vivo Verso&#8221; &#8212; Radio Pi\u00f9\" src=\"https:\/\/www.radiopiu.net\/wordpress\/in-vivo-verso\/embed\/#?secret=7igIoQqQak\" data-secret=\"7igIoQqQak\" width=\"600\" height=\"338\" frameborder=\"0\" marginwidth=\"0\" marginheight=\"0\" scrolling=\"no\"><\/iframe><\/p>\n<p>&nbsp;<\/p>\n<\/div>\n<\/div>\n<hr \/>\n<h3 class=\"kvgmc6g5 cxmmr5t8 oygrvhab hcukyx3x c1et5uql\"><span style=\"color: #0000ff;\">INFORMAZIONE il canale su TELEGRAM informazione di prima mano e in tempo reale. iscriviti ed aiutaci a farlo conoscere\u00a0<\/span><\/h3>\n<h2><a href=\"https:\/\/www.radiopiu.net\/wordpress\/capitali-della-cultura\/library-with-books_1063-98\/\" rel=\"attachment wp-att-186776\"><img loading=\"lazy\" decoding=\"async\" class=\"wp-image-186776 alignleft\" src=\"https:\/\/www.radiopiu.net\/wordpress\/wp-content\/uploads\/2021\/01\/library-with-books_1063-98-300x200.jpg\" alt=\"\" width=\"149\" height=\"99\" srcset=\"https:\/\/www.radiopiu.net\/wordpress\/wp-content\/uploads\/2021\/01\/library-with-books_1063-98-300x200.jpg 300w, https:\/\/www.radiopiu.net\/wordpress\/wp-content\/uploads\/2021\/01\/library-with-books_1063-98.jpg 626w\" sizes=\"auto, (max-width: 149px) 100vw, 149px\" \/><\/a>007 IN CONDOTTA CON LA PROF. MARIA ROSA SALMAZO IL LUNEDI ALLE 10,30 E ALLE 19.00 LA DOMENICA ALLE 8 DEL MATTINO. NONA STAGIONE<\/h2>\n<p><span style=\"color: #ff0000;\"><strong>LA PUNTATA DELLA SETTIMANA\u00a0<\/strong><\/span><\/p>\n<audio class=\"wp-audio-shortcode\" id=\"audio-188049-5\" preload=\"none\" style=\"width: 100%;\" controls=\"controls\"><source type=\"audio\/mpeg\" src=\"https:\/\/www.radiopiu.net\/wordpress\/wp-content\/uploads\/2020\/10\/007-condotta-25-gennaio.mp3?_=5\" \/><a href=\"https:\/\/www.radiopiu.net\/wordpress\/wp-content\/uploads\/2020\/10\/007-condotta-25-gennaio.mp3\">https:\/\/www.radiopiu.net\/wordpress\/wp-content\/uploads\/2020\/10\/007-condotta-25-gennaio.mp3<\/a><\/audio>\n<h2>LA RACCOLTA COMPLETA<\/h2>\n<blockquote class=\"wp-embedded-content\" data-secret=\"09NP0aETbj\"><p><a href=\"https:\/\/www.radiopiu.net\/wordpress\/007incondotta-9\/\">007 in condotta<\/a><\/p><\/blockquote>\n<p><iframe loading=\"lazy\" class=\"wp-embedded-content\" sandbox=\"allow-scripts\" security=\"restricted\" style=\"position: absolute; clip: rect(1px, 1px, 1px, 1px);\" title=\"&#8220;007 in condotta&#8221; &#8212; Radio Pi\u00f9\" src=\"https:\/\/www.radiopiu.net\/wordpress\/007incondotta-9\/embed\/#?secret=09NP0aETbj\" data-secret=\"09NP0aETbj\" width=\"600\" height=\"338\" frameborder=\"0\" marginwidth=\"0\" marginheight=\"0\" scrolling=\"no\"><\/iframe><\/p>\n<p>&nbsp;<\/p>\n<p>&nbsp;<\/p>\n<p>&nbsp;<\/p>\n<hr \/>\n<p>&nbsp;<\/p>\n<blockquote>\n<h2><a href=\"https:\/\/www.radiopiu.net\/wordpress\/speciale-solidarieta-veneto\/solidarieta-veneto-3\/\" rel=\"attachment wp-att-134366\"><img loading=\"lazy\" decoding=\"async\" class=\"wp-image-134366 alignleft\" src=\"https:\/\/www.radiopiu.net\/wordpress\/wp-content\/uploads\/2020\/05\/solidariet\u00e0-veneto-300x210.jpg\" alt=\"\" width=\"102\" height=\"71\" srcset=\"https:\/\/www.radiopiu.net\/wordpress\/wp-content\/uploads\/2020\/05\/solidariet\u00e0-veneto-300x210.jpg 300w, https:\/\/www.radiopiu.net\/wordpress\/wp-content\/uploads\/2020\/05\/solidariet\u00e0-veneto-1024x717.jpg 1024w, https:\/\/www.radiopiu.net\/wordpress\/wp-content\/uploads\/2020\/05\/solidariet\u00e0-veneto-768x538.jpg 768w, https:\/\/www.radiopiu.net\/wordpress\/wp-content\/uploads\/2020\/05\/solidariet\u00e0-veneto.jpg 1373w\" sizes=\"auto, (max-width: 102px) 100vw, 102px\" \/><\/a>SOLIDARIETA&#8217; VENETO FONDO PENSIONE, IN ONDA IL PRIMO VENERDI DEL MESE ALLE 10.30 E ALLE 19.00 QUINTA STAGIONE<\/h2>\n<\/blockquote>\n<p><strong>AUDIO<\/strong><\/p>\n<audio class=\"wp-audio-shortcode\" id=\"audio-188049-6\" preload=\"none\" style=\"width: 100%;\" controls=\"controls\"><source type=\"audio\/mpeg\" src=\"https:\/\/www.radiopiu.net\/wordpress\/wp-content\/uploads\/2020\/10\/solidarieta-veneto-gennaio.mp3?_=6\" \/><a href=\"https:\/\/www.radiopiu.net\/wordpress\/wp-content\/uploads\/2020\/10\/solidarieta-veneto-gennaio.mp3\">https:\/\/www.radiopiu.net\/wordpress\/wp-content\/uploads\/2020\/10\/solidarieta-veneto-gennaio.mp3<\/a><\/audio>\n<p>&nbsp;<\/p>\n<blockquote>\n<h2>RACCOLTA COMPLETA<\/h2>\n<\/blockquote>\n<blockquote class=\"wp-embedded-content\" data-secret=\"XxnFN5DzZ2\"><p><a href=\"https:\/\/www.radiopiu.net\/wordpress\/solidarieta-veneto\/\">Solidariet\u00e0 Veneto<\/a><\/p><\/blockquote>\n<p><iframe loading=\"lazy\" class=\"wp-embedded-content\" sandbox=\"allow-scripts\" security=\"restricted\" style=\"position: absolute; clip: rect(1px, 1px, 1px, 1px);\" title=\"&#8220;Solidariet\u00e0 Veneto&#8221; &#8212; Radio Pi\u00f9\" src=\"https:\/\/www.radiopiu.net\/wordpress\/solidarieta-veneto\/embed\/#?secret=XxnFN5DzZ2\" data-secret=\"XxnFN5DzZ2\" width=\"600\" height=\"338\" frameborder=\"0\" marginwidth=\"0\" marginheight=\"0\" scrolling=\"no\"><\/iframe><\/p>\n<p>&nbsp;<\/p>\n<p>&nbsp;<\/p>\n<hr \/>\n<p>&nbsp;<\/p>\n<h2><span style=\"color: #808000;\">DUE MINUTI UN LIBRO\u00a0 TUTTI I GIORNI ALLA RADIO ALLE 9.30 E ALLE 18. QUINTA STAGIONE\u00a0<\/span><\/h2>\n<h2>LA RACCOLTA COMPLETA<\/h2>\n<blockquote class=\"wp-embedded-content\" data-secret=\"nrmMP8Nx86\"><p><a href=\"https:\/\/www.radiopiu.net\/wordpress\/due-minuti-un-libro\/\">Due minuti un libro<\/a><\/p><\/blockquote>\n<p><iframe loading=\"lazy\" class=\"wp-embedded-content\" sandbox=\"allow-scripts\" security=\"restricted\" style=\"position: absolute; clip: rect(1px, 1px, 1px, 1px);\" title=\"&#8220;Due minuti un libro&#8221; &#8212; Radio Pi\u00f9\" src=\"https:\/\/www.radiopiu.net\/wordpress\/due-minuti-un-libro\/embed\/#?secret=nrmMP8Nx86\" data-secret=\"nrmMP8Nx86\" width=\"600\" height=\"338\" frameborder=\"0\" marginwidth=\"0\" marginheight=\"0\" scrolling=\"no\"><\/iframe><\/p>\n<p>&nbsp;<\/p>\n<hr \/>\n<p>&nbsp;<\/p>\n<p>&nbsp;<\/p>\n<blockquote>\n<h2>CASSA SOLIDARIET\u00c0 LUXOTTICA<\/h2>\n<\/blockquote>\n<h3><strong><span style=\"color: #ff0000;\">IL NUMERO DI GENNAIO CON PAOLO CHISSALE&#8217; E FABRIZIO CAMPEDEL\u00a0\u00a0<\/span><\/strong><\/h3>\n<audio class=\"wp-audio-shortcode\" id=\"audio-188049-7\" preload=\"none\" style=\"width: 100%;\" controls=\"controls\"><source type=\"audio\/mpeg\" src=\"https:\/\/www.radiopiu.net\/wordpress\/wp-content\/uploads\/2021\/01\/ca-sol-lux-gennaio.mp3?_=7\" \/><a href=\"https:\/\/www.radiopiu.net\/wordpress\/wp-content\/uploads\/2021\/01\/ca-sol-lux-gennaio.mp3\">https:\/\/www.radiopiu.net\/wordpress\/wp-content\/uploads\/2021\/01\/ca-sol-lux-gennaio.mp3<\/a><\/audio>\n<blockquote>\n<h2>RACCOLTA COMPLETA<\/h2>\n<\/blockquote>\n<blockquote class=\"wp-embedded-content\" data-secret=\"n2glEUx0PN\"><p><a href=\"https:\/\/www.radiopiu.net\/wordpress\/cassa-solidarieta-luxottica-puntata-del-16-ottobre-2020\/\">CASSA SOLIDARIET\u00c0 LUXOTTICA &#8211; PUNTATA DEL 20 NOVEMBRE 2020<\/a><\/p><\/blockquote>\n<p><iframe loading=\"lazy\" class=\"wp-embedded-content\" sandbox=\"allow-scripts\" security=\"restricted\" style=\"position: absolute; clip: rect(1px, 1px, 1px, 1px);\" title=\"&#8220;CASSA SOLIDARIET\u00c0 LUXOTTICA &#8211; PUNTATA DEL 20 NOVEMBRE 2020&#8221; &#8212; Radio Pi\u00f9\" src=\"https:\/\/www.radiopiu.net\/wordpress\/cassa-solidarieta-luxottica-puntata-del-16-ottobre-2020\/embed\/#?secret=n2glEUx0PN\" data-secret=\"n2glEUx0PN\" width=\"600\" height=\"338\" frameborder=\"0\" marginwidth=\"0\" marginheight=\"0\" scrolling=\"no\"><\/iframe><\/p>\n<p>&nbsp;<\/p>\n<hr \/>\n<p>&nbsp;<\/p>\n<h2><span style=\"color: #ff0000;\">NUOVA PUNTATA 27 GENNAIO, CLICCA ED ENTRA NELLA RACCOLTA<\/span><\/h2>\n<audio class=\"wp-audio-shortcode\" id=\"audio-188049-8\" preload=\"none\" style=\"width: 100%;\" controls=\"controls\"><source type=\"audio\/mpeg\" src=\"https:\/\/www.radiopiu.net\/wordpress\/wp-content\/uploads\/2021\/01\/PAOLO.mp3?_=8\" \/><a href=\"https:\/\/www.radiopiu.net\/wordpress\/wp-content\/uploads\/2021\/01\/PAOLO.mp3\">https:\/\/www.radiopiu.net\/wordpress\/wp-content\/uploads\/2021\/01\/PAOLO.mp3<\/a><\/audio>\n<blockquote class=\"wp-embedded-content\" data-secret=\"G6wja0vmzJ\"><p><a href=\"https:\/\/www.radiopiu.net\/wordpress\/184594-2\/\">CISL LA VOCE DEI LAVORATORI, CON PAOLO CHISSALE&#8217;<\/a><\/p><\/blockquote>\n<p><iframe loading=\"lazy\" class=\"wp-embedded-content\" sandbox=\"allow-scripts\" security=\"restricted\" style=\"position: absolute; clip: rect(1px, 1px, 1px, 1px);\" title=\"&#8220;CISL LA VOCE DEI LAVORATORI, CON PAOLO CHISSALE&#8217;&#8221; &#8212; Radio Pi\u00f9\" src=\"https:\/\/www.radiopiu.net\/wordpress\/184594-2\/embed\/#?secret=G6wja0vmzJ\" data-secret=\"G6wja0vmzJ\" width=\"600\" height=\"338\" frameborder=\"0\" marginwidth=\"0\" marginheight=\"0\" scrolling=\"no\"><\/iframe><\/p>\n<div>\n<p>&nbsp;<\/p>\n<p>&nbsp;<\/p>\n<hr \/>\n<p>&nbsp;<\/p>\n<h2><span style=\"color: #800080;\"><strong>LA RASSEGNA STAMPA DA L&#8217;AMICO DEL POPOLO\u00a0<\/strong><\/span><\/h2>\n<h3 class=\"kvgmc6g5 cxmmr5t8 oygrvhab hcukyx3x c1et5uql\"><span style=\"color: #0000ff;\"> INFORMAZIONE il canale su TELEGRAM informazione di prima mano e in tempo reale. iscriviti ed aiutaci a farlo conoscere\u00a0<\/span><\/h3>\n<p><a href=\"https:\/\/www.radiopiu.net\/wordpress\/la-rassegna-stampa-da-lamico-del-popolo-30-gennaio-2021\/don-bruno-de-lazzer\/\" rel=\"attachment wp-att-187959\"><img loading=\"lazy\" decoding=\"async\" class=\"size-medium wp-image-187959 alignleft\" src=\"https:\/\/www.radiopiu.net\/wordpress\/wp-content\/uploads\/2021\/01\/DON-BRUNO-DE-LAZZER-300x168.jpeg\" alt=\"\" width=\"300\" height=\"168\" srcset=\"https:\/\/www.radiopiu.net\/wordpress\/wp-content\/uploads\/2021\/01\/DON-BRUNO-DE-LAZZER-300x168.jpeg 300w, https:\/\/www.radiopiu.net\/wordpress\/wp-content\/uploads\/2021\/01\/DON-BRUNO-DE-LAZZER.jpeg 650w\" sizes=\"auto, (max-width: 300px) 100vw, 300px\" \/><\/a><strong>di Gianni Santomaso<\/strong><\/p>\n<p><strong>OSPITE: Don Bruno De Lazzer<\/strong><\/p>\n<audio class=\"wp-audio-shortcode\" id=\"audio-188049-9\" preload=\"none\" style=\"width: 100%;\" controls=\"controls\"><source type=\"audio\/mpeg\" src=\"https:\/\/www.radiopiu.net\/wordpress\/wp-content\/uploads\/2021\/01\/RASSEGNA-GIANNI-3.mp3?_=9\" \/><a href=\"https:\/\/www.radiopiu.net\/wordpress\/wp-content\/uploads\/2021\/01\/RASSEGNA-GIANNI-3.mp3\">https:\/\/www.radiopiu.net\/wordpress\/wp-content\/uploads\/2021\/01\/RASSEGNA-GIANNI-3.mp3<\/a><\/audio>\n<p>&nbsp;<\/p>\n<p><strong>LA RACCOLTA COMPLETA<\/strong><\/p>\n<blockquote class=\"wp-embedded-content\" data-secret=\"6HNN8nkE4M\"><p><a href=\"https:\/\/www.radiopiu.net\/wordpress\/rassegna-stampa-di-gianni-santomaso\/\">Rassegna stampa da l&#8217;amico del popolo &#8211; di Gianni Santomaso<\/a><\/p><\/blockquote>\n<p><iframe loading=\"lazy\" class=\"wp-embedded-content\" sandbox=\"allow-scripts\" security=\"restricted\" style=\"position: absolute; clip: rect(1px, 1px, 1px, 1px);\" title=\"&#8220;Rassegna stampa da l&#8217;amico del popolo &#8211; di Gianni Santomaso&#8221; &#8212; Radio Pi\u00f9\" src=\"https:\/\/www.radiopiu.net\/wordpress\/rassegna-stampa-di-gianni-santomaso\/embed\/#?secret=6HNN8nkE4M\" data-secret=\"6HNN8nkE4M\" width=\"600\" height=\"338\" frameborder=\"0\" marginwidth=\"0\" marginheight=\"0\" scrolling=\"no\"><\/iframe><\/p>\n<p>&nbsp;<\/p>\n<p>&nbsp;<\/p>\n<hr \/>\n<p>&nbsp;<\/p>\n<p>&nbsp;<\/p>\n<div>\n<h2><span style=\"color: #33cccc;\">I RACCONTI DI PAOLO SOPPELSA il lunedi alle 9.30 e 18.30<\/span><\/h2>\n<h3 class=\"kvgmc6g5 cxmmr5t8 oygrvhab hcukyx3x c1et5uql\"><span style=\"color: #0000ff;\">INFORMAZIONE il canale su TELEGRAM informazione di prima mano e in tempo reale. iscriviti ed aiutaci a farlo conoscere\u00a0<\/span><\/h3>\n<h2><span style=\"color: #33cccc;\"><strong>RACCOLTA COMPLETA<\/strong><\/span><\/h2>\n<blockquote class=\"wp-embedded-content\" data-secret=\"7QbbN1eKWw\"><p><a href=\"https:\/\/www.radiopiu.net\/wordpress\/i-racconti-di-paolo-soppelsa\/\">I racconti di Paolo Soppelsa<\/a><\/p><\/blockquote>\n<p><iframe loading=\"lazy\" class=\"wp-embedded-content\" sandbox=\"allow-scripts\" security=\"restricted\" style=\"position: absolute; clip: rect(1px, 1px, 1px, 1px);\" title=\"&#8220;I racconti di Paolo Soppelsa&#8221; &#8212; Radio Pi\u00f9\" src=\"https:\/\/www.radiopiu.net\/wordpress\/i-racconti-di-paolo-soppelsa\/embed\/#?secret=7QbbN1eKWw\" data-secret=\"7QbbN1eKWw\" width=\"600\" height=\"338\" frameborder=\"0\" marginwidth=\"0\" marginheight=\"0\" scrolling=\"no\"><\/iframe><\/p>\n<\/div>\n<p>&nbsp;<\/p>\n<hr \/>\n<p>&nbsp;<\/p>\n<div>\n<h2><strong><a href=\"https:\/\/www.radiopiu.net\/wordpress\/giornale-radiopiu-27-gennaio-2021-direttore-mirko-mezzacasa\/142305304_1574729036048491_2041651557520315472_o\/\" rel=\"attachment wp-att-186985\"><img loading=\"lazy\" decoding=\"async\" class=\"size-medium wp-image-186985 alignleft\" src=\"https:\/\/www.radiopiu.net\/wordpress\/wp-content\/uploads\/2021\/01\/142305304_1574729036048491_2041651557520315472_o-213x300.jpg\" alt=\"\" width=\"213\" height=\"300\" srcset=\"https:\/\/www.radiopiu.net\/wordpress\/wp-content\/uploads\/2021\/01\/142305304_1574729036048491_2041651557520315472_o-213x300.jpg 213w, https:\/\/www.radiopiu.net\/wordpress\/wp-content\/uploads\/2021\/01\/142305304_1574729036048491_2041651557520315472_o.jpg 510w\" sizes=\"auto, (max-width: 213px) 100vw, 213px\" \/><\/a><\/strong><\/h2>\n<h2><\/h2>\n<h2><strong>LE\u00a0 PUNTATE di Luisa Alchini di Leggermente Bellunesi, la domenica alle 11, <span style=\"color: #0000ff;\">IL MARTEDI IN PRIMA EDIZIONE\u00a0<\/span> alle 10.30 e alle 19.00<\/strong><\/h2>\n<p><strong>LA PUNTATA DELLA SETTIMANA <\/strong>San Gregorio Nelle Alpi ha dato i natali ad un padre costituente: Manlio Pat, raccontanto nel libro a cura della figlia Francesca Pat.<\/p>\n<audio class=\"wp-audio-shortcode\" id=\"audio-188049-10\" preload=\"none\" style=\"width: 100%;\" controls=\"controls\"><source type=\"audio\/mpeg\" src=\"https:\/\/www.radiopiu.net\/wordpress\/wp-content\/uploads\/2021\/01\/16leggermentefrancescapat.mp3?_=10\" \/><a href=\"https:\/\/www.radiopiu.net\/wordpress\/wp-content\/uploads\/2021\/01\/16leggermentefrancescapat.mp3\">https:\/\/www.radiopiu.net\/wordpress\/wp-content\/uploads\/2021\/01\/16leggermentefrancescapat.mp3<\/a><\/audio>\n<h2><strong style=\"font-size: 14px;\"><span style=\"color: #000000;\">RACCOLTA COMPLETA<\/span><\/strong><\/h2>\n<\/div>\n<blockquote class=\"wp-embedded-content\" data-secret=\"dXek9b03kK\"><p><a href=\"https:\/\/www.radiopiu.net\/wordpress\/leggermente-20\/\">LEGGERmente&#8230;Bellunesi<\/a><\/p><\/blockquote>\n<p><iframe loading=\"lazy\" class=\"wp-embedded-content\" sandbox=\"allow-scripts\" security=\"restricted\" style=\"position: absolute; clip: rect(1px, 1px, 1px, 1px);\" title=\"&#8220;LEGGERmente&#8230;Bellunesi&#8221; &#8212; Radio Pi\u00f9\" src=\"https:\/\/www.radiopiu.net\/wordpress\/leggermente-20\/embed\/#?secret=dXek9b03kK\" data-secret=\"dXek9b03kK\" width=\"600\" height=\"338\" frameborder=\"0\" marginwidth=\"0\" marginheight=\"0\" scrolling=\"no\"><\/iframe><\/p>\n<hr \/>\n<p>&nbsp;<\/p>\n<blockquote>\n<h3><a href=\"https:\/\/www.radiopiu.net\/wordpress\/almanacco-ladino-puntata-5-2020\/sn\/\" rel=\"attachment wp-att-180931\"><img loading=\"lazy\" decoding=\"async\" class=\"wp-image-180931 alignleft\" src=\"https:\/\/www.radiopiu.net\/wordpress\/wp-content\/uploads\/2020\/12\/sn-300x194.jpg\" alt=\"\" width=\"181\" height=\"117\" srcset=\"https:\/\/www.radiopiu.net\/wordpress\/wp-content\/uploads\/2020\/12\/sn-300x194.jpg 300w, https:\/\/www.radiopiu.net\/wordpress\/wp-content\/uploads\/2020\/12\/sn.jpg 626w\" sizes=\"auto, (max-width: 181px) 100vw, 181px\" \/><\/a>L&#8217;ALMANACCO LADINO CON L&#8217;ISTITUT CESA DE JAN QUINDICINALE APPUNTAMENTO. LA DOMENICA ALLE 9 IL LUNEDI ALLE 8.35 IL MARTEDI ALLE 12.35 IL MERCOLEDI ALLE 18.35. SECONDA STAGIONE.<\/h3>\n<\/blockquote>\n<p>&nbsp;<\/p>\n<p><strong>RACCOLTA COMPLETA\u00a0<\/strong><\/p>\n<blockquote class=\"wp-embedded-content\" data-secret=\"RQJFFJlIZR\"><p><a href=\"https:\/\/www.radiopiu.net\/wordpress\/almanacco-ladino\/\">Almanacco Ladino<\/a><\/p><\/blockquote>\n<p><iframe loading=\"lazy\" class=\"wp-embedded-content\" sandbox=\"allow-scripts\" security=\"restricted\" style=\"position: absolute; clip: rect(1px, 1px, 1px, 1px);\" title=\"&#8220;Almanacco Ladino&#8221; &#8212; Radio Pi\u00f9\" src=\"https:\/\/www.radiopiu.net\/wordpress\/almanacco-ladino\/embed\/#?secret=RQJFFJlIZR\" data-secret=\"RQJFFJlIZR\" width=\"600\" height=\"338\" frameborder=\"0\" marginwidth=\"0\" marginheight=\"0\" scrolling=\"no\"><\/iframe><\/p>\n<p>&nbsp;<\/p>\n<\/div>\n<hr \/>\n<div>\n<h2><span style=\"color: #000080;\"><a class=\"dt-pswp-item\" href=\"https:\/\/www.radiopiu.net\/wordpress\/wp-content\/uploads\/2020\/10\/pp.jpg\" data-dt-img-description=\"\" data-large_image_width=\"640\" data-large_image_height=\"640\"><img loading=\"lazy\" decoding=\"async\" class=\"wp-image-163678 alignleft\" src=\"https:\/\/www.radiopiu.net\/wordpress\/wp-content\/uploads\/2020\/10\/pp-300x300.jpg\" alt=\"\" width=\"106\" height=\"106\" srcset=\"https:\/\/www.radiopiu.net\/wordpress\/wp-content\/uploads\/2020\/10\/pp-300x300.jpg 300w, https:\/\/www.radiopiu.net\/wordpress\/wp-content\/uploads\/2020\/10\/pp-150x150.jpg 150w, https:\/\/www.radiopiu.net\/wordpress\/wp-content\/uploads\/2020\/10\/pp-125x125.jpg 125w, https:\/\/www.radiopiu.net\/wordpress\/wp-content\/uploads\/2020\/10\/pp-200x200.jpg 200w, https:\/\/www.radiopiu.net\/wordpress\/wp-content\/uploads\/2020\/10\/pp-80x80.jpg 80w, https:\/\/www.radiopiu.net\/wordpress\/wp-content\/uploads\/2020\/10\/pp-480x480.jpg 480w, https:\/\/www.radiopiu.net\/wordpress\/wp-content\/uploads\/2020\/10\/pp.jpg 640w\" sizes=\"auto, (max-width: 106px) 100vw, 106px\" \/><\/a> <\/span><\/h2>\n<h2><span style=\"color: #000080;\">DON CESARE, IL PENSIERO DEL GIORNO. ALLA RADIO ALLE 7 DEL MATTINO E ALLE 19.30 DELLA SERA.\u00a0\u00a0<\/span><\/h2>\n<p>&nbsp;<\/p>\n<\/div>\n<p>&nbsp;<\/p>\n<p>&nbsp;<\/p>\n<audio class=\"wp-audio-shortcode\" id=\"audio-188049-11\" preload=\"none\" style=\"width: 100%;\" controls=\"controls\"><source type=\"audio\/mpeg\" src=\"https:\/\/www.radiopiu.net\/wordpress\/wp-content\/uploads\/2021\/02\/CESARE.mp3?_=11\" \/><a href=\"https:\/\/www.radiopiu.net\/wordpress\/wp-content\/uploads\/2021\/02\/CESARE.mp3\">https:\/\/www.radiopiu.net\/wordpress\/wp-content\/uploads\/2021\/02\/CESARE.mp3<\/a><\/audio>\n<hr \/>\n<p>&nbsp;<\/p>\n<div>\n<p class=\"photoswipe-wrapper\"><a class=\"dt-pswp-item pspw-wrap-ready\" href=\"https:\/\/i0.wp.com\/www.radiopiu.net\/wordpress\/wp-content\/uploads\/2018\/09\/viabilita.jpeg?ssl=1\" data-dt-img-description=\"\" data-large_image_width=\"800\" data-large_image_height=\"100\"><img loading=\"lazy\" decoding=\"async\" class=\"aligncenter wp-image-61954 size-full\" src=\"https:\/\/i0.wp.com\/www.radiopiu.net\/wordpress\/wp-content\/uploads\/2018\/09\/viabilita.jpeg?resize=800%2C100&amp;ssl=1\" sizes=\"auto, (max-width: 800px) 100vw, 800px\" srcset=\"https:\/\/i0.wp.com\/www.radiopiu.net\/wordpress\/wp-content\/uploads\/2018\/09\/viabilita.jpeg?w=800&amp;ssl=1 800w, https:\/\/i0.wp.com\/www.radiopiu.net\/wordpress\/wp-content\/uploads\/2018\/09\/viabilita.jpeg?resize=300%2C38&amp;ssl=1 300w, https:\/\/i0.wp.com\/www.radiopiu.net\/wordpress\/wp-content\/uploads\/2018\/09\/viabilita.jpeg?resize=768%2C96&amp;ssl=1 768w\" alt=\"\" width=\"800\" height=\"100\" \/><\/a><\/p>\n<\/div>\n<p>&nbsp;<\/p>\n<p><strong>SP 473 DI CROCE D&#8217;AUNE<\/strong> interruzioni al traffico della durata massima di 20 minuti tra Ponte Otra e Sovramonte dal 26 al 29 gennaio, dalle 8:30 alle 17, per consentire taglio alberature pericolose e messa in sicurezza della strada<\/p>\n<p><strong>SP 1 MADONNA DEL PIAVE <\/strong>senso unico alternato regolato da semaforo fino al 15 gennaio in comune di Quero Vas per realizzazione tombinatura<\/p>\n<p><strong>SP 42 CAVALLERA<\/strong> fino a revoca, chiusura della strada nell&#8217;abitato di Perarolo per attivazione emergenza frana &#8220;Busa del Cristo&#8221;<\/p>\n<p><strong>S.P.2 DELLA VALLE DEL MIS\u00a0<\/strong>Interdizione totale al traffico fino a revoca dal km 14,920 (localit\u00e0 Gona Bassa) al km 20,650 (localit\u00e0 Titele) per cedimento della carreggiata<\/p>\n<p><strong>S.P. 5 DI LAMOSANO<\/strong>\u00a0Interdizione totale fino a revoca per presenza di materiale e alberi in strada.<\/p>\n<p><strong>S.P. 251 DI VAL DI ZOLDO E VAL CELLINA\u00a0<\/strong>dalla localit\u00e0 Soffranco fino all&#8217;imbocco nord della galleria S. Giovanni interdizione totale al transito per cedimento della carreggiata<\/p>\n<p><strong>SP 3 DELLA VAL IMPERINA<\/strong> fino a revoca, senso unico alternato regolato a vista in localit\u00e0 Gona di Conedera di Rivamonte per cedimento della carreggiata stradale<\/p>\n<p>&nbsp;<\/p>\n<div>\n<hr \/>\n<p>&nbsp;<\/p>\n<p class=\"photoswipe-wrapper\"><a class=\"dt-pswp-item pspw-wrap-ready\" href=\"https:\/\/i0.wp.com\/www.radiopiu.net\/wordpress\/wp-content\/uploads\/2018\/09\/WhatsApp-Image-2018-09-20-at-16.04.06.jpeg?ssl=1\" data-dt-img-description=\"\" data-large_image_width=\"800\" data-large_image_height=\"100\"><img loading=\"lazy\" decoding=\"async\" class=\"aligncenter wp-image-61378 size-full jetpack-lazy-image jetpack-lazy-image--handled\" src=\"https:\/\/i0.wp.com\/www.radiopiu.net\/wordpress\/wp-content\/uploads\/2018\/09\/WhatsApp-Image-2018-09-20-at-16.04.06.jpeg?resize=800%2C100&amp;ssl=1\" sizes=\"auto, (max-width: 800px) 100vw, 800px\" srcset=\"https:\/\/i0.wp.com\/www.radiopiu.net\/wordpress\/wp-content\/uploads\/2018\/09\/WhatsApp-Image-2018-09-20-at-16.04.06.jpeg?w=800&amp;ssl=1 800w, https:\/\/i0.wp.com\/www.radiopiu.net\/wordpress\/wp-content\/uploads\/2018\/09\/WhatsApp-Image-2018-09-20-at-16.04.06.jpeg?resize=300%2C38&amp;ssl=1 300w, https:\/\/i0.wp.com\/www.radiopiu.net\/wordpress\/wp-content\/uploads\/2018\/09\/WhatsApp-Image-2018-09-20-at-16.04.06.jpeg?resize=768%2C96&amp;ssl=1 768w\" alt=\"\" width=\"800\" height=\"100\" data-lazy-loaded=\"1\" \/><\/a><\/p>\n<p><b>\u00a0<\/b><\/p>\n<p><center><b>Lunedi 1<\/b><\/center><b>Tempo atteso: <\/b>Tempo variabile con cielo in prevalenza nuvoloso o parzialmente nuvoloso con annuvolamenti e schiarite. Possibili foschie, nubi basse o qualche nebbia nelle conche prealpine nelle ore pi\u00f9 fredde.<br \/>\n<b>Precipitazioni: <\/b>Assenti (0%).<br \/>\n<b>Temperature: <\/b>In calo, anche sensibile in quota. Clima temporaneamente pi\u00f9 freddo rispetto ai giorni precedenti. Su Prealpi a 1500 m min -4\u00b0C max 1\u00b0C, a 2000 m min -6\u00b0C max -1\u00b0C. Su Dolomiti a 2000 m min -6\u00b0C max -1\u00b0C, a 3000 m min -11\u00b0C max -5\u00b0C.<br \/>\n<b>Venti: <\/b>Venti deboli di direzione variabile nelle valli; in quota in prevalenza moderati da ovest, a 15-20 km\/h a 2000 m, a 20-30 km\/h a 3000 m.<\/p>\n<hr \/>\n<p><center><b>Martedi 2<\/b><\/center><b>Tempo atteso: <\/b>Tempo pi\u00f9 soleggiato rispetto ai giorni precedenti specie sulle Dolomiti, anche se a tratti potr\u00e0 essere parzialmente soleggiato per transito di nubi medio-alte; nuvolosit\u00e0 un po&#8217; pi\u00f9 presente sulle zone prealpine rispetto alle Dolomiti e senza precipitazioni, con parziali riduzioni della visibilit\u00e0 nelle ore pi\u00f9 fredde nelle conche prealpine, per foschie o locali nebbie o nubi basse.<br \/>\n<b>Precipitazioni: <\/b>Assenti (0%).<br \/>\n<b>Temperature: <\/b>Temperature minime stazionarie o in lieve calo nelle valli, in aumento in quota; massime in generale ripresa specie in quota. Clima diurno meno freddo, soprattutto in alta montagna. Su Prealpi a 1500 m min -1\u00b0C max 5\u00b0C, a 2000 m min -3\u00b0C max 3\u00b0C. Su Dolomiti a 2000 m min -4\u00b0C max 3\u00b0C, a 3000 m min -10\u00b0C max -3\u00b0C.<br \/>\n<b>Venti: <\/b>Deboli di direzione variabile nelle valli; in quota da moderati a tesi dai quadranti occidentali, a 10-20 km\/h a 2000 m, a 20-30 km\/h a 3000 m.<\/p>\n<hr \/>\n<p><center><b>Mercoledi 3<\/b><\/center>Tempo solo in parte soleggiato per lo scorrimento di nubi medio-alte nel corso della della giornata; parziale riduzione della visibilit\u00e0 nelle ore pi\u00f9 fredde per foschie, nubi basse o locali nebbie in alcune valli specie nelle conche prealpine. Precipitazioni generalmente assenti. Temperature minime in aumento, massime in contenuta diminuzione, su valori prossimi alla norma. Venti in quota in rinforzo fino a tesi\/forti da ovest.<\/p>\n<hr \/>\n<p><center><b>Giovedi 4<\/b><\/center>Cielo generalmente poco nuvoloso sulle Dolomiti e in quota sulle zone prealpine, da nuvoloso a parzialmente nuvoloso sulle conche prealpine dove saranno possibili delle foschie, qualche nebbia o nubi basse nelle ore pi\u00f9 fredde. Temperature in generale aumento, con clima meno freddo, ma ancora piuttosto umido specie sulle zone prealpine. Venti in quota ancora tesi\/forti da ovest. Previsore: M.Padoan<\/p>\n<hr \/>\n<p>&nbsp;<\/p>\n<\/div>\n<\/div>\n<p><a href=\"https:\/\/www.radiopiu.net\/wordpress\/giornale-radiopiu-15-settembre-2018-direttore-mirko-mezzacasa\/sport-7\/\" rel=\"attachment wp-att-60761\"><img loading=\"lazy\" decoding=\"async\" class=\"aligncenter wp-image-60761 size-full\" src=\"https:\/\/www.radiopiu.net\/wordpress\/wp-content\/uploads\/2018\/09\/sport.jpg\" alt=\"\" width=\"800\" height=\"100\" srcset=\"https:\/\/www.radiopiu.net\/wordpress\/wp-content\/uploads\/2018\/09\/sport.jpg 800w, https:\/\/www.radiopiu.net\/wordpress\/wp-content\/uploads\/2018\/09\/sport-300x38.jpg 300w, https:\/\/www.radiopiu.net\/wordpress\/wp-content\/uploads\/2018\/09\/sport-768x96.jpg 768w\" sizes=\"auto, (max-width: 800px) 100vw, 800px\" \/><\/a><\/p>\n<p>&nbsp;<\/p>\n<hr \/>\n<p>&nbsp;<\/p>\n<blockquote>\n<h3>CAMILLA ZASSO DELLO SCI CLUB VAL BIOIS E DANIEL FEDON (SCI CLUB 18)\u00a0 GRANDI PROTAGONISTI IERI IN VAL DI ZOLDO NEL TROFEO DI SCI ALPINO AUTODRIVE.<\/h3>\n<\/blockquote>\n<p>Camilla Zasso si \u00e8 classificata seconda alle spalle della trevigiana Gloria Tomat. Per Fedon, secondo posto alle spalle di Andrea Lepre (del friulano Cimenti Sci).\u00a0 Gigante femminile: 1. Gloria Tomat (Sci club Montebelluna) 1.04.47; 2. Camilla Zasso (Sci club Val Biois) 1.05.66; 3. Vittoria Checchinato (Agonistica Sportmarket) 1.07.26; 4. Marta Dal Vera (Sci club Orsago) 1.08.03; 5. Jennifer Belfi (Sci club Dolomiti Cadore). Gigante maschile: 1. Andrea Lepre (Cimenti Sci) 1.02.94; 2. Daniel Fedon (Sci club 18) 1.04.21; 3. Filippo Biondo (Sci club Cortina) 1.04.41; 4. Rudi Pittarello (Patavium Sci) 1.04.53; 5. Nicola Pellegrinet (Sci club Orsago) 1.04.66<\/p>\n<p>&nbsp;<\/p>\n<hr \/>\n<p>&nbsp;<\/p>\n<blockquote>\n<h3>SAN PELLEGRINO, SKI COLLEGE PROTAGONISTA<\/h3>\n<\/blockquote>\n<p>Nel gigante di sabato podio di Valentina Savorgnani: terza la ragazza friulana, staccata di 23 centesimi dalla vincitrice, la canadese Caroline Beauchamp, e a quattro centesimi dalla piazzata, l&#8217;argentina Francesca Baruzzi Farriol. Ieri \u00e8 arrivato un doppio podio: nel gigante vinto da Carlotta De Leonardis, la Savorgnani ha chiuso al secondo posto, staccata di appena 3 centesimi, mentre Aurora Zavatarelli al terzo.\u00a0 A Val Palot, in provincia di Brescia, i ragazzi sabato hanno gareggiato in uno slalom valido per il Grand Prix Italia Giovani. Sulle nevi lombarde si \u00e8 registrata la vittoria di Gianlorenzo Di Paolo, abruzzese cresciuto nello Ski College e ora in tuta Fiamme Gialle.<\/p>\n<p>&nbsp;<\/p>\n<hr \/>\n<blockquote>\n<h3><\/h3>\n<h3>SULLA MARCIALONGA IL SIGILLO DELLO SVEDESE PERSSON<\/h3>\n<\/blockquote>\n<p><em>Dopo dieci anni Emil Persson riporta la bandiera giallo-azzurra della Svezia sul gradino pi\u00f9 alto della Marcialonga, la granfondo delle Valli di Fiemme e Fassa. Nell&#8217;edizione numero 48 della regina delle granfondo, deve dunque accontentarsi del secondo posto il norvegese Tord Asle Gjerdalen che era alla <a href=\"https:\/\/www.radiopiu.net\/wordpress\/sulla-marcialonga-il-sigillo-dello-svedese-persson\/download-1107\/\" rel=\"attachment wp-att-188157\"><img loading=\"lazy\" decoding=\"async\" class=\"size-full wp-image-188157 alignleft\" src=\"https:\/\/www.radiopiu.net\/wordpress\/wp-content\/uploads\/2021\/02\/download.jpg\" alt=\"\" width=\"281\" height=\"180\" \/><\/a>ricerca del quarto titolo dopo la tripletta realizzata tra 2015, 2016 e 2017. Lo svedese chiude davanti per appena tre decimi. A completare il podio maschile \u00e8 il russo Ermil Vokuev.<\/em><\/p>\n<p><strong>Sono Sara Pellegrini e Lorenzo Busin i migliori bellunesi della quarantottesima Marcialonga. I due chiudono rispettivamente ventunesima e cinquantunesimo in classifica.\u00a0<\/strong><\/p>\n<p><strong> Uomini<\/strong>. Marcialonga: 51. Lorenzo Busin 3.17.13, 125. Toni Barp 3.58.32, 134. Martino Ploner 4.02.08, 145. Andrea Viel 4.06.55, 210. Gabriel Zandonella 4.28.35, 251. Paolo Zampieri 4.41.15, 285. Stefano Murer 4.46.46, 340. Flavio Angeloni 4.58.35, 354. Mattia Fenti 5.03.30, 368. Carlo Cattaruzza 5.05.52, 452. Lorenzo De Zaiacomo 5.32.56, 480. Claudio Peloso 5.40.11, 481. Maurizio Paolin 5.40.14, 487. Giovanni Argenti 5.41.35, 494. Claudio Fontanive 5.42.31, 573. Christian Piergentili 6.01.53, 575. Costantino Costantin 6.02.21, 584. Gabriele Toffoli 6.03.51, 613. Renzo Poletti 6.12.35, 655. Riccardo Fontanive 6.27.34, 777. Stefano Zambotti 7.12.01. Light: 4. Stefano Dal Magro 2.06.31, 14. Emanuele Busin 2.21.23, 15. Luca Brancaleone 2.21.30.<\/p>\n<p><strong>Donne<\/strong>. Marcialonga: 21. Sara Pellegrini 3.45.30, 54. Laura Tognetti 5.34.53, 69. Silvia Mariani 6.08.46, 84. Verena De Grandi 6.27.14, 91. Eleonora Rech 6.37.35, 92. Franca Favero 6.38.15, 93. Marta Da Pra 6.38.16, 103. Anna Durighello 6.52.52, 141. Ornella Mortagna 7.45.43, 158. Esther Kef 8.29.39, 159. Eleonora Orlandi 8.30.42, 163. Irene Da Rold 8.37.52, 164. Irma Scopel 8.38.13. Light: 7. Mariastella Pellegrinon 3.24.04, 23. Francesca Simonetto 4.45.02.<\/p>\n<p>&nbsp;<\/p>\n<hr \/>\n<blockquote>\n<h3>L&#8217;ALLEGHE CROLLA CONTRO UN MERANO NETTAMENTE SUPERIORE<\/h3>\n<\/blockquote>\n<p class=\"p1\"><b><a href=\"https:\/\/www.radiopiu.net\/wordpress\/alleghe-hockey-dalla-ihl-allunder-13-passando-per-il-femminile\/hockey-bbb\/\" rel=\"attachment wp-att-70532\"><img loading=\"lazy\" decoding=\"async\" class=\"size-medium wp-image-70532 alignleft\" src=\"https:\/\/www.radiopiu.net\/wordpress\/wp-content\/uploads\/2018\/12\/HOCKEY-BBB-300x188.jpg\" alt=\"\" width=\"300\" height=\"188\" srcset=\"https:\/\/www.radiopiu.net\/wordpress\/wp-content\/uploads\/2018\/12\/HOCKEY-BBB-300x188.jpg 300w, https:\/\/www.radiopiu.net\/wordpress\/wp-content\/uploads\/2018\/12\/HOCKEY-BBB-768x480.jpg 768w, https:\/\/www.radiopiu.net\/wordpress\/wp-content\/uploads\/2018\/12\/HOCKEY-BBB-1024x640.jpg 1024w, https:\/\/www.radiopiu.net\/wordpress\/wp-content\/uploads\/2018\/12\/HOCKEY-BBB.jpg 1920w\" sizes=\"auto, (max-width: 300px) 100vw, 300px\" \/><\/a>ALLEGHE &#8211; MERANO 0-4<\/b><\/p>\n<p class=\"p1\">PARZIALI: 0-0, 0-2, 0-2<\/p>\n<p class=\"p1\">GOL: st. 3\u201956\u201d O. Ahlstroem, 15\u201958\u201d O. Ahlstroem. tt. 9\u201918\u201d Ansoldi, 13\u201914\u201d V. Ahlstroem<\/p>\n<p class=\"p1\"><strong>ALLEGHE<\/strong> Seconda sconfitta consecutiva per l\u2019Alleghe Hockey che si piega di fronte ad un Merano nettamente superiore. La squadra altoatesina fa il buono e il cattivo tempo al De Toni. I ragazzi di Matikainen tengono il passo degli avversari per un solo tempo poi pagano due ingenuit\u00e0 consegnando ai meranesi la vittoria. Sabato prossimo di nuovo in campo, ad Alleghe arriva il Val di Fiemme. Match abbastanza equilibrato con le squadre che lottano su ogni disco. Le civette non riescono a sfruttare una superiorit\u00e0 numerica. Tante inesattezze in fase offensiva e 2\u2019 gettati al vento. Sfida che s\u2019incattivisce con colpi al limite del regolamento. Il Merano comincia a macinare gioco ma la difesa agordina \u00e8 attenta. Fa fatica la squadra di Matikainen e gli altoatesini tengono in mano la partita impegnando pi\u00f9 volte Scola. Nel secondo tempo il Merano sblocca il punteggio. Ci pensa Oscar Ahlstroem che indisturbato fa il giro della porta prima di spedire sotto al sette il disco. Biancorossi che sembrano accusare il colpo e meranesi che continuano a prendere di mira la gabbia alleghese. Gli ospiti cercano di controllare la partita impedendo alle civette di farsi pericolose in fase offensiva. Provano a reagire gli agordini ma la conclusione di De Toni viene bloccata dal golie delle aquile. Intanto Soppelsa atterra un avversario, viene concesso il rigore che Oscar Ahlstroem realizza. Nel terzo drittel il Merano continua a premere. I padroni di casa si chiudono in difesa per evitare altri gol. Ospiti che realizzano la terza marcatura della serata con Ansoldi. Sembrano arrendersi le civette e il Merano cala il poker, quarta rete a firma di Victor Ahlstroem mettendo un sigillo al match.<\/p>\n<p>&nbsp;<\/p>\n<p>&nbsp;<\/p>\n<hr \/>\n<p>&nbsp;<\/p>\n<blockquote>\n<h3>UN FINE SETTIMANA AMARO PER LE GIOVANILI DELL&#8217;ALLEGHE<\/h3>\n<\/blockquote>\n<p class=\"p1\"><strong><a href=\"https:\/\/www.radiopiu.net\/wordpress\/hockey-alleghe\/hockey-557219_1280\/\" rel=\"attachment wp-att-51902\"><img loading=\"lazy\" decoding=\"async\" class=\"size-medium wp-image-51902 alignleft\" src=\"https:\/\/www.radiopiu.net\/wordpress\/wp-content\/uploads\/2018\/06\/hockey-557219_1280-300x200.jpg\" alt=\"\" width=\"300\" height=\"200\" srcset=\"https:\/\/www.radiopiu.net\/wordpress\/wp-content\/uploads\/2018\/06\/hockey-557219_1280-300x200.jpg 300w, https:\/\/www.radiopiu.net\/wordpress\/wp-content\/uploads\/2018\/06\/hockey-557219_1280-768x512.jpg 768w, https:\/\/www.radiopiu.net\/wordpress\/wp-content\/uploads\/2018\/06\/hockey-557219_1280-1024x682.jpg 1024w, https:\/\/www.radiopiu.net\/wordpress\/wp-content\/uploads\/2018\/06\/hockey-557219_1280.jpg 1280w\" sizes=\"auto, (max-width: 300px) 100vw, 300px\" \/><\/a>UNDER 15<\/strong><\/p>\n<p class=\"p1\"><strong>ASIAGO &#8211; ALLEGHE 10-2<\/strong><\/p>\n<p class=\"p1\">L\u2019Alleghe Under 15 torna da Asiago con una sconfitta. I giovani alleghesi non riescono ad incidere in terra vicentina mettendo a segno 2 reti contro le 10 subite. Una netta differenza sul ghiaccio premia gli asiaghesi che mettono al sicuro il risultato nella seconda frazione chiudendo definitivamente la sfida nell\u2019ultimo drittel.<\/p>\n<p class=\"p1\"><strong>UNDER 17 <\/strong><\/p>\n<p class=\"p1\"><strong>ALLEGHE &#8211; TRENTO 2-4<\/strong><\/p>\n<p class=\"p1\">Partita da dimenticare per le civette Under 17 che tra le mura amiche non riescono a tenere il passo del Trento capace di calare un poker al De Toni. Trentini che passano subito in vantaggio chiudendo la prima frazione su l\u20191 a 0. Nel secondo dritte continua il momento buio degli agordini che subiscono altre 3 marcature dagli ospiti ma accorciano con Frescura a pochi minuti dal termine della frazione centrale. Trento che gestisce bene la gara e Alleghe che sigla la seconda marcatura a pochi secondi dalla fine con Targa.<\/p>\n<p>&nbsp;<\/p>\n<p>&nbsp;<\/p>\n<hr \/>\n<p>&nbsp;<\/p>\n<blockquote>\n<h3>IL 17-18 APRILE IL RALLY BELLUNESE<\/h3>\n<\/blockquote>\n<p><strong><a href=\"https:\/\/www.radiopiu.net\/wordpress\/il-17-18-aprile-il-rally-bellunese\/foto_cs3-min\/\" rel=\"attachment wp-att-188136\"><img loading=\"lazy\" decoding=\"async\" class=\"size-medium wp-image-188136 alignleft\" src=\"https:\/\/www.radiopiu.net\/wordpress\/wp-content\/uploads\/2021\/01\/foto_cs3-min-300x171.jpeg\" alt=\"\" width=\"300\" height=\"171\" srcset=\"https:\/\/www.radiopiu.net\/wordpress\/wp-content\/uploads\/2021\/01\/foto_cs3-min-300x171.jpeg 300w, https:\/\/www.radiopiu.net\/wordpress\/wp-content\/uploads\/2021\/01\/foto_cs3-min-1024x584.jpeg 1024w, https:\/\/www.radiopiu.net\/wordpress\/wp-content\/uploads\/2021\/01\/foto_cs3-min-768x438.jpeg 768w, https:\/\/www.radiopiu.net\/wordpress\/wp-content\/uploads\/2021\/01\/foto_cs3-min-1536x876.jpeg 1536w, https:\/\/www.radiopiu.net\/wordpress\/wp-content\/uploads\/2021\/01\/foto_cs3-min-2048x1168.jpeg 2048w\" sizes=\"auto, (max-width: 300px) 100vw, 300px\" \/><\/a>di Roberto Bona<\/strong><\/p>\n<audio class=\"wp-audio-shortcode\" id=\"audio-188049-12\" preload=\"none\" style=\"width: 100%;\" controls=\"controls\"><source type=\"audio\/mpeg\" src=\"https:\/\/www.radiopiu.net\/wordpress\/wp-content\/uploads\/2021\/01\/ROBERTO-BONA-RALLY-BELLUNESE-2021.mp3?_=12\" \/><a href=\"https:\/\/www.radiopiu.net\/wordpress\/wp-content\/uploads\/2021\/01\/ROBERTO-BONA-RALLY-BELLUNESE-2021.mp3\">https:\/\/www.radiopiu.net\/wordpress\/wp-content\/uploads\/2021\/01\/ROBERTO-BONA-RALLY-BELLUNESE-2021.mp3<\/a><\/audio>\n<p><iframe loading=\"lazy\" title=\"36\u00b0Rally Bellunese ANTEPRIMA\" width=\"1200\" height=\"675\" src=\"https:\/\/www.youtube.com\/embed\/tHOax323YFE?feature=oembed\" frameborder=\"0\" allow=\"accelerometer; autoplay; clipboard-write; encrypted-media; gyroscope; picture-in-picture\" allowfullscreen><\/iframe><\/p>\n<p>&nbsp;<\/p>\n<hr \/>\n<p>&nbsp;<\/p>\n<blockquote>\n<h3>AGLI ITALIANI DI BIATHLON SEBASTIANO CAGNATI SETTIMO, MIGLIORE DEI VENETI IN GARA<\/h3>\n<\/blockquote>\n<p><strong><a href=\"https:\/\/www.radiopiu.net\/wordpress\/agli-italiani-di-biatholn-sebastiano-cagnati-settimo-migliore-dei-veneti-in-gara\/sebastiano-cagnati\/\" rel=\"attachment wp-att-188016\"><img loading=\"lazy\" decoding=\"async\" class=\"size-medium wp-image-188016 alignleft\" src=\"https:\/\/www.radiopiu.net\/wordpress\/wp-content\/uploads\/2021\/01\/SEBASTIANO-CAGNATI-200x300.jpg\" alt=\"\" width=\"200\" height=\"300\" srcset=\"https:\/\/www.radiopiu.net\/wordpress\/wp-content\/uploads\/2021\/01\/SEBASTIANO-CAGNATI-200x300.jpg 200w, https:\/\/www.radiopiu.net\/wordpress\/wp-content\/uploads\/2021\/01\/SEBASTIANO-CAGNATI-683x1024.jpg 683w, https:\/\/www.radiopiu.net\/wordpress\/wp-content\/uploads\/2021\/01\/SEBASTIANO-CAGNATI.jpg 720w\" sizes=\"auto, (max-width: 200px) 100vw, 200px\" \/><\/a>FORNI AVOLTRI (UDINE) <\/strong>Sabato prima giornata dei campionati di biathlon dedicata alle categorie ragazzi e allievi. Alla Arena Carnia di Piani Di Luzza la giornata dedicata alla sprint. Buona giornata per gli atleti dello Sci Club Val Biois. Sebastiano Cagnati ha ottenuto un buon settimo posto, il migliore della rappresentativa del Veneto. Perfetto al primo poligono ha per\u00f2 sbagliato tre volte al secondo poligono in piedi. Buon undicesimo tempo anche di Davide Capra. Nella categoria ragazze 16\u00ba tempo per Lisa Ganz.<\/p>\n","protected":false},"excerpt":{"rendered":"<p>PER RICEVERE QUESTO NOTIZIARIO DIRETTAMENTE SUL TUO CELLULARE ISCRIVITI AL CANALE TELEGRAM \u201cRADIO PIU\u00a0 INFORMAZIONE&#8221;\u00a0 SUPERATI I 3000 ISCRITTI, il CANALE TELEGRAM&#8230; UNISCITI A: RADIO PIU INFORMAZIONE &nbsp; ATTENZIONE: LA NUOVA APP PER IOS-IPHONE di Nicola Vettorello https:\/\/apps.apple.com\/it\/app\/radio-pi%C3%B9-emittente-agordina\/id1515939845 ATTENZIONE: LA NUOVA APP RADIO\u00a0 PER ANDROID di Nicola Vettorello https:\/\/play.google.com\/store\/apps\/details?id=net.radiopiu.iniko &nbsp; &nbsp; RISCHIO VALANGHE, CHIUSO IL&hellip;<\/p>\n","protected":false},"author":4,"featured_media":188154,"comment_status":"closed","ping_status":"closed","sticky":false,"template":"","format":"standard","meta":{"_monsterinsights_skip_tracking":false,"_monsterinsights_sitenote_active":false,"_monsterinsights_sitenote_note":"","_monsterinsights_sitenote_category":0,"footnotes":""},"categories":[1,51,86,49],"tags":[],"class_list":["post-188049","post","type-post","status-publish","format-standard","has-post-thumbnail","hentry","category-senza-categoria","category-evidenza-top","category-gr","category-news-18","category-1","category-51","category-86","category-49","description-off"],"img_url":"https:\/\/www.radiopiu.net\/wordpress\/wp-content\/uploads\/2021\/01\/35240e87-fd2c-4d90-90cb-6654ea47fbe1.jpg","_links":{"self":[{"href":"https:\/\/www.radiopiu.net\/wordpress\/wp-json\/wp\/v2\/posts\/188049","targetHints":{"allow":["GET"]}}],"collection":[{"href":"https:\/\/www.radiopiu.net\/wordpress\/wp-json\/wp\/v2\/posts"}],"about":[{"href":"https:\/\/www.radiopiu.net\/wordpress\/wp-json\/wp\/v2\/types\/post"}],"author":[{"embeddable":true,"href":"https:\/\/www.radiopiu.net\/wordpress\/wp-json\/wp\/v2\/users\/4"}],"replies":[{"embeddable":true,"href":"https:\/\/www.radiopiu.net\/wordpress\/wp-json\/wp\/v2\/comments?post=188049"}],"version-history":[{"count":0,"href":"https:\/\/www.radiopiu.net\/wordpress\/wp-json\/wp\/v2\/posts\/188049\/revisions"}],"wp:featuredmedia":[{"embeddable":true,"href":"https:\/\/www.radiopiu.net\/wordpress\/wp-json\/wp\/v2\/media\/188154"}],"wp:attachment":[{"href":"https:\/\/www.radiopiu.net\/wordpress\/wp-json\/wp\/v2\/media?parent=188049"}],"wp:term":[{"taxonomy":"category","embeddable":true,"href":"https:\/\/www.radiopiu.net\/wordpress\/wp-json\/wp\/v2\/categories?post=188049"},{"taxonomy":"post_tag","embeddable":true,"href":"https:\/\/www.radiopiu.net\/wordpress\/wp-json\/wp\/v2\/tags?post=188049"}],"curies":[{"name":"wp","href":"https:\/\/api.w.org\/{rel}","templated":true}]}}