{"id":188110,"date":"2021-02-03T05:52:42","date_gmt":"2021-02-03T04:52:42","guid":{"rendered":"https:\/\/www.radiopiu.net\/wordpress\/?p=188110"},"modified":"2021-02-03T06:03:02","modified_gmt":"2021-02-03T05:03:02","slug":"ggg02","status":"publish","type":"post","link":"https:\/\/www.radiopiu.net\/wordpress\/ggg02\/","title":{"rendered":"DUE DECESSI, DEI TOS IN PENSIONE E CAMBIO MEDICO A LAMON"},"content":{"rendered":"<p><strong>BELLUNO <\/strong>Nelle ultime 24 ore sono decedute due donne covid positive di anni 90 e di anni 82 ricoverate in Geriatria Covid a Feltre.<\/p>\n<p>&nbsp;<\/p>\n<blockquote>\n<h3>DEI TOS IN PENSIONE DE COL VOLONTARIO<\/h3>\n<\/blockquote>\n<p>Il dottor Gian Antonio Dei Tos, Direttore dei Servizi Sociali, ha terminato il suo servizio in Ulss Dolomiti. Sar\u00e0 sostituito dal dottor Sandro De Col, gi\u00e0 Direttore della Funzione Territoriale e del Distretto di Belluno, che ha dato la sua disponibilit\u00e0 a titolo gratuito, per il periodo della gestione commissariale. Il dottor Giovanni Pittoni prosegue nell\u2019incarico di Direttore Sanitario dell\u2019Ulss Dolomiti fino al 28 febbraio 2021, scadenza del mandato del Commissario. Il suo impegno sar\u00e0 a titolo volontario e gratuito.La dottoressa Rosanna Zatta continua anch\u2019essa a ricoprire l\u2019incarico di Direttore Amministrativo, fino al termine della gestione commissariale.<\/p>\n<blockquote>\n<h3>CAMBIO MEDICO A LAMON<\/h3>\n<\/blockquote>\n<p><strong><a href=\"https:\/\/www.radiopiu.net\/wordpress\/giornale-radiopiu-23-maggio-2017-direttore-mirko-mezzacasa\/san-donato-di-lamon-foto-120\/\" rel=\"attachment wp-att-32418\"><img loading=\"lazy\" decoding=\"async\" class=\"wp-image-32418 alignleft\" src=\"https:\/\/www.radiopiu.net\/wordpress\/wp-content\/uploads\/2017\/05\/San-Donato-di-Lamon-Foto-120-300x201.jpg\" alt=\"\" width=\"216\" height=\"145\" \/><\/a>FELTRE<\/strong> Il 14 febbraio 2021 inizier\u00e0 l\u2019attivit\u00e0 di medico di assistenza primaria a titolo\u00a0 definitivo la dr.ssa Elena-Iulia Bratu con ambulatorio a Lamon c\/o l\u2019Ospedale. Contemporaneamente, il dr. Germain Fouego, medico con incarico provvisorio, terminer\u00e0 la propria attivit\u00e0 il giorno 13 febbraio 2021 (ultimo giorno di servizio\/attivit\u00e0). Per continuare a fruire dell\u2019assistenza medica in forma diretta e gratuita a carico del Servizio Sanitario Nazionale, gli assistiti del dottor Fuego dovranno effettuare la scelta di uno dei medici di assistenza primaria con disponibilit\u00e0 di posti dell\u2019ambito territoriale di residenza. Rimane a disposizione per informazioni il Distretto di Feltre al numero 0439 883680 il luned\u00ec, marted\u00ec, gioved\u00ec e venerd\u00ec dalle ore 8.30 alle ore 11.00.<\/p>\n","protected":false},"excerpt":{"rendered":"<p>BELLUNO Nelle ultime 24 ore sono decedute due donne covid positive di anni 90 e di anni 82 ricoverate in Geriatria Covid a Feltre. &nbsp; DEI TOS IN PENSIONE DE COL VOLONTARIO Il dottor Gian Antonio Dei Tos, Direttore dei Servizi Sociali, ha terminato il suo servizio in Ulss Dolomiti. Sar\u00e0 sostituito dal dottor Sandro&hellip;<\/p>\n","protected":false},"author":4,"featured_media":121260,"comment_status":"closed","ping_status":"closed","sticky":false,"template":"","format":"standard","meta":{"_monsterinsights_skip_tracking":false,"_monsterinsights_sitenote_active":false,"_monsterinsights_sitenote_note":"","_monsterinsights_sitenote_category":0,"footnotes":""},"categories":[51,49],"tags":[],"class_list":["post-188110","post","type-post","status-publish","format-standard","has-post-thumbnail","hentry","category-evidenza-top","category-news-18","category-51","category-49","description-off"],"img_url":"https:\/\/www.radiopiu.net\/wordpress\/wp-content\/uploads\/2020\/03\/covid-ulss.jpg","_links":{"self":[{"href":"https:\/\/www.radiopiu.net\/wordpress\/wp-json\/wp\/v2\/posts\/188110","targetHints":{"allow":["GET"]}}],"collection":[{"href":"https:\/\/www.radiopiu.net\/wordpress\/wp-json\/wp\/v2\/posts"}],"about":[{"href":"https:\/\/www.radiopiu.net\/wordpress\/wp-json\/wp\/v2\/types\/post"}],"author":[{"embeddable":true,"href":"https:\/\/www.radiopiu.net\/wordpress\/wp-json\/wp\/v2\/users\/4"}],"replies":[{"embeddable":true,"href":"https:\/\/www.radiopiu.net\/wordpress\/wp-json\/wp\/v2\/comments?post=188110"}],"version-history":[{"count":0,"href":"https:\/\/www.radiopiu.net\/wordpress\/wp-json\/wp\/v2\/posts\/188110\/revisions"}],"wp:featuredmedia":[{"embeddable":true,"href":"https:\/\/www.radiopiu.net\/wordpress\/wp-json\/wp\/v2\/media\/121260"}],"wp:attachment":[{"href":"https:\/\/www.radiopiu.net\/wordpress\/wp-json\/wp\/v2\/media?parent=188110"}],"wp:term":[{"taxonomy":"category","embeddable":true,"href":"https:\/\/www.radiopiu.net\/wordpress\/wp-json\/wp\/v2\/categories?post=188110"},{"taxonomy":"post_tag","embeddable":true,"href":"https:\/\/www.radiopiu.net\/wordpress\/wp-json\/wp\/v2\/tags?post=188110"}],"curies":[{"name":"wp","href":"https:\/\/api.w.org\/{rel}","templated":true}]}}