{"id":188123,"date":"2021-01-31T23:59:06","date_gmt":"2021-01-31T22:59:06","guid":{"rendered":"https:\/\/www.radiopiu.net\/wordpress\/?p=188123"},"modified":"2021-02-01T09:29:55","modified_gmt":"2021-02-01T08:29:55","slug":"dall-archivio-di-tiziano-de-col-la-strada-del-canal-del-mis","status":"publish","type":"post","link":"https:\/\/www.radiopiu.net\/wordpress\/dall-archivio-di-tiziano-de-col-la-strada-del-canal-del-mis\/","title":{"rendered":"DALL&#8217; ARCHIVIO DI TIZIANO DE COL&#8230;LA STRADA DEL CANAL DEL MIS"},"content":{"rendered":"<p><strong><a href=\"https:\/\/www.radiopiu.net\/wordpress\/dall-archivio-di-tiziano-de-col-la-strada-del-canal-del-mis\/schermata-2021-01-31-alle-19-22-55\/\" rel=\"attachment wp-att-188130\"><img loading=\"lazy\" decoding=\"async\" class=\"size-medium wp-image-188130 alignleft\" src=\"https:\/\/www.radiopiu.net\/wordpress\/wp-content\/uploads\/2021\/01\/Schermata-2021-01-31-alle-19.22.55-300x217.png\" alt=\"\" width=\"300\" height=\"217\" srcset=\"https:\/\/www.radiopiu.net\/wordpress\/wp-content\/uploads\/2021\/01\/Schermata-2021-01-31-alle-19.22.55-300x217.png 300w, https:\/\/www.radiopiu.net\/wordpress\/wp-content\/uploads\/2021\/01\/Schermata-2021-01-31-alle-19.22.55-1024x740.png 1024w, https:\/\/www.radiopiu.net\/wordpress\/wp-content\/uploads\/2021\/01\/Schermata-2021-01-31-alle-19.22.55-768x555.png 768w, https:\/\/www.radiopiu.net\/wordpress\/wp-content\/uploads\/2021\/01\/Schermata-2021-01-31-alle-19.22.55.png 1134w\" sizes=\"auto, (max-width: 300px) 100vw, 300px\" \/><\/a><\/strong><strong>LA VALLE <\/strong>Dall&#8217;archivio storico di Tiziano De Col gli articoli riguardanti la realizzazione della strada del Mis. &#8220;<em>lungimiranza di queste persone che pi\u00f9 di 100 anni orsono progettavano e portavano avanti opere ancora fondamentali per il nostro Agordino &#8211; dice Tiziano De Col &#8211; Viene il magone a leggere le prospettive per lo sviluppo del nostro territorio che metteva nero su bianco il Gen. Antonio Dal Fabbro, Cittadino Onorario di Agordo. La strada del Mis in questi tempi \u00e8 chiusa (dopo essere stata chiusa per lunghi anni dopo l&#8217;alluvione del 1966 ) e del tratto California Sagron , che il Generale asseriva essere indubbiamente da realizzare perch\u00e8 indispensabile, non v&#8217;\u00e8 traccia in nessuna progettualit\u00e0 recente<\/em>&#8220;. Nell&#8217;articolo, anche il progetto di collegamento tra California e Sagron Mis poi per Cereda e Primiero. Mai realizzato in seguito, anche se definito indispensabile dal Generale Dal Fabbro. &#8220;La strada \u00e8 stata costruita nel 1919,\u00a0 la diga \u00e8 stata costruita dopo, all&#8217;inizio degli anni &#8217;30 per questo sembrano strane le foto della Chiesetta di Santa Giuliana. Manca la diga&#8230;e il lago.<\/p>\n<a href=\"https:\/\/www.radiopiu.net\/wordpress\/wp-content\/uploads\/2021\/01\/La-nuova-strada-nel-Canale-del-Mis_Gen-Dal-Fabbro-Touring-Club-Le-Vie-dItalia.pdf\" class=\"pdfemb-viewer\" style=\"\" data-width=\"max\" data-height=\"max\" data-toolbar=\"top\" data-toolbar-fixed=\"on\">La nuova strada nel Canale del Mis_Gen Dal Fabbro Touring Club Le Vie d\u2019Italia<\/a>\n","protected":false},"excerpt":{"rendered":"<p>LA VALLE Dall&#8217;archivio storico di Tiziano De Col gli articoli riguardanti la realizzazione della strada del Mis. &#8220;lungimiranza di queste persone che pi\u00f9 di 100 anni orsono progettavano e portavano avanti opere ancora fondamentali per il nostro Agordino &#8211; dice Tiziano De Col &#8211; Viene il magone a leggere le prospettive per lo sviluppo del&hellip;<\/p>\n","protected":false},"author":4,"featured_media":188130,"comment_status":"closed","ping_status":"closed","sticky":false,"template":"","format":"standard","meta":{"_monsterinsights_skip_tracking":false,"_monsterinsights_sitenote_active":false,"_monsterinsights_sitenote_note":"","_monsterinsights_sitenote_category":0,"footnotes":""},"categories":[51,49],"tags":[],"class_list":["post-188123","post","type-post","status-publish","format-standard","has-post-thumbnail","hentry","category-evidenza-top","category-news-18","category-51","category-49","description-off"],"img_url":"https:\/\/www.radiopiu.net\/wordpress\/wp-content\/uploads\/2021\/01\/Schermata-2021-01-31-alle-19.22.55.png","_links":{"self":[{"href":"https:\/\/www.radiopiu.net\/wordpress\/wp-json\/wp\/v2\/posts\/188123","targetHints":{"allow":["GET"]}}],"collection":[{"href":"https:\/\/www.radiopiu.net\/wordpress\/wp-json\/wp\/v2\/posts"}],"about":[{"href":"https:\/\/www.radiopiu.net\/wordpress\/wp-json\/wp\/v2\/types\/post"}],"author":[{"embeddable":true,"href":"https:\/\/www.radiopiu.net\/wordpress\/wp-json\/wp\/v2\/users\/4"}],"replies":[{"embeddable":true,"href":"https:\/\/www.radiopiu.net\/wordpress\/wp-json\/wp\/v2\/comments?post=188123"}],"version-history":[{"count":0,"href":"https:\/\/www.radiopiu.net\/wordpress\/wp-json\/wp\/v2\/posts\/188123\/revisions"}],"wp:featuredmedia":[{"embeddable":true,"href":"https:\/\/www.radiopiu.net\/wordpress\/wp-json\/wp\/v2\/media\/188130"}],"wp:attachment":[{"href":"https:\/\/www.radiopiu.net\/wordpress\/wp-json\/wp\/v2\/media?parent=188123"}],"wp:term":[{"taxonomy":"category","embeddable":true,"href":"https:\/\/www.radiopiu.net\/wordpress\/wp-json\/wp\/v2\/categories?post=188123"},{"taxonomy":"post_tag","embeddable":true,"href":"https:\/\/www.radiopiu.net\/wordpress\/wp-json\/wp\/v2\/tags?post=188123"}],"curies":[{"name":"wp","href":"https:\/\/api.w.org\/{rel}","templated":true}]}}