{"id":188254,"date":"2021-02-01T12:25:47","date_gmt":"2021-02-01T11:25:47","guid":{"rendered":"https:\/\/www.radiopiu.net\/wordpress\/?p=188254"},"modified":"2021-02-01T15:10:58","modified_gmt":"2021-02-01T14:10:58","slug":"in-diretta-da-marghera-il-punto-stampa-di-luca-zaia","status":"publish","type":"post","link":"https:\/\/www.radiopiu.net\/wordpress\/in-diretta-da-marghera-il-punto-stampa-di-luca-zaia\/","title":{"rendered":"VENETO IN GIALLO, ORA LE RESPONSABILITA&#8217; SONO DEL CITTADINO  &#8211; DA VENEZIA &#8211; ZAIA"},"content":{"rendered":"<h2><strong>VENEZIA<\/strong> o in collegamento da Marghera il Presidente del Veneto Luca Zaia far\u00e0 il punto sull&#8217;emergenza Covid-19.<\/h2>\n<p><strong>I NUMERI <\/strong>TAMPONI MOLECOLARI 3756000 TAMPONI RAPIDI 2613000 POSITIVI +510\u00a0 INCIDENZA POSITIVITAMPONI 4,41% \u00a0RICOVERI 2210 IN AREA NON CRITICA 1963 (-19)\u00a0IN TERAPIA INTENSIVA 247 (-7) DECESSI 8970 (+39) DIMESSI 14 347<\/p>\n<p>Tamponi molecolari fatti ad oggi 3milioni 756mila, 2milioni 613mila\u00a0test rapidi, + 510 positivi nelle ultime 24 ore,\u00a04,41% incidenza dei positivi sui tamponi fatti, ricoveri totali 2.210, 247 terapia intensiva , 1.963 area non critica, 8.970 decessi da inizio epidemia , +39 decessi nelle ultime 24 ore.<\/p>\n<blockquote>\n<h2>LEGGI LA CONFERENZA STAMPA DI LUCA ZAIA<\/h2>\n<p><em>MASSIMA ATTENZIONE Ora non c&#8217;\u00e8 pi\u00f9 una gradualit\u00e0, si passa in arancione o rosso.<\/em><\/p>\n<p><em>VACCINI: Arcuri ha dichiarato che ad oggi abbiamo il 60% in meno dei vaccini previsti dal piano nazionale.\u00a0 Se arriva Astrazeneca lo somministreremo anche se da una copertura al 60% rendendo pi\u00f9 difficoltosa l&#8217;immunit\u00e0 di gregge. Dalla prossima settimana via alla vaccinazione degli over 80, la Ulss far\u00e0 le lettere di convocazione, al momento ferma la vaccinazione per gli over 75 in attesa di nuove forniture.<\/em><\/p><\/blockquote>\n<p>Prudenza predica Zaia per non rischiare di finire di nuovo in zone colorate con relative restrizioni. Oggi pi\u00f9 che mai la responsabilit\u00e0 \u00e8 ancora maggiore per chi lascia la propria abitazione. Il trend \u00e8 confermato. La preoccupazione \u00e8 grande, io non faccio il tragico, spero che quest&#8217;estate si torni alla normalit\u00e0 e si possa riprendere a frequentare le spiagge, e se non sar\u00e0 cos\u00ec vorr\u00e0 dire che non avremo vinto la nostra battaglia. Non presento nessuna ordinanza contro gli assembramenti come in passato, voglio investire sulla fiducia dei cittadini. <strong>SCUOLA<\/strong> In giornata ultimeremo l&#8217;ordinanza solo per le scuole e il trattamento dei casi positivi. Intensificheremo anche il monitoraggio della circolazione del virus. Il monitoraggio interesser\u00e0 le scuole superiori. In caso di positivi in classe il contagiato va a casa in quarantena, gli altri rimangono in classe con mascherina previo tampone, quindi se negativi. <strong>ZAIA E LE PROSPETTIVE<\/strong> Noi siamo pronti per fare la vaccinazione di massa basta che ci diano i vaccini. Pfizer ha annunciato un sur plus di produzione, al momento pero&#8217; il piano dell&#8217;unione europea \u00e8 disatteso. Saranno vincenti i sistemi che riescono a vaccinare e che i diversi vaccini arriveranno sul mercato. Se investiamo nei vaccini inviterei a non distrarsi dal mono clonale e mi auguro che venga sdoganato per l&#8217;Italia, \u00e8 una speranza di salute, di vita e si sa gi\u00e0 che funziona nelle prime fasi. C&#8217;\u00e8 una sperimentazione ma e&#8217; anche vero che sono gi\u00e0 autorizzanti in via emergenziale in altri paesi e funzionano (Donald Trump ndr.). L&#8217;ultima frontiere \u00e8 proprio questa del mono clonale comunque mentre attendiamo i vaccini, Astrazeneca compreso alla ricerca dell&#8217;immunit\u00e0 di gregge. <strong>VENERDI SARA&#8217; DI NUOVO IL GIORNO DEL GIUDIZIO<\/strong> Speriamo in un riconferma. <strong>I DATI SONO POSITIVI MA LEI LANCIA SEGNALI DI PREOCCUPAZIONE<\/strong> Mi preoccupa la stagione del semaforo giallo, arancione, rosso perch\u00e9 per qualcuno \u00e8 un semaforo ma il giallo non \u00e8 il verde da liberi tutti. Potrebbe essere sempre giallo o verde ma dipende dal nostro buonsenso e dal rispetto delle regole.\u00a0 Il semaforo giallo non \u00e8 il via libera.<\/p>\n<p><strong>L&#8217;ASSESSORE MANUELA LANZARIN\u00a0<\/strong>Copertura degli over 80, prevediamo di iniziare dalla settimana prossima. Saremo in sicurezza quando avremo messo in sicurezza gli over 65. Il 20 febbraio dovrebbe arrivare AstraZeneca, con la quale vaccinare insegnanti, forze dell&#8217;ordine e altre categorie esposte al virus, questi dovrebbero essere vaccinati dai medici di base.<\/p>\n<p><strong>L&#8217;ASSESSORE ELISA DE BERTI<\/strong>\u00a0 Con i trasporti stamane \u00e8 andato tutto bene, gli studenti delle superiori hanno ripreso le lezioni in presenza al 50%. Ci sono state alcune criticit\u00e0, c&#8217;\u00e8 la tendenza a prendere il primo autobus utile e quindi creare assembramenti. C&#8217;\u00e8 stato un forte dispiegamento di forze dell&#8217;ordine, protezione civile, steward. L&#8217;andata \u00e8 la fase pi\u00f9 semplice da controllare, ora \u00e8 in corso l&#8217;uscita vedremo come andr\u00e0 con i pericoli di assembramento. Se oggi ci sono state della sbavature, da domani via alle correzioni continuando a monitorare quanto succede. Oggi sono state aggiunte 370 corse in pi\u00f9. C&#8217;\u00e8 anche chi ha tarato il servizio al 60% e addirittura al 75%. <strong>DOLOMITIBUS\u00a0 A BELLUNO SERVIZIO TARATO AL 50% CON 33 AUTOBUS AGGIUNTIVI 18\u00a0 CORSE IN PIU&#8217; A TERRA 15 PERSONE <\/strong>Verona 370 corse in pi\u00f9 e 70 persone a terra, a Venezia 115 bus in pi\u00f9, 100 a Padova con 188 corse in pi\u00f9 e 16 corse in pi\u00f9 a Rovigo. <strong>ORARI DI ENTRATA E USCITA<\/strong> se la situazione continua ad essere gestibile si continuer\u00e0 in questo modo, altrimenti applicheremo orari sfalsati.<\/p>\n<a href=\"https:\/\/www.radiopiu.net\/wordpress\/wp-content\/uploads\/2021\/02\/1-febbraio-situazione-2.pdf\" class=\"pdfemb-viewer\" style=\"\" data-width=\"max\" data-height=\"max\" data-toolbar=\"top\" data-toolbar-fixed=\"on\">1 febbraio situazione (2)<\/a>\n<p>&nbsp;<\/p>\n<p><a href=\"https:\/\/www.facebook.com\/zaiaufficiale\/videos\/775719696634949\">https:\/\/www.facebook.com\/zaiaufficiale\/videos\/775719696634949<\/a><\/p>\n<p>&nbsp;<\/p>\n<p>&nbsp;<\/p>\n","protected":false},"excerpt":{"rendered":"<p>VENEZIA o in collegamento da Marghera il Presidente del Veneto Luca Zaia far\u00e0 il punto sull&#8217;emergenza Covid-19. I NUMERI TAMPONI MOLECOLARI 3756000 TAMPONI RAPIDI 2613000 POSITIVI +510\u00a0 INCIDENZA POSITIVITAMPONI 4,41% \u00a0RICOVERI 2210 IN AREA NON CRITICA 1963 (-19)\u00a0IN TERAPIA INTENSIVA 247 (-7) DECESSI 8970 (+39) DIMESSI 14 347 Tamponi molecolari fatti ad oggi 3milioni 756mila,&hellip;<\/p>\n","protected":false},"author":4,"featured_media":185492,"comment_status":"closed","ping_status":"closed","sticky":false,"template":"","format":"standard","meta":{"_monsterinsights_skip_tracking":false,"_monsterinsights_sitenote_active":false,"_monsterinsights_sitenote_note":"","_monsterinsights_sitenote_category":0,"footnotes":""},"categories":[51,49],"tags":[],"class_list":["post-188254","post","type-post","status-publish","format-standard","has-post-thumbnail","hentry","category-evidenza-top","category-news-18","category-51","category-49","description-off"],"img_url":"https:\/\/www.radiopiu.net\/wordpress\/wp-content\/uploads\/2021\/01\/8cc48272-9106-4c03-995c-e53cd9d80687.jpg","_links":{"self":[{"href":"https:\/\/www.radiopiu.net\/wordpress\/wp-json\/wp\/v2\/posts\/188254","targetHints":{"allow":["GET"]}}],"collection":[{"href":"https:\/\/www.radiopiu.net\/wordpress\/wp-json\/wp\/v2\/posts"}],"about":[{"href":"https:\/\/www.radiopiu.net\/wordpress\/wp-json\/wp\/v2\/types\/post"}],"author":[{"embeddable":true,"href":"https:\/\/www.radiopiu.net\/wordpress\/wp-json\/wp\/v2\/users\/4"}],"replies":[{"embeddable":true,"href":"https:\/\/www.radiopiu.net\/wordpress\/wp-json\/wp\/v2\/comments?post=188254"}],"version-history":[{"count":0,"href":"https:\/\/www.radiopiu.net\/wordpress\/wp-json\/wp\/v2\/posts\/188254\/revisions"}],"wp:featuredmedia":[{"embeddable":true,"href":"https:\/\/www.radiopiu.net\/wordpress\/wp-json\/wp\/v2\/media\/185492"}],"wp:attachment":[{"href":"https:\/\/www.radiopiu.net\/wordpress\/wp-json\/wp\/v2\/media?parent=188254"}],"wp:term":[{"taxonomy":"category","embeddable":true,"href":"https:\/\/www.radiopiu.net\/wordpress\/wp-json\/wp\/v2\/categories?post=188254"},{"taxonomy":"post_tag","embeddable":true,"href":"https:\/\/www.radiopiu.net\/wordpress\/wp-json\/wp\/v2\/tags?post=188254"}],"curies":[{"name":"wp","href":"https:\/\/api.w.org\/{rel}","templated":true}]}}