{"id":188359,"date":"2021-02-01T19:36:42","date_gmt":"2021-02-01T18:36:42","guid":{"rendered":"https:\/\/www.radiopiu.net\/wordpress\/?p=188359"},"modified":"2021-02-01T19:36:42","modified_gmt":"2021-02-01T18:36:42","slug":"ritorno-a-scuola-il-sistema-di-trasporto-pubblico-ha-funzionato","status":"publish","type":"post","link":"https:\/\/www.radiopiu.net\/wordpress\/ritorno-a-scuola-il-sistema-di-trasporto-pubblico-ha-funzionato\/","title":{"rendered":"Ritorno a scuola, il sistema di trasporto pubblico ha funzionato"},"content":{"rendered":"<blockquote>\n<h2><\/h2>\n<\/blockquote>\n<p><strong><a href=\"https:\/\/www.radiopiu.net\/wordpress\/cade-con-la-mountain-bike-e-si-ferisce-al-collo\/9ecd9b94-d553-435b-93a2-c268918bc743\/\" rel=\"attachment wp-att-145518\"><img loading=\"lazy\" decoding=\"async\" class=\"size-medium wp-image-145518 alignleft\" src=\"https:\/\/www.radiopiu.net\/wordpress\/wp-content\/uploads\/2020\/06\/9ecd9b94-d553-435b-93a2-c268918bc743-300x225.jpg\" alt=\"\" width=\"300\" height=\"225\" srcset=\"https:\/\/www.radiopiu.net\/wordpress\/wp-content\/uploads\/2020\/06\/9ecd9b94-d553-435b-93a2-c268918bc743-300x225.jpg 300w, https:\/\/www.radiopiu.net\/wordpress\/wp-content\/uploads\/2020\/06\/9ecd9b94-d553-435b-93a2-c268918bc743-1024x768.jpg 1024w, https:\/\/www.radiopiu.net\/wordpress\/wp-content\/uploads\/2020\/06\/9ecd9b94-d553-435b-93a2-c268918bc743-768x576.jpg 768w, https:\/\/www.radiopiu.net\/wordpress\/wp-content\/uploads\/2020\/06\/9ecd9b94-d553-435b-93a2-c268918bc743.jpg 1280w\" sizes=\"auto, (max-width: 300px) 100vw, 300px\" \/><\/a>BELLUNO <\/strong>Il piano straordinario messo in campo da Dolomitibus ha funzionato. Il primo giorno di scuola dopo il ritorno della didattica in presenza non ha registrato particolari criticit\u00e0. Tutte le corse urbane ed extraurbane, comprese quelle aggiuntive organizzate appositamente per il \u201cpiano Covid\u201d, hanno registrato capienze variabili tra il 6 e il 42%, quindi ben al di sotto del 50% previsto dalle ultime normative anti-contagio. Come rilevato anche dai consiglieri provinciali e dai tecnici che questa mattina hanno fatto un sopralluogo nelle zone di maggior concentrazione degli studenti. In piazzale stazione, a Belluno, era presente il consigliere Massimo Bortoluzzi.<em>\u00abAbbiamo voluto verificare di persona i luoghi di maggiore afflusso, in una giornata che rappresenta anche simbolicamente un primo passo verso il ritorno alla normalit\u00e0 &#8211; spiega il presidente della Provincia, Roberto Padrin -. Il sistema predisposto da Dolomitibus ha garantito un trasporto puntuale e sicuro, a servizio dei nostri ragazzi, a cui chiedo senso di responsabilit\u00e0 e collaborazione. Contrastare la diffusione del contagio \u00e8 anche frutto delle buone pratiche. Quindi, mascherina sempre indossata e distanziamento\u00bb.<\/em>Anche da Dolomitibus arriva un appello ai ragazzi, in quanto i tecnici segnalano su alcune linee una distribuzione di carico non omogenea. Dove i mezzi messi a disposizione sulla stessa linea erano pi\u00f9 d\u2019uno, gli utenti tendenzialmente hanno occupato il primo, lasciando quasi vuoto il secondo. Nella giornata odierna \u00e8 successo sulla lineea 13 (Feltre-Sedico-Belluno), sulla 22 (Trichiana-Polentes) in coincidenza con la linea 20, e sulla 30 (Calalzo-Cortina). <em>\u00abSi tratta di piccoli accorgimenti e di abitudini dei ragazzi, a cui chiediamo collaborazione in questa fase &#8211; sottolinea Dario Scopel, consigliere provinciale delegato ai trasporti -. Gi\u00e0 domani raccoglieremo altri dati. Siamo pronti a ritarare il servizio nel caso emergessero criticit\u00e0 nei prossimi giorni. La didattica al 50% in presenza rimarr\u00e0 per tre settimane, poi vedremo quali decisioni saranno adottate a livello centrale e regionale\u00bb.<\/em><\/p>\n<p>&nbsp;<\/p>\n<p>&nbsp;<\/p>\n","protected":false},"excerpt":{"rendered":"<p>BELLUNO Il piano straordinario messo in campo da Dolomitibus ha funzionato. Il primo giorno di scuola dopo il ritorno della didattica in presenza non ha registrato particolari criticit\u00e0. Tutte le corse urbane ed extraurbane, comprese quelle aggiuntive organizzate appositamente per il \u201cpiano Covid\u201d, hanno registrato capienze variabili tra il 6 e il 42%, quindi ben&hellip;<\/p>\n","protected":false},"author":4,"featured_media":144908,"comment_status":"closed","ping_status":"closed","sticky":false,"template":"","format":"standard","meta":{"_monsterinsights_skip_tracking":false,"_monsterinsights_sitenote_active":false,"_monsterinsights_sitenote_note":"","_monsterinsights_sitenote_category":0,"footnotes":""},"categories":[51,49],"tags":[],"class_list":["post-188359","post","type-post","status-publish","format-standard","has-post-thumbnail","hentry","category-evidenza-top","category-news-18","category-51","category-49","description-off"],"img_url":"https:\/\/www.radiopiu.net\/wordpress\/wp-content\/uploads\/2020\/06\/97384eec-d2d4-4e19-bdc9-7845fa51b71c.jpg","_links":{"self":[{"href":"https:\/\/www.radiopiu.net\/wordpress\/wp-json\/wp\/v2\/posts\/188359","targetHints":{"allow":["GET"]}}],"collection":[{"href":"https:\/\/www.radiopiu.net\/wordpress\/wp-json\/wp\/v2\/posts"}],"about":[{"href":"https:\/\/www.radiopiu.net\/wordpress\/wp-json\/wp\/v2\/types\/post"}],"author":[{"embeddable":true,"href":"https:\/\/www.radiopiu.net\/wordpress\/wp-json\/wp\/v2\/users\/4"}],"replies":[{"embeddable":true,"href":"https:\/\/www.radiopiu.net\/wordpress\/wp-json\/wp\/v2\/comments?post=188359"}],"version-history":[{"count":0,"href":"https:\/\/www.radiopiu.net\/wordpress\/wp-json\/wp\/v2\/posts\/188359\/revisions"}],"wp:featuredmedia":[{"embeddable":true,"href":"https:\/\/www.radiopiu.net\/wordpress\/wp-json\/wp\/v2\/media\/144908"}],"wp:attachment":[{"href":"https:\/\/www.radiopiu.net\/wordpress\/wp-json\/wp\/v2\/media?parent=188359"}],"wp:term":[{"taxonomy":"category","embeddable":true,"href":"https:\/\/www.radiopiu.net\/wordpress\/wp-json\/wp\/v2\/categories?post=188359"},{"taxonomy":"post_tag","embeddable":true,"href":"https:\/\/www.radiopiu.net\/wordpress\/wp-json\/wp\/v2\/tags?post=188359"}],"curies":[{"name":"wp","href":"https:\/\/api.w.org\/{rel}","templated":true}]}}