{"id":188461,"date":"2021-02-02T12:25:30","date_gmt":"2021-02-02T11:25:30","guid":{"rendered":"https:\/\/www.radiopiu.net\/wordpress\/?p=188461"},"modified":"2021-02-02T13:28:18","modified_gmt":"2021-02-02T12:28:18","slug":"emergenza-covid-19-il-punto-di-luca-zaia","status":"publish","type":"post","link":"https:\/\/www.radiopiu.net\/wordpress\/emergenza-covid-19-il-punto-di-luca-zaia\/","title":{"rendered":"LAVORIAMO PER UNA REGIONE COVID FREE ANCHE IN OTTICA TURISMO, LUCA ZANA DA VENEZIA &#8220;CERCASI VACCINI DA COMPERARE&#8221;"},"content":{"rendered":"<p><strong>VENEZIA<\/strong>\u00a0 in diretta da Marghera il Presidente del Veneto Luca Zaia: il punto della situazione sull&#8217;emergenza Covid-19.<\/p>\n<p><strong>I NUMERI <\/strong>TAMPONI MOLECOLARI 3766253 TAMPONI RAPIDI 2642526 POSITIVI +621 INCIDENZA POSITIVI-TAMPONI 1,58% (su 39mila tamponi) POSITIVI ATTUALI 32044 POSITIVI DA INIZIO EPIDEMIA 313316 RICOVERI IN OSPEDALE 2128 (1300 in meno in un mese) IN AREA CRITICA 1906 (-57) IN TERAPIA INTENSIVA 222 (-25)\u00a0 DECESSI 9046 (+76 con i ritardi di carico del fine settimana come ogni martedi) DIMESSI 14462<\/p>\n<blockquote>\n<h2>LEGGI LA CONFERENZA STAMPA DI LUCA ZAIA<\/h2>\n<\/blockquote>\n<p><em>Speriamo sempre in un rinforzo delle dosi da Pfizer, spero che accada. Voliamo arrivare per primi alla regione covid free.\u00a0 Dobbiamo chiudere questo incubo sanitario, cominciare a ragionare sui comparti Covid-free \u00e8\u00a0 innovativo,<\/em><\/p>\n<p>Il tema dei trasporti risponde alle necessit\u00e0, qualcuno sosteneva che non aprivano le scuole per problemi di trasporti, i trasposti invece erano pronti cos\u00ec come gli steward e l&#8217;organizzazione ben calibrata. I ragazzi stanno seguendo le regole e questo \u00e8 un buon segnale. Utilizzo delle mascherina, distanziamento, tutto con grande senso di responsabilit\u00e0. Siamo in zona gialla con una sorta di rumors che parla di riapertura delle piste da sci collegate alla colorazione delle regioni, vediamo cosa succede venerdi, al 99% si confermer\u00e0 la zona gialla, poi dovremo impegnarci sempre di pi\u00f9 per non rischiare di trovarci tra tre settimane con gli ospedali che si riempiono e l&#8217;infezione riparte. Sul fronte vaccinazioni andiamo avanti, abbiamo sempre la speranza che ci siano rafforzamenti delle consegne rispetto a quanto preventivato. Pfizer ha detto che far\u00e0 forniture pi\u00f9 cospicue e spero accada. Ci stiamo anche muovendo\u00a0 sul mercato\u00a0 dei vaccini, non credo sia un reato comprarli. Lavoriamo a un progetto covid-free per la nostra regione, anche in ottica turismo. <strong>FRONTE ECONOMIA LAVORO<\/strong> Gli antichi romani dicevano di non costruire sulle ceneri, ma ci siamo gi\u00e0 arrivati con 2,5 milioni di morti nel mondo pi\u00f9 i contagiati, \u00e8 la devastazione di una guerra mondiale. Stiamo vivendo un momento importante anche storicamente. Sulle ceneri dobbiamo ripartire, il mondo non si ferma. La pandemia ha devastato le imprese anche se i veneti con molta dignit\u00e0 hanno tenuto duro ma abbiamo perso 65 mila posti di lavoro e c&#8217;\u00e8 ancora il blocci di licenziamenti, noi avevamo il 6% di disoccupazione quasi strutturale il valore pi\u00f9 basso in Italia. E&#8217; fondamentale ripartire chiudendo l&#8217;incubo sanitario con il covid che scompare anticipando misure di sanificazione con le\u00a0 vaccinazioni. Ragioniamo sui comparti covid freee \u00e8 innovativo, oggi tutti vogliono il passaporto sanitario, dovremo essere i primi con la regione covid free. Per questo cerchiamo vaccini in un paese dove per dormire sonni tranquilli basta non fare nulla. Sono convinto che sul mercato ci sono vaccini anche oltre i canali istituzionali. Sappiamo tutti che tra 6 mesi ci saranno vaccini per tutti, noi li vogliamo prima. O stiamo fermi e ci giriamo i pollici aspettando sei mesi, oppure ci muoviamo perch\u00e9 sei mesi sono tanti e importanti. Il turismo internazionale \u00e8 un altro tema importante, il recovery fund \u00e8 un tema importantissimo, fondamentale per la ripartenza, senza sprechi: vanno aiutate le imprese per creare occupazione. Tutti gli altri argomenti sono &#8220;spreco&#8221;. Il momento \u00e8 drammatico, dobbiamo aiutare le imprese e far ripartire l&#8217;economia. <strong>CONTATTATE AZIENDE?<\/strong> Stiamo tentando di capire se si riesce ad acquistare vaccini nel rispetto delle leggi le nostre imprese hanno bisogno di quei vaccini. <strong>CENTRI BENESSERE <\/strong>Con l&#8217;ultimo decreto \u00e8 previsto che le Regioni non possano fare ordinanze estensive ma solo restrittive, domani porr\u00f2 la questione al ministro Speranza, per capire se si possa pensare di dare una mano al settore con nuovi allentamenti.<\/p>\n<blockquote>\n<h3>IL DOTTOR LUCIANO FLOR DIRETTORE SANITA&#8217; VENETO<\/h3>\n<\/blockquote>\n<p><em>L&#8217;andamento dell&#8217;epidemia sembra essere stabilizzato in discesa. A proposito di Crisanti: &#8220;Quando uno parla male dei colleghi vuol dire che non sa parlar bene di se stesso&#8221;.<\/em><\/p>\n<p>L&#8217;andamento del virus \u00e8 in calo, una frenata anche maggiore di quella prevista, abbiamo il 53% in meno di pazienti in rianimazione e stiamo andando verso il dimezzamento in area non critica. Forse\u00a0 dalla settimana prossima potremmo riaprire alcune attivit\u00e0\u00a0 che erano state sospese. Sui vaccini noi non lasciamo alcuna strada inesplorata.<\/p>\n<blockquote>\n<h3>L&#8217;ASSESSORE MANUELA LANZARIN oggi la protesta dei commercinati di Abano_Padova.<\/h3>\n<\/blockquote>\n<p>Commercianti di Abano hanno manifestato le loro difficolt\u00e0 nel settore termale ormai in ginocchio. Ricordano che Abano non \u00e8 un centro storico, hanno consegnato le chiavi dei loro negozi in modo simbolico chiedendo di portare avanti il loro grido d&#8217;allarme ne parlero&#8217; con l&#8217;assessore Marcato, per capire come sollevare il problema a livello regionale e nazionale.<\/p>\n<p>&nbsp;<\/p>\n<p><a href=\"https:\/\/www.facebook.com\/zaiaufficiale\/videos\/461153181718658\">https:\/\/www.facebook.com\/zaiaufficiale\/videos\/461153181718658<\/a><\/p>\n","protected":false},"excerpt":{"rendered":"<p>VENEZIA\u00a0 in diretta da Marghera il Presidente del Veneto Luca Zaia: il punto della situazione sull&#8217;emergenza Covid-19. I NUMERI TAMPONI MOLECOLARI 3766253 TAMPONI RAPIDI 2642526 POSITIVI +621 INCIDENZA POSITIVI-TAMPONI 1,58% (su 39mila tamponi) POSITIVI ATTUALI 32044 POSITIVI DA INIZIO EPIDEMIA 313316 RICOVERI IN OSPEDALE 2128 (1300 in meno in un mese) IN AREA CRITICA 1906&hellip;<\/p>\n","protected":false},"author":4,"featured_media":175388,"comment_status":"closed","ping_status":"closed","sticky":false,"template":"","format":"standard","meta":{"_monsterinsights_skip_tracking":false,"_monsterinsights_sitenote_active":false,"_monsterinsights_sitenote_note":"","_monsterinsights_sitenote_category":0,"footnotes":""},"categories":[104,49],"tags":[],"class_list":["post-188461","post","type-post","status-publish","format-standard","has-post-thumbnail","hentry","category-evidenza_3","category-news-18","category-104","category-49","description-off"],"img_url":"https:\/\/www.radiopiu.net\/wordpress\/wp-content\/uploads\/2020\/11\/ZAIA-1.jpg","_links":{"self":[{"href":"https:\/\/www.radiopiu.net\/wordpress\/wp-json\/wp\/v2\/posts\/188461","targetHints":{"allow":["GET"]}}],"collection":[{"href":"https:\/\/www.radiopiu.net\/wordpress\/wp-json\/wp\/v2\/posts"}],"about":[{"href":"https:\/\/www.radiopiu.net\/wordpress\/wp-json\/wp\/v2\/types\/post"}],"author":[{"embeddable":true,"href":"https:\/\/www.radiopiu.net\/wordpress\/wp-json\/wp\/v2\/users\/4"}],"replies":[{"embeddable":true,"href":"https:\/\/www.radiopiu.net\/wordpress\/wp-json\/wp\/v2\/comments?post=188461"}],"version-history":[{"count":0,"href":"https:\/\/www.radiopiu.net\/wordpress\/wp-json\/wp\/v2\/posts\/188461\/revisions"}],"wp:featuredmedia":[{"embeddable":true,"href":"https:\/\/www.radiopiu.net\/wordpress\/wp-json\/wp\/v2\/media\/175388"}],"wp:attachment":[{"href":"https:\/\/www.radiopiu.net\/wordpress\/wp-json\/wp\/v2\/media?parent=188461"}],"wp:term":[{"taxonomy":"category","embeddable":true,"href":"https:\/\/www.radiopiu.net\/wordpress\/wp-json\/wp\/v2\/categories?post=188461"},{"taxonomy":"post_tag","embeddable":true,"href":"https:\/\/www.radiopiu.net\/wordpress\/wp-json\/wp\/v2\/tags?post=188461"}],"curies":[{"name":"wp","href":"https:\/\/api.w.org\/{rel}","templated":true}]}}