{"id":188531,"date":"2021-02-02T14:54:23","date_gmt":"2021-02-02T13:54:23","guid":{"rendered":"https:\/\/www.radiopiu.net\/wordpress\/?p=188531"},"modified":"2021-02-05T06:12:05","modified_gmt":"2021-02-05T05:12:05","slug":"a-taibon-arriva-la-fibra-ottica-per-tuttio-quasi-2","status":"publish","type":"post","link":"https:\/\/www.radiopiu.net\/wordpress\/a-taibon-arriva-la-fibra-ottica-per-tuttio-quasi-2\/","title":{"rendered":"A TAIBON ARRIVA LA FIBRA OTTICA PER TUTTI\u2026O QUASI"},"content":{"rendered":"<blockquote>\n<h3><\/h3>\n<\/blockquote>\n<p><strong><a href=\"https:\/\/www.radiopiu.net\/wordpress\/fibraottica\/fibra\/\" rel=\"attachment wp-att-135540\"><img loading=\"lazy\" decoding=\"async\" class=\"size-medium wp-image-135540 alignleft\" src=\"https:\/\/www.radiopiu.net\/wordpress\/wp-content\/uploads\/2020\/05\/FIBRA-300x169.jpg\" alt=\"\" width=\"300\" height=\"169\" srcset=\"https:\/\/www.radiopiu.net\/wordpress\/wp-content\/uploads\/2020\/05\/FIBRA-300x169.jpg 300w, https:\/\/www.radiopiu.net\/wordpress\/wp-content\/uploads\/2020\/05\/FIBRA-1024x576.jpg 1024w, https:\/\/www.radiopiu.net\/wordpress\/wp-content\/uploads\/2020\/05\/FIBRA-768x432.jpg 768w, https:\/\/www.radiopiu.net\/wordpress\/wp-content\/uploads\/2020\/05\/FIBRA-1536x864.jpg 1536w, https:\/\/www.radiopiu.net\/wordpress\/wp-content\/uploads\/2020\/05\/FIBRA.jpg 1920w\" sizes=\"auto, (max-width: 300px) 100vw, 300px\" \/><\/a>TAIBON<\/strong> Dopo i lavori della scorsa estate \u00e8 ufficialmente arrivata la fibra ottica a Taibon Agordino. A comunicarlo lo stesso comune tramite la applicazione Municipium. Infatti, Open Fiber ha cablato l\u2019intera rete nei giorni scorsi e da poche ore tutti gli abitanti di Taibon potranno richiedere l\u2019attivazione presso un provider che usa l\u2019infrastruttura. Per verificare la copertura basta accedere al sito dell\u2019azienda, inserire la via e il numero civico e in pochi secondi si avr\u00e0 la conferma se la fibra ottica pu\u00f2 essere attivata presso la propria abitazione. Open Fiber, al momento della conferma di copertura, propone anche i vari provider con cui si pu\u00f2 richiedere l\u2019attivazione della linea. Tutto il paese \u00e8 stato cablato ad esclusione della zona di Soccol, Campedel, Serach e Col Di Pr\u00e0. La velocit\u00e0 massima di navigazione sar\u00e0 di 1 gigabyte in download e 300 mega in upload, a indiscrezione dall\u2019operatore che viene scelto. Una buona notizia per gli abitanti di Taibon che fino ad ora erano costretti a navigare su internet con un\u2019ADSL, la rete cellulare o le FWA da Arion o Bries.<\/p>\n<p>&nbsp;<\/p>\n","protected":false},"excerpt":{"rendered":"<p>TAIBON Dopo i lavori della scorsa estate \u00e8 ufficialmente arrivata la fibra ottica a Taibon Agordino. A comunicarlo lo stesso comune tramite la applicazione Municipium. Infatti, Open Fiber ha cablato l\u2019intera rete nei giorni scorsi e da poche ore tutti gli abitanti di Taibon potranno richiedere l\u2019attivazione presso un provider che usa l\u2019infrastruttura. Per verificare&hellip;<\/p>\n","protected":false},"author":4,"featured_media":133161,"comment_status":"closed","ping_status":"closed","sticky":false,"template":"","format":"standard","meta":{"_monsterinsights_skip_tracking":false,"_monsterinsights_sitenote_active":false,"_monsterinsights_sitenote_note":"","_monsterinsights_sitenote_category":0,"footnotes":""},"categories":[1,49],"tags":[],"class_list":["post-188531","post","type-post","status-publish","format-standard","has-post-thumbnail","hentry","category-senza-categoria","category-news-18","category-1","category-49","description-off"],"img_url":"https:\/\/www.radiopiu.net\/wordpress\/wp-content\/uploads\/2020\/04\/fibra-ottica.jpg","_links":{"self":[{"href":"https:\/\/www.radiopiu.net\/wordpress\/wp-json\/wp\/v2\/posts\/188531","targetHints":{"allow":["GET"]}}],"collection":[{"href":"https:\/\/www.radiopiu.net\/wordpress\/wp-json\/wp\/v2\/posts"}],"about":[{"href":"https:\/\/www.radiopiu.net\/wordpress\/wp-json\/wp\/v2\/types\/post"}],"author":[{"embeddable":true,"href":"https:\/\/www.radiopiu.net\/wordpress\/wp-json\/wp\/v2\/users\/4"}],"replies":[{"embeddable":true,"href":"https:\/\/www.radiopiu.net\/wordpress\/wp-json\/wp\/v2\/comments?post=188531"}],"version-history":[{"count":0,"href":"https:\/\/www.radiopiu.net\/wordpress\/wp-json\/wp\/v2\/posts\/188531\/revisions"}],"wp:featuredmedia":[{"embeddable":true,"href":"https:\/\/www.radiopiu.net\/wordpress\/wp-json\/wp\/v2\/media\/133161"}],"wp:attachment":[{"href":"https:\/\/www.radiopiu.net\/wordpress\/wp-json\/wp\/v2\/media?parent=188531"}],"wp:term":[{"taxonomy":"category","embeddable":true,"href":"https:\/\/www.radiopiu.net\/wordpress\/wp-json\/wp\/v2\/categories?post=188531"},{"taxonomy":"post_tag","embeddable":true,"href":"https:\/\/www.radiopiu.net\/wordpress\/wp-json\/wp\/v2\/tags?post=188531"}],"curies":[{"name":"wp","href":"https:\/\/api.w.org\/{rel}","templated":true}]}}