{"id":188533,"date":"2021-02-02T23:59:59","date_gmt":"2021-02-02T22:59:59","guid":{"rendered":"https:\/\/www.radiopiu.net\/wordpress\/?p=188533"},"modified":"2021-02-03T10:01:41","modified_gmt":"2021-02-03T09:01:41","slug":"una-carta-di-belluno-comunita-che-educa-sulle-sfide-educative-sociali-ed-ambientali","status":"publish","type":"post","link":"https:\/\/www.radiopiu.net\/wordpress\/una-carta-di-belluno-comunita-che-educa-sulle-sfide-educative-sociali-ed-ambientali\/","title":{"rendered":"UNA \u201cCARTA\u201d DI BELLUNO COMUNIT\u00c0 CHE EDUCA SULLE SFIDE EDUCATIVE, SOCIALI ED AMBIENTALI"},"content":{"rendered":"<p><strong>DI RENATO BONA<\/strong><\/p>\n<p>&nbsp;<\/p>\n<p><strong>BELLUNO<\/strong> Il comitato \u201cBelluno Comunit\u00e0 che educa\u201d (Paola Barattin, Brunella Bortoluzzi, Bruno Bratti, Franco Chemello, Francesca Curti, Federica De Carli, Anna Della Lucia, M. Cristina Giaffredo, Antonella Gris, Andrea Mario, Loriana Pison, don Alex Vascellari) cui aderiscono: Ufficio diocesano di Pastorale dell\u2019educazione e della scuola della Diocesi di Belluno-Feltre (presidente don Graziano Dalla Caneva, vice presidente don Alex Vascellari, segretario Manuel Savi); Miur, Ufficio IV Belluno \u2013 Area Inclusione; Associazione Bucaneve Onlus; Cooperativa Samarcanda; Cooperativa San Giorgio e Scout Fse; Insieme si pu\u00f2 Ong; Scout Agesci \u2013 Gruppo Belluno 3; Scuole in rete per un mondo di Solidariet\u00e0 e di pace e Associazione Amici delle scuole in rete, si \u00e8 interrogato in questi mesi di pandemia \u201csulle sfide educative, sociali e ambientali presenti nel tempo che stiamo vivendo\u201d. Sul sito \u201cchiesabellunofeltre\u201d spiega che: \u201cIn prima istanza, alla luce dell\u2019esperienza di Dad (Didattica a distanza) vissuta da insegnanti,alunni, famiglie, abbiamo riflettuto sul compito della scuola andando alla ricerca di quei valori sentiti come fondamentali cui potersi riferire in questa situazione di continua novit\u00e0 e incertezza, in qualsiasi modalit\u00e0 didattica ci si trovi a realizzare la scuola (in presenza, a distanza, in modalit\u00e0 integrata eccetera)\u201d. Un approfondimento sulla scuola &#8211; si legge ancora &#8211; che \u00e8 stato guidato dalla consapevolezza che essa rappresenta un luogo cruciale della vita e della crescita della persona e della societ\u00e0: ma anche dalla consapevolezza che nei momenti di crisi pu\u00f2 essere forte la tentazione di delegarle il compito educativo e formativo, mentre \u00e8 di tutti la responsabilit\u00e0 di sostenere la scuola, perch\u00e9 la scuola \u00e8 di tutti\u201d. Una puntualizzazione: \u201c In questo percorso abbiamo sentito il bisogno di farci guidare dal Maestro che ha ispirato la nascita stessa del Comitato, andando ad attingere alle riflessioni di Lorenzo Milani sulla propria esperienza di scuola, nel testo \u2018Esperienze Pastorali\u2019. Inoltre ci si \u00e8 voluti mettere in ascolto di quanto espresso dai circa duemila giovani di Belluno che la scorsa primavera hanno risposto al questionario, realizzato dalla Consulta provinciale studentesca, relativo al benessere degli studenti, alla scuola e alla societ\u00e0 che vorrebbero\u201d. Di pi\u00f9: \u201cLa riflessione del nostro Comitato si \u00e8 cos\u00ec estesa dalla scuola alla stessa vita, alle relazioni, quello che pi\u00f9 si desidera per i nostri ragazzi e il mondo\u201d. Con queste premesse, annuncia: \u201cNe \u00e8 nata una carta che speriamo possa essere punto di partenza per un confronto su valori, visioni, esperienze e pratiche scolastiche diverse. Un primo passo di percorso concreto di condivisione, che aiuti a riscoprirci e rafforzarci come comunit\u00e0, condizione che appare sempre pi\u00f9 indispensabile per essere in grado di rispondere alle sfide educative, sociali e ambientali del nostro tempo\u201d. Ecco, qui di seguito, dalla libera enciclopedia Wikipedia, un sintetico profilo di don Milani, nome completo: Lorenzo Carlo Domenico Milani Comparetti, nato a Firenze il 27 maggio 1923 da Albano Milani Comparetti e da Alice Weiss, e mancato nella stessa citt\u00e0 il 26 giugno 1967 a causa di un linfoma di Hodgkin (negli ultimi mesi della malattia volle stare vicino ai suoi ragazzi perch\u00e9, come sosteneva, imparassero che cosa sia la morte; tuttavia nei suoi ultimi giorni di vita fu riportato a Firenze per morire nella casa della madre). Presbitero, scrittore, docente ed educatore cattolico: la sua figura di prete \u00e8 legata all\u2019esperienza didattica rivolta ai bambini poveri nella disagiata ed isolata Scuola di Barbiana, nella canonica della chiesa di Sant\u2019Andrea. I suoi scritti innescarono aspre polemiche, coinvolgendo la Chiesa, gli intellettuali, i politici dell\u2019epoca; Milani fu sostenitore dell\u2019obiezione di coscienza opposta al servizio militare maschile (all\u2019epoca obbligatorio in Italia); per tale motivo fu processato \u2013 e poi assolto \u2013 per apologia di reato. Il suo libro Esperienze Pastorali, inizialmente dotato dell\u2019imprimatur ecclesiastico, fu oggetto di un decreto del Sant\u2019Ufficio del 1958 contenente la proibizione di stampa e di diffusione e solo nel 2014, dopo 56 anni,la ristampa non ha pi\u00f9 avuto proibizione da parte della Chiesa In conclusione precisiamo che chi volesse rimanere aggiornato sulle proposte di \u201cBelluno Comunit\u00e0 che educa\u201d pu\u00f2 scrivere a: bellunoeduca@gmail.com e seguirne le iniziative su: pagina @bellunoeduca Biblioteca Wallet: <span role=\"gridcell\"><a class=\"oajrlxb2 g5ia77u1 qu0x051f esr5mh6w e9989ue4 r7d6kgcz rq0escxv nhd2j8a9 nc684nl6 p7hjln8o kvgmc6g5 cxmmr5t8 oygrvhab hcukyx3x jb3vyjys rz4wbd8a qt6c0cv9 a8nywdso i1ao9s8h oo483o9r f1sip0of lzcic4wl oo9gr5id gpro0wi8\" tabindex=\"0\" role=\"link\" href=\"https:\/\/l.facebook.com\/l.php?u=https%3A%2F%2Fwakelet.com%2Fi%2Finvite%3Fcode%3D361f7a9%26fbclid%3DIwAR2TRagdn4GiqYpZRIlKIrkroAjD2fjq1LreL5KEo_DQCKPK1xI5YYBaTHE&amp;h=AT088AVhzSdPf3MphlPbWYWwk10KQzcrqGf8PzrtH5P4D_uqYloFAIrT5nD1OwhVCZkTCj5SZUm77vVYtaubjqXz_F4jgIfIn3PEz5DBFKjuKPnov82ZDF80dDYX2Stc0mU\" target=\"_blank\" rel=\"nofollow noopener\">https:\/\/wakelet.com\/i\/invite?code=361f7a9<\/a><\/span>.<\/p>\n\n\t\t\t<style type='text\/css'>\n\t\t\t\t#gallery-1 {\n\t\t\t\t\tmargin: auto;\n\t\t\t\t}\n\t\t\t\t#gallery-1 .gallery-item {\n\t\t\t\t\tfloat: left;\n\t\t\t\t\tmargin-top: 10px;\n\t\t\t\t\ttext-align: center;\n\t\t\t\t\twidth: 33%;\n\t\t\t\t}\n\t\t\t\t#gallery-1 img {\n\t\t\t\t\tborder: 2px solid #cfcfcf;\n\t\t\t\t}\n\t\t\t\t#gallery-1 .gallery-caption {\n\t\t\t\t\tmargin-left: 0;\n\t\t\t\t}\n\t\t\t\t\/* see gallery_shortcode() in wp-includes\/media.php *\/\n\t\t\t<\/style>\n\t\t<div id='gallery-1' class='dt-gallery-container gallery galleryid-188533 gallery-columns-3 gallery-size-thumbnail'><dl class='gallery-item'>\n\t\t\t\t<dt class='gallery-icon landscape'>\n\t\t\t\t\t<a class=\"rollover rollover-zoom dt-pswp-item\" title=\"145642416_797901434142887_1559208214624122213_n\" data-dt-img-description=\"\" data-large_image_width=\"620\" data-large_image_height=\"496\"href='https:\/\/www.radiopiu.net\/wordpress\/wp-content\/uploads\/2021\/02\/145642416_797901434142887_1559208214624122213_n.png'><img loading=\"lazy\" decoding=\"async\" width=\"150\" height=\"150\" src=\"https:\/\/www.radiopiu.net\/wordpress\/wp-content\/uploads\/2021\/02\/145642416_797901434142887_1559208214624122213_n-150x150.png\" class=\"attachment-thumbnail size-thumbnail\" alt=\"\" \/><\/a>\n\t\t\t\t<\/dt><\/dl><dl class='gallery-item'>\n\t\t\t\t<dt class='gallery-icon portrait'>\n\t\t\t\t\t<a class=\"rollover rollover-zoom dt-pswp-item\" title=\"144876726_748827349070135_8463521003105358652_n\" data-dt-img-description=\"\" data-large_image_width=\"108\" data-large_image_height=\"152\"href='https:\/\/www.radiopiu.net\/wordpress\/wp-content\/uploads\/2021\/02\/144876726_748827349070135_8463521003105358652_n.png'><img loading=\"lazy\" decoding=\"async\" width=\"108\" height=\"150\" src=\"https:\/\/www.radiopiu.net\/wordpress\/wp-content\/uploads\/2021\/02\/144876726_748827349070135_8463521003105358652_n-108x150.png\" class=\"attachment-thumbnail size-thumbnail\" alt=\"\" \/><\/a>\n\t\t\t\t<\/dt><\/dl><dl class='gallery-item'>\n\t\t\t\t<dt class='gallery-icon portrait'>\n\t\t\t\t\t<a class=\"rollover rollover-zoom dt-pswp-item\" title=\"145521165_260278422117705_4292915818556781798_n\" data-dt-img-description=\"\" data-large_image_width=\"228\" data-large_image_height=\"229\"href='https:\/\/www.radiopiu.net\/wordpress\/wp-content\/uploads\/2021\/02\/145521165_260278422117705_4292915818556781798_n.jpg'><img loading=\"lazy\" decoding=\"async\" width=\"150\" height=\"150\" src=\"https:\/\/www.radiopiu.net\/wordpress\/wp-content\/uploads\/2021\/02\/145521165_260278422117705_4292915818556781798_n-150x150.jpg\" class=\"attachment-thumbnail size-thumbnail\" alt=\"\" srcset=\"https:\/\/www.radiopiu.net\/wordpress\/wp-content\/uploads\/2021\/02\/145521165_260278422117705_4292915818556781798_n-150x150.jpg 150w, https:\/\/www.radiopiu.net\/wordpress\/wp-content\/uploads\/2021\/02\/145521165_260278422117705_4292915818556781798_n.jpg 228w\" sizes=\"auto, (max-width: 150px) 100vw, 150px\" \/><\/a>\n\t\t\t\t<\/dt><\/dl><br style=\"clear: both\" \/><dl class='gallery-item'>\n\t\t\t\t<dt class='gallery-icon landscape'>\n\t\t\t\t\t<a class=\"rollover rollover-zoom dt-pswp-item\" title=\"145493443_720217392030207_4128610978675736896_n\" data-dt-img-description=\"\" data-large_image_width=\"260\" data-large_image_height=\"194\"href='https:\/\/www.radiopiu.net\/wordpress\/wp-content\/uploads\/2021\/02\/145493443_720217392030207_4128610978675736896_n.jpg'><img loading=\"lazy\" decoding=\"async\" width=\"150\" height=\"150\" src=\"https:\/\/www.radiopiu.net\/wordpress\/wp-content\/uploads\/2021\/02\/145493443_720217392030207_4128610978675736896_n-150x150.jpg\" class=\"attachment-thumbnail size-thumbnail\" alt=\"\" \/><\/a>\n\t\t\t\t<\/dt><\/dl><dl class='gallery-item'>\n\t\t\t\t<dt class='gallery-icon landscape'>\n\t\t\t\t\t<a class=\"rollover rollover-zoom dt-pswp-item\" title=\"145306412_255281346194701_8390294166653560731_n\" data-dt-img-description=\"\" data-large_image_width=\"320\" data-large_image_height=\"240\"href='https:\/\/www.radiopiu.net\/wordpress\/wp-content\/uploads\/2021\/02\/145306412_255281346194701_8390294166653560731_n.png'><img loading=\"lazy\" decoding=\"async\" width=\"150\" height=\"150\" src=\"https:\/\/www.radiopiu.net\/wordpress\/wp-content\/uploads\/2021\/02\/145306412_255281346194701_8390294166653560731_n-150x150.png\" class=\"attachment-thumbnail size-thumbnail\" alt=\"\" \/><\/a>\n\t\t\t\t<\/dt><\/dl><dl class='gallery-item'>\n\t\t\t\t<dt class='gallery-icon landscape'>\n\t\t\t\t\t<a class=\"rollover rollover-zoom dt-pswp-item\" title=\"145077018_262855348637761_5876608358636295231_n\" data-dt-img-description=\"\" data-large_image_width=\"1200\" data-large_image_height=\"675\"href='https:\/\/www.radiopiu.net\/wordpress\/wp-content\/uploads\/2021\/02\/145077018_262855348637761_5876608358636295231_n.jpg'><img loading=\"lazy\" decoding=\"async\" width=\"150\" height=\"150\" src=\"https:\/\/www.radiopiu.net\/wordpress\/wp-content\/uploads\/2021\/02\/145077018_262855348637761_5876608358636295231_n-150x150.jpg\" class=\"attachment-thumbnail size-thumbnail\" alt=\"\" \/><\/a>\n\t\t\t\t<\/dt><\/dl><br style=\"clear: both\" \/>\n\t\t\t<\/div>\n\n<p>&nbsp;<\/p>\n<p>NELLE FOTO (sitochiesabellunofeltre; libera enciclopedia Wikipedia; Qui Firenze; La Stampa): il logo di \u201cBelluno citt\u00e0 che educa\u201d; prima pagina di \u201cCarta per la Scuola\u201d; don Lorenzo Milani; in compagnia dei \u201csuoi ragazzi\u201d; la tomba a Barbiana; il vescovo di Belluno-Feltre monsignor Renato Marangoni ad un incontro promosso dall\u2019Ufficio diocesano di pastorale dell\u2019educazione e della scuola.UNA \u201cCARTA\u201d DI BELLUNO COMUNIT\u00c0 CHE EDUCA SULLE SFIDE EDUCATIVE, SOCIALI ED AMBIENTALI<\/p>\n","protected":false},"excerpt":{"rendered":"<p>DI RENATO BONA &nbsp; BELLUNO Il comitato \u201cBelluno Comunit\u00e0 che educa\u201d (Paola Barattin, Brunella Bortoluzzi, Bruno Bratti, Franco Chemello, Francesca Curti, Federica De Carli, Anna Della Lucia, M. Cristina Giaffredo, Antonella Gris, Andrea Mario, Loriana Pison, don Alex Vascellari) cui aderiscono: Ufficio diocesano di Pastorale dell\u2019educazione e della scuola della Diocesi di Belluno-Feltre (presidente don&hellip;<\/p>\n","protected":false},"author":4,"featured_media":188539,"comment_status":"closed","ping_status":"closed","sticky":false,"template":"","format":"standard","meta":{"_monsterinsights_skip_tracking":false,"_monsterinsights_sitenote_active":false,"_monsterinsights_sitenote_note":"","_monsterinsights_sitenote_category":0,"footnotes":""},"categories":[104,49],"tags":[],"class_list":["post-188533","post","type-post","status-publish","format-standard","has-post-thumbnail","hentry","category-evidenza_3","category-news-18","category-104","category-49","description-off"],"img_url":"https:\/\/www.radiopiu.net\/wordpress\/wp-content\/uploads\/2021\/02\/145077018_262855348637761_5876608358636295231_n.jpg","_links":{"self":[{"href":"https:\/\/www.radiopiu.net\/wordpress\/wp-json\/wp\/v2\/posts\/188533","targetHints":{"allow":["GET"]}}],"collection":[{"href":"https:\/\/www.radiopiu.net\/wordpress\/wp-json\/wp\/v2\/posts"}],"about":[{"href":"https:\/\/www.radiopiu.net\/wordpress\/wp-json\/wp\/v2\/types\/post"}],"author":[{"embeddable":true,"href":"https:\/\/www.radiopiu.net\/wordpress\/wp-json\/wp\/v2\/users\/4"}],"replies":[{"embeddable":true,"href":"https:\/\/www.radiopiu.net\/wordpress\/wp-json\/wp\/v2\/comments?post=188533"}],"version-history":[{"count":0,"href":"https:\/\/www.radiopiu.net\/wordpress\/wp-json\/wp\/v2\/posts\/188533\/revisions"}],"wp:featuredmedia":[{"embeddable":true,"href":"https:\/\/www.radiopiu.net\/wordpress\/wp-json\/wp\/v2\/media\/188539"}],"wp:attachment":[{"href":"https:\/\/www.radiopiu.net\/wordpress\/wp-json\/wp\/v2\/media?parent=188533"}],"wp:term":[{"taxonomy":"category","embeddable":true,"href":"https:\/\/www.radiopiu.net\/wordpress\/wp-json\/wp\/v2\/categories?post=188533"},{"taxonomy":"post_tag","embeddable":true,"href":"https:\/\/www.radiopiu.net\/wordpress\/wp-json\/wp\/v2\/tags?post=188533"}],"curies":[{"name":"wp","href":"https:\/\/api.w.org\/{rel}","templated":true}]}}