{"id":188545,"date":"2021-02-02T15:58:18","date_gmt":"2021-02-02T14:58:18","guid":{"rendered":"https:\/\/www.radiopiu.net\/wordpress\/?p=188545"},"modified":"2021-02-03T06:04:26","modified_gmt":"2021-02-03T05:04:26","slug":"dopo-dieci-anni-il-contratto-dirigenza-funzioni-locali","status":"publish","type":"post","link":"https:\/\/www.radiopiu.net\/wordpress\/dopo-dieci-anni-il-contratto-dirigenza-funzioni-locali\/","title":{"rendered":"DOPO DIECI ANNI IL CONTRATTO DIRIGENZA FUNZIONI LOCALI"},"content":{"rendered":"<p><strong><a href=\"https:\/\/www.radiopiu.net\/wordpress\/lintervento-del-sindaco-di-belluno-jacopo-massaro-dopo-il-nuovo-dpcm\/jacopo-massaro-5\/\" rel=\"attachment wp-att-121070\"><img loading=\"lazy\" decoding=\"async\" class=\"wp-image-121070 alignleft\" src=\"https:\/\/www.radiopiu.net\/wordpress\/wp-content\/uploads\/2020\/03\/JACOPO-MASSARO-300x208.jpg\" alt=\"\" width=\"167\" height=\"116\" srcset=\"https:\/\/www.radiopiu.net\/wordpress\/wp-content\/uploads\/2020\/03\/JACOPO-MASSARO-300x208.jpg 300w, https:\/\/www.radiopiu.net\/wordpress\/wp-content\/uploads\/2020\/03\/JACOPO-MASSARO-1024x709.jpg 1024w, https:\/\/www.radiopiu.net\/wordpress\/wp-content\/uploads\/2020\/03\/JACOPO-MASSARO-768x531.jpg 768w, https:\/\/www.radiopiu.net\/wordpress\/wp-content\/uploads\/2020\/03\/JACOPO-MASSARO.jpg 1289w\" sizes=\"auto, (max-width: 167px) 100vw, 167px\" \/><\/a>BELLUNO<\/strong> Il Sindaco di Belluno Jacopo Massaro, nella sua veste di delegato nazionale ANCI in materia di Pubblica Amministrazione, Personale e Relazioni Sindacali, ha introdotto questa mattina il seminario online organizzato da ANCI sul nuovo contratto nazionale dell\u2019area della Dirigenza Funzioni locali. Nel nuovo contratto ci sono alcune novit\u00e0 che vanno nella direzione chiesta dai comuni, come la figura di un segretario generale con maggiori responsabilit\u00e0 e visto con un approccio quasi manageriale, o la rivisitazione degli istituti contrattuali pi\u00f9 spostati sulla parte variabile, quindi maggiormente legati al raggiungimento degli obbiettivi o al \u201cpeso\u201d dei servizi gestiti<\/p>\n<blockquote><p><strong>AI MICROFONI DI RADIO PIU&#8217; IL SINDACO JACOPO MASSARO<\/strong><\/p><\/blockquote>\n<audio class=\"wp-audio-shortcode\" id=\"audio-188545-1\" preload=\"none\" style=\"width: 100%;\" controls=\"controls\"><source type=\"audio\/mpeg\" src=\"https:\/\/www.radiopiu.net\/wordpress\/wp-content\/uploads\/2021\/02\/MASSARO.mp3?_=1\" \/><a href=\"https:\/\/www.radiopiu.net\/wordpress\/wp-content\/uploads\/2021\/02\/MASSARO.mp3\">https:\/\/www.radiopiu.net\/wordpress\/wp-content\/uploads\/2021\/02\/MASSARO.mp3<\/a><\/audio>\n<p>&nbsp;<\/p>\n","protected":false},"excerpt":{"rendered":"<p>BELLUNO Il Sindaco di Belluno Jacopo Massaro, nella sua veste di delegato nazionale ANCI in materia di Pubblica Amministrazione, Personale e Relazioni Sindacali, ha introdotto questa mattina il seminario online organizzato da ANCI sul nuovo contratto nazionale dell\u2019area della Dirigenza Funzioni locali. Nel nuovo contratto ci sono alcune novit\u00e0 che vanno nella direzione chiesta dai&hellip;<\/p>\n","protected":false},"author":4,"featured_media":188547,"comment_status":"closed","ping_status":"closed","sticky":false,"template":"","format":"standard","meta":{"_monsterinsights_skip_tracking":false,"_monsterinsights_sitenote_active":false,"_monsterinsights_sitenote_note":"","_monsterinsights_sitenote_category":0,"footnotes":""},"categories":[51,49],"tags":[],"class_list":["post-188545","post","type-post","status-publish","format-standard","has-post-thumbnail","hentry","category-evidenza-top","category-news-18","category-51","category-49","description-off"],"img_url":"https:\/\/www.radiopiu.net\/wordpress\/wp-content\/uploads\/2021\/02\/th-1.jpg","_links":{"self":[{"href":"https:\/\/www.radiopiu.net\/wordpress\/wp-json\/wp\/v2\/posts\/188545","targetHints":{"allow":["GET"]}}],"collection":[{"href":"https:\/\/www.radiopiu.net\/wordpress\/wp-json\/wp\/v2\/posts"}],"about":[{"href":"https:\/\/www.radiopiu.net\/wordpress\/wp-json\/wp\/v2\/types\/post"}],"author":[{"embeddable":true,"href":"https:\/\/www.radiopiu.net\/wordpress\/wp-json\/wp\/v2\/users\/4"}],"replies":[{"embeddable":true,"href":"https:\/\/www.radiopiu.net\/wordpress\/wp-json\/wp\/v2\/comments?post=188545"}],"version-history":[{"count":0,"href":"https:\/\/www.radiopiu.net\/wordpress\/wp-json\/wp\/v2\/posts\/188545\/revisions"}],"wp:featuredmedia":[{"embeddable":true,"href":"https:\/\/www.radiopiu.net\/wordpress\/wp-json\/wp\/v2\/media\/188547"}],"wp:attachment":[{"href":"https:\/\/www.radiopiu.net\/wordpress\/wp-json\/wp\/v2\/media?parent=188545"}],"wp:term":[{"taxonomy":"category","embeddable":true,"href":"https:\/\/www.radiopiu.net\/wordpress\/wp-json\/wp\/v2\/categories?post=188545"},{"taxonomy":"post_tag","embeddable":true,"href":"https:\/\/www.radiopiu.net\/wordpress\/wp-json\/wp\/v2\/tags?post=188545"}],"curies":[{"name":"wp","href":"https:\/\/api.w.org\/{rel}","templated":true}]}}