{"id":188697,"date":"2021-02-03T11:41:49","date_gmt":"2021-02-03T10:41:49","guid":{"rendered":"https:\/\/www.radiopiu.net\/wordpress\/?p=188697"},"modified":"2021-02-03T11:41:49","modified_gmt":"2021-02-03T10:41:49","slug":"sci-di-fondo-tre-atleti-bellunesi-convocati-per-i-mondiali-juniores-e-under-23-di-vuokatti-finlandia","status":"publish","type":"post","link":"https:\/\/www.radiopiu.net\/wordpress\/sci-di-fondo-tre-atleti-bellunesi-convocati-per-i-mondiali-juniores-e-under-23-di-vuokatti-finlandia\/","title":{"rendered":"SCI DI FONDO &#8211; TRE ATLETI BELLUNESI CONVOCATI PER I MONDIALI JUNIORES E UNDER 23 DI VUOKATTI (FINLANDIA)"},"content":{"rendered":"<p><span class=\"s1\"><a href=\"https:\/\/www.radiopiu.net\/wordpress\/?attachment_id=188662\" rel=\"attachment wp-att-188662\"><img loading=\"lazy\" decoding=\"async\" class=\"size-medium wp-image-188662 alignleft\" src=\"https:\/\/www.radiopiu.net\/wordpress\/wp-content\/uploads\/2021\/02\/\u00a9Ticomunicazione-Campionati-italiani-sci-di-fondo-Falcade-2020-ELIA-BARP-300x200.jpg\" alt=\"\" width=\"300\" height=\"200\" srcset=\"https:\/\/www.radiopiu.net\/wordpress\/wp-content\/uploads\/2021\/02\/\u00a9Ticomunicazione-Campionati-italiani-sci-di-fondo-Falcade-2020-ELIA-BARP-300x200.jpg 300w, https:\/\/www.radiopiu.net\/wordpress\/wp-content\/uploads\/2021\/02\/\u00a9Ticomunicazione-Campionati-italiani-sci-di-fondo-Falcade-2020-ELIA-BARP-1024x682.jpg 1024w, https:\/\/www.radiopiu.net\/wordpress\/wp-content\/uploads\/2021\/02\/\u00a9Ticomunicazione-Campionati-italiani-sci-di-fondo-Falcade-2020-ELIA-BARP-768x512.jpg 768w, https:\/\/www.radiopiu.net\/wordpress\/wp-content\/uploads\/2021\/02\/\u00a9Ticomunicazione-Campionati-italiani-sci-di-fondo-Falcade-2020-ELIA-BARP-1536x1024.jpg 1536w, https:\/\/www.radiopiu.net\/wordpress\/wp-content\/uploads\/2021\/02\/\u00a9Ticomunicazione-Campionati-italiani-sci-di-fondo-Falcade-2020-ELIA-BARP.jpg 2000w\" sizes=\"auto, (max-width: 300px) 100vw, 300px\" \/><\/a>Sono tre gli atleti veneti convocati per i Mondiali Juniores e Under 23 di sci di fondo che si svolgeranno dal 9 al 14 febbraio\u00a0 Vuokatti (Finlandia) dal 9 al 14 febbraio.\u00a0<\/span><span class=\"s1\">La direzione agonistica azzurra ha convocato infatti tre bellunesi: Iris De Martin (Juniores) e Chiara De Zolt (under 23), entrambe di Padola di Comelico Superiore, ed Elia Barp (Juniores), di Trichiana.\u00a0 <\/span><span class=\"s1\">Per De Martin (Centro sportivo Carabinieri), classe 2004, quindi ancora nella categoria Aspiranti, e per Barp (Fiamme Gialle) si tratta del debutto ai Mondiali anche se entrambi la scorsa stagione hanno vestito l\u2019azzurro alle Olimpiadi giovanili di Losanna. <\/span><span class=\"s1\">\u00ab<em>Per come sono fatta io, ho aspettative alte<\/em>\u00bb dice Iris. \u00ab<em>Allo stesso tempo, per\u00f2, sono consapevole che sar\u00f2 tra le pi\u00f9 giovani in gara e che quindi il Mondiale di Vuokatti mi servir\u00e0 per fare esperienza<\/em>\u00bb. <\/span><span class=\"s1\">\u00ab<em>Voglio fare bene<\/em>\u00bb cos\u00ec Elia Barp (nella foto) che in questa stagione ha vinto tre titoli italiani, due gare di Coppa Italia e una di Opa Cup, la Coppa Europa delle nazioni alpine. \u00ab<em>La condizione \u00e8 buona ma gli avversari sono un\u2019incognita: finora mi sono confrontato solamente con quelli di Opa Cup<\/em>\u00bb. <\/span><span class=\"s1\">Chiara De Zolt (Centro sportivo Carabinieri) \u00e8 all\u2019esordio in un mondiale Under 23 ma ha gi\u00e0 partecipato a un mondiale Juniores, a Goms (Svizzera), nel 2018. \u00ab<em>Punto soprattutto sulla sprint<\/em>\u00bb spiega la ragazza di Padola. \u00ab<em>Obiettivo minimo entrare nelle 15<\/em>\u00bb. I tre ragazzi partiranno a Milano questo venerd\u00ec.\u00a0<\/span><\/p>\n","protected":false},"excerpt":{"rendered":"<p>Sono tre gli atleti veneti convocati per i Mondiali Juniores e Under 23 di sci di fondo che si svolgeranno dal 9 al 14 febbraio\u00a0 Vuokatti (Finlandia) dal 9 al 14 febbraio.\u00a0La direzione agonistica azzurra ha convocato infatti tre bellunesi: Iris De Martin (Juniores) e Chiara De Zolt (under 23), entrambe di Padola di Comelico&hellip;<\/p>\n","protected":false},"author":4,"featured_media":188662,"comment_status":"closed","ping_status":"closed","sticky":false,"template":"","format":"standard","meta":{"_monsterinsights_skip_tracking":false,"_monsterinsights_sitenote_active":false,"_monsterinsights_sitenote_note":"","_monsterinsights_sitenote_category":0,"footnotes":""},"categories":[49,72],"tags":[],"class_list":["post-188697","post","type-post","status-publish","format-standard","has-post-thumbnail","hentry","category-news-18","category-sport","category-49","category-72","description-off"],"img_url":"https:\/\/www.radiopiu.net\/wordpress\/wp-content\/uploads\/2021\/02\/\u00a9Ticomunicazione-Campionati-italiani-sci-di-fondo-Falcade-2020-ELIA-BARP.jpg","_links":{"self":[{"href":"https:\/\/www.radiopiu.net\/wordpress\/wp-json\/wp\/v2\/posts\/188697","targetHints":{"allow":["GET"]}}],"collection":[{"href":"https:\/\/www.radiopiu.net\/wordpress\/wp-json\/wp\/v2\/posts"}],"about":[{"href":"https:\/\/www.radiopiu.net\/wordpress\/wp-json\/wp\/v2\/types\/post"}],"author":[{"embeddable":true,"href":"https:\/\/www.radiopiu.net\/wordpress\/wp-json\/wp\/v2\/users\/4"}],"replies":[{"embeddable":true,"href":"https:\/\/www.radiopiu.net\/wordpress\/wp-json\/wp\/v2\/comments?post=188697"}],"version-history":[{"count":0,"href":"https:\/\/www.radiopiu.net\/wordpress\/wp-json\/wp\/v2\/posts\/188697\/revisions"}],"wp:featuredmedia":[{"embeddable":true,"href":"https:\/\/www.radiopiu.net\/wordpress\/wp-json\/wp\/v2\/media\/188662"}],"wp:attachment":[{"href":"https:\/\/www.radiopiu.net\/wordpress\/wp-json\/wp\/v2\/media?parent=188697"}],"wp:term":[{"taxonomy":"category","embeddable":true,"href":"https:\/\/www.radiopiu.net\/wordpress\/wp-json\/wp\/v2\/categories?post=188697"},{"taxonomy":"post_tag","embeddable":true,"href":"https:\/\/www.radiopiu.net\/wordpress\/wp-json\/wp\/v2\/tags?post=188697"}],"curies":[{"name":"wp","href":"https:\/\/api.w.org\/{rel}","templated":true}]}}