{"id":188765,"date":"2021-02-04T05:59:00","date_gmt":"2021-02-04T04:59:00","guid":{"rendered":"https:\/\/www.radiopiu.net\/wordpress\/?p=188765"},"modified":"2021-02-04T06:17:00","modified_gmt":"2021-02-04T05:17:00","slug":"loriginale-calendario-di-bepi-pellegrinon-inno-alla-memoria-di-loris-santomaso","status":"publish","type":"post","link":"https:\/\/www.radiopiu.net\/wordpress\/loriginale-calendario-di-bepi-pellegrinon-inno-alla-memoria-di-loris-santomaso\/","title":{"rendered":"L&#8217;ORIGINALE CALENDARIO DI BEPI PELLEGRINON, INNO ALLA MEMORIA. di LORIS SANTOMASO"},"content":{"rendered":"<p>AUDIO<\/p>\n<audio class=\"wp-audio-shortcode\" id=\"audio-188765-1\" preload=\"none\" style=\"width: 100%;\" controls=\"controls\"><source type=\"audio\/mpeg\" src=\"https:\/\/www.radiopiu.net\/wordpress\/wp-content\/uploads\/2021\/02\/LORIS.mp3?_=1\" \/><a href=\"https:\/\/www.radiopiu.net\/wordpress\/wp-content\/uploads\/2021\/02\/LORIS.mp3\">https:\/\/www.radiopiu.net\/wordpress\/wp-content\/uploads\/2021\/02\/LORIS.mp3<\/a><\/audio>\n<p>&nbsp;<\/p>\n<p><strong><img loading=\"lazy\" decoding=\"async\" class=\"alignleft\" src=\"https:\/\/www.radiopiu.net\/wordpress\/wp-content\/uploads\/2021\/02\/Calendario_Col_De_Rif_2021-scaled.jpg\" width=\"259\" height=\"378\" \/>FALCADE<\/strong> Se c\u2019\u00e8 una cosa che non fa difetto a Bepi Pellegrinon, alpinista, scrittore ed editore di Falcade \u00e8 sicuramente la memoria unita a un viscerale attaccamento al suo paese e alla sua gente oltre che alla grande passione per la montagna. Cos\u00ec, dopo aver portato alla ribalta guide, alpinisti e montanari della Valle del Bi\u00f3is (2018), i protagonisti dello sviluppo del settore alberghiero e turistico a Falcade (2019) e insegnanti e maestre fra \u2018800-\u2018900 a Falcade e Caviola (2020), era un atto dovuto che rendesse omaggio al villaggio natale con il nuovo e documentato \u00ablunario\u00bb (come sempre arricchito di un prezioso corredo iconografico, valorizzato dalla stampa delle Grafiche Antiga di Crocetta del Montello). Continuando in tal modo, da esperto cultore della storia dolomitica e in particolare della sua valle, un interessante excursus storico-culturale delle vicende del luogo a cavallo dei due ultimi secoli. \u00c8 quindi a \u201cC\u00f2l de Rif, cuore di Falcade\u201d, che dedica quest\u2019anno il sempre originale Calendario 2021 nel quale, oltre a una settantina di significative foto d\u2019archivio, con puntuali didascalie, dipana la storia di personaggi e famiglie fra lavoro ed emigrazione della borgata, formata ancora vero il 1500 su un conoide detritico \u201cdagli umili pionieri del tempo, dediti all\u2019agricoltura, alla legna dei boschi, al lavoro in miniera che vi costruirono il primo agglomerato di case, un misto fra legna e muratura\u201d. Lo chiamarono C\u00f2l de Rif perch\u00e9 sorto e bagnato dalle rive di un ruscello, che poi non manc\u00f2 di creare grossi problemi, luogo per certi versi centrale anche per la vita socio-economica di Falcade. L\u2019avvincente e dettagliata narrazione di Pellegrinon, impressa per temi in otto pagine, inizia proprio da qui con il ricordo della vita perigliosa del nonno materno Giuseppe Marcolin e dell\u2019osteria in piazza (ricordata pure dal Brentari) gestita per anni dalla madre Carmela, dove spesso \u201cera come essere a teatro\u201d con tanti simpatici aneddoti che \u201cmeritano di non essere dimenticati per non dissipare un patrimonio di vite vissute\u201d e per ricordare con affetto tante figure del passato: personaggi caratteristici ma autentici che hanno arricchito il vivere quotidiano del paese. A cominciare dall\u2019eloquente volto di Angela Valt \u201cgiostra\u201d (1887-1968, \u201ctabac\u00f2na\u201d, prezioso l\u2019elenco dei soprannomi e dei nomignoli riferiti a singoli o famiglie) che giganteggia sulla copertina. Ma poi dei tanti altri, che \u00e8 impossibile riportare ma che compongono il mosaico dell\u2019interessante ricerca sviluppata negli altri argomenti: la farmacia d\u2019altri tempi (\u201cspezier\u00eca de ciasa\u201d in cui s\u2019ingegnavano le donne con prodotti naturali), l\u2019elogio della capra (sinonimo di un\u2019economia agricola povera), i tanti emigranti da C\u00f2l de Rif (la particolare odissea di Giovanni Murer, incontrato per caso in America), l\u2019incredibile episodio delle \u201cBrigate rosse a Falcade\u201d del 1972 (una carnevalata, con risonanza mediatica nazionale, finita in una beffarda bolla di sapone) e ancora Giacomino e \u201ci f\u00e0ore\u201d e l\u2019arrivo della luce nel 1912, la Cooperativa di consumo del 1904, un \u201ccas\u00e8lo\u201d per la lavorazione del latte gi\u00e0 dal 1878 e tanto altro che vale senz\u2019altro la pena di sfogliare il lunario e tenerlo in casa come compagnia per tutto l\u2019anno.Anche in questo caso un\u2019opera a tema, fuori dagli stereotipi del genere, utile a far capire il valore della storia di una comunit\u00e0, dello stare assieme, dell\u2019amicizia e della solidariet\u00e0 che sono state doti necessarie alla \u201csopravvivenza\u201d e lo sono tuttora anche se le condizioni sono migliorate. Valori che hanno fatto di C\u00f2l de Rif un angolo di umanit\u00e0 \u00abperch\u00e9 &#8211; conclude Pellegrinon &#8211; chi ha avuto la ventura di nascere e vivere in questo luogo, fra queste montagne, accanto a persone generose e originali, sa che questi valori non potranno mai essere dispersi e dimenticati\u00bb.<\/p>\n<p><strong>Foto:<\/strong><\/p>\n<p><strong>FALCADE \u2013 La copertina del calendario 2021 della Nuovi Sentieri di Bepi Pellegrinon.<\/strong><\/p>\n","protected":false},"excerpt":{"rendered":"<p>AUDIO &nbsp; FALCADE Se c\u2019\u00e8 una cosa che non fa difetto a Bepi Pellegrinon, alpinista, scrittore ed editore di Falcade \u00e8 sicuramente la memoria unita a un viscerale attaccamento al suo paese e alla sua gente oltre che alla grande passione per la montagna. Cos\u00ec, dopo aver portato alla ribalta guide, alpinisti e montanari della&hellip;<\/p>\n","protected":false},"author":4,"featured_media":188766,"comment_status":"closed","ping_status":"closed","sticky":false,"template":"","format":"standard","meta":{"_monsterinsights_skip_tracking":false,"_monsterinsights_sitenote_active":false,"_monsterinsights_sitenote_note":"","_monsterinsights_sitenote_category":0,"footnotes":""},"categories":[104,49],"tags":[],"class_list":["post-188765","post","type-post","status-publish","format-standard","has-post-thumbnail","hentry","category-evidenza_3","category-news-18","category-104","category-49","description-off"],"img_url":"https:\/\/www.radiopiu.net\/wordpress\/wp-content\/uploads\/2021\/02\/Calendario_Col_De_Rif_2021-scaled.jpg","_links":{"self":[{"href":"https:\/\/www.radiopiu.net\/wordpress\/wp-json\/wp\/v2\/posts\/188765","targetHints":{"allow":["GET"]}}],"collection":[{"href":"https:\/\/www.radiopiu.net\/wordpress\/wp-json\/wp\/v2\/posts"}],"about":[{"href":"https:\/\/www.radiopiu.net\/wordpress\/wp-json\/wp\/v2\/types\/post"}],"author":[{"embeddable":true,"href":"https:\/\/www.radiopiu.net\/wordpress\/wp-json\/wp\/v2\/users\/4"}],"replies":[{"embeddable":true,"href":"https:\/\/www.radiopiu.net\/wordpress\/wp-json\/wp\/v2\/comments?post=188765"}],"version-history":[{"count":0,"href":"https:\/\/www.radiopiu.net\/wordpress\/wp-json\/wp\/v2\/posts\/188765\/revisions"}],"wp:featuredmedia":[{"embeddable":true,"href":"https:\/\/www.radiopiu.net\/wordpress\/wp-json\/wp\/v2\/media\/188766"}],"wp:attachment":[{"href":"https:\/\/www.radiopiu.net\/wordpress\/wp-json\/wp\/v2\/media?parent=188765"}],"wp:term":[{"taxonomy":"category","embeddable":true,"href":"https:\/\/www.radiopiu.net\/wordpress\/wp-json\/wp\/v2\/categories?post=188765"},{"taxonomy":"post_tag","embeddable":true,"href":"https:\/\/www.radiopiu.net\/wordpress\/wp-json\/wp\/v2\/tags?post=188765"}],"curies":[{"name":"wp","href":"https:\/\/api.w.org\/{rel}","templated":true}]}}