{"id":188769,"date":"2021-02-03T16:37:41","date_gmt":"2021-02-03T15:37:41","guid":{"rendered":"https:\/\/www.radiopiu.net\/wordpress\/?p=188769"},"modified":"2021-02-04T06:19:04","modified_gmt":"2021-02-04T05:19:04","slug":"all-ex-chiesa-dei-gesuiti-la-scala-monumentale","status":"publish","type":"post","link":"https:\/\/www.radiopiu.net\/wordpress\/all-ex-chiesa-dei-gesuiti-la-scala-monumentale\/","title":{"rendered":"ALL&#8217; EX CHIESA DEI GESUITI LA SCALA MONUMENTALE"},"content":{"rendered":"<p><strong><a href=\"https:\/\/www.radiopiu.net\/wordpress\/all-ex-chiesa-dei-gesuiti-la-scala-monumentale\/sopralluogo-ex-gesuiti-scala-e-commissione-urbanistica-5\/\" rel=\"attachment wp-att-188777\"><img loading=\"lazy\" decoding=\"async\" class=\" wp-image-188777 alignleft\" src=\"https:\/\/www.radiopiu.net\/wordpress\/wp-content\/uploads\/2021\/02\/Sopralluogo-Ex-Gesuiti-Scala-e-commissione-urbanistica-5-300x200.jpg\" alt=\"\" width=\"176\" height=\"117\" srcset=\"https:\/\/www.radiopiu.net\/wordpress\/wp-content\/uploads\/2021\/02\/Sopralluogo-Ex-Gesuiti-Scala-e-commissione-urbanistica-5-300x200.jpg 300w, https:\/\/www.radiopiu.net\/wordpress\/wp-content\/uploads\/2021\/02\/Sopralluogo-Ex-Gesuiti-Scala-e-commissione-urbanistica-5-1024x683.jpg 1024w, https:\/\/www.radiopiu.net\/wordpress\/wp-content\/uploads\/2021\/02\/Sopralluogo-Ex-Gesuiti-Scala-e-commissione-urbanistica-5-768x512.jpg 768w, https:\/\/www.radiopiu.net\/wordpress\/wp-content\/uploads\/2021\/02\/Sopralluogo-Ex-Gesuiti-Scala-e-commissione-urbanistica-5-1536x1024.jpg 1536w, https:\/\/www.radiopiu.net\/wordpress\/wp-content\/uploads\/2021\/02\/Sopralluogo-Ex-Gesuiti-Scala-e-commissione-urbanistica-5-2048x1365.jpg 2048w\" sizes=\"auto, (max-width: 176px) 100vw, 176px\" \/><\/a>BELLUNO\u00a0<\/strong> Montata la scala monumentale all&#8217;interno dell&#8217;Ex Chiesa dei Gesuiti di Via Tasso: ad ammirare la novit\u00e0, che ora collega finalmente dall&#8217;interno i due livelli della struttura, questa mattina erano presenti il sindaco Jacopo Massaro e i consiglieri della commissione urbanistica di Palazzo Rosso, invitati dall&#8217;assessore alla rigenerazione urbana Franco Frison e dalla Presidente della commissione, Ida Bortoluzzi.<\/p>\n<p><strong>L&#8217;ASSESSORE FRANCO FRISON<\/strong><\/p>\n<audio class=\"wp-audio-shortcode\" id=\"audio-188769-1\" preload=\"none\" style=\"width: 100%;\" controls=\"controls\"><source type=\"audio\/mpeg\" src=\"https:\/\/www.radiopiu.net\/wordpress\/wp-content\/uploads\/2021\/02\/Franco-Frison-Assessore-rigenerazione-urbana-Sopralluogo-chiesa-dei-gesuiti.mp3?_=1\" \/><a href=\"https:\/\/www.radiopiu.net\/wordpress\/wp-content\/uploads\/2021\/02\/Franco-Frison-Assessore-rigenerazione-urbana-Sopralluogo-chiesa-dei-gesuiti.mp3\">https:\/\/www.radiopiu.net\/wordpress\/wp-content\/uploads\/2021\/02\/Franco-Frison-Assessore-rigenerazione-urbana-Sopralluogo-chiesa-dei-gesuiti.mp3<\/a><\/audio>\n<p><a href=\"https:\/\/www.radiopiu.net\/wordpress\/all-ex-chiesa-dei-gesuiti-la-scala-monumentale\/sopralluogo-ex-gesuiti-scala-e-commissione-urbanistica-3\/\" rel=\"attachment wp-att-188775\"><img loading=\"lazy\" decoding=\"async\" class=\"size-medium wp-image-188775 alignright\" src=\"https:\/\/www.radiopiu.net\/wordpress\/wp-content\/uploads\/2021\/02\/Sopralluogo-Ex-Gesuiti-Scala-e-commissione-urbanistica-3-300x200.jpg\" alt=\"\" width=\"300\" height=\"200\" srcset=\"https:\/\/www.radiopiu.net\/wordpress\/wp-content\/uploads\/2021\/02\/Sopralluogo-Ex-Gesuiti-Scala-e-commissione-urbanistica-3-300x200.jpg 300w, https:\/\/www.radiopiu.net\/wordpress\/wp-content\/uploads\/2021\/02\/Sopralluogo-Ex-Gesuiti-Scala-e-commissione-urbanistica-3-1024x683.jpg 1024w, https:\/\/www.radiopiu.net\/wordpress\/wp-content\/uploads\/2021\/02\/Sopralluogo-Ex-Gesuiti-Scala-e-commissione-urbanistica-3-768x512.jpg 768w, https:\/\/www.radiopiu.net\/wordpress\/wp-content\/uploads\/2021\/02\/Sopralluogo-Ex-Gesuiti-Scala-e-commissione-urbanistica-3-1536x1024.jpg 1536w, https:\/\/www.radiopiu.net\/wordpress\/wp-content\/uploads\/2021\/02\/Sopralluogo-Ex-Gesuiti-Scala-e-commissione-urbanistica-3-2048x1365.jpg 2048w\" sizes=\"auto, (max-width: 300px) 100vw, 300px\" \/><\/a>Nel frattempo, proseguono le operazioni di riorganizzazione anche delle propriet\u00e0 esterne; la porzione della caserma Tasso che si affaccia su Piazza Piloni \u00e8 stata infatti ufficialmente restituita alla propriet\u00e0: alla sottoscrizione del documento di passaggio, avvenuta qualche giorno fa presso la sede dell&#8217;Associazione Nazionale Alpini ospitata proprio in una porzione dell&#8217;ex caserma, erano presenti i rappresentanti della propriet\u00e0 (il Fondo immobiliare Patrimonio uno) l&#8217;affittuario (l&#8217;Agenzia regionale del Demanio dello Stato, con il Responsabile dell&#8217;Unit\u00e0 Sviluppo Servizi Angelo Pizzin) e il Comune di Belluno (con l&#8217;assessore Franco Frison e il dirigente Carlo Erranti), direttamente interessato all&#8217;accordo per definire l&#8217;acquisizione di alcune aree poste tra l&#8217;ex Chiesa dei Gesuiti ed il Parco Citt\u00e0 di Bologna.<\/p>\n<p><strong>IL SINDACO JACOPO MASSARO<\/strong><\/p>\n<audio class=\"wp-audio-shortcode\" id=\"audio-188769-2\" preload=\"none\" style=\"width: 100%;\" controls=\"controls\"><source type=\"audio\/mpeg\" src=\"https:\/\/www.radiopiu.net\/wordpress\/wp-content\/uploads\/2021\/02\/Jacopo-Massaro-Sindaco-Belluno-Sopralluogo-chiesa-gesuiti.mp3?_=2\" \/><a href=\"https:\/\/www.radiopiu.net\/wordpress\/wp-content\/uploads\/2021\/02\/Jacopo-Massaro-Sindaco-Belluno-Sopralluogo-chiesa-gesuiti.mp3\">https:\/\/www.radiopiu.net\/wordpress\/wp-content\/uploads\/2021\/02\/Jacopo-Massaro-Sindaco-Belluno-Sopralluogo-chiesa-gesuiti.mp3<\/a><\/audio>\n<p><strong>LA PRESIDENTE DELLA COMMISSIONE URBANISTICA IDA BORTOLUZZI<\/strong><\/p>\n<audio class=\"wp-audio-shortcode\" id=\"audio-188769-3\" preload=\"none\" style=\"width: 100%;\" controls=\"controls\"><source type=\"audio\/mpeg\" src=\"https:\/\/www.radiopiu.net\/wordpress\/wp-content\/uploads\/2021\/02\/Ida-Bortoluzzi-Presidente-Commissione-urbanistica-Sopralluogo-chiesa-gesuiti.mp3?_=3\" \/><a href=\"https:\/\/www.radiopiu.net\/wordpress\/wp-content\/uploads\/2021\/02\/Ida-Bortoluzzi-Presidente-Commissione-urbanistica-Sopralluogo-chiesa-gesuiti.mp3\">https:\/\/www.radiopiu.net\/wordpress\/wp-content\/uploads\/2021\/02\/Ida-Bortoluzzi-Presidente-Commissione-urbanistica-Sopralluogo-chiesa-gesuiti.mp3<\/a><\/audio>\n<p>&nbsp;<\/p>\n<p>&nbsp;<\/p>\n","protected":false},"excerpt":{"rendered":"<p>BELLUNO\u00a0 Montata la scala monumentale all&#8217;interno dell&#8217;Ex Chiesa dei Gesuiti di Via Tasso: ad ammirare la novit\u00e0, che ora collega finalmente dall&#8217;interno i due livelli della struttura, questa mattina erano presenti il sindaco Jacopo Massaro e i consiglieri della commissione urbanistica di Palazzo Rosso, invitati dall&#8217;assessore alla rigenerazione urbana Franco Frison e dalla Presidente della&hellip;<\/p>\n","protected":false},"author":4,"featured_media":188776,"comment_status":"closed","ping_status":"closed","sticky":false,"template":"","format":"standard","meta":{"_monsterinsights_skip_tracking":false,"_monsterinsights_sitenote_active":false,"_monsterinsights_sitenote_note":"","_monsterinsights_sitenote_category":0,"footnotes":""},"categories":[51,49],"tags":[],"class_list":["post-188769","post","type-post","status-publish","format-standard","has-post-thumbnail","hentry","category-evidenza-top","category-news-18","category-51","category-49","description-off"],"img_url":"https:\/\/www.radiopiu.net\/wordpress\/wp-content\/uploads\/2021\/02\/Sopralluogo-Ex-Gesuiti-Scala-e-commissione-urbanistica-4-scaled.jpg","_links":{"self":[{"href":"https:\/\/www.radiopiu.net\/wordpress\/wp-json\/wp\/v2\/posts\/188769","targetHints":{"allow":["GET"]}}],"collection":[{"href":"https:\/\/www.radiopiu.net\/wordpress\/wp-json\/wp\/v2\/posts"}],"about":[{"href":"https:\/\/www.radiopiu.net\/wordpress\/wp-json\/wp\/v2\/types\/post"}],"author":[{"embeddable":true,"href":"https:\/\/www.radiopiu.net\/wordpress\/wp-json\/wp\/v2\/users\/4"}],"replies":[{"embeddable":true,"href":"https:\/\/www.radiopiu.net\/wordpress\/wp-json\/wp\/v2\/comments?post=188769"}],"version-history":[{"count":0,"href":"https:\/\/www.radiopiu.net\/wordpress\/wp-json\/wp\/v2\/posts\/188769\/revisions"}],"wp:featuredmedia":[{"embeddable":true,"href":"https:\/\/www.radiopiu.net\/wordpress\/wp-json\/wp\/v2\/media\/188776"}],"wp:attachment":[{"href":"https:\/\/www.radiopiu.net\/wordpress\/wp-json\/wp\/v2\/media?parent=188769"}],"wp:term":[{"taxonomy":"category","embeddable":true,"href":"https:\/\/www.radiopiu.net\/wordpress\/wp-json\/wp\/v2\/categories?post=188769"},{"taxonomy":"post_tag","embeddable":true,"href":"https:\/\/www.radiopiu.net\/wordpress\/wp-json\/wp\/v2\/tags?post=188769"}],"curies":[{"name":"wp","href":"https:\/\/api.w.org\/{rel}","templated":true}]}}