{"id":188828,"date":"2021-02-05T06:00:04","date_gmt":"2021-02-05T05:00:04","guid":{"rendered":"https:\/\/www.radiopiu.net\/wordpress\/?p=188828"},"modified":"2021-02-05T10:02:14","modified_gmt":"2021-02-05T09:02:14","slug":"giornale-radiopiu-05-febbraio-2021-direttore-mirko-mezzacasa","status":"publish","type":"post","link":"https:\/\/www.radiopiu.net\/wordpress\/giornale-radiopiu-05-febbraio-2021-direttore-mirko-mezzacasa\/","title":{"rendered":"GIORNALE RADIOPIU 05 FEBBRAIO 2021 DIRETTORE MIRKO MEZZACASA"},"content":{"rendered":"<h3><a href=\"https:\/\/www.radiopiu.net\/wordpress\/giornale-radiopiu-24-gennaio-2021-direttore-mirko-mezzacasa\/141433770_171616291414874_2957460898102012198_n\/\" rel=\"attachment wp-att-186566\"><img loading=\"lazy\" decoding=\"async\" class=\"wp-image-186566 alignleft\" src=\"https:\/\/www.radiopiu.net\/wordpress\/wp-content\/uploads\/2021\/01\/141433770_171616291414874_2957460898102012198_n-300x300.jpg\" alt=\"\" width=\"144\" height=\"144\" srcset=\"https:\/\/www.radiopiu.net\/wordpress\/wp-content\/uploads\/2021\/01\/141433770_171616291414874_2957460898102012198_n-300x300.jpg 300w, https:\/\/www.radiopiu.net\/wordpress\/wp-content\/uploads\/2021\/01\/141433770_171616291414874_2957460898102012198_n-150x150.jpg 150w, https:\/\/www.radiopiu.net\/wordpress\/wp-content\/uploads\/2021\/01\/141433770_171616291414874_2957460898102012198_n-768x768.jpg 768w, https:\/\/www.radiopiu.net\/wordpress\/wp-content\/uploads\/2021\/01\/141433770_171616291414874_2957460898102012198_n.jpg 800w\" sizes=\"auto, (max-width: 144px) 100vw, 144px\" \/><\/a>PER<strong> RICEVERE QUESTO NOTIZIARIO DIRETTAMENTE SUL TUO CELLULARE ISCRIVITI AL CANALE TELEGRAM <\/strong><strong>\u201cRADIO PIU\u00a0 INFORMAZIONE&#8221;\u00a0<\/strong><\/h3>\n<h3>SUPERATI I 3000 ISCRITTI, il CANALE TELEGRAM&#8230; UNISCITI A: RADIO PIU INFORMAZIONE<\/h3>\n<p>&nbsp;<\/p>\n<p><em><a href=\"https:\/\/www.radiopiu.net\/wordpress\/giornale-radiopiu-24-gennaio-2021-direttore-mirko-mezzacasa\/79216601_126817312416448_708980208774483089_n\/\" rel=\"attachment wp-att-186567\"><img loading=\"lazy\" decoding=\"async\" class=\"size-medium wp-image-186567 alignright\" src=\"https:\/\/www.radiopiu.net\/wordpress\/wp-content\/uploads\/2021\/01\/79216601_126817312416448_708980208774483089_n-300x114.jpg\" alt=\"\" width=\"300\" height=\"114\" srcset=\"https:\/\/www.radiopiu.net\/wordpress\/wp-content\/uploads\/2021\/01\/79216601_126817312416448_708980208774483089_n-300x114.jpg 300w, https:\/\/www.radiopiu.net\/wordpress\/wp-content\/uploads\/2021\/01\/79216601_126817312416448_708980208774483089_n-768x292.jpg 768w, https:\/\/www.radiopiu.net\/wordpress\/wp-content\/uploads\/2021\/01\/79216601_126817312416448_708980208774483089_n.jpg 820w\" sizes=\"auto, (max-width: 300px) 100vw, 300px\" \/><\/a><span style=\"color: #ff0000;\">ATTENZIONE: LA NUOVA APP PER IOS-IPHONE di Nicola Vettorello <\/span><\/em><a href=\"https:\/\/apps.apple.com\/it\/app\/radio-pi%C3%B9-emittente-agordina\/id1515939845\">https:\/\/apps.apple.com\/it\/app\/radio-pi%C3%B9-emittente-agordina\/id1515939845<\/a> <em style=\"color: #ff0000;\">ATTENZIONE: LA NUOVA APP RADIO\u00a0 PER ANDROID di Nicola Vettorello<\/em><\/p>\n<p><a href=\"https:\/\/play.google.com\/store\/apps\/details?id=net.radiopiu.iniko\" target=\"_blank\" rel=\"noopener noreferrer\">https:\/\/play.google.com\/store\/apps\/details?id=net.radiopiu.iniko\u00a0\u00a0<\/a><\/p>\n<p>&nbsp;<\/p>\n<p><a href=\"https:\/\/www.radiopiu.net\/wordpress\/giornale-radiopiu-05-febbraio-2021-direttore-mirko-mezzacasa\/145861279_3026887510903005_5182174649136211866_o\/\" rel=\"attachment wp-att-188942\"><img loading=\"lazy\" decoding=\"async\" class=\"wp-image-188942 alignleft\" src=\"https:\/\/www.radiopiu.net\/wordpress\/wp-content\/uploads\/2021\/02\/145861279_3026887510903005_5182174649136211866_o-244x300.jpg\" alt=\"\" width=\"101\" height=\"124\" srcset=\"https:\/\/www.radiopiu.net\/wordpress\/wp-content\/uploads\/2021\/02\/145861279_3026887510903005_5182174649136211866_o-244x300.jpg 244w, https:\/\/www.radiopiu.net\/wordpress\/wp-content\/uploads\/2021\/02\/145861279_3026887510903005_5182174649136211866_o.jpg 520w\" sizes=\"auto, (max-width: 101px) 100vw, 101px\" \/><\/a><strong>LA BELLA NOTIZIA, VERSO LA NORMALITA&#8217;<\/strong><\/p>\n<p><strong>GOSALDO<\/strong> La Biblioteca\u00a0 riapre sabato 6 febbraio dalle 14 alle 16 con tanti libri nuovi<\/p>\n<p>&nbsp;<\/p>\n<p>&nbsp;<\/p>\n<p>&nbsp;<\/p>\n<p>&nbsp;<\/p>\n<hr \/>\n<blockquote>\n<h2><span style=\"color: #0000ff;\">LA POLIZIA DI STATO A CORTINA 2021\u00a0<\/span><\/h2>\n<p><strong>Da oggi alla radio, sul sito www.radiopiu.net, sui canali social gli speciali da Cortina con la Polizia di Stato, con la collaborazione di Wirna Triches e Barbara Bortoluzzi della Questura di Belluno.<\/strong><\/p><\/blockquote>\n<p><span style=\"color: #0000ff;\">PUNTATA 1&#8230;. WENDY SIORPAES<\/span><\/p>\n<audio class=\"wp-audio-shortcode\" id=\"audio-188828-1\" preload=\"none\" style=\"width: 100%;\" controls=\"controls\"><source type=\"audio\/mpeg\" src=\"https:\/\/www.radiopiu.net\/wordpress\/wp-content\/uploads\/2021\/02\/WIRNA1.mp3?_=1\" \/><a href=\"https:\/\/www.radiopiu.net\/wordpress\/wp-content\/uploads\/2021\/02\/WIRNA1.mp3\">https:\/\/www.radiopiu.net\/wordpress\/wp-content\/uploads\/2021\/02\/WIRNA1.mp3<\/a><\/audio>\n<p><a href=\"https:\/\/www.radiopiu.net\/wordpress\/giornale-radiopiu-05-febbraio-2021-direttore-mirko-mezzacasa\/659ab748-758f-4a37-8dc9-662df919e5e4\/\" rel=\"attachment wp-att-189048\"><img loading=\"lazy\" decoding=\"async\" class=\"wp-image-189048 alignleft\" src=\"https:\/\/www.radiopiu.net\/wordpress\/wp-content\/uploads\/2021\/02\/659ab748-758f-4a37-8dc9-662df919e5e4-300x300.jpg\" alt=\"\" width=\"177\" height=\"177\" \/><\/a>Originaria di Cortina d&#8217;Ampezzo e appartenente al Gruppo Sportivo Fiamme Oro,\u00a0 specialista delle prove veloci (discesa libera e supergigante). Inizi\u00f2 a partecipare a gare FIS nel dicembre del 2000 ed entr\u00f2 nella nazionale italiana nel 2002. Esord\u00ec in Coppa Europa il 29 gennaio 2003 a Meg\u00e8ve (38\u00aa in discesa libera) e in Coppa del Mondo il 14 gennaio 2004 sull&#8217;Olimpia delle Tofane, proprio nel suo paese d&#8217;origine, senza concludere il supergigante in programma. Partecip\u00f2 ai XX Giochi olimpici invernali di Torino 2006, concludendo al 27\u00ba posto la gara di combinata, mentre la sua migliore stagione fu quella 2008-2009: il 13 dicembre a Sankt Moritz ottenne, in supergigante, la sua unica vittoria (nonch\u00e9 unico podio) in Coppa Europa, il 24 gennaio colse il suo miglior piazzamento in Coppa del Mondo (6\u00aa nella discesa libera di Cortina d&#8217;Ampezzo) e in febbraio ai Mondiali di Val-d&#8217;Is\u00e8re giunse 8\u00aa nella discesa libera e 21\u00aa nel supergigante. Si ritir\u00f2 durante la stagione 2009-2010; la sua ultima gara in Coppa del Mondo fu il supergigante di Sankt Moritz del 31 gennaio (47\u00aa) e la sua ultima gara in carriera fu il supergigante di Coppa Europa disputato il 19 febbraio a Formigal.<\/p>\n<p>&nbsp;<\/p>\n<hr \/>\n<p>&nbsp;<\/p>\n<p>&nbsp;<\/p>\n<blockquote>\n<h3><a href=\"https:\/\/www.radiopiu.net\/wordpress\/giornale-radiopiu-05-febbraio-2021-direttore-mirko-mezzacasa\/45736529_2124894824239935_4008391796517240832_o\/\" rel=\"attachment wp-att-189049\"><img loading=\"lazy\" decoding=\"async\" class=\" wp-image-189049 alignleft\" src=\"https:\/\/www.radiopiu.net\/wordpress\/wp-content\/uploads\/2021\/02\/45736529_2124894824239935_4008391796517240832_o-300x216.jpg\" alt=\"\" width=\"146\" height=\"105\" srcset=\"https:\/\/www.radiopiu.net\/wordpress\/wp-content\/uploads\/2021\/02\/45736529_2124894824239935_4008391796517240832_o-300x216.jpg 300w, https:\/\/www.radiopiu.net\/wordpress\/wp-content\/uploads\/2021\/02\/45736529_2124894824239935_4008391796517240832_o-1024x738.jpg 1024w, https:\/\/www.radiopiu.net\/wordpress\/wp-content\/uploads\/2021\/02\/45736529_2124894824239935_4008391796517240832_o-768x553.jpg 768w, https:\/\/www.radiopiu.net\/wordpress\/wp-content\/uploads\/2021\/02\/45736529_2124894824239935_4008391796517240832_o-1536x1107.jpg 1536w, https:\/\/www.radiopiu.net\/wordpress\/wp-content\/uploads\/2021\/02\/45736529_2124894824239935_4008391796517240832_o.jpg 1707w\" sizes=\"auto, (max-width: 146px) 100vw, 146px\" \/><\/a><a href=\"https:\/\/www.radiopiu.net\/wordpress\/giornale-radiopiu-05-febbraio-2021-direttore-mirko-mezzacasa\/14918982_1277154872347272_179425275575272038_o\/\" rel=\"attachment wp-att-189050\"><img loading=\"lazy\" decoding=\"async\" class=\"wp-image-189050 alignright\" src=\"https:\/\/www.radiopiu.net\/wordpress\/wp-content\/uploads\/2021\/02\/14918982_1277154872347272_179425275575272038_o-300x300.jpg\" alt=\"\" width=\"91\" height=\"91\" srcset=\"https:\/\/www.radiopiu.net\/wordpress\/wp-content\/uploads\/2021\/02\/14918982_1277154872347272_179425275575272038_o-300x300.jpg 300w, https:\/\/www.radiopiu.net\/wordpress\/wp-content\/uploads\/2021\/02\/14918982_1277154872347272_179425275575272038_o-1024x1024.jpg 1024w, https:\/\/www.radiopiu.net\/wordpress\/wp-content\/uploads\/2021\/02\/14918982_1277154872347272_179425275575272038_o-150x150.jpg 150w, https:\/\/www.radiopiu.net\/wordpress\/wp-content\/uploads\/2021\/02\/14918982_1277154872347272_179425275575272038_o-768x768.jpg 768w, https:\/\/www.radiopiu.net\/wordpress\/wp-content\/uploads\/2021\/02\/14918982_1277154872347272_179425275575272038_o.jpg 1092w\" sizes=\"auto, (max-width: 91px) 100vw, 91px\" \/><\/a>FLASH MOB DEI MAESTRI DI SCI, IL GRIDO DALLA MONTAGNA<\/h3>\n<\/blockquote>\n<p>AI MICROFONI DI RADIO PIU&#8217;, FULVIO VALT<\/p>\n<audio class=\"wp-audio-shortcode\" id=\"audio-188828-2\" preload=\"none\" style=\"width: 100%;\" controls=\"controls\"><source type=\"audio\/mpeg\" src=\"https:\/\/www.radiopiu.net\/wordpress\/wp-content\/uploads\/2021\/02\/FULVIO.mp3?_=2\" \/><a href=\"https:\/\/www.radiopiu.net\/wordpress\/wp-content\/uploads\/2021\/02\/FULVIO.mp3\">https:\/\/www.radiopiu.net\/wordpress\/wp-content\/uploads\/2021\/02\/FULVIO.mp3<\/a><\/audio>\n<p>&nbsp;<\/p>\n<p>&nbsp;<\/p>\n<hr \/>\n<p>&nbsp;<\/p>\n<blockquote>\n<h3>CHIUSURA A FASCE ORARIE PER LA PROVINCIALE 3 DI VAL IMPERINA<\/h3>\n<\/blockquote>\n<p><strong>GOSALDO<\/strong> Per lavori di messa in sicurezza la provinciale 3 di Val Imperina tra Forcella Franche e Vallasin chiude totalmente\u00a0 (fino al 24 febbraio) con esclusione dei giorni festivi e prefestivi. Sar\u00e0 chiusa dalle 8 alle 12.45; dalle 13.45 alle 15.50 e dalle 16.10 alle 17.45. Nei periodi non interessati dalla chiusura compresi sabato e domenica senso unico alternato regolato da semaforo.<\/p>\n<p>&nbsp;<\/p>\n<hr \/>\n<p>&nbsp;<\/p>\n<blockquote>\n<h3>VAL DI ZOLDO MA NON PER I MEZZI PESANTI. SCATTA LA CHIUSURA<\/h3>\n<\/blockquote>\n<p><strong><img loading=\"lazy\" decoding=\"async\" class=\"alignleft\" src=\"https:\/\/www.radiopiu.net\/wordpress\/wp-content\/uploads\/2020\/05\/VENETO-STRADE-300x300.png\" width=\"74\" height=\"74\" \/>BELLUNO<\/strong> Stop ai mezzi pesanti sulla strada provinciale 251 della Val di Zoldo e Val Cellina fra\u00a0 Igne e Fagar\u00e8,\u00a0 i territori interessati dall&#8217;ondata di maltempo di inizio dicembre e relativa frana che ha cancellato un pezzo di strada. Dalle\u00a0 12 di oggi e fino a revoca del provvedimento \u00e8 istituito il divieto di transito ai veicoli con massa a pieno carico superiore a 24 tonnellate, autocarri con rimorchio e autosnodati. Viene anche istituito un senso unico alternato regolato da semaforo in localit\u00e0 Ospitale, in comune di Val di Zoldo, per la messa in sicurezza del piano viabile.<\/p>\n<p>&nbsp;<\/p>\n<p>&nbsp;<\/p>\n<hr \/>\n<p>&nbsp;<\/p>\n<blockquote>\n<h3>ACQUA NON POTABILE A CENCENIGHE E TAIBON MA NON PIU&#8217; AD AGORDO<\/h3>\n<p><span style=\"color: #ff0000;\">AD AGORDO PROBLEMI RISOLTI<\/span> Ad AGORDO nelle LOCALITA&#8217; PARECH, PROMPICAI e TOCCOL, l&#8217;acqua erogata dall&#8217;acquedotto \u00e8 di nuovo potabile e pu\u00f2 essere usata, quindi, per scopi alimentari.<\/p><\/blockquote>\n<p><strong><a href=\"https:\/\/www.radiopiu.net\/wordpress\/giornale-radiopiu-09-agosto-2018-direttore-mirko-mezzacasa\/acqua\/\" rel=\"attachment wp-att-57052\"><img loading=\"lazy\" decoding=\"async\" class=\" wp-image-57052 alignleft\" src=\"https:\/\/www.radiopiu.net\/wordpress\/wp-content\/uploads\/2018\/08\/ACQUA-300x180.jpeg\" alt=\"\" width=\"199\" height=\"119\" srcset=\"https:\/\/www.radiopiu.net\/wordpress\/wp-content\/uploads\/2018\/08\/ACQUA-300x180.jpeg 300w, https:\/\/www.radiopiu.net\/wordpress\/wp-content\/uploads\/2018\/08\/ACQUA-768x461.jpeg 768w, https:\/\/www.radiopiu.net\/wordpress\/wp-content\/uploads\/2018\/08\/ACQUA-1024x614.jpeg 1024w, https:\/\/www.radiopiu.net\/wordpress\/wp-content\/uploads\/2018\/08\/ACQUA.jpeg 1280w\" sizes=\"auto, (max-width: 199px) 100vw, 199px\" \/><\/a>CENCENIGHE <\/strong>Gestione Servizi Pubblici informa che a CENCENIGHE AGORDINO nelle LOCALITA&#8217; FOCH, FAE&#8217;, VARE BASSE E LUXOTTICA, l&#8217;acqua erogata dall&#8217;acquedotto non \u00e8 potabile e pu\u00f2 essere usata per scopi alimentari SOLO PREVIA bollitura. Cos\u00ec a \u00a0\u00a0<strong>TAIBON AGORDINO<\/strong>\u00a0nelle localit\u00e0 RONCH DE BUOS e NOGAROLA<\/p>\n<p>&nbsp;<\/p>\n<p>&nbsp;<\/p>\n<p>&nbsp;<\/p>\n<blockquote>\n<h2><a href=\"https:\/\/www.radiopiu.net\/wordpress\/giornale-radio-piu-direttore-mirko-mezzacasa-gr-930-1230-1430-1630-1830-e-mezzanotte\/bimgsp\/\" rel=\"attachment wp-att-6703\"><img loading=\"lazy\" decoding=\"async\" class=\"wp-image-6703 alignleft\" src=\"https:\/\/www.radiopiu.net\/wordpress\/wp-content\/uploads\/2015\/06\/bimgsp-300x168.jpg\" alt=\"\" width=\"205\" height=\"115\" \/><\/a>\u00a0TUBATURE GELATE CHI PAGA? QUELLO CHE NON QUADRA E LE SPIEGAZIONI DEI TECNICI DI GSP<\/h2>\n<\/blockquote>\n<p><strong>DI GIANNI SANTOMASO<\/strong><\/p>\n<audio class=\"wp-audio-shortcode\" id=\"audio-188828-3\" preload=\"none\" style=\"width: 100%;\" controls=\"controls\"><source type=\"audio\/mpeg\" src=\"https:\/\/www.radiopiu.net\/wordpress\/wp-content\/uploads\/2021\/02\/GIANNI-GSP.mp3?_=3\" \/><a href=\"https:\/\/www.radiopiu.net\/wordpress\/wp-content\/uploads\/2021\/02\/GIANNI-GSP.mp3\">https:\/\/www.radiopiu.net\/wordpress\/wp-content\/uploads\/2021\/02\/GIANNI-GSP.mp3<\/a><\/audio>\n<p>&nbsp;<\/p>\n<p>&nbsp;<\/p>\n<hr \/>\n<p>&nbsp;<\/p>\n<blockquote>\n<h3>ANZIANO DIMESSO DAL PRONTO SOCCORSO VAGA PER TUTTA LA NOTTE<\/h3>\n<\/blockquote>\n<p><strong>FELTRE<\/strong> Dimesso mercoled\u00ec sera dal pronto soccorso dell&#8217;ospedale di Feltre \u00e8 stato\u00a0 ritrovato alle 4 del mattino mentre vagava a piedi\u00a0 a Pedavena.\u00a0 L&#8217;Usl Dolomiti ha avviato una verifica interna per capire cosa sia successo prima, durante e dopo il trattamento del caso dell&#8217;anziano paziente, trovato molte ore dopo dai vigili del fuoco volontari di Feltre, mobilitati assieme alla macchina dei soccorsi dalla telefonata della figlia, preoccupata perch\u00e9 il genitore non rispondeva alle chiamate. Chiamati anche i carabinieri e il medico che ne ha constatato le condizioni tutto sommato discrete.<\/p>\n<p>&nbsp;<\/p>\n<hr \/>\n<p>&nbsp;<\/p>\n<blockquote>\n<h3>SCHIANTO A PRESENAIO, NESSUN FERITO<\/h3>\n<\/blockquote>\n<p><strong>SAN PIETRO<\/strong> Incidente senza\u00a0 conseguenze sulla curva all&#8217;imbocco del ponte di Presenaio. I conducenti di una Renault Clio e di una Ford Kuga si sono scontrati. Fortunatamente la velocit\u00e0 era bassa e nessuno ha riportato lesioni, tanto che non sono stati neppure chiamati i soccorsi sanitari. Completamente distrutte per\u00f2 le parti anteriori delle due vetture Sul posto sono intervenuto i vigili del fuoco, disagi al traffico per oltre un&#8217;ora<\/p>\n<p>&nbsp;<\/p>\n<hr \/>\n<p><strong>\u00a0<\/strong><\/p>\n<p><strong>Alle 08:04 di ieri\u00a0 il totale delle vaccinazioni\u00a0 in Italia:\u00a0 2.233.982. Il totale delle persone a cui sono state somministrate la prima e la seconda dose di vaccino; 867.237.\u00a0\u00a0<\/strong><\/p>\n<p>&nbsp;<\/p>\n<hr \/>\n<blockquote>\n<h3>POSITIVI OGNI TRE VENETI OGNI 1000<\/h3>\n<\/blockquote>\n<p>Ancora 44 decessi\u00a0 nelle ultime 24 ore. Cala di oltre un migliaio il numero delle persone attualmente contagiate: sono 28.051, nuovi positivi 701,\u00a0 casi attivi 6.459, continua a calare il numero delle persone ricoverate tra ospedali e strutture territoriali, 1.748 (-53) posti letto occupati in area medica,\u00a0 212 (-1) nei reparti di Terapia intensiva e\u00a0 233 (-7) nelle strutture intermedie della regione, guariti 1.764, vale a dire oltre un migliaio in pi\u00f9 rispetto alle nuove infezioni. Ieri in conferenza stampa a Venezia ha parlato il dottor Vincenzo Baldo coordinatore di una ricerca sulla circolazione del virus in 12 localit\u00e0 tra l&#8217;8 e il 27 gennaio con il Veneto in fascia arancione. Un&#8217;indagine che ha interessato quasi 5000 persone residenti di et\u00e0 media 47,2 anni. \u00a0Nel dettaglio, il campione ha rivelato 14 soggetti contagiati (43,6 anni la media anagrafica) con percentuali difformi &#8211; dallo zero di Venezia,\u00a0 all&#8217;1,5% di Belluno &#8211; nei bacini provinciali. Gli asintomatici: et\u00e0 media 43,6 anni. Il Cts ha dato il via libera allo sci nelle regioni gialle dal 15, ma gi\u00e0 si parla del 17. Escluso l&#8217;Alto Adige che \u00e8 ancora in fascia arancione. I gestori di funivie:<em> &#8220;Serve per\u00f2 la libera circolazione tra regioni&#8221;<\/em>. Lo sci in zona gialla dunque si potr\u00e0 praticare ma gli impianti dovranno girare al 50% della capienza consueta.<\/p>\n<blockquote>\n<h3>UN&#8217;ALTRA VITTIMA DEL COVID IN PNEUMOLOGIA<\/h3>\n<\/blockquote>\n<p><strong>BELLUNO<\/strong>\u00a0 Nelle ultime 24 ore \u00e8 deceduto un uomo covid positivo di anni 73 ricoverato in Pneumologia a Belluno. Rincuorano invece i dati positivi degli ultimi giorni, meno positivi al tampone e meno ricoveri sia in area ospedaliera che in terapia intensiva.<\/p>\n<p>&nbsp;<\/p>\n<p align=\"JUSTIFY\"><span style=\"color: #c0504d;\"><span style=\"font-size: medium;\"><b>SITUAZIONE EPIDEMIOLOGICA <\/b><\/span><\/span><\/p>\n<p align=\"JUSTIFY\"><span style=\"font-size: medium;\"><i>(<\/i><\/span><span style=\"font-size: medium;\"><i>dato alle ore 17.00 fonte: Azienda Zero)<\/i><\/span><\/p>\n<table border=\"1\" width=\"471\" frame=\"HSIDES\" rules=\"ROWS\" cellspacing=\"0\" cellpadding=\"7\">\n<tbody>\n<tr valign=\"TOP\">\n<td width=\"248\">\n<p align=\"JUSTIFY\"><span style=\"color: #5f497a;\"><span style=\"font-size: medium;\"><b>nuovi positivi<\/b><\/span><\/span><\/p>\n<p align=\"JUSTIFY\"><span style=\"color: #5f497a;\"><span style=\"font-size: medium;\"><b>nelle ultime 24 ore<\/b><\/span><\/span><\/p>\n<\/td>\n<td width=\"194\">\n<p align=\"CENTER\">16<\/p>\n<\/td>\n<\/tr>\n<tr valign=\"TOP\">\n<td width=\"248\">\n<p align=\"JUSTIFY\"><span style=\"color: #5f497a;\"><span style=\"font-size: medium;\"><b>ATTUALI POSITIVI<\/b><\/span><\/span><\/p>\n<\/td>\n<td width=\"194\">\n<p align=\"CENTER\"><b>611<\/b><\/p>\n<\/td>\n<\/tr>\n<\/tbody>\n<\/table>\n<p align=\"JUSTIFY\"><span style=\"font-size: medium;\"><b>Ricoveri <\/b><\/span><\/p>\n<p align=\"JUSTIFY\"><span style=\"font-size: medium;\"><i>(dato alle ore 17.00 fonte: Azienda Zero)<\/i><\/span><\/p>\n<p align=\"JUSTIFY\"><span style=\"font-size: medium;\">Le persone attualmente POSITIVE ricoverate negli ospedali dell\u2019Ulss Dolomiti sono<\/span>:<\/p>\n<table border=\"1\" width=\"652\" frame=\"HSIDES\" rules=\"GROUPS\" cellspacing=\"0\" cellpadding=\"7\">\n<tbody>\n<tr valign=\"TOP\">\n<td width=\"203\"><\/td>\n<td width=\"203\">\n<p align=\"JUSTIFY\"><span style=\"color: #365f91;\"><span style=\"font-size: medium;\"><b>Area NON CRITICA<\/b><\/span><\/span><\/p>\n<\/td>\n<td width=\"203\">\n<p align=\"JUSTIFY\"><span style=\"color: #365f91;\"><span style=\"font-size: medium;\"><b>Terapia Intensiva<\/b><\/span><\/span><\/p>\n<\/td>\n<\/tr>\n<\/tbody>\n<tbody>\n<tr valign=\"TOP\">\n<td bgcolor=\"#d3dfee\" width=\"203\">\n<p align=\"JUSTIFY\"><span style=\"color: #365f91;\"><span style=\"font-size: medium;\"><b>Ospedale di Belluno <\/b><\/span><\/span><\/p>\n<\/td>\n<td bgcolor=\"#d3dfee\" width=\"203\">\n<p align=\"CENTER\"><span style=\"color: #365f91;\"><span style=\"font-size: medium;\">37<\/span><\/span><\/p>\n<\/td>\n<td bgcolor=\"#d3dfee\" width=\"203\">\n<p align=\"CENTER\"><span style=\"color: #365f91;\"><span style=\"font-size: medium;\">2<\/span><\/span><\/p>\n<\/td>\n<\/tr>\n<tr valign=\"TOP\">\n<td bgcolor=\"#d3dfee\" width=\"203\">\n<p align=\"JUSTIFY\"><span style=\"color: #365f91;\"><span style=\"font-size: medium;\"><b>Ospedale di Feltre<\/b><\/span><\/span><\/p>\n<\/td>\n<td bgcolor=\"#d3dfee\" width=\"203\">\n<p align=\"CENTER\"><span style=\"color: #365f91;\"><span style=\"font-size: medium;\">21<\/span><\/span><\/p>\n<\/td>\n<td bgcolor=\"#d3dfee\" width=\"203\">\n<p align=\"CENTER\"><span style=\"color: #365f91;\"><span style=\"font-size: medium;\">4<\/span><\/span><\/p>\n<\/td>\n<\/tr>\n<\/tbody>\n<\/table>\n<p align=\"JUSTIFY\"><span style=\"font-size: medium;\">Le persone attualmente POSITIVE <\/span>ricoverate in Ospedale di Comunit\u00e0 sono:<\/p>\n<table border=\"1\" width=\"652\" frame=\"HSIDES\" rules=\"ROWS\" cellspacing=\"0\" cellpadding=\"7\">\n<tbody>\n<tr valign=\"TOP\">\n<td width=\"312\"><\/td>\n<td width=\"312\">\n<p align=\"JUSTIFY\"><span style=\"color: #76923c;\"><span style=\"font-size: medium;\"><b>pazienti attualmente positivi<\/b><\/span><\/span><\/p>\n<\/td>\n<\/tr>\n<tr valign=\"TOP\">\n<td bgcolor=\"#e6eed5\" width=\"312\">\n<p align=\"JUSTIFY\"><span style=\"color: #76923c;\"><span style=\"font-size: medium;\"><b>Ospedale di Comunit\u00e0 di BELLUNO<\/b><\/span><\/span><\/p>\n<\/td>\n<td bgcolor=\"#e6eed5\" width=\"312\">\n<p align=\"CENTER\"><span style=\"color: #76923c;\"><span style=\"font-size: medium;\">9<\/span><\/span><\/p>\n<\/td>\n<\/tr>\n<tr valign=\"TOP\">\n<td bgcolor=\"#e6eed5\" width=\"312\">\n<p align=\"JUSTIFY\"><span style=\"color: #76923c;\"><span style=\"font-size: medium;\"><b>Ospedale di Comunit\u00e0 di FELTRE<\/b><\/span><\/span><\/p>\n<\/td>\n<td bgcolor=\"#e6eed5\" width=\"312\">\n<p align=\"CENTER\"><span style=\"color: #76923c;\"><span style=\"font-size: medium;\">7<\/span><\/span><\/p>\n<\/td>\n<\/tr>\n<\/tbody>\n<\/table>\n<p>&nbsp;<\/p>\n<p>&nbsp;<\/p>\n<p>&nbsp;<\/p>\n<hr \/>\n<blockquote>\n<h3><a href=\"https:\/\/www.radiopiu.net\/wordpress\/andamento-epidemiologico-nellagordino\/th-22\/\" rel=\"attachment wp-att-185831\"><img loading=\"lazy\" decoding=\"async\" class=\" wp-image-185831 alignleft\" src=\"https:\/\/www.radiopiu.net\/wordpress\/wp-content\/uploads\/2021\/01\/th-3.jpg\" alt=\"\" width=\"134\" height=\"141\" \/><\/a><span style=\"color: #ff0000;\">I SINDACI INFORMANO aggiornamento 4 febbraio ore 17. RIVAMONTE E COLLE SANTA LUCIA: ZERO POSITIVI<\/span><\/h3>\n<p><strong>LA VALLE<\/strong>\u00a0 1 positivo (-2) 1 (-2) isolamento <strong>ROCCA PIETORE<\/strong> 5 (+1) positivi &#8211; 3 (+2) isolamento <strong>COLLE SANTA LUCIA<\/strong> 0 positivi &#8211;\u00a0 0 isolamento\u00a0 <strong>CANALE D&#8217;AGORDO<\/strong> 6 (-1) \u00a0positivi\u00a0 6\u00a0 isolamento <strong> SAN TOMASO <\/strong>3 positivi &#8211; 0 isolamento<strong>, VALLADA<\/strong> 2 (-1) positivi\u00a0 &#8211; 2 (-1)\u00a0 isolamento <strong>CENCENIGHE<\/strong> 7 (-1)\u00a0 positivi &#8211;\u00a0 5 (+3) isolamento <strong>LIVINALLONGO<\/strong> 3 (+2) positivi &#8211; 0 isolamento. <strong>FALCADE<\/strong> 9 (-2) positivi &#8211; 0\u00a0 (-3) isolamento <strong>GOSALDO<\/strong> 3\u00a0 positivi &#8211; 2 isolamento <strong>ALLEGHE<\/strong>\u00a0 2 positivi -2 isolamento <strong>TAIBON<\/strong> 16 positivi 9 isolamento\u00a0 <strong>AGORDO<\/strong> 6 (+2) positivi 4 isolamento \u00a0<strong>\u00a0<\/strong>\u00a0<strong>RIVAMONTE<\/strong> 0 positivi 4 isolamento<\/p><\/blockquote>\n<p><em>Nessuna notizia dai 2 Comuni commissariati, Voltago e Selva di Cadore<\/em><\/p>\n<blockquote class=\"wp-embedded-content\" data-secret=\"U8GVcNjUtj\"><p><a href=\"https:\/\/www.radiopiu.net\/wordpress\/aggfeb10222a\/\">702 POSITIVI, 44 DECESSI, 1764 GUARITI. I NUMERI IN VENETO NELLE ULTIME 24 ORE<\/a><\/p><\/blockquote>\n<p><iframe loading=\"lazy\" class=\"wp-embedded-content\" sandbox=\"allow-scripts\" security=\"restricted\" style=\"position: absolute; clip: rect(1px, 1px, 1px, 1px);\" title=\"&#8220;702 POSITIVI, 44 DECESSI, 1764 GUARITI. I NUMERI IN VENETO NELLE ULTIME 24 ORE&#8221; &#8212; Radio Pi\u00f9\" src=\"https:\/\/www.radiopiu.net\/wordpress\/aggfeb10222a\/embed\/#?secret=U8GVcNjUtj\" data-secret=\"U8GVcNjUtj\" width=\"600\" height=\"338\" frameborder=\"0\" marginwidth=\"0\" marginheight=\"0\" scrolling=\"no\"><\/iframe><\/p>\n<p>I GRAFICI DI TIZIANO DE COL<\/p>\n\n\t\t\t<style type='text\/css'>\n\t\t\t\t#gallery-1 {\n\t\t\t\t\tmargin: auto;\n\t\t\t\t}\n\t\t\t\t#gallery-1 .gallery-item {\n\t\t\t\t\tfloat: left;\n\t\t\t\t\tmargin-top: 10px;\n\t\t\t\t\ttext-align: center;\n\t\t\t\t\twidth: 25%;\n\t\t\t\t}\n\t\t\t\t#gallery-1 img {\n\t\t\t\t\tborder: 2px solid #cfcfcf;\n\t\t\t\t}\n\t\t\t\t#gallery-1 .gallery-caption {\n\t\t\t\t\tmargin-left: 0;\n\t\t\t\t}\n\t\t\t\t\/* see gallery_shortcode() in wp-includes\/media.php *\/\n\t\t\t<\/style>\n\t\t<div id='gallery-1' class='dt-gallery-container gallery galleryid-188828 gallery-columns-4 gallery-size-thumbnail'><dl class='gallery-item'>\n\t\t\t\t<dt class='gallery-icon landscape'>\n\t\t\t\t\t<a class=\"rollover rollover-zoom dt-pswp-item\" title=\"12d36c56-808a-47a5-a49a-4022c8ebede8\" data-dt-img-description=\"\" data-large_image_width=\"606\" data-large_image_height=\"354\"href='https:\/\/www.radiopiu.net\/wordpress\/wp-content\/uploads\/2021\/02\/12d36c56-808a-47a5-a49a-4022c8ebede8.jpg'><img loading=\"lazy\" decoding=\"async\" width=\"150\" height=\"150\" src=\"https:\/\/www.radiopiu.net\/wordpress\/wp-content\/uploads\/2021\/02\/12d36c56-808a-47a5-a49a-4022c8ebede8-150x150.jpg\" class=\"attachment-thumbnail size-thumbnail\" alt=\"\" \/><\/a>\n\t\t\t\t<\/dt><\/dl><dl class='gallery-item'>\n\t\t\t\t<dt class='gallery-icon landscape'>\n\t\t\t\t\t<a class=\"rollover rollover-zoom dt-pswp-item\" title=\"70dac9ea-835c-40b8-9637-47d384d29f62\" data-dt-img-description=\"\" data-large_image_width=\"600\" data-large_image_height=\"357\"href='https:\/\/www.radiopiu.net\/wordpress\/wp-content\/uploads\/2021\/02\/70dac9ea-835c-40b8-9637-47d384d29f62.jpg'><img loading=\"lazy\" decoding=\"async\" width=\"150\" height=\"150\" src=\"https:\/\/www.radiopiu.net\/wordpress\/wp-content\/uploads\/2021\/02\/70dac9ea-835c-40b8-9637-47d384d29f62-150x150.jpg\" class=\"attachment-thumbnail size-thumbnail\" alt=\"\" \/><\/a>\n\t\t\t\t<\/dt><\/dl><dl class='gallery-item'>\n\t\t\t\t<dt class='gallery-icon landscape'>\n\t\t\t\t\t<a class=\"rollover rollover-zoom dt-pswp-item\" title=\"6e98e4d4-a594-4958-a7f8-f08205130d58\" data-dt-img-description=\"\" data-large_image_width=\"606\" data-large_image_height=\"352\"href='https:\/\/www.radiopiu.net\/wordpress\/wp-content\/uploads\/2021\/02\/6e98e4d4-a594-4958-a7f8-f08205130d58.jpg'><img loading=\"lazy\" decoding=\"async\" width=\"150\" height=\"150\" src=\"https:\/\/www.radiopiu.net\/wordpress\/wp-content\/uploads\/2021\/02\/6e98e4d4-a594-4958-a7f8-f08205130d58-150x150.jpg\" class=\"attachment-thumbnail size-thumbnail\" alt=\"\" \/><\/a>\n\t\t\t\t<\/dt><\/dl><dl class='gallery-item'>\n\t\t\t\t<dt class='gallery-icon landscape'>\n\t\t\t\t\t<a class=\"rollover rollover-zoom dt-pswp-item\" title=\"808648c3-3bad-4945-b195-f9cab2e59c1d\" data-dt-img-description=\"\" data-large_image_width=\"600\" data-large_image_height=\"353\"href='https:\/\/www.radiopiu.net\/wordpress\/wp-content\/uploads\/2021\/02\/808648c3-3bad-4945-b195-f9cab2e59c1d.jpg'><img loading=\"lazy\" decoding=\"async\" width=\"150\" height=\"150\" src=\"https:\/\/www.radiopiu.net\/wordpress\/wp-content\/uploads\/2021\/02\/808648c3-3bad-4945-b195-f9cab2e59c1d-150x150.jpg\" class=\"attachment-thumbnail size-thumbnail\" alt=\"\" \/><\/a>\n\t\t\t\t<\/dt><\/dl><br style=\"clear: both\" \/>\n\t\t\t<\/div>\n\n<p>&nbsp;<\/p>\n<p>&nbsp;<\/p>\n<hr \/>\n<blockquote>\n<h3><\/h3>\n<h3>SETTE OPERATORI DELLA GAGGIA LANTE RIFIUTANO IL VACCINO<\/h3>\n<\/blockquote>\n<p><strong><a href=\"https:\/\/www.radiopiu.net\/wordpress\/giornale-radiopiu-05-febbraio-2021-direttore-mirko-mezzacasa\/th-30\/\" rel=\"attachment wp-att-188943\"><img loading=\"lazy\" decoding=\"async\" class=\" wp-image-188943 alignleft\" src=\"https:\/\/www.radiopiu.net\/wordpress\/wp-content\/uploads\/2021\/02\/th-5.jpg\" alt=\"\" width=\"198\" height=\"132\" \/><\/a>BELLUNO <\/strong>Sette operatori della residenza &#8220;Gaggia Lante&#8221; SERSA Belluno hanno ritenuto di non sottoporsi al vaccino: un dato che desta una certa preoccupazione.<em> &#8220;Auspichiamo che il legislatore provveda quanto prima a introdurre l&#8217;obbligatoriet\u00e0 al vaccino, almeno per il personale impegnato nell&#8217;assistenza alle persone pi\u00f9 fragili&#8221;.<\/em> L&#8217;amministratore Paolo Santesso informa che da questa settimana sono ripresi i nuovi ingressi di anziani in struttura: ne abbiamo gi\u00e0 accolti 4, che stanno trascorrendo una breve quarantena prima dell&#8217;ingresso vero e proprio nei nuclei di destinazione Novit\u00e0 dalla prossima settimana: i familiari saranno contattati telefonicamente per essere informati sulle nuove modalit\u00e0 di visita ai residenti e avranno gi\u00e0 la possibilit\u00e0 di fissare i primi incontri che cominceranno il giorno 15 febbraio, nei locali appositamente adibiti (stanza degli incontri e Centro Servizi).<\/p>\n<p><strong>DALLA PAGINA FACEBOOK L&#8217;AMMINISTRATORE PAOLO SANTESSO<\/strong><\/p>\n<div style=\"width: 640px;\" class=\"wp-video\"><video class=\"wp-video-shortcode\" id=\"video-188828-1\" width=\"640\" height=\"352\" preload=\"metadata\" controls=\"controls\"><source type=\"video\/mp4\" src=\"https:\/\/www.radiopiu.net\/wordpress\/wp-content\/uploads\/2021\/02\/120626148_241133884150894_5851732766050846685_n.mp4?_=1\" \/><a href=\"https:\/\/www.radiopiu.net\/wordpress\/wp-content\/uploads\/2021\/02\/120626148_241133884150894_5851732766050846685_n.mp4\">https:\/\/www.radiopiu.net\/wordpress\/wp-content\/uploads\/2021\/02\/120626148_241133884150894_5851732766050846685_n.mp4<\/a><\/video><\/div>\n<p>&nbsp;<\/p>\n<hr \/>\n<p>&nbsp;<\/p>\n<blockquote>\n<h2><a href=\"https:\/\/www.radiopiu.net\/wordpress\/giornale-radiopiu-26-luglio-2019-direttore-mirko-mezzacasa\/dario-bond-6\/\" rel=\"attachment wp-att-93051\"><img loading=\"lazy\" decoding=\"async\" class=\" wp-image-93051 alignleft\" src=\"https:\/\/www.radiopiu.net\/wordpress\/wp-content\/uploads\/2019\/07\/Dario-Bond-300x200.jpg\" alt=\"\" width=\"152\" height=\"101\" srcset=\"https:\/\/www.radiopiu.net\/wordpress\/wp-content\/uploads\/2019\/07\/Dario-Bond-300x200.jpg 300w, https:\/\/www.radiopiu.net\/wordpress\/wp-content\/uploads\/2019\/07\/Dario-Bond-768x512.jpg 768w, https:\/\/www.radiopiu.net\/wordpress\/wp-content\/uploads\/2019\/07\/Dario-Bond-1024x683.jpg 1024w\" sizes=\"auto, (max-width: 152px) 100vw, 152px\" \/><\/a>Fondazione Dolomiti Unesco, Bond (FI): \u00abIl bando per il direttore \u00e8 la conferma dell\u2019egemonia altoatesina. Dobbiamo reagire\u00bb<\/h2>\n<\/blockquote>\n<p>\u00abOra vogliono imporre il tedesco come lingua obbligatoria in un concorso per enti internazionali. Il tentativo di egemonia altoatesina segna un altro punto. E noi non possiamo stare a guardare: quando \u00e8 troppo \u00e8 troppo\u00bb. Cos\u00ec in una nota il deputato di Forza Italia Dario Bond, a commento del bando per il nuovo direttore della Fondazione Dolomiti Unesco. Bando che ha tra i requisiti di accesso la conoscenza della lingua tedesca.<\/p>\n<audio class=\"wp-audio-shortcode\" id=\"audio-188828-4\" preload=\"none\" style=\"width: 100%;\" controls=\"controls\"><source type=\"audio\/mpeg\" src=\"https:\/\/www.radiopiu.net\/wordpress\/wp-content\/uploads\/2021\/02\/BONDu.mp3?_=4\" \/><a href=\"https:\/\/www.radiopiu.net\/wordpress\/wp-content\/uploads\/2021\/02\/BONDu.mp3\">https:\/\/www.radiopiu.net\/wordpress\/wp-content\/uploads\/2021\/02\/BONDu.mp3<\/a><\/audio>\n<p>&nbsp;<\/p>\n<p>&nbsp;<\/p>\n<hr \/>\n<blockquote>\n<h3><\/h3>\n<h3>GOSALDO: AI TURBAI SONO INIZIATI I LAVORI<\/h3>\n<p><strong>DI GIANNI SANTOMASO\u00a0<\/strong><\/p><\/blockquote>\n<audio class=\"wp-audio-shortcode\" id=\"audio-188828-5\" preload=\"none\" style=\"width: 100%;\" controls=\"controls\"><source type=\"audio\/mpeg\" src=\"https:\/\/www.radiopiu.net\/wordpress\/wp-content\/uploads\/2021\/02\/GIANNI-TURBAI.mp3?_=5\" \/><a href=\"https:\/\/www.radiopiu.net\/wordpress\/wp-content\/uploads\/2021\/02\/GIANNI-TURBAI.mp3\">https:\/\/www.radiopiu.net\/wordpress\/wp-content\/uploads\/2021\/02\/GIANNI-TURBAI.mp3<\/a><\/audio>\n<blockquote><p>&nbsp;<\/p><\/blockquote>\n<p><strong>GOSALDO<\/strong> La buona notizia: sono iniziati i lavori a Turbai di Gosaldo, necessari dopo l&#8217;ultima devastante ondata di maltempo. A fine dicembre segnalavamo la problematica grazie agli abitanti della zona che hanno messo in evidenza le criticit\u00e0. Roberto Griggio che gi\u00e0 aveva portato all&#8217;attenzione i disagi auspicando maggiore cura e rispetto oggi ci scrive: <em>&#8220;<span class=\"_3oh- _58nk\">Sono iniziati i lavori ai Turbai di Gosaldo. Mi sembra giusto che ne veniate a conoscenza sottolineando la presenza del comune e della nuova giunta. Grazie a tutti&#8221;<\/span><\/em><\/p>\n\n\t\t\t<style type='text\/css'>\n\t\t\t\t#gallery-2 {\n\t\t\t\t\tmargin: auto;\n\t\t\t\t}\n\t\t\t\t#gallery-2 .gallery-item {\n\t\t\t\t\tfloat: left;\n\t\t\t\t\tmargin-top: 10px;\n\t\t\t\t\ttext-align: center;\n\t\t\t\t\twidth: 50%;\n\t\t\t\t}\n\t\t\t\t#gallery-2 img {\n\t\t\t\t\tborder: 2px solid #cfcfcf;\n\t\t\t\t}\n\t\t\t\t#gallery-2 .gallery-caption {\n\t\t\t\t\tmargin-left: 0;\n\t\t\t\t}\n\t\t\t\t\/* see gallery_shortcode() in wp-includes\/media.php *\/\n\t\t\t<\/style>\n\t\t<div id='gallery-2' class='dt-gallery-container gallery galleryid-188828 gallery-columns-2 gallery-size-full'><dl class='gallery-item'>\n\t\t\t\t<dt class='gallery-icon landscape'>\n\t\t\t\t\t<a class=\"rollover rollover-zoom dt-pswp-item\" title=\"146121852_929372087874472_5339331130885352061_n\" data-dt-img-description=\"\" data-large_image_width=\"640\" data-large_image_height=\"480\"href='https:\/\/www.radiopiu.net\/wordpress\/wp-content\/uploads\/2021\/02\/146121852_929372087874472_5339331130885352061_n.jpg'><img loading=\"lazy\" decoding=\"async\" width=\"640\" height=\"480\" src=\"https:\/\/www.radiopiu.net\/wordpress\/wp-content\/uploads\/2021\/02\/146121852_929372087874472_5339331130885352061_n.jpg\" class=\"attachment-full size-full\" alt=\"\" srcset=\"https:\/\/www.radiopiu.net\/wordpress\/wp-content\/uploads\/2021\/02\/146121852_929372087874472_5339331130885352061_n.jpg 640w, https:\/\/www.radiopiu.net\/wordpress\/wp-content\/uploads\/2021\/02\/146121852_929372087874472_5339331130885352061_n-300x225.jpg 300w\" sizes=\"auto, (max-width: 640px) 100vw, 640px\" \/><\/a>\n\t\t\t\t<\/dt><\/dl><dl class='gallery-item'>\n\t\t\t\t<dt class='gallery-icon landscape'>\n\t\t\t\t\t<a class=\"rollover rollover-zoom dt-pswp-item\" title=\"145859181_131681245402336_3541071621036000993_n\" data-dt-img-description=\"\" data-large_image_width=\"640\" data-large_image_height=\"480\"href='https:\/\/www.radiopiu.net\/wordpress\/wp-content\/uploads\/2021\/02\/145859181_131681245402336_3541071621036000993_n.jpg'><img loading=\"lazy\" decoding=\"async\" width=\"640\" height=\"480\" src=\"https:\/\/www.radiopiu.net\/wordpress\/wp-content\/uploads\/2021\/02\/145859181_131681245402336_3541071621036000993_n.jpg\" class=\"attachment-full size-full\" alt=\"\" srcset=\"https:\/\/www.radiopiu.net\/wordpress\/wp-content\/uploads\/2021\/02\/145859181_131681245402336_3541071621036000993_n.jpg 640w, https:\/\/www.radiopiu.net\/wordpress\/wp-content\/uploads\/2021\/02\/145859181_131681245402336_3541071621036000993_n-300x225.jpg 300w\" sizes=\"auto, (max-width: 640px) 100vw, 640px\" \/><\/a>\n\t\t\t\t<\/dt><\/dl><br style=\"clear: both\" \/>\n\t\t\t<\/div>\n\n<p>DAL NOTIZIARIO DEL 30 DICEMBRE 2020, LA SEGNALAZIONE<\/p>\n<blockquote class=\"wp-embedded-content\" data-secret=\"qsuqlllw3w\"><p><a href=\"https:\/\/www.radiopiu.net\/wordpress\/dillo-a-radio-piu-e-a-turbai-di-gosaldo\/\">DILLO A RADIO PIU&#8230; E A TURBAI DI GOSALDO?<\/a><\/p><\/blockquote>\n<p><iframe loading=\"lazy\" class=\"wp-embedded-content\" sandbox=\"allow-scripts\" security=\"restricted\" style=\"position: absolute; clip: rect(1px, 1px, 1px, 1px);\" title=\"&#8220;DILLO A RADIO PIU&#8230; E A TURBAI DI GOSALDO?&#8221; &#8212; Radio Pi\u00f9\" src=\"https:\/\/www.radiopiu.net\/wordpress\/dillo-a-radio-piu-e-a-turbai-di-gosaldo\/embed\/#?secret=qsuqlllw3w\" data-secret=\"qsuqlllw3w\" width=\"600\" height=\"338\" frameborder=\"0\" marginwidth=\"0\" marginheight=\"0\" scrolling=\"no\"><\/iframe><\/p>\n<p>&nbsp;<\/p>\n<hr \/>\n<p>&nbsp;<\/p>\n<blockquote>\n<h3>INIZIATI I SONDAGGI SULLA FRANA PARADISI<\/h3>\n<p>&nbsp;<\/p><\/blockquote>\n<p><strong><img loading=\"lazy\" decoding=\"async\" class=\"alignleft\" src=\"https:\/\/www.radiopiu.net\/wordpress\/wp-content\/uploads\/2021\/02\/PHOTO-2021-02-04-11-03-04.jpg\" width=\"232\" height=\"175\" \/>BELLUNO<\/strong> Sono state avviate\u00a0 alcune operazioni sulla frana di Paradisi, che insiste nei Comuni di Ponte nelle Alpi e Alpago. Si tratta di attivit\u00e0 di sondaggio del terreno, propedeutiche alla elaborazione del progetto che prevede il monitoraggio e la sistemazione del movimento franoso, oltre al ripristino della viabilit\u00e0 di accesso alla localit\u00e0 Cassani dopo il dissesto della scorsa primavera.<em> \u00abIl corpo del versante interessato ha una larghezza media di 115 metri, una <a href=\"https:\/\/www.radiopiu.net\/wordpress\/iniziano-i-sondaggi-sulla-frana-paradisi\/frana-paradisi-2\/\" rel=\"attachment wp-att-188974\"><img loading=\"lazy\" decoding=\"async\" class=\"size-medium wp-image-188974 alignright\" src=\"https:\/\/www.radiopiu.net\/wordpress\/wp-content\/uploads\/2021\/02\/frana-paradisi-2-300x137.jpg\" alt=\"\" width=\"300\" height=\"137\" srcset=\"https:\/\/www.radiopiu.net\/wordpress\/wp-content\/uploads\/2021\/02\/frana-paradisi-2-300x137.jpg 300w, https:\/\/www.radiopiu.net\/wordpress\/wp-content\/uploads\/2021\/02\/frana-paradisi-2.jpg 681w\" sizes=\"auto, (max-width: 300px) 100vw, 300px\" \/><\/a>lunghezza lungo la linea di massima pendenza di 200 metri e uno spessore stimato in 6-8 metri. Complessivamente il volume di frana si aggira sui 150-200mila <a href=\"https:\/\/www.radiopiu.net\/wordpress\/giornale-radiopiu-24-ottobre-2019-direttore-mirko-mezzacasa\/download-666\/\" rel=\"attachment wp-att-103547\"><img loading=\"lazy\" decoding=\"async\" class=\"wp-image-103547 alignleft\" src=\"https:\/\/www.radiopiu.net\/wordpress\/wp-content\/uploads\/2019\/10\/download-23.jpg\" alt=\"\" width=\"95\" height=\"145\" \/><\/a>metri cubi di materiale&#8221;<\/em> &#8211; spiega il dirigente del settore difesa del suolo, Pierantonio Zanchetta . &#8220;<em>Un progetto che al momento prevede un quadro economico di circa 4 milioni di euro. \u00abUna cifra importante che dovrebbe essere inserita negli interventi post-Vaia e finanziata con i fondi commissariali dedicati proprio alla tempesta di fine ottobre 2018&#8243; &#8211; <\/em>aggiunge il consigliere provinciale delegato Massimo Bortoluzzi<em> (foto)- \u00a0I lavori dovranno porre fine a una situazione che si trascina da anni per l\u2019area di Paradisi, nell\u2019ottica che la Provincia persegue da tempo, di garantire vivibilit\u00e0 anche alle frazioni periferiche e alle \u201cterre alte\u201d, che non sono solo quelle in quota, ma tutte le aree distanti dai centri maggiori\u00bb.<\/em> <em>Soddisfatto il sindaco di Ponte nelle Alpi e consigliere provinciale Paolo Vendramini: \u00abQuesto intervento servir\u00e0 a sistemare una situazione annosa. Gli abitanti di Paradisi saranno senza dubbio contenti. Ora attendiamo con fiducia la conferma del finanziamento per continuare l\u2019iter progettuale e avviare al pi\u00f9 presto i lavori\u00bb. \u00a0<\/em><\/p>\n<p>&nbsp;<\/p>\n<p>&nbsp;<\/p>\n<p>&nbsp;<\/p>\n<hr \/>\n<blockquote>\n<h3><\/h3>\n<h3>VERTIK AREA, RICETTE CONTRO LO SPOPOLAMENTO. SAN TOMASO CI CREDE.<\/h3>\n<\/blockquote>\n<blockquote><p><em>Non vogliamo copiare niente dagli altri ma fare qualche cosa di nostro e originale.<\/em><\/p><\/blockquote>\n<p><strong>SAN TOMASO<\/strong> La vertika area \u00e8 la palestra di arrampicata in costruzione in localit\u00e0 Al Pian, nei pressi dell\u2019Arena 1082 e del campo da hockey. Un investimento per il paese, contro lo spopolamento, che creer\u00e0 posti di lavoro e indotto come voluto dal Comune di San Tomaso, che ha potuto contare su circa 1 milione e 600 mila euro (ma, dice il sindaco, ne serviranno altri 750 mila per completare le rifiniture esterne) derivanti dai Fondi di confine di area vasta e che, dunque, dovrebbe ricevere il battesimo entro la prossima estate. Gli amanti dell\u2019arrampicata potranno godere di uno spazio interamente dedicato loro.\u00a0 Il riscaldamento di tutti gli edifici della zona (Arena 1082, Vertik Area, bar-ristorante e magazzini comunali) sar\u00e0 a biomassa e Vaia\u00a0 torna utile, assicurandoci la materia prima: il legno degli schianti. All\u2019interno della Vertik Area, c\u2019\u00e8 uno spazio di 180-200 metri quadrati che inizialmente era stato pensato per\u00a0 un\u2019area relax, in linea col progetto marketing.<\/p>\n<p style=\"text-align: center;\"><strong>LA PRESENTAZIONE NEL CANTIERE CON IL SINDACO MORENO DE VAL<\/strong><\/p>\n<p><iframe loading=\"lazy\" title=\"20210204 103756\" width=\"1200\" height=\"675\" src=\"https:\/\/www.youtube.com\/embed\/YtFywo1Ci6Y?start=2&#038;feature=oembed\" frameborder=\"0\" allow=\"accelerometer; autoplay; clipboard-write; encrypted-media; gyroscope; picture-in-picture\" allowfullscreen><\/iframe><\/p>\n<blockquote>\n<h3>ECCO COME DA PROGETTO SI PRESENTERA&#8217; L&#8217;INTERNO DELLA VERTIK AREA DI SAN TOMASO<\/h3>\n<\/blockquote>\n\n\t\t\t<style type='text\/css'>\n\t\t\t\t#gallery-3 {\n\t\t\t\t\tmargin: auto;\n\t\t\t\t}\n\t\t\t\t#gallery-3 .gallery-item {\n\t\t\t\t\tfloat: left;\n\t\t\t\t\tmargin-top: 10px;\n\t\t\t\t\ttext-align: center;\n\t\t\t\t\twidth: 33%;\n\t\t\t\t}\n\t\t\t\t#gallery-3 img {\n\t\t\t\t\tborder: 2px solid #cfcfcf;\n\t\t\t\t}\n\t\t\t\t#gallery-3 .gallery-caption {\n\t\t\t\t\tmargin-left: 0;\n\t\t\t\t}\n\t\t\t\t\/* see gallery_shortcode() in wp-includes\/media.php *\/\n\t\t\t<\/style>\n\t\t<div id='gallery-3' class='dt-gallery-container gallery galleryid-188828 gallery-columns-3 gallery-size-thumbnail'><dl class='gallery-item'>\n\t\t\t\t<dt class='gallery-icon landscape'>\n\t\t\t\t\t<a class=\"rollover rollover-zoom dt-pswp-item\" title=\"4fdbf9fd-dcf7-45d5-bb5b-eeffeeca6d2d\" data-dt-img-description=\"\" data-large_image_width=\"619\" data-large_image_height=\"619\"href='https:\/\/www.radiopiu.net\/wordpress\/wp-content\/uploads\/2021\/02\/4fdbf9fd-dcf7-45d5-bb5b-eeffeeca6d2d.jpg'><img loading=\"lazy\" decoding=\"async\" width=\"150\" height=\"150\" src=\"https:\/\/www.radiopiu.net\/wordpress\/wp-content\/uploads\/2021\/02\/4fdbf9fd-dcf7-45d5-bb5b-eeffeeca6d2d-150x150.jpg\" class=\"attachment-thumbnail size-thumbnail\" alt=\"\" srcset=\"https:\/\/www.radiopiu.net\/wordpress\/wp-content\/uploads\/2021\/02\/4fdbf9fd-dcf7-45d5-bb5b-eeffeeca6d2d-150x150.jpg 150w, https:\/\/www.radiopiu.net\/wordpress\/wp-content\/uploads\/2021\/02\/4fdbf9fd-dcf7-45d5-bb5b-eeffeeca6d2d-300x300.jpg 300w, https:\/\/www.radiopiu.net\/wordpress\/wp-content\/uploads\/2021\/02\/4fdbf9fd-dcf7-45d5-bb5b-eeffeeca6d2d.jpg 619w\" sizes=\"auto, (max-width: 150px) 100vw, 150px\" \/><\/a>\n\t\t\t\t<\/dt><\/dl><dl class='gallery-item'>\n\t\t\t\t<dt class='gallery-icon landscape'>\n\t\t\t\t\t<a class=\"rollover rollover-zoom dt-pswp-item\" title=\"fad327f0-c7cf-4ab8-bd96-667e39b22008\" data-dt-img-description=\"\" data-large_image_width=\"705\" data-large_image_height=\"705\"href='https:\/\/www.radiopiu.net\/wordpress\/wp-content\/uploads\/2021\/02\/fad327f0-c7cf-4ab8-bd96-667e39b22008.jpg'><img loading=\"lazy\" decoding=\"async\" width=\"150\" height=\"150\" src=\"https:\/\/www.radiopiu.net\/wordpress\/wp-content\/uploads\/2021\/02\/fad327f0-c7cf-4ab8-bd96-667e39b22008-150x150.jpg\" class=\"attachment-thumbnail size-thumbnail\" alt=\"\" srcset=\"https:\/\/www.radiopiu.net\/wordpress\/wp-content\/uploads\/2021\/02\/fad327f0-c7cf-4ab8-bd96-667e39b22008-150x150.jpg 150w, https:\/\/www.radiopiu.net\/wordpress\/wp-content\/uploads\/2021\/02\/fad327f0-c7cf-4ab8-bd96-667e39b22008-300x300.jpg 300w, https:\/\/www.radiopiu.net\/wordpress\/wp-content\/uploads\/2021\/02\/fad327f0-c7cf-4ab8-bd96-667e39b22008.jpg 705w\" sizes=\"auto, (max-width: 150px) 100vw, 150px\" \/><\/a>\n\t\t\t\t<\/dt><\/dl><dl class='gallery-item'>\n\t\t\t\t<dt class='gallery-icon landscape'>\n\t\t\t\t\t<a class=\"rollover rollover-zoom dt-pswp-item\" title=\"dc1f1ad7-1412-4cee-becb-92bbfe80a3e3\" data-dt-img-description=\"\" data-large_image_width=\"694\" data-large_image_height=\"694\"href='https:\/\/www.radiopiu.net\/wordpress\/wp-content\/uploads\/2021\/02\/dc1f1ad7-1412-4cee-becb-92bbfe80a3e3.jpg'><img loading=\"lazy\" decoding=\"async\" width=\"150\" height=\"150\" src=\"https:\/\/www.radiopiu.net\/wordpress\/wp-content\/uploads\/2021\/02\/dc1f1ad7-1412-4cee-becb-92bbfe80a3e3-150x150.jpg\" class=\"attachment-thumbnail size-thumbnail\" alt=\"\" srcset=\"https:\/\/www.radiopiu.net\/wordpress\/wp-content\/uploads\/2021\/02\/dc1f1ad7-1412-4cee-becb-92bbfe80a3e3-150x150.jpg 150w, https:\/\/www.radiopiu.net\/wordpress\/wp-content\/uploads\/2021\/02\/dc1f1ad7-1412-4cee-becb-92bbfe80a3e3-300x300.jpg 300w, https:\/\/www.radiopiu.net\/wordpress\/wp-content\/uploads\/2021\/02\/dc1f1ad7-1412-4cee-becb-92bbfe80a3e3.jpg 694w\" sizes=\"auto, (max-width: 150px) 100vw, 150px\" \/><\/a>\n\t\t\t\t<\/dt><\/dl><br style=\"clear: both\" \/>\n\t\t\t<\/div>\n\n<h2>DALL&#8217;ALTO&#8230;.<\/h2>\n<div style=\"width: 1200px;\" class=\"wp-video\"><video class=\"wp-video-shortcode\" id=\"video-188828-2\" width=\"1200\" height=\"675\" preload=\"metadata\" controls=\"controls\"><source type=\"video\/mp4\" src=\"https:\/\/www.radiopiu.net\/wordpress\/wp-content\/uploads\/2021\/02\/WhatsApp-Video-2021-02-04-at-10.57.49.mp4?_=2\" \/><a href=\"https:\/\/www.radiopiu.net\/wordpress\/wp-content\/uploads\/2021\/02\/WhatsApp-Video-2021-02-04-at-10.57.49.mp4\">https:\/\/www.radiopiu.net\/wordpress\/wp-content\/uploads\/2021\/02\/WhatsApp-Video-2021-02-04-at-10.57.49.mp4<\/a><\/video><\/div>\n<p>&nbsp;<\/p>\n<blockquote><p>&nbsp;<\/p><\/blockquote>\n<hr \/>\n<p>&nbsp;<\/p>\n<blockquote>\n<h3>DRIVE IN TAMPONI, I NUOVI ORARI DALL&#8217;8 FEBBRAIO<\/h3>\n<\/blockquote>\n<p><strong><a href=\"https:\/\/www.radiopiu.net\/wordpress\/sono-2-i-nuovi-positivi-in-ulss-1-dolomiti-al-via-i-drive-in-per-i-tamponi-dedicati-al-personale-dei-seggi-elettorali\/drivein-caprile-tamponi\/\" rel=\"attachment wp-att-161190\"><img loading=\"lazy\" decoding=\"async\" class=\" wp-image-161190 alignleft\" src=\"https:\/\/www.radiopiu.net\/wordpress\/wp-content\/uploads\/2020\/09\/drivein-caprile-tamponi-225x300.jpg\" alt=\"\" width=\"155\" height=\"207\" srcset=\"https:\/\/www.radiopiu.net\/wordpress\/wp-content\/uploads\/2020\/09\/drivein-caprile-tamponi-225x300.jpg 225w, https:\/\/www.radiopiu.net\/wordpress\/wp-content\/uploads\/2020\/09\/drivein-caprile-tamponi-768x1024.jpg 768w, https:\/\/www.radiopiu.net\/wordpress\/wp-content\/uploads\/2020\/09\/drivein-caprile-tamponi-1152x1536.jpg 1152w, https:\/\/www.radiopiu.net\/wordpress\/wp-content\/uploads\/2020\/09\/drivein-caprile-tamponi-360x480.jpg 360w, https:\/\/www.radiopiu.net\/wordpress\/wp-content\/uploads\/2020\/09\/drivein-caprile-tamponi.jpg 1200w\" sizes=\"auto, (max-width: 155px) 100vw, 155px\" \/><\/a>BELLUNO<\/strong>\u00a0 Alla luce dell\u2019andamento epidemiologico e del basso numero di tamponi eseguiti quotidianamente, \u00e8 stata rimodulata la fascia oraria di apertura del Covid point tamponi di Paludi (Alpago): dall\u20198 febbraio 2021 sar\u00e0 attivo tutti i giorni (festivi inclusi) dalle 8.30 alle 12.30. Dall\u20198 febbraio, quindi, i drive-in tamponi dell\u2019Ulss Dolomiti saranno attivi nelle seguenti sedi ed orari: <strong>Belluno <\/strong>Zona Industriale Paludi (Alpago) tutti i giorni (festivi inclusi) dalle 8.30 alle 12.30 <strong>Feltre <\/strong>Via delle Industrie \u2013 Peschiera (ex- Marangoni) dal luned\u00ec al sabato dalle 8.30 alle 12.30. <strong>Tai di Cadore <\/strong>Piazzale Dolomiti marted\u00ec, gioved\u00ec, sabato \u2013 dalle 15.00 alle 17.00 <strong>Agordo <\/strong>Piazzale Tamonich luned\u00ec, mercoled\u00ec, venerd\u00ec\u2013 dalle 15.00 alle 17.00.\u00a0<span style=\"color: #ff0000;\">Possono accedere ai drive-in tamponi: <\/span>persone con prescrizione di tampone\u00a0 del Medico di Medicina Generale o Pediatra di Libera Scelta. Senza appuntamento, esibendo all\u2019ingresso impegnativa cartacea o dematerializzata anche in formato elettronico i soggetti inviati dall\u2019unit\u00e0 di Crisi del Dipartimento di Prevenzione.<\/p>\n<p>&nbsp;<\/p>\n<hr \/>\n<p>&nbsp;<\/p>\n<blockquote>\n<h3>QUATTRO NUOVE AUTOMEDICHE PER LA ULSS1<\/h3>\n<\/blockquote>\n<p><strong>BELLUNO<\/strong> Sono operative in Ulss Dolomiti quattro nuove auto mediche che vanno a potenziare il parco mezzi a disposizione delle rete di emergenza urgenza 118. Si tratta di quattro Skoda da 150 cavalli, con cambio automatico a 7 rapporti, omologate come \u201cautoveicolo speciale di soccorso avanzato\u201d. Due delle auto mediche, per il mese di febbraio, saranno utilizzate per il servizio che il SUEM 118 svolger\u00e0 a Cortina d\u2019Ampezzo in occasione dei Campionati Mondiali di Sci. Al termine degli stessi, verranno destinate alla loro sede definitiva di operativit\u00e0. Le altre due sono state subito messe in servizio una a Pieve di Cadore ed una a Feltre.<\/p>\n\n\t\t\t<style type='text\/css'>\n\t\t\t\t#gallery-4 {\n\t\t\t\t\tmargin: auto;\n\t\t\t\t}\n\t\t\t\t#gallery-4 .gallery-item {\n\t\t\t\t\tfloat: left;\n\t\t\t\t\tmargin-top: 10px;\n\t\t\t\t\ttext-align: center;\n\t\t\t\t\twidth: 33%;\n\t\t\t\t}\n\t\t\t\t#gallery-4 img {\n\t\t\t\t\tborder: 2px solid #cfcfcf;\n\t\t\t\t}\n\t\t\t\t#gallery-4 .gallery-caption {\n\t\t\t\t\tmargin-left: 0;\n\t\t\t\t}\n\t\t\t\t\/* see gallery_shortcode() in wp-includes\/media.php *\/\n\t\t\t<\/style>\n\t\t<div id='gallery-4' class='dt-gallery-container gallery galleryid-188828 gallery-columns-3 gallery-size-thumbnail'><dl class='gallery-item'>\n\t\t\t\t<dt class='gallery-icon landscape'>\n\t\t\t\t\t<a class=\"rollover rollover-zoom dt-pswp-item\" title=\"IMG-20210204-WA0017\" data-dt-img-description=\"\" data-large_image_width=\"1600\" data-large_image_height=\"1200\"href='https:\/\/www.radiopiu.net\/wordpress\/wp-content\/uploads\/2021\/02\/IMG-20210204-WA0017.jpg'><img loading=\"lazy\" decoding=\"async\" width=\"150\" height=\"150\" src=\"https:\/\/www.radiopiu.net\/wordpress\/wp-content\/uploads\/2021\/02\/IMG-20210204-WA0017-150x150.jpg\" class=\"attachment-thumbnail size-thumbnail\" alt=\"\" \/><\/a>\n\t\t\t\t<\/dt><\/dl><dl class='gallery-item'>\n\t\t\t\t<dt class='gallery-icon landscape'>\n\t\t\t\t\t<a class=\"rollover rollover-zoom dt-pswp-item\" title=\"File_013\" data-dt-img-description=\"\" data-large_image_width=\"2560\" data-large_image_height=\"1920\"href='https:\/\/www.radiopiu.net\/wordpress\/wp-content\/uploads\/2021\/02\/File_013-scaled.jpeg'><img loading=\"lazy\" decoding=\"async\" width=\"150\" height=\"150\" src=\"https:\/\/www.radiopiu.net\/wordpress\/wp-content\/uploads\/2021\/02\/File_013-150x150.jpeg\" class=\"attachment-thumbnail size-thumbnail\" alt=\"\" \/><\/a>\n\t\t\t\t<\/dt><\/dl><dl class='gallery-item'>\n\t\t\t\t<dt class='gallery-icon landscape'>\n\t\t\t\t\t<a class=\"rollover rollover-zoom dt-pswp-item\" title=\"IMG-20210204-WA0014\" data-dt-img-description=\"\" data-large_image_width=\"1600\" data-large_image_height=\"1200\"href='https:\/\/www.radiopiu.net\/wordpress\/wp-content\/uploads\/2021\/02\/IMG-20210204-WA0014.jpg'><img loading=\"lazy\" decoding=\"async\" width=\"150\" height=\"150\" src=\"https:\/\/www.radiopiu.net\/wordpress\/wp-content\/uploads\/2021\/02\/IMG-20210204-WA0014-150x150.jpg\" class=\"attachment-thumbnail size-thumbnail\" alt=\"\" \/><\/a>\n\t\t\t\t<\/dt><\/dl><br style=\"clear: both\" \/>\n\t\t\t<\/div>\n\n<hr \/>\n<p>&nbsp;<\/p>\n<blockquote>\n<h3>GLI UOMINI DEL CTS HANNO DETTO SI: IL 15 APRONO GLI IMPIANTI SCIISTICI<\/h3>\n<\/blockquote>\n<p><strong>VENEZIA<\/strong>\u00a0<em> \u201cE\u2019 un bel segnale quello del CTS, un segnale doppio che, da un lato ci regala una grande tranquillit\u00e0 perch\u00e9 il via libera arriva direttamente dal mondo scientifico e, dall\u2019altra parte, fornisce l\u2019occasione per un rilancio della montagna in concomitanza coi mondiali sci di domenica prossima, 7 febbraio, a Cortina\u201d. <\/em>E\u2019 il commento che arriva dal Presidente della Regione Veneto Luca Zaia dopo aver appreso che il CTS, Comitato Tecnico Scientifico, ha dato parere positivo all\u2019apertura dal 15 febbraio degli impianti sciistici per le regioni che si trovano in zona gialla Di fronte ad una buona notizia, il Presidente ricorda \u201cche il virus circola ancora e non va sottovalutato\u201d. <em>\u201cE\u2019 ovvio \u2013 ha aggiunto &#8211; che ora l\u2019appello va a tutti quei cittadini che si recheranno agli impianti di risalita, perch\u00e9 lo dovranno fare con la massima prudenza e attenzione, indossando mascherine, quantomeno nei luoghi di aggregazione e durante la risalita. Le regole cio\u00e8 vanno rispettate soprattutto in tutti quei contesti dove si crea assembramento. Non va quindi abbassata la guardia, perch\u00e9 da questa partita dobbiamo venirne fuori insieme e va ricordato che se tornasse una ripresa della curva dell\u2019infezione, sarebbe la fine\u201d.<\/em><\/p>\n<p><strong>STAMANE AI MICROFONI DI RADIO PIU&#8217; RENZO MINELLA, RESPONSABILE MARKETING SAN PELLEGRINO-FALCADE E PRESIDENTE ANEF<\/strong><\/p>\n<div style=\"width: 848px;\" class=\"wp-video\"><video class=\"wp-video-shortcode\" id=\"video-188828-3\" width=\"848\" height=\"480\" preload=\"metadata\" controls=\"controls\"><source type=\"video\/mp4\" src=\"https:\/\/www.radiopiu.net\/wordpress\/wp-content\/uploads\/2021\/02\/WhatsApp-Video-2021-02-04-at-06.31.51.mp4?_=3\" \/><a href=\"https:\/\/www.radiopiu.net\/wordpress\/wp-content\/uploads\/2021\/02\/WhatsApp-Video-2021-02-04-at-06.31.51.mp4\">https:\/\/www.radiopiu.net\/wordpress\/wp-content\/uploads\/2021\/02\/WhatsApp-Video-2021-02-04-at-06.31.51.mp4<\/a><\/video><\/div>\n<p>&nbsp;<\/p>\n<p>&nbsp;<\/p>\n<p>&nbsp;<\/p>\n<hr \/>\n<blockquote>\n<h3>AREE INTERNE, 500 MILA EURO IN TRE ANNI PER SEI COMUNI<\/h3>\n<\/blockquote>\n<p><strong><img loading=\"lazy\" decoding=\"async\" class=\"alignleft\" src=\"https:\/\/www.radiopiu.net\/wordpress\/wp-content\/uploads\/2021\/02\/th-6.jpg\" width=\"210\" height=\"105\" \/><\/strong><\/p>\n<p>&nbsp;<\/p>\n<p><strong>BELLUNO<\/strong><\/p>\n<p><strong>di MORENO GIOLI<\/strong><\/p>\n<audio class=\"wp-audio-shortcode\" id=\"audio-188828-6\" preload=\"none\" style=\"width: 100%;\" controls=\"controls\"><source type=\"audio\/mpeg\" src=\"https:\/\/www.radiopiu.net\/wordpress\/wp-content\/uploads\/2021\/02\/moreno-gal.mp3?_=6\" \/><a href=\"https:\/\/www.radiopiu.net\/wordpress\/wp-content\/uploads\/2021\/02\/moreno-gal.mp3\">https:\/\/www.radiopiu.net\/wordpress\/wp-content\/uploads\/2021\/02\/moreno-gal.mp3<\/a><\/audio>\n<p>&nbsp;<\/p>\n<p><strong>IL PRESIDENTE ALBERTO PETERLE<\/strong><\/p>\n<audio class=\"wp-audio-shortcode\" id=\"audio-188828-7\" preload=\"none\" style=\"width: 100%;\" controls=\"controls\"><source type=\"audio\/mpeg\" src=\"https:\/\/www.radiopiu.net\/wordpress\/wp-content\/uploads\/2021\/02\/Alberto-peterle.mp3?_=7\" \/><a href=\"https:\/\/www.radiopiu.net\/wordpress\/wp-content\/uploads\/2021\/02\/Alberto-peterle.mp3\">https:\/\/www.radiopiu.net\/wordpress\/wp-content\/uploads\/2021\/02\/Alberto-peterle.mp3<\/a><\/audio>\n<p>&nbsp;<\/p>\n<p><strong>VICE SINDACO DI TAMBRE, SARA BONA<\/strong><\/p>\n<audio class=\"wp-audio-shortcode\" id=\"audio-188828-8\" preload=\"none\" style=\"width: 100%;\" controls=\"controls\"><source type=\"audio\/mpeg\" src=\"https:\/\/www.radiopiu.net\/wordpress\/wp-content\/uploads\/2021\/02\/Sara-bona-vicesindaco-tambre.mp3?_=8\" \/><a href=\"https:\/\/www.radiopiu.net\/wordpress\/wp-content\/uploads\/2021\/02\/Sara-bona-vicesindaco-tambre.mp3\">https:\/\/www.radiopiu.net\/wordpress\/wp-content\/uploads\/2021\/02\/Sara-bona-vicesindaco-tambre.mp3<\/a><\/audio>\n<p>&nbsp;<\/p>\n<p>&nbsp;<\/p>\n<hr \/>\n<blockquote>\n<h3><\/h3>\n<blockquote class=\"wp-embedded-content\" data-secret=\"Svilu4qrKZ\"><p><a href=\"https:\/\/www.radiopiu.net\/wordpress\/aggfeb4\/\">CORONAVIRUS: AGGIORNAMENTO NAZIONALE 04 FEBBRAIO 2021<\/a><\/p><\/blockquote>\n<p><iframe loading=\"lazy\" class=\"wp-embedded-content\" sandbox=\"allow-scripts\" security=\"restricted\" style=\"position: absolute; clip: rect(1px, 1px, 1px, 1px);\" title=\"&#8220;CORONAVIRUS: AGGIORNAMENTO NAZIONALE 04 FEBBRAIO 2021&#8221; &#8212; Radio Pi\u00f9\" src=\"https:\/\/www.radiopiu.net\/wordpress\/aggfeb4\/embed\/#?secret=Svilu4qrKZ\" data-secret=\"Svilu4qrKZ\" width=\"600\" height=\"338\" frameborder=\"0\" marginwidth=\"0\" marginheight=\"0\" scrolling=\"no\"><\/iframe><\/p>\n<hr \/>\n<p>&nbsp;<\/p>\n<h3>INSPIEGABILE IL CROLLO DEI CONTAGI, OGGI SI SAPRA&#8217; SE IL VENETO E&#8217; ANCORA GIALLO. DA VENEZIA LUCA ZAIA.<\/h3>\n<p>&nbsp;<\/p>\n<a href=\"https:\/\/www.radiopiu.net\/wordpress\/wp-content\/uploads\/2021\/02\/TI-4-FEB.pdf\" class=\"pdfemb-viewer\" style=\"\" data-width=\"max\" data-height=\"max\" data-toolbar=\"top\" data-toolbar-fixed=\"on\">TI 4 FEB<\/a><\/blockquote>\n<h2 style=\"text-align: center;\">LEGGI LA CONFERENZA STAMPA DI LUCA ZAIA<\/h2>\n<p><em>Mi piacerebbe che qualcuno ci spiegasse\u00a0 del\u00a0 repentino miglioramento \u00e8 probabile dipenda dal numero dei tamponi, ma resta inspiegabile il nostro risultato. Nuovo Governo: Salvini porr\u00e0 il tema dell&#8217;autonomia sul tavolo delle trattative<\/em><\/p>\n<p>Domani la classificazione oggi siamo a 113 contagi ogni 100 mila abitanti rispetto ai 400 di tempo fa, l&#8217;indice Rt a 0,65, tutto da pensare quindi al giallo sempre tenendo alta la guardia, mentre nel resto dell&#8217;Europa il contagio cresce. Siamo un&#8217;isola felice, ma non \u00e8 finita, in alcune regioni le curve non si abbassano anzi tendono a crescere. Inspiegabile il crollo dei contagi, resta un fatto inspiegabile che vorremmo spiegare con le sequenzaioni. Ci siamo ritrovati con le terapie intensive sui valori di marzo. <strong>MONDIALI DI SCI<\/strong> Domenica inaugurazione, saranno tutti tamponati. E&#8217; un&#8217;occasione pur a porte chiuse a rischio. Mi metto nei panni del cittadino e capisco. Bisogna evitare l&#8217;assembramento e respirare gli aerosol. <strong>MONOCLONALI<\/strong> Tutto il mondo li usa ed a livello nazionale si sta pensando cosa fare. Ringrazio il professor Palu&#8217; per il suo impegno, i monoclonali non sono una stregoneria fanno miracoli: effetto quasi immediato, cercheremo di utilizzarli (il costo \u00e8 di mille euro l&#8217;uno, \u00e8 una flebo che dura un&#8217;ora e non ha controindicazione). Sono autorizzati in via emergenziale e lo utilizzeremo per i casi gravi e nelle Rsa. <strong>NUOVO GOVERNO<\/strong> L&#8217;incarico \u00e8 stato assunto con riserva ora \u00e8 in corso l&#8217;incontro con le forze politiche che non \u00e8 come bere uno spritz mangiando un&#8217;oliva.Chiunque sia il presidente incaricato deve presentare i programmi per farsi sostenere, vediamo cosa uscir\u00e0 oggi dall&#8217;incontro, la Lega non chieder\u00e0 poltrone, ci fossi io chiederei autonomia. Vediamo Salvini cosa presenter\u00e0 sulla ripresa\u00a0 economica, tassazione e riforme. Governare questo paese non sar\u00e0 una passeggiata al di l\u00e0 dell&#8217;attuale clima di euforia.<\/p>\n<p>&nbsp;<\/p>\n<p><a href=\"https:\/\/www.facebook.com\/172229066312350\/videos\/848520169332867\">https:\/\/www.facebook.com\/172229066312350\/videos\/848520169332867<\/a><\/p>\n<p>&nbsp;<\/p>\n<p>&nbsp;<\/p>\n<hr \/>\n<blockquote>\n<h3>TUMORI. IL REGISTRO DEL VENETO PRIMO IN ITALIA A OTTENERE LA CERTIFICAZIONE DI QUALITA\u2019 ISO 9001:2015<\/h3>\n<\/blockquote>\n<p><strong>VENEZIA <\/strong>Nel Veneto, i \u201cnumeri del cancro\u201d sono prodotti dal Registro Tumori del Veneto (RTV), a cui la Azienda Zero affida la registrazione di tutte le diagnosi di tumore nella popolazione del Veneto. Un\u2019eccellenza, tanto che lo scorso anno, il Registro Tumori regionale ha concluso un progetto unico tra le Regioni pi\u00f9 popolose della nazione: la registrazione centralizzata dei tumori in tutti i 5.000.000 di cittadini veneti. Complessivamente sono stati diagnosticati 30.918 nuovi casi di tumore maligno (16.168 nei maschi e 14.750 nelle femmine), con una modesta (ma benvenuta) riduzione rispetto ai 31.688 registrati nel 2016. Le sedi maggiormente colpite nelle donne sono mammella, colon-retto, polmone e utero. I tumori pi\u00f9 frequenti negli uomini sono quelli della prostata, colon-retto, polmone e vescica.<\/p>\n<p><strong>LO STUDIO DI RTV<\/strong><\/p>\n<a href=\"https:\/\/www.radiopiu.net\/wordpress\/wp-content\/uploads\/2021\/02\/RTV-Incidenza-Tumori-per-eta.pdf\" class=\"pdfemb-viewer\" style=\"\" data-width=\"max\" data-height=\"max\" data-toolbar=\"top\" data-toolbar-fixed=\"on\">RTV Incidenza Tumori per eta\u2019<\/a>\n<p>&nbsp;<\/p>\n<p>&nbsp;<\/p>\n<hr \/>\n<p>&nbsp;<\/p>\n<blockquote class=\"wp-embedded-content\" data-secret=\"9I7EIyW7rW\"><p><a href=\"https:\/\/www.radiopiu.net\/wordpress\/studio-sull-positivita-covid-nella-popolazione\/\">STUDIO SULL POSITIVITA&#8217; COVID NELLA POPOLAZIONE<\/a><\/p><\/blockquote>\n<p><iframe loading=\"lazy\" class=\"wp-embedded-content\" sandbox=\"allow-scripts\" security=\"restricted\" style=\"position: absolute; clip: rect(1px, 1px, 1px, 1px);\" title=\"&#8220;STUDIO SULL POSITIVITA&#8217; COVID NELLA POPOLAZIONE&#8221; &#8212; Radio Pi\u00f9\" src=\"https:\/\/www.radiopiu.net\/wordpress\/studio-sull-positivita-covid-nella-popolazione\/embed\/#?secret=9I7EIyW7rW\" data-secret=\"9I7EIyW7rW\" width=\"600\" height=\"338\" frameborder=\"0\" marginwidth=\"0\" marginheight=\"0\" scrolling=\"no\"><\/iframe><\/p>\n<p>&nbsp;<\/p>\n<hr \/>\n<blockquote>\n<h3><\/h3>\n<h3>TERNA: 60 MILIONI PER LA LINEA INVISIBILE TRA CORTINA ED AURONZO<\/h3>\n<\/blockquote>\n<p><strong><a href=\"https:\/\/www.radiopiu.net\/wordpress\/giornale-radiopiu-05-febbraio-2021-direttore-mirko-mezzacasa\/foto-terna-cortina_4\/\" rel=\"attachment wp-att-188876\"><img loading=\"lazy\" decoding=\"async\" class=\"size-medium wp-image-188876 alignleft\" src=\"https:\/\/www.radiopiu.net\/wordpress\/wp-content\/uploads\/2021\/02\/FOTO-TERNA-CORTINA_4-300x200.jpg\" alt=\"\" width=\"300\" height=\"200\" srcset=\"https:\/\/www.radiopiu.net\/wordpress\/wp-content\/uploads\/2021\/02\/FOTO-TERNA-CORTINA_4-300x200.jpg 300w, https:\/\/www.radiopiu.net\/wordpress\/wp-content\/uploads\/2021\/02\/FOTO-TERNA-CORTINA_4-1024x683.jpg 1024w, https:\/\/www.radiopiu.net\/wordpress\/wp-content\/uploads\/2021\/02\/FOTO-TERNA-CORTINA_4-768x512.jpg 768w, https:\/\/www.radiopiu.net\/wordpress\/wp-content\/uploads\/2021\/02\/FOTO-TERNA-CORTINA_4-1536x1024.jpg 1536w, https:\/\/www.radiopiu.net\/wordpress\/wp-content\/uploads\/2021\/02\/FOTO-TERNA-CORTINA_4-2048x1365.jpg 2048w\" sizes=\"auto, (max-width: 300px) 100vw, 300px\" \/><\/a>ROMA <\/strong>Terna ha messo in esercizio la nuova linea elettrica \u2018invisibile\u2019 lunga 24 km che collega Cortina d\u2019Ampezzo con Auronzo di Cadore, in Veneto. L\u2019infrastruttura, altamente tecnologica e completamente interrata, rientra nel pi\u00f9 ampio progetto di ammodernamento e riassetto della rete elettrica dell\u2019Alto bellunese, per il quale Terna ha investito 60 milioni di euro. La realizzazione della nuova linea elettrica, autorizzata nell\u2019agosto del 2019 dai Ministeri dello Sviluppo Economico e dell\u2019Ambiente, ha coinvolto 27 imprese specializzate, molte delle quali locali, e fino a 100 lavoratori nei cantieri, ed \u00e8 stata eseguita secondo i migliori standard di sostenibilit\u00e0 e tutela ambientale, lasciando intatto il paesaggio boschivo dell\u2019Alto Bellunese.<\/p>\n<p>&nbsp;<\/p>\n<hr \/>\n<p>&nbsp;<\/p>\n<blockquote>\n<h3>VIVAIO DOLOMITI SI COMPLIMENTA CON TERNA<\/h3>\n<\/blockquote>\n<p><strong><a href=\"https:\/\/www.radiopiu.net\/wordpress\/per-vivaio-dolomiti-lenel-e-sulla-giusta-strada\/vivaio-dolomiti-2\/\" rel=\"attachment wp-att-53894\"><img loading=\"lazy\" decoding=\"async\" class=\"size-full wp-image-53894 alignleft\" src=\"https:\/\/www.radiopiu.net\/wordpress\/wp-content\/uploads\/2018\/07\/VIVAIO-DOLOMITI.jpg\" alt=\"\" width=\"247\" height=\"204\" \/><\/a>BELLUNO<\/strong> Vivaio Dolomiti entra in merito alla notizia sulla linea elettrica Cortina-Auronzo. &#8221; Ricordiamo quando un paio di anni fa Terna, precisamente l&#8217;amico Adel Motawi, al caff\u00e8 Manin di Belluno ci mise un foglio bianco davanti e per sfida ci disse: progettatemi la linea Auronzo-Cortina. Chiaramente era una provocazione ma gli dicemmo: non siamo in grado ovviamente, per\u00f2 dovresti interrare tutto lungo il passo Tre croci. La sua risposta fu: impossibile. Da quel momento sono iniziate le concertazioni pubbliche e in un anno e mezzo \u00e8 stato risolto il problema. Testimonianza che dove si lavora in sinergia e le amministrazioni comunali sono di qualit\u00e0 i risultati si ottengono velocemente. Brava Terna, siamo felici di aver fatto scoprire un mondo nuovo, al nostro carissimo amico Motawi. Dispiace che per la media valle del Piave si sia dimenticato di coinvolgerci, la sinergia con noi si \u00e8 sempre dimostrata vincente e la linea Auronzo-Cortina lo dimostra. Peccato non poter dire altrettanto di altre alleanze fatte da Terna nel territorio. Noi siamo il porta fortuna di Terna per il Bellunese, quindi ci auguriamo un coinvolgimento molto presto. Grazie e complimenti anche per aver accettato il nostro umile suggerimento&#8221;. Cos\u00ec in una nota<\/p>\n<p>&nbsp;<\/p>\n<hr \/>\n<p>&nbsp;<\/p>\n<blockquote>\n<h3>AIUTI ECONOMICI AGLI STUDENTI AGORDINI ISCRITTI AL CORSO DI LAUREA IN INFERMIERISTICA &#8211; ANNO ACCADEMICO 2020-2021<\/h3>\n<\/blockquote>\n<p><strong><a href=\"https:\/\/www.radiopiu.net\/wordpress\/giornale-radiopiu-01-02-2017-direttore-mirko-mezzacasa\/borse-studio\/\" rel=\"attachment wp-att-28014\"><img loading=\"lazy\" decoding=\"async\" class=\"size-medium wp-image-28014 alignleft\" src=\"https:\/\/www.radiopiu.net\/wordpress\/wp-content\/uploads\/2017\/02\/borse-studio-300x158.jpg\" alt=\"\" width=\"300\" height=\"158\" \/><\/a>AGORDO<\/strong> L\u2019Unione Montana Agordina, intende promuovere ed incentivare i giovani agordini che desiderano intraprendere gli studi per la professione infermieristica o li stiano portando avanti con profitto. A tale scopo istituisce: \u00a0tre borse di studio a favore degli studenti che siano iscritti, nell&#8217;anno accademico 2020-2021, al primo anno del Corso di Laurea in Infermieristica; \u00a0tre premi di incentivazione a favore di studenti iscritti, nell&#8217;anno accademico 2020-2021, al secondo o terzo anno del Corso di Laurea in Infermieristica. Possono richiedere l&#8217;assegnazione della borsa di studio o del premio di incentivazione gli studenti che:\u00a0 siano residenti in uno dei Comuni dell&#8217;Agordino. L&#8217;importo della borsa di studio \u00e8 fissato in 775euro, mentre quello del premio di incentivazione \u00e8 fissato in\u00a0 260 euro.\u00a0 La borsa di studio ed il premio incentivante saranno corrisposti in unica soluzione entro il 30 giugno.<\/p>\n<p>&nbsp;<\/p>\n<p>.<\/p>\n<p>&nbsp;<\/p>\n<hr \/>\n<p>&nbsp;<\/p>\n<blockquote>\n<h3><\/h3>\n<blockquote><p><em>EssilorLuxottica ha annunciato i risultati di Boost 2020, il Piano di azionariato diffuso internazionale che ha permesso di portare la partecipazione azionaria dei dipendenti all\u2019interno del Gruppo al livello record del 44%. A riconoscimento del continuo impegno nel promuovere questo tipo di iniziativa, EssilorLuxottica ha ricevuto oggi in Francia anche il &#8220;Grand Prix FAS 2020&#8221;, il pi\u00f9 importante riconoscimento annuale dalla federazione francese dei dipendenti azionisti (FAS).<\/em><\/p><\/blockquote>\n<p>&nbsp;<\/p>\n<p><strong><a href=\"https:\/\/www.radiopiu.net\/wordpress\/essilor-luxottica-continua-la-via-legale-sul-caso-grandvision\/essilor-grandvision\/\" rel=\"attachment wp-att-159137\"><img loading=\"lazy\" decoding=\"async\" class=\" wp-image-159137 alignleft\" src=\"https:\/\/www.radiopiu.net\/wordpress\/wp-content\/uploads\/2020\/09\/ESSILOR-GRANDVISION-300x300.jpg\" alt=\"\" width=\"208\" height=\"208\" srcset=\"https:\/\/www.radiopiu.net\/wordpress\/wp-content\/uploads\/2020\/09\/ESSILOR-GRANDVISION-300x300.jpg 300w, https:\/\/www.radiopiu.net\/wordpress\/wp-content\/uploads\/2020\/09\/ESSILOR-GRANDVISION.jpg 1024w, https:\/\/www.radiopiu.net\/wordpress\/wp-content\/uploads\/2020\/09\/ESSILOR-GRANDVISION-150x150.jpg 150w, https:\/\/www.radiopiu.net\/wordpress\/wp-content\/uploads\/2020\/09\/ESSILOR-GRANDVISION-768x768.jpg 768w, https:\/\/www.radiopiu.net\/wordpress\/wp-content\/uploads\/2020\/09\/ESSILOR-GRANDVISION-125x125.jpg 125w, https:\/\/www.radiopiu.net\/wordpress\/wp-content\/uploads\/2020\/09\/ESSILOR-GRANDVISION-200x200.jpg 200w, https:\/\/www.radiopiu.net\/wordpress\/wp-content\/uploads\/2020\/09\/ESSILOR-GRANDVISION-80x80.jpg 80w, https:\/\/www.radiopiu.net\/wordpress\/wp-content\/uploads\/2020\/09\/ESSILOR-GRANDVISION-480x480.jpg 480w\" sizes=\"auto, (max-width: 208px) 100vw, 208px\" \/><\/a>AGORDO<\/strong>\u00a0 Grazie al successo di Boost 2020, ora circa 63.000 dipendenti EssilorLuxottica in 81 paesi detengono una partecipazione finanziaria nel Gruppo, in aumento di circa il 13% rispetto ai quasi 56.000 dipendenti del 2019. Inoltre, sono oltre 10.000 i dipendenti pensionati di EssilorLuxottica che detengono azioni dell\u2019azienda, dimostrando il loro impegno e la loro fiducia nella Societ\u00e0. Nonostante il difficile contesto dell\u2019ultimo anno, Boost 2020 ha raggiunto un tasso di sottoscrizione di oltre il 75% tra i dipendenti idonei, una cifra notevolmente superiore alla media di mercato del 2019 di circa il 20% e in linea con le due precedenti edizioni del Piano.\u00a0 I risultati evidenziano il desiderio dei dipendenti di EssilorLuxottica di contribuire allo sviluppo della Societ\u00e0 e alla creazione di valore a lungo termine, e la loro dedizione alla Mission del Gruppo: aiutare le persone a vedere meglio, vivere meglio e godere appieno della vita. La crescita dell\u2019azionariato diffuso tra i dipendenti all\u2019interno di EssilorLuxottica rappresenta un altro passo importante nel processo di integrazione fra Essilor e Luxottica: un impegno valorizzato oggi dal &#8220;Grand Prix FAS 2020&#8221;, attribuito nell\u2019ambito della 16^ edizione del premio per riconoscere il ruolo di primo piano e l\u2019impegno della Societ\u00e0 nel promuovere l&#8217;azionariato diffuso, caposaldo della governance<br \/>\ne della strategia a lungo termine di EssilorLuxottica.<\/p>\n<blockquote><p><em>&#8220;In EssilorLuxottica crediamo che l\u2019azionariato diffuso sia il modo migliore per rafforzare l&#8217;impegno verso la nostra Mission e la nostra strategia, allineando gli interessi dei dipendenti a quelli della Societ\u00e0 e degli altri azionisti, per generare valore a beneficio di tutti. Siamo onorati di vedere riconosciuti il nostro approccio e il nostro impegno a lungo termine in questo campo dalla Federazione Francese dei Dipendenti Azionisti&#8221;, commentano Francesco Milleri e Paul du Saillant, rispettivamente Amministratore Delegato e Vice Amministratore Delegato di EssilorLuxottica.<\/em><\/p><\/blockquote>\n<\/blockquote>\n<hr \/>\n<blockquote>\n<h3><\/h3>\n<h3>ESSILORLUXOTTICA E COOPER COMPANIES NELLA NUOVA JOINT VENTURE PER ACQUISIRE SIGHTGLASS VISION<\/h3>\n<\/blockquote>\n<p><strong><img loading=\"lazy\" decoding=\"async\" class=\"alignleft\" src=\"https:\/\/www.radiopiu.net\/wordpress\/wp-content\/uploads\/2020\/01\/NUOVA-INSEGNA-LUXOTTICA-scaled.jpg\" width=\"234\" height=\"176\" \/>AGORDO<\/strong> EssilorLuxottica e CooperCompanies, due delle principali societ\u00e0 operanti nel campo della cura della vista nel mondo, hanno stipulato un accordo per la creazione di una joint venture paritaria, al 50\/50, per l&#8217;acquisizione di SightGlass Vision, societ\u00e0 statunitense impegnata nello sviluppo di lenti da vista innovative per ridurre la progressione della miopia tra i bambini.<\/p>\n<blockquote><p><em><a href=\"https:\/\/www.radiopiu.net\/wordpress\/giornale-radiopiu-04-febbraio-2021-direttore-mirko-mezzacasa\/francesco-milleri_\/\" rel=\"attachment wp-att-188841\"><img loading=\"lazy\" decoding=\"async\" class=\"wp-image-188841 alignright\" src=\"https:\/\/www.radiopiu.net\/wordpress\/wp-content\/uploads\/2021\/02\/francesco-milleri_.jpg\" alt=\"\" width=\"153\" height=\"153\" srcset=\"https:\/\/www.radiopiu.net\/wordpress\/wp-content\/uploads\/2021\/02\/francesco-milleri_.jpg 260w, https:\/\/www.radiopiu.net\/wordpress\/wp-content\/uploads\/2021\/02\/francesco-milleri_-150x150.jpg 150w\" sizes=\"auto, (max-width: 153px) 100vw, 153px\" \/><\/a>\u201cSiamo felici di collaborare con CooperCompanies, societ\u00e0 con una solida esperienza nel trattare le principali problematiche legate alla vista, inclusa la miopia, e di poter valorizzare assieme la tecnologia SightGlass Vision. La partnership \u00e8 coerente con l\u2019obiettivo di EssilorLuxottica di migliorare l&#8217;accesso alle cure della vista, comprese le soluzioni in grado di controllare la progressione della miopia. La complementarit\u00e0 tra i nostri prodotti, tra cui la nuova lente Stellest di Essilor, e la promettente tecnologia di SightGlass Vision, ci permetter\u00e0 di rafforzare ulteriormente la nostra offerta di prodotti per rispondere alle esigenze di clienti e consumatori in tutto il mondo&#8221;, commentano Francesco Milleri e Paul du Saillant, rispettivamente Amministratore Delegato e Vice Amministratore Delegato di EssilorLuxottica.<\/em><\/p>\n<p>&nbsp;<\/p><\/blockquote>\n<p>&nbsp;<\/p>\n<hr \/>\n<p>&nbsp;<\/p>\n<blockquote>\n<h3>DE CARLO CONTRO LE ETICHETTATURE DELLA UE<\/h3>\n<\/blockquote>\n<p><span style=\"color: #ff0000;\">DALLA RASSEGNA STAMPA DELLE OTTO\u00a0<\/span><\/p>\n<audio class=\"wp-audio-shortcode\" id=\"audio-188828-9\" preload=\"none\" style=\"width: 100%;\" controls=\"controls\"><source type=\"audio\/mpeg\" src=\"https:\/\/www.radiopiu.net\/wordpress\/wp-content\/uploads\/2021\/02\/DE-LUCA.mp3?_=9\" \/><a href=\"https:\/\/www.radiopiu.net\/wordpress\/wp-content\/uploads\/2021\/02\/DE-LUCA.mp3\">https:\/\/www.radiopiu.net\/wordpress\/wp-content\/uploads\/2021\/02\/DE-LUCA.mp3<\/a><\/audio>\n<p>&nbsp;<\/p>\n<p><strong><a href=\"https:\/\/www.radiopiu.net\/wordpress\/giornale-radiopiu-19-maggio-2020-direttore-mirko-mezzacasa\/luca-de-carlo-8\/\" rel=\"attachment wp-att-138787\"><img loading=\"lazy\" decoding=\"async\" class=\"size-full wp-image-138787 alignleft\" src=\"https:\/\/www.radiopiu.net\/wordpress\/wp-content\/uploads\/2020\/05\/Luca-De-Carlo.jpg\" alt=\"\" width=\"165\" height=\"228\" \/><\/a>ROMA <\/strong>\u201c<em>Si conferma una preoccupante tendenza europea a penalizzare i prodotti naturali a favore delle lobby delle multinazionali. L&#8217;agricoltura \u00e8 un nostro valore nazionale da difendere contro i burocrati di questa Europa: \u00e8 questa burocrazia, questa Unione amica delle lobby, a essere dannosa per la salute, di certo non i nostri prodotti che sanno di natura, di qualit\u00e0 e di storia<\/em>\u201d: il senatore Luca De Carlo, responsabile nazione del Dipartimento Agricoltura di Fratelli d&#8217;Italia, critica duramente l&#8217;annunciata etichettatura europea con avvertenze per la salute su prodotti alimentari come il vino, i salumi e le carni rosse. \u201c<em>L&#8217;Italia vede discriminata i suoi prodotti, per i quali i nostri agricoltori e allevatori lavorano duramente ogni giorno da generazioni: evidentemente il loro lavoro non piace ad alcune nazioni europee, visto che veniamo costantemente penalizzati da iniziative come questa, come il semaforo alimentare o, ancora, come il Nutriscore\u201d, denuncia De Carlo. \u201cTutti gli stati europei tutelano le proprie produzioni; in Italia, invece, quella parte politica vicina agli interessi delle multinazionali accetta passivamente questi attacchi e critica invece chi vuole difendere il lavoro e i prodotti italiani. Per loro, evidentemente, difendere la nostra cultura, la nostra storia, i nostri agricoltori \u00e8 un fatto gravissimo e da condannare<\/em>\u201d.<\/p>\n<p>&nbsp;<\/p>\n<p>&nbsp;<\/p>\n<hr \/>\n<p>&nbsp;<\/p>\n<blockquote>\n<h3>APPROVATE LE LINEE GUIDA PER GLI EVENTI GREEN. MARCHIO E AGEVOLAZIONI PER CHI RISPETTA L&#8217;AMBIENTE<\/h3>\n<\/blockquote>\n<p><strong><a href=\"https:\/\/www.radiopiu.net\/wordpress\/giornale-radiopiu-08-luglio-2020-direttore-mirko-mezzacasa\/assessore-yuki-demilia\/\" rel=\"attachment wp-att-148231\"><img loading=\"lazy\" decoding=\"async\" class=\"size-medium wp-image-148231 alignleft\" src=\"https:\/\/www.radiopiu.net\/wordpress\/wp-content\/uploads\/2020\/07\/Assessore-Yuki-dEmilia-300x200.jpg\" alt=\"\" width=\"300\" height=\"200\" srcset=\"https:\/\/www.radiopiu.net\/wordpress\/wp-content\/uploads\/2020\/07\/Assessore-Yuki-dEmilia-300x200.jpg 300w, https:\/\/www.radiopiu.net\/wordpress\/wp-content\/uploads\/2020\/07\/Assessore-Yuki-dEmilia-1024x683.jpg 1024w, https:\/\/www.radiopiu.net\/wordpress\/wp-content\/uploads\/2020\/07\/Assessore-Yuki-dEmilia-768x512.jpg 768w, https:\/\/www.radiopiu.net\/wordpress\/wp-content\/uploads\/2020\/07\/Assessore-Yuki-dEmilia-1536x1024.jpg 1536w, https:\/\/www.radiopiu.net\/wordpress\/wp-content\/uploads\/2020\/07\/Assessore-Yuki-dEmilia-2048x1365.jpg 2048w\" sizes=\"auto, (max-width: 300px) 100vw, 300px\" \/><\/a>BELLUNO <\/strong>Approvate e gi\u00e0 operative le linee guida per la certificazione di eventi \u201cgreen\u201d organizzati nel territorio del Comune di Belluno: la sostenibilit\u00e0 ambientale, sociale ed economica si conferma tra le priorit\u00e0 dell&#8217;amministrazione Massaro. L\u2019elenco dei requisiti richiesti tocca tutte le diverse aree di organizzazione di un evento \u00ab<em>Il Riconoscimento di \u201cGreen Event Belluno\u201d verr\u00e0 assegnato agli eventi che prenderanno parte al programma per la prima volta e adotteranno tutte le misure obbligatorie tra quelle elencate. &#8211; spiega d&#8217;Emilia \u2013 A partire dal secondo anno, tutti gli eventi che avranno rispettato gli impegni presi e inoltre soddisferanno oltre tre quarti dei requisiti richiesti riceveranno la Certificazione \u201cGreen Event Belluno\u201d.<\/em><\/p>\n<p>&nbsp;<\/p>\n<hr \/>\n<p>&nbsp;<\/p>\n<blockquote>\n<h3>MURAZZI E SCUOLA DELL\u2019INFANZIA \u201cA. LAURO\u201d: AL VIA IL CONCORSO DI PROGETTAZIONE<\/h3>\n<\/blockquote>\n<p><a href=\"https:\/\/www.radiopiu.net\/wordpress\/giornale-radiopiu-05-febbraio-2021-direttore-mirko-mezzacasa\/default-3\/\" rel=\"attachment wp-att-188878\"><img loading=\"lazy\" decoding=\"async\" class=\"wp-image-188878 size-medium alignleft\" src=\"https:\/\/www.radiopiu.net\/wordpress\/wp-content\/uploads\/2021\/02\/asilo-300x200.jpg\" alt=\"\" width=\"300\" height=\"200\" srcset=\"https:\/\/www.radiopiu.net\/wordpress\/wp-content\/uploads\/2021\/02\/asilo-300x200.jpg 300w, https:\/\/www.radiopiu.net\/wordpress\/wp-content\/uploads\/2021\/02\/asilo-1024x683.jpg 1024w, https:\/\/www.radiopiu.net\/wordpress\/wp-content\/uploads\/2021\/02\/asilo-768x512.jpg 768w, https:\/\/www.radiopiu.net\/wordpress\/wp-content\/uploads\/2021\/02\/asilo-1536x1024.jpg 1536w, https:\/\/www.radiopiu.net\/wordpress\/wp-content\/uploads\/2021\/02\/asilo-2048x1365.jpg 2048w\" sizes=\"auto, (max-width: 300px) 100vw, 300px\" \/><\/a><strong>LONGARONE<\/strong> Oggi\u00a0 sar\u00e0 pubblicato il bando per il concorso di progettazione, curato dalla Fondazione Architettura Belluno Dolomiti e promosso dal Comune di Longarone, che ha per oggetto la valorizzazione dell\u2019ambito storico dei Murazzi e la riqualificazione della scuola dell\u2019infanzia \u201cAngelina Lauro\u201d. L\u2019obiettivo generale dell\u2019Amministrazione \u00e8 quello di ricontestualizzare il complesso della Scuola Materna \u201cA. Lauro\u201d e dei \u201cMurazzi\u201d all\u2019interno del pi\u00f9 ampio sistema di Longarone, migliorando la fruibilit\u00e0 dell\u2019area da parte della popolazione.<\/p>\n<p>&nbsp;<\/p>\n<p>&nbsp;<\/p>\n<p>&nbsp;<\/p>\n<hr \/>\n<p>&nbsp;<\/p>\n<blockquote>\n<h3><span style=\"color: #0000ff;\">LA SENSIBILITA&#8217; SU VIABILITA&#8217; PROVINCIA BELLUNO by TELEGRAM\u00a0<\/span><\/h3>\n<\/blockquote>\n<p><strong>LIVINALLONGO<\/strong>\u00a0 I canali Telegram funzionano eccome, tanto quello di RADIO PIU&#8217; <a class=\"dt-pswp-item\" href=\"https:\/\/www.radiopiu.net\/wordpress\/wp-content\/uploads\/2021\/02\/e4b9c021-60be-44e3-9d7c-1c61daed4763.jpg\" data-dt-img-description=\"\" data-large_image_width=\"320\" data-large_image_height=\"250\"><img loading=\"lazy\" decoding=\"async\" class=\"wp-image-188868 alignleft\" src=\"https:\/\/www.radiopiu.net\/wordpress\/wp-content\/uploads\/2021\/02\/e4b9c021-60be-44e3-9d7c-1c61daed4763.jpg\" alt=\"\" width=\"170\" height=\"133\" srcset=\"https:\/\/www.radiopiu.net\/wordpress\/wp-content\/uploads\/2021\/02\/e4b9c021-60be-44e3-9d7c-1c61daed4763.jpg 320w, https:\/\/www.radiopiu.net\/wordpress\/wp-content\/uploads\/2021\/02\/e4b9c021-60be-44e3-9d7c-1c61daed4763-300x234.jpg 300w\" sizes=\"auto, (max-width: 170px) 100vw, 170px\" \/><\/a>INFORMAZIONE che VIABILITA&#8217; PROVINCIA DI BELLUNO due &#8220;nuove&#8221; realt\u00e0 informative per chi ascolta, per chi si muove. Non manca la sensibilit\u00e0, come Federica Zandegiacomo che stamane presto, verso Livinallongo a Livin\u00e8 si \u00e8 fermata, ha allertato gli automobilisti e chiamato i Carabinieri per portare soccorso a quel povero animale paralizzato in strada. Non conosciamo la fine della storia, ma al povero animale tutta la nostra solidariet\u00e0.<\/p>\n<p>&nbsp;<\/p>\n<hr \/>\n<p>&nbsp;<\/p>\n<blockquote>\n<h3>LUNEDI DALLE 16.30 SCIOPERO NAZIONALE DEI TRASPORTI<\/h3>\n<\/blockquote>\n<p><strong><img loading=\"lazy\" decoding=\"async\" class=\"alignleft\" src=\"https:\/\/www.radiopiu.net\/wordpress\/wp-content\/uploads\/2020\/06\/bac1e271-d4cb-4f10-b12b-dad19da85e7a.jpg\" width=\"140\" height=\"105\" \/>BELLUNO<\/strong> Anche in provincia lunedi sera non sar\u00e0 facile muoversi per lo sciopero nazionale che interessa anche i lavoratori della Dolomitibus. Le segreterie sindacali hanno dato comunicazione di adesione alla protesta nell&#8217;ambito della rete servita dalle linee della Dolomitibus. Non verranno pertanto garantire le corse in partenza dalle 16.30 alle 20.29, le corse in partenza prima dell&#8217;inizio dello sciopero verranno effettuate regolarmente. Il servizio normale riprender\u00e0 alle 20.30. Motivo della protesta il contratto nazionale scaduto dal 31 dicembre del 2017. Gli autoferrotranvieri-internavigatori chiedono il sostegno e la solidariet\u00e0 di tutti i cittadini, al fine di evitare ulteriori tensioni che potrebbero determinare effetti negativi sul servizio e sull&#8217;utenza nella fase delicata di ripartenza delle attivit\u00e0 scolastiche ed economiche del Paese.<\/p>\n<p>&nbsp;<\/p>\n<hr \/>\n<p>&nbsp;<\/p>\n<blockquote>\n<h3>OLTRE 50 AZIENDE AL CORSO DI CERTOTTICA PER FORMARE LA NUOVA FIGURA DI PERSONA RESPONSABILE DELLA NORMATIVA<\/h3>\n<\/blockquote>\n<p><strong><a href=\"https:\/\/www.radiopiu.net\/wordpress\/giornale-radiopiu-31-01-2018-direttore-mirko-mezzacasa\/da-certottica-2-corsi-specialistici-richiesti-dalle-aziende_platform_optic\/\" rel=\"attachment wp-att-42612\"><img loading=\"lazy\" decoding=\"async\" class=\"size-medium wp-image-42612 alignleft\" src=\"https:\/\/www.radiopiu.net\/wordpress\/wp-content\/uploads\/2018\/01\/da-certottica-2-corsi-specialistici-richiesti-dalle-aziende_Platform_Optic-300x174.jpg\" alt=\"\" width=\"300\" height=\"174\" srcset=\"https:\/\/www.radiopiu.net\/wordpress\/wp-content\/uploads\/2018\/01\/da-certottica-2-corsi-specialistici-richiesti-dalle-aziende_Platform_Optic-300x174.jpg 300w, https:\/\/www.radiopiu.net\/wordpress\/wp-content\/uploads\/2018\/01\/da-certottica-2-corsi-specialistici-richiesti-dalle-aziende_Platform_Optic-768x444.jpg 768w, https:\/\/www.radiopiu.net\/wordpress\/wp-content\/uploads\/2018\/01\/da-certottica-2-corsi-specialistici-richiesti-dalle-aziende_Platform_Optic.jpg 785w\" sizes=\"auto, (max-width: 300px) 100vw, 300px\" \/><\/a>LONGARONE\u00a0 <\/strong>Sono oltre 50 le aziende iscritte al Corso specifico promosso da Certottica, con il patrocinio di Anfao, per formare la nuova figura della Persona Responsabile della normativa introdotta dal nuovo Regolamento per i Dispositivi Medici: poich\u00e9 occhiali da vista e lenti rientrano in questa categoria l\u2019istituto di Longarone si \u00e8 mosso da subito per dare\u00a0 una risposta concreta al settore. Nella prossima lezione del 9 febbraio, invece, verr\u00e0 toccato il macro tema della \u201cGestione della Qualit\u00e0 Aziendale nel campo dei Dispositivi Medici\u201d<\/p>\n<p>&nbsp;<\/p>\n<p>&nbsp;<\/p>\n<hr \/>\n<blockquote>\n<h3><\/h3>\n<h3>OPPORTUNITA\u2019 PER I GIOVANI, PROTAGONISTI DEL RILANCIO DEL TERRITORIO<\/h3>\n<\/blockquote>\n<p><strong><img loading=\"lazy\" decoding=\"async\" class=\"alignleft\" src=\"https:\/\/www.radiopiu.net\/wordpress\/wp-content\/uploads\/2020\/10\/AGORDO-FRAMONT.jpg\" width=\"196\" height=\"147\" \/>AGORDO<\/strong>. E\u2019 stata presentata in questi giorni dal Comune di Agordo la partecipazione all\u2019avviso pubblico \u201cFermenti in Comune\u201d rivolto al protagonismo giovanile per il rilancio dei territori promosso dall\u2019ANCI (Associazione Nazionale Comuni Italiani) in risposta all\u2019emergenza sanitaria, generata dalla pandemia Covid-19 e alla conseguente crisi sociale ed economica. La proposta ideata, rivolta all\u2019intera fascia di et\u00e0 compresa tra 16 e 35 anni<\/p>\n<p>&nbsp;<\/p>\n<p><strong>DI GIANNI SANTOMASO\u00a0\u00a0<\/strong><\/p>\n<audio class=\"wp-audio-shortcode\" id=\"audio-188828-10\" preload=\"none\" style=\"width: 100%;\" controls=\"controls\"><source type=\"audio\/mpeg\" src=\"https:\/\/www.radiopiu.net\/wordpress\/wp-content\/uploads\/2021\/02\/GIANNI-CHIARA.mp3?_=10\" \/><a href=\"https:\/\/www.radiopiu.net\/wordpress\/wp-content\/uploads\/2021\/02\/GIANNI-CHIARA.mp3\">https:\/\/www.radiopiu.net\/wordpress\/wp-content\/uploads\/2021\/02\/GIANNI-CHIARA.mp3<\/a><\/audio>\n<p><strong><a href=\"https:\/\/www.radiopiu.net\/wordpress\/anche-grazie-al-contributo-del-comune-di-taibon-lufficio-turistico-di-agordo-amplia-lorario-di-apertura\/pp-32\/\" rel=\"attachment wp-att-147834\"><img loading=\"lazy\" decoding=\"async\" class=\" wp-image-147834 alignleft\" src=\"https:\/\/www.radiopiu.net\/wordpress\/wp-content\/uploads\/2020\/07\/pp-300x300.jpg\" sizes=\"auto, (max-width: 134px) 100vw, 134px\" srcset=\"https:\/\/www.radiopiu.net\/wordpress\/wp-content\/uploads\/2020\/07\/pp-300x300.jpg 300w, https:\/\/www.radiopiu.net\/wordpress\/wp-content\/uploads\/2020\/07\/pp-150x150.jpg 150w, https:\/\/www.radiopiu.net\/wordpress\/wp-content\/uploads\/2020\/07\/pp.jpg 640w\" alt=\"\" width=\"134\" height=\"134\" \/><\/a> L\u2019ASSESSORE DEL COMUNE DI AGORDO CHIARA FONTANIVE<\/strong><\/p>\n<audio class=\"wp-audio-shortcode\" id=\"audio-188828-11\" preload=\"none\" style=\"width: 100%;\" controls=\"controls\"><source type=\"audio\/mpeg\" src=\"https:\/\/www.radiopiu.net\/wordpress\/wp-content\/uploads\/2021\/02\/CHIARA.mp3?_=11\" \/><a href=\"https:\/\/www.radiopiu.net\/wordpress\/wp-content\/uploads\/2021\/02\/CHIARA.mp3\">https:\/\/www.radiopiu.net\/wordpress\/wp-content\/uploads\/2021\/02\/CHIARA.mp3<\/a><\/audio>\n<p>&nbsp;<\/p>\n<p>&nbsp;<\/p>\n<hr \/>\n<p>&nbsp;<\/p>\n<blockquote>\n<h3>IL COMUNE DI PEDAVENA APRE UN BANDO PER UN OPERAIO SPECIALIZZATO<\/h3>\n<\/blockquote>\n<p><strong>PEDAVENA <\/strong>E\u0300 indetto un concorso pubblico per soli esami per l&#8217;assunzione a tempo indeterminato e pieno di un operaio specializzato &#8211; elettricista Cat. B3 presso l\u2019Area Tecnica del Comune di Pedavena (BL). Le domande di partecipazione dovranno pervenire all&#8217;ufficio protocollo dell&#8217;Unione Montana Feltrina secondo le modalita\u0300 e i termini indicati nel bando. Le modalita\u0300&#8217; di partecipazione, i requisiti ed il fac-simile della domanda di partecipazione sono disponibili presso l\u2019ufficio del personale dell&#8217;Unione Montana Feltrina in via C. Rizzarda, 21 a Feltre (BL) (tel 0439.310259) e sul sito istituzionale dell&#8217;ente all&#8217;indirizzo: http:\/\/www.feltrino.bl.it\/web\/cmfeltrina nella sezione \u201cBandi di Concorso\u201d. Termine di scadenza per la presentazione delle domande alle 12 del 18\/03\/2021.<\/p>\n<p>&nbsp;<\/p>\n<p>&nbsp;<\/p>\n<hr \/>\n<p>&nbsp;<\/p>\n<blockquote>\n<h3>L&#8217;UNIONE MONTANA FELTRINA CERCA UN RESPONSABILE URBANISTICA\/EDILIZIA PRIVATA<\/h3>\n<\/blockquote>\n<p><strong>FELTRE<\/strong> E\u0300 indetta una selezione pubblica per l&#8217;individuazione di una unita\u0300 di personale cui conferire l&#8217;incarico di Istruttore Direttivo \u2013 categoria giuridica D pos. econ. D1 a tempo determinato, con attribuzione della responsabilita\u0300 del Servizio Associato Urbanistica\/Edilizia Privata, previsto in dotazione organica. Le domande di partecipazione dovranno pervenire all&#8217;ufficio protocollo dell&#8217;Unione Montana Feltrina secondo le modalita\u0300 e i termini indicati nel bando. Le modalita\u0300&#8217; di partecipazione, i requisiti ed il fac-simile della domanda di partecipazione sono disponibili presso l\u2019ufficio del personale dell&#8217;Unione Montana Feltrina in via C. Rizzarda, 21 a Feltre (BL) (tel 0439.310259) e sul sito istituzionale dell&#8217;ente all&#8217;indirizzo: http:\/\/www.feltrino.bl.it\/web\/cmfeltrina nella sezione \u201cBandi di Concorso\u201d. Termine di scadenza per la presentazione delle domande alle 12 del 5\/03\/2021.<\/p>\n<p>&nbsp;<\/p>\n<hr \/>\n<blockquote>\n<h3>NUOVI ORARI CALL CENTER COVID DAL 1\u00b0 FEBBRAIO 2021<\/h3>\n<\/blockquote>\n<p><strong><a href=\"https:\/\/www.radiopiu.net\/wordpress\/giornale-radiopiu-26-gennaio-2021-direttore-mirko-mezzacasa\/numero-covid_febbraio-2021\/\" rel=\"attachment wp-att-186852\"><img loading=\"lazy\" decoding=\"async\" class=\"wp-image-186852 alignleft\" src=\"https:\/\/www.radiopiu.net\/wordpress\/wp-content\/uploads\/2021\/01\/numero-covid_febbraio-2021-300x212.jpg\" alt=\"\" width=\"202\" height=\"143\" srcset=\"https:\/\/www.radiopiu.net\/wordpress\/wp-content\/uploads\/2021\/01\/numero-covid_febbraio-2021-300x212.jpg 300w, https:\/\/www.radiopiu.net\/wordpress\/wp-content\/uploads\/2021\/01\/numero-covid_febbraio-2021-1024x724.jpg 1024w, https:\/\/www.radiopiu.net\/wordpress\/wp-content\/uploads\/2021\/01\/numero-covid_febbraio-2021-768x543.jpg 768w, https:\/\/www.radiopiu.net\/wordpress\/wp-content\/uploads\/2021\/01\/numero-covid_febbraio-2021-1536x1086.jpg 1536w, https:\/\/www.radiopiu.net\/wordpress\/wp-content\/uploads\/2021\/01\/numero-covid_febbraio-2021.jpg 2000w\" sizes=\"auto, (max-width: 202px) 100vw, 202px\" \/><\/a> <\/strong><\/p>\n<p><strong>\u00a0<\/strong><\/p>\n<p><strong>BELLUNO <\/strong>L&#8217;importante rallentamento epidemico registrato nelle ultime settimane e la conseguente forte riduzione delle telefonate con richiesta di informazioni da parte dei cittadini, consentono di rimodulare giorni ed orari di attivit\u00e0 del CALL CENTER COVID Dal 1\u00b0 febbraio 2021 lo 0437\/514343 sar\u00e0 attivo dalle 8 alle 18 da luned\u00ec a sabato.<\/p>\n<p>&nbsp;<\/p>\n<p>&nbsp;<\/p>\n<p>&nbsp;<\/p>\n<hr \/>\n<p>&nbsp;<\/p>\n<blockquote>\n<h3>LE POESIE DI ALICE NELLE LIBRERIE BELLUNESI<\/h3>\n<\/blockquote>\n<p><strong>ALLEGHE<\/strong> Prima che arrivi la bella stagione, \u00e8 il titolo della nuova raccolta di poesie dell&#8217;alleghese Alice De Toni. Impossibile la presentazione in presenza, ma il libro gi\u00e0 si pu\u00f2 trovarlo a Belluno nelle librerie Campedel, Le Due Zitelle, Mondadori Bookstore e Tarantola; Feltre Agor\u00e0 e Pilotto; Rasai di Seren del Grappa libreria Quattro Sass, Alleghe in edicola. E&#8217; possibile acquistare il libro su sito della casa editrice www.edizionidbs.it<\/p>\n<p>&nbsp;<\/p>\n<hr \/>\n<p>&nbsp;<\/p>\n<blockquote>\n<h3>SI INTITOLA &#8220;LYRICA&#8221; IL NUOVO LIBRO DI POESIE DI ALESSANDRA SERVI<\/h3>\n<\/blockquote>\n<p><strong><a href=\"https:\/\/www.radiopiu.net\/wordpress\/giornale-radiopiu-31-gennaio-2021-direttore-mirko-mezzacasa\/lyrica\/\" rel=\"attachment wp-att-187997\"><img loading=\"lazy\" decoding=\"async\" class=\"wp-image-187997 alignleft\" src=\"https:\/\/www.radiopiu.net\/wordpress\/wp-content\/uploads\/2021\/01\/LYRICA-232x300.jpg\" alt=\"\" width=\"151\" height=\"196\" srcset=\"https:\/\/www.radiopiu.net\/wordpress\/wp-content\/uploads\/2021\/01\/LYRICA-232x300.jpg 232w, https:\/\/www.radiopiu.net\/wordpress\/wp-content\/uploads\/2021\/01\/LYRICA-792x1024.jpg 792w, https:\/\/www.radiopiu.net\/wordpress\/wp-content\/uploads\/2021\/01\/LYRICA-768x993.jpg 768w, https:\/\/www.radiopiu.net\/wordpress\/wp-content\/uploads\/2021\/01\/LYRICA.jpg 990w\" sizes=\"auto, (max-width: 151px) 100vw, 151px\" \/><\/a>BELLUNO <\/strong>&#8220;Alessandra Servi: la magia in ogni cosa&#8221;: \u00e8 cos\u00ec che il poeta Vito Santin ha voluto presentare, nella sua nota di prefazione, LYRICA, l&#8217;ultimo libro di Alessandra Servi, uscito appena prima di Natale. Dopo 5 anni dall&#8217;ultima pubblicazione, l&#8217;autrice ritorna con una raccolta intensa, nuda, un percorso stilistico ed emozionale, a scandire e scandagliare forza e fragilit\u00e0 dell&#8217;io pi\u00f9 intimo e profondo. Mantenendo la peculiarit\u00e0 propria della sua scrittura poetica, la Servi svela una trasformazione importante, facendosi voce pura di donna adulta. LYRICA \u00e8 &#8220;un poema d&#8217;amore&#8221; come l&#8217;ha definito il poeta Francesco Piemonte. Il volumetto, elegante ed essenziale nell&#8217;aspetto grafico curato da Federica Fant, \u00e8 in vendita presso le librerie di Belluno centro: Le due Zitelle, Libreria degli Eddini e Tarantola. Potete scrivere anche a <a href=\"mailto:alessandraservi@gmail.com\">alessandraservi@gmail.com<\/a>\u00a0per la spedizione fuori Belluno.<\/p>\n<p>&nbsp;<\/p>\n<p>&nbsp;<\/p>\n<hr \/>\n<p>&nbsp;<\/p>\n<blockquote>\n<h1>Training di Biodinamica Craniosacrale<\/h1>\n<\/blockquote>\n<p><em>Un profondo lavoro sul corpo e attraverso il corpo che si trasforma in un<\/em><em>viaggio alla scoperta di se stessi e delle proprie potenzialit\u00e0.\u00a0<\/em><\/p>\n<p><strong><a href=\"https:\/\/www.radiopiu.net\/wordpress\/covid-zaia-su-dati-europei-ecdc-non-realistici-perche-quelli-italiani-non-sono-uniformi-e-persino-ovvio-che-chi-fa-piu-tamponi-trova-piu-casi-ma-non-se\/pp-47\/\" rel=\"attachment wp-att-186942\"><img loading=\"lazy\" decoding=\"async\" class=\"wp-image-186942 alignleft\" src=\"https:\/\/www.radiopiu.net\/wordpress\/wp-content\/uploads\/2021\/01\/pp-2-300x300.jpg\" alt=\"\" width=\"174\" height=\"174\" srcset=\"https:\/\/www.radiopiu.net\/wordpress\/wp-content\/uploads\/2021\/01\/pp-2-300x300.jpg 300w, https:\/\/www.radiopiu.net\/wordpress\/wp-content\/uploads\/2021\/01\/pp-2-150x150.jpg 150w, https:\/\/www.radiopiu.net\/wordpress\/wp-content\/uploads\/2021\/01\/pp-2.jpg 640w\" sizes=\"auto, (max-width: 174px) 100vw, 174px\" \/><\/a>BELLUNO<\/strong> L&#8217;associazione culturale MU APS arriva a Belluno per presentare una tecnica manuale delicata e profonda che sostiene e stimola la capacit\u00e0 di autoguarigione nel corpo. Fa parte delle Discipline del Benessere e Bionaturali, e pu\u00f2 essere intrapreso sia come percorso professionale, sia come percorso di crescita personale. <strong>Per info, sessioni di prova e prenotazioni:Brunella Moro <span style=\"color: #0000ff;\">info@esteticaglamour.it<\/span> 347\/7742512 ISCRIZIONI ENTRO IL 15 MARZO SCONTO 10%\u00a0<\/strong><\/p>\n<p><span style=\"color: #ff0000;\">AUDIO BRUNELLA MORO<\/span><\/p>\n<audio class=\"wp-audio-shortcode\" id=\"audio-188828-12\" preload=\"none\" style=\"width: 100%;\" controls=\"controls\"><source type=\"audio\/mpeg\" src=\"https:\/\/www.radiopiu.net\/wordpress\/wp-content\/uploads\/2021\/01\/brunella.mp3?_=12\" \/><a href=\"https:\/\/www.radiopiu.net\/wordpress\/wp-content\/uploads\/2021\/01\/brunella.mp3\">https:\/\/www.radiopiu.net\/wordpress\/wp-content\/uploads\/2021\/01\/brunella.mp3<\/a><\/audio>\n<p>&nbsp;<\/p>\n<hr \/>\n<p>&nbsp;<\/p>\n<blockquote>\n<h3>LA SCUOLA SCI EQUIPE DI FALCADE SI PREPARA PER LA RIAPERTURA DEGLI IMPIANTI ORGANIZZANDO CORSI PER I GIOVANI<\/h3>\n<\/blockquote>\n<p><strong>FALCADE<\/strong> La Scuola Sci Equipe di Falcade sta aspettando con ansia la riapertura degli impianti sciistici e mette le mani avanti organizzando delle settimane bianche per le famiglie nel mese di marzo. Per ragioni di sicurezza legate alla diffusione della pandemia Covid-19 la data di apertura della skiarea \u00e8 posticipata, almeno fino al 15 febbraio. Nel frattempo\u00a0 i programmi delle settimane bianche dedicate alle famiglie e ai bambini. REBELS KIDS WEEK \u00a0dal 1 al 6 marzo e WEEK 4 KIDS dal 14 al 20 marzo. Sono previste interessanti scontistiche per l\u2019 acquisto dello skipass e per l\u2019alloggio presso le strutture aderenti.<\/p>\n<p>&nbsp;<\/p>\n<p>&nbsp;<\/p>\n<hr \/>\n<p>&nbsp;<\/p>\n<blockquote>\n<h3>LA GIORNATA DEL RICORDO IN UN EVENTO MUSICALE<\/h3>\n<\/blockquote>\n<p><a href=\"https:\/\/www.radiopiu.net\/wordpress\/giornale-radiopiu-04-febbraio-2021-direttore-mirko-mezzacasa\/giornata-del-ricordo-2021\/\" rel=\"attachment wp-att-188783\"><img loading=\"lazy\" decoding=\"async\" class=\" wp-image-188783 alignleft\" src=\"https:\/\/www.radiopiu.net\/wordpress\/wp-content\/uploads\/2021\/02\/Giornata-del-ricordo-2021-212x300.jpg\" alt=\"\" width=\"77\" height=\"109\" srcset=\"https:\/\/www.radiopiu.net\/wordpress\/wp-content\/uploads\/2021\/02\/Giornata-del-ricordo-2021-212x300.jpg 212w, https:\/\/www.radiopiu.net\/wordpress\/wp-content\/uploads\/2021\/02\/Giornata-del-ricordo-2021-724x1024.jpg 724w, https:\/\/www.radiopiu.net\/wordpress\/wp-content\/uploads\/2021\/02\/Giornata-del-ricordo-2021-768x1086.jpg 768w, https:\/\/www.radiopiu.net\/wordpress\/wp-content\/uploads\/2021\/02\/Giornata-del-ricordo-2021-1086x1536.jpg 1086w, https:\/\/www.radiopiu.net\/wordpress\/wp-content\/uploads\/2021\/02\/Giornata-del-ricordo-2021.jpg 1240w\" sizes=\"auto, (max-width: 77px) 100vw, 77px\" \/><\/a><strong>LIMANA<\/strong> Il Comune di Limana, Assessorato alla Cultura, presenta &#8220;Mili muoi, l&#8217;esodo dei miei&#8221;, spettacolo teatrale in forma di monologo con pianoforte, organo Ekatron e toy piano, di e con Carlo Colombo, musicista autore e pianista trevigiano. Un racconto molto personale quello che Carlo Colombo, figlio di profughi giuliano-dalmati, ha deciso di portare in scena, ricostruendo, attraverso l&#8217;esperienza diretta dei suoi parenti, le storie che racconter\u00e0 al pubblico. Storie di fughe via mare e via terra, narrate anche cantando canzoni d&#8217;epoca e canzoni originali scritte appositamente per questo spettacolo.\u00a0\u00a0L&#8217;evento sar\u00e0 trasmesso in diretta streaming sulla piattaforma YouTube alle ore 21.00 di mercoled\u00ec 10 febbraio.Gli utenti interessati a partecipare all&#8217;evento dalle proprie postazioni dovranno farne richiesta alla Biblioteca di Limana, via telefono o direttamente a questo indirizzo di posta elettronica, e solo allora riceveranno il link per assistere allo spettacolo.<\/p>\n<p>&nbsp;<\/p>\n<hr \/>\n<p>&nbsp;<\/p>\n<p><a href=\"https:\/\/www.radiopiu.net\/wordpress\/giornale-radiopiu-05-febbraio-2021-direttore-mirko-mezzacasa\/a8ae51df-0848-4548-b5d0-9808e5f3e54c\/\" rel=\"attachment wp-att-189026\"><img loading=\"lazy\" decoding=\"async\" class=\"aligncenter wp-image-189026 size-large\" src=\"https:\/\/www.radiopiu.net\/wordpress\/wp-content\/uploads\/2021\/02\/a8ae51df-0848-4548-b5d0-9808e5f3e54c-1024x1024.jpg\" alt=\"\" width=\"1024\" height=\"1024\" srcset=\"https:\/\/www.radiopiu.net\/wordpress\/wp-content\/uploads\/2021\/02\/a8ae51df-0848-4548-b5d0-9808e5f3e54c-1024x1024.jpg 1024w, https:\/\/www.radiopiu.net\/wordpress\/wp-content\/uploads\/2021\/02\/a8ae51df-0848-4548-b5d0-9808e5f3e54c-300x300.jpg 300w, https:\/\/www.radiopiu.net\/wordpress\/wp-content\/uploads\/2021\/02\/a8ae51df-0848-4548-b5d0-9808e5f3e54c-150x150.jpg 150w, https:\/\/www.radiopiu.net\/wordpress\/wp-content\/uploads\/2021\/02\/a8ae51df-0848-4548-b5d0-9808e5f3e54c-768x768.jpg 768w, https:\/\/www.radiopiu.net\/wordpress\/wp-content\/uploads\/2021\/02\/a8ae51df-0848-4548-b5d0-9808e5f3e54c-1536x1536.jpg 1536w, https:\/\/www.radiopiu.net\/wordpress\/wp-content\/uploads\/2021\/02\/a8ae51df-0848-4548-b5d0-9808e5f3e54c.jpg 1599w\" sizes=\"auto, (max-width: 1024px) 100vw, 1024px\" \/><\/a><\/p>\n<p>&nbsp;<\/p>\n<hr \/>\n<p>&nbsp;<\/p>\n<blockquote>\n<h3><a href=\"https:\/\/www.radiopiu.net\/wordpress\/giornale-radiopiu-06-febbraio-2019-direttore-mirko-mezzacasa\/logo_spi-cgil-800x445\/\" rel=\"attachment wp-att-75538\"><img loading=\"lazy\" decoding=\"async\" class=\"wp-image-75538 alignleft\" src=\"https:\/\/www.radiopiu.net\/wordpress\/wp-content\/uploads\/2019\/02\/Logo_Spi-CGIL-800x445-300x167.jpg\" alt=\"\" width=\"210\" height=\"117\" srcset=\"https:\/\/www.radiopiu.net\/wordpress\/wp-content\/uploads\/2019\/02\/Logo_Spi-CGIL-800x445-300x167.jpg 300w, https:\/\/www.radiopiu.net\/wordpress\/wp-content\/uploads\/2019\/02\/Logo_Spi-CGIL-800x445-768x427.jpg 768w, https:\/\/www.radiopiu.net\/wordpress\/wp-content\/uploads\/2019\/02\/Logo_Spi-CGIL-800x445.jpg 800w\" sizes=\"auto, (max-width: 210px) 100vw, 210px\" \/><\/a>ALLA RADIO, APPUNTAMENTO QUINDICINALE CON SPI-CGIL BELLUNO, IN STUDIO MARIA RITA GENTILIN<\/h3>\n<\/blockquote>\n<p><strong>di Claudio Fontanive<\/strong><\/p>\n<audio class=\"wp-audio-shortcode\" id=\"audio-188828-13\" preload=\"none\" style=\"width: 100%;\" controls=\"controls\"><source type=\"audio\/mpeg\" src=\"https:\/\/www.radiopiu.net\/wordpress\/wp-content\/uploads\/2021\/02\/spi-cgil-4-febbraio.mp3?_=13\" \/><a href=\"https:\/\/www.radiopiu.net\/wordpress\/wp-content\/uploads\/2021\/02\/spi-cgil-4-febbraio.mp3\">https:\/\/www.radiopiu.net\/wordpress\/wp-content\/uploads\/2021\/02\/spi-cgil-4-febbraio.mp3<\/a><\/audio>\n<p>&nbsp;<\/p>\n<hr \/>\n<p>&nbsp;<\/p>\n<blockquote>\n<h3><span style=\"color: #ff0000;\"><span style=\"color: #000000;\"><a class=\"dt-pswp-item\" href=\"https:\/\/www.radiopiu.net\/wordpress\/wp-content\/uploads\/2020\/01\/82544861_10221931207576152_2304701269467463680_o.jpg\" data-dt-img-description=\"\" data-large_image_width=\"960\" data-large_image_height=\"720\"><img loading=\"lazy\" decoding=\"async\" class=\"wp-image-113117 alignleft\" src=\"https:\/\/www.radiopiu.net\/wordpress\/wp-content\/uploads\/2020\/01\/82544861_10221931207576152_2304701269467463680_o-300x225.jpg\" alt=\"\" width=\"162\" height=\"121\" srcset=\"https:\/\/www.radiopiu.net\/wordpress\/wp-content\/uploads\/2020\/01\/82544861_10221931207576152_2304701269467463680_o-300x225.jpg 300w, https:\/\/www.radiopiu.net\/wordpress\/wp-content\/uploads\/2020\/01\/82544861_10221931207576152_2304701269467463680_o-768x576.jpg 768w, https:\/\/www.radiopiu.net\/wordpress\/wp-content\/uploads\/2020\/01\/82544861_10221931207576152_2304701269467463680_o.jpg 960w\" sizes=\"auto, (max-width: 162px) 100vw, 162px\" \/><\/a><\/span><\/span><\/h3>\n<h3>SEI A CASA, CON LUCIA SOCCOL. SPECIALE A PUNTATE<\/h3>\n<\/blockquote>\n<h2><span style=\"color: #ff0000;\">STAGIONE 2021 la nuova edizione TERZA STAGIONE<\/span><\/h2>\n<h3>Seconda puntata con Lucia Soccol, case e mercato immobiliare, notizie e curiosit\u00e0. 28 gennaio 2021<\/h3>\n<audio class=\"wp-audio-shortcode\" id=\"audio-188828-14\" preload=\"none\" style=\"width: 100%;\" controls=\"controls\"><source type=\"audio\/mpeg\" src=\"https:\/\/www.radiopiu.net\/wordpress\/wp-content\/uploads\/2021\/02\/sei-a-casa-4-febbraio.mp3?_=14\" \/><a href=\"https:\/\/www.radiopiu.net\/wordpress\/wp-content\/uploads\/2021\/02\/sei-a-casa-4-febbraio.mp3\">https:\/\/www.radiopiu.net\/wordpress\/wp-content\/uploads\/2021\/02\/sei-a-casa-4-febbraio.mp3<\/a><\/audio>\n<h3>RACCOLTA COMPLETA<\/h3>\n<blockquote class=\"wp-embedded-content\" data-secret=\"aBTIvBEoHq\"><p><a href=\"https:\/\/www.radiopiu.net\/wordpress\/ieri-alla-radio-sei-a-casa1\/\">SEI A CASA, CON LUCIA SOCCOL. SPECIALE A PUNTATE.<\/a><\/p><\/blockquote>\n<p><iframe loading=\"lazy\" class=\"wp-embedded-content\" sandbox=\"allow-scripts\" security=\"restricted\" style=\"position: absolute; clip: rect(1px, 1px, 1px, 1px);\" title=\"&#8220;SEI A CASA, CON LUCIA SOCCOL. SPECIALE A PUNTATE.&#8221; &#8212; Radio Pi\u00f9\" src=\"https:\/\/www.radiopiu.net\/wordpress\/ieri-alla-radio-sei-a-casa1\/embed\/#?secret=aBTIvBEoHq\" data-secret=\"aBTIvBEoHq\" width=\"600\" height=\"338\" frameborder=\"0\" marginwidth=\"0\" marginheight=\"0\" scrolling=\"no\"><\/iframe><\/p>\n<p>&nbsp;<\/p>\n<p>&nbsp;<\/p>\n<hr \/>\n<h2><\/h2>\n<blockquote>\n<h3>\u201cCOS\u00cc LONTANO, COS\u00cc VICINO\u2026\u201d IL LIBRO DI CARTOLINE DI LONGARONE E DINTORNI<\/h3>\n<\/blockquote>\n<p><strong><span style=\"color: #ff0000;\">di RENATO BONA<\/span><\/strong><\/p>\n<p><strong>BELLUNO<\/strong> \u201cE\u2019 lontana da me ogni velleit\u00e0 letteraria: questo vuole essere solamente un semplice omaggio al mio paese natio\u201d. Cos\u00ec, in premessa, Elda Deon Cardin, longaronese trapiantata a Belluno (tra l\u2019altro una cara amica essendo stata mia compagna di scuola ai tempi del \u201cCatullo\u201d della professoressa Praloran, del professor De Martin, due presidi vecchia maniera\u2026) spiega il libro col quale \u201ccerco di presentare il mio paese attraverso una carrellata di immagini in cartolina d\u2019epoca (dal 1890 al 1940) e attraverso i miei ricordi\u201d. E aggiunge: \u201cLe cartoline sono state raccolta in 35 anni, cio\u00e8 a partire dal 1963, quando \u00e8 successa la tragedia (del Vajont con le sue quasi duemila vittime \u2013 ndr.). Le ho trovate dai rivenditori, nei mercatini o in giro per il mondo. Alcune mi sono state prestate da collezionisti, eccezionalmente, in quanto ci\u00f2 di rado \u00e8 concesso\u201d. E ricorda che \u201cGi\u00e0 da bambina avevo la passione di raccogliere cartoline; a chi partiva in vacanza o per lavoro, chiedevo di mandarmene una, Ma poi tutto \u00e8 sparito in quella notte\u201d. Esprime quindi la convinzione che \u201cSfogliando queste pagine, chi \u00e8 vissuto a Longarone o chi l\u2019ha frequentata, in quanto centro catalizzatore delle valli circostanti, potr\u00e0 rinnovare i suoi ricordi entrando nelle immagini ora in bianco-nero, ora color blu, ora verde, ora seppia e talvolta a sfumature acquerellate\u2026 immagini che hanno fermato il tempo, riproponendo momenti di vita trascorsa. Per i \u2018vecchi\u2019 longaronesi sar\u00e0 l\u2019occasione di rivedere com\u2019erano i luoghi nativi, gli angoli dell\u2019infanzia, le strade percorse e, con un po\u2019 di fantasia, di risentire odori e profumi, di riascoltare rumori e suoni che queste cartoline nascondono sotto la \u2018polvere\u2019 del passato\u201d. Infine: \u201cAi giovani, e in particolare a coloro che abitano a Longarone e che si accostano per la prima volta a queste immagini, consiglierei una lettura con lente d\u2019ingrandimento, per cogliere e centellinare particolari che, talvolta, ad un primo sguardo distratto, gli occhi non sanno vedere\u201d. Il volume (dedicato \u201ca Wer mio padre\u201d; la mia copia ha una dedica in\u2026 stenografia!, dunque per pochi intimi) finito di stampare nel dicembre 1998 da Grafica Niero di Belluno, comprende la presentazione a cura dell\u2019allora sindaco di Longarone Gioachino Bratti, parole di Giuseppe De Vecchi e di Marino Perera, la poesia di Eliana Olivotto, anche in dialetto dal titolo \u201cCome leggere le cartoline raccolte da Elda\u201d: \u201c Sfoglia con dita leggere,\/ amico mio,\/ queste pagine di tempo impalpabile\/ e lontano.\/ Tocca con sguardo incantato\/, le immagini care\/ d\u2019una realt\u00e0 rifugiata\/ nel sogno,\/ quasi un amore perduto\/ e mai dimenticato,\/ il cui ricordo ancor\/ ti stringe il cuore.\/ Percorri a ritroso\/ anche tu\/ emozioni e pensieri\/, del tempo che fu,\/ perdendoti un po\u2019\/ tra una fiaba e una storia,\/ mentre tutto\/ diventa memoria\u201d\/; quindi i capitoli: \u201cSaluti e ricordi\u201d, La Ferrovia\u201d, \u201cLe vie e le piazze\u201d, \u201cGli Alberghi\u201d, \u201cLe Ville e i Palazzi\u201d, \u201cIl Lavoro\u201d, \u201cPanorami\u201d, \u201cLe Frazioni\u201d, \u201cI Dintorni\u201d, \u201cLa Valle del Piave\u201d, \u201cLa Valle del Vajont\u201d, \u201cVisione generale della Borgata\u201d, infine la citazione di Antoine de Saint-Exup\u00e9ry. \u201cNon si vede bene che attraverso il cuore, L\u2019essenziale \u00e8 invisibile agli occhi\u201d. In questa occasione proponiamo le immagini che l\u2019autrice ha selezionato per il capitolo dedicato alla Ferrovia. Ma torneremo a dire del pregevole libro di Elda Deon Cardin.<\/p>\n\n\t\t\t<style type='text\/css'>\n\t\t\t\t#gallery-5 {\n\t\t\t\t\tmargin: auto;\n\t\t\t\t}\n\t\t\t\t#gallery-5 .gallery-item {\n\t\t\t\t\tfloat: left;\n\t\t\t\t\tmargin-top: 10px;\n\t\t\t\t\ttext-align: center;\n\t\t\t\t\twidth: 25%;\n\t\t\t\t}\n\t\t\t\t#gallery-5 img {\n\t\t\t\t\tborder: 2px solid #cfcfcf;\n\t\t\t\t}\n\t\t\t\t#gallery-5 .gallery-caption {\n\t\t\t\t\tmargin-left: 0;\n\t\t\t\t}\n\t\t\t\t\/* see gallery_shortcode() in wp-includes\/media.php *\/\n\t\t\t<\/style>\n\t\t<div id='gallery-5' class='dt-gallery-container gallery galleryid-188828 gallery-columns-4 gallery-size-thumbnail'><dl class='gallery-item'>\n\t\t\t\t<dt class='gallery-icon landscape'>\n\t\t\t\t\t<a class=\"rollover rollover-zoom dt-pswp-item\" title=\"146208681_1078840809210543_7534970013799721159_n\" data-dt-img-description=\"\" data-large_image_width=\"2560\" data-large_image_height=\"1548\"href='https:\/\/www.radiopiu.net\/wordpress\/wp-content\/uploads\/2021\/02\/146208681_1078840809210543_7534970013799721159_n-scaled.jpg'><img loading=\"lazy\" decoding=\"async\" width=\"150\" height=\"150\" src=\"https:\/\/www.radiopiu.net\/wordpress\/wp-content\/uploads\/2021\/02\/146208681_1078840809210543_7534970013799721159_n-150x150.jpg\" class=\"attachment-thumbnail size-thumbnail\" alt=\"\" \/><\/a>\n\t\t\t\t<\/dt><\/dl><dl class='gallery-item'>\n\t\t\t\t<dt class='gallery-icon landscape'>\n\t\t\t\t\t<a class=\"rollover rollover-zoom dt-pswp-item\" title=\"146814137_747955002497708_9036686275667260234_n\" data-dt-img-description=\"\" data-large_image_width=\"2560\" data-large_image_height=\"1631\"href='https:\/\/www.radiopiu.net\/wordpress\/wp-content\/uploads\/2021\/02\/146814137_747955002497708_9036686275667260234_n-scaled.jpg'><img loading=\"lazy\" decoding=\"async\" width=\"150\" height=\"150\" src=\"https:\/\/www.radiopiu.net\/wordpress\/wp-content\/uploads\/2021\/02\/146814137_747955002497708_9036686275667260234_n-150x150.jpg\" class=\"attachment-thumbnail size-thumbnail\" alt=\"\" \/><\/a>\n\t\t\t\t<\/dt><\/dl><dl class='gallery-item'>\n\t\t\t\t<dt class='gallery-icon landscape'>\n\t\t\t\t\t<a class=\"rollover rollover-zoom dt-pswp-item\" title=\"146573444_121032449838621_3804186724219202678_n\" data-dt-img-description=\"\" data-large_image_width=\"2560\" data-large_image_height=\"1517\"href='https:\/\/www.radiopiu.net\/wordpress\/wp-content\/uploads\/2021\/02\/146573444_121032449838621_3804186724219202678_n-scaled.jpg'><img loading=\"lazy\" decoding=\"async\" width=\"150\" height=\"150\" src=\"https:\/\/www.radiopiu.net\/wordpress\/wp-content\/uploads\/2021\/02\/146573444_121032449838621_3804186724219202678_n-150x150.jpg\" class=\"attachment-thumbnail size-thumbnail\" alt=\"\" \/><\/a>\n\t\t\t\t<\/dt><\/dl><dl class='gallery-item'>\n\t\t\t\t<dt class='gallery-icon landscape'>\n\t\t\t\t\t<a class=\"rollover rollover-zoom dt-pswp-item\" title=\"146218984_137829321507432_3021367008870041262_n\" data-dt-img-description=\"\" data-large_image_width=\"2560\" data-large_image_height=\"1291\"href='https:\/\/www.radiopiu.net\/wordpress\/wp-content\/uploads\/2021\/02\/146218984_137829321507432_3021367008870041262_n-scaled.jpg'><img loading=\"lazy\" decoding=\"async\" width=\"150\" height=\"150\" src=\"https:\/\/www.radiopiu.net\/wordpress\/wp-content\/uploads\/2021\/02\/146218984_137829321507432_3021367008870041262_n-150x150.jpg\" class=\"attachment-thumbnail size-thumbnail\" alt=\"\" \/><\/a>\n\t\t\t\t<\/dt><\/dl><br style=\"clear: both\" \/><dl class='gallery-item'>\n\t\t\t\t<dt class='gallery-icon landscape'>\n\t\t\t\t\t<a class=\"rollover rollover-zoom dt-pswp-item\" title=\"146494483_1514078815456816_4892175485252022743_n\" data-dt-img-description=\"\" data-large_image_width=\"2560\" data-large_image_height=\"1513\"href='https:\/\/www.radiopiu.net\/wordpress\/wp-content\/uploads\/2021\/02\/146494483_1514078815456816_4892175485252022743_n-scaled.jpg'><img loading=\"lazy\" decoding=\"async\" width=\"150\" height=\"150\" src=\"https:\/\/www.radiopiu.net\/wordpress\/wp-content\/uploads\/2021\/02\/146494483_1514078815456816_4892175485252022743_n-150x150.jpg\" class=\"attachment-thumbnail size-thumbnail\" alt=\"\" \/><\/a>\n\t\t\t\t<\/dt><\/dl><dl class='gallery-item'>\n\t\t\t\t<dt class='gallery-icon landscape'>\n\t\t\t\t\t<a class=\"rollover rollover-zoom dt-pswp-item\" title=\"146341445_208838840944070_5521852198659384798_n\" data-dt-img-description=\"\" data-large_image_width=\"2560\" data-large_image_height=\"1537\"href='https:\/\/www.radiopiu.net\/wordpress\/wp-content\/uploads\/2021\/02\/146341445_208838840944070_5521852198659384798_n-scaled.jpg'><img loading=\"lazy\" decoding=\"async\" width=\"150\" height=\"150\" src=\"https:\/\/www.radiopiu.net\/wordpress\/wp-content\/uploads\/2021\/02\/146341445_208838840944070_5521852198659384798_n-150x150.jpg\" class=\"attachment-thumbnail size-thumbnail\" alt=\"\" \/><\/a>\n\t\t\t\t<\/dt><\/dl><dl class='gallery-item'>\n\t\t\t\t<dt class='gallery-icon landscape'>\n\t\t\t\t\t<a class=\"rollover rollover-zoom dt-pswp-item\" title=\"146672965_212454217257488_6105452682673831498_n\" data-dt-img-description=\"\" data-large_image_width=\"2560\" data-large_image_height=\"1428\"href='https:\/\/www.radiopiu.net\/wordpress\/wp-content\/uploads\/2021\/02\/146672965_212454217257488_6105452682673831498_n-scaled.jpg'><img loading=\"lazy\" decoding=\"async\" width=\"150\" height=\"150\" src=\"https:\/\/www.radiopiu.net\/wordpress\/wp-content\/uploads\/2021\/02\/146672965_212454217257488_6105452682673831498_n-150x150.jpg\" class=\"attachment-thumbnail size-thumbnail\" alt=\"\" \/><\/a>\n\t\t\t\t<\/dt><\/dl><dl class='gallery-item'>\n\t\t\t\t<dt class='gallery-icon portrait'>\n\t\t\t\t\t<a class=\"rollover rollover-zoom dt-pswp-item\" title=\"146395516_236944554588233_3296461162928150941_n\" data-dt-img-description=\"\" data-large_image_width=\"1563\" data-large_image_height=\"2560\"href='https:\/\/www.radiopiu.net\/wordpress\/wp-content\/uploads\/2021\/02\/146395516_236944554588233_3296461162928150941_n-scaled.jpg'><img loading=\"lazy\" decoding=\"async\" width=\"150\" height=\"150\" src=\"https:\/\/www.radiopiu.net\/wordpress\/wp-content\/uploads\/2021\/02\/146395516_236944554588233_3296461162928150941_n-150x150.jpg\" class=\"attachment-thumbnail size-thumbnail\" alt=\"\" \/><\/a>\n\t\t\t\t<\/dt><\/dl><br style=\"clear: both\" \/><dl class='gallery-item'>\n\t\t\t\t<dt class='gallery-icon landscape'>\n\t\t\t\t\t<a class=\"rollover rollover-zoom dt-pswp-item\" title=\"145803294_324598935606324_8371394652445883408_n\" data-dt-img-description=\"\" data-large_image_width=\"2560\" data-large_image_height=\"2537\"href='https:\/\/www.radiopiu.net\/wordpress\/wp-content\/uploads\/2021\/02\/145803294_324598935606324_8371394652445883408_n-scaled.jpg'><img loading=\"lazy\" decoding=\"async\" width=\"150\" height=\"150\" src=\"https:\/\/www.radiopiu.net\/wordpress\/wp-content\/uploads\/2021\/02\/145803294_324598935606324_8371394652445883408_n-150x150.jpg\" class=\"attachment-thumbnail size-thumbnail\" alt=\"\" srcset=\"https:\/\/www.radiopiu.net\/wordpress\/wp-content\/uploads\/2021\/02\/145803294_324598935606324_8371394652445883408_n-150x150.jpg 150w, https:\/\/www.radiopiu.net\/wordpress\/wp-content\/uploads\/2021\/02\/145803294_324598935606324_8371394652445883408_n-300x297.jpg 300w, https:\/\/www.radiopiu.net\/wordpress\/wp-content\/uploads\/2021\/02\/145803294_324598935606324_8371394652445883408_n-1024x1015.jpg 1024w, https:\/\/www.radiopiu.net\/wordpress\/wp-content\/uploads\/2021\/02\/145803294_324598935606324_8371394652445883408_n-768x761.jpg 768w, https:\/\/www.radiopiu.net\/wordpress\/wp-content\/uploads\/2021\/02\/145803294_324598935606324_8371394652445883408_n-1536x1522.jpg 1536w, https:\/\/www.radiopiu.net\/wordpress\/wp-content\/uploads\/2021\/02\/145803294_324598935606324_8371394652445883408_n-2048x2029.jpg 2048w\" sizes=\"auto, (max-width: 150px) 100vw, 150px\" \/><\/a>\n\t\t\t\t<\/dt><\/dl><dl class='gallery-item'>\n\t\t\t\t<dt class='gallery-icon portrait'>\n\t\t\t\t\t<a class=\"rollover rollover-zoom dt-pswp-item\" title=\"146740622_3758510537570843_1660245546258131543_n\" data-dt-img-description=\"\" data-large_image_width=\"1744\" data-large_image_height=\"2560\"href='https:\/\/www.radiopiu.net\/wordpress\/wp-content\/uploads\/2021\/02\/146740622_3758510537570843_1660245546258131543_n-scaled.jpg'><img loading=\"lazy\" decoding=\"async\" width=\"150\" height=\"150\" src=\"https:\/\/www.radiopiu.net\/wordpress\/wp-content\/uploads\/2021\/02\/146740622_3758510537570843_1660245546258131543_n-150x150.jpg\" class=\"attachment-thumbnail size-thumbnail\" alt=\"\" \/><\/a>\n\t\t\t\t<\/dt><\/dl><dl class='gallery-item'>\n\t\t\t\t<dt class='gallery-icon landscape'>\n\t\t\t\t\t<a class=\"rollover rollover-zoom dt-pswp-item\" title=\"147053833_409894343411817_7925154104017643875_n\" data-dt-img-description=\"\" data-large_image_width=\"2560\" data-large_image_height=\"1393\"href='https:\/\/www.radiopiu.net\/wordpress\/wp-content\/uploads\/2021\/02\/147053833_409894343411817_7925154104017643875_n-scaled.jpg'><img loading=\"lazy\" decoding=\"async\" width=\"150\" height=\"150\" src=\"https:\/\/www.radiopiu.net\/wordpress\/wp-content\/uploads\/2021\/02\/147053833_409894343411817_7925154104017643875_n-150x150.jpg\" class=\"attachment-thumbnail size-thumbnail\" alt=\"\" \/><\/a>\n\t\t\t\t<\/dt><\/dl><dl class='gallery-item'>\n\t\t\t\t<dt class='gallery-icon landscape'>\n\t\t\t\t\t<a class=\"rollover rollover-zoom dt-pswp-item\" title=\"146969459_426785551991266_137700044023964810_n\" data-dt-img-description=\"\" data-large_image_width=\"2560\" data-large_image_height=\"1481\"href='https:\/\/www.radiopiu.net\/wordpress\/wp-content\/uploads\/2021\/02\/146969459_426785551991266_137700044023964810_n-scaled.jpg'><img loading=\"lazy\" decoding=\"async\" width=\"150\" height=\"150\" src=\"https:\/\/www.radiopiu.net\/wordpress\/wp-content\/uploads\/2021\/02\/146969459_426785551991266_137700044023964810_n-150x150.jpg\" class=\"attachment-thumbnail size-thumbnail\" alt=\"\" \/><\/a>\n\t\t\t\t<\/dt><\/dl><br style=\"clear: both\" \/><dl class='gallery-item'>\n\t\t\t\t<dt class='gallery-icon landscape'>\n\t\t\t\t\t<a class=\"rollover rollover-zoom dt-pswp-item\" title=\"146215470_470271201050528_4998000975191518461_n\" data-dt-img-description=\"\" data-large_image_width=\"2560\" data-large_image_height=\"1682\"href='https:\/\/www.radiopiu.net\/wordpress\/wp-content\/uploads\/2021\/02\/146215470_470271201050528_4998000975191518461_n-scaled.jpg'><img loading=\"lazy\" decoding=\"async\" width=\"150\" height=\"150\" src=\"https:\/\/www.radiopiu.net\/wordpress\/wp-content\/uploads\/2021\/02\/146215470_470271201050528_4998000975191518461_n-150x150.jpg\" class=\"attachment-thumbnail size-thumbnail\" alt=\"\" \/><\/a>\n\t\t\t\t<\/dt><\/dl><dl class='gallery-item'>\n\t\t\t\t<dt class='gallery-icon portrait'>\n\t\t\t\t\t<a class=\"rollover rollover-zoom dt-pswp-item\" title=\"146591651_473736610317873_5270372384724369458_n\" data-dt-img-description=\"\" data-large_image_width=\"1661\" data-large_image_height=\"2560\"href='https:\/\/www.radiopiu.net\/wordpress\/wp-content\/uploads\/2021\/02\/146591651_473736610317873_5270372384724369458_n-scaled.jpg'><img loading=\"lazy\" decoding=\"async\" width=\"150\" height=\"150\" src=\"https:\/\/www.radiopiu.net\/wordpress\/wp-content\/uploads\/2021\/02\/146591651_473736610317873_5270372384724369458_n-150x150.jpg\" class=\"attachment-thumbnail size-thumbnail\" alt=\"\" \/><\/a>\n\t\t\t\t<\/dt><\/dl><dl class='gallery-item'>\n\t\t\t\t<dt class='gallery-icon landscape'>\n\t\t\t\t\t<a class=\"rollover rollover-zoom dt-pswp-item\" title=\"146769747_476946430378945_4808198044301894632_n\" data-dt-img-description=\"\" data-large_image_width=\"2560\" data-large_image_height=\"1691\"href='https:\/\/www.radiopiu.net\/wordpress\/wp-content\/uploads\/2021\/02\/146769747_476946430378945_4808198044301894632_n-scaled.jpg'><img loading=\"lazy\" decoding=\"async\" width=\"150\" height=\"150\" src=\"https:\/\/www.radiopiu.net\/wordpress\/wp-content\/uploads\/2021\/02\/146769747_476946430378945_4808198044301894632_n-150x150.jpg\" class=\"attachment-thumbnail size-thumbnail\" alt=\"\" \/><\/a>\n\t\t\t\t<\/dt><\/dl><dl class='gallery-item'>\n\t\t\t\t<dt class='gallery-icon landscape'>\n\t\t\t\t\t<a class=\"rollover rollover-zoom dt-pswp-item\" title=\"146722818_536248137270077_1874155993329877410_n\" data-dt-img-description=\"\" data-large_image_width=\"2560\" data-large_image_height=\"953\"href='https:\/\/www.radiopiu.net\/wordpress\/wp-content\/uploads\/2021\/02\/146722818_536248137270077_1874155993329877410_n-scaled.jpg'><img loading=\"lazy\" decoding=\"async\" width=\"150\" height=\"150\" src=\"https:\/\/www.radiopiu.net\/wordpress\/wp-content\/uploads\/2021\/02\/146722818_536248137270077_1874155993329877410_n-150x150.jpg\" class=\"attachment-thumbnail size-thumbnail\" alt=\"\" \/><\/a>\n\t\t\t\t<\/dt><\/dl><br style=\"clear: both\" \/>\n\t\t\t<\/div>\n\n<p>NELLE FOTO (riproduzioni dal libro \u201cCos\u00ec lontano, cos\u00ec vicino\u2026\u201d con immagini di Edizioni Leonar, collezione Giovanni Battista Polla; P. Breveglieri Belluno, collezione Polla; Breveglieri, collezione Ostelvio De Bona; Edizioni Cavinato Belluno, collezione Elds Deon Cardin; fotografo A. Rocco, editrice Tarantola Belluno, collezione Cardin Deon; Breveglieri collezione Bruno De Toffol; foto privata, collezione Ostelvio De Bona; edizioni Matilde Nicola, collezione Luigi Dall\u2019Armi): l\u2019autrice Elda Deon Cardin; la copertina del volume con visione generale della borgata e Vallata del Piave; operai e maestranze ci annunciano che il ponte ferroviario sul torrente Desedan \u00e8 stato ultimato; la stazione di Fa\u00e8-Fortogna solitaria in mezzo alla campagna, non sono ancora sorte le villette che le faranno compagnia; collaudo del ponte ferroviario sul torrente Ma\u00e8; le case di Pirago fanno capolino dietro le rocce al passaggio del treno sul nuovo ponte; imbocco della ferrovia presso Longarone; il ponte sul Ma\u00e8 distrutto dagli austriaci il 2 novembre 1918; ponte e viadotto ricostruiti dal Genio militare nel 1919; \u201ctaglio\u201d nelle vicinanze di Longarone; alla stazione il treno fermo prima del magazzino; operai impegnati nella rifinitura dei binari alla stazione di Longarone-Zoldo; movimento di vagoni carichi di legname; operai sistemano il viale della stazione; sullo sfondo Villa Fasolo; la contrada Roggia col nuovo viadotto ferroviario; fermata e galleria di Castellavazzo.<\/p>\n<p>&nbsp;<\/p>\n<p>&nbsp;<\/p>\n<p>&nbsp;<\/p>\n<hr \/>\n<h2><span style=\"color: #008000;\"><a href=\"https:\/\/www.radiopiu.net\/wordpress\/giornale-radiopiu-03-febbraio-2021-direttore-mirko-mezzacasa\/girl-1469748__340\/\" rel=\"attachment wp-att-188542\"><img loading=\"lazy\" decoding=\"async\" class=\"wp-image-188542 alignleft\" src=\"https:\/\/www.radiopiu.net\/wordpress\/wp-content\/uploads\/2021\/02\/girl-1469748__340-300x200.jpg\" alt=\"\" width=\"173\" height=\"115\" srcset=\"https:\/\/www.radiopiu.net\/wordpress\/wp-content\/uploads\/2021\/02\/girl-1469748__340-300x200.jpg 300w, https:\/\/www.radiopiu.net\/wordpress\/wp-content\/uploads\/2021\/02\/girl-1469748__340.jpg 510w\" sizes=\"auto, (max-width: 173px) 100vw, 173px\" \/><\/a><\/span><\/h2>\n<h2><\/h2>\n<h2><span style=\"color: #008000;\">ERBE E PIANTE CURATIVE&#8230;IL NUOVO PROGRAMMA DI PAOLA LANCIATO<\/span><\/h2>\n<p><strong>LA PRIMA PUNTATA<\/strong><\/p>\n<audio class=\"wp-audio-shortcode\" id=\"audio-188828-15\" preload=\"none\" style=\"width: 100%;\" controls=\"controls\"><source type=\"audio\/mpeg\" src=\"https:\/\/www.radiopiu.net\/wordpress\/wp-content\/uploads\/2021\/02\/ERBE.mp3?_=15\" \/><a href=\"https:\/\/www.radiopiu.net\/wordpress\/wp-content\/uploads\/2021\/02\/ERBE.mp3\">https:\/\/www.radiopiu.net\/wordpress\/wp-content\/uploads\/2021\/02\/ERBE.mp3<\/a><\/audio>\n<p>&nbsp;<\/p>\n<p><strong>LA RACCOLTA COMPLETA<\/strong><\/p>\n<blockquote class=\"wp-embedded-content\" data-secret=\"pVtDq3Qirc\"><p><a href=\"https:\/\/www.radiopiu.net\/wordpress\/erbe-e-piante-curative\/\">ERBE E PIANTE CURATIVE<\/a><\/p><\/blockquote>\n<p><iframe loading=\"lazy\" class=\"wp-embedded-content\" sandbox=\"allow-scripts\" security=\"restricted\" style=\"position: absolute; clip: rect(1px, 1px, 1px, 1px);\" title=\"&#8220;ERBE E PIANTE CURATIVE&#8221; &#8212; Radio Pi\u00f9\" src=\"https:\/\/www.radiopiu.net\/wordpress\/erbe-e-piante-curative\/embed\/#?secret=pVtDq3Qirc\" data-secret=\"pVtDq3Qirc\" width=\"600\" height=\"338\" frameborder=\"0\" marginwidth=\"0\" marginheight=\"0\" scrolling=\"no\"><\/iframe><\/p>\n<p>&nbsp;<\/p>\n<hr \/>\n<p>&nbsp;<\/p>\n<blockquote>\n<h2>RITORNA AI MICROFONI DI RADIO PIU&#8217; FRANCESCO ZILLIO<br \/>\nseconda puntata, stagione 2021 &#8211; auto elettriche.<\/h2>\n<\/blockquote>\n<p>&nbsp;<\/p>\n<p><iframe loading=\"lazy\" title=\"EPCENTER  02-2021  RICARICA VETTURE ELETTRICHE IN AMBITO PRIVATO\" width=\"1200\" height=\"675\" src=\"https:\/\/www.youtube.com\/embed\/gx5t93SFHiQ?feature=oembed\" frameborder=\"0\" allow=\"accelerometer; autoplay; clipboard-write; encrypted-media; gyroscope; picture-in-picture\" allowfullscreen><\/iframe><\/p>\n<p>&nbsp;<\/p>\n<p>&nbsp;<\/p>\n<p><strong>LA VIDEO GALLERY\u00a0<\/strong><\/p>\n<blockquote class=\"wp-embedded-content\" data-secret=\"J0GLQr2kja\"><p><a href=\"https:\/\/www.radiopiu.net\/wordpress\/ep-center-video-gallery\/\">EP CENTER video gallery<\/a><\/p><\/blockquote>\n<p><iframe loading=\"lazy\" class=\"wp-embedded-content\" sandbox=\"allow-scripts\" security=\"restricted\" style=\"position: absolute; clip: rect(1px, 1px, 1px, 1px);\" title=\"&#8220;EP CENTER video gallery&#8221; &#8212; Radio Pi\u00f9\" src=\"https:\/\/www.radiopiu.net\/wordpress\/ep-center-video-gallery\/embed\/#?secret=J0GLQr2kja\" data-secret=\"J0GLQr2kja\" width=\"600\" height=\"338\" frameborder=\"0\" marginwidth=\"0\" marginheight=\"0\" scrolling=\"no\"><\/iframe><\/p>\n<p>&nbsp;<\/p>\n<hr \/>\n<h2><\/h2>\n<p>&nbsp;<\/p>\n<blockquote class=\"wp-embedded-content\" data-secret=\"SPmWUUC87l\"><p><a href=\"https:\/\/www.radiopiu.net\/wordpress\/giovani-agricoltori-agordini-di-gianni-santomaso\/\">GIOVANI AGRICOLTORI AGORDINI, di GIANNI SANTOMASO<\/a><\/p><\/blockquote>\n<p><iframe loading=\"lazy\" class=\"wp-embedded-content\" sandbox=\"allow-scripts\" security=\"restricted\" style=\"position: absolute; clip: rect(1px, 1px, 1px, 1px);\" title=\"&#8220;GIOVANI AGRICOLTORI AGORDINI, di GIANNI SANTOMASO&#8221; &#8212; Radio Pi\u00f9\" src=\"https:\/\/www.radiopiu.net\/wordpress\/giovani-agricoltori-agordini-di-gianni-santomaso\/embed\/#?secret=SPmWUUC87l\" data-secret=\"SPmWUUC87l\" width=\"600\" height=\"338\" frameborder=\"0\" marginwidth=\"0\" marginheight=\"0\" scrolling=\"no\"><\/iframe><\/p>\n<p>&nbsp;<\/p>\n<p>&nbsp;<\/p>\n<p>&nbsp;<\/p>\n<hr \/>\n<p>&nbsp;<\/p>\n<h3><\/h3>\n<blockquote class=\"wp-embedded-content\" data-secret=\"LFVB4E4wqw\"><p><a href=\"https:\/\/www.radiopiu.net\/wordpress\/conosciamo-la-corale-di-limana-con-le-interviste-di-silvia-baldo\/\">CONOSCIAMO LA CORALE DI LIMANA CON LE INTERVISTE DI SILVIA BALDO<\/a><\/p><\/blockquote>\n<p><iframe loading=\"lazy\" class=\"wp-embedded-content\" sandbox=\"allow-scripts\" security=\"restricted\" style=\"position: absolute; clip: rect(1px, 1px, 1px, 1px);\" title=\"&#8220;CONOSCIAMO LA CORALE DI LIMANA CON LE INTERVISTE DI SILVIA BALDO&#8221; &#8212; Radio Pi\u00f9\" src=\"https:\/\/www.radiopiu.net\/wordpress\/conosciamo-la-corale-di-limana-con-le-interviste-di-silvia-baldo\/embed\/#?secret=LFVB4E4wqw\" data-secret=\"LFVB4E4wqw\" width=\"600\" height=\"338\" frameborder=\"0\" marginwidth=\"0\" marginheight=\"0\" scrolling=\"no\"><\/iframe><\/p>\n<p>&nbsp;<\/p>\n<p>&nbsp;<\/p>\n<hr \/>\n<div dir=\"auto\">\n<blockquote>\n<h2><\/h2>\n<h2>FANTASTICHE DOLOMITI, NUOVA STAGIONE. APPUNTAMENTO QUINDICINALE IL GIOVEDI ALLE 10.30 E 19.00<\/h2>\n<\/blockquote>\n<p><strong><span style=\"color: #ff0000;\">LA NUOVA PUNTATA i corsi di formazione della Fondazione<\/span><\/strong><\/p>\n<audio class=\"wp-audio-shortcode\" id=\"audio-188828-16\" preload=\"none\" style=\"width: 100%;\" controls=\"controls\"><source type=\"audio\/mpeg\" src=\"https:\/\/www.radiopiu.net\/wordpress\/wp-content\/uploads\/2020\/10\/fatnastiche-dolomiti-28-gennaio.mp3?_=16\" \/><a href=\"https:\/\/www.radiopiu.net\/wordpress\/wp-content\/uploads\/2020\/10\/fatnastiche-dolomiti-28-gennaio.mp3\">https:\/\/www.radiopiu.net\/wordpress\/wp-content\/uploads\/2020\/10\/fatnastiche-dolomiti-28-gennaio.mp3<\/a><\/audio>\n<h1>LA RACCOLTA COMPLETA<\/h1>\n<blockquote class=\"wp-embedded-content\" data-secret=\"tHxEyGAyZg\"><p><a href=\"https:\/\/www.radiopiu.net\/wordpress\/https-wp-me-p63lo7-gyg\/\">FANTASTICHE DOLOMITI 7^ PUNTATA: IL QUINDICINALE APPUNTAMENTO ALLA RADIO<\/a><\/p><\/blockquote>\n<p><iframe loading=\"lazy\" class=\"wp-embedded-content\" sandbox=\"allow-scripts\" security=\"restricted\" style=\"position: absolute; clip: rect(1px, 1px, 1px, 1px);\" title=\"&#8220;FANTASTICHE DOLOMITI 7^ PUNTATA: IL QUINDICINALE APPUNTAMENTO ALLA RADIO&#8221; &#8212; Radio Pi\u00f9\" src=\"https:\/\/www.radiopiu.net\/wordpress\/https-wp-me-p63lo7-gyg\/embed\/#?secret=tHxEyGAyZg\" data-secret=\"tHxEyGAyZg\" width=\"600\" height=\"338\" frameborder=\"0\" marginwidth=\"0\" marginheight=\"0\" scrolling=\"no\"><\/iframe><\/p>\n<p>&nbsp;<\/p>\n<hr \/>\n<blockquote>\n<h2><\/h2>\n<h2>SALUTE E SOCIETA&#8217; IL LUNEDI ALLE 13.10 E ALLE 20.10, LA DOMENICA ALLE 10.30 A CURA DEL DOTTOR MARCO CARACCIOLO. QUINTA STAGIONE<\/h2>\n<\/blockquote>\n<p><a href=\"https:\/\/www.radiopiu.net\/wordpress\/almanacco-ladino-puntata-8-2021\/whatsapp-image-2021-02-01-at-09-27-46\/\" rel=\"attachment wp-att-188221\"><img loading=\"lazy\" decoding=\"async\" class=\" wp-image-188221 alignleft\" src=\"https:\/\/www.radiopiu.net\/wordpress\/wp-content\/uploads\/2021\/02\/WhatsApp-Image-2021-02-01-at-09.27.46-300x167.jpeg\" alt=\"\" width=\"226\" height=\"126\" srcset=\"https:\/\/www.radiopiu.net\/wordpress\/wp-content\/uploads\/2021\/02\/WhatsApp-Image-2021-02-01-at-09.27.46-300x167.jpeg 300w, https:\/\/www.radiopiu.net\/wordpress\/wp-content\/uploads\/2021\/02\/WhatsApp-Image-2021-02-01-at-09.27.46-768x427.jpeg 768w, https:\/\/www.radiopiu.net\/wordpress\/wp-content\/uploads\/2021\/02\/WhatsApp-Image-2021-02-01-at-09.27.46.jpeg 800w\" sizes=\"auto, (max-width: 226px) 100vw, 226px\" \/><\/a><strong><span style=\"color: #ff0000;\">LA PUNTATA DELLA SETTIMANA <\/span><\/strong><span style=\"color: #ff0000;\"><span style=\"color: #000000;\">In Italia le malattie reumatiche colpiscono una vasta popolazione di pazienti: quasi 2.500.000 gli affetti da psoriasi, il 30% dei quali con artrite psoriasica, e circa 350mila i pazienti con artrite reumatoide. <\/span><\/span><span style=\"color: #ff0000;\"><span style=\"color: #000000;\">La campagna Passione Accesa \u00e8 incentrata sulle storie di questi pazienti, la determinazione con cui affrontano ogni giorno il proprio cammino, in una sorta di gemellaggio con i nostri campioni olimpionici.<\/span><\/span><\/p>\n<audio class=\"wp-audio-shortcode\" id=\"audio-188828-17\" preload=\"none\" style=\"width: 100%;\" controls=\"controls\"><source type=\"audio\/mpeg\" src=\"https:\/\/www.radiopiu.net\/wordpress\/wp-content\/uploads\/2021\/02\/SALUTE.mp3?_=17\" \/><a href=\"https:\/\/www.radiopiu.net\/wordpress\/wp-content\/uploads\/2021\/02\/SALUTE.mp3\">https:\/\/www.radiopiu.net\/wordpress\/wp-content\/uploads\/2021\/02\/SALUTE.mp3<\/a><\/audio>\n<p>&nbsp;<\/p>\n<h3>LA RACCOLTA COMPLETA<\/h3>\n<blockquote class=\"wp-embedded-content\" data-secret=\"NSB25JwDpv\"><p><a href=\"https:\/\/www.radiopiu.net\/wordpress\/saluteesocieta\/\">Salute e Societ\u00e0<\/a><\/p><\/blockquote>\n<p><iframe loading=\"lazy\" class=\"wp-embedded-content\" sandbox=\"allow-scripts\" security=\"restricted\" style=\"position: absolute; clip: rect(1px, 1px, 1px, 1px);\" title=\"&#8220;Salute e Societ\u00e0&#8221; &#8212; Radio Pi\u00f9\" src=\"https:\/\/www.radiopiu.net\/wordpress\/saluteesocieta\/embed\/#?secret=NSB25JwDpv\" data-secret=\"NSB25JwDpv\" width=\"600\" height=\"338\" frameborder=\"0\" marginwidth=\"0\" marginheight=\"0\" scrolling=\"no\"><\/iframe><\/p>\n<hr \/>\n<h2><\/h2>\n<h2><span style=\"color: #ff0000;\"><a href=\"https:\/\/www.radiopiu.net\/wordpress\/giornale-radiopiu-05-gennaio-2021-direttore-mirko-mezzacasa\/133200401_100838761953611_1258544160541445132_o-2\/\" rel=\"attachment wp-att-183078\"><img loading=\"lazy\" decoding=\"async\" class=\" wp-image-183078 alignleft\" src=\"https:\/\/www.radiopiu.net\/wordpress\/wp-content\/uploads\/2021\/01\/133200401_100838761953611_1258544160541445132_o-1-300x157.jpg\" alt=\"\" width=\"192\" height=\"101\" srcset=\"https:\/\/www.radiopiu.net\/wordpress\/wp-content\/uploads\/2021\/01\/133200401_100838761953611_1258544160541445132_o-1-300x157.jpg 300w, https:\/\/www.radiopiu.net\/wordpress\/wp-content\/uploads\/2021\/01\/133200401_100838761953611_1258544160541445132_o-1.jpg 526w\" sizes=\"auto, (max-width: 192px) 100vw, 192px\" \/><\/a>GOCCE DI FILOSOFIA, CON CHIARA CAU, CON LISA DE LUCA. <\/span><\/h2>\n<h2><span style=\"color: #ff0000;\">TUTTI I GIORNI DAL LUNEDI AL VENERDI ALLE 6.55 E ALLE 18.55<\/span><\/h2>\n<p><strong>PUNTATA 24<\/strong><\/p>\n<audio class=\"wp-audio-shortcode\" id=\"audio-188828-18\" preload=\"none\" style=\"width: 100%;\" controls=\"controls\"><source type=\"audio\/mpeg\" src=\"https:\/\/www.radiopiu.net\/wordpress\/wp-content\/uploads\/2021\/02\/FI4.mp3?_=18\" \/><a href=\"https:\/\/www.radiopiu.net\/wordpress\/wp-content\/uploads\/2021\/02\/FI4.mp3\">https:\/\/www.radiopiu.net\/wordpress\/wp-content\/uploads\/2021\/02\/FI4.mp3<\/a><\/audio>\n<h3>LA RACCOLTA COMPLETA<\/h3>\n<blockquote class=\"wp-embedded-content\" data-secret=\"jFverXeW7O\"><p><a href=\"https:\/\/www.radiopiu.net\/wordpress\/gocce-filosofia\/\">Gocce di filosofia<\/a><\/p><\/blockquote>\n<p><iframe loading=\"lazy\" class=\"wp-embedded-content\" sandbox=\"allow-scripts\" security=\"restricted\" style=\"position: absolute; clip: rect(1px, 1px, 1px, 1px);\" title=\"&#8220;Gocce di filosofia&#8221; &#8212; Radio Pi\u00f9\" src=\"https:\/\/www.radiopiu.net\/wordpress\/gocce-filosofia\/embed\/#?secret=jFverXeW7O\" data-secret=\"jFverXeW7O\" width=\"600\" height=\"338\" frameborder=\"0\" marginwidth=\"0\" marginheight=\"0\" scrolling=\"no\"><\/iframe><\/p>\n<p>&nbsp;<\/p>\n<hr \/>\n<p>&nbsp;<\/p>\n<div class=\"im_message_wrap clearfix\">\n<div class=\"im_content_message_wrap im_message_out\">\n<h2><span style=\"color: #ff0000;\">IERI ALLA RADIO\u00a0 IN VIVO VERSO 2020-21<\/span><\/h2>\n<p><strong><span style=\"color: #0000ff;\">IN ONDA DAL LUNEDI AL VENERDI ALLE 7.10, 10.10, 18.50<\/span><\/strong><\/p>\n<blockquote class=\"wp-embedded-content\" data-secret=\"T9O0ZnzUSv\"><p><a href=\"https:\/\/www.radiopiu.net\/wordpress\/adieu-di-alice-de-toni\/\">ADIEU di ALICE DE TONI<\/a><\/p><\/blockquote>\n<p><iframe loading=\"lazy\" class=\"wp-embedded-content\" sandbox=\"allow-scripts\" security=\"restricted\" style=\"position: absolute; clip: rect(1px, 1px, 1px, 1px);\" title=\"&#8220;ADIEU di ALICE DE TONI&#8221; &#8212; Radio Pi\u00f9\" src=\"https:\/\/www.radiopiu.net\/wordpress\/adieu-di-alice-de-toni\/embed\/#?secret=T9O0ZnzUSv\" data-secret=\"T9O0ZnzUSv\" width=\"600\" height=\"338\" frameborder=\"0\" marginwidth=\"0\" marginheight=\"0\" scrolling=\"no\"><\/iframe><\/p>\n<p><strong>LA RACCOLTA<\/strong><\/p>\n<blockquote class=\"wp-embedded-content\" data-secret=\"bmKPwzF6cd\"><p><a href=\"https:\/\/www.radiopiu.net\/wordpress\/in-vivo-verso\/\">In Vivo Verso<\/a><\/p><\/blockquote>\n<p><iframe loading=\"lazy\" class=\"wp-embedded-content\" sandbox=\"allow-scripts\" security=\"restricted\" style=\"position: absolute; clip: rect(1px, 1px, 1px, 1px);\" title=\"&#8220;In Vivo Verso&#8221; &#8212; Radio Pi\u00f9\" src=\"https:\/\/www.radiopiu.net\/wordpress\/in-vivo-verso\/embed\/#?secret=bmKPwzF6cd\" data-secret=\"bmKPwzF6cd\" width=\"600\" height=\"338\" frameborder=\"0\" marginwidth=\"0\" marginheight=\"0\" scrolling=\"no\"><\/iframe><\/p>\n<p>&nbsp;<\/p>\n<\/div>\n<\/div>\n<hr \/>\n<h3 class=\"kvgmc6g5 cxmmr5t8 oygrvhab hcukyx3x c1et5uql\"><span style=\"color: #0000ff;\">INFORMAZIONE il canale su TELEGRAM informazione di prima mano e in tempo reale. iscriviti ed aiutaci a farlo conoscere\u00a0<\/span><\/h3>\n<h2><a href=\"https:\/\/www.radiopiu.net\/wordpress\/ritorno-a-scuola\/scu-2\/\" rel=\"attachment wp-att-188212\"><img loading=\"lazy\" decoding=\"async\" class=\"wp-image-188212 alignleft\" src=\"https:\/\/www.radiopiu.net\/wordpress\/wp-content\/uploads\/2021\/02\/scu-300x207.jpg\" alt=\"\" width=\"167\" height=\"115\" srcset=\"https:\/\/www.radiopiu.net\/wordpress\/wp-content\/uploads\/2021\/02\/scu-300x207.jpg 300w, https:\/\/www.radiopiu.net\/wordpress\/wp-content\/uploads\/2021\/02\/scu.jpg 626w\" sizes=\"auto, (max-width: 167px) 100vw, 167px\" \/><\/a>007 IN CONDOTTA CON LA PROF. MARIA ROSA SALMAZO IL LUNEDI ALLE 10,30 E ALLE 19.00 LA DOMENICA ALLE 8 DEL MATTINO. NONA STAGIONE<\/h2>\n<p><span style=\"color: #ff0000;\"><strong>LA PUNTATA DELLA SETTIMANA\u00a0<\/strong><\/span><\/p>\n<audio class=\"wp-audio-shortcode\" id=\"audio-188828-19\" preload=\"none\" style=\"width: 100%;\" controls=\"controls\"><source type=\"audio\/mpeg\" src=\"https:\/\/www.radiopiu.net\/wordpress\/wp-content\/uploads\/2020\/10\/007-condotta-01-febbraio.mp3?_=19\" \/><a href=\"https:\/\/www.radiopiu.net\/wordpress\/wp-content\/uploads\/2020\/10\/007-condotta-01-febbraio.mp3\">https:\/\/www.radiopiu.net\/wordpress\/wp-content\/uploads\/2020\/10\/007-condotta-01-febbraio.mp3<\/a><\/audio>\n<p>&nbsp;<\/p>\n<h2>LA RACCOLTA COMPLETA<\/h2>\n<blockquote class=\"wp-embedded-content\" data-secret=\"mCBDjL2RhL\"><p><a href=\"https:\/\/www.radiopiu.net\/wordpress\/007incondotta-9\/\">007 in condotta<\/a><\/p><\/blockquote>\n<p><iframe loading=\"lazy\" class=\"wp-embedded-content\" sandbox=\"allow-scripts\" security=\"restricted\" style=\"position: absolute; clip: rect(1px, 1px, 1px, 1px);\" title=\"&#8220;007 in condotta&#8221; &#8212; Radio Pi\u00f9\" src=\"https:\/\/www.radiopiu.net\/wordpress\/007incondotta-9\/embed\/#?secret=mCBDjL2RhL\" data-secret=\"mCBDjL2RhL\" width=\"600\" height=\"338\" frameborder=\"0\" marginwidth=\"0\" marginheight=\"0\" scrolling=\"no\"><\/iframe><\/p>\n<p>&nbsp;<\/p>\n<p>&nbsp;<\/p>\n<p>&nbsp;<\/p>\n<hr \/>\n<p>&nbsp;<\/p>\n<blockquote>\n<h2><a href=\"https:\/\/www.radiopiu.net\/wordpress\/speciale-solidarieta-veneto\/solidarieta-veneto-3\/\" rel=\"attachment wp-att-134366\"><img loading=\"lazy\" decoding=\"async\" class=\"wp-image-134366 alignleft\" src=\"https:\/\/www.radiopiu.net\/wordpress\/wp-content\/uploads\/2020\/05\/solidariet\u00e0-veneto-300x210.jpg\" alt=\"\" width=\"102\" height=\"71\" srcset=\"https:\/\/www.radiopiu.net\/wordpress\/wp-content\/uploads\/2020\/05\/solidariet\u00e0-veneto-300x210.jpg 300w, https:\/\/www.radiopiu.net\/wordpress\/wp-content\/uploads\/2020\/05\/solidariet\u00e0-veneto-1024x717.jpg 1024w, https:\/\/www.radiopiu.net\/wordpress\/wp-content\/uploads\/2020\/05\/solidariet\u00e0-veneto-768x538.jpg 768w, https:\/\/www.radiopiu.net\/wordpress\/wp-content\/uploads\/2020\/05\/solidariet\u00e0-veneto.jpg 1373w\" sizes=\"auto, (max-width: 102px) 100vw, 102px\" \/><\/a>SOLIDARIETA&#8217; VENETO FONDO PENSIONE, IN ONDA IL PRIMO VENERDI DEL MESE ALLE 10.30 E ALLE 19.00 QUINTA STAGIONE<\/h2>\n<\/blockquote>\n<p><strong>AUDIO<\/strong><\/p>\n<audio class=\"wp-audio-shortcode\" id=\"audio-188828-20\" preload=\"none\" style=\"width: 100%;\" controls=\"controls\"><source type=\"audio\/mpeg\" src=\"https:\/\/www.radiopiu.net\/wordpress\/wp-content\/uploads\/2020\/10\/solidarieta-veneto-gennaio.mp3?_=20\" \/><a href=\"https:\/\/www.radiopiu.net\/wordpress\/wp-content\/uploads\/2020\/10\/solidarieta-veneto-gennaio.mp3\">https:\/\/www.radiopiu.net\/wordpress\/wp-content\/uploads\/2020\/10\/solidarieta-veneto-gennaio.mp3<\/a><\/audio>\n<p>&nbsp;<\/p>\n<blockquote>\n<h2>RACCOLTA COMPLETA<\/h2>\n<\/blockquote>\n<blockquote class=\"wp-embedded-content\" data-secret=\"1cP7Uax15o\"><p><a href=\"https:\/\/www.radiopiu.net\/wordpress\/solidarieta-veneto\/\">Solidariet\u00e0 Veneto<\/a><\/p><\/blockquote>\n<p><iframe loading=\"lazy\" class=\"wp-embedded-content\" sandbox=\"allow-scripts\" security=\"restricted\" style=\"position: absolute; clip: rect(1px, 1px, 1px, 1px);\" title=\"&#8220;Solidariet\u00e0 Veneto&#8221; &#8212; Radio Pi\u00f9\" src=\"https:\/\/www.radiopiu.net\/wordpress\/solidarieta-veneto\/embed\/#?secret=1cP7Uax15o\" data-secret=\"1cP7Uax15o\" width=\"600\" height=\"338\" frameborder=\"0\" marginwidth=\"0\" marginheight=\"0\" scrolling=\"no\"><\/iframe><\/p>\n<p>&nbsp;<\/p>\n<p>&nbsp;<\/p>\n<hr \/>\n<p>&nbsp;<\/p>\n<h2><span style=\"color: #808000;\">DUE MINUTI UN LIBRO\u00a0 TUTTI I GIORNI ALLA RADIO ALLE 9.30 E ALLE 18. QUINTA STAGIONE\u00a0<\/span><\/h2>\n<blockquote class=\"wp-embedded-content\" data-secret=\"KR79Y1qrjg\"><p><a href=\"https:\/\/www.radiopiu.net\/wordpress\/qualcuno-uccidera\/\">QUALCUNO UCCIDERA&#8217;<\/a><\/p><\/blockquote>\n<p><iframe loading=\"lazy\" class=\"wp-embedded-content\" sandbox=\"allow-scripts\" security=\"restricted\" style=\"position: absolute; clip: rect(1px, 1px, 1px, 1px);\" title=\"&#8220;QUALCUNO UCCIDERA&#8217;&#8221; &#8212; Radio Pi\u00f9\" src=\"https:\/\/www.radiopiu.net\/wordpress\/qualcuno-uccidera\/embed\/#?secret=KR79Y1qrjg\" data-secret=\"KR79Y1qrjg\" width=\"600\" height=\"338\" frameborder=\"0\" marginwidth=\"0\" marginheight=\"0\" scrolling=\"no\"><\/iframe><\/p>\n<h2>LA RACCOLTA COMPLETA<\/h2>\n<blockquote class=\"wp-embedded-content\" data-secret=\"oWnNP9NOFl\"><p><a href=\"https:\/\/www.radiopiu.net\/wordpress\/due-minuti-un-libro\/\">Due minuti un libro<\/a><\/p><\/blockquote>\n<p><iframe loading=\"lazy\" class=\"wp-embedded-content\" sandbox=\"allow-scripts\" security=\"restricted\" style=\"position: absolute; clip: rect(1px, 1px, 1px, 1px);\" title=\"&#8220;Due minuti un libro&#8221; &#8212; Radio Pi\u00f9\" src=\"https:\/\/www.radiopiu.net\/wordpress\/due-minuti-un-libro\/embed\/#?secret=oWnNP9NOFl\" data-secret=\"oWnNP9NOFl\" width=\"600\" height=\"338\" frameborder=\"0\" marginwidth=\"0\" marginheight=\"0\" scrolling=\"no\"><\/iframe><\/p>\n<p>&nbsp;<\/p>\n<hr \/>\n<p>&nbsp;<\/p>\n<p>&nbsp;<\/p>\n<blockquote>\n<h2>CASSA SOLIDARIET\u00c0 LUXOTTICA<\/h2>\n<\/blockquote>\n<h3><strong><span style=\"color: #ff0000;\">IL NUMERO DI GENNAIO CON PAOLO CHISSALE&#8217; E FABRIZIO CAMPEDEL\u00a0\u00a0<\/span><\/strong><\/h3>\n<audio class=\"wp-audio-shortcode\" id=\"audio-188828-21\" preload=\"none\" style=\"width: 100%;\" controls=\"controls\"><source type=\"audio\/mpeg\" src=\"https:\/\/www.radiopiu.net\/wordpress\/wp-content\/uploads\/2021\/01\/ca-sol-lux-gennaio.mp3?_=21\" \/><a href=\"https:\/\/www.radiopiu.net\/wordpress\/wp-content\/uploads\/2021\/01\/ca-sol-lux-gennaio.mp3\">https:\/\/www.radiopiu.net\/wordpress\/wp-content\/uploads\/2021\/01\/ca-sol-lux-gennaio.mp3<\/a><\/audio>\n<blockquote>\n<h2>RACCOLTA COMPLETA<\/h2>\n<\/blockquote>\n<blockquote class=\"wp-embedded-content\" data-secret=\"PrhWqPVwFG\"><p><a href=\"https:\/\/www.radiopiu.net\/wordpress\/cassa-solidarieta-luxottica-puntata-del-16-ottobre-2020\/\">CASSA SOLIDARIET\u00c0 LUXOTTICA &#8211; PUNTATA DEL 20 NOVEMBRE 2020<\/a><\/p><\/blockquote>\n<p><iframe loading=\"lazy\" class=\"wp-embedded-content\" sandbox=\"allow-scripts\" security=\"restricted\" style=\"position: absolute; clip: rect(1px, 1px, 1px, 1px);\" title=\"&#8220;CASSA SOLIDARIET\u00c0 LUXOTTICA &#8211; PUNTATA DEL 20 NOVEMBRE 2020&#8221; &#8212; Radio Pi\u00f9\" src=\"https:\/\/www.radiopiu.net\/wordpress\/cassa-solidarieta-luxottica-puntata-del-16-ottobre-2020\/embed\/#?secret=PrhWqPVwFG\" data-secret=\"PrhWqPVwFG\" width=\"600\" height=\"338\" frameborder=\"0\" marginwidth=\"0\" marginheight=\"0\" scrolling=\"no\"><\/iframe><\/p>\n<p>&nbsp;<\/p>\n<hr \/>\n<p>&nbsp;<\/p>\n<h2><span style=\"color: #ff0000;\">NUOVA PUNTATA 27 GENNAIO, CLICCA ED ENTRA NELLA RACCOLTA<\/span><\/h2>\n<audio class=\"wp-audio-shortcode\" id=\"audio-188828-22\" preload=\"none\" style=\"width: 100%;\" controls=\"controls\"><source type=\"audio\/mpeg\" src=\"https:\/\/www.radiopiu.net\/wordpress\/wp-content\/uploads\/2021\/01\/PAOLO.mp3?_=22\" \/><a href=\"https:\/\/www.radiopiu.net\/wordpress\/wp-content\/uploads\/2021\/01\/PAOLO.mp3\">https:\/\/www.radiopiu.net\/wordpress\/wp-content\/uploads\/2021\/01\/PAOLO.mp3<\/a><\/audio>\n<blockquote class=\"wp-embedded-content\" data-secret=\"TNJVdtKQaV\"><p><a href=\"https:\/\/www.radiopiu.net\/wordpress\/184594-2\/\">CISL LA VOCE DEI LAVORATORI, CON PAOLO CHISSALE&#8217;<\/a><\/p><\/blockquote>\n<p><iframe loading=\"lazy\" class=\"wp-embedded-content\" sandbox=\"allow-scripts\" security=\"restricted\" style=\"position: absolute; clip: rect(1px, 1px, 1px, 1px);\" title=\"&#8220;CISL LA VOCE DEI LAVORATORI, CON PAOLO CHISSALE&#8217;&#8221; &#8212; Radio Pi\u00f9\" src=\"https:\/\/www.radiopiu.net\/wordpress\/184594-2\/embed\/#?secret=TNJVdtKQaV\" data-secret=\"TNJVdtKQaV\" width=\"600\" height=\"338\" frameborder=\"0\" marginwidth=\"0\" marginheight=\"0\" scrolling=\"no\"><\/iframe><\/p>\n<div>\n<p>&nbsp;<\/p>\n<p>&nbsp;<\/p>\n<hr \/>\n<p>&nbsp;<\/p>\n<h2><span style=\"color: #800080;\"><strong>LA RASSEGNA STAMPA DA L&#8217;AMICO DEL POPOLO\u00a0<\/strong><\/span><\/h2>\n<h3 class=\"kvgmc6g5 cxmmr5t8 oygrvhab hcukyx3x c1et5uql\"><span style=\"color: #0000ff;\"> INFORMAZIONE il canale su TELEGRAM informazione di prima mano e in tempo reale. iscriviti ed aiutaci a farlo conoscere\u00a0<\/span><\/h3>\n<p><a href=\"https:\/\/www.radiopiu.net\/wordpress\/la-rassegna-stampa-da-lamico-del-popolo-30-gennaio-2021\/don-bruno-de-lazzer\/\" rel=\"attachment wp-att-187959\"><img loading=\"lazy\" decoding=\"async\" class=\"size-medium wp-image-187959 alignleft\" src=\"https:\/\/www.radiopiu.net\/wordpress\/wp-content\/uploads\/2021\/01\/DON-BRUNO-DE-LAZZER-300x168.jpeg\" alt=\"\" width=\"300\" height=\"168\" srcset=\"https:\/\/www.radiopiu.net\/wordpress\/wp-content\/uploads\/2021\/01\/DON-BRUNO-DE-LAZZER-300x168.jpeg 300w, https:\/\/www.radiopiu.net\/wordpress\/wp-content\/uploads\/2021\/01\/DON-BRUNO-DE-LAZZER.jpeg 650w\" sizes=\"auto, (max-width: 300px) 100vw, 300px\" \/><\/a><strong>di Gianni Santomaso<\/strong><\/p>\n<p><strong>OSPITE: Don Bruno De Lazzer<\/strong><\/p>\n<audio class=\"wp-audio-shortcode\" id=\"audio-188828-23\" preload=\"none\" style=\"width: 100%;\" controls=\"controls\"><source type=\"audio\/mpeg\" src=\"https:\/\/www.radiopiu.net\/wordpress\/wp-content\/uploads\/2021\/01\/RASSEGNA-GIANNI-3.mp3?_=23\" \/><a href=\"https:\/\/www.radiopiu.net\/wordpress\/wp-content\/uploads\/2021\/01\/RASSEGNA-GIANNI-3.mp3\">https:\/\/www.radiopiu.net\/wordpress\/wp-content\/uploads\/2021\/01\/RASSEGNA-GIANNI-3.mp3<\/a><\/audio>\n<p>&nbsp;<\/p>\n<p><strong>LA RACCOLTA COMPLETA<\/strong><\/p>\n<blockquote class=\"wp-embedded-content\" data-secret=\"ueLi5PArzS\"><p><a href=\"https:\/\/www.radiopiu.net\/wordpress\/rassegna-stampa-di-gianni-santomaso\/\">Rassegna stampa da l&#8217;amico del popolo &#8211; di Gianni Santomaso<\/a><\/p><\/blockquote>\n<p><iframe loading=\"lazy\" class=\"wp-embedded-content\" sandbox=\"allow-scripts\" security=\"restricted\" style=\"position: absolute; clip: rect(1px, 1px, 1px, 1px);\" title=\"&#8220;Rassegna stampa da l&#8217;amico del popolo &#8211; di Gianni Santomaso&#8221; &#8212; Radio Pi\u00f9\" src=\"https:\/\/www.radiopiu.net\/wordpress\/rassegna-stampa-di-gianni-santomaso\/embed\/#?secret=ueLi5PArzS\" data-secret=\"ueLi5PArzS\" width=\"600\" height=\"338\" frameborder=\"0\" marginwidth=\"0\" marginheight=\"0\" scrolling=\"no\"><\/iframe><\/p>\n<p>&nbsp;<\/p>\n<p>&nbsp;<\/p>\n<hr \/>\n<p>&nbsp;<\/p>\n<p>&nbsp;<\/p>\n<div>\n<h2><span style=\"color: #33cccc;\">I RACCONTI DI PAOLO SOPPELSA il lunedi alle 9.30 e 18.30<\/span><\/h2>\n<blockquote class=\"wp-embedded-content\" data-secret=\"mGysMj06qE\"><p><a href=\"https:\/\/www.radiopiu.net\/wordpress\/i-racconti-di-paolo-soppelsa-sessantesima-puntata\/\">I RACCONTI DI PAOLO SOPPELSA SESSANTESIMA PUNTATA<\/a><\/p><\/blockquote>\n<p><iframe loading=\"lazy\" class=\"wp-embedded-content\" sandbox=\"allow-scripts\" security=\"restricted\" style=\"position: absolute; clip: rect(1px, 1px, 1px, 1px);\" title=\"&#8220;I RACCONTI DI PAOLO SOPPELSA SESSANTESIMA PUNTATA&#8221; &#8212; Radio Pi\u00f9\" src=\"https:\/\/www.radiopiu.net\/wordpress\/i-racconti-di-paolo-soppelsa-sessantesima-puntata\/embed\/#?secret=mGysMj06qE\" data-secret=\"mGysMj06qE\" width=\"600\" height=\"338\" frameborder=\"0\" marginwidth=\"0\" marginheight=\"0\" scrolling=\"no\"><\/iframe><\/p>\n<h3 class=\"kvgmc6g5 cxmmr5t8 oygrvhab hcukyx3x c1et5uql\"><span style=\"color: #0000ff;\">INFORMAZIONE il canale su TELEGRAM informazione di prima mano e in tempo reale. iscriviti ed aiutaci a farlo conoscere\u00a0<\/span><\/h3>\n<h2><span style=\"color: #33cccc;\"><strong>RACCOLTA COMPLETA<\/strong><\/span><\/h2>\n<blockquote class=\"wp-embedded-content\" data-secret=\"t8baAHIBTi\"><p><a href=\"https:\/\/www.radiopiu.net\/wordpress\/i-racconti-di-paolo-soppelsa\/\">I racconti di Paolo Soppelsa<\/a><\/p><\/blockquote>\n<p><iframe loading=\"lazy\" class=\"wp-embedded-content\" sandbox=\"allow-scripts\" security=\"restricted\" style=\"position: absolute; clip: rect(1px, 1px, 1px, 1px);\" title=\"&#8220;I racconti di Paolo Soppelsa&#8221; &#8212; Radio Pi\u00f9\" src=\"https:\/\/www.radiopiu.net\/wordpress\/i-racconti-di-paolo-soppelsa\/embed\/#?secret=t8baAHIBTi\" data-secret=\"t8baAHIBTi\" width=\"600\" height=\"338\" frameborder=\"0\" marginwidth=\"0\" marginheight=\"0\" scrolling=\"no\"><\/iframe><\/p>\n<\/div>\n<p>&nbsp;<\/p>\n<hr \/>\n<p>&nbsp;<\/p>\n<div>\n<h2><a href=\"https:\/\/www.radiopiu.net\/wordpress\/giornale-radiopiu-03-febbraio-2021-direttore-mirko-mezzacasa\/144740837_1579370235584371_5107242565289935770_n\/\" rel=\"attachment wp-att-188447\"><img loading=\"lazy\" decoding=\"async\" class=\"size-medium wp-image-188447 alignleft\" src=\"https:\/\/www.radiopiu.net\/wordpress\/wp-content\/uploads\/2021\/02\/144740837_1579370235584371_5107242565289935770_n-300x300.jpg\" alt=\"\" width=\"300\" height=\"300\" srcset=\"https:\/\/www.radiopiu.net\/wordpress\/wp-content\/uploads\/2021\/02\/144740837_1579370235584371_5107242565289935770_n-300x300.jpg 300w, https:\/\/www.radiopiu.net\/wordpress\/wp-content\/uploads\/2021\/02\/144740837_1579370235584371_5107242565289935770_n-150x150.jpg 150w, https:\/\/www.radiopiu.net\/wordpress\/wp-content\/uploads\/2021\/02\/144740837_1579370235584371_5107242565289935770_n.jpg 600w\" sizes=\"auto, (max-width: 300px) 100vw, 300px\" \/><\/a><\/h2>\n<h2><strong>LE\u00a0 PUNTATE di Luisa Alchini di Leggermente Bellunesi, la domenica alle 11, <span style=\"color: #0000ff;\">IL MARTEDI IN PRIMA EDIZIONE\u00a0<\/span> alle 10.30 e alle 19.00<\/strong><\/h2>\n<p><strong>LA PUNTATA DELLA SETTIMANA <\/strong>La delicatezza di Irene Pampanin nel libro &#8220;La ricetta della notte perfetta&#8221;<\/p>\n<audio class=\"wp-audio-shortcode\" id=\"audio-188828-24\" preload=\"none\" style=\"width: 100%;\" controls=\"controls\"><source type=\"audio\/mpeg\" src=\"https:\/\/www.radiopiu.net\/wordpress\/wp-content\/uploads\/2021\/02\/17leggermenteirenepampanin2021.mp3?_=24\" \/><a href=\"https:\/\/www.radiopiu.net\/wordpress\/wp-content\/uploads\/2021\/02\/17leggermenteirenepampanin2021.mp3\">https:\/\/www.radiopiu.net\/wordpress\/wp-content\/uploads\/2021\/02\/17leggermenteirenepampanin2021.mp3<\/a><\/audio>\n<h2><strong style=\"font-size: 14px;\"><span style=\"color: #000000;\">RACCOLTA COMPLETA<\/span><\/strong><\/h2>\n<\/div>\n<blockquote class=\"wp-embedded-content\" data-secret=\"qfSROLtwmV\"><p><a href=\"https:\/\/www.radiopiu.net\/wordpress\/leggermente-20\/\">LEGGERmente&#8230;Bellunesi<\/a><\/p><\/blockquote>\n<p><iframe loading=\"lazy\" class=\"wp-embedded-content\" sandbox=\"allow-scripts\" security=\"restricted\" style=\"position: absolute; clip: rect(1px, 1px, 1px, 1px);\" title=\"&#8220;LEGGERmente&#8230;Bellunesi&#8221; &#8212; Radio Pi\u00f9\" src=\"https:\/\/www.radiopiu.net\/wordpress\/leggermente-20\/embed\/#?secret=qfSROLtwmV\" data-secret=\"qfSROLtwmV\" width=\"600\" height=\"338\" frameborder=\"0\" marginwidth=\"0\" marginheight=\"0\" scrolling=\"no\"><\/iframe><\/p>\n<hr \/>\n<p>&nbsp;<\/p>\n<blockquote>\n<h3><a href=\"https:\/\/www.radiopiu.net\/wordpress\/almanacco-ladino-puntata-5-2020\/sn\/\" rel=\"attachment wp-att-180931\"><img loading=\"lazy\" decoding=\"async\" class=\"wp-image-180931 alignleft\" src=\"https:\/\/www.radiopiu.net\/wordpress\/wp-content\/uploads\/2020\/12\/sn-300x194.jpg\" alt=\"\" width=\"181\" height=\"117\" srcset=\"https:\/\/www.radiopiu.net\/wordpress\/wp-content\/uploads\/2020\/12\/sn-300x194.jpg 300w, https:\/\/www.radiopiu.net\/wordpress\/wp-content\/uploads\/2020\/12\/sn.jpg 626w\" sizes=\"auto, (max-width: 181px) 100vw, 181px\" \/><\/a>L&#8217;ALMANACCO LADINO CON L&#8217;ISTITUT CESA DE JAN QUINDICINALE APPUNTAMENTO. LA DOMENICA ALLE 9 IL LUNEDI ALLE 8.35 IL MARTEDI ALLE 12.35 IL MERCOLEDI ALLE 18.35. SECONDA STAGIONE.<\/h3>\n<\/blockquote>\n<p><strong>LA PUNTATA DELLA SETTIMANA<\/strong><\/p>\n<audio class=\"wp-audio-shortcode\" id=\"audio-188828-25\" preload=\"none\" style=\"width: 100%;\" controls=\"controls\"><source type=\"audio\/mpeg\" src=\"https:\/\/www.radiopiu.net\/wordpress\/wp-content\/uploads\/2020\/10\/51\u00b0Almanach_carlesce_scherzo.mp3?_=25\" \/><a href=\"https:\/\/www.radiopiu.net\/wordpress\/wp-content\/uploads\/2020\/10\/51\u00b0Almanach_carlesce_scherzo.mp3\">https:\/\/www.radiopiu.net\/wordpress\/wp-content\/uploads\/2020\/10\/51\u00b0Almanach_carlesce_scherzo.mp3<\/a><\/audio>\n<p><strong>RACCOLTA COMPLETA\u00a0<\/strong><\/p>\n<blockquote class=\"wp-embedded-content\" data-secret=\"doghI4UzWC\"><p><a href=\"https:\/\/www.radiopiu.net\/wordpress\/almanacco-ladino\/\">Almanacco Ladino<\/a><\/p><\/blockquote>\n<p><iframe loading=\"lazy\" class=\"wp-embedded-content\" sandbox=\"allow-scripts\" security=\"restricted\" style=\"position: absolute; clip: rect(1px, 1px, 1px, 1px);\" title=\"&#8220;Almanacco Ladino&#8221; &#8212; Radio Pi\u00f9\" src=\"https:\/\/www.radiopiu.net\/wordpress\/almanacco-ladino\/embed\/#?secret=doghI4UzWC\" data-secret=\"doghI4UzWC\" width=\"600\" height=\"338\" frameborder=\"0\" marginwidth=\"0\" marginheight=\"0\" scrolling=\"no\"><\/iframe><\/p>\n<p>&nbsp;<\/p>\n<\/div>\n<hr \/>\n<div>\n<h2><span style=\"color: #000080;\"><a class=\"dt-pswp-item\" href=\"https:\/\/www.radiopiu.net\/wordpress\/wp-content\/uploads\/2020\/10\/pp.jpg\" data-dt-img-description=\"\" data-large_image_width=\"640\" data-large_image_height=\"640\"><img loading=\"lazy\" decoding=\"async\" class=\"wp-image-163678 alignleft\" src=\"https:\/\/www.radiopiu.net\/wordpress\/wp-content\/uploads\/2020\/10\/pp-300x300.jpg\" alt=\"\" width=\"106\" height=\"106\" srcset=\"https:\/\/www.radiopiu.net\/wordpress\/wp-content\/uploads\/2020\/10\/pp-300x300.jpg 300w, https:\/\/www.radiopiu.net\/wordpress\/wp-content\/uploads\/2020\/10\/pp-150x150.jpg 150w, https:\/\/www.radiopiu.net\/wordpress\/wp-content\/uploads\/2020\/10\/pp-125x125.jpg 125w, https:\/\/www.radiopiu.net\/wordpress\/wp-content\/uploads\/2020\/10\/pp-200x200.jpg 200w, https:\/\/www.radiopiu.net\/wordpress\/wp-content\/uploads\/2020\/10\/pp-80x80.jpg 80w, https:\/\/www.radiopiu.net\/wordpress\/wp-content\/uploads\/2020\/10\/pp-480x480.jpg 480w, https:\/\/www.radiopiu.net\/wordpress\/wp-content\/uploads\/2020\/10\/pp.jpg 640w\" sizes=\"auto, (max-width: 106px) 100vw, 106px\" \/><\/a> <\/span><\/h2>\n<h2><span style=\"color: #000080;\">DON CESARE, IL PENSIERO DEL GIORNO. ALLA RADIO ALLE 7 DEL MATTINO E ALLE 19.30 DELLA SERA.\u00a0\u00a0<\/span><\/h2>\n<p>&nbsp;<\/p>\n<\/div>\n<p>&nbsp;<\/p>\n<audio class=\"wp-audio-shortcode\" id=\"audio-188828-26\" preload=\"none\" style=\"width: 100%;\" controls=\"controls\"><source type=\"audio\/mpeg\" src=\"https:\/\/www.radiopiu.net\/wordpress\/wp-content\/uploads\/2021\/02\/CESARE-4.mp3?_=26\" \/><a href=\"https:\/\/www.radiopiu.net\/wordpress\/wp-content\/uploads\/2021\/02\/CESARE-4.mp3\">https:\/\/www.radiopiu.net\/wordpress\/wp-content\/uploads\/2021\/02\/CESARE-4.mp3<\/a><\/audio>\n<hr \/>\n<p>&nbsp;<\/p>\n<div>\n<p class=\"photoswipe-wrapper\"><a class=\"dt-pswp-item pspw-wrap-ready\" href=\"https:\/\/i0.wp.com\/www.radiopiu.net\/wordpress\/wp-content\/uploads\/2018\/09\/viabilita.jpeg?ssl=1\" data-dt-img-description=\"\" data-large_image_width=\"800\" data-large_image_height=\"100\"><img loading=\"lazy\" decoding=\"async\" class=\"aligncenter wp-image-61954 size-full\" src=\"https:\/\/i0.wp.com\/www.radiopiu.net\/wordpress\/wp-content\/uploads\/2018\/09\/viabilita.jpeg?resize=800%2C100&amp;ssl=1\" sizes=\"auto, (max-width: 800px) 100vw, 800px\" srcset=\"https:\/\/i0.wp.com\/www.radiopiu.net\/wordpress\/wp-content\/uploads\/2018\/09\/viabilita.jpeg?w=800&amp;ssl=1 800w, https:\/\/i0.wp.com\/www.radiopiu.net\/wordpress\/wp-content\/uploads\/2018\/09\/viabilita.jpeg?resize=300%2C38&amp;ssl=1 300w, https:\/\/i0.wp.com\/www.radiopiu.net\/wordpress\/wp-content\/uploads\/2018\/09\/viabilita.jpeg?resize=768%2C96&amp;ssl=1 768w\" alt=\"\" width=\"800\" height=\"100\" \/><\/a><\/p>\n<\/div>\n<p>&nbsp;<\/p>\n<p><strong>SP 251 DELLA VAL DI ZOLDO E CELLINA<\/strong> Istituzione di senso unico alternato regolato da semaforo nel comune di Val di Zoldo per messa in sicurezza della strada<\/p>\n<p><strong>SP 473 DI CROCE D&#8217;AUNE<\/strong> interruzioni al traffico della durata massima di 20 minuti tra Ponte Otra e Sovramonte dal 26 al 29 gennaio, dalle 8:30 alle 17, per consentire taglio alberature pericolose e messa in sicurezza della strada<\/p>\n<p><strong>SP 1 MADONNA DEL PIAVE <\/strong>senso unico alternato regolato da semaforo fino al 15 gennaio in comune di Quero Vas per realizzazione tombinatura<\/p>\n<p><strong>SP 42 CAVALLERA<\/strong> fino a revoca, chiusura della strada nell&#8217;abitato di Perarolo per attivazione emergenza frana &#8220;Busa del Cristo&#8221;<\/p>\n<p><strong>S.P.2 DELLA VALLE DEL MIS\u00a0<\/strong>Interdizione totale al traffico fino a revoca dal km 14,920 (localit\u00e0 Gona Bassa) al km 20,650 (localit\u00e0 Titele) per cedimento della carreggiata<\/p>\n<p><strong>S.P. 5 DI LAMOSANO<\/strong>\u00a0Interdizione totale fino a revoca per presenza di materiale e alberi in strada.<\/p>\n<p><strong>S.P. 251 DI VAL DI ZOLDO E VAL CELLINA\u00a0<\/strong>dalla localit\u00e0 Soffranco fino all&#8217;imbocco nord della galleria S. Giovanni interdizione totale al transito per cedimento della carreggiata<\/p>\n<p><strong>SP 3 DELLA VAL IMPERINA<\/strong> fino a revoca, senso unico alternato regolato a vista in localit\u00e0 Gona di Conedera di Rivamonte per cedimento della carreggiata stradale<\/p>\n<p>&nbsp;<\/p>\n<div>\n<hr \/>\n<p>&nbsp;<\/p>\n<p class=\"photoswipe-wrapper\"><a class=\"dt-pswp-item pspw-wrap-ready\" href=\"https:\/\/i0.wp.com\/www.radiopiu.net\/wordpress\/wp-content\/uploads\/2018\/09\/WhatsApp-Image-2018-09-20-at-16.04.06.jpeg?ssl=1\" data-dt-img-description=\"\" data-large_image_width=\"800\" data-large_image_height=\"100\"><img loading=\"lazy\" decoding=\"async\" class=\"aligncenter wp-image-61378 size-full jetpack-lazy-image jetpack-lazy-image--handled\" src=\"https:\/\/i0.wp.com\/www.radiopiu.net\/wordpress\/wp-content\/uploads\/2018\/09\/WhatsApp-Image-2018-09-20-at-16.04.06.jpeg?resize=800%2C100&amp;ssl=1\" sizes=\"auto, (max-width: 800px) 100vw, 800px\" srcset=\"https:\/\/i0.wp.com\/www.radiopiu.net\/wordpress\/wp-content\/uploads\/2018\/09\/WhatsApp-Image-2018-09-20-at-16.04.06.jpeg?w=800&amp;ssl=1 800w, https:\/\/i0.wp.com\/www.radiopiu.net\/wordpress\/wp-content\/uploads\/2018\/09\/WhatsApp-Image-2018-09-20-at-16.04.06.jpeg?resize=300%2C38&amp;ssl=1 300w, https:\/\/i0.wp.com\/www.radiopiu.net\/wordpress\/wp-content\/uploads\/2018\/09\/WhatsApp-Image-2018-09-20-at-16.04.06.jpeg?resize=768%2C96&amp;ssl=1 768w\" alt=\"\" width=\"800\" height=\"100\" data-lazy-loaded=\"1\" \/><\/a><\/p>\n<p><b>\u00a0<\/b><\/p>\n<p><center><b>Venerdi 5<\/b><\/center><b>Tempo atteso: <\/b>Ssulle Prealpi cielo nuvoloso, spesso coperto, dove ci sar\u00e0 l&#8217;aggiunta delle nubi basse, oltre alle nubi medio-alte e alte stratiformi gi\u00e0 presenti dalla notte precedente. Sulle Dolomiti le chance di squarci di sereno saranno presenti al mattino, poi la nuvolosit\u00e0 medio-alta stratiforme aumenter\u00e0. Relativa mitezza in alta quota e contesto uggioso e fresco con debole escursione termica nei fondovalle.<br \/>\n<b>Precipitazioni: <\/b>Assenti (0%).<br \/>\n<b>Temperature: <\/b>In aumento sulle cime pi\u00f9 alte, stazionarie alle quote medie e in leggera flessione sotto i 1500 m, dove risentiranno della maggiore umidit\u00e0 rispetto a gioved\u00ec. Le massime toccheranno i 5\/6\u00b0C nei fondovalle prealpini e 5\/7\u00b0C a 1000\/1200 m. Su Prealpi a 1500 m min 2\u00b0C max 3\u00b0C, a 2000 m min 1\u00b0C max 2\u00b0C. Su Dolomiti a 2000 m min 0\u00b0C max 2\u00b0C, a 3000 m min -2\u00b0C max -1\u00b0C.<br \/>\n<b>Venti: <\/b>Deboli di direzione variabile nelle valli; in quota moderati\/tesi da sud-ovest al mattino, in rinforzo fino a risultare forti dal pomeriggio in poi sulle cime pi\u00f9 alte, a 5-20 km\/h a 2000 m e 35-50 km\/h a 3000 m.<\/p>\n<hr \/>\n<p><center><b>Sabato 6<\/b><\/center><b>Tempo atteso: <\/b>Sulle Dolomiti parzialmente soleggiato in quota e al mattino, prima che la nuvolosit\u00e0 stratiforme aumenti fino a totale copertura del cielo al pomeriggio\/sera. Nelle valli dolomitiche e ovunque sulle Prealpi cielo molto nuvoloso\/coperto tutto il giorno, anche per fitte nubi basse. Nel tardo pomeriggio\/sera lieve peggioramento con primi deboli fenomeni sparsi. Il contrasto meteorologico tra valli (frescura e cielo coperto) e alta quota (mitezza e sole) tender\u00e0 a svanire.<br \/>\n<b>Precipitazioni: <\/b>Assenti (0%) fino a met\u00e0 pomeriggio, in seguito aumento della probabilit\u00e0 per debolissime precipitazioni nel tardo pomeriggio\/sera (50\/60%), con qualche fiocco di neve sopra i 1700\/1900 m.<br \/>\n<b>Temperature: <\/b>Senza notevoli variazioni, salvo lieve flessione delle massime nelle valli. Su Prealpi a 1500 m min 2\u00b0C max 3\u00b0C, a 2000 m min 1\u00b0C max 2\u00b0C. Su Dolomiti a 2000 m min 0\u00b0C max 2\u00b0C, a 3000 m min -2\u00b0C max -1\u00b0C.<br \/>\n<b>Venti: <\/b>Deboli di direzione variabile nelle valli; in quota tesi\/forti da sud-ovest, in ulteriore rinforzo salla era sulle cime pi\u00f9 alte, a 15-35 km\/h a 2000 m e 45-85 km\/h a 3000 m.<\/p>\n<hr \/>\n<p><center><b>Domenica 7<\/b><\/center>Tra la notte ed il mattino tempo perturbato con cielo coperto e diffuse precipitazioni perlopi\u00f9 di moderata intensit\u00e0. Al pomeriggio attenuazione dei fenomeni che diventeranno deboli, intermittenti e sparsi. Il limite della neve scender\u00e0 dai 1600\/1700 m iniziali fino sui 1200\/1300 m al pomeriggio sulle Dolomiti, allorch\u00e9 rimarr\u00e0 sopra i 1400 m sulle Prealpi. Temperature in diminuzione, eccetto rialzo delle minime nei fondovalle. Venti moderati\/tesi da sud-ovest in quota, in attenuazione al pomeriggio; deboli di direzione variabile nelle valli.<\/p>\n<hr \/>\n<p><center><b>Lunedi 8<\/b><\/center>Nottetempo ed al mattino nuovo episodio perturbato con diffuse precipitazioni di debole\/moderata intensit\u00e0, nevose sopra i 900\/1100 m, localmente a quote pi\u00f9 basse sulle Dolomiti. In giornata fenomeni sempre pi\u00f9 residui, ma il cielo rimarr\u00e0 spesso molto nuvoloso, anche se con qualche chance di schiarite al pomeriggio. Temperature in lieve calo. In quota venti deboli da ovest al mattino, poi moderati da sud-ovest, anche tesi sulle cime pi\u00f9 alte; nelle valli deboli di direzione variabile. Previsore: R.L.Th.<\/p>\n<p>&nbsp;<\/p>\n<hr \/>\n<p>&nbsp;<\/p>\n<\/div>\n<\/div>\n<p><a href=\"https:\/\/www.radiopiu.net\/wordpress\/giornale-radiopiu-15-settembre-2018-direttore-mirko-mezzacasa\/sport-7\/\" rel=\"attachment wp-att-60761\"><img loading=\"lazy\" decoding=\"async\" class=\"aligncenter wp-image-60761 size-full\" src=\"https:\/\/www.radiopiu.net\/wordpress\/wp-content\/uploads\/2018\/09\/sport.jpg\" alt=\"\" width=\"800\" height=\"100\" srcset=\"https:\/\/www.radiopiu.net\/wordpress\/wp-content\/uploads\/2018\/09\/sport.jpg 800w, https:\/\/www.radiopiu.net\/wordpress\/wp-content\/uploads\/2018\/09\/sport-300x38.jpg 300w, https:\/\/www.radiopiu.net\/wordpress\/wp-content\/uploads\/2018\/09\/sport-768x96.jpg 768w\" sizes=\"auto, (max-width: 800px) 100vw, 800px\" \/><\/a><\/p>\n<p>&nbsp;<\/p>\n<blockquote>\n<h3>MICHELE COLETTI ALL&#8217;ADRIA RALLY SHOW ALLA VERNICE DELLA STAGIONE<\/h3>\n<\/blockquote>\n<p><span style=\"color: #ff0000;\"><em>\u00a0COLETTI-RICCIU&#8230;. CHE L&#8217;AVVENUTA ABBIA INIZIO<\/em><\/span><\/p>\n<p><strong>BELLUNO<\/strong><\/p>\n<p><strong>di ROBERTO BONA\u00a0<\/strong><\/p>\n<audio class=\"wp-audio-shortcode\" id=\"audio-188828-27\" preload=\"none\" style=\"width: 100%;\" controls=\"controls\"><source type=\"audio\/mpeg\" src=\"https:\/\/www.radiopiu.net\/wordpress\/wp-content\/uploads\/2021\/02\/ROBERTO.mp3?_=27\" \/><a href=\"https:\/\/www.radiopiu.net\/wordpress\/wp-content\/uploads\/2021\/02\/ROBERTO.mp3\">https:\/\/www.radiopiu.net\/wordpress\/wp-content\/uploads\/2021\/02\/ROBERTO.mp3<\/a><\/audio>\n\n\t\t\t<style type='text\/css'>\n\t\t\t\t#gallery-6 {\n\t\t\t\t\tmargin: auto;\n\t\t\t\t}\n\t\t\t\t#gallery-6 .gallery-item {\n\t\t\t\t\tfloat: left;\n\t\t\t\t\tmargin-top: 10px;\n\t\t\t\t\ttext-align: center;\n\t\t\t\t\twidth: 50%;\n\t\t\t\t}\n\t\t\t\t#gallery-6 img {\n\t\t\t\t\tborder: 2px solid #cfcfcf;\n\t\t\t\t}\n\t\t\t\t#gallery-6 .gallery-caption {\n\t\t\t\t\tmargin-left: 0;\n\t\t\t\t}\n\t\t\t\t\/* see gallery_shortcode() in wp-includes\/media.php *\/\n\t\t\t<\/style>\n\t\t<div id='gallery-6' class='dt-gallery-container gallery galleryid-188828 gallery-columns-2 gallery-size-full'><dl class='gallery-item'>\n\t\t\t\t<dt class='gallery-icon landscape'>\n\t\t\t\t\t<a class=\"rollover rollover-zoom dt-pswp-item\" title=\"028_0036\" data-dt-img-description=\"\" data-large_image_width=\"2560\" data-large_image_height=\"1707\"href='https:\/\/www.radiopiu.net\/wordpress\/wp-content\/uploads\/2021\/02\/028_0036-scaled.jpg'><img loading=\"lazy\" decoding=\"async\" width=\"2560\" height=\"1707\" src=\"https:\/\/www.radiopiu.net\/wordpress\/wp-content\/uploads\/2021\/02\/028_0036-scaled.jpg\" class=\"attachment-full size-full\" alt=\"\" srcset=\"https:\/\/www.radiopiu.net\/wordpress\/wp-content\/uploads\/2021\/02\/028_0036-scaled.jpg 2560w, https:\/\/www.radiopiu.net\/wordpress\/wp-content\/uploads\/2021\/02\/028_0036-300x200.jpg 300w, https:\/\/www.radiopiu.net\/wordpress\/wp-content\/uploads\/2021\/02\/028_0036-1024x683.jpg 1024w, https:\/\/www.radiopiu.net\/wordpress\/wp-content\/uploads\/2021\/02\/028_0036-768x512.jpg 768w, https:\/\/www.radiopiu.net\/wordpress\/wp-content\/uploads\/2021\/02\/028_0036-1536x1024.jpg 1536w, https:\/\/www.radiopiu.net\/wordpress\/wp-content\/uploads\/2021\/02\/028_0036-2048x1365.jpg 2048w\" sizes=\"auto, (max-width: 2560px) 100vw, 2560px\" \/><\/a>\n\t\t\t\t<\/dt><\/dl><dl class='gallery-item'>\n\t\t\t\t<dt class='gallery-icon landscape'>\n\t\t\t\t\t<a class=\"rollover rollover-zoom dt-pswp-item\" title=\"Peugeot-208-Rally4\" data-dt-img-description=\"\" data-large_image_width=\"1000\" data-large_image_height=\"680\"href='https:\/\/www.radiopiu.net\/wordpress\/wp-content\/uploads\/2021\/02\/Peugeot-208-Rally4.jpg'><img loading=\"lazy\" decoding=\"async\" width=\"1000\" height=\"680\" src=\"https:\/\/www.radiopiu.net\/wordpress\/wp-content\/uploads\/2021\/02\/Peugeot-208-Rally4.jpg\" class=\"attachment-full size-full\" alt=\"\" srcset=\"https:\/\/www.radiopiu.net\/wordpress\/wp-content\/uploads\/2021\/02\/Peugeot-208-Rally4.jpg 1000w, https:\/\/www.radiopiu.net\/wordpress\/wp-content\/uploads\/2021\/02\/Peugeot-208-Rally4-300x204.jpg 300w, https:\/\/www.radiopiu.net\/wordpress\/wp-content\/uploads\/2021\/02\/Peugeot-208-Rally4-768x522.jpg 768w\" sizes=\"auto, (max-width: 1000px) 100vw, 1000px\" \/><\/a>\n\t\t\t\t<\/dt><\/dl><br style=\"clear: both\" \/>\n\t\t\t<\/div>\n\n<p>&nbsp;<\/p>\n","protected":false},"excerpt":{"rendered":"<p>PER RICEVERE QUESTO NOTIZIARIO DIRETTAMENTE SUL TUO CELLULARE ISCRIVITI AL CANALE TELEGRAM \u201cRADIO PIU\u00a0 INFORMAZIONE&#8221;\u00a0 SUPERATI I 3000 ISCRITTI, il CANALE TELEGRAM&#8230; UNISCITI A: RADIO PIU INFORMAZIONE &nbsp; ATTENZIONE: LA NUOVA APP PER IOS-IPHONE di Nicola Vettorello https:\/\/apps.apple.com\/it\/app\/radio-pi%C3%B9-emittente-agordina\/id1515939845 ATTENZIONE: LA NUOVA APP RADIO\u00a0 PER ANDROID di Nicola Vettorello https:\/\/play.google.com\/store\/apps\/details?id=net.radiopiu.iniko\u00a0\u00a0 &nbsp; LA BELLA NOTIZIA, VERSO LA&hellip;<\/p>\n","protected":false},"author":4,"featured_media":188957,"comment_status":"closed","ping_status":"closed","sticky":false,"template":"","format":"standard","meta":{"_monsterinsights_skip_tracking":false,"_monsterinsights_sitenote_active":false,"_monsterinsights_sitenote_note":"","_monsterinsights_sitenote_category":0,"footnotes":""},"categories":[1,51,86,49],"tags":[],"class_list":["post-188828","post","type-post","status-publish","format-standard","has-post-thumbnail","hentry","category-senza-categoria","category-evidenza-top","category-gr","category-news-18","category-1","category-51","category-86","category-49","description-off"],"img_url":"https:\/\/www.radiopiu.net\/wordpress\/wp-content\/uploads\/2021\/02\/IMG-20210204-WA0014.jpg","_links":{"self":[{"href":"https:\/\/www.radiopiu.net\/wordpress\/wp-json\/wp\/v2\/posts\/188828","targetHints":{"allow":["GET"]}}],"collection":[{"href":"https:\/\/www.radiopiu.net\/wordpress\/wp-json\/wp\/v2\/posts"}],"about":[{"href":"https:\/\/www.radiopiu.net\/wordpress\/wp-json\/wp\/v2\/types\/post"}],"author":[{"embeddable":true,"href":"https:\/\/www.radiopiu.net\/wordpress\/wp-json\/wp\/v2\/users\/4"}],"replies":[{"embeddable":true,"href":"https:\/\/www.radiopiu.net\/wordpress\/wp-json\/wp\/v2\/comments?post=188828"}],"version-history":[{"count":0,"href":"https:\/\/www.radiopiu.net\/wordpress\/wp-json\/wp\/v2\/posts\/188828\/revisions"}],"wp:featuredmedia":[{"embeddable":true,"href":"https:\/\/www.radiopiu.net\/wordpress\/wp-json\/wp\/v2\/media\/188957"}],"wp:attachment":[{"href":"https:\/\/www.radiopiu.net\/wordpress\/wp-json\/wp\/v2\/media?parent=188828"}],"wp:term":[{"taxonomy":"category","embeddable":true,"href":"https:\/\/www.radiopiu.net\/wordpress\/wp-json\/wp\/v2\/categories?post=188828"},{"taxonomy":"post_tag","embeddable":true,"href":"https:\/\/www.radiopiu.net\/wordpress\/wp-json\/wp\/v2\/tags?post=188828"}],"curies":[{"name":"wp","href":"https:\/\/api.w.org\/{rel}","templated":true}]}}