{"id":188886,"date":"2021-02-04T11:56:27","date_gmt":"2021-02-04T10:56:27","guid":{"rendered":"https:\/\/www.radiopiu.net\/wordpress\/?p=188886"},"modified":"2021-02-04T11:56:27","modified_gmt":"2021-02-04T10:56:27","slug":"sette-operatori-della-gaggia-lante-rifiutano-il-vaccino","status":"publish","type":"post","link":"https:\/\/www.radiopiu.net\/wordpress\/sette-operatori-della-gaggia-lante-rifiutano-il-vaccino\/","title":{"rendered":"SETTE OPERATORI DELLA GAGGIA LANTE RIFIUTANO IL VACCINO"},"content":{"rendered":"<p><strong>BELLUNO <\/strong>Sette operatori della residenza &#8220;Gaggia Lante&#8221; SERSA Belluno hanno ritenuto di non sottoporsi al vaccino: un dato che desta una certa preoccupazione. Auspichiamo che il legislatore provveda quanto prima a introdurre l&#8217;obbligatoriet\u00e0 al vaccino, almeno per il personale impegnato nell&#8217;assistenza alle persone pi\u00f9 fragili. L&#8217;amministratore Paolo Santesso informa che da questa settimana sono ripresi i nuovi ingressi di anziani in struttura: ne abbiamo gi\u00e0 accolti 4, che stanno trascorrendo una breve quarantena prima dell&#8217;ingresso vero e proprio nei nuclei di destinazione Novit\u00e0 dalla prossima settimana: i familiari saranno contattati telefonicamente per essere informati sulle nuove modalit\u00e0 di visita ai residenti e avranno gi\u00e0 la possibilit\u00e0 di fissare i primi incontri che cominceranno il giorno 15 febbraio, nei locali appositamente adibiti (stanza degli incontri e Centro Servizi).<\/p>\n<p><strong>DALLA PAGINA FACEBOOK L&#8217;AMMINISTRATORE PAOLO SANTESSO<\/strong><\/p>\n<div style=\"width: 640px;\" class=\"wp-video\"><video class=\"wp-video-shortcode\" id=\"video-188886-1\" width=\"640\" height=\"352\" preload=\"metadata\" controls=\"controls\"><source type=\"video\/mp4\" src=\"https:\/\/www.radiopiu.net\/wordpress\/wp-content\/uploads\/2021\/02\/120626148_241133884150894_5851732766050846685_n.mp4?_=1\" \/><a href=\"https:\/\/www.radiopiu.net\/wordpress\/wp-content\/uploads\/2021\/02\/120626148_241133884150894_5851732766050846685_n.mp4\">https:\/\/www.radiopiu.net\/wordpress\/wp-content\/uploads\/2021\/02\/120626148_241133884150894_5851732766050846685_n.mp4<\/a><\/video><\/div>\n","protected":false},"excerpt":{"rendered":"<p>BELLUNO Sette operatori della residenza &#8220;Gaggia Lante&#8221; SERSA Belluno hanno ritenuto di non sottoporsi al vaccino: un dato che desta una certa preoccupazione. Auspichiamo che il legislatore provveda quanto prima a introdurre l&#8217;obbligatoriet\u00e0 al vaccino, almeno per il personale impegnato nell&#8217;assistenza alle persone pi\u00f9 fragili. L&#8217;amministratore Paolo Santesso informa che da questa settimana sono ripresi&hellip;<\/p>\n","protected":false},"author":4,"featured_media":188890,"comment_status":"closed","ping_status":"closed","sticky":false,"template":"","format":"standard","meta":{"_monsterinsights_skip_tracking":false,"_monsterinsights_sitenote_active":false,"_monsterinsights_sitenote_note":"","_monsterinsights_sitenote_category":0,"footnotes":""},"categories":[49],"tags":[],"class_list":["post-188886","post","type-post","status-publish","format-standard","has-post-thumbnail","hentry","category-news-18","category-49","description-off"],"img_url":"https:\/\/www.radiopiu.net\/wordpress\/wp-content\/uploads\/2021\/02\/GAGGIA-LANTE.jpg","_links":{"self":[{"href":"https:\/\/www.radiopiu.net\/wordpress\/wp-json\/wp\/v2\/posts\/188886","targetHints":{"allow":["GET"]}}],"collection":[{"href":"https:\/\/www.radiopiu.net\/wordpress\/wp-json\/wp\/v2\/posts"}],"about":[{"href":"https:\/\/www.radiopiu.net\/wordpress\/wp-json\/wp\/v2\/types\/post"}],"author":[{"embeddable":true,"href":"https:\/\/www.radiopiu.net\/wordpress\/wp-json\/wp\/v2\/users\/4"}],"replies":[{"embeddable":true,"href":"https:\/\/www.radiopiu.net\/wordpress\/wp-json\/wp\/v2\/comments?post=188886"}],"version-history":[{"count":0,"href":"https:\/\/www.radiopiu.net\/wordpress\/wp-json\/wp\/v2\/posts\/188886\/revisions"}],"wp:featuredmedia":[{"embeddable":true,"href":"https:\/\/www.radiopiu.net\/wordpress\/wp-json\/wp\/v2\/media\/188890"}],"wp:attachment":[{"href":"https:\/\/www.radiopiu.net\/wordpress\/wp-json\/wp\/v2\/media?parent=188886"}],"wp:term":[{"taxonomy":"category","embeddable":true,"href":"https:\/\/www.radiopiu.net\/wordpress\/wp-json\/wp\/v2\/categories?post=188886"},{"taxonomy":"post_tag","embeddable":true,"href":"https:\/\/www.radiopiu.net\/wordpress\/wp-json\/wp\/v2\/tags?post=188886"}],"curies":[{"name":"wp","href":"https:\/\/api.w.org\/{rel}","templated":true}]}}