{"id":189228,"date":"2021-02-05T23:59:09","date_gmt":"2021-02-05T22:59:09","guid":{"rendered":"https:\/\/www.radiopiu.net\/wordpress\/?p=189228"},"modified":"2021-02-06T06:24:31","modified_gmt":"2021-02-06T05:24:31","slug":"seggiolai-dellagordino-bel-libro-di-sandra-carmen-re-e-la-sommariva-di-renato-bona","status":"publish","type":"post","link":"https:\/\/www.radiopiu.net\/wordpress\/seggiolai-dellagordino-bel-libro-di-sandra-carmen-re-e-la-sommariva-di-renato-bona\/","title":{"rendered":"\u201cSEGGIOLAI DELL\u2019AGORDINO\u201d BEL LIBRO DI SANDRA CARMEN RE (E LA SOMMARIVA) di  RENATO BONA"},"content":{"rendered":"<p>Nell\u2019ottobre di vent\u2019anni fa, con la preziosa collaborazione di Emilia Sommariva (laureata in lingue e letterature straniere, premio speciale del Parco nazionale Dolomiti Bellunesi \u201cF. Caldart\u201d nel 1996, tra i soci fondatori e membro del direttivo del Club Unesco Agordino per il quale ha coordinato diverse attivit\u00e0 tra cui la mostra del 1999 dedicata ai seggiolai e la pubblicazione sul gergo degli stessi) Sandra Carmen Re (figlia di emigrati veneti, nata e cresciuta in Svizzera, laureata con tesi in etimologia sui seggiolai ambulanti dell\u2019Agordino da dove provenivano i nonni materni, master nel 2001 in etnologia-antropologia con una tesi sulle teorie dell\u2019educazione in una comunit\u00e0 afro-brasiliana) dava alle stampe per la Comunit\u00e0 montana Val Belluna ed il Museo etnografico della provincia di Belluno (col finanziamento della Comunit\u00e0 Europea ed il contributo delle Comunit\u00e0 montane Val Belluna, Cadore-Longaronese-Zoldano, Feltrina e dell\u2019Alpago), il libro \u201cSeggiolai dell\u2019Agordino\u201d che in copertina propone un\u2019immagine di seggiolai di Tiser di Gosaldo, scattata a Verona nel 1937, e nell\u2019ultima di copertina quella di Augusto Dalla Vista, di La Valle Agordina, immortalato a Bologna nel 1940. La pubblicazione del volume (foto attuali di Daniela Perco, altre immagini di Francesco De Melis ed Emilia Sommariva, disegni di Patrizia Pizzolotto), che \u00e8 stato coordinato dalla stessa Daniela Perco, direttrice del Museo etnografico bellunese, rientrava nell\u2019ambito del progetto \u201cLavorazione delle seggiole, della pietra e del legno\u201d, sub azione 6 6 relativa al \u201cRecupero di mestieri tradizionali e artistici\u201d. Quasi duecento pagine, stampate dalla tipolitografia DBS di Rasai di Seren del Grappa, articolate nei seguenti capitoli: \u201cLa vita itinerante dei seggiolai (Caregh\u00e8te e c\u00f3ntha, La regione di provenienza, Origini del mestiere, Emigrazione temporanea degli Agordini, Importanza del mestiere, L\u2019emigrazione stagionale nelle zone di montagna, Le condizioni di vita nelle citt\u00e0, Gli artigiani nelle campagne, Cercare lavoro, Il passaggio all\u2019albergo, Modo di vivere, Destinazioni, Mezzi di trasporto, Procedure amministrative)\u201d;Strumenti e tecniche di lavoro (Gli attrezzi, Gli strumenti di lavoro, Il lavoro in coppia, La lavorazione del legno e della paglia: taglio del legno con la sega, sgrossamento con l\u2019ascia, Levigatura con il cort\u00e8l da doi man, Foratura delle gambe in venti punti, Montaggio, Impagliatura, Il costo del lavoro)\u201d; \u201cIdentit\u00e0 e relazioni sociali (Gli ambulanti ed i sedentari, I contatti con i contadini della pianura, Il gergo dei seggiolai, Relazioni tra le squadre di seggiolai, Partecipazione alla vita comunitaria, Rapporti con la famiglia nell\u2019Agordino)\u201d; \u201cL\u2019apprendistato (La partenza dei ragazzi, L\u2019apprendimento della disciplina, L\u2019apprendimento della tecnica)\u201d; \u201cFine del mestiere (I cambiamenti provocati dalla seconda guerra mondiale, Cause dell\u2019abbandono del mestiere, Essere seggiolai nell\u2019era industriale, Riflessioni sul passaggio alla modernit\u00e0). Nell\u2019introduzione Daniela Perco precisa che il libro, frutto di un\u2019accurata ricerca sul terreno presenta una documentazione articolata sul lavoro dei seggiolai ambulanti dell\u2019Agordino opera di Sandra Carmen Re, la quale segue le vicende e le peregrinazioni di questi artigiani girovaghi che dalle montagne bellunesi raggiungono diverse regioni italiane e si spingono anche in Francia, ed evidenzia che \u201cLo sguardo privilegiato dell\u2019autrice \u00e8 quello della tecnologia culturale con un\u2019attenzione particolare alle conoscenze, alle abilit\u00e0 operative, alle autorappresentazioni e alle valutazioni delle attivit\u00e0 lavorative, ma anche all\u2019organizzazione sociale e culturale del seggiolaio\u201d. Non manca poi di evidenziare come: \u201cLa garanzia di un guadagno migliore di quello riservato a chi rimaneva nelle montagne agordine, non basta ai car\u00e8gh\u00e9te ad alleviare le sofferenze e le tensioni derivanti dal continuo girovagare, senza fissa dimora, dormendo in stalle e fienili, guardati con sospetto dai contadini. L\u2019opposizione tra la stabilit\u00e0, l\u2019ordine, la normalit\u00e0 dell\u2019abitare nei propri paesi di origine e l\u2019instabilit\u00e0, l\u2019avventura, il rischio, la mancanza di garanzie dello stare fuori, sono un leitmotiv nelle testimonianze dei seggiolai&#8230; Dentro la testa di questi artigiani di montagna ci sono mappe precisissime, con i nomi anche delle pi\u00f9 piccole localit\u00e0 o addirittura dei casolari dell\u2019Emilia Ronagna, della Toscana, della Savoia, della Lombardia. C\u2019\u00e8 la capacit\u00e0 di percorrere, con l\u2019ausilio di pochi riferimenti, distanze ragguardevoli con gli attrezzi in spalla\u201d. E conclude affermando che \u201cattraverso le memorie dei seggiolai, l\u2019autrice segue l\u2019inesorabile declino della loro attivit\u00e0, che corre parallelo all\u2019industrializzazione e all\u2019abbandono della campagna\u201d. Prima comunque evidenzia che \u201cQuello che colpisce \u00e8 la precocit\u00e0 di queste partenze, un\u2019iniziazione al lavoro che interrompe il gioco, che separa dagli affetti pi\u00f9 cari, che abitua all\u2019obbedienza e al rispetto delle gerarchie. Tutto ci\u00f2 che, per\u00f2, garantisce la sopravvivenza e la trasmissione di un sapere tecnico, che consentir\u00e0 da adulti di affrontare la vita e di metter su famiglia\u201d.<\/p>\n\n\t\t\t<style type='text\/css'>\n\t\t\t\t#gallery-1 {\n\t\t\t\t\tmargin: auto;\n\t\t\t\t}\n\t\t\t\t#gallery-1 .gallery-item {\n\t\t\t\t\tfloat: left;\n\t\t\t\t\tmargin-top: 10px;\n\t\t\t\t\ttext-align: center;\n\t\t\t\t\twidth: 20%;\n\t\t\t\t}\n\t\t\t\t#gallery-1 img {\n\t\t\t\t\tborder: 2px solid #cfcfcf;\n\t\t\t\t}\n\t\t\t\t#gallery-1 .gallery-caption {\n\t\t\t\t\tmargin-left: 0;\n\t\t\t\t}\n\t\t\t\t\/* see gallery_shortcode() in wp-includes\/media.php *\/\n\t\t\t<\/style>\n\t\t<div id='gallery-1' class='dt-gallery-container gallery galleryid-189228 gallery-columns-5 gallery-size-thumbnail'><dl class='gallery-item'>\n\t\t\t\t<dt class='gallery-icon portrait'>\n\t\t\t\t\t<a class=\"rollover rollover-zoom dt-pswp-item\" title=\"146725862_106861854654903_2473361789071125938_n\" data-dt-img-description=\"\" data-large_image_width=\"1029\" data-large_image_height=\"2048\"href='https:\/\/www.radiopiu.net\/wordpress\/wp-content\/uploads\/2021\/02\/146725862_106861854654903_2473361789071125938_n.jpg'><img loading=\"lazy\" decoding=\"async\" width=\"150\" height=\"150\" src=\"https:\/\/www.radiopiu.net\/wordpress\/wp-content\/uploads\/2021\/02\/146725862_106861854654903_2473361789071125938_n-150x150.jpg\" class=\"attachment-thumbnail size-thumbnail\" alt=\"\" \/><\/a>\n\t\t\t\t<\/dt><\/dl><dl class='gallery-item'>\n\t\t\t\t<dt class='gallery-icon portrait'>\n\t\t\t\t\t<a class=\"rollover rollover-zoom dt-pswp-item\" title=\"146751234_486691775829052_5419858193732466655_n\" data-dt-img-description=\"\" data-large_image_width=\"1373\" data-large_image_height=\"2048\"href='https:\/\/www.radiopiu.net\/wordpress\/wp-content\/uploads\/2021\/02\/146751234_486691775829052_5419858193732466655_n.jpg'><img loading=\"lazy\" decoding=\"async\" width=\"150\" height=\"150\" src=\"https:\/\/www.radiopiu.net\/wordpress\/wp-content\/uploads\/2021\/02\/146751234_486691775829052_5419858193732466655_n-150x150.jpg\" class=\"attachment-thumbnail size-thumbnail\" alt=\"\" \/><\/a>\n\t\t\t\t<\/dt><\/dl><dl class='gallery-item'>\n\t\t\t\t<dt class='gallery-icon portrait'>\n\t\t\t\t\t<a class=\"rollover rollover-zoom dt-pswp-item\" title=\"146630679_5193755084029986_327075755653744064_n\" data-dt-img-description=\"\" data-large_image_width=\"1468\" data-large_image_height=\"2048\"href='https:\/\/www.radiopiu.net\/wordpress\/wp-content\/uploads\/2021\/02\/146630679_5193755084029986_327075755653744064_n.jpg'><img loading=\"lazy\" decoding=\"async\" width=\"150\" height=\"150\" src=\"https:\/\/www.radiopiu.net\/wordpress\/wp-content\/uploads\/2021\/02\/146630679_5193755084029986_327075755653744064_n-150x150.jpg\" class=\"attachment-thumbnail size-thumbnail\" alt=\"\" \/><\/a>\n\t\t\t\t<\/dt><\/dl><dl class='gallery-item'>\n\t\t\t\t<dt class='gallery-icon portrait'>\n\t\t\t\t\t<a class=\"rollover rollover-zoom dt-pswp-item\" title=\"146756880_685733235440512_6554202042899396972_n\" data-dt-img-description=\"\" data-large_image_width=\"1322\" data-large_image_height=\"2048\"href='https:\/\/www.radiopiu.net\/wordpress\/wp-content\/uploads\/2021\/02\/146756880_685733235440512_6554202042899396972_n.jpg'><img loading=\"lazy\" decoding=\"async\" width=\"150\" height=\"150\" src=\"https:\/\/www.radiopiu.net\/wordpress\/wp-content\/uploads\/2021\/02\/146756880_685733235440512_6554202042899396972_n-150x150.jpg\" class=\"attachment-thumbnail size-thumbnail\" alt=\"\" \/><\/a>\n\t\t\t\t<\/dt><\/dl><dl class='gallery-item'>\n\t\t\t\t<dt class='gallery-icon portrait'>\n\t\t\t\t\t<a class=\"rollover rollover-zoom dt-pswp-item\" title=\"147621391_750985618872193_7985304985036745561_n\" data-dt-img-description=\"\" data-large_image_width=\"1478\" data-large_image_height=\"2048\"href='https:\/\/www.radiopiu.net\/wordpress\/wp-content\/uploads\/2021\/02\/147621391_750985618872193_7985304985036745561_n.jpg'><img loading=\"lazy\" decoding=\"async\" width=\"150\" height=\"150\" src=\"https:\/\/www.radiopiu.net\/wordpress\/wp-content\/uploads\/2021\/02\/147621391_750985618872193_7985304985036745561_n-150x150.jpg\" class=\"attachment-thumbnail size-thumbnail\" alt=\"\" \/><\/a>\n\t\t\t\t<\/dt><\/dl><br style=\"clear: both\" \/><dl class='gallery-item'>\n\t\t\t\t<dt class='gallery-icon landscape'>\n\t\t\t\t\t<a class=\"rollover rollover-zoom dt-pswp-item\" title=\"147317483_445182116895229_7440577243089729858_n\" data-dt-img-description=\"\" data-large_image_width=\"2048\" data-large_image_height=\"1390\"href='https:\/\/www.radiopiu.net\/wordpress\/wp-content\/uploads\/2021\/02\/147317483_445182116895229_7440577243089729858_n.jpg'><img loading=\"lazy\" decoding=\"async\" width=\"150\" height=\"150\" src=\"https:\/\/www.radiopiu.net\/wordpress\/wp-content\/uploads\/2021\/02\/147317483_445182116895229_7440577243089729858_n-150x150.jpg\" class=\"attachment-thumbnail size-thumbnail\" alt=\"\" \/><\/a>\n\t\t\t\t<\/dt><\/dl><dl class='gallery-item'>\n\t\t\t\t<dt class='gallery-icon portrait'>\n\t\t\t\t\t<a class=\"rollover rollover-zoom dt-pswp-item\" title=\"147094333_3809931215731249_3325541059960575872_n\" data-dt-img-description=\"\" data-large_image_width=\"228\" data-large_image_height=\"254\"href='https:\/\/www.radiopiu.net\/wordpress\/wp-content\/uploads\/2021\/02\/147094333_3809931215731249_3325541059960575872_n.jpg'><img loading=\"lazy\" decoding=\"async\" width=\"150\" height=\"150\" src=\"https:\/\/www.radiopiu.net\/wordpress\/wp-content\/uploads\/2021\/02\/147094333_3809931215731249_3325541059960575872_n-150x150.jpg\" class=\"attachment-thumbnail size-thumbnail\" alt=\"\" \/><\/a>\n\t\t\t\t<\/dt><\/dl><dl class='gallery-item'>\n\t\t\t\t<dt class='gallery-icon landscape'>\n\t\t\t\t\t<a class=\"rollover rollover-zoom dt-pswp-item\" title=\"145448772_336637007547362_2337706422048230656_n\" data-dt-img-description=\"\" data-large_image_width=\"261\" data-large_image_height=\"152\"href='https:\/\/www.radiopiu.net\/wordpress\/wp-content\/uploads\/2021\/02\/145448772_336637007547362_2337706422048230656_n.jpg'><img loading=\"lazy\" decoding=\"async\" width=\"150\" height=\"150\" src=\"https:\/\/www.radiopiu.net\/wordpress\/wp-content\/uploads\/2021\/02\/145448772_336637007547362_2337706422048230656_n-150x150.jpg\" class=\"attachment-thumbnail size-thumbnail\" alt=\"\" \/><\/a>\n\t\t\t\t<\/dt><\/dl><dl class='gallery-item'>\n\t\t\t\t<dt class='gallery-icon portrait'>\n\t\t\t\t\t<a class=\"rollover rollover-zoom dt-pswp-item\" title=\"147191972_322964212472248_5152932568646397327_n\" data-dt-img-description=\"\" data-large_image_width=\"257\" data-large_image_height=\"260\"href='https:\/\/www.radiopiu.net\/wordpress\/wp-content\/uploads\/2021\/02\/147191972_322964212472248_5152932568646397327_n.jpg'><img loading=\"lazy\" decoding=\"async\" width=\"150\" height=\"150\" src=\"https:\/\/www.radiopiu.net\/wordpress\/wp-content\/uploads\/2021\/02\/147191972_322964212472248_5152932568646397327_n-150x150.jpg\" class=\"attachment-thumbnail size-thumbnail\" alt=\"\" \/><\/a>\n\t\t\t\t<\/dt><\/dl><dl class='gallery-item'>\n\t\t\t\t<dt class='gallery-icon portrait'>\n\t\t\t\t\t<a class=\"rollover rollover-zoom dt-pswp-item\" title=\"147155497_2756127337937835_2236710739420985562_n\" data-dt-img-description=\"\" data-large_image_width=\"194\" data-large_image_height=\"260\"href='https:\/\/www.radiopiu.net\/wordpress\/wp-content\/uploads\/2021\/02\/147155497_2756127337937835_2236710739420985562_n.jpg'><img loading=\"lazy\" decoding=\"async\" width=\"150\" height=\"150\" src=\"https:\/\/www.radiopiu.net\/wordpress\/wp-content\/uploads\/2021\/02\/147155497_2756127337937835_2236710739420985562_n-150x150.jpg\" class=\"attachment-thumbnail size-thumbnail\" alt=\"\" \/><\/a>\n\t\t\t\t<\/dt><\/dl><br style=\"clear: both\" \/><dl class='gallery-item'>\n\t\t\t\t<dt class='gallery-icon landscape'>\n\t\t\t\t\t<a class=\"rollover rollover-zoom dt-pswp-item\" title=\"146742148_258990805837097_5049668900266689278_n\" data-dt-img-description=\"\" data-large_image_width=\"251\" data-large_image_height=\"172\"href='https:\/\/www.radiopiu.net\/wordpress\/wp-content\/uploads\/2021\/02\/146742148_258990805837097_5049668900266689278_n.jpg'><img loading=\"lazy\" decoding=\"async\" width=\"150\" height=\"150\" src=\"https:\/\/www.radiopiu.net\/wordpress\/wp-content\/uploads\/2021\/02\/146742148_258990805837097_5049668900266689278_n-150x150.jpg\" class=\"attachment-thumbnail size-thumbnail\" alt=\"\" \/><\/a>\n\t\t\t\t<\/dt><\/dl><dl class='gallery-item'>\n\t\t\t\t<dt class='gallery-icon portrait'>\n\t\t\t\t\t<a class=\"rollover rollover-zoom dt-pswp-item\" title=\"147156835_250958309806559_4569590906310063756_n\" data-dt-img-description=\"\" data-large_image_width=\"168\" data-large_image_height=\"255\"href='https:\/\/www.radiopiu.net\/wordpress\/wp-content\/uploads\/2021\/02\/147156835_250958309806559_4569590906310063756_n.jpg'><img loading=\"lazy\" decoding=\"async\" width=\"150\" height=\"150\" src=\"https:\/\/www.radiopiu.net\/wordpress\/wp-content\/uploads\/2021\/02\/147156835_250958309806559_4569590906310063756_n-150x150.jpg\" class=\"attachment-thumbnail size-thumbnail\" alt=\"\" \/><\/a>\n\t\t\t\t<\/dt><\/dl><dl class='gallery-item'>\n\t\t\t\t<dt class='gallery-icon landscape'>\n\t\t\t\t\t<a class=\"rollover rollover-zoom dt-pswp-item\" title=\"146616087_236455081487675_7084224290834188708_n\" data-dt-img-description=\"\" data-large_image_width=\"250\" data-large_image_height=\"240\"href='https:\/\/www.radiopiu.net\/wordpress\/wp-content\/uploads\/2021\/02\/146616087_236455081487675_7084224290834188708_n.jpg'><img loading=\"lazy\" decoding=\"async\" width=\"150\" height=\"150\" src=\"https:\/\/www.radiopiu.net\/wordpress\/wp-content\/uploads\/2021\/02\/146616087_236455081487675_7084224290834188708_n-150x150.jpg\" class=\"attachment-thumbnail size-thumbnail\" alt=\"\" \/><\/a>\n\t\t\t\t<\/dt><\/dl><dl class='gallery-item'>\n\t\t\t\t<dt class='gallery-icon landscape'>\n\t\t\t\t\t<a class=\"rollover rollover-zoom dt-pswp-item\" title=\"146740625_227301219060987_2163012000372127728_n\" data-dt-img-description=\"\" data-large_image_width=\"254\" data-large_image_height=\"160\"href='https:\/\/www.radiopiu.net\/wordpress\/wp-content\/uploads\/2021\/02\/146740625_227301219060987_2163012000372127728_n.jpg'><img loading=\"lazy\" decoding=\"async\" width=\"150\" height=\"150\" src=\"https:\/\/www.radiopiu.net\/wordpress\/wp-content\/uploads\/2021\/02\/146740625_227301219060987_2163012000372127728_n-150x150.jpg\" class=\"attachment-thumbnail size-thumbnail\" alt=\"\" \/><\/a>\n\t\t\t\t<\/dt><\/dl><dl class='gallery-item'>\n\t\t\t\t<dt class='gallery-icon portrait'>\n\t\t\t\t\t<a class=\"rollover rollover-zoom dt-pswp-item\" title=\"146593544_1087764071737225_2315569116213579756_n\" data-dt-img-description=\"\" data-large_image_width=\"1426\" data-large_image_height=\"2048\"href='https:\/\/www.radiopiu.net\/wordpress\/wp-content\/uploads\/2021\/02\/146593544_1087764071737225_2315569116213579756_n.jpg'><img loading=\"lazy\" decoding=\"async\" width=\"150\" height=\"150\" src=\"https:\/\/www.radiopiu.net\/wordpress\/wp-content\/uploads\/2021\/02\/146593544_1087764071737225_2315569116213579756_n-150x150.jpg\" class=\"attachment-thumbnail size-thumbnail\" alt=\"\" \/><\/a>\n\t\t\t\t<\/dt><\/dl><br style=\"clear: both\" \/>\n\t\t\t<\/div>\n\n<p>NELLE FOTO (riproduzioni dal libro \u201cSeggiolai dell\u2019Agordino\u201d): la copertina del volume; l\u2019ultima di copertina con la figura di Augusto Dalla Vista; il disegno \u201cSeggiolaio agordino\u201d di Giovanni Grevembrock, Venezia secolo XVII; la Conca di Agordo agli inizi del \u2018900; nella cartolina degli anni \u201940 del 900: squadra di seggiolai agordini; Piemonte 1928: seggiolai di Rivamonte in un momento di festa; Giuseppe De Zaiacomo e le figlie, di La Valle Agordina in Francia nel 1932; seggiolai di Voltago Agordino negli anni \u201940; Ponte Alto di Rivamonte, anni 40: il \u201csaepa\u201d (padrone) e il \u201cgab\u00f9ro\u201d (garzone); Var, Francia, 1934: Teofilo e Fioravante Selle di Tiser di Gosaldo; Giovanni Pasquali di Villagrande di Rivamonte, Francia 1930; il passaporto per l\u2019interno di un seggiolaio di Gosaldo, rilasciato nel 1899 (archivio Giocondo Dalle Feste); attrezzi dei seggiolai; Carrera di Gosaldo, 2001: Ceo Bressan di Sagron Mis mentre sgrezza il legno; stessa localit\u00e0 con Bernardo Chenet seduto sulla \u201cc\u00e0ora\u201d leviga le gambe delle sedie con il \u201ccort\u00e8l da d\u00f2i man\u201d.<\/p>\n","protected":false},"excerpt":{"rendered":"<p>Nell\u2019ottobre di vent\u2019anni fa, con la preziosa collaborazione di Emilia Sommariva (laureata in lingue e letterature straniere, premio speciale del Parco nazionale Dolomiti Bellunesi \u201cF. Caldart\u201d nel 1996, tra i soci fondatori e membro del direttivo del Club Unesco Agordino per il quale ha coordinato diverse attivit\u00e0 tra cui la mostra del 1999 dedicata ai&hellip;<\/p>\n","protected":false},"author":4,"featured_media":189223,"comment_status":"closed","ping_status":"closed","sticky":false,"template":"","format":"standard","meta":{"_monsterinsights_skip_tracking":false,"_monsterinsights_sitenote_active":false,"_monsterinsights_sitenote_note":"","_monsterinsights_sitenote_category":0,"footnotes":""},"categories":[104,49],"tags":[],"class_list":["post-189228","post","type-post","status-publish","format-standard","has-post-thumbnail","hentry","category-evidenza_3","category-news-18","category-104","category-49","description-off"],"img_url":"https:\/\/www.radiopiu.net\/wordpress\/wp-content\/uploads\/2021\/02\/147317483_445182116895229_7440577243089729858_n.jpg","_links":{"self":[{"href":"https:\/\/www.radiopiu.net\/wordpress\/wp-json\/wp\/v2\/posts\/189228","targetHints":{"allow":["GET"]}}],"collection":[{"href":"https:\/\/www.radiopiu.net\/wordpress\/wp-json\/wp\/v2\/posts"}],"about":[{"href":"https:\/\/www.radiopiu.net\/wordpress\/wp-json\/wp\/v2\/types\/post"}],"author":[{"embeddable":true,"href":"https:\/\/www.radiopiu.net\/wordpress\/wp-json\/wp\/v2\/users\/4"}],"replies":[{"embeddable":true,"href":"https:\/\/www.radiopiu.net\/wordpress\/wp-json\/wp\/v2\/comments?post=189228"}],"version-history":[{"count":0,"href":"https:\/\/www.radiopiu.net\/wordpress\/wp-json\/wp\/v2\/posts\/189228\/revisions"}],"wp:featuredmedia":[{"embeddable":true,"href":"https:\/\/www.radiopiu.net\/wordpress\/wp-json\/wp\/v2\/media\/189223"}],"wp:attachment":[{"href":"https:\/\/www.radiopiu.net\/wordpress\/wp-json\/wp\/v2\/media?parent=189228"}],"wp:term":[{"taxonomy":"category","embeddable":true,"href":"https:\/\/www.radiopiu.net\/wordpress\/wp-json\/wp\/v2\/categories?post=189228"},{"taxonomy":"post_tag","embeddable":true,"href":"https:\/\/www.radiopiu.net\/wordpress\/wp-json\/wp\/v2\/tags?post=189228"}],"curies":[{"name":"wp","href":"https:\/\/api.w.org\/{rel}","templated":true}]}}