{"id":189239,"date":"2021-02-05T16:56:01","date_gmt":"2021-02-05T15:56:01","guid":{"rendered":"https:\/\/www.radiopiu.net\/wordpress\/?p=189239"},"modified":"2021-02-05T16:58:31","modified_gmt":"2021-02-05T15:58:31","slug":"guardia-di-finanza","status":"publish","type":"post","link":"https:\/\/www.radiopiu.net\/wordpress\/guardia-di-finanza\/","title":{"rendered":"IL PREFETTO VISITA IL COMANDO DELLA GUARDIA DI FINANZA"},"content":{"rendered":"<p><strong>BELLUNO<\/strong> Il \u00a0Prefetto di Belluno, Sergio Bracco ha reso visita al Comando Provinciale della Guardia di Finanza. Ad accogliere il Prefetto il Comandante Provinciale interinale, Ten. Col. Aldo Tomada, il quale, dopo una breve visita alla caserma, ha presentato gli Ufficiali e gli Ispettori Comandanti dei Reparti sul territorio ed ha illustrato la struttura ordinativa del Comando Provinciale nonch\u00e9 le attivit\u00e0 istituzionali in corso. Specifico riferimento \u00e8 stato rivolto a favore dell\u2019imminente evento sportivo a carattere internazionale \u201cMondiali di Sci Alpino &#8211; Cortina 2021\u201d che vedr\u00e0 coinvolto anche il contingente della Guardia di Finanza, sia nella propria espressione territoriale che del comparto di specialit\u00e0 S.A.G.F., in piena collaborazione con tutte le Forze dell\u2019Ordine impiegate. Durante la visita, il Prefetto Bracco ha inteso esprimere la vicinanza del locale Ufficio Territoriale del Governo verso il Corpo, nell\u2019ottica di un rapporto, oramai consolidato negli anni, improntato alla fattiva collaborazione e completa sinergia di intenti, formulando a tutto il personale l\u2019augurio di un buon lavoro.<\/p>\n\n\t\t\t<style type='text\/css'>\n\t\t\t\t#gallery-1 {\n\t\t\t\t\tmargin: auto;\n\t\t\t\t}\n\t\t\t\t#gallery-1 .gallery-item {\n\t\t\t\t\tfloat: left;\n\t\t\t\t\tmargin-top: 10px;\n\t\t\t\t\ttext-align: center;\n\t\t\t\t\twidth: 33%;\n\t\t\t\t}\n\t\t\t\t#gallery-1 img {\n\t\t\t\t\tborder: 2px solid #cfcfcf;\n\t\t\t\t}\n\t\t\t\t#gallery-1 .gallery-caption {\n\t\t\t\t\tmargin-left: 0;\n\t\t\t\t}\n\t\t\t\t\/* see gallery_shortcode() in wp-includes\/media.php *\/\n\t\t\t<\/style>\n\t\t<div id='gallery-1' class='dt-gallery-container gallery galleryid-189239 gallery-columns-3 gallery-size-thumbnail'><dl class='gallery-item'>\n\t\t\t\t<dt class='gallery-icon landscape'>\n\t\t\t\t\t<a class=\"rollover rollover-zoom dt-pswp-item\" title=\"DSC_0506\" data-dt-img-description=\"\" data-large_image_width=\"2560\" data-large_image_height=\"1995\"href='https:\/\/www.radiopiu.net\/wordpress\/wp-content\/uploads\/2021\/02\/DSC_0506-scaled.jpg'><img loading=\"lazy\" decoding=\"async\" width=\"150\" height=\"150\" src=\"https:\/\/www.radiopiu.net\/wordpress\/wp-content\/uploads\/2021\/02\/DSC_0506-150x150.jpg\" class=\"attachment-thumbnail size-thumbnail\" alt=\"\" \/><\/a>\n\t\t\t\t<\/dt><\/dl><dl class='gallery-item'>\n\t\t\t\t<dt class='gallery-icon landscape'>\n\t\t\t\t\t<a class=\"rollover rollover-zoom dt-pswp-item\" title=\"DSC_0540\" data-dt-img-description=\"\" data-large_image_width=\"2560\" data-large_image_height=\"1883\"href='https:\/\/www.radiopiu.net\/wordpress\/wp-content\/uploads\/2021\/02\/DSC_0540-scaled.jpg'><img loading=\"lazy\" decoding=\"async\" width=\"150\" height=\"150\" src=\"https:\/\/www.radiopiu.net\/wordpress\/wp-content\/uploads\/2021\/02\/DSC_0540-150x150.jpg\" class=\"attachment-thumbnail size-thumbnail\" alt=\"\" \/><\/a>\n\t\t\t\t<\/dt><\/dl><dl class='gallery-item'>\n\t\t\t\t<dt class='gallery-icon landscape'>\n\t\t\t\t\t<a class=\"rollover rollover-zoom dt-pswp-item\" title=\"DSC_0528\" data-dt-img-description=\"\" data-large_image_width=\"2560\" data-large_image_height=\"1703\"href='https:\/\/www.radiopiu.net\/wordpress\/wp-content\/uploads\/2021\/02\/DSC_0528-scaled.jpg'><img loading=\"lazy\" decoding=\"async\" width=\"150\" height=\"150\" src=\"https:\/\/www.radiopiu.net\/wordpress\/wp-content\/uploads\/2021\/02\/DSC_0528-150x150.jpg\" class=\"attachment-thumbnail size-thumbnail\" alt=\"\" \/><\/a>\n\t\t\t\t<\/dt><\/dl><br style=\"clear: both\" \/>\n\t\t\t<\/div>\n\n<p>&nbsp;<\/p>\n<p>&nbsp;<\/p>\n","protected":false},"excerpt":{"rendered":"<p>BELLUNO Il \u00a0Prefetto di Belluno, Sergio Bracco ha reso visita al Comando Provinciale della Guardia di Finanza. Ad accogliere il Prefetto il Comandante Provinciale interinale, Ten. Col. Aldo Tomada, il quale, dopo una breve visita alla caserma, ha presentato gli Ufficiali e gli Ispettori Comandanti dei Reparti sul territorio ed ha illustrato la struttura ordinativa&hellip;<\/p>\n","protected":false},"author":4,"featured_media":189242,"comment_status":"closed","ping_status":"closed","sticky":false,"template":"","format":"standard","meta":{"_monsterinsights_skip_tracking":false,"_monsterinsights_sitenote_active":false,"_monsterinsights_sitenote_note":"","_monsterinsights_sitenote_category":0,"footnotes":""},"categories":[51,49],"tags":[],"class_list":["post-189239","post","type-post","status-publish","format-standard","has-post-thumbnail","hentry","category-evidenza-top","category-news-18","category-51","category-49","description-off"],"img_url":"https:\/\/www.radiopiu.net\/wordpress\/wp-content\/uploads\/2021\/02\/DSC_0528-scaled.jpg","_links":{"self":[{"href":"https:\/\/www.radiopiu.net\/wordpress\/wp-json\/wp\/v2\/posts\/189239","targetHints":{"allow":["GET"]}}],"collection":[{"href":"https:\/\/www.radiopiu.net\/wordpress\/wp-json\/wp\/v2\/posts"}],"about":[{"href":"https:\/\/www.radiopiu.net\/wordpress\/wp-json\/wp\/v2\/types\/post"}],"author":[{"embeddable":true,"href":"https:\/\/www.radiopiu.net\/wordpress\/wp-json\/wp\/v2\/users\/4"}],"replies":[{"embeddable":true,"href":"https:\/\/www.radiopiu.net\/wordpress\/wp-json\/wp\/v2\/comments?post=189239"}],"version-history":[{"count":0,"href":"https:\/\/www.radiopiu.net\/wordpress\/wp-json\/wp\/v2\/posts\/189239\/revisions"}],"wp:featuredmedia":[{"embeddable":true,"href":"https:\/\/www.radiopiu.net\/wordpress\/wp-json\/wp\/v2\/media\/189242"}],"wp:attachment":[{"href":"https:\/\/www.radiopiu.net\/wordpress\/wp-json\/wp\/v2\/media?parent=189239"}],"wp:term":[{"taxonomy":"category","embeddable":true,"href":"https:\/\/www.radiopiu.net\/wordpress\/wp-json\/wp\/v2\/categories?post=189239"},{"taxonomy":"post_tag","embeddable":true,"href":"https:\/\/www.radiopiu.net\/wordpress\/wp-json\/wp\/v2\/tags?post=189239"}],"curies":[{"name":"wp","href":"https:\/\/api.w.org\/{rel}","templated":true}]}}