{"id":189300,"date":"2021-02-07T07:12:13","date_gmt":"2021-02-07T06:12:13","guid":{"rendered":"https:\/\/www.radiopiu.net\/wordpress\/?p=189300"},"modified":"2021-02-07T10:40:38","modified_gmt":"2021-02-07T09:40:38","slug":"giornale-radiopiu-07-febbraio-2021-direttore-mirko-mezzacasa","status":"publish","type":"post","link":"https:\/\/www.radiopiu.net\/wordpress\/giornale-radiopiu-07-febbraio-2021-direttore-mirko-mezzacasa\/","title":{"rendered":"GIORNALE RADIOPIU 07 FEBBRAIO 2021 DIRETTORE MIRKO MEZZACASA"},"content":{"rendered":"<h3><a href=\"https:\/\/www.radiopiu.net\/wordpress\/giornale-radiopiu-24-gennaio-2021-direttore-mirko-mezzacasa\/141433770_171616291414874_2957460898102012198_n\/\" rel=\"attachment wp-att-186566\"><img loading=\"lazy\" decoding=\"async\" class=\"wp-image-186566 alignleft\" src=\"https:\/\/www.radiopiu.net\/wordpress\/wp-content\/uploads\/2021\/01\/141433770_171616291414874_2957460898102012198_n-300x300.jpg\" alt=\"\" width=\"144\" height=\"144\" srcset=\"https:\/\/www.radiopiu.net\/wordpress\/wp-content\/uploads\/2021\/01\/141433770_171616291414874_2957460898102012198_n-300x300.jpg 300w, https:\/\/www.radiopiu.net\/wordpress\/wp-content\/uploads\/2021\/01\/141433770_171616291414874_2957460898102012198_n-150x150.jpg 150w, https:\/\/www.radiopiu.net\/wordpress\/wp-content\/uploads\/2021\/01\/141433770_171616291414874_2957460898102012198_n-768x768.jpg 768w, https:\/\/www.radiopiu.net\/wordpress\/wp-content\/uploads\/2021\/01\/141433770_171616291414874_2957460898102012198_n.jpg 800w\" sizes=\"auto, (max-width: 144px) 100vw, 144px\" \/><\/a>PER<strong> RICEVERE QUESTO NOTIZIARIO DIRETTAMENTE SUL TUO CELLULARE ISCRIVITI AL CANALE TELEGRAM <\/strong><strong>\u201cRADIO PIU\u00a0 INFORMAZIONE&#8221;\u00a0<\/strong><\/h3>\n<h3>SUPERATI I 3000 ISCRITTI, il CANALE TELEGRAM&#8230; UNISCITI A: RADIO PIU INFORMAZIONE<\/h3>\n<p>&nbsp;<\/p>\n<p><em><a href=\"https:\/\/www.radiopiu.net\/wordpress\/giornale-radiopiu-24-gennaio-2021-direttore-mirko-mezzacasa\/79216601_126817312416448_708980208774483089_n\/\" rel=\"attachment wp-att-186567\"><img loading=\"lazy\" decoding=\"async\" class=\"size-medium wp-image-186567 alignright\" src=\"https:\/\/www.radiopiu.net\/wordpress\/wp-content\/uploads\/2021\/01\/79216601_126817312416448_708980208774483089_n-300x114.jpg\" alt=\"\" width=\"300\" height=\"114\" srcset=\"https:\/\/www.radiopiu.net\/wordpress\/wp-content\/uploads\/2021\/01\/79216601_126817312416448_708980208774483089_n-300x114.jpg 300w, https:\/\/www.radiopiu.net\/wordpress\/wp-content\/uploads\/2021\/01\/79216601_126817312416448_708980208774483089_n-768x292.jpg 768w, https:\/\/www.radiopiu.net\/wordpress\/wp-content\/uploads\/2021\/01\/79216601_126817312416448_708980208774483089_n.jpg 820w\" sizes=\"auto, (max-width: 300px) 100vw, 300px\" \/><\/a><span style=\"color: #ff0000;\">ATTENZIONE: LA NUOVA APP PER IOS-IPHONE di Nicola Vettorello <\/span><\/em><a href=\"https:\/\/apps.apple.com\/it\/app\/radio-pi%C3%B9-emittente-agordina\/id1515939845\">https:\/\/apps.apple.com\/it\/app\/radio-pi%C3%B9-emittente-agordina\/id1515939845<\/a> <em style=\"color: #ff0000;\">ATTENZIONE: LA NUOVA APP RADIO\u00a0 PER ANDROID di Nicola Vettorello<\/em><\/p>\n<p><a href=\"https:\/\/play.google.com\/store\/apps\/details?id=net.radiopiu.iniko\" target=\"_blank\" rel=\"noopener noreferrer\">https:\/\/play.google.com\/store\/apps\/details?id=net.radiopiu.iniko\u00a0\u00a0<\/a><\/p>\n<p>&nbsp;<\/p>\n<p>&nbsp;<\/p>\n<hr \/>\n<p>&nbsp;<\/p>\n<blockquote>\n<h2>IL GIORNO DEI MONDIALI DI CORTINA. ALLE 18 L&#8217;INAUGURAZIONE<\/h2>\n<\/blockquote>\n<p><strong><span style=\"color: #0000ff;\">LA MACCHINA DELLA SICUREZZA&#8230; ANCHE A QUATTRO ZAMPE\u00a0<\/span><\/strong><\/p>\n<p><span style=\"color: #0000ff;\">SICUREZZA MONDIALE<\/span>&#8230;. con il gruppo cinofilo&#8230;. con uomini e mezzi sula Tofana come spiega l&#8217;ispettore Superiore Paolo De Zordo<\/p>\n<p>&nbsp;<\/p>\n\n\t\t\t<style type='text\/css'>\n\t\t\t\t#gallery-1 {\n\t\t\t\t\tmargin: auto;\n\t\t\t\t}\n\t\t\t\t#gallery-1 .gallery-item {\n\t\t\t\t\tfloat: left;\n\t\t\t\t\tmargin-top: 10px;\n\t\t\t\t\ttext-align: center;\n\t\t\t\t\twidth: 25%;\n\t\t\t\t}\n\t\t\t\t#gallery-1 img {\n\t\t\t\t\tborder: 2px solid #cfcfcf;\n\t\t\t\t}\n\t\t\t\t#gallery-1 .gallery-caption {\n\t\t\t\t\tmargin-left: 0;\n\t\t\t\t}\n\t\t\t\t\/* see gallery_shortcode() in wp-includes\/media.php *\/\n\t\t\t<\/style>\n\t\t<div id='gallery-1' class='dt-gallery-container gallery galleryid-189300 gallery-columns-4 gallery-size-thumbnail'><dl class='gallery-item'>\n\t\t\t\t<dt class='gallery-icon portrait'>\n\t\t\t\t\t<a class=\"rollover rollover-zoom dt-pswp-item\" title=\"3c559cb0-c892-49c3-90b5-f236a95d13d8\" data-dt-img-description=\"\" data-large_image_width=\"1200\" data-large_image_height=\"1600\"href='https:\/\/www.radiopiu.net\/wordpress\/wp-content\/uploads\/2021\/02\/3c559cb0-c892-49c3-90b5-f236a95d13d8.jpg'><img loading=\"lazy\" decoding=\"async\" width=\"150\" height=\"150\" src=\"https:\/\/www.radiopiu.net\/wordpress\/wp-content\/uploads\/2021\/02\/3c559cb0-c892-49c3-90b5-f236a95d13d8-150x150.jpg\" class=\"attachment-thumbnail size-thumbnail\" alt=\"\" \/><\/a>\n\t\t\t\t<\/dt><\/dl><dl class='gallery-item'>\n\t\t\t\t<dt class='gallery-icon portrait'>\n\t\t\t\t\t<a class=\"rollover rollover-zoom dt-pswp-item\" title=\"29a9388e-d942-4009-8141-54939146f958\" data-dt-img-description=\"\" data-large_image_width=\"1200\" data-large_image_height=\"1600\"href='https:\/\/www.radiopiu.net\/wordpress\/wp-content\/uploads\/2021\/02\/29a9388e-d942-4009-8141-54939146f958.jpg'><img loading=\"lazy\" decoding=\"async\" width=\"150\" height=\"150\" src=\"https:\/\/www.radiopiu.net\/wordpress\/wp-content\/uploads\/2021\/02\/29a9388e-d942-4009-8141-54939146f958-150x150.jpg\" class=\"attachment-thumbnail size-thumbnail\" alt=\"\" \/><\/a>\n\t\t\t\t<\/dt><\/dl><dl class='gallery-item'>\n\t\t\t\t<dt class='gallery-icon portrait'>\n\t\t\t\t\t<a class=\"rollover rollover-zoom dt-pswp-item\" title=\"ed37dd5d-bac5-4f0d-be7d-61c307e70234\" data-dt-img-description=\"\" data-large_image_width=\"1200\" data-large_image_height=\"1600\"href='https:\/\/www.radiopiu.net\/wordpress\/wp-content\/uploads\/2021\/02\/ed37dd5d-bac5-4f0d-be7d-61c307e70234.jpg'><img loading=\"lazy\" decoding=\"async\" width=\"150\" height=\"150\" src=\"https:\/\/www.radiopiu.net\/wordpress\/wp-content\/uploads\/2021\/02\/ed37dd5d-bac5-4f0d-be7d-61c307e70234-150x150.jpg\" class=\"attachment-thumbnail size-thumbnail\" alt=\"\" \/><\/a>\n\t\t\t\t<\/dt><\/dl><dl class='gallery-item'>\n\t\t\t\t<dt class='gallery-icon portrait'>\n\t\t\t\t\t<a class=\"rollover rollover-zoom dt-pswp-item\" title=\"52e1bbe7-2f99-487f-a05a-9b16aeeaac7d\" data-dt-img-description=\"\" data-large_image_width=\"1200\" data-large_image_height=\"1600\"href='https:\/\/www.radiopiu.net\/wordpress\/wp-content\/uploads\/2021\/02\/52e1bbe7-2f99-487f-a05a-9b16aeeaac7d.jpg'><img loading=\"lazy\" decoding=\"async\" width=\"150\" height=\"150\" src=\"https:\/\/www.radiopiu.net\/wordpress\/wp-content\/uploads\/2021\/02\/52e1bbe7-2f99-487f-a05a-9b16aeeaac7d-150x150.jpg\" class=\"attachment-thumbnail size-thumbnail\" alt=\"\" \/><\/a>\n\t\t\t\t<\/dt><\/dl><br style=\"clear: both\" \/>\n\t\t\t<\/div>\n\n<blockquote><p><strong><em>\u00a0A Cortina sono arrivati gli uomini con i loro amici\u00a0 Elivs e Spock. I due labrador della Questura di Venezia e Bologna, entrambi specializzati nella ricerca ATF &#8211; Antiesplosivo,\u00a0 sono sulle piste dei Mondiali di sci con i loro conduttori.\u00a0\u00a0<\/em><\/strong><\/p><\/blockquote>\n<p><strong>AUDIO\u00a0<\/strong><\/p>\n<audio class=\"wp-audio-shortcode\" id=\"audio-189300-1\" preload=\"none\" style=\"width: 100%;\" controls=\"controls\"><source type=\"audio\/mpeg\" src=\"https:\/\/www.radiopiu.net\/wordpress\/wp-content\/uploads\/2021\/02\/wirna-2-co.mp3?_=1\" \/><a href=\"https:\/\/www.radiopiu.net\/wordpress\/wp-content\/uploads\/2021\/02\/wirna-2-co.mp3\">https:\/\/www.radiopiu.net\/wordpress\/wp-content\/uploads\/2021\/02\/wirna-2-co.mp3<\/a><\/audio>\n<p><span style=\"color: #0000ff;\">\u00a0<\/span><\/p>\n<p><span style=\"color: #0000ff;\">COLLABORAZIONE, WIRNA TRICHES_BARBARA BORTOLUZZI<\/span><\/p>\n\n\t\t\t<style type='text\/css'>\n\t\t\t\t#gallery-2 {\n\t\t\t\t\tmargin: auto;\n\t\t\t\t}\n\t\t\t\t#gallery-2 .gallery-item {\n\t\t\t\t\tfloat: left;\n\t\t\t\t\tmargin-top: 10px;\n\t\t\t\t\ttext-align: center;\n\t\t\t\t\twidth: 20%;\n\t\t\t\t}\n\t\t\t\t#gallery-2 img {\n\t\t\t\t\tborder: 2px solid #cfcfcf;\n\t\t\t\t}\n\t\t\t\t#gallery-2 .gallery-caption {\n\t\t\t\t\tmargin-left: 0;\n\t\t\t\t}\n\t\t\t\t\/* see gallery_shortcode() in wp-includes\/media.php *\/\n\t\t\t<\/style>\n\t\t<div id='gallery-2' class='dt-gallery-container gallery galleryid-189300 gallery-columns-5 gallery-size-thumbnail'><dl class='gallery-item'>\n\t\t\t\t<dt class='gallery-icon portrait'>\n\t\t\t\t\t<a class=\"rollover rollover-zoom dt-pswp-item\" title=\"6aac25bb-d69e-4b77-b6c3-a5955a34a432\" data-dt-img-description=\"\" data-large_image_width=\"1200\" data-large_image_height=\"1600\"href='https:\/\/www.radiopiu.net\/wordpress\/wp-content\/uploads\/2021\/02\/6aac25bb-d69e-4b77-b6c3-a5955a34a432.jpg'><img loading=\"lazy\" decoding=\"async\" width=\"150\" height=\"150\" src=\"https:\/\/www.radiopiu.net\/wordpress\/wp-content\/uploads\/2021\/02\/6aac25bb-d69e-4b77-b6c3-a5955a34a432-150x150.jpg\" class=\"attachment-thumbnail size-thumbnail\" alt=\"\" aria-describedby=\"gallery-2-189187\" \/><\/a>\n\t\t\t\t<\/dt>\n\t\t\t\t\t<dd class='wp-caption-text gallery-caption' id='gallery-2-189187'>\n\t\t\t\t\tFABIO MAZZOLATO\n\t\t\t\t\t<\/dd><\/dl><dl class='gallery-item'>\n\t\t\t\t<dt class='gallery-icon portrait'>\n\t\t\t\t\t<a class=\"rollover rollover-zoom dt-pswp-item\" title=\"e02a60ad-927c-4a98-aa11-b2e72b3f65db\" data-dt-img-description=\"\" data-large_image_width=\"1368\" data-large_image_height=\"1824\"href='https:\/\/www.radiopiu.net\/wordpress\/wp-content\/uploads\/2021\/02\/e02a60ad-927c-4a98-aa11-b2e72b3f65db.jpg'><img loading=\"lazy\" decoding=\"async\" width=\"150\" height=\"150\" src=\"https:\/\/www.radiopiu.net\/wordpress\/wp-content\/uploads\/2021\/02\/e02a60ad-927c-4a98-aa11-b2e72b3f65db-150x150.jpg\" class=\"attachment-thumbnail size-thumbnail\" alt=\"\" aria-describedby=\"gallery-2-189198\" \/><\/a>\n\t\t\t\t<\/dt>\n\t\t\t\t\t<dd class='wp-caption-text gallery-caption' id='gallery-2-189198'>\n\t\t\t\t\tELVIS\n\t\t\t\t\t<\/dd><\/dl><dl class='gallery-item'>\n\t\t\t\t<dt class='gallery-icon portrait'>\n\t\t\t\t\t<a class=\"rollover rollover-zoom dt-pswp-item\" title=\"f04c1dbe-8344-43bf-b937-f9bdb1b7668a\" data-dt-img-description=\"\" data-large_image_width=\"1368\" data-large_image_height=\"1824\"href='https:\/\/www.radiopiu.net\/wordpress\/wp-content\/uploads\/2021\/02\/f04c1dbe-8344-43bf-b937-f9bdb1b7668a.jpg'><img loading=\"lazy\" decoding=\"async\" width=\"150\" height=\"150\" src=\"https:\/\/www.radiopiu.net\/wordpress\/wp-content\/uploads\/2021\/02\/f04c1dbe-8344-43bf-b937-f9bdb1b7668a-150x150.jpg\" class=\"attachment-thumbnail size-thumbnail\" alt=\"\" aria-describedby=\"gallery-2-189199\" \/><\/a>\n\t\t\t\t<\/dt>\n\t\t\t\t\t<dd class='wp-caption-text gallery-caption' id='gallery-2-189199'>\n\t\t\t\t\tELVIS\n\t\t\t\t\t<\/dd><\/dl><dl class='gallery-item'>\n\t\t\t\t<dt class='gallery-icon portrait'>\n\t\t\t\t\t<a class=\"rollover rollover-zoom dt-pswp-item\" title=\"daa19b7e-fd1f-45a9-ba7f-302cfc1ed0ef\" data-dt-img-description=\"\" data-large_image_width=\"1368\" data-large_image_height=\"1824\"href='https:\/\/www.radiopiu.net\/wordpress\/wp-content\/uploads\/2021\/02\/daa19b7e-fd1f-45a9-ba7f-302cfc1ed0ef.jpg'><img loading=\"lazy\" decoding=\"async\" width=\"150\" height=\"150\" src=\"https:\/\/www.radiopiu.net\/wordpress\/wp-content\/uploads\/2021\/02\/daa19b7e-fd1f-45a9-ba7f-302cfc1ed0ef-150x150.jpg\" class=\"attachment-thumbnail size-thumbnail\" alt=\"\" aria-describedby=\"gallery-2-189196\" \/><\/a>\n\t\t\t\t<\/dt>\n\t\t\t\t\t<dd class='wp-caption-text gallery-caption' id='gallery-2-189196'>\n\t\t\t\t\tELVIS\n\t\t\t\t\t<\/dd><\/dl><dl class='gallery-item'>\n\t\t\t\t<dt class='gallery-icon portrait'>\n\t\t\t\t\t<a class=\"rollover rollover-zoom dt-pswp-item\" title=\"1a5c275e-0924-4ef6-a684-08f171aaad59\" data-dt-img-description=\"\" data-large_image_width=\"1368\" data-large_image_height=\"1824\"href='https:\/\/www.radiopiu.net\/wordpress\/wp-content\/uploads\/2021\/02\/1a5c275e-0924-4ef6-a684-08f171aaad59.jpg'><img loading=\"lazy\" decoding=\"async\" width=\"150\" height=\"150\" src=\"https:\/\/www.radiopiu.net\/wordpress\/wp-content\/uploads\/2021\/02\/1a5c275e-0924-4ef6-a684-08f171aaad59-150x150.jpg\" class=\"attachment-thumbnail size-thumbnail\" alt=\"\" aria-describedby=\"gallery-2-189203\" \/><\/a>\n\t\t\t\t<\/dt>\n\t\t\t\t\t<dd class='wp-caption-text gallery-caption' id='gallery-2-189203'>\n\t\t\t\t\tELVIS\n\t\t\t\t\t<\/dd><\/dl><br style=\"clear: both\" \/><dl class='gallery-item'>\n\t\t\t\t<dt class='gallery-icon portrait'>\n\t\t\t\t\t<a class=\"rollover rollover-zoom dt-pswp-item\" title=\"5e2290c6-2da6-44bb-9fcf-12646bc46c0c\" data-dt-img-description=\"\" data-large_image_width=\"946\" data-large_image_height=\"2048\"href='https:\/\/www.radiopiu.net\/wordpress\/wp-content\/uploads\/2021\/02\/5e2290c6-2da6-44bb-9fcf-12646bc46c0c.jpg'><img loading=\"lazy\" decoding=\"async\" width=\"150\" height=\"150\" src=\"https:\/\/www.radiopiu.net\/wordpress\/wp-content\/uploads\/2021\/02\/5e2290c6-2da6-44bb-9fcf-12646bc46c0c-150x150.jpg\" class=\"attachment-thumbnail size-thumbnail\" alt=\"\" aria-describedby=\"gallery-2-189186\" \/><\/a>\n\t\t\t\t<\/dt>\n\t\t\t\t\t<dd class='wp-caption-text gallery-caption' id='gallery-2-189186'>\n\t\t\t\t\tSPOCK\n\t\t\t\t\t<\/dd><\/dl><dl class='gallery-item'>\n\t\t\t\t<dt class='gallery-icon portrait'>\n\t\t\t\t\t<a class=\"rollover rollover-zoom dt-pswp-item\" title=\"65e23baf-f838-4cee-9992-4e7e76c9136d\" data-dt-img-description=\"\" data-large_image_width=\"946\" data-large_image_height=\"2048\"href='https:\/\/www.radiopiu.net\/wordpress\/wp-content\/uploads\/2021\/02\/65e23baf-f838-4cee-9992-4e7e76c9136d-1.jpg'><img loading=\"lazy\" decoding=\"async\" width=\"150\" height=\"150\" src=\"https:\/\/www.radiopiu.net\/wordpress\/wp-content\/uploads\/2021\/02\/65e23baf-f838-4cee-9992-4e7e76c9136d-1-150x150.jpg\" class=\"attachment-thumbnail size-thumbnail\" alt=\"\" aria-describedby=\"gallery-2-189467\" \/><\/a>\n\t\t\t\t<\/dt>\n\t\t\t\t\t<dd class='wp-caption-text gallery-caption' id='gallery-2-189467'>\n\t\t\t\t\tSPOCK\n\t\t\t\t\t<\/dd><\/dl><dl class='gallery-item'>\n\t\t\t\t<dt class='gallery-icon portrait'>\n\t\t\t\t\t<a class=\"rollover rollover-zoom dt-pswp-item\" title=\"fccf4f2a-ad26-4f5d-9d4d-16e54b413644\" data-dt-img-description=\"\" data-large_image_width=\"1200\" data-large_image_height=\"1600\"href='https:\/\/www.radiopiu.net\/wordpress\/wp-content\/uploads\/2021\/02\/fccf4f2a-ad26-4f5d-9d4d-16e54b413644.jpg'><img loading=\"lazy\" decoding=\"async\" width=\"150\" height=\"150\" src=\"https:\/\/www.radiopiu.net\/wordpress\/wp-content\/uploads\/2021\/02\/fccf4f2a-ad26-4f5d-9d4d-16e54b413644-150x150.jpg\" class=\"attachment-thumbnail size-thumbnail\" alt=\"\" \/><\/a>\n\t\t\t\t<\/dt><\/dl><dl class='gallery-item'>\n\t\t\t\t<dt class='gallery-icon portrait'>\n\t\t\t\t\t<a class=\"rollover rollover-zoom dt-pswp-item\" title=\"dfd8ccb5-85de-4644-8a6f-db5075416fe2\" data-dt-img-description=\"\" data-large_image_width=\"1368\" data-large_image_height=\"1824\"href='https:\/\/www.radiopiu.net\/wordpress\/wp-content\/uploads\/2021\/02\/dfd8ccb5-85de-4644-8a6f-db5075416fe2.jpg'><img loading=\"lazy\" decoding=\"async\" width=\"150\" height=\"150\" src=\"https:\/\/www.radiopiu.net\/wordpress\/wp-content\/uploads\/2021\/02\/dfd8ccb5-85de-4644-8a6f-db5075416fe2-150x150.jpg\" class=\"attachment-thumbnail size-thumbnail\" alt=\"\" \/><\/a>\n\t\t\t\t<\/dt><\/dl><dl class='gallery-item'>\n\t\t\t\t<dt class='gallery-icon portrait'>\n\t\t\t\t\t<a class=\"rollover rollover-zoom dt-pswp-item\" title=\"04921423-4089-4046-ac3a-55e4662bb512\" data-dt-img-description=\"\" data-large_image_width=\"768\" data-large_image_height=\"1024\"href='https:\/\/www.radiopiu.net\/wordpress\/wp-content\/uploads\/2021\/02\/04921423-4089-4046-ac3a-55e4662bb512.jpg'><img loading=\"lazy\" decoding=\"async\" width=\"150\" height=\"150\" src=\"https:\/\/www.radiopiu.net\/wordpress\/wp-content\/uploads\/2021\/02\/04921423-4089-4046-ac3a-55e4662bb512-150x150.jpg\" class=\"attachment-thumbnail size-thumbnail\" alt=\"\" \/><\/a>\n\t\t\t\t<\/dt><\/dl><br style=\"clear: both\" \/><dl class='gallery-item'>\n\t\t\t\t<dt class='gallery-icon portrait'>\n\t\t\t\t\t<a class=\"rollover rollover-zoom dt-pswp-item\" title=\"076be7f9-df2e-417a-8869-676bd62ad5aa\" data-dt-img-description=\"\" data-large_image_width=\"768\" data-large_image_height=\"1024\"href='https:\/\/www.radiopiu.net\/wordpress\/wp-content\/uploads\/2021\/02\/076be7f9-df2e-417a-8869-676bd62ad5aa.jpg'><img loading=\"lazy\" decoding=\"async\" width=\"150\" height=\"150\" src=\"https:\/\/www.radiopiu.net\/wordpress\/wp-content\/uploads\/2021\/02\/076be7f9-df2e-417a-8869-676bd62ad5aa-150x150.jpg\" class=\"attachment-thumbnail size-thumbnail\" alt=\"\" \/><\/a>\n\t\t\t\t<\/dt><\/dl><dl class='gallery-item'>\n\t\t\t\t<dt class='gallery-icon portrait'>\n\t\t\t\t\t<a class=\"rollover rollover-zoom dt-pswp-item\" title=\"07ca45e2-055c-423b-ad8b-7ebab6edf2ee\" data-dt-img-description=\"\" data-large_image_width=\"1368\" data-large_image_height=\"1824\"href='https:\/\/www.radiopiu.net\/wordpress\/wp-content\/uploads\/2021\/02\/07ca45e2-055c-423b-ad8b-7ebab6edf2ee.jpg'><img loading=\"lazy\" decoding=\"async\" width=\"150\" height=\"150\" src=\"https:\/\/www.radiopiu.net\/wordpress\/wp-content\/uploads\/2021\/02\/07ca45e2-055c-423b-ad8b-7ebab6edf2ee-150x150.jpg\" class=\"attachment-thumbnail size-thumbnail\" alt=\"\" \/><\/a>\n\t\t\t\t<\/dt><\/dl><dl class='gallery-item'>\n\t\t\t\t<dt class='gallery-icon portrait'>\n\t\t\t\t\t<a class=\"rollover rollover-zoom dt-pswp-item\" title=\"8f89a296-7e4b-4f1f-bedb-6a8c9af4198b\" data-dt-img-description=\"\" data-large_image_width=\"1368\" data-large_image_height=\"1824\"href='https:\/\/www.radiopiu.net\/wordpress\/wp-content\/uploads\/2021\/02\/8f89a296-7e4b-4f1f-bedb-6a8c9af4198b.jpg'><img loading=\"lazy\" decoding=\"async\" width=\"150\" height=\"150\" src=\"https:\/\/www.radiopiu.net\/wordpress\/wp-content\/uploads\/2021\/02\/8f89a296-7e4b-4f1f-bedb-6a8c9af4198b-150x150.jpg\" class=\"attachment-thumbnail size-thumbnail\" alt=\"\" \/><\/a>\n\t\t\t\t<\/dt><\/dl><dl class='gallery-item'>\n\t\t\t\t<dt class='gallery-icon portrait'>\n\t\t\t\t\t<a class=\"rollover rollover-zoom dt-pswp-item\" title=\"19b40113-fe32-457f-9603-623053ddc501\" data-dt-img-description=\"\" data-large_image_width=\"768\" data-large_image_height=\"1024\"href='https:\/\/www.radiopiu.net\/wordpress\/wp-content\/uploads\/2021\/02\/19b40113-fe32-457f-9603-623053ddc501.jpg'><img loading=\"lazy\" decoding=\"async\" width=\"150\" height=\"150\" src=\"https:\/\/www.radiopiu.net\/wordpress\/wp-content\/uploads\/2021\/02\/19b40113-fe32-457f-9603-623053ddc501-150x150.jpg\" class=\"attachment-thumbnail size-thumbnail\" alt=\"\" \/><\/a>\n\t\t\t\t<\/dt><\/dl>\n\t\t\t\t<br style='clear: both' \/>\n\t\t\t<\/div>\n\n<p>&nbsp;<\/p>\n<p>&nbsp;<\/p>\n<p>&nbsp;<\/p>\n<p>&nbsp;<\/p>\n<hr \/>\n<p>&nbsp;<\/p>\n<blockquote>\n<h3>VAL DI ZOLDO MA NON PER I MEZZI PESANTI. SCATTA LA CHIUSURA<\/h3>\n<\/blockquote>\n<p><strong><img loading=\"lazy\" decoding=\"async\" class=\"alignleft\" src=\"https:\/\/www.radiopiu.net\/wordpress\/wp-content\/uploads\/2020\/05\/VENETO-STRADE-300x300.png\" width=\"74\" height=\"74\" \/>BELLUNO<\/strong> Stop ai mezzi pesanti sulla strada provinciale 251 della Val di Zoldo e Val Cellina fra\u00a0 Igne e Fagar\u00e8,\u00a0 i territori interessati dall&#8217;ondata di maltempo di inizio dicembre e relativa frana che ha cancellato un pezzo di strada. Fino a revoca del provvedimento \u00e8 istituito il divieto di transito ai veicoli con massa a pieno carico superiore a 24 tonnellate, autocarri con rimorchio e autosnodati. Viene anche istituito un senso unico alternato regolato da semaforo in localit\u00e0 Ospitale, in comune di Val di Zoldo, per la messa in sicurezza del piano viabile.<\/p>\n<p>&nbsp;<\/p>\n<p>&nbsp;<\/p>\n<hr \/>\n<p>&nbsp;<\/p>\n<blockquote>\n<h3>ACQUA NON POTABILE A CENCENIGHE E TAIBON<\/h3>\n<p><span style=\"color: #ff0000;\">AD AGORDO PROBLEMI RISOLTI<\/span> Ad AGORDO nelle LOCALITA&#8217; PARECH, PROMPICAI e TOCCOL, l&#8217;acqua erogata dall&#8217;acquedotto \u00e8 di nuovo potabile e pu\u00f2 essere usata, quindi, per scopi alimentari.<\/p><\/blockquote>\n<p><strong><a href=\"https:\/\/www.radiopiu.net\/wordpress\/giornale-radiopiu-09-agosto-2018-direttore-mirko-mezzacasa\/acqua\/\" rel=\"attachment wp-att-57052\"><img loading=\"lazy\" decoding=\"async\" class=\" wp-image-57052 alignleft\" src=\"https:\/\/www.radiopiu.net\/wordpress\/wp-content\/uploads\/2018\/08\/ACQUA-300x180.jpeg\" alt=\"\" width=\"199\" height=\"119\" srcset=\"https:\/\/www.radiopiu.net\/wordpress\/wp-content\/uploads\/2018\/08\/ACQUA-300x180.jpeg 300w, https:\/\/www.radiopiu.net\/wordpress\/wp-content\/uploads\/2018\/08\/ACQUA-768x461.jpeg 768w, https:\/\/www.radiopiu.net\/wordpress\/wp-content\/uploads\/2018\/08\/ACQUA-1024x614.jpeg 1024w, https:\/\/www.radiopiu.net\/wordpress\/wp-content\/uploads\/2018\/08\/ACQUA.jpeg 1280w\" sizes=\"auto, (max-width: 199px) 100vw, 199px\" \/><\/a><\/strong>Gestione Servizi Pubblici informa che a CENCENIGHE AGORDINO nelle LOCALITA&#8217; FOCH, FAE&#8217;, VARE BASSE E LUXOTTICA, l&#8217;acqua erogata dall&#8217;acquedotto non \u00e8 potabile e pu\u00f2 essere usata per scopi alimentari SOLO PREVIA bollitura. Anche a TAIBON nelle localit\u00e0 Ronch De Buos e Nogarola<\/p>\n<p>&nbsp;<\/p>\n<p>&nbsp;<\/p>\n<p>&nbsp;<\/p>\n<hr \/>\n<p>&nbsp;<\/p>\n<blockquote>\n<h3>CHIUDE IL REPARTO MEDICINA COVID AL SAN MARTINO DI BELLUNO. IN ULSS 1 DOLOMITI 2 DECESSI E 50 NUOVE POSITIVITA&#8217;<\/h3>\n<\/blockquote>\n<p><strong><a href=\"https:\/\/www.radiopiu.net\/wordpress\/giornale-radiopiu-10-marzo-2020-direttore-mirko-mezzacasa\/covid-ulss\/\" rel=\"attachment wp-att-121260\"><img loading=\"lazy\" decoding=\"async\" class=\" wp-image-121260 alignleft\" src=\"https:\/\/www.radiopiu.net\/wordpress\/wp-content\/uploads\/2020\/03\/covid-ulss-300x225.jpg\" alt=\"\" width=\"155\" height=\"116\" srcset=\"https:\/\/www.radiopiu.net\/wordpress\/wp-content\/uploads\/2020\/03\/covid-ulss-300x225.jpg 300w, https:\/\/www.radiopiu.net\/wordpress\/wp-content\/uploads\/2020\/03\/covid-ulss-768x576.jpg 768w, https:\/\/www.radiopiu.net\/wordpress\/wp-content\/uploads\/2020\/03\/covid-ulss.jpg 800w\" sizes=\"auto, (max-width: 155px) 100vw, 155px\" \/><\/a>BELLUNO\u00a0<\/strong>Nelle ultime 24 ore sono decedute due persone covid positive: un uomo di 90 anni ricoverato in Geriatria a Belluno e una donna di 99 anni ricoverata in Pneumologia a Feltre. I nuovi positivi in Ulss 1 Dolomiti sono 50. Chiusa la &#8220;Medicina Covid&#8221; del San Martino di Belluno. Attivati posti letto di Geriatria Covid free sempre al San Martino.<\/p>\n<p>&nbsp;<\/p>\n<p>&nbsp;<\/p>\n<p>&nbsp;<\/p>\n<hr \/>\n<p>&nbsp;<\/p>\n<blockquote>\n<h3>SEI ETTI DI COCAINA TRA LA CINTA DEI PANTALONI E LA CANTINA, E&#8217; IN CARCERE<\/h3>\n<p align=\"JUSTIFY\"><em>L\u2019uomo alla guida dell&#8217;auto giustificava il suo comportamento dicendo di avere fretta, evidenziando per\u00f2 un malcelato nervosismo.<\/em><\/p>\n<\/blockquote>\n<p><strong><a href=\"https:\/\/www.radiopiu.net\/wordpress\/sei-etti-di-cocaiana-tra-la-cinta-dei-pantaloni-e-la-cartina-e-in-carcere\/dsc_8786\/\" rel=\"attachment wp-att-189385\"><img loading=\"lazy\" decoding=\"async\" class=\"size-medium wp-image-189385 alignleft\" src=\"https:\/\/www.radiopiu.net\/wordpress\/wp-content\/uploads\/2021\/02\/DSC_8786-300x217.jpg\" alt=\"\" width=\"300\" height=\"217\" srcset=\"https:\/\/www.radiopiu.net\/wordpress\/wp-content\/uploads\/2021\/02\/DSC_8786-300x217.jpg 300w, https:\/\/www.radiopiu.net\/wordpress\/wp-content\/uploads\/2021\/02\/DSC_8786-1024x739.jpg 1024w, https:\/\/www.radiopiu.net\/wordpress\/wp-content\/uploads\/2021\/02\/DSC_8786-768x554.jpg 768w, https:\/\/www.radiopiu.net\/wordpress\/wp-content\/uploads\/2021\/02\/DSC_8786-1536x1109.jpg 1536w, https:\/\/www.radiopiu.net\/wordpress\/wp-content\/uploads\/2021\/02\/DSC_8786-2048x1479.jpg 2048w\" sizes=\"auto, (max-width: 300px) 100vw, 300px\" \/><\/a>BELLUNO<\/strong> Viaggiava a bordo di un&#8217;auto in via Agordo in senso contrario rispetto alla volante della Polizia, la pattuglia\u00a0 lo ha fermato ma non \u00e8 stato facile perch\u00e8 Gentian Celislami, albanese di 43 anni, vedendo\u00a0 i poliziotti della Volante\u00a0 ha tirato diritto, accelerando,\u00a0 fermandosi dopo una serie di ripetuti inviti all&#8217;alt. Alla fine l&#8217;albanese si \u00e8 bloccato ma\u00a0 sono servirete le sirene oltre a paletta e lampeggianti. Gli agenti di polizia constatato il nervosismo dell&#8217;uomo, il modo con cui tentava di nascondere il volto prima di essere bloccato, hanno capito che era il caso di un ulteriore approfondimento. Condotto in Questura\u00a0 la scoperta:\u00a0 sotto la cinta dei pantaloni\u00a0 il sacchetto da congelatore contenente 50 involucri di cocaina per un peso complessivo di 60 grammi di sostanza stupefacente. L&#8217;uomo \u00e8 stato arrestato\u00a0 per detenzione a fini di spaccio. Di seguito la Squadra Mobile, unitamente alla Volante,\u00a0 ha effettuato\u00a0 una perquisizione domiciliare a casa. Nella cantina dell\u2019abitazione\u00a0 trovati e sequestrati altri due sacchetti contenenti uno 50 e l\u2019altro e 47 bustine da 56 a 60 grammi. Nascoste all\u2019interno di una coperta veniva rinvenuta anche una confezione di cocaina in sasso di forma rettangolare da 434g ed una bilancia di precisione. Nella giornata di oggi l\u2019arresto \u00e8 stato convalidato e l\u2019indagato mantenuto in custodia cautelare in carcere.<\/p>\n<p>&nbsp;<\/p>\n<p>&nbsp;<\/p>\n<hr \/>\n<p>&nbsp;<\/p>\n<blockquote>\n<h3>MANCATA PRECEDENZA AD ARSIE\u2019, UN QUARANTATREENNE IN OSPEDALE<\/h3>\n<\/blockquote>\n<p><strong><a href=\"https:\/\/www.radiopiu.net\/wordpress\/aggredisce-la-moglie-arrestato\/carabinieri-6-2-3\/\" rel=\"attachment wp-att-22568\"><img loading=\"lazy\" decoding=\"async\" class=\" wp-image-22568 alignleft\" src=\"https:\/\/www.radiopiu.net\/wordpress\/wp-content\/uploads\/2016\/08\/carabinieri-6-2-300x204.jpg\" alt=\"\" width=\"151\" height=\"103\" \/><\/a>ARSIE\u00a0<\/strong>Incidente stradale questa mattina alle 10, coinvolte due auto. La collisione tra una Suzuki condotta da un uomo di 74 anni di Fonzaso e una Fiat Sedici con alla guida un uomo di 43 di Arsi\u00e8. \u00a0La Fiat non ha dato la precedenza immettendosi nella strada principale e la Suzuki non ha potuto evitarla. Il quarantatreenne \u00e8 stato ricoverato all\u2019ospedale di Feltre ma non \u00e8 in pericolo di vita. Sul posto i Carabinieri di Feltre.<\/p>\n<p>&nbsp;<\/p>\n<p>&nbsp;<\/p>\n<p>&nbsp;<\/p>\n<hr \/>\n<p>&nbsp;<\/p>\n<blockquote>\n<h3>IL COMUNE DI LIVINALLONGO CHIEDE 19 INTERVENTI PER PROTEGGERE IL PAESE DALLE VALANGHE<\/h3>\n<\/blockquote>\n<p><strong><a href=\"https:\/\/www.radiopiu.net\/wordpress\/unaltra-slavina-il-mezzo-comunale-intrappolato-nella-neve\/9d461362-94e7-4577-9633-35c446b02cb7\/\" rel=\"attachment wp-att-189272\"><img loading=\"lazy\" decoding=\"async\" class=\"size-medium wp-image-189272 alignleft\" src=\"https:\/\/www.radiopiu.net\/wordpress\/wp-content\/uploads\/2021\/02\/9d461362-94e7-4577-9633-35c446b02cb7-300x225.jpg\" alt=\"\" width=\"300\" height=\"225\" srcset=\"https:\/\/www.radiopiu.net\/wordpress\/wp-content\/uploads\/2021\/02\/9d461362-94e7-4577-9633-35c446b02cb7-300x225.jpg 300w, https:\/\/www.radiopiu.net\/wordpress\/wp-content\/uploads\/2021\/02\/9d461362-94e7-4577-9633-35c446b02cb7-768x576.jpg 768w, https:\/\/www.radiopiu.net\/wordpress\/wp-content\/uploads\/2021\/02\/9d461362-94e7-4577-9633-35c446b02cb7.jpg 1024w\" sizes=\"auto, (max-width: 300px) 100vw, 300px\" \/><\/a>LIVINALLONGO<\/strong><\/p>\n<p>di Gianni Santomaso<\/p>\n<audio class=\"wp-audio-shortcode\" id=\"audio-189300-2\" preload=\"none\" style=\"width: 100%;\" controls=\"controls\"><source type=\"audio\/mpeg\" src=\"https:\/\/www.radiopiu.net\/wordpress\/wp-content\/uploads\/2021\/02\/gianni-19-interventi-arabba.mp3?_=2\" \/><a href=\"https:\/\/www.radiopiu.net\/wordpress\/wp-content\/uploads\/2021\/02\/gianni-19-interventi-arabba.mp3\">https:\/\/www.radiopiu.net\/wordpress\/wp-content\/uploads\/2021\/02\/gianni-19-interventi-arabba.mp3<\/a><\/audio>\n<p>&nbsp;<\/p>\n<hr \/>\n<p>&nbsp;<\/p>\n<blockquote>\n<h3>MONDIALI DI SCI A CORTINA: IL MESSAGGIO DEL PRESIDENTE DELLA PROVINCIA DI BELLUNO ROBERTO PADRIN<\/h3>\n<\/blockquote>\n<p><strong><a href=\"https:\/\/www.radiopiu.net\/wordpress\/padrin-la-fase-2-ci-veda-uniti-nel-programmare-la-ripartenza-torneremo-alla-normalita\/padrin-63\/\" rel=\"attachment wp-att-134835\"><img loading=\"lazy\" decoding=\"async\" class=\"size-medium wp-image-134835 alignleft\" src=\"https:\/\/www.radiopiu.net\/wordpress\/wp-content\/uploads\/2020\/05\/PADRIN-200x300.jpg\" alt=\"\" width=\"200\" height=\"300\" srcset=\"https:\/\/www.radiopiu.net\/wordpress\/wp-content\/uploads\/2020\/05\/PADRIN-200x300.jpg 200w, https:\/\/www.radiopiu.net\/wordpress\/wp-content\/uploads\/2020\/05\/PADRIN-683x1024.jpg 683w, https:\/\/www.radiopiu.net\/wordpress\/wp-content\/uploads\/2020\/05\/PADRIN-768x1152.jpg 768w, https:\/\/www.radiopiu.net\/wordpress\/wp-content\/uploads\/2020\/05\/PADRIN.jpg 945w\" sizes=\"auto, (max-width: 200px) 100vw, 200px\" \/><\/a>BELLUNO <\/strong><em>Ci siamo. Oggi la cerimonia inaugurale aprir\u00e0 il sipario sui Mondiali di sci 2021. Un percorso lunghissimo dal giorno in cui ci \u00e8 stato assegnato l\u2019onore di poter ospitare la manifestazione fino a oggi, vigilia dell\u2019avvio di due settimane che saranno senza dubbio straordinarie. Purtroppo dovranno essere Mondiali a porte chiuse, senza il pubblico, e tanto basta per far sorgere una grande amarezza. Avevamo pensato a questo evento come il primo grande appuntamento planetario finalmente libero dal coronavirus. Avevamo accarezzato l\u2019idea di una grande festa popolare oltre che sportiva tra le Dolomiti, in grado di attivare un\u2019onda lunga per lo sci e il turismo invernale. Cos\u00ec non potr\u00e0 essere. Ma i Mondiali di Cortina rimarranno comunque nella storia, per gli scenari che le nostre montagne sanno regalare, per la qualit\u00e0 degli atleti che si daranno battaglia sulle piste ampezzane e anche per la capacit\u00e0 organizzativa di Cortina e della macchina creata da Fondazione e mondo del volontariato. Milioni e milioni di spettatori potranno seguire le gare davanti alla tv, saranno collegati con Cortina da tutto il mondo e potranno tifare per gli atleti, entusiasmarsi per le sfide sportive e vedere il nostro territorio. Non sar\u00e0 come vederlo dal vivo, ma sono convinto che ci presenteremo al mondo al meglio delle nostre possibilit\u00e0.<\/em><br \/>\n<em>Le piste, le opere sportive e tutto quello che \u00e8 funzionale alle gare \u00e8 stato realizzato in tempi rapidi. \u00c8 stata una corsa contro il tempo che ha visto correre anche la Provincia di Belluno. I nostri uffici hanno partecipato attivamente e in sinergia con la Fondazione Cortina 2021, e insieme siamo arrivati pronti all\u2019appuntamento. Manca ancora molto a livello di infrastrutture viarie, ma il Piano Anas va avanti e dovr\u00e0 essere pronto per le Olimpiadi, con le opportune integrazioni gi\u00e0 previste. Questi Mondiali infatti sono un evento straordinario, ma al contempo anche una delle tappe che ci portano dritti al 2026. E \u201cl\u2019allenamento\u201d fatto per la manifestazione iridata ci servir\u00e0 moltissimo anche per arrivare pronti a Milano-Cortina.<\/em><br \/>\n<em>Nel dare il benvenuto ad atleti, staff tecnici, giornalisti e delegazioni delle varie nazionali, non possono non esprimere un grande in bocca al lupo alle nostre sciatrici e ai nostri sciatori: possano tenere alto l\u2019onore dell\u2019Italia e avere soddisfazioni sportive da questi Mondiali. Purtroppo mancher\u00e0 Sofia Goggia, che si \u00e8 infortunata proprio nel momento di maggior forma. Le auguriamo di tornare presto a scendere in pista e la aspettiamo a Cortina.<\/em><br \/>\n<em>Ringrazio la Fondazione Cortina 2021 per il grande lavoro di squadra. Ringrazio tutte le istituzioni &#8211; Governo, Regione Veneto e Comune di Cortina con cui abbiamo dialogato sempre in maniera proficua per arrivare a questa vigilia mondiale &#8211; e i volontari, sempre fondamentali per eventi di questa portata. <\/em><br \/>\n<em>Buone gare, buoni Mondiali a tutti.<\/em><\/p>\n<p><em>Roberto Padrin<\/em><br \/>\n<em>presidente Provincia di Belluno<\/em><\/p>\n<p>&nbsp;<\/p>\n<p>&nbsp;<\/p>\n<hr \/>\n<p>&nbsp;<\/p>\n<blockquote class=\"wp-embedded-content\" data-secret=\"Rq72sACm6I\"><p><a href=\"https:\/\/www.radiopiu.net\/wordpress\/specialepoliziadistato\/\">LA POLIZIA DI STATO A CORTINA 2021\u00a0&#8230;ALLA RADIO<\/a><\/p><\/blockquote>\n<p><iframe loading=\"lazy\" class=\"wp-embedded-content\" sandbox=\"allow-scripts\" security=\"restricted\" style=\"position: absolute; clip: rect(1px, 1px, 1px, 1px);\" title=\"&#8220;LA POLIZIA DI STATO A CORTINA 2021\u00a0&#8230;ALLA RADIO&#8221; &#8212; Radio Pi\u00f9\" src=\"https:\/\/www.radiopiu.net\/wordpress\/specialepoliziadistato\/embed\/#?secret=Rq72sACm6I\" data-secret=\"Rq72sACm6I\" width=\"600\" height=\"338\" frameborder=\"0\" marginwidth=\"0\" marginheight=\"0\" scrolling=\"no\"><\/iframe><\/p>\n<p>&nbsp;<\/p>\n<hr \/>\n<p>&nbsp;<\/p>\n<blockquote>\n<h3>I CARABINIERI AL SERVIZIO DELLA SICUREZZA AI MONDIALI DI SCI DI CORTINA<\/h3>\n<\/blockquote>\n<p><strong>BELLUNO <\/strong>Meno 1 ai Mondiali di sci alpino di Cortina 2021. I Carabinieri del comando provinciale di Belluno , guidati dal Tenente Colonnello Francesco Rastelli, sono pronti per assicurare all\u2019importante competizione il massimo della sicurezza. L\u2019elevata competenza del gruppo sciatori e del soccorso alpino della compagnia di Cortina D\u2019Ampezzo , abituati ad operare nel difficile territorio montano, associata alle professionalit\u00e0 di rilievo di altri reparti socializzati provenienti da tutta Italia garantir\u00e0 all evento una eccellente cornice di sicurezza.<\/p>\n<div style=\"width: 1024px;\" class=\"wp-video\"><video class=\"wp-video-shortcode\" id=\"video-189300-1\" width=\"1024\" height=\"576\" preload=\"metadata\" controls=\"controls\"><source type=\"video\/mp4\" src=\"https:\/\/www.radiopiu.net\/wordpress\/wp-content\/uploads\/2021\/02\/VIDEO-CARABINIERI-OK.mp4?_=1\" \/><a href=\"https:\/\/www.radiopiu.net\/wordpress\/wp-content\/uploads\/2021\/02\/VIDEO-CARABINIERI-OK.mp4\">https:\/\/www.radiopiu.net\/wordpress\/wp-content\/uploads\/2021\/02\/VIDEO-CARABINIERI-OK.mp4<\/a><\/video><\/div>\n<p>&nbsp;<\/p>\n<hr \/>\n<p>&nbsp;<\/p>\n<blockquote>\n<h3>LA GUARDIA DI FINANZA NEL DISPOSITIVO DI SICUREZZA PER I CAMPIONATI MONDIALI DI SCI ALPINO \u201cCORTINA 2021\u201d<\/h3>\n<\/blockquote>\n<p><strong><a href=\"https:\/\/www.radiopiu.net\/wordpress\/giornale-radiopiu-07-febbraio-2021-direttore-mirko-mezzacasa\/download-1109\/\" rel=\"attachment wp-att-189453\"><img loading=\"lazy\" decoding=\"async\" class=\"size-full wp-image-189453 alignleft\" src=\"https:\/\/www.radiopiu.net\/wordpress\/wp-content\/uploads\/2021\/02\/download-2.jpg\" alt=\"\" width=\"297\" height=\"170\" \/><\/a>ROMA <\/strong> Anche la Guardia di Finanza e\u0300 chiamata a fornire il suo contributo nel dispositivo di sicurezza predisposto in occasione degli ormai imminenti Campionati Mondiali di sci alpino in programma a Cortina d\u2019Ampezzo, ed il contesto montano in cui gli operatori delle Forze di Polizia opereranno durante tutto lo svolgimento di questa importante manifestazione va di pari passo con le specializzazioni dei militari delle fiamme gialle impiegati per l\u2019occasione. Piu\u0300 nel dettaglio, il Corpo ha previsto lo schieramento di 100 militari (20 dei quali appartenenti al Soccorso Alpino della Guardia di Finanza \u2013 SAGF), oltre ad un medico e ad un\u2019ambulanza che graviteranno nell\u2019area delle competizioni. La vigilanza dall\u2019alto ed il supporto aereo per eventuali trasporti di emergenza\/soccorso verranno invece assicurati dagli elicotteri delle Sezioni Aeree di Venezia e Bolzano. Il comando di questi velivoli e\u0300 affidato a piloti addestrati al volo in ambienti montani. Le pattuglie a terra assicureranno invece la vigilanza nelle strutture ricettive, i servizi di ordine e sicurezza pubblica nelle aree di gara e nelle loro adiacenze. Un\u2019aliquota di militari concorrera\u0300 altresi\u0300 al rafforzamento dei servizi di viabilita\u0300 previsti sul territorio del comune di Cortina.<\/p>\n<p>&nbsp;<\/p>\n<p>&nbsp;<\/p>\n<hr \/>\n<p>&nbsp;<\/p>\n<blockquote class=\"wp-embedded-content\" data-secret=\"lv9yH1r6xD\"><p><a href=\"https:\/\/www.radiopiu.net\/wordpress\/aggfeb6\/\">CORONAVIRUS: AGGIORNAMENTO NAZIONALE 06 FEBBRAIO 2021<\/a><\/p><\/blockquote>\n<p><iframe loading=\"lazy\" class=\"wp-embedded-content\" sandbox=\"allow-scripts\" security=\"restricted\" style=\"position: absolute; clip: rect(1px, 1px, 1px, 1px);\" title=\"&#8220;CORONAVIRUS: AGGIORNAMENTO NAZIONALE 06 FEBBRAIO 2021&#8221; &#8212; Radio Pi\u00f9\" src=\"https:\/\/www.radiopiu.net\/wordpress\/aggfeb6\/embed\/#?secret=lv9yH1r6xD\" data-secret=\"lv9yH1r6xD\" width=\"600\" height=\"338\" frameborder=\"0\" marginwidth=\"0\" marginheight=\"0\" scrolling=\"no\"><\/iframe><\/p>\n<p>&nbsp;<\/p>\n<hr \/>\n<p>&nbsp;<\/p>\n<blockquote class=\"wp-embedded-content\" data-secret=\"pZ5M0DhpVU\"><p><a href=\"https:\/\/www.radiopiu.net\/wordpress\/nelle-ultime-24-ore-743-nuovi-positivi-in-veneto-ricoveri-in-netto-calo-ma-80-decessi-a-belluno-50-positivi-in-piu\/\">NELLE ULTIME 24 ORE 743 NUOVI POSITIVI IN VENETO. RICOVERI IN NETTO CALO MA 80 DECESSI. A BELLUNO 50 POSITIVI IN PIU&#8217;<\/a><\/p><\/blockquote>\n<p><iframe loading=\"lazy\" class=\"wp-embedded-content\" sandbox=\"allow-scripts\" security=\"restricted\" style=\"position: absolute; clip: rect(1px, 1px, 1px, 1px);\" title=\"&#8220;NELLE ULTIME 24 ORE 743 NUOVI POSITIVI IN VENETO. RICOVERI IN NETTO CALO MA 80 DECESSI. A BELLUNO 50 POSITIVI IN PIU&#8217;&#8221; &#8212; Radio Pi\u00f9\" src=\"https:\/\/www.radiopiu.net\/wordpress\/nelle-ultime-24-ore-743-nuovi-positivi-in-veneto-ricoveri-in-netto-calo-ma-80-decessi-a-belluno-50-positivi-in-piu\/embed\/#?secret=pZ5M0DhpVU\" data-secret=\"pZ5M0DhpVU\" width=\"600\" height=\"338\" frameborder=\"0\" marginwidth=\"0\" marginheight=\"0\" scrolling=\"no\"><\/iframe><\/p>\n<div class=\"page\" title=\"Page 1\">\n<div class=\"layoutArea\">\n<div class=\"column\">\n<h3>i GRAFICI DI TIZIANO DE COL\u200b<\/h3>\n\n\t\t\t<style type='text\/css'>\n\t\t\t\t#gallery-3 {\n\t\t\t\t\tmargin: auto;\n\t\t\t\t}\n\t\t\t\t#gallery-3 .gallery-item {\n\t\t\t\t\tfloat: left;\n\t\t\t\t\tmargin-top: 10px;\n\t\t\t\t\ttext-align: center;\n\t\t\t\t\twidth: 25%;\n\t\t\t\t}\n\t\t\t\t#gallery-3 img {\n\t\t\t\t\tborder: 2px solid #cfcfcf;\n\t\t\t\t}\n\t\t\t\t#gallery-3 .gallery-caption {\n\t\t\t\t\tmargin-left: 0;\n\t\t\t\t}\n\t\t\t\t\/* see gallery_shortcode() in wp-includes\/media.php *\/\n\t\t\t<\/style>\n\t\t<div id='gallery-3' class='dt-gallery-container gallery galleryid-189300 gallery-columns-4 gallery-size-thumbnail'><dl class='gallery-item'>\n\t\t\t\t<dt class='gallery-icon landscape'>\n\t\t\t\t\t<a class=\"rollover rollover-zoom dt-pswp-item\" title=\"92694a04-d01c-49d2-a335-a66c47e87126\" data-dt-img-description=\"\" data-large_image_width=\"590\" data-large_image_height=\"354\"href='https:\/\/www.radiopiu.net\/wordpress\/wp-content\/uploads\/2021\/02\/92694a04-d01c-49d2-a335-a66c47e87126.jpg'><img loading=\"lazy\" decoding=\"async\" width=\"150\" height=\"150\" src=\"https:\/\/www.radiopiu.net\/wordpress\/wp-content\/uploads\/2021\/02\/92694a04-d01c-49d2-a335-a66c47e87126-150x150.jpg\" class=\"attachment-thumbnail size-thumbnail\" alt=\"\" \/><\/a>\n\t\t\t\t<\/dt><\/dl><dl class='gallery-item'>\n\t\t\t\t<dt class='gallery-icon landscape'>\n\t\t\t\t\t<a class=\"rollover rollover-zoom dt-pswp-item\" title=\"aa9a0560-d994-4e73-acaf-23ce0c6d2f96\" data-dt-img-description=\"\" data-large_image_width=\"598\" data-large_image_height=\"353\"href='https:\/\/www.radiopiu.net\/wordpress\/wp-content\/uploads\/2021\/02\/aa9a0560-d994-4e73-acaf-23ce0c6d2f96.jpg'><img loading=\"lazy\" decoding=\"async\" width=\"150\" height=\"150\" src=\"https:\/\/www.radiopiu.net\/wordpress\/wp-content\/uploads\/2021\/02\/aa9a0560-d994-4e73-acaf-23ce0c6d2f96-150x150.jpg\" class=\"attachment-thumbnail size-thumbnail\" alt=\"\" \/><\/a>\n\t\t\t\t<\/dt><\/dl><dl class='gallery-item'>\n\t\t\t\t<dt class='gallery-icon landscape'>\n\t\t\t\t\t<a class=\"rollover rollover-zoom dt-pswp-item\" title=\"9393d296-e598-4c20-9a2a-3ff8847677b4\" data-dt-img-description=\"\" data-large_image_width=\"598\" data-large_image_height=\"354\"href='https:\/\/www.radiopiu.net\/wordpress\/wp-content\/uploads\/2021\/02\/9393d296-e598-4c20-9a2a-3ff8847677b4.jpg'><img loading=\"lazy\" decoding=\"async\" width=\"150\" height=\"150\" src=\"https:\/\/www.radiopiu.net\/wordpress\/wp-content\/uploads\/2021\/02\/9393d296-e598-4c20-9a2a-3ff8847677b4-150x150.jpg\" class=\"attachment-thumbnail size-thumbnail\" alt=\"\" \/><\/a>\n\t\t\t\t<\/dt><\/dl><dl class='gallery-item'>\n\t\t\t\t<dt class='gallery-icon landscape'>\n\t\t\t\t\t<a class=\"rollover rollover-zoom dt-pswp-item\" title=\"ce160ca0-e9f5-4018-ac82-6ced9de5b738\" data-dt-img-description=\"\" data-large_image_width=\"610\" data-large_image_height=\"358\"href='https:\/\/www.radiopiu.net\/wordpress\/wp-content\/uploads\/2021\/02\/ce160ca0-e9f5-4018-ac82-6ced9de5b738.jpg'><img loading=\"lazy\" decoding=\"async\" width=\"150\" height=\"150\" src=\"https:\/\/www.radiopiu.net\/wordpress\/wp-content\/uploads\/2021\/02\/ce160ca0-e9f5-4018-ac82-6ced9de5b738-150x150.jpg\" class=\"attachment-thumbnail size-thumbnail\" alt=\"\" \/><\/a>\n\t\t\t\t<\/dt><\/dl><br style=\"clear: both\" \/>\n\t\t\t<\/div>\n\n<hr \/>\n<p>&nbsp;<\/p>\n<blockquote>\n<h3>PALAZZO ROSSO O PALAZZO ZOZZO? SE LO CHIEDE FABIO BRISTOT CON UNA INTERROGAZIONE AL SINDACO DI BELLUNO MASSARO<\/h3>\n<\/blockquote>\n<p><strong>BELLUNO <\/strong>Palazzo Rosso o Palazzo Zozzo? La domanda se la pone il consigliere comunale Fabio Rufus Bristot e lo chiede anche al sindaco Jacopo Massaro e al presidente del consiglio comunale perch\u00e9 il palazzo municipale diventa sempre pi\u00f9 grigio. \u201cLa cartina al tornasole del livello delle manutenzioni degli immobili\u201d sentenzia Bristot. \u201cNella nostra citt\u00e0 \u2013 insiste \u2013 serve uno scatto di orgoglio, una rivoluzione con un piano straordinario di medio e lungo periodo da inserire nel programma del prossimo sindaco\u201d<\/p>\n\n\t\t\t<style type='text\/css'>\n\t\t\t\t#gallery-4 {\n\t\t\t\t\tmargin: auto;\n\t\t\t\t}\n\t\t\t\t#gallery-4 .gallery-item {\n\t\t\t\t\tfloat: left;\n\t\t\t\t\tmargin-top: 10px;\n\t\t\t\t\ttext-align: center;\n\t\t\t\t\twidth: 14%;\n\t\t\t\t}\n\t\t\t\t#gallery-4 img {\n\t\t\t\t\tborder: 2px solid #cfcfcf;\n\t\t\t\t}\n\t\t\t\t#gallery-4 .gallery-caption {\n\t\t\t\t\tmargin-left: 0;\n\t\t\t\t}\n\t\t\t\t\/* see gallery_shortcode() in wp-includes\/media.php *\/\n\t\t\t<\/style>\n\t\t<div id='gallery-4' class='dt-gallery-container gallery galleryid-189300 gallery-columns-7 gallery-size-thumbnail'><dl class='gallery-item'>\n\t\t\t\t<dt class='gallery-icon landscape'>\n\t\t\t\t\t<a class=\"rollover rollover-zoom dt-pswp-item\" title=\"IMG_6271\" data-dt-img-description=\"\" data-large_image_width=\"2016\" data-large_image_height=\"1512\"href='https:\/\/www.radiopiu.net\/wordpress\/wp-content\/uploads\/2021\/02\/IMG_6271.jpg'><img loading=\"lazy\" decoding=\"async\" width=\"150\" height=\"150\" src=\"https:\/\/www.radiopiu.net\/wordpress\/wp-content\/uploads\/2021\/02\/IMG_6271-150x150.jpg\" class=\"attachment-thumbnail size-thumbnail\" alt=\"\" \/><\/a>\n\t\t\t\t<\/dt><\/dl><dl class='gallery-item'>\n\t\t\t\t<dt class='gallery-icon portrait'>\n\t\t\t\t\t<a class=\"rollover rollover-zoom dt-pswp-item\" title=\"IMG_6265\" data-dt-img-description=\"\" data-large_image_width=\"1512\" data-large_image_height=\"2016\"href='https:\/\/www.radiopiu.net\/wordpress\/wp-content\/uploads\/2021\/02\/IMG_6265-rotated.jpg'><img loading=\"lazy\" decoding=\"async\" width=\"150\" height=\"150\" src=\"https:\/\/www.radiopiu.net\/wordpress\/wp-content\/uploads\/2021\/02\/IMG_6265-150x150.jpg\" class=\"attachment-thumbnail size-thumbnail\" alt=\"\" \/><\/a>\n\t\t\t\t<\/dt><\/dl><dl class='gallery-item'>\n\t\t\t\t<dt class='gallery-icon portrait'>\n\t\t\t\t\t<a class=\"rollover rollover-zoom dt-pswp-item\" title=\"IMG_6266\" data-dt-img-description=\"\" data-large_image_width=\"1512\" data-large_image_height=\"2016\"href='https:\/\/www.radiopiu.net\/wordpress\/wp-content\/uploads\/2021\/02\/IMG_6266-rotated.jpg'><img loading=\"lazy\" decoding=\"async\" width=\"150\" height=\"150\" src=\"https:\/\/www.radiopiu.net\/wordpress\/wp-content\/uploads\/2021\/02\/IMG_6266-150x150.jpg\" class=\"attachment-thumbnail size-thumbnail\" alt=\"\" \/><\/a>\n\t\t\t\t<\/dt><\/dl><dl class='gallery-item'>\n\t\t\t\t<dt class='gallery-icon portrait'>\n\t\t\t\t\t<a class=\"rollover rollover-zoom dt-pswp-item\" title=\"IMG_6267\" data-dt-img-description=\"\" data-large_image_width=\"1512\" data-large_image_height=\"2016\"href='https:\/\/www.radiopiu.net\/wordpress\/wp-content\/uploads\/2021\/02\/IMG_6267-rotated.jpg'><img loading=\"lazy\" decoding=\"async\" width=\"150\" height=\"150\" src=\"https:\/\/www.radiopiu.net\/wordpress\/wp-content\/uploads\/2021\/02\/IMG_6267-150x150.jpg\" class=\"attachment-thumbnail size-thumbnail\" alt=\"\" \/><\/a>\n\t\t\t\t<\/dt><\/dl><dl class='gallery-item'>\n\t\t\t\t<dt class='gallery-icon portrait'>\n\t\t\t\t\t<a class=\"rollover rollover-zoom dt-pswp-item\" title=\"IMG_6268\" data-dt-img-description=\"\" data-large_image_width=\"1512\" data-large_image_height=\"2016\"href='https:\/\/www.radiopiu.net\/wordpress\/wp-content\/uploads\/2021\/02\/IMG_6268-rotated.jpg'><img loading=\"lazy\" decoding=\"async\" width=\"150\" height=\"150\" src=\"https:\/\/www.radiopiu.net\/wordpress\/wp-content\/uploads\/2021\/02\/IMG_6268-150x150.jpg\" class=\"attachment-thumbnail size-thumbnail\" alt=\"\" \/><\/a>\n\t\t\t\t<\/dt><\/dl><dl class='gallery-item'>\n\t\t\t\t<dt class='gallery-icon portrait'>\n\t\t\t\t\t<a class=\"rollover rollover-zoom dt-pswp-item\" title=\"IMG_6269\" data-dt-img-description=\"\" data-large_image_width=\"1512\" data-large_image_height=\"2016\"href='https:\/\/www.radiopiu.net\/wordpress\/wp-content\/uploads\/2021\/02\/IMG_6269-rotated.jpg'><img loading=\"lazy\" decoding=\"async\" width=\"150\" height=\"150\" src=\"https:\/\/www.radiopiu.net\/wordpress\/wp-content\/uploads\/2021\/02\/IMG_6269-150x150.jpg\" class=\"attachment-thumbnail size-thumbnail\" alt=\"\" \/><\/a>\n\t\t\t\t<\/dt><\/dl><dl class='gallery-item'>\n\t\t\t\t<dt class='gallery-icon portrait'>\n\t\t\t\t\t<a class=\"rollover rollover-zoom dt-pswp-item\" title=\"IMG_6270\" data-dt-img-description=\"\" data-large_image_width=\"1512\" data-large_image_height=\"2016\"href='https:\/\/www.radiopiu.net\/wordpress\/wp-content\/uploads\/2021\/02\/IMG_6270-rotated.jpg'><img loading=\"lazy\" decoding=\"async\" width=\"150\" height=\"150\" src=\"https:\/\/www.radiopiu.net\/wordpress\/wp-content\/uploads\/2021\/02\/IMG_6270-150x150.jpg\" class=\"attachment-thumbnail size-thumbnail\" alt=\"\" \/><\/a>\n\t\t\t\t<\/dt><\/dl><br style=\"clear: both\" \/>\n\t\t\t<\/div>\n\n<p><em><strong>di Fabio Rufus Bristot<\/strong><\/em><\/p>\n<p><em>Stava terminando l\u2019estate scorsa, quando due turisti, immagino appena saliti dalle scale mobili, fermi con lo smartphone in mano, all\u2019angolo di Palazzo Rosso, ne stavano leggendo la storia ad alta voce. Mi fermo per ascoltarli, provando po\u2019 di legittimo orogoglio e per verificare se i miei ricordi sul Segusini fossero corretti o meno Poi, all\u2019improvviso, uno dei due afferma (testuale \u201csperiamo che non siano tutti un rigurgito di guano i palazzi di questa citt\u00e0\u201d, indicando la presenza di gradevoli e numerose deiezioni colorate di colombi ed altri animali presenti sul lato nord che d\u00e0 alla Poste e indicando, inoltre, subito dopo, i cavidotti che escono dal muro scrostato. Mi sono sentito mortificato e, posto che si erano accorti della mia presenza incuriosita, rispondevo anche se non interrogato con un tratto riparatore: \u201cNo, Belluno \u00e8 davvero bella, ben arrivati in citt\u00e0!\u201d La cosa, come \u00e8 ovvio, termin\u00f2 l\u00e0. In settimana (mercoled\u00ec u.s.), per pratiche da effettuare proprio in Comune passo davanti a Palazzo Rosso e, memore dell\u2019evento occorsomi la scorsa estate, decido di soffermarmi qualche istante in pi\u00f9 rispetto al passaggio distratto che di norma si fa, talvolta anche consapevolmente per non vedere lo stato indecoroso in cui si trova Palazzo Rosso. Non serve allora essere un professione del settore per rendersi conto che, gi\u00e0 rispetto a solo un paio d\u2019anni fa, tutto l\u2019intonaco si \u00e8 ulteriormente deteriorato, scrostandosi in molte sue componenti e parti; che i cavidotti sono ulteriormente usciti in superficie; che \u00e8 stato intaccata dall\u2019incuria e dal degrado anche la malta cementizia; che gli stemmi si sono ulteriormente deteriorati; che i colombi continuano ad effettuare quello che naturalmente fanno senza che nessuno vi abbia posto rimedio; che le transenne vengono poste a ridosso del muro con il solito senso estetico del bello; che\u2026 sono passati ancora degli anni senza che il Sindaco abbia fatto alcunch\u00e8. Decido allora di fotografarlo da pi\u00f9 angolazioni con una macchina digitale discreta (132 scatti a futura memoria) e con lo smartphone in mio possesso. Ora, mi interrogo, nella personale certezza che, ad esempio, una scuola debba sempre avere la precedenza in caso degli adeguamenti di tipo strutturale se questo serve per renderla pi\u00f9 sicura e, solo dopo, possano essere realizzati altri interventi come quello di Palazzo Rosso (grigio): possibile che in 9 anni il Sindaco non abbia ritenuto di creare almeno un qualche interesse da parte di soggetti pubblici (fondazioni, ecc.) e privati (privato, pool di imprese) sulla necessit\u00e0 di attuare manutenzioni straordinarie di Palazzo Rosso prima che lo stesso fosse irrimediabilmente vocato dando segno di assoluto degrado?<\/em><\/p>\n<p><strong>L&#8217;INTERROGAZIONE<\/strong><\/p>\n<p>Si chiede di conoscere per tramite del Sindaco del Comune di Belluno se quanto sopra succintamente esposto possa trovare risposta in qualche iniziativa concreta rivolta alla manutenzione straordinaria di questo palazzo storico e di pregio della Citt\u00e0 di Belluno, oltre che dall\u2019alto valore simbolico per le funzioni che l\u00e0 si esprimono; si chiede in particolare di conoscere se siano previste nel brevissimo periodo manutenzioni minute di tipo conservativo al fine di ridurre al massimo il degrado delle componenti architettoniche ancora integre ed evitare un ulteriore ammaloramento degli intonaci e delle malte cementizie; si richiede in particolare di richiedere se vi sia una stima del costo delle opere di restauro e se al proposito siano stati interessati enti e fondazioni o altri soggetti, ovvero se esista un progetto definitivo\/esecutivo di restauro e se in base allo stesso sia mai stata prodotta istanza ad enti pubblici per ottenere uno specifico finanziamento.<\/p>\n<p>&nbsp;<\/p>\n<p>&nbsp;<\/p>\n<hr \/>\n<p>&nbsp;<\/p>\n<blockquote>\n<h3>UN MINISTRO (E UN SOTTOSEGRETARIO) ALLA MONTAGNA E ALLE INTERNE DEL PAESE. LA PROPOSTA UNCEM AL PRESIDENTE DRAGHI: PER UN PERCORSO DI UNITA&#8217; E COESIONE<\/h3>\n<\/blockquote>\n<p><strong><a href=\"https:\/\/www.radiopiu.net\/wordpress\/giornale-radiopiu-06-novembre-2020-direttore-mirko-mezzacasa\/logouncem_no_scritta-wdtr\/\" rel=\"attachment wp-att-170846\"><img loading=\"lazy\" decoding=\"async\" class=\"size-medium wp-image-170846 alignleft\" src=\"https:\/\/www.radiopiu.net\/wordpress\/wp-content\/uploads\/2020\/11\/logoUNCEM_no_scritta-wdtr-300x300.jpg\" alt=\"\" width=\"300\" height=\"300\" srcset=\"https:\/\/www.radiopiu.net\/wordpress\/wp-content\/uploads\/2020\/11\/logoUNCEM_no_scritta-wdtr-300x300.jpg 300w, https:\/\/www.radiopiu.net\/wordpress\/wp-content\/uploads\/2020\/11\/logoUNCEM_no_scritta-wdtr-150x150.jpg 150w, https:\/\/www.radiopiu.net\/wordpress\/wp-content\/uploads\/2020\/11\/logoUNCEM_no_scritta-wdtr.jpg 640w\" sizes=\"auto, (max-width: 300px) 100vw, 300px\" \/><\/a>ROMA<\/strong> &#8220;<em>La proposta Uncem di un Ministro alla Montagna e alle Aree interne, la presenza nel Governo di una figura capace e politica che guardi al 54% del territorio del Paese, \u00e8 una necessit\u00e0 forte. Perch\u00e9 l&#8217;unit\u00e0 e la coesione, auspicati dal Presidente Mattarella, passano dall&#8217;interpretare e dare risposte chiare a tutti i territori, che insieme costruiscono percorsi per uscire dalle crisi sanitaria, climatica, economica. Un Ministro alla Montagna \u00e8 nella squadra di Governo del Presidente incaricato Mario Draghi una opportunit\u00e0 vera per cambiare passo rispetto al passato, per guardare alle Alpi e agli Appennini con attenzioni istituzionali e lungimiranza, per consentire riequilibrio e contrasto alla sperequazione tra aree montane e aree urbane, non certo meno gravi rispetto agli squilibri tra nord e sud del Paese. Un Ministro alla Montagna, con un&#8217;agenda da costruire con Partiti, Enti territoriali, Regioni, Parti Sociali, per la piena attuazione del Piano nazionale Ripresa e Resilienza. Il Ministro &#8211; o Sottosegretario &#8211; alla Montagna e alle Aree interne del Paese. Ecco la grande opportunit\u00e0 del Governo Draghi<\/em>&#8220;. Lo afferma Marco Bussone, Presidente nazionale Uncem, Unione dei Comuni, delle Comunit\u00e0 e degli Enti montani.<\/p>\n<p>&nbsp;<\/p>\n<p>&nbsp;<\/p>\n<hr \/>\n<p>&nbsp;<\/p>\n<blockquote>\n<h3>CONTINGENTAMENTO DEGLI ACCESSI SULLE PISTE E VENDITA ON LINE DEGLI SKI-PASS. DAL CTS INDICAZIONI ALLE STAZIONI. UNCEM: LAVORO COMPLESSO INTENSO PER PARTIRE IL 15 FEBBRAIO<\/h3>\n<\/blockquote>\n<p><strong><a href=\"https:\/\/www.radiopiu.net\/wordpress\/giornale-radio-piu-edizione-del-30-11-2017-direttore-mirko-mezzacasa\/pista-sci-alpe-lusia_san-pellegrino\/\" rel=\"attachment wp-att-39296\"><img loading=\"lazy\" decoding=\"async\" class=\"size-medium wp-image-39296 alignleft\" src=\"https:\/\/www.radiopiu.net\/wordpress\/wp-content\/uploads\/2017\/11\/pista-sci-Alpe-Lusia_San-Pellegrino-300x200.jpg\" alt=\"\" width=\"300\" height=\"200\" \/><\/a>ROMA<\/strong> Il Comitato tecnico scientifico ha ribadito nelle scorse ore alle stazioni sciistiche che &#8211; solo nelle &#8220;regioni gialle&#8221; dove potranno riaprire gli impianti di risalita &#8211; il contingentamento degli accessi alle piste e agli impianti \u00e8 necessario. Il Cts lo aveva gi\u00e0 detto alle Regioni nella seduta del 15 gennaio. Le stazioni si stanno attrezzando con un lavoro intenso, molto complesso, in vista della partenza il 15 febbraio, per la vendita on line degli ski-pass. Il Cts evidenzia che non si scia nelle &#8220;regioni arancioni e rosse&#8221;. Ma la preoccupazione di Uncem \u00e8 che le aperture degli impianti possano essere &#8220;a corrente alternata&#8221; se alcune regioni passeranno, tra i mesi di febbraio, marzo e aprile, da gialle ad arancioni e viceversa. Una preoccupazione forte di tutta gli impiantisti. Uncem chiede al Governo di sbloccare il &#8220;Decreto ristori quinquies&#8221; entro la fine della prossima settimana. Si tratta di 32 miliardi che dovranno dare ossigeno al comparto turistico invernale montano, che ha finora perso il 90% dei flussi e in alcuni casi il 95% del fatturato rispetto a due stagioni invernali fa, visto che gi\u00e0 la stagione scorsa era stata compromessa, nella sua coda, dalla pandemia e dal lockdown. Gli operatori della neve, in particolare gli impiantisti a fune, si dividono oggi in tre categorie: chi il 15 febbraio aprir\u00e0 tutte le piste, chi ne aprir\u00e0 solo una parte e attiver\u00e0 solo alcuni impianti a fune, chi proprio sceglier\u00e0 di non aprire. Per tutti, Uncem ritiene i ristori necessari e urgenti. I Comuni montani danno in queste ore il massimo supporto agli impiantisti a fune, per individuare &#8211; come ribadito dal Cts &#8211; i criteri per l&#8217;introduzione di un tetto massimo di skipass giornalieri vendibili, da declinare in considerazione delle quote giornaliere vendibili in funzione di quelle settimanali e stagionali. Comuni sostengono gli operatori degli impianti per costruire &#8220;un sistema di prenotazione che sia in grado di consentire una gestione strutturata del numero di utenti che possono effettivamente accedere ai comprensori sciistici e ai relativi impianti di risalita per ciascuna singola giornata, anche attraverso il coordinamento non solo con i rappresentanti di categoria e le Autorit\u00e0 Sanitarie locali &#8211; come peraltro gi\u00e0 previsto &#8211; ma anche con i rappresentanti delle strutture ricettive&#8221;. Lo richiede espressamente il Comitato tecnico scientifico. Un lavoro complesso, intenso, da parte dei territori.\u00a0 Uncem rivolge un appello a quanti, tra oggi e domani, e nelle prossime settimane, raggiungeranno localit\u00e0 alpine o appenniniche per svago o sport. Non portate tutto da casa, ma scegliete i negozi del borgo e del paese che raggiungete per andare sulle ciaspole o fare sci alpinismo. Nonostante sia impossibile raggiungere le quote di ricaduta dello sci alpino &#8211; 6 euro nell&#8217;indotto del territorio per ogni euro speso in ski-pass &#8211; almeno 10 euro a persona spesi in bar e ristoranti delle localit\u00e0 montane delle regioni gialle, \u00e8 un gesto civico culturale, prima ancora che economico, per sostenere quelle realt\u00e0 dei territori decisive per contrastare spopolamento, abbandono, desertificazione delle zone montane.<\/p>\n<p>&nbsp;<\/p>\n<p>&nbsp;<\/p>\n<hr \/>\n<p>&nbsp;<\/p>\n<blockquote>\n<h3>IN VALLE DEL BIOIS UN DUPLICE ATTACCO&#8230;FORSE IL LUPO<\/h3>\n<\/blockquote>\n<p><strong>CANALE D&#8217;AGORDO<\/strong> Duplice attacco probabilmente di lupi sul sentiero da Feder a Lagazzon . Foto di Cristina Fiocco<\/p>\n\n\t\t\t<style type='text\/css'>\n\t\t\t\t#gallery-5 {\n\t\t\t\t\tmargin: auto;\n\t\t\t\t}\n\t\t\t\t#gallery-5 .gallery-item {\n\t\t\t\t\tfloat: left;\n\t\t\t\t\tmargin-top: 10px;\n\t\t\t\t\ttext-align: center;\n\t\t\t\t\twidth: 33%;\n\t\t\t\t}\n\t\t\t\t#gallery-5 img {\n\t\t\t\t\tborder: 2px solid #cfcfcf;\n\t\t\t\t}\n\t\t\t\t#gallery-5 .gallery-caption {\n\t\t\t\t\tmargin-left: 0;\n\t\t\t\t}\n\t\t\t\t\/* see gallery_shortcode() in wp-includes\/media.php *\/\n\t\t\t<\/style>\n\t\t<div id='gallery-5' class='dt-gallery-container gallery galleryid-189300 gallery-columns-3 gallery-size-medium'><dl class='gallery-item'>\n\t\t\t\t<dt class='gallery-icon portrait'>\n\t\t\t\t\t<a class=\"rollover rollover-zoom dt-pswp-item\" title=\"dd8c3de9-4375-4816-ad10-19c0978991ff\" data-dt-img-description=\"\" data-large_image_width=\"900\" data-large_image_height=\"1600\"href='https:\/\/www.radiopiu.net\/wordpress\/wp-content\/uploads\/2021\/02\/dd8c3de9-4375-4816-ad10-19c0978991ff.jpg'><img loading=\"lazy\" decoding=\"async\" width=\"169\" height=\"300\" src=\"https:\/\/www.radiopiu.net\/wordpress\/wp-content\/uploads\/2021\/02\/dd8c3de9-4375-4816-ad10-19c0978991ff-169x300.jpg\" class=\"attachment-medium size-medium\" alt=\"\" srcset=\"https:\/\/www.radiopiu.net\/wordpress\/wp-content\/uploads\/2021\/02\/dd8c3de9-4375-4816-ad10-19c0978991ff-169x300.jpg 169w, https:\/\/www.radiopiu.net\/wordpress\/wp-content\/uploads\/2021\/02\/dd8c3de9-4375-4816-ad10-19c0978991ff-576x1024.jpg 576w, https:\/\/www.radiopiu.net\/wordpress\/wp-content\/uploads\/2021\/02\/dd8c3de9-4375-4816-ad10-19c0978991ff-768x1365.jpg 768w, https:\/\/www.radiopiu.net\/wordpress\/wp-content\/uploads\/2021\/02\/dd8c3de9-4375-4816-ad10-19c0978991ff-864x1536.jpg 864w, https:\/\/www.radiopiu.net\/wordpress\/wp-content\/uploads\/2021\/02\/dd8c3de9-4375-4816-ad10-19c0978991ff.jpg 900w\" sizes=\"auto, (max-width: 169px) 100vw, 169px\" \/><\/a>\n\t\t\t\t<\/dt><\/dl><dl class='gallery-item'>\n\t\t\t\t<dt class='gallery-icon portrait'>\n\t\t\t\t\t<a class=\"rollover rollover-zoom dt-pswp-item\" title=\"937c6cd7-3c7b-4d44-8eec-eac8b502b2be\" data-dt-img-description=\"\" data-large_image_width=\"1152\" data-large_image_height=\"2048\"href='https:\/\/www.radiopiu.net\/wordpress\/wp-content\/uploads\/2021\/02\/937c6cd7-3c7b-4d44-8eec-eac8b502b2be.jpg'><img loading=\"lazy\" decoding=\"async\" width=\"169\" height=\"300\" src=\"https:\/\/www.radiopiu.net\/wordpress\/wp-content\/uploads\/2021\/02\/937c6cd7-3c7b-4d44-8eec-eac8b502b2be-169x300.jpg\" class=\"attachment-medium size-medium\" alt=\"\" srcset=\"https:\/\/www.radiopiu.net\/wordpress\/wp-content\/uploads\/2021\/02\/937c6cd7-3c7b-4d44-8eec-eac8b502b2be-169x300.jpg 169w, https:\/\/www.radiopiu.net\/wordpress\/wp-content\/uploads\/2021\/02\/937c6cd7-3c7b-4d44-8eec-eac8b502b2be-576x1024.jpg 576w, https:\/\/www.radiopiu.net\/wordpress\/wp-content\/uploads\/2021\/02\/937c6cd7-3c7b-4d44-8eec-eac8b502b2be-768x1365.jpg 768w, https:\/\/www.radiopiu.net\/wordpress\/wp-content\/uploads\/2021\/02\/937c6cd7-3c7b-4d44-8eec-eac8b502b2be-864x1536.jpg 864w, https:\/\/www.radiopiu.net\/wordpress\/wp-content\/uploads\/2021\/02\/937c6cd7-3c7b-4d44-8eec-eac8b502b2be.jpg 1152w\" sizes=\"auto, (max-width: 169px) 100vw, 169px\" \/><\/a>\n\t\t\t\t<\/dt><\/dl><dl class='gallery-item'>\n\t\t\t\t<dt class='gallery-icon portrait'>\n\t\t\t\t\t<a class=\"rollover rollover-zoom dt-pswp-item\" title=\"b3f48f2a-9506-467a-9d1f-0e6e4057815f\" data-dt-img-description=\"\" data-large_image_width=\"900\" data-large_image_height=\"1600\"href='https:\/\/www.radiopiu.net\/wordpress\/wp-content\/uploads\/2021\/02\/b3f48f2a-9506-467a-9d1f-0e6e4057815f.jpg'><img loading=\"lazy\" decoding=\"async\" width=\"169\" height=\"300\" src=\"https:\/\/www.radiopiu.net\/wordpress\/wp-content\/uploads\/2021\/02\/b3f48f2a-9506-467a-9d1f-0e6e4057815f-169x300.jpg\" class=\"attachment-medium size-medium\" alt=\"\" srcset=\"https:\/\/www.radiopiu.net\/wordpress\/wp-content\/uploads\/2021\/02\/b3f48f2a-9506-467a-9d1f-0e6e4057815f-169x300.jpg 169w, https:\/\/www.radiopiu.net\/wordpress\/wp-content\/uploads\/2021\/02\/b3f48f2a-9506-467a-9d1f-0e6e4057815f-576x1024.jpg 576w, https:\/\/www.radiopiu.net\/wordpress\/wp-content\/uploads\/2021\/02\/b3f48f2a-9506-467a-9d1f-0e6e4057815f-768x1365.jpg 768w, https:\/\/www.radiopiu.net\/wordpress\/wp-content\/uploads\/2021\/02\/b3f48f2a-9506-467a-9d1f-0e6e4057815f-864x1536.jpg 864w, https:\/\/www.radiopiu.net\/wordpress\/wp-content\/uploads\/2021\/02\/b3f48f2a-9506-467a-9d1f-0e6e4057815f.jpg 900w\" sizes=\"auto, (max-width: 169px) 100vw, 169px\" \/><\/a>\n\t\t\t\t<\/dt><\/dl><br style=\"clear: both\" \/>\n\t\t\t<\/div>\n\n<p>&nbsp;<\/p>\n<p><strong>IL VIDEO<\/strong><\/p>\n<div style=\"width: 1200px;\" class=\"wp-video\"><video class=\"wp-video-shortcode\" id=\"video-189300-2\" width=\"1200\" height=\"675\" preload=\"metadata\" controls=\"controls\"><source type=\"video\/mp4\" src=\"https:\/\/www.radiopiu.net\/wordpress\/wp-content\/uploads\/2021\/02\/LUPO-FIOCCO-OK.mp4?_=2\" \/><a href=\"https:\/\/www.radiopiu.net\/wordpress\/wp-content\/uploads\/2021\/02\/LUPO-FIOCCO-OK.mp4\">https:\/\/www.radiopiu.net\/wordpress\/wp-content\/uploads\/2021\/02\/LUPO-FIOCCO-OK.mp4<\/a><\/video><\/div>\n<p>&nbsp;<\/p>\n<p>&nbsp;<\/p>\n<p>&nbsp;<\/p>\n<hr \/>\n<p>&nbsp;<\/p>\n<blockquote>\n<h2><span class=\"s1\"><strong><a href=\"https:\/\/www.radiopiu.net\/wordpress\/giornale-radiopiu-20-maggio-2020-direttore-mirko-mezzacasa\/dario-bond-11\/\" rel=\"attachment wp-att-138833\"><img loading=\"lazy\" decoding=\"async\" class=\"size-full wp-image-138833 alignleft\" src=\"https:\/\/www.radiopiu.net\/wordpress\/wp-content\/uploads\/2020\/05\/Dario-Bond.jpg\" alt=\"\" width=\"165\" height=\"228\" \/><\/a><\/strong><\/span>GOVERNO: BOND &#8220;PREVEDERE VICE MINISTRO PER POLITICHE MONTAGNA&#8221;<\/h2>\n<\/blockquote>\n<p><strong> ROMA\u00a0<\/strong> &#8220;I territori di montagna, dove vive circa un quarto della popolazione italiana, sono stati abbandonati dagli ultimi governi. Serve un cambio di passo&#8221;. Cosi&#8217; in una nota il deputato di Forza Italia, Dario BOND, lancia la proposta di una delega per il rilancio della montagna.<\/p>\n<audio class=\"wp-audio-shortcode\" id=\"audio-189300-3\" preload=\"none\" style=\"width: 100%;\" controls=\"controls\"><source type=\"audio\/mpeg\" src=\"https:\/\/www.radiopiu.net\/wordpress\/wp-content\/uploads\/2021\/02\/bond.mp3?_=3\" \/><a href=\"https:\/\/www.radiopiu.net\/wordpress\/wp-content\/uploads\/2021\/02\/bond.mp3\">https:\/\/www.radiopiu.net\/wordpress\/wp-content\/uploads\/2021\/02\/bond.mp3<\/a><\/audio>\n<p>&nbsp;<\/p>\n<hr \/>\n<p>&nbsp;<\/p>\n<blockquote>\n<h3>DE CARLO RITORNA SULLE ETICHETTATURE SELLE CARNI DA PARTE DELLA UE<\/h3>\n<\/blockquote>\n<p><strong><a href=\"https:\/\/www.radiopiu.net\/wordpress\/giornale-radiopiu-19-maggio-2020-direttore-mirko-mezzacasa\/luca-de-carlo-8\/\" rel=\"attachment wp-att-138787\"><img loading=\"lazy\" decoding=\"async\" class=\"size-full wp-image-138787 alignleft\" src=\"https:\/\/www.radiopiu.net\/wordpress\/wp-content\/uploads\/2020\/05\/Luca-De-Carlo.jpg\" alt=\"\" width=\"165\" height=\"228\" \/><\/a>ROMA\u00a0<\/strong>\u201c<em>Il 31 gennaio \u00e8 terminato il periodo transitorio che permetteva l\u2019utilizzo di etichette e imballaggi senza l\u2019indicazione dell\u2019origine della carne suina nei prodotti trasformati. Il grande paradosso per\u00f2 \u00e8 che per i prodotti IGP, di Indicazione Geografica Protetta, \u00e8 concessa una deroga e questo significa che nei prodotti trasformati sar\u00e0 possibile non indicare l\u2019origine della materia prima. Un\u2019assurdit\u00e0 che da una parte colpisce\u00a0\u00a0gli allevatori italiani che rispettano degli standard qualitativi altissimi e dall\u2019altra i consumatori completamente disorientati da una normativa che non garantisce trasparenza. \u00c8 indispensabile fare chiarezza e mettere tutti in condizioni di competere ad armi pari con interventi normativi che valorizzino le produzioni locali e non solo le lavorazioni finali. Non possiamo assistere inermi all\u2019umiliazione del settore agricolo italiano, che invece rappresenta una garanzia di qualit\u00e0 e di gusto che gli italiani ben comprendono, bisogna quindi trovare una sinergia comunicativa fra la domanda e l\u2019offerta dei prodotti, fra chi produce e garantisce la provenienza nazionale dei lavorato e chi acquista, che ha diritto di conoscere con chiarezza la storia di ci\u00f2 che mangia<\/em> \u201d. \u00c8 quanto dichiara il Sen. Luca De Carlo, responsabile nazionale del Dipartimento Agricoltura e Eccellenze Italiane di Fratelli d\u2019Italia.<\/p>\n<p>&nbsp;<\/p>\n<p>&nbsp;<\/p>\n<hr \/>\n<p>&nbsp;<\/p>\n<blockquote class=\"wp-embedded-content\" data-secret=\"0lCDlhtXY1\"><p><a href=\"https:\/\/www.radiopiu.net\/wordpress\/acc-lopinione-del-segretario-della-fiom-cgil-stefano-bona\/\">ACC: L&#8217;OPINIONE DEL SEGRETARIO DELLA FIOM CGIL STEFANO BONA<\/a><\/p><\/blockquote>\n<p><iframe loading=\"lazy\" class=\"wp-embedded-content\" sandbox=\"allow-scripts\" security=\"restricted\" style=\"position: absolute; clip: rect(1px, 1px, 1px, 1px);\" title=\"&#8220;ACC: L&#8217;OPINIONE DEL SEGRETARIO DELLA FIOM CGIL STEFANO BONA&#8221; &#8212; Radio Pi\u00f9\" src=\"https:\/\/www.radiopiu.net\/wordpress\/acc-lopinione-del-segretario-della-fiom-cgil-stefano-bona\/embed\/#?secret=0lCDlhtXY1\" data-secret=\"0lCDlhtXY1\" width=\"600\" height=\"338\" frameborder=\"0\" marginwidth=\"0\" marginheight=\"0\" scrolling=\"no\"><\/iframe><\/p>\n<p>&nbsp;<\/p>\n<hr \/>\n<p>&nbsp;<\/p>\n<blockquote>\n<h3>31.000 TEST RAPIDI COVID-19 EFFETTUATI DA DICEMBRE AD OGGI IN 361 FARMACIE TERRITORIALI VENETE<\/h3>\n<\/blockquote>\n<p><strong><a href=\"https:\/\/www.radiopiu.net\/wordpress\/giornale-radiopiu-30-settembre-2020-direttore-mirko-mezzacasa\/andrea-bellon-presidente-federfarma-veneto-ok\/\" rel=\"attachment wp-att-163255\"><img loading=\"lazy\" decoding=\"async\" class=\"size-medium wp-image-163255 alignleft\" src=\"https:\/\/www.radiopiu.net\/wordpress\/wp-content\/uploads\/2020\/09\/Andrea-Bellon-presidente-Federfarma-Veneto-OK-225x300.jpg\" alt=\"\" width=\"225\" height=\"300\" srcset=\"https:\/\/www.radiopiu.net\/wordpress\/wp-content\/uploads\/2020\/09\/Andrea-Bellon-presidente-Federfarma-Veneto-OK-225x300.jpg 225w, https:\/\/www.radiopiu.net\/wordpress\/wp-content\/uploads\/2020\/09\/Andrea-Bellon-presidente-Federfarma-Veneto-OK-768x1024.jpg 768w, https:\/\/www.radiopiu.net\/wordpress\/wp-content\/uploads\/2020\/09\/Andrea-Bellon-presidente-Federfarma-Veneto-OK-360x480.jpg 360w, https:\/\/www.radiopiu.net\/wordpress\/wp-content\/uploads\/2020\/09\/Andrea-Bellon-presidente-Federfarma-Veneto-OK.jpg 848w\" sizes=\"auto, (max-width: 225px) 100vw, 225px\" \/><\/a>VENEZIA <\/strong>Sono oltre 30 mila i tamponi rapidi, solo 1.015 dei quali positivi, effettuati in 361 farmacie venete da inizio gennaio ad oggi. A poco pi\u00f9 di un mese dall&#8217;avvio del servizio\u00a0 la\u00a0 media quotidiana \u00e8 di oltre 800 tamponi che sale a quasi 1.500 nei primi giorni di febbraio. Sono questi i dati della Regione Veneto riguardo all\u2019operativit\u00e0 delle farmacie territoriali nella lotta al Covid-19 tramite il monitoraggio della popolazione asintomatica che non rientra quindi nel circuito dei pazienti dichiaratamente affetti dalla patologia o portatori di sintomi da comprovare. \u00ab<em>Il dato \u00e8 rimarchevole \u2013 dichiara <strong>Andrea Bellon<\/strong>, presidente di FederFarma Veneto \u2013 ed evidenzia una prassi ormai consolidata. Di notevole importanza anche il dato relativo ai positivi &#8211; \u00a0poco pi\u00f9 del 3% -: questo significa che abbiamo individuato molti \u00a0asintomatici che altrimenti avrebbero potuto contagiare migliaia di \u00a0persone. E\u2019 evidente che il cittadino ci riconosce come l\u2019operatore sanitario al quale riferirsi in modo veloce ed efficace per ottenere in tempi rapidissimi l\u2019esito del tampone necessario in molto casi per il lavoro, per le attivit\u00e0 sportive e in generale per avere la sicurezza di\u00a0 non essere contagiati. Sono numerosi, infatti, i parenti di persone anziane o malate che si rivolgono alla farmacia perch\u00e9 si preoccupano di non esporre al rischio i soggetti fragili con cui vengono a contatto. Un dato a nostro avviso molto significativo, \u00e8 il ruolo determinante che sta rivestendo la Farmacia veneta in questo particolare momento storico. Certificare che su 31.000 test effettuati 30.000 sono negativi significa offrire alla statistica un dato fondamentale per porre il Veneto in una situazione pi\u00f9 favorevole con un tasso di contagio meno elevato. Qualora, invece, nelle farmacie si riscontrasse un aumento della positivit\u00e0 negli asintomatici, la Sanit\u00e0 regionale potr\u00e0 disporre di dati certi, altrimenti \u201cinvisibili\u201d, \u00a0sui quali calibrare le strategie pi\u00f9 opportune<\/em>\u00bb.<\/p>\n<p>&nbsp;<\/p>\n<p>&nbsp;<\/p>\n<hr \/>\n<p>&nbsp;<\/p>\n<blockquote>\n<h3>LA CASA CANTONIERA DI ACQUABONA OSPITERA\u2019 LA SEDE DELLA FONDAZIONE DOLOMITI UNESCO<\/h3>\n<\/blockquote>\n<p><strong><a href=\"https:\/\/www.radiopiu.net\/wordpress\/giornale-radiopiu-07-febbraio-2021-direttore-mirko-mezzacasa\/02-4\/\" rel=\"attachment wp-att-189405\"><img loading=\"lazy\" decoding=\"async\" class=\"size-medium wp-image-189405 alignleft\" src=\"https:\/\/www.radiopiu.net\/wordpress\/wp-content\/uploads\/2021\/02\/02-300x225.jpeg\" alt=\"\" width=\"300\" height=\"225\" srcset=\"https:\/\/www.radiopiu.net\/wordpress\/wp-content\/uploads\/2021\/02\/02-300x225.jpeg 300w, https:\/\/www.radiopiu.net\/wordpress\/wp-content\/uploads\/2021\/02\/02-1024x768.jpeg 1024w, https:\/\/www.radiopiu.net\/wordpress\/wp-content\/uploads\/2021\/02\/02-768x576.jpeg 768w, https:\/\/www.radiopiu.net\/wordpress\/wp-content\/uploads\/2021\/02\/02.jpeg 1416w\" sizes=\"auto, (max-width: 300px) 100vw, 300px\" \/><\/a>CORTINA <\/strong>\u00c8 stato sottoscritto tra Anas (Gruppo FS Italiane) e Comune di Cortina d&#8217;Ampezzo, alla presenza del Presidente di Anas nonch\u00e9 Commissario di Governo per l\u2019attuazione del piano straordinario di potenziamento della viabilit\u00e0 per i Mondiali di Sci Cortina 2021, Claudio Andrea Gemme, e del Sindaco di Cortina d\u2019Ampezzo,\u00a0Gianpietro Ghedina, un protocollo d&#8217;intesa\u00a0per la riqualificazione e il riutilizzo della Casa Cantoniera Anas di Acquabona. Lo stabile, ubicato nell\u2019omonima localit\u00e0, frazione di Cortina d\u2019Ampezzo, al km 98,822 della strada statale 51 di Alemagna \u00e8 stato destinato\u00a0alla\u00a0Fondazione Dolomiti UNESCO per ospitare una struttura ricettiva e informativa dell\u2019Istituzione.\u00a0Un front office per fornire servizi all\u2019utenza stradale in vista dei grandi eventi sportivi che interesseranno, nei prossimi anni, Cortina d\u2019Ampezzo e le Dolomiti.\u00a0 \u201cQuesta operazione &#8211; spiega il Presidente di Anas, Claudio Andrea Gemme\u00a0&#8211; si inserisce nel quadro della valorizzazione, della riqualificazione, dell\u2019accessibilit\u00e0 e della fruizione degli immobili di propriet\u00e0 Anas. Le case cantoniere rappresentano un patrimonio sociale ed economico di grande importanza per il nostro Paese e attraverso iniziative di riconversione, quale quella firmata oggi, costituiscono un fattore di crescita per le attivit\u00e0 culturali, l\u2019economia e l\u2019occupazione dei territori dove sono ubicate. Non sono solo edifici dal rilevante valore iconico ma rivestono anche un ruolo strategico per la nostra operativit\u00e0. Nel caso specifico, a Cortina, l\u2019altra casa cantoniera, \u201cBigontina\u201d durante i Mondiali ospita infatti la\u00a0Control Room della Smart Road Anas. Su tutto il territorio nazionale Anas possiede oltre 1200 case cantoniere, per le quali Anas ha avviato un progetto di valorizzazione col duplice obiettivo di operare il recupero del proprio patrimonio immobiliare e di fornire all\u2019utenza della strada quanti pi\u00f9 servizi possibili a sostegno della mobilit\u00e0 e della viabilit\u00e0. Il progetto che prevede la valorizzazione e la riqualificazione delle case cantoniere, con l\u2019obiettivo di offrire servizi all\u2019utenza della strada in linea con gli attuali standard comunitari e con le esigenze della mobilit\u00e0, inclusa quella sostenibile\u201d.<\/p>\n<p>&nbsp;<\/p>\n<p>&nbsp;<\/p>\n<hr \/>\n<p>&nbsp;<\/p>\n<blockquote>\n<h3>ALL&#8217;AUSER ARRIVA LA DAD<\/h3>\n<\/blockquote>\n<p><strong><a href=\"https:\/\/www.radiopiu.net\/wordpress\/il-covid-non-ferma-lauser-oltre-29-mila-chilometri-per-538-interventi\/auser-1-2\/\" rel=\"attachment wp-att-163020\"><img loading=\"lazy\" decoding=\"async\" class=\"size-medium wp-image-163020 alignleft\" src=\"https:\/\/www.radiopiu.net\/wordpress\/wp-content\/uploads\/2020\/09\/auser-1-300x137.jpg\" alt=\"\" width=\"300\" height=\"137\" srcset=\"https:\/\/www.radiopiu.net\/wordpress\/wp-content\/uploads\/2020\/09\/auser-1-300x137.jpg 300w, https:\/\/www.radiopiu.net\/wordpress\/wp-content\/uploads\/2020\/09\/auser-1-1024x469.jpg 1024w, https:\/\/www.radiopiu.net\/wordpress\/wp-content\/uploads\/2020\/09\/auser-1-768x351.jpg 768w, https:\/\/www.radiopiu.net\/wordpress\/wp-content\/uploads\/2020\/09\/auser-1-1536x703.jpg 1536w, https:\/\/www.radiopiu.net\/wordpress\/wp-content\/uploads\/2020\/09\/auser-1-640x293.jpg 640w, https:\/\/www.radiopiu.net\/wordpress\/wp-content\/uploads\/2020\/09\/auser-1.jpg 1772w\" sizes=\"auto, (max-width: 300px) 100vw, 300px\" \/><\/a>BELLUNO <\/strong>Per superare i vincoli doverosi imposti dal Covid 19, all\u2019Universit\u00e0 popolare dell\u2019Auser s\u2019\u00e8 ritenuto di adottare un sistema che, ovviando alle lezioni in presenza momentaneamente impraticabili, dessero agli iscritti una possibile alternativa. Ed \u00e8 cos\u00ec che su un portale espressamente dedicato, con un accesso riservato agli iscritti dell\u2019Universit\u00e0 Auser, dai primi di novembre i docenti solitamente abituati ad una platea di persone in carne e ossa, si sono inventati tanti \u201cmaestro Manzi\u201d di recondita memoria, dispensando le loro lezioni attraverso una telecamera. Una iniziativa che non pu\u00f2 certo sostituire il rapporto umano e il confronto diretto come finora avvenuto in aula, ma che comunque non interrompe quel filo di amicizia, conoscenza e simpatia venutosi a creare negli anni di frequentazione dell\u2019Universit\u00e0 popolare dell\u2019Auser. Mezzi diversi ma coerenti con la mission dell\u2019Auser tesa alla valorizzazione delle persone e delle loro relazioni e finalizzati nel caso specifico a difendere e sviluppare le capacit\u00e0 conoscitive e attive delle persone. Con spirito volontario, docenti ed operatori si sono messi a disposizione realizzando finora una quindicina di comunicazioni sull\u2019arte, la letteratura, la storia, le tradizioni e la vegetazione, arricchite da immagini esplicative dei testi. I soci Auser dell\u2019Universit\u00e0 hanno mostrato di gradire molto l\u2019iniziativa e, a riprova tangibile, sono ormai 120 quelli che si sono sentiti spontaneamente in dovere di rinnovare l\u2019iscrizione recandosi nella sede di Belluno. Per ogni eventuale informazione \u00e8 comunque possibile rivolgersi alla segreteria Auser di Belluno, in piazza Mazzini 11, nell\u2019orario 10.00 &#8211; 12.00 o telefonando allo 0437 944619 o inviando una e-mail a auserbl@gmail.com. Tre le sedi delle altre Universit\u00e0 Auser in provincia, Alpago, Domegge e Ponte nelle Alpi, che usufruiranno di questa possibilit\u00e0 di didattica a distanza, veicolando autonomamente ai loro soci le lezioni dell\u2019Universit\u00e0 di Belluno.<\/p>\n<p>&nbsp;<\/p>\n<p>&nbsp;<\/p>\n<hr \/>\n<p>&nbsp;<\/p>\n<\/div>\n<\/div>\n<\/div>\n<blockquote>\n<h3>LUNEDI DALLE 16.30 SCIOPERO NAZIONALE DEI TRASPORTI<\/h3>\n<\/blockquote>\n<p><strong><img loading=\"lazy\" decoding=\"async\" class=\"alignleft\" src=\"https:\/\/www.radiopiu.net\/wordpress\/wp-content\/uploads\/2020\/06\/bac1e271-d4cb-4f10-b12b-dad19da85e7a.jpg\" width=\"140\" height=\"105\" \/>BELLUNO<\/strong>\u00a0Anche in provincia lunedi sera non sar\u00e0 facile muoversi per lo sciopero nazionale che interessa anche i lavoratori della Dolomitibus. Le segreterie sindacali hanno dato comunicazione di adesione alla protesta nell\u2019ambito della rete servita dalle linee della Dolomitibus. Non verranno pertanto garantire le corse in partenza dalle 16.30 alle 20.29, le corse in partenza prima dell\u2019inizio dello sciopero verranno effettuate regolarmente. Il servizio normale riprender\u00e0 alle 20.30. Motivo della protesta il contratto nazionale scaduto dal 31 dicembre del 2017. Gli autoferrotranvieri-internavigatori chiedono il sostegno e la solidariet\u00e0 di tutti i cittadini, al fine di evitare ulteriori tensioni che potrebbero determinare effetti negativi sul servizio e sull\u2019utenza nella fase delicata di ripartenza delle attivit\u00e0 scolastiche ed economiche del Paese.<\/p>\n<p>&nbsp;<\/p>\n<p>&nbsp;<\/p>\n<hr \/>\n<p>&nbsp;<\/p>\n<blockquote>\n<h3>IL COMUNE DI PEDAVENA APRE UN BANDO PER UN OPERAIO SPECIALIZZATO<\/h3>\n<\/blockquote>\n<p><strong>PEDAVENA <\/strong>E\u0300 indetto un concorso pubblico per soli esami per l&#8217;assunzione a tempo indeterminato e pieno di un operaio specializzato &#8211; elettricista Cat. B3 presso l\u2019Area Tecnica del Comune di Pedavena (BL). Le domande di partecipazione dovranno pervenire all&#8217;ufficio protocollo dell&#8217;Unione Montana Feltrina secondo le modalita\u0300 e i termini indicati nel bando. Le modalita\u0300&#8217; di partecipazione, i requisiti ed il fac-simile della domanda di partecipazione sono disponibili presso l\u2019ufficio del personale dell&#8217;Unione Montana Feltrina in via C. Rizzarda, 21 a Feltre (BL) (tel 0439.310259) e sul sito istituzionale dell&#8217;ente all&#8217;indirizzo: http:\/\/www.feltrino.bl.it\/web\/cmfeltrina nella sezione \u201cBandi di Concorso\u201d. Termine di scadenza per la presentazione delle domande alle 12 del 18\/03\/2021.<\/p>\n<p>&nbsp;<\/p>\n<p>&nbsp;<\/p>\n<hr \/>\n<p>&nbsp;<\/p>\n<blockquote>\n<h3>L&#8217;UNIONE MONTANA FELTRINA CERCA UN RESPONSABILE URBANISTICA\/EDILIZIA PRIVATA<\/h3>\n<\/blockquote>\n<p><strong>FELTRE<\/strong> E\u0300 indetta una selezione pubblica per l&#8217;individuazione di una unita\u0300 di personale cui conferire l&#8217;incarico di Istruttore Direttivo \u2013 categoria giuridica D pos. econ. D1 a tempo determinato, con attribuzione della responsabilita\u0300 del Servizio Associato Urbanistica\/Edilizia Privata, previsto in dotazione organica. Le domande di partecipazione dovranno pervenire all&#8217;ufficio protocollo dell&#8217;Unione Montana Feltrina secondo le modalita\u0300 e i termini indicati nel bando. Le modalita\u0300&#8217; di partecipazione, i requisiti ed il fac-simile della domanda di partecipazione sono disponibili presso l\u2019ufficio del personale dell&#8217;Unione Montana Feltrina in via C. Rizzarda, 21 a Feltre (BL) (tel 0439.310259) e sul sito istituzionale dell&#8217;ente all&#8217;indirizzo: http:\/\/www.feltrino.bl.it\/web\/cmfeltrina nella sezione \u201cBandi di Concorso\u201d. Termine di scadenza per la presentazione delle domande alle 12 del 5\/03\/2021.<\/p>\n<p>&nbsp;<\/p>\n<hr \/>\n<blockquote>\n<h3>NUOVI ORARI CALL CENTER COVID DAL 1\u00b0 FEBBRAIO 2021<\/h3>\n<\/blockquote>\n<p><strong><a href=\"https:\/\/www.radiopiu.net\/wordpress\/giornale-radiopiu-26-gennaio-2021-direttore-mirko-mezzacasa\/numero-covid_febbraio-2021\/\" rel=\"attachment wp-att-186852\"><img loading=\"lazy\" decoding=\"async\" class=\"wp-image-186852 alignleft\" src=\"https:\/\/www.radiopiu.net\/wordpress\/wp-content\/uploads\/2021\/01\/numero-covid_febbraio-2021-300x212.jpg\" alt=\"\" width=\"202\" height=\"143\" srcset=\"https:\/\/www.radiopiu.net\/wordpress\/wp-content\/uploads\/2021\/01\/numero-covid_febbraio-2021-300x212.jpg 300w, https:\/\/www.radiopiu.net\/wordpress\/wp-content\/uploads\/2021\/01\/numero-covid_febbraio-2021-1024x724.jpg 1024w, https:\/\/www.radiopiu.net\/wordpress\/wp-content\/uploads\/2021\/01\/numero-covid_febbraio-2021-768x543.jpg 768w, https:\/\/www.radiopiu.net\/wordpress\/wp-content\/uploads\/2021\/01\/numero-covid_febbraio-2021-1536x1086.jpg 1536w, https:\/\/www.radiopiu.net\/wordpress\/wp-content\/uploads\/2021\/01\/numero-covid_febbraio-2021.jpg 2000w\" sizes=\"auto, (max-width: 202px) 100vw, 202px\" \/><\/a> <\/strong><\/p>\n<p><strong>\u00a0<\/strong><\/p>\n<p><strong>BELLUNO <\/strong>L&#8217;importante rallentamento epidemico registrato nelle ultime settimane e la conseguente forte riduzione delle telefonate con richiesta di informazioni da parte dei cittadini, consentono di rimodulare giorni ed orari di attivit\u00e0 del CALL CENTER COVID Dal 1\u00b0 febbraio 2021 lo 0437\/514343 sar\u00e0 attivo dalle 8 alle 18 da luned\u00ec a sabato.<\/p>\n<p>&nbsp;<\/p>\n<p>&nbsp;<\/p>\n<p>&nbsp;<\/p>\n<hr \/>\n<p>&nbsp;<\/p>\n<blockquote>\n<h3>IL CAI DI AGORDO ANNUNCIA CHE RIPRENDONO LE ESCURSIONI<\/h3>\n<p><strong>\u00a0DI GIANNI SANTOMASO<\/strong><\/p>\n<audio class=\"wp-audio-shortcode\" id=\"audio-189300-4\" preload=\"none\" style=\"width: 100%;\" controls=\"controls\"><source type=\"audio\/mpeg\" src=\"https:\/\/www.radiopiu.net\/wordpress\/wp-content\/uploads\/2021\/02\/gianni-cai-agordo.mp3?_=4\" \/><a href=\"https:\/\/www.radiopiu.net\/wordpress\/wp-content\/uploads\/2021\/02\/gianni-cai-agordo.mp3\">https:\/\/www.radiopiu.net\/wordpress\/wp-content\/uploads\/2021\/02\/gianni-cai-agordo.mp3<\/a><\/audio>\n<p>&nbsp;<\/p><\/blockquote>\n<p><strong><a href=\"https:\/\/www.radiopiu.net\/wordpress\/giornale-radiopiu-07-aprile\/cai-agordo-2\/\" rel=\"attachment wp-att-127841\"><img loading=\"lazy\" decoding=\"async\" class=\"size-full wp-image-127841 alignleft\" src=\"https:\/\/www.radiopiu.net\/wordpress\/wp-content\/uploads\/2020\/04\/cai-agordo.jpg\" alt=\"\" width=\"297\" height=\"170\" \/><\/a>AGORDO\u00a0<\/strong>Riprenderanno nei prossimi giorni le escursioni del CAI di Agordo. &#8220;<em>Finalmente si possono riprendere le attivit\u00e0 sezionali secondo le direttive del CAI Centrale e delle varie Commissioni competenti &#8211; dicono dal CAI &#8211; Le prime due escursioni di questo nuovo anno sono purtroppo saltate ma siamo subito pronti per la terza (seppur con qualche modifica rispetto al programma), con lo spirito che ha sempre contraddistinto le nostre uscite anzi, con ancora maggiore entusiasmo e voglia di stare insieme per scacciare quel demone che da ormai un anno ci tiene in pugno. Ovviamente non bisogna sottrarsi alle prescrizioni sanitarie e usare il buon senso, per non vanificare i sacrifici fatti nei mesi scorsi per contenere la diffusione del virus e ringraziamo sin d&#8217;ora i partecipanti alle escursioni per la collaborazione che sapranno offrire per il benessere reciproco<\/em>&#8220;. Causa il divieto di spostarsi da Regione a Regione, La Commissione Escursionismo sezionale \u00e8 stata costretta a cambiare destinazione. Fortunatamente l&#8217;abbondante copertura nevosa consente una grande variet\u00e0 e numero di escursioni. Per domenica 14 febbraio, il Piz Croce \u00e8 stato scelto anche per evitare pericolosi assembramenti in luoghi pi\u00f9 famosi e frequentati. Un giro ad anello fra i boschi di abeti di San Tomaso Agordino, consentir\u00e0 di ripartire con poca fatica ma con grande soddisfazione e panorami grandiosi ed inusuali. L&#8217;escursione e classificata EAI Media.<\/p>\n<p>&nbsp;<\/p>\n<p><strong>IL MANIFESTO DELLA PRIMA ESCURSIONE DEL 2021<\/strong><\/p>\n<a href=\"https:\/\/www.radiopiu.net\/wordpress\/wp-content\/uploads\/2021\/02\/PIZ_CROCE_COLORE.pdf\" class=\"pdfemb-viewer\" style=\"\" data-width=\"max\" data-height=\"max\" data-toolbar=\"top\" data-toolbar-fixed=\"on\">PIZ_CROCE_COLORE<\/a>\n<p>&nbsp;<\/p>\n<p>&nbsp;<\/p>\n<hr \/>\n<p>&nbsp;<\/p>\n<blockquote>\n<h3>RIAPRE IL CIRCOLO AUSER COL BEL DI TISER<\/h3>\n<\/blockquote>\n<p><strong>GOSALDO<\/strong> Il Circolo Auser Col Bel di Tiser informa i soci che da luned\u00ec 08 febbraio riaprir\u00e0 la sede tutti i giorni dalle ore 16,00 alle ore 18,00. Resta inteso che l&#8217;accesso dovr\u00e0 essere nel rispetto delle normative anti Covid-19: mascherina, gel mani e distanziamento<\/p>\n<p>&nbsp;<\/p>\n<p>&nbsp;<\/p>\n<hr \/>\n<p>&nbsp;<\/p>\n<blockquote>\n<h3>LE POESIE DI ALICE NELLE LIBRERIE BELLUNESI<\/h3>\n<\/blockquote>\n<p><strong>ALLEGHE<\/strong> Prima che arrivi la bella stagione, \u00e8 il titolo della nuova raccolta di poesie dell&#8217;alleghese Alice De Toni. Impossibile la presentazione in presenza, ma il libro gi\u00e0 si pu\u00f2 trovarlo a Belluno nelle librerie Campedel, Le Due Zitelle, Mondadori Bookstore e Tarantola; Feltre Agor\u00e0 e Pilotto; Rasai di Seren del Grappa libreria Quattro Sass, Alleghe in edicola. E&#8217; possibile acquistare il libro su sito della casa editrice www.edizionidbs.it<\/p>\n<p>&nbsp;<\/p>\n<hr \/>\n<p>&nbsp;<\/p>\n<blockquote>\n<h3>SI INTITOLA &#8220;LYRICA&#8221; IL NUOVO LIBRO DI POESIE DI ALESSANDRA SERVI<\/h3>\n<\/blockquote>\n<p><strong><a href=\"https:\/\/www.radiopiu.net\/wordpress\/giornale-radiopiu-31-gennaio-2021-direttore-mirko-mezzacasa\/lyrica\/\" rel=\"attachment wp-att-187997\"><img loading=\"lazy\" decoding=\"async\" class=\"wp-image-187997 alignleft\" src=\"https:\/\/www.radiopiu.net\/wordpress\/wp-content\/uploads\/2021\/01\/LYRICA-232x300.jpg\" alt=\"\" width=\"151\" height=\"196\" srcset=\"https:\/\/www.radiopiu.net\/wordpress\/wp-content\/uploads\/2021\/01\/LYRICA-232x300.jpg 232w, https:\/\/www.radiopiu.net\/wordpress\/wp-content\/uploads\/2021\/01\/LYRICA-792x1024.jpg 792w, https:\/\/www.radiopiu.net\/wordpress\/wp-content\/uploads\/2021\/01\/LYRICA-768x993.jpg 768w, https:\/\/www.radiopiu.net\/wordpress\/wp-content\/uploads\/2021\/01\/LYRICA.jpg 990w\" sizes=\"auto, (max-width: 151px) 100vw, 151px\" \/><\/a>BELLUNO <\/strong>&#8220;Alessandra Servi: la magia in ogni cosa&#8221;: \u00e8 cos\u00ec che il poeta Vito Santin ha voluto presentare, nella sua nota di prefazione, LYRICA, l&#8217;ultimo libro di Alessandra Servi, uscito appena prima di Natale. Dopo 5 anni dall&#8217;ultima pubblicazione, l&#8217;autrice ritorna con una raccolta intensa, nuda, un percorso stilistico ed emozionale, a scandire e scandagliare forza e fragilit\u00e0 dell&#8217;io pi\u00f9 intimo e profondo. Mantenendo la peculiarit\u00e0 propria della sua scrittura poetica, la Servi svela una trasformazione importante, facendosi voce pura di donna adulta. LYRICA \u00e8 &#8220;un poema d&#8217;amore&#8221; come l&#8217;ha definito il poeta Francesco Piemonte. Il volumetto, elegante ed essenziale nell&#8217;aspetto grafico curato da Federica Fant, \u00e8 in vendita presso le librerie di Belluno centro: Le due Zitelle, Libreria degli Eddini e Tarantola. Potete scrivere anche a <a href=\"mailto:alessandraservi@gmail.com\">alessandraservi@gmail.com<\/a>\u00a0per la spedizione fuori Belluno.<\/p>\n<p>&nbsp;<\/p>\n<p>&nbsp;<\/p>\n<hr \/>\n<p>&nbsp;<\/p>\n<blockquote>\n<h1>Training di Biodinamica Craniosacrale<\/h1>\n<\/blockquote>\n<p><em>Un profondo lavoro sul corpo e attraverso il corpo che si trasforma in un<\/em><em>viaggio alla scoperta di se stessi e delle proprie potenzialit\u00e0.\u00a0<\/em><\/p>\n<p><strong><a href=\"https:\/\/www.radiopiu.net\/wordpress\/covid-zaia-su-dati-europei-ecdc-non-realistici-perche-quelli-italiani-non-sono-uniformi-e-persino-ovvio-che-chi-fa-piu-tamponi-trova-piu-casi-ma-non-se\/pp-47\/\" rel=\"attachment wp-att-186942\"><img loading=\"lazy\" decoding=\"async\" class=\"wp-image-186942 alignleft\" src=\"https:\/\/www.radiopiu.net\/wordpress\/wp-content\/uploads\/2021\/01\/pp-2-300x300.jpg\" alt=\"\" width=\"174\" height=\"174\" srcset=\"https:\/\/www.radiopiu.net\/wordpress\/wp-content\/uploads\/2021\/01\/pp-2-300x300.jpg 300w, https:\/\/www.radiopiu.net\/wordpress\/wp-content\/uploads\/2021\/01\/pp-2-150x150.jpg 150w, https:\/\/www.radiopiu.net\/wordpress\/wp-content\/uploads\/2021\/01\/pp-2.jpg 640w\" sizes=\"auto, (max-width: 174px) 100vw, 174px\" \/><\/a>BELLUNO<\/strong> L&#8217;associazione culturale MU APS arriva a Belluno per presentare una tecnica manuale delicata e profonda che sostiene e stimola la capacit\u00e0 di autoguarigione nel corpo. Fa parte delle Discipline del Benessere e Bionaturali, e pu\u00f2 essere intrapreso sia come percorso professionale, sia come percorso di crescita personale. <strong>Per info, sessioni di prova e prenotazioni:Brunella Moro <span style=\"color: #0000ff;\">info@esteticaglamour.it<\/span> 347\/7742512 ISCRIZIONI ENTRO IL 15 MARZO SCONTO 10%\u00a0<\/strong><\/p>\n<p><span style=\"color: #ff0000;\">AUDIO BRUNELLA MORO<\/span><\/p>\n<audio class=\"wp-audio-shortcode\" id=\"audio-189300-5\" preload=\"none\" style=\"width: 100%;\" controls=\"controls\"><source type=\"audio\/mpeg\" src=\"https:\/\/www.radiopiu.net\/wordpress\/wp-content\/uploads\/2021\/01\/brunella.mp3?_=5\" \/><a href=\"https:\/\/www.radiopiu.net\/wordpress\/wp-content\/uploads\/2021\/01\/brunella.mp3\">https:\/\/www.radiopiu.net\/wordpress\/wp-content\/uploads\/2021\/01\/brunella.mp3<\/a><\/audio>\n<p>&nbsp;<\/p>\n<hr \/>\n<p>&nbsp;<\/p>\n<blockquote>\n<h3>LA SCUOLA SCI EQUIPE DI FALCADE SI PREPARA PER LA RIAPERTURA DEGLI IMPIANTI ORGANIZZANDO CORSI PER I GIOVANI<\/h3>\n<\/blockquote>\n<p><strong>FALCADE<\/strong> La Scuola Sci Equipe di Falcade sta aspettando con ansia la riapertura degli impianti sciistici e mette le mani avanti organizzando delle settimane bianche per le famiglie nel mese di marzo. Per ragioni di sicurezza legate alla diffusione della pandemia Covid-19 la data di apertura della skiarea \u00e8 posticipata, almeno fino al 15 febbraio. Nel frattempo\u00a0 i programmi delle settimane bianche dedicate alle famiglie e ai bambini. REBELS KIDS WEEK \u00a0dal 1 al 6 marzo e WEEK 4 KIDS dal 14 al 20 marzo. Sono previste interessanti scontistiche per l\u2019 acquisto dello skipass e per l\u2019alloggio presso le strutture aderenti.<\/p>\n<p>&nbsp;<\/p>\n<p>&nbsp;<\/p>\n<hr \/>\n<p>&nbsp;<\/p>\n<blockquote>\n<h3>LA GIORNATA DEL RICORDO IN UN EVENTO MUSICALE<\/h3>\n<\/blockquote>\n<p><a href=\"https:\/\/www.radiopiu.net\/wordpress\/giornale-radiopiu-04-febbraio-2021-direttore-mirko-mezzacasa\/giornata-del-ricordo-2021\/\" rel=\"attachment wp-att-188783\"><img loading=\"lazy\" decoding=\"async\" class=\" wp-image-188783 alignleft\" src=\"https:\/\/www.radiopiu.net\/wordpress\/wp-content\/uploads\/2021\/02\/Giornata-del-ricordo-2021-212x300.jpg\" alt=\"\" width=\"77\" height=\"109\" srcset=\"https:\/\/www.radiopiu.net\/wordpress\/wp-content\/uploads\/2021\/02\/Giornata-del-ricordo-2021-212x300.jpg 212w, https:\/\/www.radiopiu.net\/wordpress\/wp-content\/uploads\/2021\/02\/Giornata-del-ricordo-2021-724x1024.jpg 724w, https:\/\/www.radiopiu.net\/wordpress\/wp-content\/uploads\/2021\/02\/Giornata-del-ricordo-2021-768x1086.jpg 768w, https:\/\/www.radiopiu.net\/wordpress\/wp-content\/uploads\/2021\/02\/Giornata-del-ricordo-2021-1086x1536.jpg 1086w, https:\/\/www.radiopiu.net\/wordpress\/wp-content\/uploads\/2021\/02\/Giornata-del-ricordo-2021.jpg 1240w\" sizes=\"auto, (max-width: 77px) 100vw, 77px\" \/><\/a><strong>LIMANA<\/strong> Il Comune di Limana, Assessorato alla Cultura, presenta &#8220;Mili muoi, l&#8217;esodo dei miei&#8221;, spettacolo teatrale in forma di monologo con pianoforte, organo Ekatron e toy piano, di e con Carlo Colombo, musicista autore e pianista trevigiano. Un racconto molto personale quello che Carlo Colombo, figlio di profughi giuliano-dalmati, ha deciso di portare in scena, ricostruendo, attraverso l&#8217;esperienza diretta dei suoi parenti, le storie che racconter\u00e0 al pubblico. Storie di fughe via mare e via terra, narrate anche cantando canzoni d&#8217;epoca e canzoni originali scritte appositamente per questo spettacolo.\u00a0\u00a0L&#8217;evento sar\u00e0 trasmesso in diretta streaming sulla piattaforma YouTube alle ore 21.00 di mercoled\u00ec 10 febbraio. Gli utenti interessati a partecipare all&#8217;evento dalle proprie postazioni dovranno farne richiesta alla Biblioteca di Limana, via telefono o direttamente a questo indirizzo di posta elettronica, e solo allora riceveranno il link per assistere allo spettacolo.<\/p>\n<p>&nbsp;<\/p>\n<p>&nbsp;<\/p>\n<hr \/>\n<p>&nbsp;<\/p>\n<blockquote>\n<h3>PR RANCH, RIPRENDE LA GINNASTICA ARTISTICA<\/h3>\n<\/blockquote>\n<p><strong>AGORDO<\/strong> Riprenderanno marted\u00ec 9 febbraio al PalaRova di Agordo i corsi di ginnastica artistica. L&#8217;appuntamento \u00e8 dalle 16:30 alle 18:30. Per informazioni contattare Donatella al 348 4352362.<\/p>\n<p>&nbsp;<\/p>\n<p>&nbsp;<\/p>\n<hr \/>\n<p>&nbsp;<\/p>\n<blockquote>\n<h3>LA FERROVIA BRIBANO &#8211; AGORDO&#8230;DAGLI ARCHIVI DI TIZIANO DE COL<\/h3>\n<\/blockquote>\n<p><strong><a href=\"https:\/\/www.radiopiu.net\/wordpress\/la-ferrovia-bribano-agordo-dagli-archivi-di-tiziano-de-col\/schermata-2021-02-06-alle-11-23-30\/\" rel=\"attachment wp-att-189350\"><img loading=\"lazy\" decoding=\"async\" class=\"size-medium wp-image-189350 alignleft\" src=\"https:\/\/www.radiopiu.net\/wordpress\/wp-content\/uploads\/2021\/02\/Schermata-2021-02-06-alle-11.23.30-300x193.png\" alt=\"\" width=\"300\" height=\"193\" srcset=\"https:\/\/www.radiopiu.net\/wordpress\/wp-content\/uploads\/2021\/02\/Schermata-2021-02-06-alle-11.23.30-300x193.png 300w, https:\/\/www.radiopiu.net\/wordpress\/wp-content\/uploads\/2021\/02\/Schermata-2021-02-06-alle-11.23.30-1024x658.png 1024w, https:\/\/www.radiopiu.net\/wordpress\/wp-content\/uploads\/2021\/02\/Schermata-2021-02-06-alle-11.23.30-768x493.png 768w, https:\/\/www.radiopiu.net\/wordpress\/wp-content\/uploads\/2021\/02\/Schermata-2021-02-06-alle-11.23.30.png 1130w\" sizes=\"auto, (max-width: 300px) 100vw, 300px\" \/><\/a>LA VALLE<\/strong> La nuova Ferrovia Bribano &#8211; Agordo \u00e8 un &#8216;altro articolo scritto , per la rivista Le Vie d&#8217;Italia del Touring Club Italiano a met\u00e0 degli anni &#8217;20 del secolo scorso, dal Generale Antonio De Fabbro, Cittadino Onorario di Agordo, che cur\u00f2 la ricostruzione infrastrutturale dell&#8217; Agordino dopo la Grande Guerra 1915 &#8211; 1918. Oltre alla descrizione della ferrovia, l&#8217; Autore indugia dettagliatamente anche in interessanti descrizioni geografiche, socio-economiche, infrastrutturali del territorio percorso e servito dalla linea ferroviaria in questione, ricordando anche vicende di quei territori legate alla Grande Guerra conclusasi alcuni anni prima. Interessante \u00e8 anche lo spunto sulla &#8220;convivenza&#8221; tra strada ferrata e rotabile, soprattutto nel tratto tra La Muda e Valle Imperina, dove, le gallerie in sinistra Cordevole, costruite per la nuova strada Agordina (descritta sempre dal Gen. Dal Fabbro in un precedente articolo) vennero destinate a sede della ferrovia, mentre la rotabile fu mantenuta sul vecchio tracciato in destra Cordevole, in Comune di Rivamonte. Degno di lettura \u00e8 anche il passaggio iniziale dell&#8217;articolo, dove l&#8217;Autore da una traccia dei vari sistemi di trasporto ferroviario lungo la tratta in questione, utilizzati precedentemente o solo abbozzati . Uno di questi, il servizio con tram elettrici alimentati a pantografo e senza rotaie \u00e8 stato riproposto anche in questo ultimo periodo come proposta progettuale.<\/p>\n<a href=\"https:\/\/www.radiopiu.net\/wordpress\/wp-content\/uploads\/2021\/02\/La-nuova-ferrovia-Bribano-Agordo_Gen-Dal-Fabbro_Le-Vie-DItalia_Touring-Club-Italiano.pdf\" class=\"pdfemb-viewer\" style=\"\" data-width=\"max\" data-height=\"max\" data-toolbar=\"top\" data-toolbar-fixed=\"on\">La nuova ferrovia Bribano \u2013 Agordo_Gen Dal Fabbro_Le Vie D\u2019Italia_Touring Club Italiano<\/a>\n<p>&nbsp;<\/p>\n<hr \/>\n<p>&nbsp;<\/p>\n<h1><span style=\"color: #ff0000;\">IERI ALLA RADIO<\/span><\/h1>\n<h2><a href=\"https:\/\/www.radiopiu.net\/wordpress\/per-chi-suona-la-montagna-per-noi-la-montagna-e-vita\/th-32\/\" rel=\"attachment wp-att-189131\"><img loading=\"lazy\" decoding=\"async\" class=\"size-medium wp-image-189131 alignleft\" src=\"https:\/\/www.radiopiu.net\/wordpress\/wp-content\/uploads\/2021\/02\/th-7-300x300.jpg\" alt=\"\" width=\"300\" height=\"300\" srcset=\"https:\/\/www.radiopiu.net\/wordpress\/wp-content\/uploads\/2021\/02\/th-7.jpg 300w, https:\/\/www.radiopiu.net\/wordpress\/wp-content\/uploads\/2021\/02\/th-7-150x150.jpg 150w\" sizes=\"auto, (max-width: 300px) 100vw, 300px\" \/><\/a><span style=\"color: #00ccff;\"><strong>PROMO FALCADE CON ANTONELLA SCHENA<\/strong><\/span><\/h2>\n<p><strong>di Claudio Fontanive<\/strong><\/p>\n<p>OSPITE: Antonella Schena, Presidente del consorzio Promo Falcade<\/p>\n<audio class=\"wp-audio-shortcode\" id=\"audio-189300-6\" preload=\"none\" style=\"width: 100%;\" controls=\"controls\"><source type=\"audio\/mpeg\" src=\"https:\/\/www.radiopiu.net\/wordpress\/wp-content\/uploads\/2021\/02\/promo-falcade.mp3?_=6\" \/><a href=\"https:\/\/www.radiopiu.net\/wordpress\/wp-content\/uploads\/2021\/02\/promo-falcade.mp3\">https:\/\/www.radiopiu.net\/wordpress\/wp-content\/uploads\/2021\/02\/promo-falcade.mp3<\/a><\/audio>\n<p>&nbsp;<\/p>\n<hr \/>\n<p>&nbsp;<\/p>\n<h2><span style=\"color: #008000;\"><a href=\"https:\/\/www.radiopiu.net\/wordpress\/giornale-radiopiu-03-febbraio-2021-direttore-mirko-mezzacasa\/girl-1469748__340\/\" rel=\"attachment wp-att-188542\"><img loading=\"lazy\" decoding=\"async\" class=\"wp-image-188542 alignleft\" src=\"https:\/\/www.radiopiu.net\/wordpress\/wp-content\/uploads\/2021\/02\/girl-1469748__340-300x200.jpg\" alt=\"\" width=\"173\" height=\"115\" srcset=\"https:\/\/www.radiopiu.net\/wordpress\/wp-content\/uploads\/2021\/02\/girl-1469748__340-300x200.jpg 300w, https:\/\/www.radiopiu.net\/wordpress\/wp-content\/uploads\/2021\/02\/girl-1469748__340.jpg 510w\" sizes=\"auto, (max-width: 173px) 100vw, 173px\" \/><\/a><\/span><\/h2>\n<h2><\/h2>\n<h2><span style=\"color: #008000;\">ERBE E PIANTE CURATIVE&#8230;IL NUOVO PROGRAMMA DI PAOLA LANCIATO<\/span><\/h2>\n<p><strong>LA PRIMA PUNTATA<\/strong><\/p>\n<audio class=\"wp-audio-shortcode\" id=\"audio-189300-7\" preload=\"none\" style=\"width: 100%;\" controls=\"controls\"><source type=\"audio\/mpeg\" src=\"https:\/\/www.radiopiu.net\/wordpress\/wp-content\/uploads\/2021\/02\/ERBE.mp3?_=7\" \/><a href=\"https:\/\/www.radiopiu.net\/wordpress\/wp-content\/uploads\/2021\/02\/ERBE.mp3\">https:\/\/www.radiopiu.net\/wordpress\/wp-content\/uploads\/2021\/02\/ERBE.mp3<\/a><\/audio>\n<p>&nbsp;<\/p>\n<p><strong>LA RACCOLTA COMPLETA<\/strong><\/p>\n<blockquote class=\"wp-embedded-content\" data-secret=\"lXAo9MpWJE\"><p><a href=\"https:\/\/www.radiopiu.net\/wordpress\/erbe-e-piante-curative\/\">ERBE E PIANTE CURATIVE<\/a><\/p><\/blockquote>\n<p><iframe loading=\"lazy\" class=\"wp-embedded-content\" sandbox=\"allow-scripts\" security=\"restricted\" style=\"position: absolute; clip: rect(1px, 1px, 1px, 1px);\" title=\"&#8220;ERBE E PIANTE CURATIVE&#8221; &#8212; Radio Pi\u00f9\" src=\"https:\/\/www.radiopiu.net\/wordpress\/erbe-e-piante-curative\/embed\/#?secret=lXAo9MpWJE\" data-secret=\"lXAo9MpWJE\" width=\"600\" height=\"338\" frameborder=\"0\" marginwidth=\"0\" marginheight=\"0\" scrolling=\"no\"><\/iframe><\/p>\n<p>&nbsp;<\/p>\n<hr \/>\n<p>&nbsp;<\/p>\n<blockquote>\n<h2>RITORNA AI MICROFONI DI RADIO PIU&#8217; FRANCESCO ZILLIO<br \/>\nseconda puntata, stagione 2021 &#8211; auto elettriche.<\/h2>\n<\/blockquote>\n<p>&nbsp;<\/p>\n<p><iframe loading=\"lazy\" title=\"EPCENTER  02-2021  RICARICA VETTURE ELETTRICHE IN AMBITO PRIVATO\" width=\"1200\" height=\"675\" src=\"https:\/\/www.youtube.com\/embed\/gx5t93SFHiQ?feature=oembed\" frameborder=\"0\" allow=\"accelerometer; autoplay; clipboard-write; encrypted-media; gyroscope; picture-in-picture\" allowfullscreen><\/iframe><\/p>\n<p>&nbsp;<\/p>\n<p>&nbsp;<\/p>\n<p><strong>LA VIDEO GALLERY\u00a0<\/strong><\/p>\n<blockquote class=\"wp-embedded-content\" data-secret=\"F71tsqwpoa\"><p><a href=\"https:\/\/www.radiopiu.net\/wordpress\/ep-center-video-gallery\/\">EP CENTER video gallery<\/a><\/p><\/blockquote>\n<p><iframe loading=\"lazy\" class=\"wp-embedded-content\" sandbox=\"allow-scripts\" security=\"restricted\" style=\"position: absolute; clip: rect(1px, 1px, 1px, 1px);\" title=\"&#8220;EP CENTER video gallery&#8221; &#8212; Radio Pi\u00f9\" src=\"https:\/\/www.radiopiu.net\/wordpress\/ep-center-video-gallery\/embed\/#?secret=F71tsqwpoa\" data-secret=\"F71tsqwpoa\" width=\"600\" height=\"338\" frameborder=\"0\" marginwidth=\"0\" marginheight=\"0\" scrolling=\"no\"><\/iframe><\/p>\n<p>&nbsp;<\/p>\n<hr \/>\n<blockquote>\n<h3><\/h3>\n<h3>SEI A CASA, CON LUCIA SOCCOL. SPECIALE A PUNTATE<\/h3>\n<\/blockquote>\n<h2><span style=\"color: #ff0000;\">STAGIONE 2021 la nuova edizione TERZA STAGIONE<\/span><\/h2>\n<h3>Seconda puntata con Lucia Soccol, case e mercato immobiliare, notizie e curiosit\u00e0. 28 gennaio 2021<\/h3>\n<audio class=\"wp-audio-shortcode\" id=\"audio-189300-8\" preload=\"none\" style=\"width: 100%;\" controls=\"controls\"><source type=\"audio\/mpeg\" src=\"https:\/\/www.radiopiu.net\/wordpress\/wp-content\/uploads\/2021\/02\/sei-a-casa-4-febbraio.mp3?_=8\" \/><a href=\"https:\/\/www.radiopiu.net\/wordpress\/wp-content\/uploads\/2021\/02\/sei-a-casa-4-febbraio.mp3\">https:\/\/www.radiopiu.net\/wordpress\/wp-content\/uploads\/2021\/02\/sei-a-casa-4-febbraio.mp3<\/a><\/audio>\n<h3>RACCOLTA COMPLETA<\/h3>\n<blockquote class=\"wp-embedded-content\" data-secret=\"mXO6DpGosR\"><p><a href=\"https:\/\/www.radiopiu.net\/wordpress\/ieri-alla-radio-sei-a-casa1\/\">SEI A CASA, CON LUCIA SOCCOL. SPECIALE A PUNTATE.<\/a><\/p><\/blockquote>\n<p><iframe loading=\"lazy\" class=\"wp-embedded-content\" sandbox=\"allow-scripts\" security=\"restricted\" style=\"position: absolute; clip: rect(1px, 1px, 1px, 1px);\" title=\"&#8220;SEI A CASA, CON LUCIA SOCCOL. SPECIALE A PUNTATE.&#8221; &#8212; Radio Pi\u00f9\" src=\"https:\/\/www.radiopiu.net\/wordpress\/ieri-alla-radio-sei-a-casa1\/embed\/#?secret=mXO6DpGosR\" data-secret=\"mXO6DpGosR\" width=\"600\" height=\"338\" frameborder=\"0\" marginwidth=\"0\" marginheight=\"0\" scrolling=\"no\"><\/iframe><\/p>\n<p>&nbsp;<\/p>\n<hr \/>\n<p>&nbsp;<\/p>\n<p>&nbsp;<\/p>\n<blockquote class=\"wp-embedded-content\" data-secret=\"Ad02x1URxq\"><p><a href=\"https:\/\/www.radiopiu.net\/wordpress\/giovani-agricoltori-agordini-di-gianni-santomaso\/\">GIOVANI AGRICOLTORI AGORDINI, di GIANNI SANTOMASO<\/a><\/p><\/blockquote>\n<p><iframe loading=\"lazy\" class=\"wp-embedded-content\" sandbox=\"allow-scripts\" security=\"restricted\" style=\"position: absolute; clip: rect(1px, 1px, 1px, 1px);\" title=\"&#8220;GIOVANI AGRICOLTORI AGORDINI, di GIANNI SANTOMASO&#8221; &#8212; Radio Pi\u00f9\" src=\"https:\/\/www.radiopiu.net\/wordpress\/giovani-agricoltori-agordini-di-gianni-santomaso\/embed\/#?secret=Ad02x1URxq\" data-secret=\"Ad02x1URxq\" width=\"600\" height=\"338\" frameborder=\"0\" marginwidth=\"0\" marginheight=\"0\" scrolling=\"no\"><\/iframe><\/p>\n<p>&nbsp;<\/p>\n<p>&nbsp;<\/p>\n<p>&nbsp;<\/p>\n<hr \/>\n<p>&nbsp;<\/p>\n<h3><\/h3>\n<blockquote class=\"wp-embedded-content\" data-secret=\"qB9yNiQI54\"><p><a href=\"https:\/\/www.radiopiu.net\/wordpress\/conosciamo-la-corale-di-limana-con-le-interviste-di-silvia-baldo\/\">CONOSCIAMO LA CORALE DI LIMANA CON LE INTERVISTE DI SILVIA BALDO<\/a><\/p><\/blockquote>\n<p><iframe loading=\"lazy\" class=\"wp-embedded-content\" sandbox=\"allow-scripts\" security=\"restricted\" style=\"position: absolute; clip: rect(1px, 1px, 1px, 1px);\" title=\"&#8220;CONOSCIAMO LA CORALE DI LIMANA CON LE INTERVISTE DI SILVIA BALDO&#8221; &#8212; Radio Pi\u00f9\" src=\"https:\/\/www.radiopiu.net\/wordpress\/conosciamo-la-corale-di-limana-con-le-interviste-di-silvia-baldo\/embed\/#?secret=qB9yNiQI54\" data-secret=\"qB9yNiQI54\" width=\"600\" height=\"338\" frameborder=\"0\" marginwidth=\"0\" marginheight=\"0\" scrolling=\"no\"><\/iframe><\/p>\n<p>&nbsp;<\/p>\n<p>&nbsp;<\/p>\n<hr \/>\n<div dir=\"auto\">\n<blockquote>\n<h2><\/h2>\n<h2>FANTASTICHE DOLOMITI, NUOVA STAGIONE. APPUNTAMENTO QUINDICINALE IL GIOVEDI ALLE 10.30 E 19.00<\/h2>\n<\/blockquote>\n<p><strong><span style=\"color: #ff0000;\">LA NUOVA PUNTATA i corsi di formazione della Fondazione<\/span><\/strong><\/p>\n<audio class=\"wp-audio-shortcode\" id=\"audio-189300-9\" preload=\"none\" style=\"width: 100%;\" controls=\"controls\"><source type=\"audio\/mpeg\" src=\"https:\/\/www.radiopiu.net\/wordpress\/wp-content\/uploads\/2020\/10\/fatnastiche-dolomiti-28-gennaio.mp3?_=9\" \/><a href=\"https:\/\/www.radiopiu.net\/wordpress\/wp-content\/uploads\/2020\/10\/fatnastiche-dolomiti-28-gennaio.mp3\">https:\/\/www.radiopiu.net\/wordpress\/wp-content\/uploads\/2020\/10\/fatnastiche-dolomiti-28-gennaio.mp3<\/a><\/audio>\n<h1>LA RACCOLTA COMPLETA<\/h1>\n<blockquote class=\"wp-embedded-content\" data-secret=\"eknCQEjGzs\"><p><a href=\"https:\/\/www.radiopiu.net\/wordpress\/https-wp-me-p63lo7-gyg\/\">FANTASTICHE DOLOMITI 7^ PUNTATA: IL QUINDICINALE APPUNTAMENTO ALLA RADIO<\/a><\/p><\/blockquote>\n<p><iframe loading=\"lazy\" class=\"wp-embedded-content\" sandbox=\"allow-scripts\" security=\"restricted\" style=\"position: absolute; clip: rect(1px, 1px, 1px, 1px);\" title=\"&#8220;FANTASTICHE DOLOMITI 7^ PUNTATA: IL QUINDICINALE APPUNTAMENTO ALLA RADIO&#8221; &#8212; Radio Pi\u00f9\" src=\"https:\/\/www.radiopiu.net\/wordpress\/https-wp-me-p63lo7-gyg\/embed\/#?secret=eknCQEjGzs\" data-secret=\"eknCQEjGzs\" width=\"600\" height=\"338\" frameborder=\"0\" marginwidth=\"0\" marginheight=\"0\" scrolling=\"no\"><\/iframe><\/p>\n<p>&nbsp;<\/p>\n<hr \/>\n<blockquote>\n<h2><\/h2>\n<h2>SALUTE E SOCIETA&#8217; IL LUNEDI ALLE 13.10 E ALLE 20.10, LA DOMENICA ALLE 10.30 A CURA DEL DOTTOR MARCO CARACCIOLO. QUINTA STAGIONE<\/h2>\n<\/blockquote>\n<p><a href=\"https:\/\/www.radiopiu.net\/wordpress\/almanacco-ladino-puntata-8-2021\/whatsapp-image-2021-02-01-at-09-27-46\/\" rel=\"attachment wp-att-188221\"><img loading=\"lazy\" decoding=\"async\" class=\" wp-image-188221 alignleft\" src=\"https:\/\/www.radiopiu.net\/wordpress\/wp-content\/uploads\/2021\/02\/WhatsApp-Image-2021-02-01-at-09.27.46-300x167.jpeg\" alt=\"\" width=\"226\" height=\"126\" srcset=\"https:\/\/www.radiopiu.net\/wordpress\/wp-content\/uploads\/2021\/02\/WhatsApp-Image-2021-02-01-at-09.27.46-300x167.jpeg 300w, https:\/\/www.radiopiu.net\/wordpress\/wp-content\/uploads\/2021\/02\/WhatsApp-Image-2021-02-01-at-09.27.46-768x427.jpeg 768w, https:\/\/www.radiopiu.net\/wordpress\/wp-content\/uploads\/2021\/02\/WhatsApp-Image-2021-02-01-at-09.27.46.jpeg 800w\" sizes=\"auto, (max-width: 226px) 100vw, 226px\" \/><\/a><strong><span style=\"color: #ff0000;\">LA PUNTATA DELLA SETTIMANA <\/span><\/strong><span style=\"color: #ff0000;\"><span style=\"color: #000000;\">In Italia le malattie reumatiche colpiscono una vasta popolazione di pazienti: quasi 2.500.000 gli affetti da psoriasi, il 30% dei quali con artrite psoriasica, e circa 350mila i pazienti con artrite reumatoide. <\/span><\/span><span style=\"color: #ff0000;\"><span style=\"color: #000000;\">La campagna Passione Accesa \u00e8 incentrata sulle storie di questi pazienti, la determinazione con cui affrontano ogni giorno il proprio cammino, in una sorta di gemellaggio con i nostri campioni olimpionici.<\/span><\/span><\/p>\n<audio class=\"wp-audio-shortcode\" id=\"audio-189300-10\" preload=\"none\" style=\"width: 100%;\" controls=\"controls\"><source type=\"audio\/mpeg\" src=\"https:\/\/www.radiopiu.net\/wordpress\/wp-content\/uploads\/2021\/02\/SALUTE.mp3?_=10\" \/><a href=\"https:\/\/www.radiopiu.net\/wordpress\/wp-content\/uploads\/2021\/02\/SALUTE.mp3\">https:\/\/www.radiopiu.net\/wordpress\/wp-content\/uploads\/2021\/02\/SALUTE.mp3<\/a><\/audio>\n<p>&nbsp;<\/p>\n<h3>LA RACCOLTA COMPLETA<\/h3>\n<blockquote class=\"wp-embedded-content\" data-secret=\"HX6IJMQypj\"><p><a href=\"https:\/\/www.radiopiu.net\/wordpress\/saluteesocieta\/\">Salute e Societ\u00e0<\/a><\/p><\/blockquote>\n<p><iframe loading=\"lazy\" class=\"wp-embedded-content\" sandbox=\"allow-scripts\" security=\"restricted\" style=\"position: absolute; clip: rect(1px, 1px, 1px, 1px);\" title=\"&#8220;Salute e Societ\u00e0&#8221; &#8212; Radio Pi\u00f9\" src=\"https:\/\/www.radiopiu.net\/wordpress\/saluteesocieta\/embed\/#?secret=HX6IJMQypj\" data-secret=\"HX6IJMQypj\" width=\"600\" height=\"338\" frameborder=\"0\" marginwidth=\"0\" marginheight=\"0\" scrolling=\"no\"><\/iframe><\/p>\n<hr \/>\n<h2><\/h2>\n<h2><span style=\"color: #ff0000;\"><a href=\"https:\/\/www.radiopiu.net\/wordpress\/giornale-radiopiu-05-gennaio-2021-direttore-mirko-mezzacasa\/133200401_100838761953611_1258544160541445132_o-2\/\" rel=\"attachment wp-att-183078\"><img loading=\"lazy\" decoding=\"async\" class=\" wp-image-183078 alignleft\" src=\"https:\/\/www.radiopiu.net\/wordpress\/wp-content\/uploads\/2021\/01\/133200401_100838761953611_1258544160541445132_o-1-300x157.jpg\" alt=\"\" width=\"192\" height=\"101\" srcset=\"https:\/\/www.radiopiu.net\/wordpress\/wp-content\/uploads\/2021\/01\/133200401_100838761953611_1258544160541445132_o-1-300x157.jpg 300w, https:\/\/www.radiopiu.net\/wordpress\/wp-content\/uploads\/2021\/01\/133200401_100838761953611_1258544160541445132_o-1.jpg 526w\" sizes=\"auto, (max-width: 192px) 100vw, 192px\" \/><\/a>GOCCE DI FILOSOFIA, CON CHIARA CAU, CON LISA DE LUCA. <\/span><\/h2>\n<h2><span style=\"color: #ff0000;\">TUTTI I GIORNI DAL LUNEDI AL VENERDI ALLE 6.55 E ALLE 18.55<\/span><\/h2>\n<p>&nbsp;<\/p>\n<h3>LA RACCOLTA COMPLETA<\/h3>\n<blockquote class=\"wp-embedded-content\" data-secret=\"jyxhFTVwWU\"><p><a href=\"https:\/\/www.radiopiu.net\/wordpress\/gocce-filosofia\/\">Gocce di filosofia<\/a><\/p><\/blockquote>\n<p><iframe loading=\"lazy\" class=\"wp-embedded-content\" sandbox=\"allow-scripts\" security=\"restricted\" style=\"position: absolute; clip: rect(1px, 1px, 1px, 1px);\" title=\"&#8220;Gocce di filosofia&#8221; &#8212; Radio Pi\u00f9\" src=\"https:\/\/www.radiopiu.net\/wordpress\/gocce-filosofia\/embed\/#?secret=jyxhFTVwWU\" data-secret=\"jyxhFTVwWU\" width=\"600\" height=\"338\" frameborder=\"0\" marginwidth=\"0\" marginheight=\"0\" scrolling=\"no\"><\/iframe><\/p>\n<p>&nbsp;<\/p>\n<hr \/>\n<p>&nbsp;<\/p>\n<div class=\"im_message_wrap clearfix\">\n<div class=\"im_content_message_wrap im_message_out\">\n<h2><span style=\"color: #ff0000;\">IERI ALLA RADIO\u00a0 IN VIVO VERSO 2020-21<\/span><\/h2>\n<p><strong><span style=\"color: #0000ff;\">IN ONDA DAL LUNEDI AL VENERDI ALLE 7.10, 10.10, 18.50<\/span><\/strong><\/p>\n<p><strong>LA RACCOLTA<\/strong><\/p>\n<blockquote class=\"wp-embedded-content\" data-secret=\"wTGwk3NwKU\"><p><a href=\"https:\/\/www.radiopiu.net\/wordpress\/in-vivo-verso\/\">In Vivo Verso<\/a><\/p><\/blockquote>\n<p><iframe loading=\"lazy\" class=\"wp-embedded-content\" sandbox=\"allow-scripts\" security=\"restricted\" style=\"position: absolute; clip: rect(1px, 1px, 1px, 1px);\" title=\"&#8220;In Vivo Verso&#8221; &#8212; Radio Pi\u00f9\" src=\"https:\/\/www.radiopiu.net\/wordpress\/in-vivo-verso\/embed\/#?secret=wTGwk3NwKU\" data-secret=\"wTGwk3NwKU\" width=\"600\" height=\"338\" frameborder=\"0\" marginwidth=\"0\" marginheight=\"0\" scrolling=\"no\"><\/iframe><\/p>\n<p>&nbsp;<\/p>\n<\/div>\n<\/div>\n<hr \/>\n<h3 class=\"kvgmc6g5 cxmmr5t8 oygrvhab hcukyx3x c1et5uql\"><span style=\"color: #0000ff;\">INFORMAZIONE il canale su TELEGRAM informazione di prima mano e in tempo reale. iscriviti ed aiutaci a farlo conoscere\u00a0<\/span><\/h3>\n<h2><a href=\"https:\/\/www.radiopiu.net\/wordpress\/ritorno-a-scuola\/scu-2\/\" rel=\"attachment wp-att-188212\"><img loading=\"lazy\" decoding=\"async\" class=\"wp-image-188212 alignleft\" src=\"https:\/\/www.radiopiu.net\/wordpress\/wp-content\/uploads\/2021\/02\/scu-300x207.jpg\" alt=\"\" width=\"167\" height=\"115\" srcset=\"https:\/\/www.radiopiu.net\/wordpress\/wp-content\/uploads\/2021\/02\/scu-300x207.jpg 300w, https:\/\/www.radiopiu.net\/wordpress\/wp-content\/uploads\/2021\/02\/scu.jpg 626w\" sizes=\"auto, (max-width: 167px) 100vw, 167px\" \/><\/a>007 IN CONDOTTA CON LA PROF. MARIA ROSA SALMAZO IL LUNEDI ALLE 10,30 E ALLE 19.00 LA DOMENICA ALLE 8 DEL MATTINO. NONA STAGIONE<\/h2>\n<p><span style=\"color: #ff0000;\"><strong>LA PUNTATA DELLA SETTIMANA\u00a0<\/strong><\/span><\/p>\n<audio class=\"wp-audio-shortcode\" id=\"audio-189300-11\" preload=\"none\" style=\"width: 100%;\" controls=\"controls\"><source type=\"audio\/mpeg\" src=\"https:\/\/www.radiopiu.net\/wordpress\/wp-content\/uploads\/2020\/10\/007-condotta-01-febbraio.mp3?_=11\" \/><a href=\"https:\/\/www.radiopiu.net\/wordpress\/wp-content\/uploads\/2020\/10\/007-condotta-01-febbraio.mp3\">https:\/\/www.radiopiu.net\/wordpress\/wp-content\/uploads\/2020\/10\/007-condotta-01-febbraio.mp3<\/a><\/audio>\n<p>&nbsp;<\/p>\n<h2>LA RACCOLTA COMPLETA<\/h2>\n<blockquote class=\"wp-embedded-content\" data-secret=\"zuTiBETCQ8\"><p><a href=\"https:\/\/www.radiopiu.net\/wordpress\/007incondotta-9\/\">007 in condotta<\/a><\/p><\/blockquote>\n<p><iframe loading=\"lazy\" class=\"wp-embedded-content\" sandbox=\"allow-scripts\" security=\"restricted\" style=\"position: absolute; clip: rect(1px, 1px, 1px, 1px);\" title=\"&#8220;007 in condotta&#8221; &#8212; Radio Pi\u00f9\" src=\"https:\/\/www.radiopiu.net\/wordpress\/007incondotta-9\/embed\/#?secret=zuTiBETCQ8\" data-secret=\"zuTiBETCQ8\" width=\"600\" height=\"338\" frameborder=\"0\" marginwidth=\"0\" marginheight=\"0\" scrolling=\"no\"><\/iframe><\/p>\n<p>&nbsp;<\/p>\n<p>&nbsp;<\/p>\n<p>&nbsp;<\/p>\n<hr \/>\n<p>&nbsp;<\/p>\n<h2><span style=\"color: #808000;\">DUE MINUTI UN LIBRO\u00a0 TUTTI I GIORNI ALLA RADIO ALLE 9.30 E ALLE 18. QUINTA STAGIONE\u00a0<\/span><\/h2>\n<p>&nbsp;<\/p>\n<h2>LA RACCOLTA COMPLETA<\/h2>\n<blockquote class=\"wp-embedded-content\" data-secret=\"2dZyM5Xxvn\"><p><a href=\"https:\/\/www.radiopiu.net\/wordpress\/due-minuti-un-libro\/\">Due minuti un libro<\/a><\/p><\/blockquote>\n<p><iframe loading=\"lazy\" class=\"wp-embedded-content\" sandbox=\"allow-scripts\" security=\"restricted\" style=\"position: absolute; clip: rect(1px, 1px, 1px, 1px);\" title=\"&#8220;Due minuti un libro&#8221; &#8212; Radio Pi\u00f9\" src=\"https:\/\/www.radiopiu.net\/wordpress\/due-minuti-un-libro\/embed\/#?secret=2dZyM5Xxvn\" data-secret=\"2dZyM5Xxvn\" width=\"600\" height=\"338\" frameborder=\"0\" marginwidth=\"0\" marginheight=\"0\" scrolling=\"no\"><\/iframe><\/p>\n<p>&nbsp;<\/p>\n<hr \/>\n<p>&nbsp;<\/p>\n<p>&nbsp;<\/p>\n<blockquote>\n<h2>CASSA SOLIDARIET\u00c0 LUXOTTICA<\/h2>\n<\/blockquote>\n<h3><strong><span style=\"color: #ff0000;\">IL NUMERO DI GENNAIO CON PAOLO CHISSALE&#8217; E FABRIZIO CAMPEDEL\u00a0\u00a0<\/span><\/strong><\/h3>\n<audio class=\"wp-audio-shortcode\" id=\"audio-189300-12\" preload=\"none\" style=\"width: 100%;\" controls=\"controls\"><source type=\"audio\/mpeg\" src=\"https:\/\/www.radiopiu.net\/wordpress\/wp-content\/uploads\/2021\/01\/ca-sol-lux-gennaio.mp3?_=12\" \/><a href=\"https:\/\/www.radiopiu.net\/wordpress\/wp-content\/uploads\/2021\/01\/ca-sol-lux-gennaio.mp3\">https:\/\/www.radiopiu.net\/wordpress\/wp-content\/uploads\/2021\/01\/ca-sol-lux-gennaio.mp3<\/a><\/audio>\n<blockquote>\n<h2>RACCOLTA COMPLETA<\/h2>\n<\/blockquote>\n<blockquote class=\"wp-embedded-content\" data-secret=\"feXdnZJc7O\"><p><a href=\"https:\/\/www.radiopiu.net\/wordpress\/cassa-solidarieta-luxottica-puntata-del-16-ottobre-2020\/\">CASSA SOLIDARIET\u00c0 LUXOTTICA &#8211; PUNTATA DEL 20 NOVEMBRE 2020<\/a><\/p><\/blockquote>\n<p><iframe loading=\"lazy\" class=\"wp-embedded-content\" sandbox=\"allow-scripts\" security=\"restricted\" style=\"position: absolute; clip: rect(1px, 1px, 1px, 1px);\" title=\"&#8220;CASSA SOLIDARIET\u00c0 LUXOTTICA &#8211; PUNTATA DEL 20 NOVEMBRE 2020&#8221; &#8212; Radio Pi\u00f9\" src=\"https:\/\/www.radiopiu.net\/wordpress\/cassa-solidarieta-luxottica-puntata-del-16-ottobre-2020\/embed\/#?secret=feXdnZJc7O\" data-secret=\"feXdnZJc7O\" width=\"600\" height=\"338\" frameborder=\"0\" marginwidth=\"0\" marginheight=\"0\" scrolling=\"no\"><\/iframe><\/p>\n<p>&nbsp;<\/p>\n<hr \/>\n<p>&nbsp;<\/p>\n<h2><span style=\"color: #ff0000;\">NUOVA PUNTATA 27 GENNAIO, CLICCA ED ENTRA NELLA RACCOLTA<\/span><\/h2>\n<audio class=\"wp-audio-shortcode\" id=\"audio-189300-13\" preload=\"none\" style=\"width: 100%;\" controls=\"controls\"><source type=\"audio\/mpeg\" src=\"https:\/\/www.radiopiu.net\/wordpress\/wp-content\/uploads\/2021\/01\/PAOLO.mp3?_=13\" \/><a href=\"https:\/\/www.radiopiu.net\/wordpress\/wp-content\/uploads\/2021\/01\/PAOLO.mp3\">https:\/\/www.radiopiu.net\/wordpress\/wp-content\/uploads\/2021\/01\/PAOLO.mp3<\/a><\/audio>\n<blockquote class=\"wp-embedded-content\" data-secret=\"F6f60jSevl\"><p><a href=\"https:\/\/www.radiopiu.net\/wordpress\/184594-2\/\">CISL LA VOCE DEI LAVORATORI, CON PAOLO CHISSALE&#8217;<\/a><\/p><\/blockquote>\n<p><iframe loading=\"lazy\" class=\"wp-embedded-content\" sandbox=\"allow-scripts\" security=\"restricted\" style=\"position: absolute; clip: rect(1px, 1px, 1px, 1px);\" title=\"&#8220;CISL LA VOCE DEI LAVORATORI, CON PAOLO CHISSALE&#8217;&#8221; &#8212; Radio Pi\u00f9\" src=\"https:\/\/www.radiopiu.net\/wordpress\/184594-2\/embed\/#?secret=F6f60jSevl\" data-secret=\"F6f60jSevl\" width=\"600\" height=\"338\" frameborder=\"0\" marginwidth=\"0\" marginheight=\"0\" scrolling=\"no\"><\/iframe><\/p>\n<div>\n<p>&nbsp;<\/p>\n<p>&nbsp;<\/p>\n<hr \/>\n<p>&nbsp;<\/p>\n<blockquote>\n<h3><a href=\"https:\/\/www.radiopiu.net\/wordpress\/giornale-radiopiu-06-febbraio-2019-direttore-mirko-mezzacasa\/logo_spi-cgil-800x445\/\" rel=\"attachment wp-att-75538\"><img loading=\"lazy\" decoding=\"async\" class=\"wp-image-75538 alignleft\" src=\"https:\/\/www.radiopiu.net\/wordpress\/wp-content\/uploads\/2019\/02\/Logo_Spi-CGIL-800x445-300x167.jpg\" alt=\"\" width=\"210\" height=\"117\" srcset=\"https:\/\/www.radiopiu.net\/wordpress\/wp-content\/uploads\/2019\/02\/Logo_Spi-CGIL-800x445-300x167.jpg 300w, https:\/\/www.radiopiu.net\/wordpress\/wp-content\/uploads\/2019\/02\/Logo_Spi-CGIL-800x445-768x427.jpg 768w, https:\/\/www.radiopiu.net\/wordpress\/wp-content\/uploads\/2019\/02\/Logo_Spi-CGIL-800x445.jpg 800w\" sizes=\"auto, (max-width: 210px) 100vw, 210px\" \/><\/a>ALLA RADIO, APPUNTAMENTO QUINDICINALE CON SPI-CGIL BELLUNO, IN STUDIO MARIA RITA GENTILIN<\/h3>\n<\/blockquote>\n<p><strong>di Claudio Fontanive<\/strong><\/p>\n<audio class=\"wp-audio-shortcode\" id=\"audio-189300-14\" preload=\"none\" style=\"width: 100%;\" controls=\"controls\"><source type=\"audio\/mpeg\" src=\"https:\/\/www.radiopiu.net\/wordpress\/wp-content\/uploads\/2021\/02\/spi-cgil-4-febbraio.mp3?_=14\" \/><a href=\"https:\/\/www.radiopiu.net\/wordpress\/wp-content\/uploads\/2021\/02\/spi-cgil-4-febbraio.mp3\">https:\/\/www.radiopiu.net\/wordpress\/wp-content\/uploads\/2021\/02\/spi-cgil-4-febbraio.mp3<\/a><\/audio>\n<p>&nbsp;<\/p>\n<hr \/>\n<p>&nbsp;<\/p>\n<blockquote>\n<h2><a href=\"https:\/\/www.radiopiu.net\/wordpress\/speciale-solidarieta-veneto\/solidarieta-veneto-3\/\" rel=\"attachment wp-att-134366\"><img loading=\"lazy\" decoding=\"async\" class=\"wp-image-134366 alignleft\" src=\"https:\/\/www.radiopiu.net\/wordpress\/wp-content\/uploads\/2020\/05\/solidariet\u00e0-veneto-300x210.jpg\" alt=\"\" width=\"102\" height=\"71\" srcset=\"https:\/\/www.radiopiu.net\/wordpress\/wp-content\/uploads\/2020\/05\/solidariet\u00e0-veneto-300x210.jpg 300w, https:\/\/www.radiopiu.net\/wordpress\/wp-content\/uploads\/2020\/05\/solidariet\u00e0-veneto-1024x717.jpg 1024w, https:\/\/www.radiopiu.net\/wordpress\/wp-content\/uploads\/2020\/05\/solidariet\u00e0-veneto-768x538.jpg 768w, https:\/\/www.radiopiu.net\/wordpress\/wp-content\/uploads\/2020\/05\/solidariet\u00e0-veneto.jpg 1373w\" sizes=\"auto, (max-width: 102px) 100vw, 102px\" \/><\/a>SOLIDARIETA&#8217; VENETO FONDO PENSIONE, IN ONDA IL PRIMO VENERDI DEL MESE ALLE 10.30 E ALLE 19.00 QUINTA STAGIONE<\/h2>\n<\/blockquote>\n<p><strong>AUDIO<\/strong><\/p>\n<audio class=\"wp-audio-shortcode\" id=\"audio-189300-15\" preload=\"none\" style=\"width: 100%;\" controls=\"controls\"><source type=\"audio\/mpeg\" src=\"https:\/\/www.radiopiu.net\/wordpress\/wp-content\/uploads\/2021\/02\/solidarieta-veneto-febbraio.mp3?_=15\" \/><a href=\"https:\/\/www.radiopiu.net\/wordpress\/wp-content\/uploads\/2021\/02\/solidarieta-veneto-febbraio.mp3\">https:\/\/www.radiopiu.net\/wordpress\/wp-content\/uploads\/2021\/02\/solidarieta-veneto-febbraio.mp3<\/a><\/audio>\n<p>&nbsp;<\/p>\n<blockquote>\n<h2>RACCOLTA COMPLETA<\/h2>\n<\/blockquote>\n<blockquote class=\"wp-embedded-content\" data-secret=\"MdqUWQcg6b\"><p><a href=\"https:\/\/www.radiopiu.net\/wordpress\/solidarieta-veneto\/\">Solidariet\u00e0 Veneto<\/a><\/p><\/blockquote>\n<p><iframe loading=\"lazy\" class=\"wp-embedded-content\" sandbox=\"allow-scripts\" security=\"restricted\" style=\"position: absolute; clip: rect(1px, 1px, 1px, 1px);\" title=\"&#8220;Solidariet\u00e0 Veneto&#8221; &#8212; Radio Pi\u00f9\" src=\"https:\/\/www.radiopiu.net\/wordpress\/solidarieta-veneto\/embed\/#?secret=MdqUWQcg6b\" data-secret=\"MdqUWQcg6b\" width=\"600\" height=\"338\" frameborder=\"0\" marginwidth=\"0\" marginheight=\"0\" scrolling=\"no\"><\/iframe><\/p>\n<p>&nbsp;<\/p>\n<hr \/>\n<p>&nbsp;<\/p>\n<h2><span style=\"color: #800080;\"><strong>LA RASSEGNA STAMPA DA L&#8217;AMICO DEL POPOLO\u00a0<\/strong><\/span><\/h2>\n<h3 class=\"kvgmc6g5 cxmmr5t8 oygrvhab hcukyx3x c1et5uql\"><span style=\"color: #0000ff;\"> INFORMAZIONE il canale su TELEGRAM informazione di prima mano e in tempo reale. iscriviti ed aiutaci a farlo conoscere\u00a0<\/span><\/h3>\n<p><strong><a href=\"https:\/\/www.radiopiu.net\/wordpress\/giornale-radiopiu-20-marzo-2017-direttore-mirko-mezzacasa\/santin\/\" rel=\"attachment wp-att-29973\"><img loading=\"lazy\" decoding=\"async\" class=\"size-medium wp-image-29973 alignleft\" src=\"https:\/\/www.radiopiu.net\/wordpress\/wp-content\/uploads\/2017\/03\/SANTIN-300x169.jpg\" alt=\"\" width=\"300\" height=\"169\" \/><\/a>di Gianni Santomaso<\/strong><\/p>\n<p>OSPITE: Mariachiara Santin, Amministratore Unico di ASCA<\/p>\n<audio class=\"wp-audio-shortcode\" id=\"audio-189300-16\" preload=\"none\" style=\"width: 100%;\" controls=\"controls\"><source type=\"audio\/mpeg\" src=\"https:\/\/www.radiopiu.net\/wordpress\/wp-content\/uploads\/2021\/02\/RASSEGNA-GIANNI.mp3?_=16\" \/><a href=\"https:\/\/www.radiopiu.net\/wordpress\/wp-content\/uploads\/2021\/02\/RASSEGNA-GIANNI.mp3\">https:\/\/www.radiopiu.net\/wordpress\/wp-content\/uploads\/2021\/02\/RASSEGNA-GIANNI.mp3<\/a><\/audio>\n<p>&nbsp;<\/p>\n<p><strong>LA RACCOLTA COMPLETA<\/strong><\/p>\n<blockquote class=\"wp-embedded-content\" data-secret=\"3qgIedmukf\"><p><a href=\"https:\/\/www.radiopiu.net\/wordpress\/rassegna-stampa-di-gianni-santomaso\/\">Rassegna stampa da l&#8217;amico del popolo &#8211; di Gianni Santomaso<\/a><\/p><\/blockquote>\n<p><iframe loading=\"lazy\" class=\"wp-embedded-content\" sandbox=\"allow-scripts\" security=\"restricted\" style=\"position: absolute; clip: rect(1px, 1px, 1px, 1px);\" title=\"&#8220;Rassegna stampa da l&#8217;amico del popolo &#8211; di Gianni Santomaso&#8221; &#8212; Radio Pi\u00f9\" src=\"https:\/\/www.radiopiu.net\/wordpress\/rassegna-stampa-di-gianni-santomaso\/embed\/#?secret=3qgIedmukf\" data-secret=\"3qgIedmukf\" width=\"600\" height=\"338\" frameborder=\"0\" marginwidth=\"0\" marginheight=\"0\" scrolling=\"no\"><\/iframe><\/p>\n<p>&nbsp;<\/p>\n<p>&nbsp;<\/p>\n<hr \/>\n<p>&nbsp;<\/p>\n<p>&nbsp;<\/p>\n<div>\n<h2><span style=\"color: #33cccc;\">I RACCONTI DI PAOLO SOPPELSA il lunedi alle 9.30 e 18.30<\/span><\/h2>\n<blockquote class=\"wp-embedded-content\" data-secret=\"6nCZxlLwZ7\"><p><a href=\"https:\/\/www.radiopiu.net\/wordpress\/i-racconti-di-paolo-soppelsa-sessantesima-puntata\/\">I RACCONTI DI PAOLO SOPPELSA SESSANTESIMA PUNTATA<\/a><\/p><\/blockquote>\n<p><iframe loading=\"lazy\" class=\"wp-embedded-content\" sandbox=\"allow-scripts\" security=\"restricted\" style=\"position: absolute; clip: rect(1px, 1px, 1px, 1px);\" title=\"&#8220;I RACCONTI DI PAOLO SOPPELSA SESSANTESIMA PUNTATA&#8221; &#8212; Radio Pi\u00f9\" src=\"https:\/\/www.radiopiu.net\/wordpress\/i-racconti-di-paolo-soppelsa-sessantesima-puntata\/embed\/#?secret=6nCZxlLwZ7\" data-secret=\"6nCZxlLwZ7\" width=\"600\" height=\"338\" frameborder=\"0\" marginwidth=\"0\" marginheight=\"0\" scrolling=\"no\"><\/iframe><\/p>\n<h3 class=\"kvgmc6g5 cxmmr5t8 oygrvhab hcukyx3x c1et5uql\"><span style=\"color: #0000ff;\">INFORMAZIONE il canale su TELEGRAM informazione di prima mano e in tempo reale. iscriviti ed aiutaci a farlo conoscere\u00a0<\/span><\/h3>\n<h2><span style=\"color: #33cccc;\"><strong>RACCOLTA COMPLETA<\/strong><\/span><\/h2>\n<blockquote class=\"wp-embedded-content\" data-secret=\"4bbyqVLpTJ\"><p><a href=\"https:\/\/www.radiopiu.net\/wordpress\/i-racconti-di-paolo-soppelsa\/\">I racconti di Paolo Soppelsa<\/a><\/p><\/blockquote>\n<p><iframe loading=\"lazy\" class=\"wp-embedded-content\" sandbox=\"allow-scripts\" security=\"restricted\" style=\"position: absolute; clip: rect(1px, 1px, 1px, 1px);\" title=\"&#8220;I racconti di Paolo Soppelsa&#8221; &#8212; Radio Pi\u00f9\" src=\"https:\/\/www.radiopiu.net\/wordpress\/i-racconti-di-paolo-soppelsa\/embed\/#?secret=4bbyqVLpTJ\" data-secret=\"4bbyqVLpTJ\" width=\"600\" height=\"338\" frameborder=\"0\" marginwidth=\"0\" marginheight=\"0\" scrolling=\"no\"><\/iframe><\/p>\n<\/div>\n<p>&nbsp;<\/p>\n<hr \/>\n<p>&nbsp;<\/p>\n<div>\n<h2><a href=\"https:\/\/www.radiopiu.net\/wordpress\/giornale-radiopiu-03-febbraio-2021-direttore-mirko-mezzacasa\/144740837_1579370235584371_5107242565289935770_n\/\" rel=\"attachment wp-att-188447\"><img loading=\"lazy\" decoding=\"async\" class=\"size-medium wp-image-188447 alignleft\" src=\"https:\/\/www.radiopiu.net\/wordpress\/wp-content\/uploads\/2021\/02\/144740837_1579370235584371_5107242565289935770_n-300x300.jpg\" alt=\"\" width=\"300\" height=\"300\" srcset=\"https:\/\/www.radiopiu.net\/wordpress\/wp-content\/uploads\/2021\/02\/144740837_1579370235584371_5107242565289935770_n-300x300.jpg 300w, https:\/\/www.radiopiu.net\/wordpress\/wp-content\/uploads\/2021\/02\/144740837_1579370235584371_5107242565289935770_n-150x150.jpg 150w, https:\/\/www.radiopiu.net\/wordpress\/wp-content\/uploads\/2021\/02\/144740837_1579370235584371_5107242565289935770_n.jpg 600w\" sizes=\"auto, (max-width: 300px) 100vw, 300px\" \/><\/a><\/h2>\n<h2><strong>LE\u00a0 PUNTATE di Luisa Alchini di Leggermente Bellunesi, la domenica alle 11, <span style=\"color: #0000ff;\">IL MARTEDI IN PRIMA EDIZIONE\u00a0<\/span> alle 10.30 e alle 19.00<\/strong><\/h2>\n<p><strong>LA PUNTATA DELLA SETTIMANA <\/strong>La delicatezza di Irene Pampanin nel libro &#8220;La ricetta della notte perfetta&#8221;<\/p>\n<audio class=\"wp-audio-shortcode\" id=\"audio-189300-17\" preload=\"none\" style=\"width: 100%;\" controls=\"controls\"><source type=\"audio\/mpeg\" src=\"https:\/\/www.radiopiu.net\/wordpress\/wp-content\/uploads\/2021\/02\/17leggermenteirenepampanin2021.mp3?_=17\" \/><a href=\"https:\/\/www.radiopiu.net\/wordpress\/wp-content\/uploads\/2021\/02\/17leggermenteirenepampanin2021.mp3\">https:\/\/www.radiopiu.net\/wordpress\/wp-content\/uploads\/2021\/02\/17leggermenteirenepampanin2021.mp3<\/a><\/audio>\n<h2><strong style=\"font-size: 14px;\"><span style=\"color: #000000;\">RACCOLTA COMPLETA<\/span><\/strong><\/h2>\n<\/div>\n<blockquote class=\"wp-embedded-content\" data-secret=\"v2bSDo24hu\"><p><a href=\"https:\/\/www.radiopiu.net\/wordpress\/leggermente-20\/\">LEGGERmente&#8230;Bellunesi<\/a><\/p><\/blockquote>\n<p><iframe loading=\"lazy\" class=\"wp-embedded-content\" sandbox=\"allow-scripts\" security=\"restricted\" style=\"position: absolute; clip: rect(1px, 1px, 1px, 1px);\" title=\"&#8220;LEGGERmente&#8230;Bellunesi&#8221; &#8212; Radio Pi\u00f9\" src=\"https:\/\/www.radiopiu.net\/wordpress\/leggermente-20\/embed\/#?secret=v2bSDo24hu\" data-secret=\"v2bSDo24hu\" width=\"600\" height=\"338\" frameborder=\"0\" marginwidth=\"0\" marginheight=\"0\" scrolling=\"no\"><\/iframe><\/p>\n<hr \/>\n<p>&nbsp;<\/p>\n<blockquote>\n<h3><a href=\"https:\/\/www.radiopiu.net\/wordpress\/almanacco-ladino-puntata-5-2020\/sn\/\" rel=\"attachment wp-att-180931\"><img loading=\"lazy\" decoding=\"async\" class=\"wp-image-180931 alignleft\" src=\"https:\/\/www.radiopiu.net\/wordpress\/wp-content\/uploads\/2020\/12\/sn-300x194.jpg\" alt=\"\" width=\"181\" height=\"117\" srcset=\"https:\/\/www.radiopiu.net\/wordpress\/wp-content\/uploads\/2020\/12\/sn-300x194.jpg 300w, https:\/\/www.radiopiu.net\/wordpress\/wp-content\/uploads\/2020\/12\/sn.jpg 626w\" sizes=\"auto, (max-width: 181px) 100vw, 181px\" \/><\/a>L&#8217;ALMANACCO LADINO CON L&#8217;ISTITUT CESA DE JAN QUINDICINALE APPUNTAMENTO. LA DOMENICA ALLE 9 IL LUNEDI ALLE 8.35 IL MARTEDI ALLE 12.35 IL MERCOLEDI ALLE 18.35. SECONDA STAGIONE.<\/h3>\n<\/blockquote>\n<p><strong>RACCOLTA COMPLETA\u00a0<\/strong><\/p>\n<blockquote class=\"wp-embedded-content\" data-secret=\"uHcX24LFV4\"><p><a href=\"https:\/\/www.radiopiu.net\/wordpress\/almanacco-ladino\/\">Almanacco Ladino<\/a><\/p><\/blockquote>\n<p><iframe loading=\"lazy\" class=\"wp-embedded-content\" sandbox=\"allow-scripts\" security=\"restricted\" style=\"position: absolute; clip: rect(1px, 1px, 1px, 1px);\" title=\"&#8220;Almanacco Ladino&#8221; &#8212; Radio Pi\u00f9\" src=\"https:\/\/www.radiopiu.net\/wordpress\/almanacco-ladino\/embed\/#?secret=uHcX24LFV4\" data-secret=\"uHcX24LFV4\" width=\"600\" height=\"338\" frameborder=\"0\" marginwidth=\"0\" marginheight=\"0\" scrolling=\"no\"><\/iframe><\/p>\n<p>&nbsp;<\/p>\n<\/div>\n<hr \/>\n<div>\n<h2><span style=\"color: #000080;\"><a class=\"dt-pswp-item\" href=\"https:\/\/www.radiopiu.net\/wordpress\/wp-content\/uploads\/2020\/10\/pp.jpg\" data-dt-img-description=\"\" data-large_image_width=\"640\" data-large_image_height=\"640\"><img loading=\"lazy\" decoding=\"async\" class=\"wp-image-163678 alignleft\" src=\"https:\/\/www.radiopiu.net\/wordpress\/wp-content\/uploads\/2020\/10\/pp-300x300.jpg\" alt=\"\" width=\"106\" height=\"106\" srcset=\"https:\/\/www.radiopiu.net\/wordpress\/wp-content\/uploads\/2020\/10\/pp-300x300.jpg 300w, https:\/\/www.radiopiu.net\/wordpress\/wp-content\/uploads\/2020\/10\/pp-150x150.jpg 150w, https:\/\/www.radiopiu.net\/wordpress\/wp-content\/uploads\/2020\/10\/pp-125x125.jpg 125w, https:\/\/www.radiopiu.net\/wordpress\/wp-content\/uploads\/2020\/10\/pp-200x200.jpg 200w, https:\/\/www.radiopiu.net\/wordpress\/wp-content\/uploads\/2020\/10\/pp-80x80.jpg 80w, https:\/\/www.radiopiu.net\/wordpress\/wp-content\/uploads\/2020\/10\/pp-480x480.jpg 480w, https:\/\/www.radiopiu.net\/wordpress\/wp-content\/uploads\/2020\/10\/pp.jpg 640w\" sizes=\"auto, (max-width: 106px) 100vw, 106px\" \/><\/a> <\/span><\/h2>\n<h2><span style=\"color: #000080;\">DON CESARE, IL PENSIERO DEL GIORNO. ALLA RADIO ALLE 7 DEL MATTINO E ALLE 19.30 DELLA SERA.\u00a0\u00a0<\/span><\/h2>\n<p>&nbsp;<\/p>\n<\/div>\n<p>&nbsp;<\/p>\n<audio class=\"wp-audio-shortcode\" id=\"audio-189300-18\" preload=\"none\" style=\"width: 100%;\" controls=\"controls\"><source type=\"audio\/mpeg\" src=\"https:\/\/www.radiopiu.net\/wordpress\/wp-content\/uploads\/2021\/02\/cesare-1.mp3?_=18\" \/><a href=\"https:\/\/www.radiopiu.net\/wordpress\/wp-content\/uploads\/2021\/02\/cesare-1.mp3\">https:\/\/www.radiopiu.net\/wordpress\/wp-content\/uploads\/2021\/02\/cesare-1.mp3<\/a><\/audio>\n<p>&nbsp;<\/p>\n<p>&nbsp;<\/p>\n<hr \/>\n<p>&nbsp;<\/p>\n<h2><span style=\"color: #008000;\"><a href=\"https:\/\/www.radiopiu.net\/wordpress\/laugurio-di-monsignor-giorgio-lise-agli-agordini\/don-giorgio-lise\/\" rel=\"attachment wp-att-177420\"><img loading=\"lazy\" decoding=\"async\" class=\"size-medium wp-image-177420 alignleft\" src=\"https:\/\/www.radiopiu.net\/wordpress\/wp-content\/uploads\/2020\/12\/DON-GIORGIO-LISE-300x169.jpg\" alt=\"\" width=\"300\" height=\"169\" srcset=\"https:\/\/www.radiopiu.net\/wordpress\/wp-content\/uploads\/2020\/12\/DON-GIORGIO-LISE-300x169.jpg 300w, https:\/\/www.radiopiu.net\/wordpress\/wp-content\/uploads\/2020\/12\/DON-GIORGIO-LISE-1024x577.jpg 1024w, https:\/\/www.radiopiu.net\/wordpress\/wp-content\/uploads\/2020\/12\/DON-GIORGIO-LISE-768x432.jpg 768w, https:\/\/www.radiopiu.net\/wordpress\/wp-content\/uploads\/2020\/12\/DON-GIORGIO-LISE-1536x865.jpg 1536w, https:\/\/www.radiopiu.net\/wordpress\/wp-content\/uploads\/2020\/12\/DON-GIORGIO-LISE.jpg 1600w\" sizes=\"auto, (max-width: 300px) 100vw, 300px\" \/><\/a>DUE MINUTI PER TE&#8230;CON DON GIORGIO LISE<\/span><\/h2>\n<audio class=\"wp-audio-shortcode\" id=\"audio-189300-19\" preload=\"none\" style=\"width: 100%;\" controls=\"controls\"><source type=\"audio\/mpeg\" src=\"https:\/\/www.radiopiu.net\/wordpress\/wp-content\/uploads\/2021\/02\/DON-GIORGIO.mp3?_=19\" \/><a href=\"https:\/\/www.radiopiu.net\/wordpress\/wp-content\/uploads\/2021\/02\/DON-GIORGIO.mp3\">https:\/\/www.radiopiu.net\/wordpress\/wp-content\/uploads\/2021\/02\/DON-GIORGIO.mp3<\/a><\/audio>\n<p>&nbsp;<\/p>\n<hr \/>\n<p>&nbsp;<\/p>\n<div>\n<p class=\"photoswipe-wrapper\"><a class=\"dt-pswp-item pspw-wrap-ready\" href=\"https:\/\/i0.wp.com\/www.radiopiu.net\/wordpress\/wp-content\/uploads\/2018\/09\/viabilita.jpeg?ssl=1\" data-dt-img-description=\"\" data-large_image_width=\"800\" data-large_image_height=\"100\"><img loading=\"lazy\" decoding=\"async\" class=\"aligncenter wp-image-61954 size-full\" src=\"https:\/\/i0.wp.com\/www.radiopiu.net\/wordpress\/wp-content\/uploads\/2018\/09\/viabilita.jpeg?resize=800%2C100&amp;ssl=1\" sizes=\"auto, (max-width: 800px) 100vw, 800px\" srcset=\"https:\/\/i0.wp.com\/www.radiopiu.net\/wordpress\/wp-content\/uploads\/2018\/09\/viabilita.jpeg?w=800&amp;ssl=1 800w, https:\/\/i0.wp.com\/www.radiopiu.net\/wordpress\/wp-content\/uploads\/2018\/09\/viabilita.jpeg?resize=300%2C38&amp;ssl=1 300w, https:\/\/i0.wp.com\/www.radiopiu.net\/wordpress\/wp-content\/uploads\/2018\/09\/viabilita.jpeg?resize=768%2C96&amp;ssl=1 768w\" alt=\"\" width=\"800\" height=\"100\" \/><\/a><\/p>\n<\/div>\n<p>&nbsp;<\/p>\n<p><strong>SP 251 DELLA VAL DI ZOLDO E CELLINA<\/strong> Istituzione di senso unico alternato regolato da semaforo nel comune di Val di Zoldo per messa in sicurezza della strada<\/p>\n<p><strong>SP 473 DI CROCE D&#8217;AUNE<\/strong> interruzioni al traffico della durata massima di 20 minuti tra Ponte Otra e Sovramonte dal 26 al 29 gennaio, dalle 8:30 alle 17, per consentire taglio alberature pericolose e messa in sicurezza della strada<\/p>\n<p><strong>SP 1 MADONNA DEL PIAVE <\/strong>senso unico alternato regolato da semaforo fino al 15 gennaio in comune di Quero Vas per realizzazione tombinatura<\/p>\n<p><strong>SP 42 CAVALLERA<\/strong> fino a revoca, chiusura della strada nell&#8217;abitato di Perarolo per attivazione emergenza frana &#8220;Busa del Cristo&#8221;<\/p>\n<p><strong>S.P.2 DELLA VALLE DEL MIS\u00a0<\/strong>Interdizione totale al traffico fino a revoca dal km 14,920 (localit\u00e0 Gona Bassa) al km 20,650 (localit\u00e0 Titele) per cedimento della carreggiata<\/p>\n<p><strong>S.P. 5 DI LAMOSANO<\/strong>\u00a0Interdizione totale fino a revoca per presenza di materiale e alberi in strada.<\/p>\n<p><strong>S.P. 251 DI VAL DI ZOLDO E VAL CELLINA\u00a0<\/strong>dalla localit\u00e0 Soffranco fino all&#8217;imbocco nord della galleria S. Giovanni interdizione totale al transito per cedimento della carreggiata<\/p>\n<p><strong>SP 3 DELLA VAL IMPERINA<\/strong> fino a revoca, senso unico alternato regolato a vista in localit\u00e0 Gona di Conedera di Rivamonte per cedimento della carreggiata stradale<\/p>\n<p>&nbsp;<\/p>\n<div>\n<hr \/>\n<p>&nbsp;<\/p>\n<p class=\"photoswipe-wrapper\"><a class=\"dt-pswp-item pspw-wrap-ready\" href=\"https:\/\/i0.wp.com\/www.radiopiu.net\/wordpress\/wp-content\/uploads\/2018\/09\/WhatsApp-Image-2018-09-20-at-16.04.06.jpeg?ssl=1\" data-dt-img-description=\"\" data-large_image_width=\"800\" data-large_image_height=\"100\"><img loading=\"lazy\" decoding=\"async\" class=\"aligncenter wp-image-61378 size-full jetpack-lazy-image jetpack-lazy-image--handled\" src=\"https:\/\/i0.wp.com\/www.radiopiu.net\/wordpress\/wp-content\/uploads\/2018\/09\/WhatsApp-Image-2018-09-20-at-16.04.06.jpeg?resize=800%2C100&amp;ssl=1\" sizes=\"auto, (max-width: 800px) 100vw, 800px\" srcset=\"https:\/\/i0.wp.com\/www.radiopiu.net\/wordpress\/wp-content\/uploads\/2018\/09\/WhatsApp-Image-2018-09-20-at-16.04.06.jpeg?w=800&amp;ssl=1 800w, https:\/\/i0.wp.com\/www.radiopiu.net\/wordpress\/wp-content\/uploads\/2018\/09\/WhatsApp-Image-2018-09-20-at-16.04.06.jpeg?resize=300%2C38&amp;ssl=1 300w, https:\/\/i0.wp.com\/www.radiopiu.net\/wordpress\/wp-content\/uploads\/2018\/09\/WhatsApp-Image-2018-09-20-at-16.04.06.jpeg?resize=768%2C96&amp;ssl=1 768w\" alt=\"\" width=\"800\" height=\"100\" data-lazy-loaded=\"1\" \/><\/a><\/p>\n<p><b>\u00a0<\/b><\/p>\n<p><center><b>Domenica 7<\/b><\/center><b>Tempo atteso: <\/b>Fino a met\u00e0 pomeriggio tempo perturbato con cielo coperto e fenomeni diffusi, in attenuazione al pomeriggio da ovest, in temporanea cessazione nella notte. Condizioni termiche relativamente miti per il periodo.<br \/>\n<b>Precipitazioni: <\/b>Fino a met\u00e0 pomeriggio diffuse e perlopi\u00f9 moderate (100%). Al pomeriggio\/sera precipitazioni deboli e a tratti discontinue, in temporanea cessazione in serata\/notte. Il limite della neve scender\u00e0 dai 1600\/1800 m iniziali fino sui 1300\/1400 m entro il mezzogiorno sulle Dolomiti, a 1400\/1600 m sulle Prealpi, con il limite pi\u00f9 elevato sui settori bellunesi. Nelle 24 ore potranno cadere mediamente 25\/40 mm, con altrettanti cm di neve fresca oltre i 2000 m, accumuli inferiori scendendo di quota per neve pesante e contributo di pioggia.<br \/>\n<b>Temperature: <\/b>In diminuzione, eccetto rialzo delle minime nei fondovalle, con minime alla sera in quota. Su Prealpi a 1500 m min 0\u00b0C max 2\u00b0C, a 2000 m min -2\u00b0C max 0\u00b0C. Su Dolomiti a 2000 m min -3\u00b0C max -1\u00b0C, a 3000 m min -7\u00b0C max -5\u00b0C.<br \/>\n<b>Venti: <\/b>Deboli nelle valli; in quota in attenuazione da tesi a moderati da sud sud-ovest, a 10-35 km\/h a 2000 m e 25-55 km\/h a 3000 m.<\/p>\n<hr \/>\n<p><center><b>Lunedi 8<\/b><\/center><b>Tempo atteso: <\/b>Nottetempo ed al mattino nuovo episodio perturbato con cielo coperto e fenomeni diffusi. In giornata fenomeni sempre pi\u00f9 residui, con comparsa di schiarite al pomeriggio\/sera. Calo termico a tutte le quote.<br \/>\n<b>Precipitazioni: <\/b>Diffuse perlopi\u00f9 di debole intensit\u00e0 tra notte e mattino (80\/90%), nevose sopra i 1000\/1200 m, localmente a quote pi\u00f9 basse sulle Dolomiti. In cessazione al pomeriggio. In 24 ore possibili 5\/15 mm, con altrettanti cm di neve fresca oltre i 1200\/1400 m.<br \/>\n<b>Temperature: <\/b>In generale calo. Su Prealpi a 1500 m min -2\u00b0C max 0\u00b0C, a 2000 m min -5\u00b0C max -3\u00b0C. Su Dolomiti a 2000 m min -6\u00b0C max -3\u00b0C, a 3000 m min -12\u00b0C max -8\u00b0C.<br \/>\n<b>Venti: <\/b>Deboli nelle valli; in quota perlopi\u00f9 deboli mediamente meridionali, a 5-15 km\/h a 2000 m e 15-20 km\/h a 3000 m.<\/p>\n<hr \/>\n<p><center><b>Martedi 9<\/b><\/center>Ampie schiarite al mattino e fino al primo pomeriggio, anche se sulle Prealpi ci sar\u00e0 l&#8217;insidia delle nubi basse nelle ore pi\u00f9 fredde. Al pomeriggio, e soprattutto in serata, aumento della nuvolosit\u00e0 da ovest fino a cielo molto nuvoloso o coperto in serata, ma senza fenomeni di rilievo. Sensibile calo termico in quota e nei valori minimi nelle valli. Venti deboli, in intensificazione da sud-ovest alla sera, deboli nelle valli.<\/p>\n<hr \/>\n<p><center><b>Mercoledi 10<\/b><\/center>Tempo perturbato fino al pomeriggio, con cielo coperto e precipitazioni diffuse, perlopi\u00f9 moderate su Prealpi, deboli su Dolomiti, con limite delle nevicate a 800\/1100 m, in lieve rialzo nel corso della giornata. Al pomeriggio\/sera cessazione dei fenomeni e possibile comparsa di qualche schiarita. Temperature diurne in calo. Venti in rotazione a nord-ovest al pomeriggio. Previsore: G.M.<\/p>\n<p>&nbsp;<\/p>\n<hr \/>\n<p>&nbsp;<\/p>\n<\/div>\n<\/div>\n<p><a href=\"https:\/\/www.radiopiu.net\/wordpress\/giornale-radiopiu-15-settembre-2018-direttore-mirko-mezzacasa\/sport-7\/\" rel=\"attachment wp-att-60761\"><img loading=\"lazy\" decoding=\"async\" class=\"aligncenter wp-image-60761 size-full\" src=\"https:\/\/www.radiopiu.net\/wordpress\/wp-content\/uploads\/2018\/09\/sport.jpg\" alt=\"\" width=\"800\" height=\"100\" srcset=\"https:\/\/www.radiopiu.net\/wordpress\/wp-content\/uploads\/2018\/09\/sport.jpg 800w, https:\/\/www.radiopiu.net\/wordpress\/wp-content\/uploads\/2018\/09\/sport-300x38.jpg 300w, https:\/\/www.radiopiu.net\/wordpress\/wp-content\/uploads\/2018\/09\/sport-768x96.jpg 768w\" sizes=\"auto, (max-width: 800px) 100vw, 800px\" \/><\/a><\/p>\n<p>&nbsp;<\/p>\n<blockquote>\n<h3>L&#8217;ALLEGHE PERDE E FINISCE ULTIMO IN CLASSIFICA, MA SI QUALIFICA PER LA COPPA ITALIA<\/h3>\n<\/blockquote>\n<p class=\"p1\"><strong><a href=\"https:\/\/www.radiopiu.net\/wordpress\/calcio-hockey-il-fine-settimana-sportivo-seguito-da-radio-piu\/hockey-porta\/\" rel=\"attachment wp-att-71539\"><img loading=\"lazy\" decoding=\"async\" class=\"size-medium wp-image-71539 alignleft\" src=\"https:\/\/www.radiopiu.net\/wordpress\/wp-content\/uploads\/2019\/01\/HOCKEY-PORTA-300x150.jpg\" alt=\"\" width=\"300\" height=\"150\" srcset=\"https:\/\/www.radiopiu.net\/wordpress\/wp-content\/uploads\/2019\/01\/HOCKEY-PORTA-300x150.jpg 300w, https:\/\/www.radiopiu.net\/wordpress\/wp-content\/uploads\/2019\/01\/HOCKEY-PORTA-768x384.jpg 768w, https:\/\/www.radiopiu.net\/wordpress\/wp-content\/uploads\/2019\/01\/HOCKEY-PORTA-1024x512.jpg 1024w, https:\/\/www.radiopiu.net\/wordpress\/wp-content\/uploads\/2019\/01\/HOCKEY-PORTA.jpg 2000w\" sizes=\"auto, (max-width: 300px) 100vw, 300px\" \/><\/a>ALLEGHE &#8211; FIEMME 1-2<\/strong><\/p>\n<p class=\"p1\">PARZIALI: 0-0, 1-1, 0-1<\/p>\n<p class=\"p1\">GOL: st. 5\u201931\u201d Kiviranta, 8\u201958\u201d Chelodi. tt. 1\u201923\u201d Vicenzi<\/p>\n<p class=\"p1\"><strong>ALLEGHE<\/strong> L\u2019Alleghe perde di nuovo e termina in fondo alla classifica della IHL. Una serata dolce-amara per la compagine di Matikainen che gioca bene ma paga carissimo due deviazioni sotto porta del Fiemme. I trentini incamerano 3 punti e agordini costretti a vincere le ultime due partite di stagione regolare per sperare nei playoff. Intanto gli alleghesi conquistano un posto in Coppa Italia e mercoled\u00ec sera giocheranno la semifinale contro il Merano, questo grazie alla rinuncia del Caldaro a causa di troppi giocatori positivi al covid. Le squadre si studiano a lungo nella prima parte di gara. Non si scoprono le due sfidanti che per\u00f2 lottano su ogni disco. I portieri stanno a guardare anche perch\u00e9 di tiri in porta non ce n\u2019\u00e8 l\u2019ombra. A farsi vivo \u00e8 il Fiemme con una conclusione che termina di poco alta sulla traversa. Rispondono le civette ma il portiere trentino \u00e8 attento. Ritmi di gioco alti ma la partita sembra non volersi sbloccare. Gli ospiti si fanno pericolosi a fine primo tempo quando una penalit\u00e0 costringe i biancorossi a giocare con l\u2019uomo in meno. Nel secondo drittel l\u2019Alleghe sembra essere pi\u00f9 in forma rispetto agli avversari. Il gioco viene spezzettato pi\u00f9 volte dagli arbitri e le penalit\u00e0 non mancano. Agordini in vantaggio, tiro di De Giacinto e deviazione vincente di Kiviranta. Alla prima superiorit\u00e0 il Fiemme pareggia i conti, tiro di Zanatta e deviazione di Chelodi che spedisce il disco alle spalle di Scola. L\u2019Alleghe rimane senza Lorenzo Dall\u2019Agnol, per lui una penalit\u00e0 partita dopo uno scontro con un avversario. Fiemmesi agguerriti che vanno alla ricerca del vantaggio che arriva ad inizio terzo tempo con un siluro dalla blu di Chelodi ma \u00e8 Vicenzi che beffa il portiere agordino. Fatica ad ingranare la squadra di Matikainen che si fa vedere pi\u00f9 volte dalle parti di Peiti ma non riesce a farsi pericolosa. La partita continua con il Fiemme chiuso in difesa e le civette che non riescono a siglare il pareggio nonostante le tante conclusioni.<\/p>\n","protected":false},"excerpt":{"rendered":"<p>PER RICEVERE QUESTO NOTIZIARIO DIRETTAMENTE SUL TUO CELLULARE ISCRIVITI AL CANALE TELEGRAM \u201cRADIO PIU\u00a0 INFORMAZIONE&#8221;\u00a0 SUPERATI I 3000 ISCRITTI, il CANALE TELEGRAM&#8230; UNISCITI A: RADIO PIU INFORMAZIONE &nbsp; ATTENZIONE: LA NUOVA APP PER IOS-IPHONE di Nicola Vettorello https:\/\/apps.apple.com\/it\/app\/radio-pi%C3%B9-emittente-agordina\/id1515939845 ATTENZIONE: LA NUOVA APP RADIO\u00a0 PER ANDROID di Nicola Vettorello https:\/\/play.google.com\/store\/apps\/details?id=net.radiopiu.iniko\u00a0\u00a0 &nbsp; &nbsp; &nbsp; IL GIORNO DEI&hellip;<\/p>\n","protected":false},"author":4,"featured_media":189291,"comment_status":"closed","ping_status":"closed","sticky":false,"template":"","format":"standard","meta":{"_monsterinsights_skip_tracking":false,"_monsterinsights_sitenote_active":false,"_monsterinsights_sitenote_note":"","_monsterinsights_sitenote_category":0,"footnotes":""},"categories":[1,51,86,49],"tags":[],"class_list":["post-189300","post","type-post","status-publish","format-standard","has-post-thumbnail","hentry","category-senza-categoria","category-evidenza-top","category-gr","category-news-18","category-1","category-51","category-86","category-49","description-off"],"img_url":"https:\/\/www.radiopiu.net\/wordpress\/wp-content\/uploads\/2021\/02\/7be1f080-f8ad-4435-bb85-21933689b48b.jpg","_links":{"self":[{"href":"https:\/\/www.radiopiu.net\/wordpress\/wp-json\/wp\/v2\/posts\/189300","targetHints":{"allow":["GET"]}}],"collection":[{"href":"https:\/\/www.radiopiu.net\/wordpress\/wp-json\/wp\/v2\/posts"}],"about":[{"href":"https:\/\/www.radiopiu.net\/wordpress\/wp-json\/wp\/v2\/types\/post"}],"author":[{"embeddable":true,"href":"https:\/\/www.radiopiu.net\/wordpress\/wp-json\/wp\/v2\/users\/4"}],"replies":[{"embeddable":true,"href":"https:\/\/www.radiopiu.net\/wordpress\/wp-json\/wp\/v2\/comments?post=189300"}],"version-history":[{"count":0,"href":"https:\/\/www.radiopiu.net\/wordpress\/wp-json\/wp\/v2\/posts\/189300\/revisions"}],"wp:featuredmedia":[{"embeddable":true,"href":"https:\/\/www.radiopiu.net\/wordpress\/wp-json\/wp\/v2\/media\/189291"}],"wp:attachment":[{"href":"https:\/\/www.radiopiu.net\/wordpress\/wp-json\/wp\/v2\/media?parent=189300"}],"wp:term":[{"taxonomy":"category","embeddable":true,"href":"https:\/\/www.radiopiu.net\/wordpress\/wp-json\/wp\/v2\/categories?post=189300"},{"taxonomy":"post_tag","embeddable":true,"href":"https:\/\/www.radiopiu.net\/wordpress\/wp-json\/wp\/v2\/tags?post=189300"}],"curies":[{"name":"wp","href":"https:\/\/api.w.org\/{rel}","templated":true}]}}