{"id":189306,"date":"2021-02-06T05:58:06","date_gmt":"2021-02-06T04:58:06","guid":{"rendered":"https:\/\/www.radiopiu.net\/wordpress\/?p=189306"},"modified":"2021-02-06T06:23:49","modified_gmt":"2021-02-06T05:23:49","slug":"alla-rsa-di-agordo-chi-non-vuole-vaccinarsi-per-ora-resta-a-casa","status":"publish","type":"post","link":"https:\/\/www.radiopiu.net\/wordpress\/alla-rsa-di-agordo-chi-non-vuole-vaccinarsi-per-ora-resta-a-casa\/","title":{"rendered":"ALLA RSA DI AGORDO CHI NON VUOLE VACCINARSI\u00a0 PER ORA RESTA A CASA."},"content":{"rendered":"<blockquote>\n<h3><\/h3>\n<p><em>Per mesi nella Rsa di Agordo sono stati fatti sacrifici per la salvaguardia delle persone pi\u00f9 fragili, ora \u00e8 il momento di difenderli ulteriormente ne abbiamo gi\u00e0 persi <a href=\"https:\/\/www.radiopiu.net\/wordpress\/giornale-radio-piu-15-maggio-2018-direttore-mirko-mezzacasa\/santin-300x169\/\" rel=\"attachment wp-att-48328\"><img loading=\"lazy\" decoding=\"async\" class=\"size-medium wp-image-48328 alignleft\" src=\"https:\/\/www.radiopiu.net\/wordpress\/wp-content\/uploads\/2018\/05\/SANTIN-300x169-300x169.jpg\" alt=\"\" width=\"300\" height=\"169\" \/><\/a>troppi in questo anno di pandemia.<\/em><\/p><\/blockquote>\n<p><strong>AGORDO<\/strong>\u00a0 Due operatori\u00a0 non intendono\u00a0 vaccinarsi contro il Covid\u00a0 quindi non sono idonei a svolgere il loro compito. Ora sono a casa obbligati a prendere ferie come da\u00a0 provvedimento del medico competente della struttura: o i due lavoratori cambiano idea, o il legislatore impone l&#8217;obbligatoriet\u00e0 della immunizzazione contro il Covid o si andr\u00e0 davanti a un giudice.\u00a0 C&#8217;\u00e8 una circolare: il personale che\u00a0 rifiuta la vaccinazione, non \u00e8 idoneo temporaneamente a svolgere qualunque attivit\u00e0 lavorativa presso la Rsa, dove il rischio di contagio \u00e8 alto.<\/p>\n<p><span style=\"color: #ff0000;\">OGGI ALLE 10.30 E ALLE 19 NELLA RASSEGNA STAMPA DI GIANNI SANTOMASO, OSPITE MARIACHIARA SANTIN, AMMINISTRATORE UNICO ASCA &#8211;\u00a0 RESIDENZA ANZIANI AGORDO<\/span><\/p>\n<p>&nbsp;<\/p>\n","protected":false},"excerpt":{"rendered":"<p>Per mesi nella Rsa di Agordo sono stati fatti sacrifici per la salvaguardia delle persone pi\u00f9 fragili, ora \u00e8 il momento di difenderli ulteriormente ne abbiamo gi\u00e0 persi troppi in questo anno di pandemia. AGORDO\u00a0 Due operatori\u00a0 non intendono\u00a0 vaccinarsi contro il Covid\u00a0 quindi non sono idonei a svolgere il loro compito. Ora sono a&hellip;<\/p>\n","protected":false},"author":4,"featured_media":0,"comment_status":"closed","ping_status":"closed","sticky":false,"template":"","format":"standard","meta":{"_monsterinsights_skip_tracking":false,"_monsterinsights_sitenote_active":false,"_monsterinsights_sitenote_note":"","_monsterinsights_sitenote_category":0,"footnotes":""},"categories":[51,49],"tags":[],"class_list":["post-189306","post","type-post","status-publish","format-standard","hentry","category-evidenza-top","category-news-18","category-51","category-49","description-off"],"img_url":false,"_links":{"self":[{"href":"https:\/\/www.radiopiu.net\/wordpress\/wp-json\/wp\/v2\/posts\/189306","targetHints":{"allow":["GET"]}}],"collection":[{"href":"https:\/\/www.radiopiu.net\/wordpress\/wp-json\/wp\/v2\/posts"}],"about":[{"href":"https:\/\/www.radiopiu.net\/wordpress\/wp-json\/wp\/v2\/types\/post"}],"author":[{"embeddable":true,"href":"https:\/\/www.radiopiu.net\/wordpress\/wp-json\/wp\/v2\/users\/4"}],"replies":[{"embeddable":true,"href":"https:\/\/www.radiopiu.net\/wordpress\/wp-json\/wp\/v2\/comments?post=189306"}],"version-history":[{"count":0,"href":"https:\/\/www.radiopiu.net\/wordpress\/wp-json\/wp\/v2\/posts\/189306\/revisions"}],"wp:attachment":[{"href":"https:\/\/www.radiopiu.net\/wordpress\/wp-json\/wp\/v2\/media?parent=189306"}],"wp:term":[{"taxonomy":"category","embeddable":true,"href":"https:\/\/www.radiopiu.net\/wordpress\/wp-json\/wp\/v2\/categories?post=189306"},{"taxonomy":"post_tag","embeddable":true,"href":"https:\/\/www.radiopiu.net\/wordpress\/wp-json\/wp\/v2\/tags?post=189306"}],"curies":[{"name":"wp","href":"https:\/\/api.w.org\/{rel}","templated":true}]}}