{"id":189348,"date":"2021-02-06T23:59:25","date_gmt":"2021-02-06T22:59:25","guid":{"rendered":"https:\/\/www.radiopiu.net\/wordpress\/?p=189348"},"modified":"2021-02-07T08:43:33","modified_gmt":"2021-02-07T07:43:33","slug":"la-ferrovia-bribano-agordo-dagli-archivi-di-tiziano-de-col","status":"publish","type":"post","link":"https:\/\/www.radiopiu.net\/wordpress\/la-ferrovia-bribano-agordo-dagli-archivi-di-tiziano-de-col\/","title":{"rendered":"LA FERROVIA BRIBANO &#8211; AGORDO&#8230;DAGLI ARCHIVI DI TIZIANO DE COL"},"content":{"rendered":"<p><strong><a href=\"https:\/\/www.radiopiu.net\/wordpress\/la-ferrovia-bribano-agordo-dagli-archivi-di-tiziano-de-col\/schermata-2021-02-06-alle-11-23-30\/\" rel=\"attachment wp-att-189350\"><img loading=\"lazy\" decoding=\"async\" class=\"size-medium wp-image-189350 alignleft\" src=\"https:\/\/www.radiopiu.net\/wordpress\/wp-content\/uploads\/2021\/02\/Schermata-2021-02-06-alle-11.23.30-300x193.png\" alt=\"\" width=\"300\" height=\"193\" srcset=\"https:\/\/www.radiopiu.net\/wordpress\/wp-content\/uploads\/2021\/02\/Schermata-2021-02-06-alle-11.23.30-300x193.png 300w, https:\/\/www.radiopiu.net\/wordpress\/wp-content\/uploads\/2021\/02\/Schermata-2021-02-06-alle-11.23.30-1024x658.png 1024w, https:\/\/www.radiopiu.net\/wordpress\/wp-content\/uploads\/2021\/02\/Schermata-2021-02-06-alle-11.23.30-768x493.png 768w, https:\/\/www.radiopiu.net\/wordpress\/wp-content\/uploads\/2021\/02\/Schermata-2021-02-06-alle-11.23.30.png 1130w\" sizes=\"auto, (max-width: 300px) 100vw, 300px\" \/><\/a>LA VALLE<\/strong> La nuova Ferrovia Bribano &#8211; Agordo \u00e8 un &#8216;altro articolo scritto , per la rivista Le Vie d&#8217;Italia del Touring Club Italiano a met\u00e0 degli anni &#8217;20 del secolo scorso, dal Generale Antonio De Fabbro, Cittadino Onorario di Agordo, che cur\u00f2 la ricostruzione infrastrutturale dell&#8217; Agordino dopo la Grande Guerra 1915 &#8211; 1918. Oltre alla descrizione della ferrovia, l&#8217; Autore indugia dettagliatamente anche in interessanti descrizioni geografiche, socio-economiche, infrastrutturali del territorio percorso e servito dalla linea ferroviaria in questione, ricordando anche vicende di quei territori legate alla Grande Guerra conclusasi alcuni anni prima. Interessante \u00e8 anche lo spunto sulla &#8220;convivenza&#8221; tra strada ferrata e rotabile, soprattutto nel tratto tra La Muda e Valle Imperina, dove, le gallerie in sinistra Cordevole, costruite per la nuova strada Agordina (descritta sempre dal Gen. Dal Fabbro in un precedente articolo) vennero destinate a sede della ferrovia, mentre la rotabile fu mantenuta sul vecchio tracciato in destra Cordevole, in Comune di Rivamonte. Degno di lettura \u00e8 anche il passaggio iniziale dell&#8217;articolo, dove l&#8217;Autore da una traccia dei vari sistemi di trasporto ferroviario lungo la tratta in questione, utilizzati precedentemente o solo abbozzati . Uno di questi, il servizio con tram elettrici alimentati a pantografo e senza rotaie \u00e8 stato riproposto anche in questo ultimo periodo come proposta progettuale.<\/p>\n<a href=\"https:\/\/www.radiopiu.net\/wordpress\/wp-content\/uploads\/2021\/02\/La-nuova-ferrovia-Bribano-Agordo_Gen-Dal-Fabbro_Le-Vie-DItalia_Touring-Club-Italiano.pdf\" class=\"pdfemb-viewer\" style=\"\" data-width=\"max\" data-height=\"max\" data-toolbar=\"top\" data-toolbar-fixed=\"on\">La nuova ferrovia Bribano \u2013 Agordo_Gen Dal Fabbro_Le Vie D\u2019Italia_Touring Club Italiano<\/a>\n","protected":false},"excerpt":{"rendered":"<p>LA VALLE La nuova Ferrovia Bribano &#8211; Agordo \u00e8 un &#8216;altro articolo scritto , per la rivista Le Vie d&#8217;Italia del Touring Club Italiano a met\u00e0 degli anni &#8217;20 del secolo scorso, dal Generale Antonio De Fabbro, Cittadino Onorario di Agordo, che cur\u00f2 la ricostruzione infrastrutturale dell&#8217; Agordino dopo la Grande Guerra 1915 &#8211; 1918.&hellip;<\/p>\n","protected":false},"author":4,"featured_media":189350,"comment_status":"closed","ping_status":"closed","sticky":false,"template":"","format":"standard","meta":{"_monsterinsights_skip_tracking":false,"_monsterinsights_sitenote_active":false,"_monsterinsights_sitenote_note":"","_monsterinsights_sitenote_category":0,"footnotes":""},"categories":[104,49],"tags":[],"class_list":["post-189348","post","type-post","status-publish","format-standard","has-post-thumbnail","hentry","category-evidenza_3","category-news-18","category-104","category-49","description-off"],"img_url":"https:\/\/www.radiopiu.net\/wordpress\/wp-content\/uploads\/2021\/02\/Schermata-2021-02-06-alle-11.23.30.png","_links":{"self":[{"href":"https:\/\/www.radiopiu.net\/wordpress\/wp-json\/wp\/v2\/posts\/189348","targetHints":{"allow":["GET"]}}],"collection":[{"href":"https:\/\/www.radiopiu.net\/wordpress\/wp-json\/wp\/v2\/posts"}],"about":[{"href":"https:\/\/www.radiopiu.net\/wordpress\/wp-json\/wp\/v2\/types\/post"}],"author":[{"embeddable":true,"href":"https:\/\/www.radiopiu.net\/wordpress\/wp-json\/wp\/v2\/users\/4"}],"replies":[{"embeddable":true,"href":"https:\/\/www.radiopiu.net\/wordpress\/wp-json\/wp\/v2\/comments?post=189348"}],"version-history":[{"count":0,"href":"https:\/\/www.radiopiu.net\/wordpress\/wp-json\/wp\/v2\/posts\/189348\/revisions"}],"wp:featuredmedia":[{"embeddable":true,"href":"https:\/\/www.radiopiu.net\/wordpress\/wp-json\/wp\/v2\/media\/189350"}],"wp:attachment":[{"href":"https:\/\/www.radiopiu.net\/wordpress\/wp-json\/wp\/v2\/media?parent=189348"}],"wp:term":[{"taxonomy":"category","embeddable":true,"href":"https:\/\/www.radiopiu.net\/wordpress\/wp-json\/wp\/v2\/categories?post=189348"},{"taxonomy":"post_tag","embeddable":true,"href":"https:\/\/www.radiopiu.net\/wordpress\/wp-json\/wp\/v2\/tags?post=189348"}],"curies":[{"name":"wp","href":"https:\/\/api.w.org\/{rel}","templated":true}]}}