{"id":189447,"date":"2021-02-08T05:46:44","date_gmt":"2021-02-08T04:46:44","guid":{"rendered":"https:\/\/www.radiopiu.net\/wordpress\/?p=189447"},"modified":"2021-02-08T10:17:05","modified_gmt":"2021-02-08T09:17:05","slug":"giornale-radiopiu-08-febbraio-2021-direttore-mirko-mezzacasa","status":"publish","type":"post","link":"https:\/\/www.radiopiu.net\/wordpress\/giornale-radiopiu-08-febbraio-2021-direttore-mirko-mezzacasa\/","title":{"rendered":"GIORNALE RADIOPIU 08 FEBBRAIO 2021 DIRETTORE MIRKO MEZZACASA"},"content":{"rendered":"<h3><a href=\"https:\/\/www.radiopiu.net\/wordpress\/giornale-radiopiu-24-gennaio-2021-direttore-mirko-mezzacasa\/141433770_171616291414874_2957460898102012198_n\/\" rel=\"attachment wp-att-186566\"><img loading=\"lazy\" decoding=\"async\" class=\"wp-image-186566 alignleft\" src=\"https:\/\/www.radiopiu.net\/wordpress\/wp-content\/uploads\/2021\/01\/141433770_171616291414874_2957460898102012198_n-300x300.jpg\" alt=\"\" width=\"144\" height=\"144\" srcset=\"https:\/\/www.radiopiu.net\/wordpress\/wp-content\/uploads\/2021\/01\/141433770_171616291414874_2957460898102012198_n-300x300.jpg 300w, https:\/\/www.radiopiu.net\/wordpress\/wp-content\/uploads\/2021\/01\/141433770_171616291414874_2957460898102012198_n-150x150.jpg 150w, https:\/\/www.radiopiu.net\/wordpress\/wp-content\/uploads\/2021\/01\/141433770_171616291414874_2957460898102012198_n-768x768.jpg 768w, https:\/\/www.radiopiu.net\/wordpress\/wp-content\/uploads\/2021\/01\/141433770_171616291414874_2957460898102012198_n.jpg 800w\" sizes=\"auto, (max-width: 144px) 100vw, 144px\" \/><\/a>PER<strong> RICEVERE QUESTO NOTIZIARIO DIRETTAMENTE SUL TUO CELLULARE ISCRIVITI AL CANALE TELEGRAM <\/strong><strong>\u201cRADIO PIU\u00a0 INFORMAZIONE&#8221;\u00a0<\/strong><\/h3>\n<h3>SUPERATI I 3000 ISCRITTI, il CANALE TELEGRAM&#8230; UNISCITI A: RADIO PIU INFORMAZIONE<\/h3>\n<p>&nbsp;<\/p>\n<blockquote>\n<h1><\/h1>\n<h1>Cortina 2021, troppa neve in pista: combinata femminile annullata<\/h1>\n<\/blockquote>\n<p>&nbsp;<\/p>\n<p><img decoding=\"async\" src=\"https:\/\/www.radiopiu.net\/wordpress\/wp-content\/uploads\/2021\/02\/bd9f07c8-ce3d-4672-a388-153003e3c9a5.jpg\" \/>Come anticipato nella rassegna stampa delle otto: la combinata femminile che avrebbe dovuto aprire i Mondiali di Cortina \u00e8 stata annullata. La decisione \u00e8 stata presa dopo che gli organizzatori avevano in un primo tempo rinviato di un&#8217;ora l&#8217;intero programma della giornata (slalom fissato alle 11, superG alle 14.30). Troppa la neve caduta anche nella notte sulla pista Olympia delle Tofane, troppo difficile toglierla per riuscire a disputare una gara in sicurezza. Si attende ora una decisione su quando la gara potr\u00e0 essere fatta. Da programma, il giorno ufficiale di recupero \u00e8 luned\u00ec 15 febbraio.<\/p>\n<p>&nbsp;<\/p>\n<hr \/>\n<p>&nbsp;<\/p>\n<p><em><a href=\"https:\/\/www.radiopiu.net\/wordpress\/giornale-radiopiu-24-gennaio-2021-direttore-mirko-mezzacasa\/79216601_126817312416448_708980208774483089_n\/\" rel=\"attachment wp-att-186567\"><img loading=\"lazy\" decoding=\"async\" class=\"size-medium wp-image-186567 alignright\" src=\"https:\/\/www.radiopiu.net\/wordpress\/wp-content\/uploads\/2021\/01\/79216601_126817312416448_708980208774483089_n-300x114.jpg\" alt=\"\" width=\"300\" height=\"114\" srcset=\"https:\/\/www.radiopiu.net\/wordpress\/wp-content\/uploads\/2021\/01\/79216601_126817312416448_708980208774483089_n-300x114.jpg 300w, https:\/\/www.radiopiu.net\/wordpress\/wp-content\/uploads\/2021\/01\/79216601_126817312416448_708980208774483089_n-768x292.jpg 768w, https:\/\/www.radiopiu.net\/wordpress\/wp-content\/uploads\/2021\/01\/79216601_126817312416448_708980208774483089_n.jpg 820w\" sizes=\"auto, (max-width: 300px) 100vw, 300px\" \/><\/a><span style=\"color: #ff0000;\">ATTENZIONE: LA NUOVA APP PER IOS-IPHONE di Nicola Vettorello <\/span><\/em><a href=\"https:\/\/apps.apple.com\/it\/app\/radio-pi%C3%B9-emittente-agordina\/id1515939845\">https:\/\/apps.apple.com\/it\/app\/radio-pi%C3%B9-emittente-agordina\/id1515939845<\/a> <em style=\"color: #ff0000;\">ATTENZIONE: LA NUOVA APP RADIO\u00a0 PER ANDROID di Nicola Vettorello<\/em><\/p>\n<p><a href=\"https:\/\/play.google.com\/store\/apps\/details?id=net.radiopiu.iniko\" target=\"_blank\" rel=\"noopener noreferrer\">https:\/\/play.google.com\/store\/apps\/details?id=net.radiopiu.iniko\u00a0\u00a0<\/a><\/p>\n<p>&nbsp;<\/p>\n<hr \/>\n<p><span class=\"im_message_author_wrap\"><a class=\"im_message_author\">\u00a0\u00a0<\/a><\/span><\/p>\n<p><strong><span style=\"color: #ff0000;\">SUL FILO DEL RASOIO<\/span><\/strong><\/p>\n<p><span class=\"im_message_author_wrap\" style=\"color: #0000ff;\"><a class=\"im_message_author\" style=\"color: #0000ff;\">&#x1f9a0;<strong> CORONAVIRUS NEWS || ITA<\/strong><\/a><strong><span class=\"copyonly\">:<\/span><\/strong><\/span><\/p>\n<div>\n<div class=\"im_message_text\" dir=\"auto\">\n<p>Da ggi l\u2019Italia si divide in <a href=\"\/\/resolve?domain=CoronavirusNewsIta&amp;post=1012\" target=\"_blank\" rel=\"noopener noreferrer\">nuove fasce regionali<\/a> ma scattano anche restrizioni provinciali e comunali in quelle aree dove c\u2019\u00e8 forte incidenza della variante al Covid-19 di tipo brasiliano e inglese. Le restrizioni:<\/p>\n<p><strong>Umbria<\/strong>: Dall\u20198 al 21 febbraio entrano in <strong>zona rossa<\/strong> l\u2019intera provincia di Perugia e 6 comuni del Ternano;<br \/>\n<strong>Toscana<\/strong>: Dall\u20198 al 15 febbraio entra in zona rossa \u00abl\u2019area di Chiusi\u00bb: <strong>chiuse tutte <\/strong>le scuole di ogni ordine e grado;<br \/>\n<strong>Abruzzo<\/strong>: Didattica a distanza per le scuole superiori in tutta la regione. Sar\u00e0 rossa l\u2019area di Tocco da Casauria;<br \/>\n<strong>Sicilia<\/strong>: Dal 5 febbraio \u00e8 in zona rossa Tortorici, in provincia di Messina;<br \/>\n<strong>Alto Adige<\/strong>: Da luned\u00ec 8 a domenica 28 febbraio sar\u00e0 in lockdown: chiusi bar, ristoranti e numerosi negozi, ma anche alcuni alberghi. Da luned\u00ec 8 febbraio scatta la didattica a distanza per le scuole medie e per le superiori, da mercoled\u00ec 10 febbraio per le scuole elementari.<\/p>\n<\/div>\n<div dir=\"auto\"><\/div>\n<div dir=\"auto\">\n<hr \/>\n<\/div>\n<blockquote>\n<h3 dir=\"auto\">MONDIALI DI CORTINA, L&#8217;ITALIA CHE RIPARTE. Alessandro Benetton: <em>&#8220;Ce l&#8217;abbiamo fatta a dispetto di ogni difficolt\u00e0&#8221;.<\/em> Sofia Goggia <em>&#8220;E&#8217; un momento davvero duro per me, dal divano tifero&#8217; per le mie compagne&#8221;.<\/em><\/h3>\n<\/blockquote>\n<div dir=\"auto\"><strong>Gabbani, Gianna Nannini, le maschere di Venezia, l&#8217;arena di Verona, 71 diverse bandiere, la nostra Wendy&#8230;. inaugurazione sotto una fitta nevicata\u00a0\u00a0<\/strong><\/div>\n<div dir=\"auto\">\n\n\t\t\t<style type='text\/css'>\n\t\t\t\t#gallery-1 {\n\t\t\t\t\tmargin: auto;\n\t\t\t\t}\n\t\t\t\t#gallery-1 .gallery-item {\n\t\t\t\t\tfloat: left;\n\t\t\t\t\tmargin-top: 10px;\n\t\t\t\t\ttext-align: center;\n\t\t\t\t\twidth: 33%;\n\t\t\t\t}\n\t\t\t\t#gallery-1 img {\n\t\t\t\t\tborder: 2px solid #cfcfcf;\n\t\t\t\t}\n\t\t\t\t#gallery-1 .gallery-caption {\n\t\t\t\t\tmargin-left: 0;\n\t\t\t\t}\n\t\t\t\t\/* see gallery_shortcode() in wp-includes\/media.php *\/\n\t\t\t<\/style>\n\t\t<div id='gallery-1' class='dt-gallery-container gallery galleryid-189447 gallery-columns-3 gallery-size-thumbnail'><dl class='gallery-item'>\n\t\t\t\t<dt class='gallery-icon landscape'>\n\t\t\t\t\t<a class=\"rollover rollover-zoom dt-pswp-item\" title=\"caca8f5d-5577-4b10-93c7-042abf3e9e69\" data-dt-img-description=\"\" data-large_image_width=\"1600\" data-large_image_height=\"1201\"href='https:\/\/www.radiopiu.net\/wordpress\/wp-content\/uploads\/2021\/02\/caca8f5d-5577-4b10-93c7-042abf3e9e69.jpg'><img loading=\"lazy\" decoding=\"async\" width=\"150\" height=\"150\" src=\"https:\/\/www.radiopiu.net\/wordpress\/wp-content\/uploads\/2021\/02\/caca8f5d-5577-4b10-93c7-042abf3e9e69-150x150.jpg\" class=\"attachment-thumbnail size-thumbnail\" alt=\"\" \/><\/a>\n\t\t\t\t<\/dt><\/dl><dl class='gallery-item'>\n\t\t\t\t<dt class='gallery-icon portrait'>\n\t\t\t\t\t<a class=\"rollover rollover-zoom dt-pswp-item\" title=\"bf252ea7-b098-43fb-9428-fb17077627ed\" data-dt-img-description=\"\" data-large_image_width=\"1201\" data-large_image_height=\"1600\"href='https:\/\/www.radiopiu.net\/wordpress\/wp-content\/uploads\/2021\/02\/bf252ea7-b098-43fb-9428-fb17077627ed.jpg'><img loading=\"lazy\" decoding=\"async\" width=\"150\" height=\"150\" src=\"https:\/\/www.radiopiu.net\/wordpress\/wp-content\/uploads\/2021\/02\/bf252ea7-b098-43fb-9428-fb17077627ed-150x150.jpg\" class=\"attachment-thumbnail size-thumbnail\" alt=\"\" \/><\/a>\n\t\t\t\t<\/dt><\/dl><dl class='gallery-item'>\n\t\t\t\t<dt class='gallery-icon portrait'>\n\t\t\t\t\t<a class=\"rollover rollover-zoom dt-pswp-item\" title=\"79d0ee15-38b9-4441-9d02-ea98a1c55eb6\" data-dt-img-description=\"\" data-large_image_width=\"1537\" data-large_image_height=\"2048\"href='https:\/\/www.radiopiu.net\/wordpress\/wp-content\/uploads\/2021\/02\/79d0ee15-38b9-4441-9d02-ea98a1c55eb6.jpg'><img loading=\"lazy\" decoding=\"async\" width=\"150\" height=\"150\" src=\"https:\/\/www.radiopiu.net\/wordpress\/wp-content\/uploads\/2021\/02\/79d0ee15-38b9-4441-9d02-ea98a1c55eb6-150x150.jpg\" class=\"attachment-thumbnail size-thumbnail\" alt=\"\" \/><\/a>\n\t\t\t\t<\/dt><\/dl><br style=\"clear: both\" \/><dl class='gallery-item'>\n\t\t\t\t<dt class='gallery-icon portrait'>\n\t\t\t\t\t<a class=\"rollover rollover-zoom dt-pswp-item\" title=\"0cb86ed8-180c-4652-853b-3a1e78673435\" data-dt-img-description=\"\" data-large_image_width=\"1537\" data-large_image_height=\"2048\"href='https:\/\/www.radiopiu.net\/wordpress\/wp-content\/uploads\/2021\/02\/0cb86ed8-180c-4652-853b-3a1e78673435.jpg'><img loading=\"lazy\" decoding=\"async\" width=\"150\" height=\"150\" src=\"https:\/\/www.radiopiu.net\/wordpress\/wp-content\/uploads\/2021\/02\/0cb86ed8-180c-4652-853b-3a1e78673435-150x150.jpg\" class=\"attachment-thumbnail size-thumbnail\" alt=\"\" \/><\/a>\n\t\t\t\t<\/dt><\/dl><dl class='gallery-item'>\n\t\t\t\t<dt class='gallery-icon portrait'>\n\t\t\t\t\t<a class=\"rollover rollover-zoom dt-pswp-item\" title=\"83319544-b8cb-477a-8816-354a8a8c0a57\" data-dt-img-description=\"\" data-large_image_width=\"1200\" data-large_image_height=\"1600\"href='https:\/\/www.radiopiu.net\/wordpress\/wp-content\/uploads\/2021\/02\/83319544-b8cb-477a-8816-354a8a8c0a57.jpg'><img loading=\"lazy\" decoding=\"async\" width=\"150\" height=\"150\" src=\"https:\/\/www.radiopiu.net\/wordpress\/wp-content\/uploads\/2021\/02\/83319544-b8cb-477a-8816-354a8a8c0a57-150x150.jpg\" class=\"attachment-thumbnail size-thumbnail\" alt=\"\" \/><\/a>\n\t\t\t\t<\/dt><\/dl><dl class='gallery-item'>\n\t\t\t\t<dt class='gallery-icon portrait'>\n\t\t\t\t\t<a class=\"rollover rollover-zoom dt-pswp-item\" title=\"a06a111e-bd2d-4699-9b01-f0ac759f5a4d\" data-dt-img-description=\"\" data-large_image_width=\"768\" data-large_image_height=\"1024\"href='https:\/\/www.radiopiu.net\/wordpress\/wp-content\/uploads\/2021\/02\/a06a111e-bd2d-4699-9b01-f0ac759f5a4d.jpg'><img loading=\"lazy\" decoding=\"async\" width=\"150\" height=\"150\" src=\"https:\/\/www.radiopiu.net\/wordpress\/wp-content\/uploads\/2021\/02\/a06a111e-bd2d-4699-9b01-f0ac759f5a4d-150x150.jpg\" class=\"attachment-thumbnail size-thumbnail\" alt=\"\" \/><\/a>\n\t\t\t\t<\/dt><\/dl><br style=\"clear: both\" \/>\n\t\t\t<\/div>\n\n<\/div>\n<blockquote>\n<div dir=\"auto\"><strong>\u00a013 gare da oggi al 21 febbraio, 600 atleti in pista in rappresentanza di 71 nazioni, 3500 persone coinvolte.<\/strong><\/div>\n<\/blockquote>\n<\/div>\n<p>&nbsp;<\/p>\n<hr \/>\n<p>&nbsp;<\/p>\n<p><strong>LA POLIZIA DI STATO A CORTINA 2021<\/strong><\/p>\n<blockquote>\n<h3 style=\"text-align: left;\">IL QUESTORE LILIA FREDELLA, TANTI ASPETTI DA CONSIDERARE AD INIZIARE DA QUELLO SANITARIO<\/h3>\n<\/blockquote>\n<blockquote><p><em><a href=\"https:\/\/www.radiopiu.net\/wordpress\/il-questore-lilia-fredella-tanti-aspetti-da-considerare-ad-iniziare-da-quello-sanitario\/0e6f498f-acbe-434e-af9e-5274a311eff4\/\" rel=\"attachment wp-att-189515\"><img loading=\"lazy\" decoding=\"async\" class=\" wp-image-189515 alignleft\" src=\"https:\/\/www.radiopiu.net\/wordpress\/wp-content\/uploads\/2021\/02\/0e6f498f-acbe-434e-af9e-5274a311eff4-300x200.jpg\" alt=\"\" width=\"233\" height=\"155\" srcset=\"https:\/\/www.radiopiu.net\/wordpress\/wp-content\/uploads\/2021\/02\/0e6f498f-acbe-434e-af9e-5274a311eff4-300x200.jpg 300w, https:\/\/www.radiopiu.net\/wordpress\/wp-content\/uploads\/2021\/02\/0e6f498f-acbe-434e-af9e-5274a311eff4-768x512.jpg 768w, https:\/\/www.radiopiu.net\/wordpress\/wp-content\/uploads\/2021\/02\/0e6f498f-acbe-434e-af9e-5274a311eff4.jpg 1024w\" sizes=\"auto, (max-width: 233px) 100vw, 233px\" \/><\/a>Lilia Fredella, la voce del Questore, &#8220;Un paio d&#8217;anni di preparazione per un evento tanto importate tra le complicazioni della pandemia. Un lavoro un progressione tra tante\u00a0 variabili&#8230;&#8221;<\/em><\/p><\/blockquote>\n<p><span style=\"color: #0000ff;\">COLLABORAZIONE WIRNA TRICHES_BABARA BORTOLUZZI<\/span><\/p>\n<p>&nbsp;<\/p>\n<audio class=\"wp-audio-shortcode\" id=\"audio-189447-1\" preload=\"none\" style=\"width: 100%;\" controls=\"controls\"><source type=\"audio\/mpeg\" src=\"https:\/\/www.radiopiu.net\/wordpress\/wp-content\/uploads\/2021\/02\/FREDELLA.mp3?_=1\" \/><a href=\"https:\/\/www.radiopiu.net\/wordpress\/wp-content\/uploads\/2021\/02\/FREDELLA.mp3\">https:\/\/www.radiopiu.net\/wordpress\/wp-content\/uploads\/2021\/02\/FREDELLA.mp3<\/a><\/audio>\n<p>&nbsp;<\/p>\n<p>&nbsp;<\/p>\n<p>&nbsp;<\/p>\n<hr \/>\n<p>&nbsp;<\/p>\n<blockquote class=\"wp-embedded-content\" data-secret=\"Q1n2xzig9m\"><p><a href=\"https:\/\/www.radiopiu.net\/wordpress\/bollettino-neve-al-suolo-7-febbraio-2021\/\">BOLLETTINO NEVE AL SUOLO &#8211; 7 FEBBRAIO 2021<\/a><\/p><\/blockquote>\n<p><iframe loading=\"lazy\" class=\"wp-embedded-content\" sandbox=\"allow-scripts\" security=\"restricted\" style=\"position: absolute; clip: rect(1px, 1px, 1px, 1px);\" title=\"&#8220;BOLLETTINO NEVE AL SUOLO &#8211; 7 FEBBRAIO 2021&#8221; &#8212; Radio Pi\u00f9\" src=\"https:\/\/www.radiopiu.net\/wordpress\/bollettino-neve-al-suolo-7-febbraio-2021\/embed\/#?secret=Q1n2xzig9m\" data-secret=\"Q1n2xzig9m\" width=\"600\" height=\"338\" frameborder=\"0\" marginwidth=\"0\" marginheight=\"0\" scrolling=\"no\"><\/iframe><\/p>\n<p>&nbsp;<\/p>\n<p>&nbsp;<\/p>\n<hr \/>\n<p>&nbsp;<\/p>\n<blockquote>\n<h3>CHIUSURA A FASCE ORARIE PER LA PROVINCIALE 3 DI VAL IMPERINA<\/h3>\n<\/blockquote>\n<p><strong>GOSALDO<\/strong> Per lavori di messa in sicurezza la provinciale 3 di Val Imperina tra Forcella Franche e Vallasin chiude totalmente\u00a0 (fino al 24 febbraio) con esclusione dei giorni festivi e prefestivi. Sar\u00e0 chiusa dalle 8 alle 12.45; dalle 13.45 alle 15.50 e dalle 16.10 alle 17.45. Nei periodi non interessati dalla chiusura compresi sabato e domenica senso unico alternato regolato da semaforo.<\/p>\n<p>&nbsp;<\/p>\n<p>&nbsp;<\/p>\n<hr \/>\n<p>&nbsp;<\/p>\n<blockquote>\n<h3>ACQUA NON POTABILE A CENCENIGHE E TAIBON<\/h3>\n<p><strong><a href=\"https:\/\/www.radiopiu.net\/wordpress\/giornale-radiopiu-09-agosto-2018-direttore-mirko-mezzacasa\/acqua\/\" rel=\"attachment wp-att-57052\"><img loading=\"lazy\" decoding=\"async\" class=\" wp-image-57052 alignleft\" src=\"https:\/\/www.radiopiu.net\/wordpress\/wp-content\/uploads\/2018\/08\/ACQUA-300x180.jpeg\" alt=\"\" width=\"199\" height=\"119\" srcset=\"https:\/\/www.radiopiu.net\/wordpress\/wp-content\/uploads\/2018\/08\/ACQUA-300x180.jpeg 300w, https:\/\/www.radiopiu.net\/wordpress\/wp-content\/uploads\/2018\/08\/ACQUA-768x461.jpeg 768w, https:\/\/www.radiopiu.net\/wordpress\/wp-content\/uploads\/2018\/08\/ACQUA-1024x614.jpeg 1024w, https:\/\/www.radiopiu.net\/wordpress\/wp-content\/uploads\/2018\/08\/ACQUA.jpeg 1280w\" sizes=\"auto, (max-width: 199px) 100vw, 199px\" \/><\/a><\/strong><\/p><\/blockquote>\n<p>Gestione Servizi Pubblici informa che a CENCENIGHE AGORDINO nelle LOCALITA&#8217; FOCH, FAE&#8217;, VARE BASSE E LUXOTTICA, l&#8217;acqua erogata dall&#8217;acquedotto non \u00e8 potabile e pu\u00f2 essere usata per scopi alimentari SOLO PREVIA bollitura. Anche a TAIBON nelle localit\u00e0 Ronch De Buos e Nogarola<\/p>\n<p>&nbsp;<\/p>\n<p>&nbsp;<\/p>\n<p>&nbsp;<\/p>\n<hr \/>\n<p>&nbsp;<\/p>\n<blockquote>\n<h3>OBIETTIVO VENETO: 1 MILIONE DI VACCINI, INIZIATI I NEGOZIATI CON PFIZER, MODERNA E ASTREZENECA. SPESA: 10 MILIONI DI EURO.<\/h3>\n<\/blockquote>\n<p>Un&#8217;altra giornata con ricoveri e contagi in picchiata verso il basso ma in Veneto ancora 29 morti per un totale da inizio epidemia pari a\u00a0 9297. Positivi intercettati 26.844,\u00a0 nelle ventiquattr&#8217;ore 8, Ricoveri, in diminuzione nell&#8217;area medica: 1635 degenti (-4) nelle\u00a0 terapie intensive 188 (-2)\u00a0 ospedali territoriali 225 (-1).\u00a0 In provincia: 17 positivi e nessun decesso, 567 i bellunesi attualmente contagiati, 16.328 i guariti, deceduti da inizio\u00a0 pandemia 540, ricoveri: 37 i pazienti Covid nelle aree non critiche a Belluno e 22 a Feltre, in terapia intensiva 5 a Feltre 1 a Belluno,\u00a0 negli ospedali di comunit\u00e0 11 a Belluno e 10 a Feltre. <strong>LA BELLA NOTIZIA:<\/strong> Nella Ulss1 azzerati i contagi tra i medici, in cinque mesi 55 positivi negli ospedali, 22 sul territorio un ulteriore invito a non abbassare la guardia. Da oggi sar\u00e0 rimodulata la fascia oraria di apertura del Covid point tamponi\u00a0 a Paludi,\u00a0 attivo tutti i giorni (festivi inclusi) dalle 8.30 alle 12.30. Per gli altri Covid point gli orari restano invariati compreso Agordo (lunedi, mercoledi e venerdi dalle 15 alle 17).<\/p>\n<p>&nbsp;<\/p>\n<blockquote>\n<h3>UNA GIORNATA SENZA DECESSI IN ULSS 1 DOLOMITI<\/h3>\n<\/blockquote>\n<p><strong><a href=\"https:\/\/www.radiopiu.net\/wordpress\/giornale-radiopiu-10-marzo-2020-direttore-mirko-mezzacasa\/covid-ulss\/\" rel=\"attachment wp-att-121260\"><img loading=\"lazy\" decoding=\"async\" class=\" wp-image-121260 alignleft\" src=\"https:\/\/www.radiopiu.net\/wordpress\/wp-content\/uploads\/2020\/03\/covid-ulss-300x225.jpg\" alt=\"\" width=\"136\" height=\"102\" srcset=\"https:\/\/www.radiopiu.net\/wordpress\/wp-content\/uploads\/2020\/03\/covid-ulss-300x225.jpg 300w, https:\/\/www.radiopiu.net\/wordpress\/wp-content\/uploads\/2020\/03\/covid-ulss-768x576.jpg 768w, https:\/\/www.radiopiu.net\/wordpress\/wp-content\/uploads\/2020\/03\/covid-ulss.jpg 800w\" sizes=\"auto, (max-width: 136px) 100vw, 136px\" \/><\/a>BELLUNO<\/strong> Nelle ultime 24 ore non sono stati registrati decessi di pazienti covid positivi ricoverati in Ulss Dolomiti. Nell&#8217;ultima giornata si sono registrate 17 nuove positivit\u00e0.<\/p>\n<p>&nbsp;<\/p>\n<p>&nbsp;<\/p>\n<p>&nbsp;<\/p>\n<p>&nbsp;<\/p>\n<hr \/>\n<p>&nbsp;<\/p>\n<p>&nbsp;<\/p>\n<blockquote>\n<h3>VIGILI DEL FUOCO AL LAVORO SULLA SP 251 PER PULIRE I DETRITI DELLA FRANA<\/h3>\n<\/blockquote>\n<p><strong>FORNO DI ZOLDO <\/strong>Ieri poco prima delle 14, i Vigili del Fuoco sono intervenuti lungo la SP251 a Forno di Zoldo per una frana che ha invaso la sede stradale: nessuna persona e nessun veicolo coinvolto. I pompieri intervenuti con i volontari di Longarone e il personale della sede centrale di Belluno, hanno collaborato con il personale di Veneto Strade per liberare la strada dai detriti ed escludere il coinvolgimento di persone.<\/p>\n\n\t\t\t<style type='text\/css'>\n\t\t\t\t#gallery-2 {\n\t\t\t\t\tmargin: auto;\n\t\t\t\t}\n\t\t\t\t#gallery-2 .gallery-item {\n\t\t\t\t\tfloat: left;\n\t\t\t\t\tmargin-top: 10px;\n\t\t\t\t\ttext-align: center;\n\t\t\t\t\twidth: 33%;\n\t\t\t\t}\n\t\t\t\t#gallery-2 img {\n\t\t\t\t\tborder: 2px solid #cfcfcf;\n\t\t\t\t}\n\t\t\t\t#gallery-2 .gallery-caption {\n\t\t\t\t\tmargin-left: 0;\n\t\t\t\t}\n\t\t\t\t\/* see gallery_shortcode() in wp-includes\/media.php *\/\n\t\t\t<\/style>\n\t\t<div id='gallery-2' class='dt-gallery-container gallery galleryid-189447 gallery-columns-3 gallery-size-thumbnail'><dl class='gallery-item'>\n\t\t\t\t<dt class='gallery-icon portrait'>\n\t\t\t\t\t<a class=\"rollover rollover-zoom dt-pswp-item\" title=\"9dabdfdd-0738-48cb-a449-2d2edd3c1eeb\" data-dt-img-description=\"\" data-large_image_width=\"591\" data-large_image_height=\"976\"href='https:\/\/www.radiopiu.net\/wordpress\/wp-content\/uploads\/2021\/02\/9dabdfdd-0738-48cb-a449-2d2edd3c1eeb.jpg'><img loading=\"lazy\" decoding=\"async\" width=\"150\" height=\"150\" src=\"https:\/\/www.radiopiu.net\/wordpress\/wp-content\/uploads\/2021\/02\/9dabdfdd-0738-48cb-a449-2d2edd3c1eeb-150x150.jpg\" class=\"attachment-thumbnail size-thumbnail\" alt=\"\" \/><\/a>\n\t\t\t\t<\/dt><\/dl><dl class='gallery-item'>\n\t\t\t\t<dt class='gallery-icon portrait'>\n\t\t\t\t\t<a class=\"rollover rollover-zoom dt-pswp-item\" title=\"aa2e0f64-7fbd-407d-bf84-860673d86736\" data-dt-img-description=\"\" data-large_image_width=\"591\" data-large_image_height=\"888\"href='https:\/\/www.radiopiu.net\/wordpress\/wp-content\/uploads\/2021\/02\/aa2e0f64-7fbd-407d-bf84-860673d86736.jpg'><img loading=\"lazy\" decoding=\"async\" width=\"150\" height=\"150\" src=\"https:\/\/www.radiopiu.net\/wordpress\/wp-content\/uploads\/2021\/02\/aa2e0f64-7fbd-407d-bf84-860673d86736-150x150.jpg\" class=\"attachment-thumbnail size-thumbnail\" alt=\"\" \/><\/a>\n\t\t\t\t<\/dt><\/dl><dl class='gallery-item'>\n\t\t\t\t<dt class='gallery-icon portrait'>\n\t\t\t\t\t<a class=\"rollover rollover-zoom dt-pswp-item\" title=\"c4af5e54-cd2f-4b0e-ac5c-cdbafe2cce81\" data-dt-img-description=\"\" data-large_image_width=\"591\" data-large_image_height=\"792\"href='https:\/\/www.radiopiu.net\/wordpress\/wp-content\/uploads\/2021\/02\/c4af5e54-cd2f-4b0e-ac5c-cdbafe2cce81.jpg'><img loading=\"lazy\" decoding=\"async\" width=\"150\" height=\"150\" src=\"https:\/\/www.radiopiu.net\/wordpress\/wp-content\/uploads\/2021\/02\/c4af5e54-cd2f-4b0e-ac5c-cdbafe2cce81-150x150.jpg\" class=\"attachment-thumbnail size-thumbnail\" alt=\"\" \/><\/a>\n\t\t\t\t<\/dt><\/dl><br style=\"clear: both\" \/><dl class='gallery-item'>\n\t\t\t\t<dt class='gallery-icon landscape'>\n\t\t\t\t\t<a class=\"rollover rollover-zoom dt-pswp-item\" title=\"7dfd0646-4ed7-4e01-9793-1e5c80aaf5d8\" data-dt-img-description=\"\" data-large_image_width=\"591\" data-large_image_height=\"404\"href='https:\/\/www.radiopiu.net\/wordpress\/wp-content\/uploads\/2021\/02\/7dfd0646-4ed7-4e01-9793-1e5c80aaf5d8.jpg'><img loading=\"lazy\" decoding=\"async\" width=\"150\" height=\"150\" src=\"https:\/\/www.radiopiu.net\/wordpress\/wp-content\/uploads\/2021\/02\/7dfd0646-4ed7-4e01-9793-1e5c80aaf5d8-150x150.jpg\" class=\"attachment-thumbnail size-thumbnail\" alt=\"\" \/><\/a>\n\t\t\t\t<\/dt><\/dl><dl class='gallery-item'>\n\t\t\t\t<dt class='gallery-icon landscape'>\n\t\t\t\t\t<a class=\"rollover rollover-zoom dt-pswp-item\" title=\"5e9045f8-e694-4c4d-b502-b03a782a1151\" data-dt-img-description=\"\" data-large_image_width=\"591\" data-large_image_height=\"408\"href='https:\/\/www.radiopiu.net\/wordpress\/wp-content\/uploads\/2021\/02\/5e9045f8-e694-4c4d-b502-b03a782a1151.jpg'><img loading=\"lazy\" decoding=\"async\" width=\"150\" height=\"150\" src=\"https:\/\/www.radiopiu.net\/wordpress\/wp-content\/uploads\/2021\/02\/5e9045f8-e694-4c4d-b502-b03a782a1151-150x150.jpg\" class=\"attachment-thumbnail size-thumbnail\" alt=\"\" \/><\/a>\n\t\t\t\t<\/dt><\/dl><dl class='gallery-item'>\n\t\t\t\t<dt class='gallery-icon landscape'>\n\t\t\t\t\t<a class=\"rollover rollover-zoom dt-pswp-item\" title=\"9f10e79f-2a4c-43a6-814f-6b5891fb27de\" data-dt-img-description=\"\" data-large_image_width=\"591\" data-large_image_height=\"416\"href='https:\/\/www.radiopiu.net\/wordpress\/wp-content\/uploads\/2021\/02\/9f10e79f-2a4c-43a6-814f-6b5891fb27de.jpg'><img loading=\"lazy\" decoding=\"async\" width=\"150\" height=\"150\" src=\"https:\/\/www.radiopiu.net\/wordpress\/wp-content\/uploads\/2021\/02\/9f10e79f-2a4c-43a6-814f-6b5891fb27de-150x150.jpg\" class=\"attachment-thumbnail size-thumbnail\" alt=\"\" \/><\/a>\n\t\t\t\t<\/dt><\/dl><br style=\"clear: both\" \/>\n\t\t\t<\/div>\n\n<p>&nbsp;<\/p>\n<hr \/>\n<p>&nbsp;<\/p>\n<blockquote>\n<h3>I POMPIERI SALVANO CHICO DALLE ACQUE DEL BOITE<\/h3>\n<\/blockquote>\n<p><strong>CORTINA\u00a0<\/strong> Mentre era in corso la cerimonia di apertura dei Mondiali di sci alpino, un turista trevigiano era in passeggiata con il cane\u00a0 in via Lungoboite. Improvvisamente l&#8217;animale ha sentito dei cervi muoversi nel vicino bosco e si \u00e8 allontanato, finendo in un primo momento nell&#8217;acqua del torrente. L&#8217;uomo ha chiamato i vigili del fuoco, hanno illuminato la zona\u00a0 e il cane \u00e8 tornato sulla riva<\/p>\n<p>&nbsp;<\/p>\n<hr \/>\n<p>&nbsp;<\/p>\n<blockquote>\n<h3>CONTROMANO IN AUTOSTRADA A 27: SEGNALAZIONE FASULLA<\/h3>\n<\/blockquote>\n<p><strong>BELLUNO<\/strong> Anche i computer ogni tanto sballano, un bug ha portato ad una falsa segnalazione circa l&#8217;auto in contromano tra Vittorio Veneto e Belluno &#8211; che purtroppo non sarebbe la prima volta &#8211; l&#8217;allarme in automatico non era corretto, oppure qualche hacker ci ha messo lo zampino.<\/p>\n<p>&nbsp;<\/p>\n<hr \/>\n<p>&nbsp;<\/p>\n<blockquote>\n<h3 dir=\"auto\">PASSO GIAU, AVVISO VIABILITA&#8217; E DIVIETI DI SOSTA<\/h3>\n<\/blockquote>\n<div dir=\"auto\"><\/div>\n<div dir=\"auto\"><a href=\"https:\/\/www.radiopiu.net\/wordpress\/giornale-radiopiu-08-febbraio-2021-direttore-mirko-mezzacasa\/146876835_2456740951138875_4549633745731901352_n\/\" rel=\"attachment wp-att-189665\"><img loading=\"lazy\" decoding=\"async\" class=\" wp-image-189665 alignleft\" src=\"https:\/\/www.radiopiu.net\/wordpress\/wp-content\/uploads\/2021\/02\/146876835_2456740951138875_4549633745731901352_n-300x200.jpg\" alt=\"\" width=\"246\" height=\"164\" srcset=\"https:\/\/www.radiopiu.net\/wordpress\/wp-content\/uploads\/2021\/02\/146876835_2456740951138875_4549633745731901352_n-300x200.jpg 300w, https:\/\/www.radiopiu.net\/wordpress\/wp-content\/uploads\/2021\/02\/146876835_2456740951138875_4549633745731901352_n-768x512.jpg 768w, https:\/\/www.radiopiu.net\/wordpress\/wp-content\/uploads\/2021\/02\/146876835_2456740951138875_4549633745731901352_n.jpg 810w\" sizes=\"auto, (max-width: 246px) 100vw, 246px\" \/><\/a>da oggi a domenica 21, la strada regionale 48 sar\u00e0 chiusa fino a Pocol dalle ore 7 alle ore 11. Inoltre, dopo tale orario, nelle zone vicino all&#8217;Area delle 5 Torri sar\u00e0 vietata la sosta, dato che la pista Lino Lacedelli ospiter\u00e0 gli allenamenti e le qualifiche dei Mondiali di Cortina 2021. In questi orari, il Rifugio Averau il Rifugio Fedare il ristorante Da Aurelio &#8211; Passo Giau e il Berghotel Passo Giau saranno raggiungibili solo dalla strada provinciale 638 Che da Colle Santa lucia sale a Passo Giau, al momento chiusa per pericolo valanghe. Si avvisa inoltre che a seguito della richiesta pervenuta della Questura di Belluno fino a domenica 21 nell&#8217;area delle Tofane e delle 5 Torri saranno interdette le attivit\u00e0 escursionistiche con &#8220;ciaspole&#8221; e sci d&#8217;alpinismo nel raggio di 400m dai luoghi dove verranno disputate le gare. Area Lagazuoi 5 Torri Giau<\/div>\n<div dir=\"auto\"><\/div>\n<p>&nbsp;<\/p>\n<hr \/>\n<p>&nbsp;<\/p>\n<blockquote>\n<h3>IL CAPO DELLA POLIZIA AL CENTRO DEL MONDIALE AMPEZZANO<\/h3>\n<div dir=\"auto\"><em><a href=\"https:\/\/www.radiopiu.net\/wordpress\/il-capo-della-polizia-al-centro-del-mondiale-ampezzano\/146624689_2515600045400695_4445084330574039316_o\/\" rel=\"attachment wp-att-189502\"><img loading=\"lazy\" decoding=\"async\" class=\" wp-image-189502 alignleft\" src=\"https:\/\/www.radiopiu.net\/wordpress\/wp-content\/uploads\/2021\/02\/146624689_2515600045400695_4445084330574039316_o-169x300.jpg\" alt=\"\" width=\"182\" height=\"323\" srcset=\"https:\/\/www.radiopiu.net\/wordpress\/wp-content\/uploads\/2021\/02\/146624689_2515600045400695_4445084330574039316_o-169x300.jpg 169w, https:\/\/www.radiopiu.net\/wordpress\/wp-content\/uploads\/2021\/02\/146624689_2515600045400695_4445084330574039316_o-576x1024.jpg 576w, https:\/\/www.radiopiu.net\/wordpress\/wp-content\/uploads\/2021\/02\/146624689_2515600045400695_4445084330574039316_o-768x1366.jpg 768w, https:\/\/www.radiopiu.net\/wordpress\/wp-content\/uploads\/2021\/02\/146624689_2515600045400695_4445084330574039316_o.jpg 843w\" sizes=\"auto, (max-width: 182px) 100vw, 182px\" \/><\/a><\/em><\/div>\n<div dir=\"auto\"><em>IL Capo della Polizia, Direttore Generale della Pubblica Sicurezza Prefetto Franco Gabrielli \u00e8\u00a0 salito a Cortina\u00a0 alla vigilia della cerimonia di apertura dei Mondiali di sci. Dopo aver incontrato una rappresentanza delle forze di polizia presenti presso l&#8217;Hub operativo di Borca di Cadore, il Capo della Polizia Gabrielli ha raggiunto poi il centro e visitato la moderna Sala Operativa Interforze allestita in Largo Post, immancabile\u00a0 il saluto a Wendy Siorpaes, la poliziotta ex atleta delle Fiamme Oro, la portabandiera della nazionale italiana.\u00a0<\/em><\/div>\n<\/blockquote>\n<div dir=\"auto\"><span style=\"color: #0000ff;\"><strong>COLLABORAZIONE WIRNA TRICHES E BARBARA BORTOLUZZI\u00a0<\/strong><\/span><\/div>\n<div dir=\"auto\"><\/div>\n<div dir=\"auto\"><\/div>\n<div dir=\"auto\">\n<audio class=\"wp-audio-shortcode\" id=\"audio-189447-2\" preload=\"none\" style=\"width: 100%;\" controls=\"controls\"><source type=\"audio\/mpeg\" src=\"https:\/\/www.radiopiu.net\/wordpress\/wp-content\/uploads\/2021\/02\/GABRI1.mp3?_=2\" \/><a href=\"https:\/\/www.radiopiu.net\/wordpress\/wp-content\/uploads\/2021\/02\/GABRI1.mp3\">https:\/\/www.radiopiu.net\/wordpress\/wp-content\/uploads\/2021\/02\/GABRI1.mp3<\/a><\/audio>\n<\/div>\n<blockquote>\n<h3 dir=\"auto\">WENDY SIORPAES&#8230;. LA PORTABANDIERA, ORGOGLIO NAZIONALE<\/h3>\n<p><em>Porter\u00e0 quella bandiera con quell&#8217;orgoglio e passione\u00a0 che da sempre la contraddistingue come Poliziotta ed Atleta.<\/em><\/p><\/blockquote>\n<div dir=\"auto\">\n<audio class=\"wp-audio-shortcode\" id=\"audio-189447-3\" preload=\"none\" style=\"width: 100%;\" controls=\"controls\"><source type=\"audio\/mpeg\" src=\"https:\/\/www.radiopiu.net\/wordpress\/wp-content\/uploads\/2021\/02\/ABRY2.mp3?_=3\" \/><a href=\"https:\/\/www.radiopiu.net\/wordpress\/wp-content\/uploads\/2021\/02\/ABRY2.mp3\">https:\/\/www.radiopiu.net\/wordpress\/wp-content\/uploads\/2021\/02\/ABRY2.mp3<\/a><\/audio>\n<p>&nbsp;<\/p>\n<hr \/>\n<p>&nbsp;<\/p>\n<blockquote>\n<h3>LE EMOZIONI IN ALTA UNIFORME<\/h3>\n<\/blockquote>\n<p>&nbsp;<\/p>\n<p><strong><a href=\"https:\/\/www.radiopiu.net\/wordpress\/le-emozioni-in-alta-uniforme\/17e443a7-499a-4005-a0df-8e9426ad43fc\/\" rel=\"attachment wp-att-189628\"><img loading=\"lazy\" decoding=\"async\" class=\"size-medium wp-image-189628 alignleft\" src=\"https:\/\/www.radiopiu.net\/wordpress\/wp-content\/uploads\/2021\/02\/17e443a7-499a-4005-a0df-8e9426ad43fc-138x300.jpg\" alt=\"\" width=\"138\" height=\"300\" srcset=\"https:\/\/www.radiopiu.net\/wordpress\/wp-content\/uploads\/2021\/02\/17e443a7-499a-4005-a0df-8e9426ad43fc-138x300.jpg 138w, https:\/\/www.radiopiu.net\/wordpress\/wp-content\/uploads\/2021\/02\/17e443a7-499a-4005-a0df-8e9426ad43fc-472x1024.jpg 472w, https:\/\/www.radiopiu.net\/wordpress\/wp-content\/uploads\/2021\/02\/17e443a7-499a-4005-a0df-8e9426ad43fc-768x1668.jpg 768w, https:\/\/www.radiopiu.net\/wordpress\/wp-content\/uploads\/2021\/02\/17e443a7-499a-4005-a0df-8e9426ad43fc-707x1536.jpg 707w, https:\/\/www.radiopiu.net\/wordpress\/wp-content\/uploads\/2021\/02\/17e443a7-499a-4005-a0df-8e9426ad43fc.jpg 943w\" sizes=\"auto, (max-width: 138px) 100vw, 138px\" \/><\/a>CON WIRNA TRICHES E BARBARA BORTOLUZZI, ASSISTENTE CAPO COORDINATORE GABRIELE BASSO<\/strong><\/p>\n<audio class=\"wp-audio-shortcode\" id=\"audio-189447-4\" preload=\"none\" style=\"width: 100%;\" controls=\"controls\"><source type=\"audio\/mpeg\" src=\"https:\/\/www.radiopiu.net\/wordpress\/wp-content\/uploads\/2021\/02\/DIVISA.mp3?_=4\" \/><a href=\"https:\/\/www.radiopiu.net\/wordpress\/wp-content\/uploads\/2021\/02\/DIVISA.mp3\">https:\/\/www.radiopiu.net\/wordpress\/wp-content\/uploads\/2021\/02\/DIVISA.mp3<\/a><\/audio>\n<p>&nbsp;<\/p>\n<p>&nbsp;<\/p>\n<p>&nbsp;<\/p>\n<hr \/>\n<p>&nbsp;<\/p>\n<p>&nbsp;<\/p>\n<blockquote>\n<h2>FONDAMENTALE IL SERVIZIO SANITARIO SOTTO ALLA MINACCIA &#8220;COVID19&#8221;<\/h2>\n<\/blockquote>\n<p>&nbsp;<\/p>\n<blockquote><p><em><a href=\"https:\/\/www.radiopiu.net\/wordpress\/fondamentale-il-servizio-sanitario-sotto-alla-minaccia-covid19\/0cfb5c09-932b-4060-bc4f-92d73217412c\/\" rel=\"attachment wp-att-189584\"><img loading=\"lazy\" decoding=\"async\" class=\" wp-image-189584 alignleft\" src=\"https:\/\/www.radiopiu.net\/wordpress\/wp-content\/uploads\/2021\/02\/0cfb5c09-932b-4060-bc4f-92d73217412c-139x300.jpg\" alt=\"\" width=\"89\" height=\"192\" srcset=\"https:\/\/www.radiopiu.net\/wordpress\/wp-content\/uploads\/2021\/02\/0cfb5c09-932b-4060-bc4f-92d73217412c-139x300.jpg 139w, https:\/\/www.radiopiu.net\/wordpress\/wp-content\/uploads\/2021\/02\/0cfb5c09-932b-4060-bc4f-92d73217412c-473x1024.jpg 473w, https:\/\/www.radiopiu.net\/wordpress\/wp-content\/uploads\/2021\/02\/0cfb5c09-932b-4060-bc4f-92d73217412c-709x1536.jpg 709w, https:\/\/www.radiopiu.net\/wordpress\/wp-content\/uploads\/2021\/02\/0cfb5c09-932b-4060-bc4f-92d73217412c.jpg 739w\" sizes=\"auto, (max-width: 89px) 100vw, 89px\" \/><\/a> Un servizio sanitario decisamente impegnativo, mai come quest&#8217;anno in periodo di pandemia covid19. Sotto pressione h24 per garantire la sicurezza di chi si muove sulle piste del mondiale. Il medico della Polizia dottor Peter Mazzurana entra nelle pieghe dell&#8217;impegno in ambito sanitario &#8220;Un onore fare parte della Polizia di Stato per il servizio al cittadino ed a uomini e donni della Polizia&#8221;.<\/em><\/p><\/blockquote>\n<audio class=\"wp-audio-shortcode\" id=\"audio-189447-5\" preload=\"none\" style=\"width: 100%;\" controls=\"controls\"><source type=\"audio\/mpeg\" src=\"https:\/\/www.radiopiu.net\/wordpress\/wp-content\/uploads\/2021\/02\/MEDICO-MAZZORANA.mp3?_=5\" \/><a href=\"https:\/\/www.radiopiu.net\/wordpress\/wp-content\/uploads\/2021\/02\/MEDICO-MAZZORANA.mp3\">https:\/\/www.radiopiu.net\/wordpress\/wp-content\/uploads\/2021\/02\/MEDICO-MAZZORANA.mp3<\/a><\/audio>\n<p>&nbsp;<\/p>\n\n\t\t\t<style type='text\/css'>\n\t\t\t\t#gallery-3 {\n\t\t\t\t\tmargin: auto;\n\t\t\t\t}\n\t\t\t\t#gallery-3 .gallery-item {\n\t\t\t\t\tfloat: left;\n\t\t\t\t\tmargin-top: 10px;\n\t\t\t\t\ttext-align: center;\n\t\t\t\t\twidth: 33%;\n\t\t\t\t}\n\t\t\t\t#gallery-3 img {\n\t\t\t\t\tborder: 2px solid #cfcfcf;\n\t\t\t\t}\n\t\t\t\t#gallery-3 .gallery-caption {\n\t\t\t\t\tmargin-left: 0;\n\t\t\t\t}\n\t\t\t\t\/* see gallery_shortcode() in wp-includes\/media.php *\/\n\t\t\t<\/style>\n\t\t<div id='gallery-3' class='dt-gallery-container gallery galleryid-189447 gallery-columns-3 gallery-size-thumbnail'><dl class='gallery-item'>\n\t\t\t\t<dt class='gallery-icon portrait'>\n\t\t\t\t\t<a class=\"rollover rollover-zoom dt-pswp-item\" title=\"b52823aa-87d3-4b38-9083-1595f73c02df\" data-dt-img-description=\"\" data-large_image_width=\"1200\" data-large_image_height=\"1600\"href='https:\/\/www.radiopiu.net\/wordpress\/wp-content\/uploads\/2021\/02\/b52823aa-87d3-4b38-9083-1595f73c02df.jpg'><img loading=\"lazy\" decoding=\"async\" width=\"150\" height=\"150\" src=\"https:\/\/www.radiopiu.net\/wordpress\/wp-content\/uploads\/2021\/02\/b52823aa-87d3-4b38-9083-1595f73c02df-150x150.jpg\" class=\"attachment-thumbnail size-thumbnail\" alt=\"\" \/><\/a>\n\t\t\t\t<\/dt><\/dl><dl class='gallery-item'>\n\t\t\t\t<dt class='gallery-icon portrait'>\n\t\t\t\t\t<a class=\"rollover rollover-zoom dt-pswp-item\" title=\"87a1378e-17b1-42ac-b02e-8098699c1194\" data-dt-img-description=\"\" data-large_image_width=\"739\" data-large_image_height=\"1600\"href='https:\/\/www.radiopiu.net\/wordpress\/wp-content\/uploads\/2021\/02\/87a1378e-17b1-42ac-b02e-8098699c1194.jpg'><img loading=\"lazy\" decoding=\"async\" width=\"150\" height=\"150\" src=\"https:\/\/www.radiopiu.net\/wordpress\/wp-content\/uploads\/2021\/02\/87a1378e-17b1-42ac-b02e-8098699c1194-150x150.jpg\" class=\"attachment-thumbnail size-thumbnail\" alt=\"\" \/><\/a>\n\t\t\t\t<\/dt><\/dl><dl class='gallery-item'>\n\t\t\t\t<dt class='gallery-icon portrait'>\n\t\t\t\t\t<a class=\"rollover rollover-zoom dt-pswp-item\" title=\"cfa56371-5abd-4110-81d8-1883915a8766\" data-dt-img-description=\"\" data-large_image_width=\"739\" data-large_image_height=\"1600\"href='https:\/\/www.radiopiu.net\/wordpress\/wp-content\/uploads\/2021\/02\/cfa56371-5abd-4110-81d8-1883915a8766.jpg'><img loading=\"lazy\" decoding=\"async\" width=\"150\" height=\"150\" src=\"https:\/\/www.radiopiu.net\/wordpress\/wp-content\/uploads\/2021\/02\/cfa56371-5abd-4110-81d8-1883915a8766-150x150.jpg\" class=\"attachment-thumbnail size-thumbnail\" alt=\"\" \/><\/a>\n\t\t\t\t<\/dt><\/dl><br style=\"clear: both\" \/><dl class='gallery-item'>\n\t\t\t\t<dt class='gallery-icon portrait'>\n\t\t\t\t\t<a class=\"rollover rollover-zoom dt-pswp-item\" title=\"d0d56505-3be5-4924-8615-8239b8c42c4d\" data-dt-img-description=\"\" data-large_image_width=\"739\" data-large_image_height=\"1600\"href='https:\/\/www.radiopiu.net\/wordpress\/wp-content\/uploads\/2021\/02\/d0d56505-3be5-4924-8615-8239b8c42c4d.jpg'><img loading=\"lazy\" decoding=\"async\" width=\"150\" height=\"150\" src=\"https:\/\/www.radiopiu.net\/wordpress\/wp-content\/uploads\/2021\/02\/d0d56505-3be5-4924-8615-8239b8c42c4d-150x150.jpg\" class=\"attachment-thumbnail size-thumbnail\" alt=\"\" \/><\/a>\n\t\t\t\t<\/dt><\/dl><dl class='gallery-item'>\n\t\t\t\t<dt class='gallery-icon portrait'>\n\t\t\t\t\t<a class=\"rollover rollover-zoom dt-pswp-item\" title=\"eac89913-5da1-4771-b022-32a5512bb6ae\" data-dt-img-description=\"\" data-large_image_width=\"739\" data-large_image_height=\"1600\"href='https:\/\/www.radiopiu.net\/wordpress\/wp-content\/uploads\/2021\/02\/eac89913-5da1-4771-b022-32a5512bb6ae.jpg'><img loading=\"lazy\" decoding=\"async\" width=\"150\" height=\"150\" src=\"https:\/\/www.radiopiu.net\/wordpress\/wp-content\/uploads\/2021\/02\/eac89913-5da1-4771-b022-32a5512bb6ae-150x150.jpg\" class=\"attachment-thumbnail size-thumbnail\" alt=\"\" \/><\/a>\n\t\t\t\t<\/dt><\/dl><dl class='gallery-item'>\n\t\t\t\t<dt class='gallery-icon portrait'>\n\t\t\t\t\t<a class=\"rollover rollover-zoom dt-pswp-item\" title=\"47328477-b813-4975-8e10-3fa220367cae\" data-dt-img-description=\"\" data-large_image_width=\"739\" data-large_image_height=\"1600\"href='https:\/\/www.radiopiu.net\/wordpress\/wp-content\/uploads\/2021\/02\/47328477-b813-4975-8e10-3fa220367cae.jpg'><img loading=\"lazy\" decoding=\"async\" width=\"150\" height=\"150\" src=\"https:\/\/www.radiopiu.net\/wordpress\/wp-content\/uploads\/2021\/02\/47328477-b813-4975-8e10-3fa220367cae-150x150.jpg\" class=\"attachment-thumbnail size-thumbnail\" alt=\"\" \/><\/a>\n\t\t\t\t<\/dt><\/dl><br style=\"clear: both\" \/>\n\t\t\t<\/div>\n\n<p>&nbsp;<\/p>\n<p>&nbsp;<\/p>\n<hr \/>\n<\/div>\n<blockquote>\n<h3><\/h3>\n<h3>LA MACCHINA DELLA SICUREZZA&#8230; ANCHE A QUATTRO ZAMPE<\/h3>\n<\/blockquote>\n<p><span style=\"color: #0000ff;\">SICUREZZA MONDIALE<\/span>&#8230;. con il gruppo cinofilo&#8230;. con uomini e mezzi sula Tofana come spiega l&#8217;ispettore Superiore Paolo De Zordo<\/p>\n<p>&nbsp;<\/p>\n\n\t\t\t<style type='text\/css'>\n\t\t\t\t#gallery-4 {\n\t\t\t\t\tmargin: auto;\n\t\t\t\t}\n\t\t\t\t#gallery-4 .gallery-item {\n\t\t\t\t\tfloat: left;\n\t\t\t\t\tmargin-top: 10px;\n\t\t\t\t\ttext-align: center;\n\t\t\t\t\twidth: 25%;\n\t\t\t\t}\n\t\t\t\t#gallery-4 img {\n\t\t\t\t\tborder: 2px solid #cfcfcf;\n\t\t\t\t}\n\t\t\t\t#gallery-4 .gallery-caption {\n\t\t\t\t\tmargin-left: 0;\n\t\t\t\t}\n\t\t\t\t\/* see gallery_shortcode() in wp-includes\/media.php *\/\n\t\t\t<\/style>\n\t\t<div id='gallery-4' class='dt-gallery-container gallery galleryid-189447 gallery-columns-4 gallery-size-thumbnail'><dl class='gallery-item'>\n\t\t\t\t<dt class='gallery-icon portrait'>\n\t\t\t\t\t<a class=\"rollover rollover-zoom dt-pswp-item\" title=\"3c559cb0-c892-49c3-90b5-f236a95d13d8\" data-dt-img-description=\"\" data-large_image_width=\"1200\" data-large_image_height=\"1600\"href='https:\/\/www.radiopiu.net\/wordpress\/wp-content\/uploads\/2021\/02\/3c559cb0-c892-49c3-90b5-f236a95d13d8.jpg'><img loading=\"lazy\" decoding=\"async\" width=\"150\" height=\"150\" src=\"https:\/\/www.radiopiu.net\/wordpress\/wp-content\/uploads\/2021\/02\/3c559cb0-c892-49c3-90b5-f236a95d13d8-150x150.jpg\" class=\"attachment-thumbnail size-thumbnail\" alt=\"\" \/><\/a>\n\t\t\t\t<\/dt><\/dl><dl class='gallery-item'>\n\t\t\t\t<dt class='gallery-icon portrait'>\n\t\t\t\t\t<a class=\"rollover rollover-zoom dt-pswp-item\" title=\"29a9388e-d942-4009-8141-54939146f958\" data-dt-img-description=\"\" data-large_image_width=\"1200\" data-large_image_height=\"1600\"href='https:\/\/www.radiopiu.net\/wordpress\/wp-content\/uploads\/2021\/02\/29a9388e-d942-4009-8141-54939146f958.jpg'><img loading=\"lazy\" decoding=\"async\" width=\"150\" height=\"150\" src=\"https:\/\/www.radiopiu.net\/wordpress\/wp-content\/uploads\/2021\/02\/29a9388e-d942-4009-8141-54939146f958-150x150.jpg\" class=\"attachment-thumbnail size-thumbnail\" alt=\"\" \/><\/a>\n\t\t\t\t<\/dt><\/dl><dl class='gallery-item'>\n\t\t\t\t<dt class='gallery-icon portrait'>\n\t\t\t\t\t<a class=\"rollover rollover-zoom dt-pswp-item\" title=\"ed37dd5d-bac5-4f0d-be7d-61c307e70234\" data-dt-img-description=\"\" data-large_image_width=\"1200\" data-large_image_height=\"1600\"href='https:\/\/www.radiopiu.net\/wordpress\/wp-content\/uploads\/2021\/02\/ed37dd5d-bac5-4f0d-be7d-61c307e70234.jpg'><img loading=\"lazy\" decoding=\"async\" width=\"150\" height=\"150\" src=\"https:\/\/www.radiopiu.net\/wordpress\/wp-content\/uploads\/2021\/02\/ed37dd5d-bac5-4f0d-be7d-61c307e70234-150x150.jpg\" class=\"attachment-thumbnail size-thumbnail\" alt=\"\" \/><\/a>\n\t\t\t\t<\/dt><\/dl><dl class='gallery-item'>\n\t\t\t\t<dt class='gallery-icon portrait'>\n\t\t\t\t\t<a class=\"rollover rollover-zoom dt-pswp-item\" title=\"52e1bbe7-2f99-487f-a05a-9b16aeeaac7d\" data-dt-img-description=\"\" data-large_image_width=\"1200\" data-large_image_height=\"1600\"href='https:\/\/www.radiopiu.net\/wordpress\/wp-content\/uploads\/2021\/02\/52e1bbe7-2f99-487f-a05a-9b16aeeaac7d.jpg'><img loading=\"lazy\" decoding=\"async\" width=\"150\" height=\"150\" src=\"https:\/\/www.radiopiu.net\/wordpress\/wp-content\/uploads\/2021\/02\/52e1bbe7-2f99-487f-a05a-9b16aeeaac7d-150x150.jpg\" class=\"attachment-thumbnail size-thumbnail\" alt=\"\" \/><\/a>\n\t\t\t\t<\/dt><\/dl><br style=\"clear: both\" \/>\n\t\t\t<\/div>\n\n<blockquote><p><strong><em>\u00a0A Cortina sono arrivati gli uomini con i loro amici\u00a0 ElivIs e Spock. I due labrador della Questura di Venezia e Bologna, entrambi specializzati nella ricerca ATF &#8211; Antiesplosivo,\u00a0 sono sulle piste dei Mondiali di sci con i loro conduttori.\u00a0\u00a0<\/em><\/strong><\/p><\/blockquote>\n<p><strong>AUDIO\u00a0<\/strong><\/p>\n<audio class=\"wp-audio-shortcode\" id=\"audio-189447-6\" preload=\"none\" style=\"width: 100%;\" controls=\"controls\"><source type=\"audio\/mpeg\" src=\"https:\/\/www.radiopiu.net\/wordpress\/wp-content\/uploads\/2021\/02\/wirna-2-co.mp3?_=6\" \/><a href=\"https:\/\/www.radiopiu.net\/wordpress\/wp-content\/uploads\/2021\/02\/wirna-2-co.mp3\">https:\/\/www.radiopiu.net\/wordpress\/wp-content\/uploads\/2021\/02\/wirna-2-co.mp3<\/a><\/audio>\n<p><span style=\"color: #0000ff;\">\u00a0<\/span><\/p>\n<p><span style=\"color: #0000ff;\">COLLABORAZIONE, WIRNA TRICHES_BARBARA BORTOLUZZI<\/span><\/p>\n\n\t\t\t<style type='text\/css'>\n\t\t\t\t#gallery-5 {\n\t\t\t\t\tmargin: auto;\n\t\t\t\t}\n\t\t\t\t#gallery-5 .gallery-item {\n\t\t\t\t\tfloat: left;\n\t\t\t\t\tmargin-top: 10px;\n\t\t\t\t\ttext-align: center;\n\t\t\t\t\twidth: 20%;\n\t\t\t\t}\n\t\t\t\t#gallery-5 img {\n\t\t\t\t\tborder: 2px solid #cfcfcf;\n\t\t\t\t}\n\t\t\t\t#gallery-5 .gallery-caption {\n\t\t\t\t\tmargin-left: 0;\n\t\t\t\t}\n\t\t\t\t\/* see gallery_shortcode() in wp-includes\/media.php *\/\n\t\t\t<\/style>\n\t\t<div id='gallery-5' class='dt-gallery-container gallery galleryid-189447 gallery-columns-5 gallery-size-thumbnail'><dl class='gallery-item'>\n\t\t\t\t<dt class='gallery-icon portrait'>\n\t\t\t\t\t<a class=\"rollover rollover-zoom dt-pswp-item\" title=\"6aac25bb-d69e-4b77-b6c3-a5955a34a432\" data-dt-img-description=\"\" data-large_image_width=\"1200\" data-large_image_height=\"1600\"href='https:\/\/www.radiopiu.net\/wordpress\/wp-content\/uploads\/2021\/02\/6aac25bb-d69e-4b77-b6c3-a5955a34a432.jpg'><img loading=\"lazy\" decoding=\"async\" width=\"150\" height=\"150\" src=\"https:\/\/www.radiopiu.net\/wordpress\/wp-content\/uploads\/2021\/02\/6aac25bb-d69e-4b77-b6c3-a5955a34a432-150x150.jpg\" class=\"attachment-thumbnail size-thumbnail\" alt=\"\" aria-describedby=\"gallery-5-189187\" \/><\/a>\n\t\t\t\t<\/dt>\n\t\t\t\t\t<dd class='wp-caption-text gallery-caption' id='gallery-5-189187'>\n\t\t\t\t\tFABIO MAZZOLATO\n\t\t\t\t\t<\/dd><\/dl><dl class='gallery-item'>\n\t\t\t\t<dt class='gallery-icon portrait'>\n\t\t\t\t\t<a class=\"rollover rollover-zoom dt-pswp-item\" title=\"e02a60ad-927c-4a98-aa11-b2e72b3f65db\" data-dt-img-description=\"\" data-large_image_width=\"1368\" data-large_image_height=\"1824\"href='https:\/\/www.radiopiu.net\/wordpress\/wp-content\/uploads\/2021\/02\/e02a60ad-927c-4a98-aa11-b2e72b3f65db.jpg'><img loading=\"lazy\" decoding=\"async\" width=\"150\" height=\"150\" src=\"https:\/\/www.radiopiu.net\/wordpress\/wp-content\/uploads\/2021\/02\/e02a60ad-927c-4a98-aa11-b2e72b3f65db-150x150.jpg\" class=\"attachment-thumbnail size-thumbnail\" alt=\"\" aria-describedby=\"gallery-5-189198\" \/><\/a>\n\t\t\t\t<\/dt>\n\t\t\t\t\t<dd class='wp-caption-text gallery-caption' id='gallery-5-189198'>\n\t\t\t\t\tELVIS\n\t\t\t\t\t<\/dd><\/dl><dl class='gallery-item'>\n\t\t\t\t<dt class='gallery-icon portrait'>\n\t\t\t\t\t<a class=\"rollover rollover-zoom dt-pswp-item\" title=\"f04c1dbe-8344-43bf-b937-f9bdb1b7668a\" data-dt-img-description=\"\" data-large_image_width=\"1368\" data-large_image_height=\"1824\"href='https:\/\/www.radiopiu.net\/wordpress\/wp-content\/uploads\/2021\/02\/f04c1dbe-8344-43bf-b937-f9bdb1b7668a.jpg'><img loading=\"lazy\" decoding=\"async\" width=\"150\" height=\"150\" src=\"https:\/\/www.radiopiu.net\/wordpress\/wp-content\/uploads\/2021\/02\/f04c1dbe-8344-43bf-b937-f9bdb1b7668a-150x150.jpg\" class=\"attachment-thumbnail size-thumbnail\" alt=\"\" aria-describedby=\"gallery-5-189199\" \/><\/a>\n\t\t\t\t<\/dt>\n\t\t\t\t\t<dd class='wp-caption-text gallery-caption' id='gallery-5-189199'>\n\t\t\t\t\tELVIS\n\t\t\t\t\t<\/dd><\/dl><dl class='gallery-item'>\n\t\t\t\t<dt class='gallery-icon portrait'>\n\t\t\t\t\t<a class=\"rollover rollover-zoom dt-pswp-item\" title=\"daa19b7e-fd1f-45a9-ba7f-302cfc1ed0ef\" data-dt-img-description=\"\" data-large_image_width=\"1368\" data-large_image_height=\"1824\"href='https:\/\/www.radiopiu.net\/wordpress\/wp-content\/uploads\/2021\/02\/daa19b7e-fd1f-45a9-ba7f-302cfc1ed0ef.jpg'><img loading=\"lazy\" decoding=\"async\" width=\"150\" height=\"150\" src=\"https:\/\/www.radiopiu.net\/wordpress\/wp-content\/uploads\/2021\/02\/daa19b7e-fd1f-45a9-ba7f-302cfc1ed0ef-150x150.jpg\" class=\"attachment-thumbnail size-thumbnail\" alt=\"\" aria-describedby=\"gallery-5-189196\" \/><\/a>\n\t\t\t\t<\/dt>\n\t\t\t\t\t<dd class='wp-caption-text gallery-caption' id='gallery-5-189196'>\n\t\t\t\t\tELVIS\n\t\t\t\t\t<\/dd><\/dl><dl class='gallery-item'>\n\t\t\t\t<dt class='gallery-icon portrait'>\n\t\t\t\t\t<a class=\"rollover rollover-zoom dt-pswp-item\" title=\"1a5c275e-0924-4ef6-a684-08f171aaad59\" data-dt-img-description=\"\" data-large_image_width=\"1368\" data-large_image_height=\"1824\"href='https:\/\/www.radiopiu.net\/wordpress\/wp-content\/uploads\/2021\/02\/1a5c275e-0924-4ef6-a684-08f171aaad59.jpg'><img loading=\"lazy\" decoding=\"async\" width=\"150\" height=\"150\" src=\"https:\/\/www.radiopiu.net\/wordpress\/wp-content\/uploads\/2021\/02\/1a5c275e-0924-4ef6-a684-08f171aaad59-150x150.jpg\" class=\"attachment-thumbnail size-thumbnail\" alt=\"\" aria-describedby=\"gallery-5-189203\" \/><\/a>\n\t\t\t\t<\/dt>\n\t\t\t\t\t<dd class='wp-caption-text gallery-caption' id='gallery-5-189203'>\n\t\t\t\t\tELVIS\n\t\t\t\t\t<\/dd><\/dl><br style=\"clear: both\" \/><dl class='gallery-item'>\n\t\t\t\t<dt class='gallery-icon portrait'>\n\t\t\t\t\t<a class=\"rollover rollover-zoom dt-pswp-item\" title=\"5e2290c6-2da6-44bb-9fcf-12646bc46c0c\" data-dt-img-description=\"\" data-large_image_width=\"946\" data-large_image_height=\"2048\"href='https:\/\/www.radiopiu.net\/wordpress\/wp-content\/uploads\/2021\/02\/5e2290c6-2da6-44bb-9fcf-12646bc46c0c.jpg'><img loading=\"lazy\" decoding=\"async\" width=\"150\" height=\"150\" src=\"https:\/\/www.radiopiu.net\/wordpress\/wp-content\/uploads\/2021\/02\/5e2290c6-2da6-44bb-9fcf-12646bc46c0c-150x150.jpg\" class=\"attachment-thumbnail size-thumbnail\" alt=\"\" aria-describedby=\"gallery-5-189186\" \/><\/a>\n\t\t\t\t<\/dt>\n\t\t\t\t\t<dd class='wp-caption-text gallery-caption' id='gallery-5-189186'>\n\t\t\t\t\tSPOCK\n\t\t\t\t\t<\/dd><\/dl><dl class='gallery-item'>\n\t\t\t\t<dt class='gallery-icon portrait'>\n\t\t\t\t\t<a class=\"rollover rollover-zoom dt-pswp-item\" title=\"65e23baf-f838-4cee-9992-4e7e76c9136d\" data-dt-img-description=\"\" data-large_image_width=\"946\" data-large_image_height=\"2048\"href='https:\/\/www.radiopiu.net\/wordpress\/wp-content\/uploads\/2021\/02\/65e23baf-f838-4cee-9992-4e7e76c9136d-1.jpg'><img loading=\"lazy\" decoding=\"async\" width=\"150\" height=\"150\" src=\"https:\/\/www.radiopiu.net\/wordpress\/wp-content\/uploads\/2021\/02\/65e23baf-f838-4cee-9992-4e7e76c9136d-1-150x150.jpg\" class=\"attachment-thumbnail size-thumbnail\" alt=\"\" aria-describedby=\"gallery-5-189467\" \/><\/a>\n\t\t\t\t<\/dt>\n\t\t\t\t\t<dd class='wp-caption-text gallery-caption' id='gallery-5-189467'>\n\t\t\t\t\tSPOCK\n\t\t\t\t\t<\/dd><\/dl><dl class='gallery-item'>\n\t\t\t\t<dt class='gallery-icon portrait'>\n\t\t\t\t\t<a class=\"rollover rollover-zoom dt-pswp-item\" title=\"fccf4f2a-ad26-4f5d-9d4d-16e54b413644\" data-dt-img-description=\"\" data-large_image_width=\"1200\" data-large_image_height=\"1600\"href='https:\/\/www.radiopiu.net\/wordpress\/wp-content\/uploads\/2021\/02\/fccf4f2a-ad26-4f5d-9d4d-16e54b413644.jpg'><img loading=\"lazy\" decoding=\"async\" width=\"150\" height=\"150\" src=\"https:\/\/www.radiopiu.net\/wordpress\/wp-content\/uploads\/2021\/02\/fccf4f2a-ad26-4f5d-9d4d-16e54b413644-150x150.jpg\" class=\"attachment-thumbnail size-thumbnail\" alt=\"\" \/><\/a>\n\t\t\t\t<\/dt><\/dl><dl class='gallery-item'>\n\t\t\t\t<dt class='gallery-icon portrait'>\n\t\t\t\t\t<a class=\"rollover rollover-zoom dt-pswp-item\" title=\"dfd8ccb5-85de-4644-8a6f-db5075416fe2\" data-dt-img-description=\"\" data-large_image_width=\"1368\" data-large_image_height=\"1824\"href='https:\/\/www.radiopiu.net\/wordpress\/wp-content\/uploads\/2021\/02\/dfd8ccb5-85de-4644-8a6f-db5075416fe2.jpg'><img loading=\"lazy\" decoding=\"async\" width=\"150\" height=\"150\" src=\"https:\/\/www.radiopiu.net\/wordpress\/wp-content\/uploads\/2021\/02\/dfd8ccb5-85de-4644-8a6f-db5075416fe2-150x150.jpg\" class=\"attachment-thumbnail size-thumbnail\" alt=\"\" \/><\/a>\n\t\t\t\t<\/dt><\/dl><dl class='gallery-item'>\n\t\t\t\t<dt class='gallery-icon portrait'>\n\t\t\t\t\t<a class=\"rollover rollover-zoom dt-pswp-item\" title=\"04921423-4089-4046-ac3a-55e4662bb512\" data-dt-img-description=\"\" data-large_image_width=\"768\" data-large_image_height=\"1024\"href='https:\/\/www.radiopiu.net\/wordpress\/wp-content\/uploads\/2021\/02\/04921423-4089-4046-ac3a-55e4662bb512.jpg'><img loading=\"lazy\" decoding=\"async\" width=\"150\" height=\"150\" src=\"https:\/\/www.radiopiu.net\/wordpress\/wp-content\/uploads\/2021\/02\/04921423-4089-4046-ac3a-55e4662bb512-150x150.jpg\" class=\"attachment-thumbnail size-thumbnail\" alt=\"\" \/><\/a>\n\t\t\t\t<\/dt><\/dl><br style=\"clear: both\" \/><dl class='gallery-item'>\n\t\t\t\t<dt class='gallery-icon portrait'>\n\t\t\t\t\t<a class=\"rollover rollover-zoom dt-pswp-item\" title=\"076be7f9-df2e-417a-8869-676bd62ad5aa\" data-dt-img-description=\"\" data-large_image_width=\"768\" data-large_image_height=\"1024\"href='https:\/\/www.radiopiu.net\/wordpress\/wp-content\/uploads\/2021\/02\/076be7f9-df2e-417a-8869-676bd62ad5aa.jpg'><img loading=\"lazy\" decoding=\"async\" width=\"150\" height=\"150\" src=\"https:\/\/www.radiopiu.net\/wordpress\/wp-content\/uploads\/2021\/02\/076be7f9-df2e-417a-8869-676bd62ad5aa-150x150.jpg\" class=\"attachment-thumbnail size-thumbnail\" alt=\"\" \/><\/a>\n\t\t\t\t<\/dt><\/dl><dl class='gallery-item'>\n\t\t\t\t<dt class='gallery-icon portrait'>\n\t\t\t\t\t<a class=\"rollover rollover-zoom dt-pswp-item\" title=\"07ca45e2-055c-423b-ad8b-7ebab6edf2ee\" data-dt-img-description=\"\" data-large_image_width=\"1368\" data-large_image_height=\"1824\"href='https:\/\/www.radiopiu.net\/wordpress\/wp-content\/uploads\/2021\/02\/07ca45e2-055c-423b-ad8b-7ebab6edf2ee.jpg'><img loading=\"lazy\" decoding=\"async\" width=\"150\" height=\"150\" src=\"https:\/\/www.radiopiu.net\/wordpress\/wp-content\/uploads\/2021\/02\/07ca45e2-055c-423b-ad8b-7ebab6edf2ee-150x150.jpg\" class=\"attachment-thumbnail size-thumbnail\" alt=\"\" \/><\/a>\n\t\t\t\t<\/dt><\/dl><dl class='gallery-item'>\n\t\t\t\t<dt class='gallery-icon portrait'>\n\t\t\t\t\t<a class=\"rollover rollover-zoom dt-pswp-item\" title=\"8f89a296-7e4b-4f1f-bedb-6a8c9af4198b\" data-dt-img-description=\"\" data-large_image_width=\"1368\" data-large_image_height=\"1824\"href='https:\/\/www.radiopiu.net\/wordpress\/wp-content\/uploads\/2021\/02\/8f89a296-7e4b-4f1f-bedb-6a8c9af4198b.jpg'><img loading=\"lazy\" decoding=\"async\" width=\"150\" height=\"150\" src=\"https:\/\/www.radiopiu.net\/wordpress\/wp-content\/uploads\/2021\/02\/8f89a296-7e4b-4f1f-bedb-6a8c9af4198b-150x150.jpg\" class=\"attachment-thumbnail size-thumbnail\" alt=\"\" \/><\/a>\n\t\t\t\t<\/dt><\/dl><dl class='gallery-item'>\n\t\t\t\t<dt class='gallery-icon portrait'>\n\t\t\t\t\t<a class=\"rollover rollover-zoom dt-pswp-item\" title=\"19b40113-fe32-457f-9603-623053ddc501\" data-dt-img-description=\"\" data-large_image_width=\"768\" data-large_image_height=\"1024\"href='https:\/\/www.radiopiu.net\/wordpress\/wp-content\/uploads\/2021\/02\/19b40113-fe32-457f-9603-623053ddc501.jpg'><img loading=\"lazy\" decoding=\"async\" width=\"150\" height=\"150\" src=\"https:\/\/www.radiopiu.net\/wordpress\/wp-content\/uploads\/2021\/02\/19b40113-fe32-457f-9603-623053ddc501-150x150.jpg\" class=\"attachment-thumbnail size-thumbnail\" alt=\"\" \/><\/a>\n\t\t\t\t<\/dt><\/dl>\n\t\t\t\t<br style='clear: both' \/>\n\t\t\t<\/div>\n\n<hr \/>\n<p>&nbsp;<\/p>\n<p>&nbsp;<\/p>\n<p><strong><span style=\"color: #0000ff;\">RACCOLTA COMPLETA IN AGGIORNAMENTO<\/span><\/strong><\/p>\n<blockquote class=\"wp-embedded-content\" data-secret=\"qjwifuzNE4\"><p><a href=\"https:\/\/www.radiopiu.net\/wordpress\/la-polizia-di-stato-a-cortina-2021\/\">La Polizia di Stato a Cortina 2021<\/a><\/p><\/blockquote>\n<p><iframe loading=\"lazy\" class=\"wp-embedded-content\" sandbox=\"allow-scripts\" security=\"restricted\" style=\"position: absolute; clip: rect(1px, 1px, 1px, 1px);\" title=\"&#8220;La Polizia di Stato a Cortina 2021&#8221; &#8212; Radio Pi\u00f9\" src=\"https:\/\/www.radiopiu.net\/wordpress\/la-polizia-di-stato-a-cortina-2021\/embed\/#?secret=qjwifuzNE4\" data-secret=\"qjwifuzNE4\" width=\"600\" height=\"338\" frameborder=\"0\" marginwidth=\"0\" marginheight=\"0\" scrolling=\"no\"><\/iframe><\/p>\n<p>&nbsp;<\/p>\n<hr \/>\n<blockquote>\n<h3>PRESENTATO IL FRANCOBOLLO CHE CELEBRA I MONDIALI DI SCI ALPINO A CORTINA<\/h3>\n<\/blockquote>\n<p><strong><a href=\"https:\/\/www.radiopiu.net\/wordpress\/presentato-il-francobollo-che-celebra-i-mondiali-di-sci-alpino-a-cortina\/cortina-anna\/\" rel=\"attachment wp-att-189530\"><img loading=\"lazy\" decoding=\"async\" class=\"size-medium wp-image-189530 alignleft\" src=\"https:\/\/www.radiopiu.net\/wordpress\/wp-content\/uploads\/2021\/02\/sci-alpino-copia-300x232.jpg\" alt=\"\" width=\"300\" height=\"232\" \/><\/a>CORTINA <\/strong>Poste Italiane comunica che \u00e8 stato emesso dal Ministero dello Sviluppo Economico un francobollo ordinario appartenente alla serie tematica \u201clo Sport\u201d dedicato ai Campionati del mondo di sci alpino a Cortina d\u2019Ampezzo, relativo al valore della tariffa B zona 1 pari a 1,15\u20ac. Tiratura: cinquecentomila esemplari. Foglio da quarantacinque esemplari. Il francobollo \u00e8 stampato dall\u2019Istituto Poligrafico e Zecca dello Stato S.p.A., in rotocalcografia, su carta bianca, patinata neutra, autoadesiva, non fluorescente. Bozzetto a cura di Fabio Abbati. La vignetta raffigura un\u2019atleta impegnata in una discesa libera, considerata la disciplina pi\u00f9 rappresentativa dello sci alpino; alle sue spalle una caratteristica \u201cporta\u201d su cui campeggia la scritta \u201cCORTINA D\u2019AMPEZZO\u201d. Sullo sfondo svettano le Tofane, un massiccio montuoso della catena delle Dolomiti orientali, mentre a sinistra \u00e8 riprodotto il logo dei Campionati del mondo di sci alpino 2021. Completano il francobollo la leggenda \u201cCAMPIONATI DEL MONDO DI SCI ALPINO CORTINA 2021\u201d la scritta \u201cITALIA\u201d e l\u2019indicazione tariffaria \u201cB ZONA 1\u201d. L\u2019annullo primo giorno di emissione sar\u00e0 disponibile presso lo sportello filatelico dell\u2019ufficio postale di Cortina d\u2019Ampezzo. Il francobollo e i prodotti filatelici correlati, cartoline, tessere e bollettini illustrativi saranno disponibili presso gli Uffici Postali con sportello filatelico, gli \u201cSpazio Filatelia\u201d di Firenze, Genova, Milano, Napoli, Roma, Roma 1, Torino, Trieste, Venezia, Verona e sul sito <a href=\"http:\/\/www.poste.it\">poste.it<\/a>. Per l\u2019occasione \u00e8 stata realizzata anche una cartella filatelica in formato A4 a tre ante, contenente una quartina di francobolli, un francobollo singolo, una cartolina annullata ed affrancata e una busta primo giorno di emissione, al prezzo di 15\u20ac.<\/p>\n<p><strong>IL FRANCOBOLLO \u00c8 UN SEGNO DEL TEMPO NEL TEMPO<\/strong><\/p>\n<p><em>La sua forza discende da una duplice natura concorrente: <\/em><em>quella di manifestazione di sovranit\u00e0 nazionale, vale a dire di tassa per accedere al servizio di spedizione e quella, non meno importante e imperitura, di testimone e narratore del nostro tempo. <\/em><em>I francobolli sono pietre miliari che raccontano di eventi sportivi e culturali, citt\u00e0, opere d\u2019arte, personaggi e vocazioni, capaci di sottrarsi al limite dello spazio, proprio perch\u00e9 in grado di oltrepassare il confine del tempo. <\/em><em>In questa direzione, la strada che oggi, muovendo dal 1953 e passando per le Olimpiadi invernali del 1956 e i Campionati di Bob del 1966, ci riporta a Cortina d\u2019Ampezzo, \u00e8 un percorso di luci e memorie orientate al domani. <\/em><em>Poste Italiane \u00e8 presente, anche di domenica e con la neve, allestendo il servizio filatelico speciale relativo al francobollo emesso al MISE &#8211; serie tematica \u201cLo sport\u201d e valore tariffa B Zona 1, pari a 1,15 Euro &#8211; celebrativo dei Campionati Mondiali di Sci Alpino, che si inaugurano oggi e che fino al 21 febbraio vedranno Cortina ospitare e far competere oltre 600 atleti da 70 nazioni per l\u2019assegnazione di 13 titoli. <\/em><em>Il francobollo, su bozzetto di Fabio Abbiati, \u00e8 stampato dall\u2019Istituto Poligrafico e Zecca dello Stato S.p.A. <\/em><em>La vignetta raffigura un\u2019atleta impegnata in una discesa libera, considerata la disciplina pi\u00f9 rappresentativa dello sci alpino; alle sue spalle una caratteristica \u201cporta\u201d su cui campeggia la scritta \u201cCORTINA D\u2019AMPEZZO\u201d. Sullo sfondo svettano le Tofane, un massiccio montuoso della catena delle Dolomiti orientali, mentre a sinistra \u00e8 riprodotto il logo dei Campionati del mondo di sci alpino 2021. Completano il francobollo la leggenda \u201cCAMPIONATI DEL MONDO DI SCI ALPINO CORTINA 2021\u201d la scritta \u201cITALIA\u201d e l\u2019indicazione tariffaria \u201cB ZONA 1\u201d. <\/em><em>Tiratura: cinquecentomila esemplari. Foglio 45 esemplari. <\/em><em>Il francobollo e la cartolina sono, ancora adesso, il modo pi\u00f9 intimo con cui realizzare la connessione tra pi\u00f9 persone. \u00a0In una parola, sono strumenti di condivisione materiale tra individui, prima, durante e oltre la configurazione dei social media. <\/em><em>Un tempo in divenire, da scrivere e descrivere con le nostre stesse mani, per viaggiare spediti al futuro.<\/em><\/p>\n<p>&nbsp;<\/p>\n<p>&nbsp;<\/p>\n<hr \/>\n<p>&nbsp;<\/p>\n<blockquote>\n<h3>VIA AI MONDIALI DI CORTINA, UNCEM: FESTA DELLO SPORT E DELLA RIPARTENZA. VERSO UNA RIPRESA CHE GUARDA AI TERRITORI CON IL CUORE GREEN E SMART<\/h3>\n<\/blockquote>\n<p><strong><a href=\"https:\/\/www.radiopiu.net\/wordpress\/giornale-radiopiu-28-aprile-2020-direttore-mirko-mezzacasa\/uncem-2\/\" rel=\"attachment wp-att-133399\"><img loading=\"lazy\" decoding=\"async\" class=\" wp-image-133399 alignleft\" src=\"https:\/\/www.radiopiu.net\/wordpress\/wp-content\/uploads\/2020\/04\/UNCEM-300x300.jpg\" alt=\"\" width=\"228\" height=\"228\" srcset=\"https:\/\/www.radiopiu.net\/wordpress\/wp-content\/uploads\/2020\/04\/UNCEM-300x300.jpg 300w, https:\/\/www.radiopiu.net\/wordpress\/wp-content\/uploads\/2020\/04\/UNCEM-150x150.jpg 150w, https:\/\/www.radiopiu.net\/wordpress\/wp-content\/uploads\/2020\/04\/UNCEM.jpg 500w\" sizes=\"auto, (max-width: 228px) 100vw, 228px\" \/><\/a>ROMA<\/strong> &#8220;<em>I Mondiali di sci di Cortina rappresentano non solo una grande festa dello sport. Ma sono uno stimolo alla ripartenza, alla ripresa dopo la dolorosa pandemia che ha colpito moltissime aree montane. La ripresa del Paese dovr\u00e0 essere green e smart, sostenibile e intelligente, e trovare nell&#8217;economia dei territori un fulcro decisivo. Uncem non accetta pi\u00f9 il definire alcune aree montane ricche, mentre altre sarebbero povere. Consegniamo una volta per tutte questa polarizzazione al passato. Costruiamo percorsi nei quali tutti i comuni alpini e appenninici esaltano le loro vocazioni, le esprimono e le presentano all&#8217;esterno, sostenuti dalle Istituzioni. Cos\u00ec fa Cortina da oggi, esprimendo un pezzo di Paese che nella montagna e nella forza di gravit\u00e0, nei versanti e nella neve trova gli ingredienti migliori per proporsi al mondo. E cos\u00ec salire sul gradino pi\u00f9 alto del podio. Auguri, Cortina<\/em>&#8220;. Cos\u00ec il Presidente nazionale Uncem, Marco Bussone.<\/p>\n<p>&nbsp;<\/p>\n<p>&nbsp;<\/p>\n<p>&nbsp;<\/p>\n<hr \/>\n<p>&nbsp;<\/p>\n<blockquote class=\"wp-embedded-content\" data-secret=\"CCQXvbjDIg\"><p><a href=\"https:\/\/www.radiopiu.net\/wordpress\/aggfeb7\/\">CORONAVIRUS: AGGIORNAMENTO NAZIONALE 07 FEBBRAIO 2021<\/a><\/p><\/blockquote>\n<p><iframe loading=\"lazy\" class=\"wp-embedded-content\" sandbox=\"allow-scripts\" security=\"restricted\" style=\"position: absolute; clip: rect(1px, 1px, 1px, 1px);\" title=\"&#8220;CORONAVIRUS: AGGIORNAMENTO NAZIONALE 07 FEBBRAIO 2021&#8221; &#8212; Radio Pi\u00f9\" src=\"https:\/\/www.radiopiu.net\/wordpress\/aggfeb7\/embed\/#?secret=CCQXvbjDIg\" data-secret=\"CCQXvbjDIg\" width=\"600\" height=\"338\" frameborder=\"0\" marginwidth=\"0\" marginheight=\"0\" scrolling=\"no\"><\/iframe><\/p>\n<p>&nbsp;<\/p>\n<hr \/>\n<p>&nbsp;<\/p>\n<p>&nbsp;<\/p>\n<blockquote class=\"wp-embedded-content\" data-secret=\"wsuVej3dMu\"><p><a href=\"https:\/\/www.radiopiu.net\/wordpress\/ricoveri-in-lieve-calo-26-decessi-515-nuovi-positivi-in-veneto-nelle-ultime-24-ore-a-belluno-17-nuove-positivita\/\">RICOVERI IN LIEVE CALO, 26 DECESSI, 515 NUOVI POSITIVI IN VENETO NELLE ULTIME 24 ORE. A BELLUNO 17 NUOVE POSITIVITA&#8217;<\/a><\/p><\/blockquote>\n<p><iframe loading=\"lazy\" class=\"wp-embedded-content\" sandbox=\"allow-scripts\" security=\"restricted\" style=\"position: absolute; clip: rect(1px, 1px, 1px, 1px);\" title=\"&#8220;RICOVERI IN LIEVE CALO, 26 DECESSI, 515 NUOVI POSITIVI IN VENETO NELLE ULTIME 24 ORE. A BELLUNO 17 NUOVE POSITIVITA&#8217;&#8221; &#8212; Radio Pi\u00f9\" src=\"https:\/\/www.radiopiu.net\/wordpress\/ricoveri-in-lieve-calo-26-decessi-515-nuovi-positivi-in-veneto-nelle-ultime-24-ore-a-belluno-17-nuove-positivita\/embed\/#?secret=wsuVej3dMu\" data-secret=\"wsuVej3dMu\" width=\"600\" height=\"338\" frameborder=\"0\" marginwidth=\"0\" marginheight=\"0\" scrolling=\"no\"><\/iframe><\/p>\n<p>&nbsp;<\/p>\n<hr \/>\n<p>&nbsp;<\/p>\n<blockquote>\n<h3>I GRAFICI DI TIZIANO DE COL<\/h3>\n<\/blockquote>\n\n\t\t\t<style type='text\/css'>\n\t\t\t\t#gallery-6 {\n\t\t\t\t\tmargin: auto;\n\t\t\t\t}\n\t\t\t\t#gallery-6 .gallery-item {\n\t\t\t\t\tfloat: left;\n\t\t\t\t\tmargin-top: 10px;\n\t\t\t\t\ttext-align: center;\n\t\t\t\t\twidth: 25%;\n\t\t\t\t}\n\t\t\t\t#gallery-6 img {\n\t\t\t\t\tborder: 2px solid #cfcfcf;\n\t\t\t\t}\n\t\t\t\t#gallery-6 .gallery-caption {\n\t\t\t\t\tmargin-left: 0;\n\t\t\t\t}\n\t\t\t\t\/* see gallery_shortcode() in wp-includes\/media.php *\/\n\t\t\t<\/style>\n\t\t<div id='gallery-6' class='dt-gallery-container gallery galleryid-189447 gallery-columns-4 gallery-size-medium'><dl class='gallery-item'>\n\t\t\t\t<dt class='gallery-icon landscape'>\n\t\t\t\t\t<a class=\"rollover rollover-zoom dt-pswp-item\" title=\"b7d18d91-5231-4907-a2d2-cbec577fb058\" data-dt-img-description=\"\" data-large_image_width=\"600\" data-large_image_height=\"354\"href='https:\/\/www.radiopiu.net\/wordpress\/wp-content\/uploads\/2021\/02\/b7d18d91-5231-4907-a2d2-cbec577fb058.jpg'><img loading=\"lazy\" decoding=\"async\" width=\"300\" height=\"177\" src=\"https:\/\/www.radiopiu.net\/wordpress\/wp-content\/uploads\/2021\/02\/b7d18d91-5231-4907-a2d2-cbec577fb058-300x177.jpg\" class=\"attachment-medium size-medium\" alt=\"\" srcset=\"https:\/\/www.radiopiu.net\/wordpress\/wp-content\/uploads\/2021\/02\/b7d18d91-5231-4907-a2d2-cbec577fb058-300x177.jpg 300w, https:\/\/www.radiopiu.net\/wordpress\/wp-content\/uploads\/2021\/02\/b7d18d91-5231-4907-a2d2-cbec577fb058.jpg 600w\" sizes=\"auto, (max-width: 300px) 100vw, 300px\" \/><\/a>\n\t\t\t\t<\/dt><\/dl><dl class='gallery-item'>\n\t\t\t\t<dt class='gallery-icon landscape'>\n\t\t\t\t\t<a class=\"rollover rollover-zoom dt-pswp-item\" title=\"77e5156a-b54c-4895-ac2e-6c0096ad2809\" data-dt-img-description=\"\" data-large_image_width=\"608\" data-large_image_height=\"358\"href='https:\/\/www.radiopiu.net\/wordpress\/wp-content\/uploads\/2021\/02\/77e5156a-b54c-4895-ac2e-6c0096ad2809.jpg'><img loading=\"lazy\" decoding=\"async\" width=\"300\" height=\"177\" src=\"https:\/\/www.radiopiu.net\/wordpress\/wp-content\/uploads\/2021\/02\/77e5156a-b54c-4895-ac2e-6c0096ad2809-300x177.jpg\" class=\"attachment-medium size-medium\" alt=\"\" srcset=\"https:\/\/www.radiopiu.net\/wordpress\/wp-content\/uploads\/2021\/02\/77e5156a-b54c-4895-ac2e-6c0096ad2809-300x177.jpg 300w, https:\/\/www.radiopiu.net\/wordpress\/wp-content\/uploads\/2021\/02\/77e5156a-b54c-4895-ac2e-6c0096ad2809.jpg 608w\" sizes=\"auto, (max-width: 300px) 100vw, 300px\" \/><\/a>\n\t\t\t\t<\/dt><\/dl><dl class='gallery-item'>\n\t\t\t\t<dt class='gallery-icon landscape'>\n\t\t\t\t\t<a class=\"rollover rollover-zoom dt-pswp-item\" title=\"400a12d8-4d74-4f7d-9f18-1095e6d14f24\" data-dt-img-description=\"\" data-large_image_width=\"610\" data-large_image_height=\"372\"href='https:\/\/www.radiopiu.net\/wordpress\/wp-content\/uploads\/2021\/02\/400a12d8-4d74-4f7d-9f18-1095e6d14f24.jpg'><img loading=\"lazy\" decoding=\"async\" width=\"300\" height=\"183\" src=\"https:\/\/www.radiopiu.net\/wordpress\/wp-content\/uploads\/2021\/02\/400a12d8-4d74-4f7d-9f18-1095e6d14f24-300x183.jpg\" class=\"attachment-medium size-medium\" alt=\"\" srcset=\"https:\/\/www.radiopiu.net\/wordpress\/wp-content\/uploads\/2021\/02\/400a12d8-4d74-4f7d-9f18-1095e6d14f24-300x183.jpg 300w, https:\/\/www.radiopiu.net\/wordpress\/wp-content\/uploads\/2021\/02\/400a12d8-4d74-4f7d-9f18-1095e6d14f24.jpg 610w\" sizes=\"auto, (max-width: 300px) 100vw, 300px\" \/><\/a>\n\t\t\t\t<\/dt><\/dl><dl class='gallery-item'>\n\t\t\t\t<dt class='gallery-icon landscape'>\n\t\t\t\t\t<a class=\"rollover rollover-zoom dt-pswp-item\" title=\"fcc61497-b6aa-4691-b322-bdd44133b00c\" data-dt-img-description=\"\" data-large_image_width=\"608\" data-large_image_height=\"376\"href='https:\/\/www.radiopiu.net\/wordpress\/wp-content\/uploads\/2021\/02\/fcc61497-b6aa-4691-b322-bdd44133b00c.jpg'><img loading=\"lazy\" decoding=\"async\" width=\"300\" height=\"186\" src=\"https:\/\/www.radiopiu.net\/wordpress\/wp-content\/uploads\/2021\/02\/fcc61497-b6aa-4691-b322-bdd44133b00c-300x186.jpg\" class=\"attachment-medium size-medium\" alt=\"\" srcset=\"https:\/\/www.radiopiu.net\/wordpress\/wp-content\/uploads\/2021\/02\/fcc61497-b6aa-4691-b322-bdd44133b00c-300x186.jpg 300w, https:\/\/www.radiopiu.net\/wordpress\/wp-content\/uploads\/2021\/02\/fcc61497-b6aa-4691-b322-bdd44133b00c.jpg 608w\" sizes=\"auto, (max-width: 300px) 100vw, 300px\" \/><\/a>\n\t\t\t\t<\/dt><\/dl><br style=\"clear: both\" \/>\n\t\t\t<\/div>\n\n<p>&nbsp;<\/p>\n<hr \/>\n<p>&nbsp;<\/p>\n<blockquote>\n<h3>COVID: DENTISTI AL DRIVE-IN PER IL RICHIAMO<\/h3>\n<\/blockquote>\n<p><strong>BELLUNO<\/strong> Giornata di richiamo per i dentisti\u00a0 a Belluno per la seconda dose del vaccino anti-covid.<\/p>\n\n\t\t\t<style type='text\/css'>\n\t\t\t\t#gallery-7 {\n\t\t\t\t\tmargin: auto;\n\t\t\t\t}\n\t\t\t\t#gallery-7 .gallery-item {\n\t\t\t\t\tfloat: left;\n\t\t\t\t\tmargin-top: 10px;\n\t\t\t\t\ttext-align: center;\n\t\t\t\t\twidth: 50%;\n\t\t\t\t}\n\t\t\t\t#gallery-7 img {\n\t\t\t\t\tborder: 2px solid #cfcfcf;\n\t\t\t\t}\n\t\t\t\t#gallery-7 .gallery-caption {\n\t\t\t\t\tmargin-left: 0;\n\t\t\t\t}\n\t\t\t\t\/* see gallery_shortcode() in wp-includes\/media.php *\/\n\t\t\t<\/style>\n\t\t<div id='gallery-7' class='dt-gallery-container gallery galleryid-189447 gallery-columns-2 gallery-size-medium'><dl class='gallery-item'>\n\t\t\t\t<dt class='gallery-icon landscape'>\n\t\t\t\t\t<a class=\"rollover rollover-zoom dt-pswp-item\" title=\"be6e5a0f-79ad-42c8-b681-b86fdf5dd574\" data-dt-img-description=\"\" data-large_image_width=\"2000\" data-large_image_height=\"1500\"href='https:\/\/www.radiopiu.net\/wordpress\/wp-content\/uploads\/2021\/02\/be6e5a0f-79ad-42c8-b681-b86fdf5dd574.jpg'><img loading=\"lazy\" decoding=\"async\" width=\"300\" height=\"225\" src=\"https:\/\/www.radiopiu.net\/wordpress\/wp-content\/uploads\/2021\/02\/be6e5a0f-79ad-42c8-b681-b86fdf5dd574-300x225.jpg\" class=\"attachment-medium size-medium\" alt=\"\" srcset=\"https:\/\/www.radiopiu.net\/wordpress\/wp-content\/uploads\/2021\/02\/be6e5a0f-79ad-42c8-b681-b86fdf5dd574-300x225.jpg 300w, https:\/\/www.radiopiu.net\/wordpress\/wp-content\/uploads\/2021\/02\/be6e5a0f-79ad-42c8-b681-b86fdf5dd574-1024x768.jpg 1024w, https:\/\/www.radiopiu.net\/wordpress\/wp-content\/uploads\/2021\/02\/be6e5a0f-79ad-42c8-b681-b86fdf5dd574-768x576.jpg 768w, https:\/\/www.radiopiu.net\/wordpress\/wp-content\/uploads\/2021\/02\/be6e5a0f-79ad-42c8-b681-b86fdf5dd574-1536x1152.jpg 1536w, https:\/\/www.radiopiu.net\/wordpress\/wp-content\/uploads\/2021\/02\/be6e5a0f-79ad-42c8-b681-b86fdf5dd574.jpg 2000w\" sizes=\"auto, (max-width: 300px) 100vw, 300px\" \/><\/a>\n\t\t\t\t<\/dt><\/dl><dl class='gallery-item'>\n\t\t\t\t<dt class='gallery-icon landscape'>\n\t\t\t\t\t<a class=\"rollover rollover-zoom dt-pswp-item\" title=\"91a44857-071e-43c8-9e3d-548276a9943a\" data-dt-img-description=\"\" data-large_image_width=\"2000\" data-large_image_height=\"1500\"href='https:\/\/www.radiopiu.net\/wordpress\/wp-content\/uploads\/2021\/02\/91a44857-071e-43c8-9e3d-548276a9943a.jpg'><img loading=\"lazy\" decoding=\"async\" width=\"300\" height=\"225\" src=\"https:\/\/www.radiopiu.net\/wordpress\/wp-content\/uploads\/2021\/02\/91a44857-071e-43c8-9e3d-548276a9943a-300x225.jpg\" class=\"attachment-medium size-medium\" alt=\"\" srcset=\"https:\/\/www.radiopiu.net\/wordpress\/wp-content\/uploads\/2021\/02\/91a44857-071e-43c8-9e3d-548276a9943a-300x225.jpg 300w, https:\/\/www.radiopiu.net\/wordpress\/wp-content\/uploads\/2021\/02\/91a44857-071e-43c8-9e3d-548276a9943a-1024x768.jpg 1024w, https:\/\/www.radiopiu.net\/wordpress\/wp-content\/uploads\/2021\/02\/91a44857-071e-43c8-9e3d-548276a9943a-768x576.jpg 768w, https:\/\/www.radiopiu.net\/wordpress\/wp-content\/uploads\/2021\/02\/91a44857-071e-43c8-9e3d-548276a9943a-1536x1152.jpg 1536w, https:\/\/www.radiopiu.net\/wordpress\/wp-content\/uploads\/2021\/02\/91a44857-071e-43c8-9e3d-548276a9943a.jpg 2000w\" sizes=\"auto, (max-width: 300px) 100vw, 300px\" \/><\/a>\n\t\t\t\t<\/dt><\/dl><br style=\"clear: both\" \/>\n\t\t\t<\/div>\n\n<p>&nbsp;<\/p>\n<hr \/>\n<p>&nbsp;<\/p>\n<blockquote>\n<h3>IL COMUNE DI LIVINALLONGO CHIEDE 19 INTERVENTI PER PROTEGGERE IL PAESE DALLE VALANGHE<\/h3>\n<\/blockquote>\n<p><strong><a href=\"https:\/\/www.radiopiu.net\/wordpress\/unaltra-slavina-il-mezzo-comunale-intrappolato-nella-neve\/9d461362-94e7-4577-9633-35c446b02cb7\/\" rel=\"attachment wp-att-189272\"><img loading=\"lazy\" decoding=\"async\" class=\"size-medium wp-image-189272 alignleft\" src=\"https:\/\/www.radiopiu.net\/wordpress\/wp-content\/uploads\/2021\/02\/9d461362-94e7-4577-9633-35c446b02cb7-300x225.jpg\" alt=\"\" width=\"300\" height=\"225\" srcset=\"https:\/\/www.radiopiu.net\/wordpress\/wp-content\/uploads\/2021\/02\/9d461362-94e7-4577-9633-35c446b02cb7-300x225.jpg 300w, https:\/\/www.radiopiu.net\/wordpress\/wp-content\/uploads\/2021\/02\/9d461362-94e7-4577-9633-35c446b02cb7-768x576.jpg 768w, https:\/\/www.radiopiu.net\/wordpress\/wp-content\/uploads\/2021\/02\/9d461362-94e7-4577-9633-35c446b02cb7.jpg 1024w\" sizes=\"auto, (max-width: 300px) 100vw, 300px\" \/><\/a>LIVINALLONGO<\/strong><\/p>\n<p>di Gianni Santomaso<\/p>\n<audio class=\"wp-audio-shortcode\" id=\"audio-189447-7\" preload=\"none\" style=\"width: 100%;\" controls=\"controls\"><source type=\"audio\/mpeg\" src=\"https:\/\/www.radiopiu.net\/wordpress\/wp-content\/uploads\/2021\/02\/gianni-19-interventi-arabba.mp3?_=7\" \/><a href=\"https:\/\/www.radiopiu.net\/wordpress\/wp-content\/uploads\/2021\/02\/gianni-19-interventi-arabba.mp3\">https:\/\/www.radiopiu.net\/wordpress\/wp-content\/uploads\/2021\/02\/gianni-19-interventi-arabba.mp3<\/a><\/audio>\n<p>&nbsp;<\/p>\n<hr \/>\n<p>&nbsp;<\/p>\n<blockquote>\n<h3>OGGI DALLE 16.30 SCIOPERO NAZIONALE DEI TRASPORTI<\/h3>\n<\/blockquote>\n<p><strong><a href=\"https:\/\/www.radiopiu.net\/wordpress\/giornale-radiopiu-08-febbraio-2021-direttore-mirko-mezzacasa\/babe0b65-4874-465f-8864-00a7e3572b8a\/\" rel=\"attachment wp-att-189654\"><img loading=\"lazy\" decoding=\"async\" class=\" wp-image-189654 alignleft\" src=\"https:\/\/www.radiopiu.net\/wordpress\/wp-content\/uploads\/2021\/02\/babe0b65-4874-465f-8864-00a7e3572b8a-300x225.jpg\" alt=\"\" width=\"212\" height=\"159\" srcset=\"https:\/\/www.radiopiu.net\/wordpress\/wp-content\/uploads\/2021\/02\/babe0b65-4874-465f-8864-00a7e3572b8a-300x225.jpg 300w, https:\/\/www.radiopiu.net\/wordpress\/wp-content\/uploads\/2021\/02\/babe0b65-4874-465f-8864-00a7e3572b8a-1024x769.jpg 1024w, https:\/\/www.radiopiu.net\/wordpress\/wp-content\/uploads\/2021\/02\/babe0b65-4874-465f-8864-00a7e3572b8a-768x576.jpg 768w, https:\/\/www.radiopiu.net\/wordpress\/wp-content\/uploads\/2021\/02\/babe0b65-4874-465f-8864-00a7e3572b8a-1536x1153.jpg 1536w, https:\/\/www.radiopiu.net\/wordpress\/wp-content\/uploads\/2021\/02\/babe0b65-4874-465f-8864-00a7e3572b8a.jpg 1600w\" sizes=\"auto, (max-width: 212px) 100vw, 212px\" \/><\/a>BELLUNO<\/strong> Anche in provincia questa sera non sar\u00e0 facile muoversi per lo sciopero nazionale che interessa anche i lavoratori della Dolomitibus. Le segreterie sindacali hanno dato comunicazione di adesione alla protesta nell\u2019ambito della rete servita dalle linee della Dolomitibus. Non verranno pertanto garantire le corse in partenza dalle 16.30 alle 20.29, le corse in partenza prima dell\u2019inizio dello sciopero verranno effettuate regolarmente. Il servizio normale riprender\u00e0 alle 20.30. Motivo della protesta il contratto nazionale scaduto dal 31 dicembre del 2017. Gli autoferrotranvieri-internavigatori chiedono il sostegno e la solidariet\u00e0 di tutti i cittadini, al fine di evitare ulteriori tensioni che potrebbero determinare effetti negativi sul servizio e sull\u2019utenza nella fase delicata di ripartenza delle attivit\u00e0 scolastiche ed economiche del Paese.<\/p>\n<p>&nbsp;<\/p>\n<p>&nbsp;<\/p>\n<hr \/>\n<p>&nbsp;<\/p>\n<blockquote>\n<h3>AGENZIE DI VIAGGIO, TOUR OPERATOR, PISCINE, PALESTRE, CINEMA, TEATRI E ALBERGHI LE ATTIVITA\u2019 PIU\u2019 COLPITE DAL COVID<\/h3>\n<\/blockquote>\n<p><strong>Con lo sblocco dei licenziamenti a rischio 2 milioni di addetti<\/strong><\/p>\n<p>==========<\/p>\n<p><a href=\"https:\/\/www.radiopiu.net\/wordpress\/agenzie-di-viaggio-tour-operator-piscine-palestre-cinema-teatri-e-alberghi-le-attivita-piu-colpite-dal-covid\/manager-fired_1098-12658\/\" rel=\"attachment wp-att-189431\"><img loading=\"lazy\" decoding=\"async\" class=\" wp-image-189431 alignleft\" src=\"https:\/\/www.radiopiu.net\/wordpress\/wp-content\/uploads\/2021\/02\/manager-fired_1098-12658-300x200.jpg\" alt=\"\" width=\"238\" height=\"158\" srcset=\"https:\/\/www.radiopiu.net\/wordpress\/wp-content\/uploads\/2021\/02\/manager-fired_1098-12658-300x200.jpg 300w, https:\/\/www.radiopiu.net\/wordpress\/wp-content\/uploads\/2021\/02\/manager-fired_1098-12658.jpg 626w\" sizes=\"auto, (max-width: 238px) 100vw, 238px\" \/><\/a>Dalle stime sull\u2019andamento medio del fatturato 2020, i settori pi\u00f9 colpiti dalla pandemia hanno interessato, in particolar modo, il commercio, i servizi alla persona e l\u2019area dell\u2019intrattenimento. I risultati a cui \u00e8 giunto l\u2019Ufficio studi della CGIA sono impietosi: agenzie di viaggio e tour operator -73,2 per cento; attivit\u00e0 artistiche, palestre, piscine, sale giochi, cinema e teatri -70 per cento;<br \/>\nalberghi e alloggi -53 per cento; bar\/ristoranti -34,7 per cento; noleggio e leasing operativo -30,3 per cento; commercio\/riparazione di autoveicoli e motoveicoli -19,9 per cento. In termini assoluti, la perdita di fatturato pi\u00f9 importante ha interessato il commercio all\u2019ingrosso (-44,3 miliardi di euro). Seguono il commercio\/riparazione auto e moto (-26,8 miliardi) i bar e i ristoranti (-21,3 miliardi di euro), le attivit\u00e0 artistiche, palestre, sale giochi, cinema e teatri (-18,3 miliardi), il commercio al dettaglio (-18,2 miliardi), gli alberghi (-13,9 miliardi), le agenzie di viaggio e i tour operator (-9,3 miliardi).<\/p>\n<p><strong>A rischio quasi 300 mila micro imprese e 1,9 milioni di addetti<\/strong><br \/>\nSecondo una recente indagine realizzata dall\u2019Istat, sono 292 mila le aziende che si trovano in una situazione di seria difficolt\u00e0. Attivit\u00e0 che danno lavoro a 1,9 milioni di addetti e producono un valore aggiunto che sfiora i 63 miliardi di euro. Il numero medio di addetti per impresa di questa platea di aziende cos\u00ec a rischio chiusura \u00e8 pari a 6,5. Stiamo parlando di micro attivit\u00e0 che, pesantemente colpite dall\u2019emergenza sanitaria, non hanno adottato alcuna strategia di risposta alla crisi e, conseguentemente, corrono il pericolo di abbassare definitivamente la saracinesca. I settori produttivi pi\u00f9 interessati da queste 292 mila attivit\u00e0 sono il tessile, l\u2019abbigliamento, la stampa, i mobili e l\u2019edilizia. Nel settore dei servizi, invece, si distinguono le difficolt\u00e0 della ristorazione, degli alloggi\/alberghi, del commercio dell\u2019auto e altri comparti come il commercio al dettaglio, il noleggio, i viaggi, il gioco e lo sport. E\u2019 evidente che non tutti questi operatori economici chiuderanno definitivamente i battenti, tuttavia con lo sblocco dei licenziamenti previsto entro la fine del prossimo mese di marzo, molti degli addetti di queste attivit\u00e0 rischiano di trovarsi senza un\u2019occupazione regolare.<\/p>\n<p><strong>La crisi si sente soprattutto nelle citt\u00e0 d\u2019arte<\/strong><br \/>\nLa crisi ha colpito indistintamente tutti, anche se il Mezzogiorno \u00e8 l\u2019area geografica che sta subendo pi\u00f9 delle altre gli effetti negativi della pandemia, sia da un punto di vista economico che sociale. Tuttavia, c\u2019\u00e8 un denominatore comune che caratterizza tutto il Paese: la crisi delle citt\u00e0 d\u2019arte ad alta vocazione turistica. Venezia, Firenze, Pisa, Roma, Verona, Milano, Matera, Padova, Siracusa, Napoli, Cagliari, Genova, Palermo, Torino e Bari sono alcuni dei Comuni individuati dal \u201cdecreto Agosto\u201d che nel 2020 hanno subito un crollo verticale delle presenze turistiche straniere. A fronte di questa situazione, le filiere richiamate pi\u00f9 sopra e ubicate in queste citt\u00e0 sono risultate essere le pi\u00f9 in affanno e probabilmente continueranno ad esserlo anche quest\u2019anno, almeno fino a quando non raggiungeremo un tasso di vaccinazione che ci garantir\u00e0 l\u2019immunit\u00e0 di gregge e quindi la possibilit\u00e0 di spostarci liberamente.<br \/>\nE\u2019 prevedibile un incremento del lavoro nero<br \/>\nE\u2019 evidente che la crisi determinata dalla pandemia potrebbe far aumentare a dismisura l\u2019esercito degli abusivi e dei lavoratori in nero presenti in Italia. Stando alle previsioni dell\u2019Istat illustrate pi\u00f9 sopra, 1,9 milioni di addetti rischiano di perdere il posto. Auspicando che la dimensione del numero di coloro che perderanno l\u2019occupazione sia decisamente inferiore a quella prevista, l\u2019Ufficio studi della CGIA sottolinea che una parte di questi esuberi finir\u00e0 ad ingrossare le fila dell\u2019economia sommersa. Non saranno pochi, infatti, coloro che, dopo aver perso il posto in fabbrica o in ufficio, si rimboccheranno le maniche in qualsiasi modo, anche ricorrendo ad una occupazione in nero.<\/p>\n<p>Stiamo parlando di quelle persone che non riuscendo a trovare un nuovo lavoro accetteranno un\u2019occupazione irregolare o si improvviseranno come abusivi. Grazie a questa scelta riusciranno a percepire qualche centinaia di euro alla settimana; pagati poco e in contanti, tutto ci\u00f2 avverr\u00e0 in nero e senza alcun versamento di imposte, di contributi previdenziali e di quelli assicurativi.<\/p>\n<p>Ad \u201cammortizzare\u201d la perdita di posti di lavoro, quindi, ci penser\u00e0 l\u2019economia sommersa. Gli ultimi dati disponibili ci dicono che in Italia ci sono oltre 3,3 milioni di occupati in nero e il 38 per cento del totale \u00e8 presente nelle regioni del Sud. Questo esercito di \u201cinvisibili\u201d ogni giorno si presenta nei campi, nei cantieri, nelle fabbriche o nelle case degli italiani per prestare la propria attivit\u00e0 lavorativa. Pur essendo sconosciuti all\u2019Inps, all\u2019Inail e al fisco, gli effetti economici negativi che producono questi soggetti sono molto preoccupanti. Essi, infatti, \u201cgenerano\u201d 78,7 miliardi di euro di valore aggiunto sommerso.<\/p>\n<p><strong>Nuovo Governo: le cose da fare nei primi 100 giorni<\/strong><br \/>\nL\u2019Ufficio studi della CGIA, infine, auspica che a breve il Paese torni ad avere un Governo, perch\u00e9 le emergenze da affrontare sono numerosissime. Nei primi 100 giorni, ad esempio, il nuovo Esecutivo dovr\u00e0 affrontare almeno 3 grandi questioni. In primo luogo sar\u00e0 necessario riorganizzare il piano vaccinale, rendendolo pi\u00f9 efficace ed efficiente, affinch\u00e9 possiamo raggiungere quanto prima l\u2019immunit\u00e0 di gregge, lasciandoci cos\u00ec alle spalle le limitazioni alla mobilit\u00e0 e i lockdown subiti in questo ultimo anno. In secondo luogo bisogner\u00e0 introdurre delle misure a sostegno di coloro che con lo sblocco dei licenziamenti, previsto a partire dal prossimo 1 aprile, perderanno il lavoro. Infine, entro il 30 aprile, dovremo presentare all\u2019UE il Recovery plan. Un piano da oltre 210 miliardi di euro che in maniera dettagliata dovr\u00e0 indicare gli interventi necessari da realizzare nei prossimi anni per dare un futuro al nostro Paese.<\/p>\n<p>&nbsp;<\/p>\n\n\t\t\t<style type='text\/css'>\n\t\t\t\t#gallery-8 {\n\t\t\t\t\tmargin: auto;\n\t\t\t\t}\n\t\t\t\t#gallery-8 .gallery-item {\n\t\t\t\t\tfloat: left;\n\t\t\t\t\tmargin-top: 10px;\n\t\t\t\t\ttext-align: center;\n\t\t\t\t\twidth: 25%;\n\t\t\t\t}\n\t\t\t\t#gallery-8 img {\n\t\t\t\t\tborder: 2px solid #cfcfcf;\n\t\t\t\t}\n\t\t\t\t#gallery-8 .gallery-caption {\n\t\t\t\t\tmargin-left: 0;\n\t\t\t\t}\n\t\t\t\t\/* see gallery_shortcode() in wp-includes\/media.php *\/\n\t\t\t<\/style>\n\t\t<div id='gallery-8' class='dt-gallery-container gallery galleryid-189447 gallery-columns-4 gallery-size-thumbnail'><dl class='gallery-item'>\n\t\t\t\t<dt class='gallery-icon landscape'>\n\t\t\t\t\t<a class=\"rollover rollover-zoom dt-pswp-item\" title=\"Schermata 2021-02-06 alle 18.18.04\" data-dt-img-description=\"\" data-large_image_width=\"1164\" data-large_image_height=\"552\"href='https:\/\/www.radiopiu.net\/wordpress\/wp-content\/uploads\/2021\/02\/Schermata-2021-02-06-alle-18.18.04.png'><img loading=\"lazy\" decoding=\"async\" width=\"150\" height=\"150\" src=\"https:\/\/www.radiopiu.net\/wordpress\/wp-content\/uploads\/2021\/02\/Schermata-2021-02-06-alle-18.18.04-150x150.png\" class=\"attachment-thumbnail size-thumbnail\" alt=\"\" \/><\/a>\n\t\t\t\t<\/dt><\/dl><dl class='gallery-item'>\n\t\t\t\t<dt class='gallery-icon landscape'>\n\t\t\t\t\t<a class=\"rollover rollover-zoom dt-pswp-item\" title=\"Schermata 2021-02-06 alle 18.17.43\" data-dt-img-description=\"\" data-large_image_width=\"1276\" data-large_image_height=\"640\"href='https:\/\/www.radiopiu.net\/wordpress\/wp-content\/uploads\/2021\/02\/Schermata-2021-02-06-alle-18.17.43.png'><img loading=\"lazy\" decoding=\"async\" width=\"150\" height=\"150\" src=\"https:\/\/www.radiopiu.net\/wordpress\/wp-content\/uploads\/2021\/02\/Schermata-2021-02-06-alle-18.17.43-150x150.png\" class=\"attachment-thumbnail size-thumbnail\" alt=\"\" \/><\/a>\n\t\t\t\t<\/dt><\/dl><dl class='gallery-item'>\n\t\t\t\t<dt class='gallery-icon landscape'>\n\t\t\t\t\t<a class=\"rollover rollover-zoom dt-pswp-item\" title=\"Schermata 2021-02-06 alle 18.17.19\" data-dt-img-description=\"\" data-large_image_width=\"1276\" data-large_image_height=\"552\"href='https:\/\/www.radiopiu.net\/wordpress\/wp-content\/uploads\/2021\/02\/Schermata-2021-02-06-alle-18.17.19.png'><img loading=\"lazy\" decoding=\"async\" width=\"150\" height=\"150\" src=\"https:\/\/www.radiopiu.net\/wordpress\/wp-content\/uploads\/2021\/02\/Schermata-2021-02-06-alle-18.17.19-150x150.png\" class=\"attachment-thumbnail size-thumbnail\" alt=\"\" \/><\/a>\n\t\t\t\t<\/dt><\/dl><dl class='gallery-item'>\n\t\t\t\t<dt class='gallery-icon landscape'>\n\t\t\t\t\t<a class=\"rollover rollover-zoom dt-pswp-item\" title=\"Schermata 2021-02-06 alle 18.17.03\" data-dt-img-description=\"\" data-large_image_width=\"1276\" data-large_image_height=\"644\"href='https:\/\/www.radiopiu.net\/wordpress\/wp-content\/uploads\/2021\/02\/Schermata-2021-02-06-alle-18.17.03.png'><img loading=\"lazy\" decoding=\"async\" width=\"150\" height=\"150\" src=\"https:\/\/www.radiopiu.net\/wordpress\/wp-content\/uploads\/2021\/02\/Schermata-2021-02-06-alle-18.17.03-150x150.png\" class=\"attachment-thumbnail size-thumbnail\" alt=\"\" \/><\/a>\n\t\t\t\t<\/dt><\/dl><br style=\"clear: both\" \/>\n\t\t\t<\/div>\n\n<p>&nbsp;<\/p>\n<hr \/>\n<p>&nbsp;<\/p>\n<blockquote>\n<h3>IL COMUNE DI PEDAVENA APRE UN BANDO PER UN OPERAIO SPECIALIZZATO<\/h3>\n<\/blockquote>\n<p><strong>PEDAVENA <\/strong>E\u0300 indetto un concorso pubblico per soli esami per l&#8217;assunzione a tempo indeterminato e pieno di un operaio specializzato &#8211; elettricista Cat. B3 presso l\u2019Area Tecnica del Comune di Pedavena (BL). Le domande di partecipazione dovranno pervenire all&#8217;ufficio protocollo dell&#8217;Unione Montana Feltrina secondo le modalita\u0300 e i termini indicati nel bando. Le modalita\u0300&#8217; di partecipazione, i requisiti ed il fac-simile della domanda di partecipazione sono disponibili presso l\u2019ufficio del personale dell&#8217;Unione Montana Feltrina in via C. Rizzarda, 21 a Feltre (BL) (tel 0439.310259) e sul sito istituzionale dell&#8217;ente all&#8217;indirizzo: http:\/\/www.feltrino.bl.it\/web\/cmfeltrina nella sezione \u201cBandi di Concorso\u201d. Termine di scadenza per la presentazione delle domande alle 12 del 18\/03\/2021.<\/p>\n<p>&nbsp;<\/p>\n<p>&nbsp;<\/p>\n<hr \/>\n<p>&nbsp;<\/p>\n<blockquote>\n<h3>L&#8217;UNIONE MONTANA FELTRINA CERCA UN RESPONSABILE URBANISTICA\/EDILIZIA PRIVATA<\/h3>\n<\/blockquote>\n<p><strong>FELTRE<\/strong> E\u0300 indetta una selezione pubblica per l&#8217;individuazione di una unita\u0300 di personale cui conferire l&#8217;incarico di Istruttore Direttivo \u2013 categoria giuridica D pos. econ. D1 a tempo determinato, con attribuzione della responsabilita\u0300 del Servizio Associato Urbanistica\/Edilizia Privata, previsto in dotazione organica. Le domande di partecipazione dovranno pervenire all&#8217;ufficio protocollo dell&#8217;Unione Montana Feltrina secondo le modalita\u0300 e i termini indicati nel bando. Le modalita\u0300&#8217; di partecipazione, i requisiti ed il fac-simile della domanda di partecipazione sono disponibili presso l\u2019ufficio del personale dell&#8217;Unione Montana Feltrina in via C. Rizzarda, 21 a Feltre (BL) (tel 0439.310259) e sul sito istituzionale dell&#8217;ente all&#8217;indirizzo: http:\/\/www.feltrino.bl.it\/web\/cmfeltrina nella sezione \u201cBandi di Concorso\u201d. Termine di scadenza per la presentazione delle domande alle 12 del 5\/03\/2021.<\/p>\n<p>&nbsp;<\/p>\n<hr \/>\n<blockquote>\n<h3>NUOVI ORARI CALL CENTER COVID DAL 1\u00b0 FEBBRAIO 2021<\/h3>\n<\/blockquote>\n<p><strong><a href=\"https:\/\/www.radiopiu.net\/wordpress\/giornale-radiopiu-26-gennaio-2021-direttore-mirko-mezzacasa\/numero-covid_febbraio-2021\/\" rel=\"attachment wp-att-186852\"><img loading=\"lazy\" decoding=\"async\" class=\"wp-image-186852 alignleft\" src=\"https:\/\/www.radiopiu.net\/wordpress\/wp-content\/uploads\/2021\/01\/numero-covid_febbraio-2021-300x212.jpg\" alt=\"\" width=\"202\" height=\"143\" srcset=\"https:\/\/www.radiopiu.net\/wordpress\/wp-content\/uploads\/2021\/01\/numero-covid_febbraio-2021-300x212.jpg 300w, https:\/\/www.radiopiu.net\/wordpress\/wp-content\/uploads\/2021\/01\/numero-covid_febbraio-2021-1024x724.jpg 1024w, https:\/\/www.radiopiu.net\/wordpress\/wp-content\/uploads\/2021\/01\/numero-covid_febbraio-2021-768x543.jpg 768w, https:\/\/www.radiopiu.net\/wordpress\/wp-content\/uploads\/2021\/01\/numero-covid_febbraio-2021-1536x1086.jpg 1536w, https:\/\/www.radiopiu.net\/wordpress\/wp-content\/uploads\/2021\/01\/numero-covid_febbraio-2021.jpg 2000w\" sizes=\"auto, (max-width: 202px) 100vw, 202px\" \/><\/a> <\/strong><\/p>\n<p><strong>\u00a0<\/strong><\/p>\n<p><strong>BELLUNO <\/strong>L&#8217;importante rallentamento epidemico registrato nelle ultime settimane e la conseguente forte riduzione delle telefonate con richiesta di informazioni da parte dei cittadini, consentono di rimodulare giorni ed orari di attivit\u00e0 del CALL CENTER COVID Dal 1\u00b0 febbraio 2021 lo 0437\/514343 sar\u00e0 attivo dalle 8 alle 18 da luned\u00ec a sabato.<\/p>\n<p>&nbsp;<\/p>\n<p>&nbsp;<\/p>\n<p>&nbsp;<\/p>\n<hr \/>\n<p>&nbsp;<\/p>\n<blockquote>\n<h3>IL CAI DI AGORDO ANNUNCIA CHE RIPRENDONO LE ESCURSIONI<\/h3>\n<\/blockquote>\n<p><strong><a href=\"https:\/\/www.radiopiu.net\/wordpress\/giornale-radiopiu-07-aprile\/cai-agordo-2\/\" rel=\"attachment wp-att-127841\"><img loading=\"lazy\" decoding=\"async\" class=\"size-full wp-image-127841 alignleft\" src=\"https:\/\/www.radiopiu.net\/wordpress\/wp-content\/uploads\/2020\/04\/cai-agordo.jpg\" alt=\"\" width=\"297\" height=\"170\" \/><\/a>AGORDO\u00a0<\/strong>Riprenderanno nei prossimi giorni le escursioni del CAI di Agordo. &#8220;<em>Finalmente si possono riprendere le attivit\u00e0 sezionali secondo le direttive del CAI Centrale e delle varie Commissioni competenti &#8211; dicono dal CAI &#8211; Le prime due escursioni di questo nuovo anno sono purtroppo saltate ma siamo subito pronti per la terza (seppur con qualche modifica rispetto al programma), con lo spirito che ha sempre contraddistinto le nostre uscite anzi, con ancora maggiore entusiasmo e voglia di stare insieme per scacciare quel demone che da ormai un anno ci tiene in pugno. Ovviamente non bisogna sottrarsi alle prescrizioni sanitarie e usare il buon senso, per non vanificare i sacrifici fatti nei mesi scorsi per contenere la diffusione del virus e ringraziamo sin d&#8217;ora i partecipanti alle escursioni per la collaborazione che sapranno offrire per il benessere reciproco<\/em>&#8220;. Causa il divieto di spostarsi da Regione a Regione, La Commissione Escursionismo sezionale \u00e8 stata costretta a cambiare destinazione. Fortunatamente l&#8217;abbondante copertura nevosa consente una grande variet\u00e0 e numero di escursioni. Per domenica 14 febbraio, il Piz Croce \u00e8 stato scelto anche per evitare pericolosi assembramenti in luoghi pi\u00f9 famosi e frequentati. Un giro ad anello fra i boschi di abeti di San Tomaso Agordino, consentir\u00e0 di ripartire con poca fatica ma con grande soddisfazione e panorami grandiosi ed inusuali. L&#8217;escursione e classificata EAI Media.<\/p>\n<p><strong>DAL CORRIERE DELLE ALPI IL SERVIZIO DI GIANNI SANTOMASO<\/strong><\/p>\n<audio class=\"wp-audio-shortcode\" id=\"audio-189447-8\" preload=\"none\" style=\"width: 100%;\" controls=\"controls\"><source type=\"audio\/mpeg\" src=\"https:\/\/www.radiopiu.net\/wordpress\/wp-content\/uploads\/2021\/02\/gianni-cai-agordo.mp3?_=8\" \/><a href=\"https:\/\/www.radiopiu.net\/wordpress\/wp-content\/uploads\/2021\/02\/gianni-cai-agordo.mp3\">https:\/\/www.radiopiu.net\/wordpress\/wp-content\/uploads\/2021\/02\/gianni-cai-agordo.mp3<\/a><\/audio>\n<p>&nbsp;<\/p>\n<p><strong>IL MANIFESTO DELLA PRIMA ESCURSIONE DEL 2021<\/strong><\/p>\n<a href=\"https:\/\/www.radiopiu.net\/wordpress\/wp-content\/uploads\/2021\/02\/PIZ_CROCE_COLORE.pdf\" class=\"pdfemb-viewer\" style=\"\" data-width=\"max\" data-height=\"max\" data-toolbar=\"top\" data-toolbar-fixed=\"on\">PIZ_CROCE_COLORE<\/a>\n<p>&nbsp;<\/p>\n<p>&nbsp;<\/p>\n<hr \/>\n<p>&nbsp;<\/p>\n<blockquote>\n<h3>RIAPRE IL CIRCOLO AUSER COL BEL DI TISER<\/h3>\n<\/blockquote>\n<p><strong>GOSALDO<\/strong> Il Circolo Auser Col Bel di Tiser informa i soci che riaprir\u00e0 la sede tutti i giorni dalle ore 16,00 alle ore 18,00. Resta inteso che l&#8217;accesso dovr\u00e0 essere nel rispetto delle normative anti Covid-19: mascherina, gel mani e distanziamento<\/p>\n<p>&nbsp;<\/p>\n<p>&nbsp;<\/p>\n<hr \/>\n<p>&nbsp;<\/p>\n<blockquote>\n<h3>LE POESIE DI ALICE NELLE LIBRERIE BELLUNESI<\/h3>\n<\/blockquote>\n<p><strong>ALLEGHE<\/strong> Prima che arrivi la bella stagione, \u00e8 il titolo della nuova raccolta di poesie dell&#8217;alleghese Alice De Toni. Impossibile la presentazione in presenza, ma il libro gi\u00e0 si pu\u00f2 trovarlo a Belluno nelle librerie Campedel, Le Due Zitelle, Mondadori Bookstore e Tarantola; Feltre Agor\u00e0 e Pilotto; Rasai di Seren del Grappa libreria Quattro Sass, Alleghe in edicola. E&#8217; possibile acquistare il libro su sito della casa editrice www.edizionidbs.it<\/p>\n<p>&nbsp;<\/p>\n<hr \/>\n<p>&nbsp;<\/p>\n<blockquote>\n<h3>SI INTITOLA &#8220;LYRICA&#8221; IL NUOVO LIBRO DI POESIE DI ALESSANDRA SERVI<\/h3>\n<\/blockquote>\n<p><strong><a href=\"https:\/\/www.radiopiu.net\/wordpress\/giornale-radiopiu-31-gennaio-2021-direttore-mirko-mezzacasa\/lyrica\/\" rel=\"attachment wp-att-187997\"><img loading=\"lazy\" decoding=\"async\" class=\"wp-image-187997 alignleft\" src=\"https:\/\/www.radiopiu.net\/wordpress\/wp-content\/uploads\/2021\/01\/LYRICA-232x300.jpg\" alt=\"\" width=\"151\" height=\"196\" srcset=\"https:\/\/www.radiopiu.net\/wordpress\/wp-content\/uploads\/2021\/01\/LYRICA-232x300.jpg 232w, https:\/\/www.radiopiu.net\/wordpress\/wp-content\/uploads\/2021\/01\/LYRICA-792x1024.jpg 792w, https:\/\/www.radiopiu.net\/wordpress\/wp-content\/uploads\/2021\/01\/LYRICA-768x993.jpg 768w, https:\/\/www.radiopiu.net\/wordpress\/wp-content\/uploads\/2021\/01\/LYRICA.jpg 990w\" sizes=\"auto, (max-width: 151px) 100vw, 151px\" \/><\/a>BELLUNO <\/strong>&#8220;Alessandra Servi: la magia in ogni cosa&#8221;: \u00e8 cos\u00ec che il poeta Vito Santin ha voluto presentare, nella sua nota di prefazione, LYRICA, l&#8217;ultimo libro di Alessandra Servi, uscito appena prima di Natale. Dopo 5 anni dall&#8217;ultima pubblicazione, l&#8217;autrice ritorna con una raccolta intensa, nuda, un percorso stilistico ed emozionale, a scandire e scandagliare forza e fragilit\u00e0 dell&#8217;io pi\u00f9 intimo e profondo. Mantenendo la peculiarit\u00e0 propria della sua scrittura poetica, la Servi svela una trasformazione importante, facendosi voce pura di donna adulta. LYRICA \u00e8 &#8220;un poema d&#8217;amore&#8221; come l&#8217;ha definito il poeta Francesco Piemonte. Il volumetto, elegante ed essenziale nell&#8217;aspetto grafico curato da Federica Fant, \u00e8 in vendita presso le librerie di Belluno centro: Le due Zitelle, Libreria degli Eddini e Tarantola. Potete scrivere anche a <a href=\"mailto:alessandraservi@gmail.com\">alessandraservi@gmail.com<\/a>\u00a0per la spedizione fuori Belluno.<\/p>\n<p>&nbsp;<\/p>\n<p>&nbsp;<\/p>\n<hr \/>\n<p>&nbsp;<\/p>\n<blockquote>\n<h1>Training di Biodinamica Craniosacrale<\/h1>\n<\/blockquote>\n<p><em>Un profondo lavoro sul corpo e attraverso il corpo che si trasforma in un<\/em><em>viaggio alla scoperta di se stessi e delle proprie potenzialit\u00e0.\u00a0<\/em><\/p>\n<p><strong><a href=\"https:\/\/www.radiopiu.net\/wordpress\/covid-zaia-su-dati-europei-ecdc-non-realistici-perche-quelli-italiani-non-sono-uniformi-e-persino-ovvio-che-chi-fa-piu-tamponi-trova-piu-casi-ma-non-se\/pp-47\/\" rel=\"attachment wp-att-186942\"><img loading=\"lazy\" decoding=\"async\" class=\"wp-image-186942 alignleft\" src=\"https:\/\/www.radiopiu.net\/wordpress\/wp-content\/uploads\/2021\/01\/pp-2-300x300.jpg\" alt=\"\" width=\"174\" height=\"174\" srcset=\"https:\/\/www.radiopiu.net\/wordpress\/wp-content\/uploads\/2021\/01\/pp-2-300x300.jpg 300w, https:\/\/www.radiopiu.net\/wordpress\/wp-content\/uploads\/2021\/01\/pp-2-150x150.jpg 150w, https:\/\/www.radiopiu.net\/wordpress\/wp-content\/uploads\/2021\/01\/pp-2.jpg 640w\" sizes=\"auto, (max-width: 174px) 100vw, 174px\" \/><\/a>BELLUNO<\/strong> L&#8217;associazione culturale MU APS arriva a Belluno per presentare una tecnica manuale delicata e profonda che sostiene e stimola la capacit\u00e0 di autoguarigione nel corpo. Fa parte delle Discipline del Benessere e Bionaturali, e pu\u00f2 essere intrapreso sia come percorso professionale, sia come percorso di crescita personale. <strong>Per info, sessioni di prova e prenotazioni:Brunella Moro <span style=\"color: #0000ff;\">info@esteticaglamour.it<\/span> 347\/7742512 ISCRIZIONI ENTRO IL 15 MARZO SCONTO 10%\u00a0<\/strong><\/p>\n<p><span style=\"color: #ff0000;\">AUDIO BRUNELLA MORO<\/span><\/p>\n<audio class=\"wp-audio-shortcode\" id=\"audio-189447-9\" preload=\"none\" style=\"width: 100%;\" controls=\"controls\"><source type=\"audio\/mpeg\" src=\"https:\/\/www.radiopiu.net\/wordpress\/wp-content\/uploads\/2021\/01\/brunella.mp3?_=9\" \/><a href=\"https:\/\/www.radiopiu.net\/wordpress\/wp-content\/uploads\/2021\/01\/brunella.mp3\">https:\/\/www.radiopiu.net\/wordpress\/wp-content\/uploads\/2021\/01\/brunella.mp3<\/a><\/audio>\n<p>&nbsp;<\/p>\n<hr \/>\n<p>&nbsp;<\/p>\n<blockquote>\n<h3>LA SCUOLA SCI EQUIPE DI FALCADE SI PREPARA PER LA RIAPERTURA DEGLI IMPIANTI ORGANIZZANDO CORSI PER I GIOVANI<\/h3>\n<\/blockquote>\n<p><strong>FALCADE<\/strong> La Scuola Sci Equipe di Falcade sta aspettando con ansia la riapertura degli impianti sciistici e mette le mani avanti organizzando delle settimane bianche per le famiglie nel mese di marzo. Per ragioni di sicurezza legate alla diffusione della pandemia Covid-19 la data di apertura della skiarea \u00e8 posticipata, almeno fino al 15 febbraio. Nel frattempo\u00a0 i programmi delle settimane bianche dedicate alle famiglie e ai bambini. REBELS KIDS WEEK \u00a0dal 1 al 6 marzo e WEEK 4 KIDS dal 14 al 20 marzo. Sono previste interessanti scontistiche per l\u2019 acquisto dello skipass e per l\u2019alloggio presso le strutture aderenti.<\/p>\n<p>&nbsp;<\/p>\n<p>&nbsp;<\/p>\n<hr \/>\n<p>&nbsp;<\/p>\n<blockquote>\n<h3>LA GIORNATA DEL RICORDO IN UN EVENTO MUSICALE<\/h3>\n<\/blockquote>\n<p><a href=\"https:\/\/www.radiopiu.net\/wordpress\/giornale-radiopiu-04-febbraio-2021-direttore-mirko-mezzacasa\/giornata-del-ricordo-2021\/\" rel=\"attachment wp-att-188783\"><img loading=\"lazy\" decoding=\"async\" class=\" wp-image-188783 alignleft\" src=\"https:\/\/www.radiopiu.net\/wordpress\/wp-content\/uploads\/2021\/02\/Giornata-del-ricordo-2021-212x300.jpg\" alt=\"\" width=\"77\" height=\"109\" srcset=\"https:\/\/www.radiopiu.net\/wordpress\/wp-content\/uploads\/2021\/02\/Giornata-del-ricordo-2021-212x300.jpg 212w, https:\/\/www.radiopiu.net\/wordpress\/wp-content\/uploads\/2021\/02\/Giornata-del-ricordo-2021-724x1024.jpg 724w, https:\/\/www.radiopiu.net\/wordpress\/wp-content\/uploads\/2021\/02\/Giornata-del-ricordo-2021-768x1086.jpg 768w, https:\/\/www.radiopiu.net\/wordpress\/wp-content\/uploads\/2021\/02\/Giornata-del-ricordo-2021-1086x1536.jpg 1086w, https:\/\/www.radiopiu.net\/wordpress\/wp-content\/uploads\/2021\/02\/Giornata-del-ricordo-2021.jpg 1240w\" sizes=\"auto, (max-width: 77px) 100vw, 77px\" \/><\/a><strong>LIMANA<\/strong> Il Comune di Limana, Assessorato alla Cultura, presenta &#8220;Mili muoi, l&#8217;esodo dei miei&#8221;, spettacolo teatrale in forma di monologo con pianoforte, organo Ekatron e toy piano, di e con Carlo Colombo, musicista autore e pianista trevigiano. Un racconto molto personale quello che Carlo Colombo, figlio di profughi giuliano-dalmati, ha deciso di portare in scena, ricostruendo, attraverso l&#8217;esperienza diretta dei suoi parenti, le storie che racconter\u00e0 al pubblico. Storie di fughe via mare e via terra, narrate anche cantando canzoni d&#8217;epoca e canzoni originali scritte appositamente per questo spettacolo.\u00a0\u00a0L&#8217;evento sar\u00e0 trasmesso in diretta streaming sulla piattaforma YouTube alle ore 21.00 di mercoled\u00ec 10 febbraio. Gli utenti interessati a partecipare all&#8217;evento dalle proprie postazioni dovranno farne richiesta alla Biblioteca di Limana, via telefono o direttamente a questo indirizzo di posta elettronica, e solo allora riceveranno il link per assistere allo spettacolo.<\/p>\n<p>&nbsp;<\/p>\n<p>&nbsp;<\/p>\n<hr \/>\n<p>&nbsp;<\/p>\n<blockquote>\n<h3>PR RANCH, RIPRENDE LA GINNASTICA ARTISTICA<\/h3>\n<\/blockquote>\n<p><strong>AGORDO<\/strong> Riprenderanno marted\u00ec 9 febbraio al PalaRova di Agordo i corsi di ginnastica artistica. L&#8217;appuntamento \u00e8 dalle 16:30 alle 18:30. Per informazioni contattare Donatella al 348 4352362.<\/p>\n<p>&nbsp;<\/p>\n<p>&nbsp;<\/p>\n<hr \/>\n<p>&nbsp;<\/p>\n<blockquote>\n<h3>LA PROVINCIA DI BELLUNO CHIEDEVA L&#8217;AUTONOMIA GIA&#8217; NEL 1979<\/h3>\n<\/blockquote>\n<p><strong>RADIO PIU&#8217; <\/strong>Ogni tanto, quando si fa pulizia in casa, tornano in mano delle vecchie foto, ricordi di famiglia ma anche dei vecchi giornali. E proprio da questi vecchi giornali si viene a scoprire che gi\u00e0 nel 1979 la provincia di Belluno chiedeva l&#8217;autonomia. L&#8217;articolo, a firma di Alberto Curti,\u00a0 \u00e8 tratto dal giornale mensile &#8220;Quattro Pagine Agordine&#8221; che all&#8217;epoca era la testata concorrente al &#8220;Si O No Degli Agordini&#8221;.<\/p>\n<p><a href=\"https:\/\/www.radiopiu.net\/wordpress\/la-provincia-di-belluno-chiedeva-lautonomia-gia-nel-1979\/quattro-pagine-agordine\/\" rel=\"attachment wp-att-189556\"><img loading=\"lazy\" decoding=\"async\" class=\"alignnone wp-image-189556 size-large\" src=\"https:\/\/www.radiopiu.net\/wordpress\/wp-content\/uploads\/2021\/02\/quattro-pagine-agordine-1024x202.png\" alt=\"\" width=\"1024\" height=\"202\" srcset=\"https:\/\/www.radiopiu.net\/wordpress\/wp-content\/uploads\/2021\/02\/quattro-pagine-agordine-1024x202.png 1024w, https:\/\/www.radiopiu.net\/wordpress\/wp-content\/uploads\/2021\/02\/quattro-pagine-agordine-300x59.png 300w, https:\/\/www.radiopiu.net\/wordpress\/wp-content\/uploads\/2021\/02\/quattro-pagine-agordine-768x151.png 768w, https:\/\/www.radiopiu.net\/wordpress\/wp-content\/uploads\/2021\/02\/quattro-pagine-agordine-1536x303.png 1536w, https:\/\/www.radiopiu.net\/wordpress\/wp-content\/uploads\/2021\/02\/quattro-pagine-agordine.png 1603w\" sizes=\"auto, (max-width: 1024px) 100vw, 1024px\" \/><\/a><\/p>\n\n\t\t\t<style type='text\/css'>\n\t\t\t\t#gallery-9 {\n\t\t\t\t\tmargin: auto;\n\t\t\t\t}\n\t\t\t\t#gallery-9 .gallery-item {\n\t\t\t\t\tfloat: left;\n\t\t\t\t\tmargin-top: 10px;\n\t\t\t\t\ttext-align: center;\n\t\t\t\t\twidth: 50%;\n\t\t\t\t}\n\t\t\t\t#gallery-9 img {\n\t\t\t\t\tborder: 2px solid #cfcfcf;\n\t\t\t\t}\n\t\t\t\t#gallery-9 .gallery-caption {\n\t\t\t\t\tmargin-left: 0;\n\t\t\t\t}\n\t\t\t\t\/* see gallery_shortcode() in wp-includes\/media.php *\/\n\t\t\t<\/style>\n\t\t<div id='gallery-9' class='dt-gallery-container gallery galleryid-189447 gallery-columns-2 gallery-size-medium'><dl class='gallery-item'>\n\t\t\t\t<dt class='gallery-icon portrait'>\n\t\t\t\t\t<a class=\"rollover rollover-zoom dt-pswp-item\" title=\"autonomia belluno 1979\" data-dt-img-description=\"\" data-large_image_width=\"1091\" data-large_image_height=\"1315\"href='https:\/\/www.radiopiu.net\/wordpress\/wp-content\/uploads\/2021\/02\/autonomia-belluno-1979.png'><img loading=\"lazy\" decoding=\"async\" width=\"249\" height=\"300\" src=\"https:\/\/www.radiopiu.net\/wordpress\/wp-content\/uploads\/2021\/02\/autonomia-belluno-1979-249x300.png\" class=\"attachment-medium size-medium\" alt=\"\" srcset=\"https:\/\/www.radiopiu.net\/wordpress\/wp-content\/uploads\/2021\/02\/autonomia-belluno-1979-249x300.png 249w, https:\/\/www.radiopiu.net\/wordpress\/wp-content\/uploads\/2021\/02\/autonomia-belluno-1979-850x1024.png 850w, https:\/\/www.radiopiu.net\/wordpress\/wp-content\/uploads\/2021\/02\/autonomia-belluno-1979-768x926.png 768w, https:\/\/www.radiopiu.net\/wordpress\/wp-content\/uploads\/2021\/02\/autonomia-belluno-1979.png 1091w\" sizes=\"auto, (max-width: 249px) 100vw, 249px\" \/><\/a>\n\t\t\t\t<\/dt><\/dl><dl class='gallery-item'>\n\t\t\t\t<dt class='gallery-icon portrait'>\n\t\t\t\t\t<a class=\"rollover rollover-zoom dt-pswp-item\" title=\"autonomia belluno 1979 - 2\" data-dt-img-description=\"\" data-large_image_width=\"546\" data-large_image_height=\"630\"href='https:\/\/www.radiopiu.net\/wordpress\/wp-content\/uploads\/2021\/02\/autonomia-belluno-1979-2.png'><img loading=\"lazy\" decoding=\"async\" width=\"260\" height=\"300\" src=\"https:\/\/www.radiopiu.net\/wordpress\/wp-content\/uploads\/2021\/02\/autonomia-belluno-1979-2-260x300.png\" class=\"attachment-medium size-medium\" alt=\"\" srcset=\"https:\/\/www.radiopiu.net\/wordpress\/wp-content\/uploads\/2021\/02\/autonomia-belluno-1979-2-260x300.png 260w, https:\/\/www.radiopiu.net\/wordpress\/wp-content\/uploads\/2021\/02\/autonomia-belluno-1979-2.png 546w\" sizes=\"auto, (max-width: 260px) 100vw, 260px\" \/><\/a>\n\t\t\t\t<\/dt><\/dl><br style=\"clear: both\" \/>\n\t\t\t<\/div>\n\n<p>&nbsp;<\/p>\n<hr \/>\n<p>&nbsp;<\/p>\n<blockquote>\n<h3>A SETTEMBRE COMPLEANNO NUMERO 129 PER Il RIFUGIO VENEZIA SUL MONTE PELMO di RENATO BONA<\/h3>\n<\/blockquote>\n<p>Bellunese d\u2019adozione e per discendenza materna, il prof. Giovanni Angelini, professionista di primissimo piano in campo medico e, fra l\u2019altro, grande appassionato della montagna (\u00e8 mancato il 16 maggio 1990 all\u2019et\u00e0 di 85 anni) \u00e8 stato autore, come abbiamo gi\u00e0 avuto modo di ricordare, del libro \u201cPelmo d\u2019altri tempi\u201d edito nell\u2019ottobre 1987 da Nuovi Sentieri di Bepi Pellegrinon (altro notevole conoscitore di cose di montagna e non solo), per i tipi della bolognese Arti grafiche Tamari e con storiche immagini riprodotte dal fotografo bellunese De Santi. Sul capitolo \u201cRifugio \u2018Venezia\u2019 inaugurato nel 1892\u201d ci soffermiamo per rammentare, con parole dello stesso Angelini, che: \u201cIn Ampezzo gi\u00e0 erano sorti tre rifugi di montagna: Rifugio Nuvolao (Nuvol\u00f3u: costruito a spese del barone R. de Meerheimb di Dresda, per riconoscenza di riacquistata salute, nel 1883, poi \u2018Sachsendankb\u00fctte\u2019), Rifugio Tofana alla Forcella di Fontana Negra (1886), Rifugio Sorapis (Sorapiss: nel 1890; \u2018Pfalzgau\u2019)\u201d. Sulle Dolomiti allora italiane, il primo rifugio fu quello progettato dalla Sezione di Venezia del Cai fondata da poco, nel 1890 ma che \u201cdimostr\u00f2 una saggia intraprendenza nel compiere nuove opere alpine: in tre lustri port\u00f2 a termine 4 rifugi sulle Dolomiti\u201d. Citando la \u201cRivista Mensile\u201d del novembre 1891, Angelini richiamava quanto comunicato dalla direzione nazionale: \u201cRifugio al Pelmo. La direzione della sezione di Venezia ha deliberato di sottoporre alla prossima assemblea dei soci un progetto per la costruzione di una capanna alla base delle roccie del Pelmo, e precisamente presso il limite fra i Campi di Najeron e quelli di Rutorto, fra la vallata del Ma\u00e8 e quella del Boite. Il Pelmo (3168 m.), che per altezza \u00e8 una delle pi\u00f9 cospicue vette nelle Alpi Bellunesi, non ha rivali per la maestosa imponenza delle sue roccie, per la bellezza del panorama che si gode dalla sua cima, per l\u2019amenit\u00e0 delle vie d\u2019accesso\u2026 La capanna verrebbe costruita a circa 2100 metri di altitudine, ad una distanza presso a poco uguale da San Vito, da Borca e da Forno di Zoldo, ed a circa 4 ore dalla sommit\u00e0. La Direzione si ripromette di vederla ultimata entro la stagione alpina 1892\u201d. E cos\u00ec fu. Opportunamente Giovanni Angelini ricordava che: \u201c\u2026Fu chiesto anche consiglio &#8211; per quel che si sa \u2013 alla Sezione di Belluno, costituitasi nel 1891, la quale fu subito molto impegnata nel preparare il successivo Congresso degli alpini italiani nel 1893\u201d evidenziando poi che \u201cLa Sezione di Venezia fu alacre nel predisporre i mezzi ma fu molto fortunata nell\u2019affidare la costruzione del primo rifugio &#8211; e poi dei successivi &#8211; a una impresa particolarmente montanara: la Pasqualin e Vienna, con sede a Venezia (allora a Santa Marta, poi in Calle dei Guardiani), fondata da Adriano Pasqualin (1846-1931) di Zoldo, fratellastro della guida Rinaldo Pasqualin, fattosi dal nulla e poi cavaliere del lavoro, e da Paolo Vienna (nato a Termine di Cadore nel 1843, morto a Venezia nel 1922) suo cognato, entrambi montanari e cacciatori di camosci. L\u2019impresa raggiunse una grande floridezza nei primi decenni di questo secolo ed ebbe grande importanza anche nella Val di Zoldo, per il reclutamento di mano d\u2019opera specializzata in carpenteria per grandi opere E siamo al 20 giugno 1892 quando la Pasqualin e Vienna presentava la sua offerta per la realizzazione del rifugio alla base del Pelmo (cucina e camera da pranzo al pianoterra, due camere da 6 e 4 letti, soffitta con finestra per le guide alpine e in caso di bisogno per i viaggiatori; una piccola fontana a pochi metri che fornisce \u201cacqua eccellente\u201d); \u00e8 datata 23 giugno l\u2019accettazione dell\u2019offerta da parte del Cai veneziano. L\u201911 settembre di quello stesso anno la cerimonia inaugurale del rifugio! La \u201cRivista Mensile\u201d dello stesso mese ospitava un servizio siglato F.V. presumibilmente l\u2019autore era Feliciano Vinanti, fondatore e primo presidente della Sezione Cai bellunese. Angelini ne cita alcuni passi: \u201c\u2026 alle 5,30, il tempo non poteva essere pi\u00f9 bello, la comitiva s\u2019incammin\u00f2 alla volta del rifugio dove giunse dopo circa 3 ore e mezza, passate quasi senza accorgersi perch\u00e9 la magnificenza dei paesaggi che si godevano lungo il tragitto, e le grandi discussioni alpinistiche sulla salita del Pelmo, che si presentava imponente, assorbivano tutta l\u2019attenzione, n\u00e9 restava tempo a nessuno di badare alla fatica dell\u2019ascesa che si andava compiendo\u2026 Ad ogni momento si vedeva spuntare sulle alture circostanti nuova gente che saliva o da Zoldo o dalla parte di Oltrechiusa. Erano anche le rappresentanze comunali e sociali dei dintorni colle loro bandiere, che veniva ad accrescere la solennit\u00e0 della festa. Alle 10 erano oltre 400 persone riunite lass\u00f9\u2026 Don Natale Talamini diede la benedizione\u2026 quindi la gentile signorina Olga Zecchini, scelta a madrina, spezz\u00f2 la tradizionale bottiglia di champagne in mezzo agli evviva frenetici e al suono della Marcia reale. Il maestro di Zopp\u00e8 fece cantare dalla numerosissima scolaresca condotta lass\u00f9, un inno scritto per l\u2019occasione, e il dottore M\u00fcller salut\u00f2 in nome di Zoldo gli alpinisti, inneggi\u00f2 al fausto avvenimento, e termin\u00f2 col portare anche i saluti degli Alpinisti Triestini, sollevando una salva di urr\u00e0. La brava e instancabile banda di Zoldo suon\u00f2 dopo una marcia scritta appositamente anche questa per la circostanza e dedicata alla Sezione di Venezia\u201d. Poi parlarono: il conte Tiepolo, Guido Fusinato, Feliciano Vinanti, Giuseppe D\u2019Anna, Edoardo Coletti, il dott. Vicentini. In conclusione, l\u2019autore di \u201cPelmo d\u2019altri tempi\u201d citando ancora Vinanti, ricordava che questi aveva scritto in chiusura del suo servizio: \u201cQuanto al Pelmo, \u00e8 nostro debito rilevare che lo stesso giorno11, mentre noi si stava inaugurando la capanna, la pi\u00f9 valorosa delle alpiniste della nostre regione, la gentilissima signorina Irene Pagani di Colle Umberto (socia della Sezione di Agordo) inaugurava, felicissimo auspicio, la serie delle ascensioni dalla capanna medesima, in cui aveva passata la notte dal 10 all\u201911. Con l\u2019usato valore essa super\u00f2 le maggiori difficolt\u00e0 che presentava la quantit\u00e0 di neve caduta il giorno innanzi\u2026\u201d.<\/p>\n\n\t\t\t<style type='text\/css'>\n\t\t\t\t#gallery-10 {\n\t\t\t\t\tmargin: auto;\n\t\t\t\t}\n\t\t\t\t#gallery-10 .gallery-item {\n\t\t\t\t\tfloat: left;\n\t\t\t\t\tmargin-top: 10px;\n\t\t\t\t\ttext-align: center;\n\t\t\t\t\twidth: 33%;\n\t\t\t\t}\n\t\t\t\t#gallery-10 img {\n\t\t\t\t\tborder: 2px solid #cfcfcf;\n\t\t\t\t}\n\t\t\t\t#gallery-10 .gallery-caption {\n\t\t\t\t\tmargin-left: 0;\n\t\t\t\t}\n\t\t\t\t\/* see gallery_shortcode() in wp-includes\/media.php *\/\n\t\t\t<\/style>\n\t\t<div id='gallery-10' class='dt-gallery-container gallery galleryid-189447 gallery-columns-3 gallery-size-thumbnail'><dl class='gallery-item'>\n\t\t\t\t<dt class='gallery-icon landscape'>\n\t\t\t\t\t<a class=\"rollover rollover-zoom dt-pswp-item\" title=\"147671284_414434469848414_3700122625461813903_n\" data-dt-img-description=\"\" data-large_image_width=\"960\" data-large_image_height=\"638\"href='https:\/\/www.radiopiu.net\/wordpress\/wp-content\/uploads\/2021\/02\/147671284_414434469848414_3700122625461813903_n.jpg'><img loading=\"lazy\" decoding=\"async\" width=\"150\" height=\"150\" src=\"https:\/\/www.radiopiu.net\/wordpress\/wp-content\/uploads\/2021\/02\/147671284_414434469848414_3700122625461813903_n-150x150.jpg\" class=\"attachment-thumbnail size-thumbnail\" alt=\"\" \/><\/a>\n\t\t\t\t<\/dt><\/dl><dl class='gallery-item'>\n\t\t\t\t<dt class='gallery-icon landscape'>\n\t\t\t\t\t<a class=\"rollover rollover-zoom dt-pswp-item\" title=\"145735551_872855380169607_8380731016596311707_n\" data-dt-img-description=\"\" data-large_image_width=\"2560\" data-large_image_height=\"1619\"href='https:\/\/www.radiopiu.net\/wordpress\/wp-content\/uploads\/2021\/02\/145735551_872855380169607_8380731016596311707_n-scaled.jpg'><img loading=\"lazy\" decoding=\"async\" width=\"150\" height=\"150\" src=\"https:\/\/www.radiopiu.net\/wordpress\/wp-content\/uploads\/2021\/02\/145735551_872855380169607_8380731016596311707_n-150x150.jpg\" class=\"attachment-thumbnail size-thumbnail\" alt=\"\" \/><\/a>\n\t\t\t\t<\/dt><\/dl><dl class='gallery-item'>\n\t\t\t\t<dt class='gallery-icon landscape'>\n\t\t\t\t\t<a class=\"rollover rollover-zoom dt-pswp-item\" title=\"147733429_143024127661791_5047144474326867133_n\" data-dt-img-description=\"\" data-large_image_width=\"2560\" data-large_image_height=\"1661\"href='https:\/\/www.radiopiu.net\/wordpress\/wp-content\/uploads\/2021\/02\/147733429_143024127661791_5047144474326867133_n-scaled.jpg'><img loading=\"lazy\" decoding=\"async\" width=\"150\" height=\"150\" src=\"https:\/\/www.radiopiu.net\/wordpress\/wp-content\/uploads\/2021\/02\/147733429_143024127661791_5047144474326867133_n-150x150.jpg\" class=\"attachment-thumbnail size-thumbnail\" alt=\"\" \/><\/a>\n\t\t\t\t<\/dt><\/dl><br style=\"clear: both\" \/><dl class='gallery-item'>\n\t\t\t\t<dt class='gallery-icon landscape'>\n\t\t\t\t\t<a class=\"rollover rollover-zoom dt-pswp-item\" title=\"148171205_326776428723300_8726736226625726380_n\" data-dt-img-description=\"\" data-large_image_width=\"2560\" data-large_image_height=\"1799\"href='https:\/\/www.radiopiu.net\/wordpress\/wp-content\/uploads\/2021\/02\/148171205_326776428723300_8726736226625726380_n-scaled.jpg'><img loading=\"lazy\" decoding=\"async\" width=\"150\" height=\"150\" src=\"https:\/\/www.radiopiu.net\/wordpress\/wp-content\/uploads\/2021\/02\/148171205_326776428723300_8726736226625726380_n-150x150.jpg\" class=\"attachment-thumbnail size-thumbnail\" alt=\"\" \/><\/a>\n\t\t\t\t<\/dt><\/dl><dl class='gallery-item'>\n\t\t\t\t<dt class='gallery-icon landscape'>\n\t\t\t\t\t<a class=\"rollover rollover-zoom dt-pswp-item\" title=\"147364151_415254129535057_8935404275070352081_n\" data-dt-img-description=\"\" data-large_image_width=\"2560\" data-large_image_height=\"1811\"href='https:\/\/www.radiopiu.net\/wordpress\/wp-content\/uploads\/2021\/02\/147364151_415254129535057_8935404275070352081_n-scaled.jpg'><img loading=\"lazy\" decoding=\"async\" width=\"150\" height=\"150\" src=\"https:\/\/www.radiopiu.net\/wordpress\/wp-content\/uploads\/2021\/02\/147364151_415254129535057_8935404275070352081_n-150x150.jpg\" class=\"attachment-thumbnail size-thumbnail\" alt=\"\" \/><\/a>\n\t\t\t\t<\/dt><\/dl><dl class='gallery-item'>\n\t\t\t\t<dt class='gallery-icon landscape'>\n\t\t\t\t\t<a class=\"rollover rollover-zoom dt-pswp-item\" title=\"147589820_494551461529895_7161558218045322260_n\" data-dt-img-description=\"\" data-large_image_width=\"2560\" data-large_image_height=\"1725\"href='https:\/\/www.radiopiu.net\/wordpress\/wp-content\/uploads\/2021\/02\/147589820_494551461529895_7161558218045322260_n-scaled.jpg'><img loading=\"lazy\" decoding=\"async\" width=\"150\" height=\"150\" src=\"https:\/\/www.radiopiu.net\/wordpress\/wp-content\/uploads\/2021\/02\/147589820_494551461529895_7161558218045322260_n-150x150.jpg\" class=\"attachment-thumbnail size-thumbnail\" alt=\"\" \/><\/a>\n\t\t\t\t<\/dt><\/dl><br style=\"clear: both\" \/>\n\t\t\t<\/div>\n\n<p>NELLE FOTO (riproduzioni dal libro \u201cPelmo d\u2019altri tempi\u201d e sito \u201crifugiovenezia.it\u201d): un momento della cerimonia inaugurale del Rifugio della sezione Cai di Venezia (archivio Adriano Pasqualin); alpiniste ed escursioniste intervenute nell\u2019abbigliamento dell\u2019epoca (Pasqualin); scorcio del \u201cVenezia\u201d al Pelmo (Pasqualin); il Rifugio ai primordi del secolo (Breveglieri Belluno); cos\u00ec il \u201cVenezia\u201d dopo essere stato incendiato nel 1944 durante la seconda guerra mondiale (G.A. 1945); la struttura come si presenta oggi.<\/p>\n<p>&nbsp;<\/p>\n<p>&nbsp;<\/p>\n<hr \/>\n<p>&nbsp;<\/p>\n<blockquote class=\"wp-embedded-content\" data-secret=\"hPLx8DRXMY\"><p><a href=\"https:\/\/www.radiopiu.net\/wordpress\/le-sculture-nel-ghiaccio-e-neve-a-falcade-con-silvano-savio\/\">LE SCULTURE NEL GHIACCIO E NEVE A FALCADE con SILVANO SAVIO<\/a><\/p><\/blockquote>\n<p><iframe loading=\"lazy\" class=\"wp-embedded-content\" sandbox=\"allow-scripts\" security=\"restricted\" style=\"position: absolute; clip: rect(1px, 1px, 1px, 1px);\" title=\"&#8220;LE SCULTURE NEL GHIACCIO E NEVE A FALCADE con SILVANO SAVIO&#8221; &#8212; Radio Pi\u00f9\" src=\"https:\/\/www.radiopiu.net\/wordpress\/le-sculture-nel-ghiaccio-e-neve-a-falcade-con-silvano-savio\/embed\/#?secret=hPLx8DRXMY\" data-secret=\"hPLx8DRXMY\" width=\"600\" height=\"338\" frameborder=\"0\" marginwidth=\"0\" marginheight=\"0\" scrolling=\"no\"><\/iframe><\/p>\n<p>&nbsp;<\/p>\n<hr \/>\n<p>&nbsp;<\/p>\n<h2><span style=\"color: #008000;\"><a href=\"https:\/\/www.radiopiu.net\/wordpress\/giornale-radiopiu-03-febbraio-2021-direttore-mirko-mezzacasa\/girl-1469748__340\/\" rel=\"attachment wp-att-188542\"><img loading=\"lazy\" decoding=\"async\" class=\"wp-image-188542 alignleft\" src=\"https:\/\/www.radiopiu.net\/wordpress\/wp-content\/uploads\/2021\/02\/girl-1469748__340-300x200.jpg\" alt=\"\" width=\"173\" height=\"115\" srcset=\"https:\/\/www.radiopiu.net\/wordpress\/wp-content\/uploads\/2021\/02\/girl-1469748__340-300x200.jpg 300w, https:\/\/www.radiopiu.net\/wordpress\/wp-content\/uploads\/2021\/02\/girl-1469748__340.jpg 510w\" sizes=\"auto, (max-width: 173px) 100vw, 173px\" \/><\/a><\/span><\/h2>\n<h2><\/h2>\n<h2><span style=\"color: #008000;\">ERBE E PIANTE CURATIVE&#8230;IL NUOVO PROGRAMMA DI PAOLA LANCIATO<\/span><\/h2>\n<p><strong>LA PRIMA PUNTATA<\/strong><\/p>\n<audio class=\"wp-audio-shortcode\" id=\"audio-189447-10\" preload=\"none\" style=\"width: 100%;\" controls=\"controls\"><source type=\"audio\/mpeg\" src=\"https:\/\/www.radiopiu.net\/wordpress\/wp-content\/uploads\/2021\/02\/ERBE.mp3?_=10\" \/><a href=\"https:\/\/www.radiopiu.net\/wordpress\/wp-content\/uploads\/2021\/02\/ERBE.mp3\">https:\/\/www.radiopiu.net\/wordpress\/wp-content\/uploads\/2021\/02\/ERBE.mp3<\/a><\/audio>\n<p>&nbsp;<\/p>\n<p><strong>LA RACCOLTA COMPLETA<\/strong><\/p>\n<blockquote class=\"wp-embedded-content\" data-secret=\"jknD4FE5wQ\"><p><a href=\"https:\/\/www.radiopiu.net\/wordpress\/erbe-e-piante-curative\/\">ERBE E PIANTE CURATIVE<\/a><\/p><\/blockquote>\n<p><iframe loading=\"lazy\" class=\"wp-embedded-content\" sandbox=\"allow-scripts\" security=\"restricted\" style=\"position: absolute; clip: rect(1px, 1px, 1px, 1px);\" title=\"&#8220;ERBE E PIANTE CURATIVE&#8221; &#8212; Radio Pi\u00f9\" src=\"https:\/\/www.radiopiu.net\/wordpress\/erbe-e-piante-curative\/embed\/#?secret=jknD4FE5wQ\" data-secret=\"jknD4FE5wQ\" width=\"600\" height=\"338\" frameborder=\"0\" marginwidth=\"0\" marginheight=\"0\" scrolling=\"no\"><\/iframe><\/p>\n<p>&nbsp;<\/p>\n<hr \/>\n<p>&nbsp;<\/p>\n<blockquote>\n<h2>RITORNA AI MICROFONI DI RADIO PIU&#8217; FRANCESCO ZILLIO<br \/>\nseconda puntata, stagione 2021 &#8211; auto elettriche.<\/h2>\n<\/blockquote>\n<p>&nbsp;<\/p>\n<p><iframe loading=\"lazy\" title=\"EPCENTER  02-2021  RICARICA VETTURE ELETTRICHE IN AMBITO PRIVATO\" width=\"1200\" height=\"675\" src=\"https:\/\/www.youtube.com\/embed\/gx5t93SFHiQ?feature=oembed\" frameborder=\"0\" allow=\"accelerometer; autoplay; clipboard-write; encrypted-media; gyroscope; picture-in-picture\" allowfullscreen><\/iframe><\/p>\n<p>&nbsp;<\/p>\n<p>&nbsp;<\/p>\n<p><strong>LA VIDEO GALLERY\u00a0<\/strong><\/p>\n<blockquote class=\"wp-embedded-content\" data-secret=\"K4FrzRxOJt\"><p><a href=\"https:\/\/www.radiopiu.net\/wordpress\/ep-center-video-gallery\/\">EP CENTER video gallery<\/a><\/p><\/blockquote>\n<p><iframe loading=\"lazy\" class=\"wp-embedded-content\" sandbox=\"allow-scripts\" security=\"restricted\" style=\"position: absolute; clip: rect(1px, 1px, 1px, 1px);\" title=\"&#8220;EP CENTER video gallery&#8221; &#8212; Radio Pi\u00f9\" src=\"https:\/\/www.radiopiu.net\/wordpress\/ep-center-video-gallery\/embed\/#?secret=K4FrzRxOJt\" data-secret=\"K4FrzRxOJt\" width=\"600\" height=\"338\" frameborder=\"0\" marginwidth=\"0\" marginheight=\"0\" scrolling=\"no\"><\/iframe><\/p>\n<p>&nbsp;<\/p>\n<hr \/>\n<blockquote>\n<h3><\/h3>\n<h3>SEI A CASA, CON LUCIA SOCCOL. SPECIALE A PUNTATE<\/h3>\n<\/blockquote>\n<h2><span style=\"color: #ff0000;\">STAGIONE 2021 la nuova edizione TERZA STAGIONE<\/span><\/h2>\n<h3>Seconda puntata con Lucia Soccol, case e mercato immobiliare, notizie e curiosit\u00e0. 28 gennaio 2021<\/h3>\n<audio class=\"wp-audio-shortcode\" id=\"audio-189447-11\" preload=\"none\" style=\"width: 100%;\" controls=\"controls\"><source type=\"audio\/mpeg\" src=\"https:\/\/www.radiopiu.net\/wordpress\/wp-content\/uploads\/2021\/02\/sei-a-casa-4-febbraio.mp3?_=11\" \/><a href=\"https:\/\/www.radiopiu.net\/wordpress\/wp-content\/uploads\/2021\/02\/sei-a-casa-4-febbraio.mp3\">https:\/\/www.radiopiu.net\/wordpress\/wp-content\/uploads\/2021\/02\/sei-a-casa-4-febbraio.mp3<\/a><\/audio>\n<h3>RACCOLTA COMPLETA<\/h3>\n<blockquote class=\"wp-embedded-content\" data-secret=\"WUrAvUrgd6\"><p><a href=\"https:\/\/www.radiopiu.net\/wordpress\/ieri-alla-radio-sei-a-casa1\/\">SEI A CASA, CON LUCIA SOCCOL. SPECIALE A PUNTATE.<\/a><\/p><\/blockquote>\n<p><iframe loading=\"lazy\" class=\"wp-embedded-content\" sandbox=\"allow-scripts\" security=\"restricted\" style=\"position: absolute; clip: rect(1px, 1px, 1px, 1px);\" title=\"&#8220;SEI A CASA, CON LUCIA SOCCOL. SPECIALE A PUNTATE.&#8221; &#8212; Radio Pi\u00f9\" src=\"https:\/\/www.radiopiu.net\/wordpress\/ieri-alla-radio-sei-a-casa1\/embed\/#?secret=WUrAvUrgd6\" data-secret=\"WUrAvUrgd6\" width=\"600\" height=\"338\" frameborder=\"0\" marginwidth=\"0\" marginheight=\"0\" scrolling=\"no\"><\/iframe><\/p>\n<p>&nbsp;<\/p>\n<p>&nbsp;<\/p>\n<p>&nbsp;<\/p>\n<hr \/>\n<p>&nbsp;<\/p>\n<h3><\/h3>\n<blockquote class=\"wp-embedded-content\" data-secret=\"rJOOHbsJSt\"><p><a href=\"https:\/\/www.radiopiu.net\/wordpress\/conosciamo-la-corale-di-limana-con-le-interviste-di-silvia-baldo\/\">CONOSCIAMO LA CORALE DI LIMANA CON LE INTERVISTE DI SILVIA BALDO<\/a><\/p><\/blockquote>\n<p><iframe loading=\"lazy\" class=\"wp-embedded-content\" sandbox=\"allow-scripts\" security=\"restricted\" style=\"position: absolute; clip: rect(1px, 1px, 1px, 1px);\" title=\"&#8220;CONOSCIAMO LA CORALE DI LIMANA CON LE INTERVISTE DI SILVIA BALDO&#8221; &#8212; Radio Pi\u00f9\" src=\"https:\/\/www.radiopiu.net\/wordpress\/conosciamo-la-corale-di-limana-con-le-interviste-di-silvia-baldo\/embed\/#?secret=rJOOHbsJSt\" data-secret=\"rJOOHbsJSt\" width=\"600\" height=\"338\" frameborder=\"0\" marginwidth=\"0\" marginheight=\"0\" scrolling=\"no\"><\/iframe><\/p>\n<p>&nbsp;<\/p>\n<p>&nbsp;<\/p>\n<hr \/>\n<div dir=\"auto\">\n<blockquote>\n<h2><\/h2>\n<h2>FANTASTICHE DOLOMITI, NUOVA STAGIONE. APPUNTAMENTO QUINDICINALE IL GIOVEDI ALLE 10.30 E 19.00<\/h2>\n<\/blockquote>\n<p><strong><span style=\"color: #ff0000;\">LA NUOVA PUNTATA i corsi di formazione della Fondazione<\/span><\/strong><\/p>\n<audio class=\"wp-audio-shortcode\" id=\"audio-189447-12\" preload=\"none\" style=\"width: 100%;\" controls=\"controls\"><source type=\"audio\/mpeg\" src=\"https:\/\/www.radiopiu.net\/wordpress\/wp-content\/uploads\/2020\/10\/fatnastiche-dolomiti-28-gennaio.mp3?_=12\" \/><a href=\"https:\/\/www.radiopiu.net\/wordpress\/wp-content\/uploads\/2020\/10\/fatnastiche-dolomiti-28-gennaio.mp3\">https:\/\/www.radiopiu.net\/wordpress\/wp-content\/uploads\/2020\/10\/fatnastiche-dolomiti-28-gennaio.mp3<\/a><\/audio>\n<h1>LA RACCOLTA COMPLETA<\/h1>\n<blockquote class=\"wp-embedded-content\" data-secret=\"xQDllPQEN9\"><p><a href=\"https:\/\/www.radiopiu.net\/wordpress\/https-wp-me-p63lo7-gyg\/\">FANTASTICHE DOLOMITI 7^ PUNTATA: IL QUINDICINALE APPUNTAMENTO ALLA RADIO<\/a><\/p><\/blockquote>\n<p><iframe loading=\"lazy\" class=\"wp-embedded-content\" sandbox=\"allow-scripts\" security=\"restricted\" style=\"position: absolute; clip: rect(1px, 1px, 1px, 1px);\" title=\"&#8220;FANTASTICHE DOLOMITI 7^ PUNTATA: IL QUINDICINALE APPUNTAMENTO ALLA RADIO&#8221; &#8212; Radio Pi\u00f9\" src=\"https:\/\/www.radiopiu.net\/wordpress\/https-wp-me-p63lo7-gyg\/embed\/#?secret=xQDllPQEN9\" data-secret=\"xQDllPQEN9\" width=\"600\" height=\"338\" frameborder=\"0\" marginwidth=\"0\" marginheight=\"0\" scrolling=\"no\"><\/iframe><\/p>\n<p>&nbsp;<\/p>\n<hr \/>\n<blockquote>\n<h2><\/h2>\n<h2>SALUTE E SOCIETA&#8217; IL LUNEDI ALLE 13.10 E ALLE 20.10, LA DOMENICA ALLE 10.30 A CURA DEL DOTTOR MARCO CARACCIOLO. QUINTA STAGIONE<\/h2>\n<\/blockquote>\n<p><a href=\"https:\/\/www.radiopiu.net\/wordpress\/almanacco-ladino-puntata-8-2021\/whatsapp-image-2021-02-01-at-09-27-46\/\" rel=\"attachment wp-att-188221\"><img loading=\"lazy\" decoding=\"async\" class=\" wp-image-188221 alignleft\" src=\"https:\/\/www.radiopiu.net\/wordpress\/wp-content\/uploads\/2021\/02\/WhatsApp-Image-2021-02-01-at-09.27.46-300x167.jpeg\" alt=\"\" width=\"226\" height=\"126\" srcset=\"https:\/\/www.radiopiu.net\/wordpress\/wp-content\/uploads\/2021\/02\/WhatsApp-Image-2021-02-01-at-09.27.46-300x167.jpeg 300w, https:\/\/www.radiopiu.net\/wordpress\/wp-content\/uploads\/2021\/02\/WhatsApp-Image-2021-02-01-at-09.27.46-768x427.jpeg 768w, https:\/\/www.radiopiu.net\/wordpress\/wp-content\/uploads\/2021\/02\/WhatsApp-Image-2021-02-01-at-09.27.46.jpeg 800w\" sizes=\"auto, (max-width: 226px) 100vw, 226px\" \/><\/a><strong><span style=\"color: #ff0000;\">LA PUNTATA DELLA SETTIMANA <\/span><\/strong><span style=\"color: #ff0000;\"><span style=\"color: #000000;\">In Italia le malattie reumatiche colpiscono una vasta popolazione di pazienti: quasi 2.500.000 gli affetti da psoriasi, il 30% dei quali con artrite psoriasica, e circa 350mila i pazienti con artrite reumatoide. <\/span><\/span><span style=\"color: #ff0000;\"><span style=\"color: #000000;\">La campagna Passione Accesa \u00e8 incentrata sulle storie di questi pazienti, la determinazione con cui affrontano ogni giorno il proprio cammino, in una sorta di gemellaggio con i nostri campioni olimpionici.<\/span><\/span><\/p>\n<audio class=\"wp-audio-shortcode\" id=\"audio-189447-13\" preload=\"none\" style=\"width: 100%;\" controls=\"controls\"><source type=\"audio\/mpeg\" src=\"https:\/\/www.radiopiu.net\/wordpress\/wp-content\/uploads\/2021\/02\/SALUTE.mp3?_=13\" \/><a href=\"https:\/\/www.radiopiu.net\/wordpress\/wp-content\/uploads\/2021\/02\/SALUTE.mp3\">https:\/\/www.radiopiu.net\/wordpress\/wp-content\/uploads\/2021\/02\/SALUTE.mp3<\/a><\/audio>\n<p>&nbsp;<\/p>\n<h3>LA RACCOLTA COMPLETA<\/h3>\n<blockquote class=\"wp-embedded-content\" data-secret=\"DkPVnHdO0P\"><p><a href=\"https:\/\/www.radiopiu.net\/wordpress\/saluteesocieta\/\">Salute e Societ\u00e0<\/a><\/p><\/blockquote>\n<p><iframe loading=\"lazy\" class=\"wp-embedded-content\" sandbox=\"allow-scripts\" security=\"restricted\" style=\"position: absolute; clip: rect(1px, 1px, 1px, 1px);\" title=\"&#8220;Salute e Societ\u00e0&#8221; &#8212; Radio Pi\u00f9\" src=\"https:\/\/www.radiopiu.net\/wordpress\/saluteesocieta\/embed\/#?secret=DkPVnHdO0P\" data-secret=\"DkPVnHdO0P\" width=\"600\" height=\"338\" frameborder=\"0\" marginwidth=\"0\" marginheight=\"0\" scrolling=\"no\"><\/iframe><\/p>\n<hr \/>\n<h2><\/h2>\n<h2><span style=\"color: #ff0000;\"><a href=\"https:\/\/www.radiopiu.net\/wordpress\/giornale-radiopiu-05-gennaio-2021-direttore-mirko-mezzacasa\/133200401_100838761953611_1258544160541445132_o-2\/\" rel=\"attachment wp-att-183078\"><img loading=\"lazy\" decoding=\"async\" class=\" wp-image-183078 alignleft\" src=\"https:\/\/www.radiopiu.net\/wordpress\/wp-content\/uploads\/2021\/01\/133200401_100838761953611_1258544160541445132_o-1-300x157.jpg\" alt=\"\" width=\"192\" height=\"101\" srcset=\"https:\/\/www.radiopiu.net\/wordpress\/wp-content\/uploads\/2021\/01\/133200401_100838761953611_1258544160541445132_o-1-300x157.jpg 300w, https:\/\/www.radiopiu.net\/wordpress\/wp-content\/uploads\/2021\/01\/133200401_100838761953611_1258544160541445132_o-1.jpg 526w\" sizes=\"auto, (max-width: 192px) 100vw, 192px\" \/><\/a>GOCCE DI FILOSOFIA, CON CHIARA CAU, CON LISA DE LUCA. <\/span><\/h2>\n<h2><span style=\"color: #ff0000;\">TUTTI I GIORNI DAL LUNEDI AL VENERDI ALLE 6.55 E ALLE 18.55<\/span><\/h2>\n<p>&nbsp;<\/p>\n<h3>LA RACCOLTA COMPLETA<\/h3>\n<blockquote class=\"wp-embedded-content\" data-secret=\"7RJQpOEOe5\"><p><a href=\"https:\/\/www.radiopiu.net\/wordpress\/gocce-filosofia\/\">Gocce di filosofia<\/a><\/p><\/blockquote>\n<p><iframe loading=\"lazy\" class=\"wp-embedded-content\" sandbox=\"allow-scripts\" security=\"restricted\" style=\"position: absolute; clip: rect(1px, 1px, 1px, 1px);\" title=\"&#8220;Gocce di filosofia&#8221; &#8212; Radio Pi\u00f9\" src=\"https:\/\/www.radiopiu.net\/wordpress\/gocce-filosofia\/embed\/#?secret=7RJQpOEOe5\" data-secret=\"7RJQpOEOe5\" width=\"600\" height=\"338\" frameborder=\"0\" marginwidth=\"0\" marginheight=\"0\" scrolling=\"no\"><\/iframe><\/p>\n<p>&nbsp;<\/p>\n<hr \/>\n<p>&nbsp;<\/p>\n<div class=\"im_message_wrap clearfix\">\n<div class=\"im_content_message_wrap im_message_out\">\n<h2><span style=\"color: #ff0000;\">IERI ALLA RADIO\u00a0 IN VIVO VERSO 2020-21<\/span><\/h2>\n<p><strong><span style=\"color: #0000ff;\">IN ONDA DAL LUNEDI AL VENERDI ALLE 7.10, 10.10, 18.50<\/span><\/strong><\/p>\n<p><strong>LA RACCOLTA<\/strong><\/p>\n<blockquote class=\"wp-embedded-content\" data-secret=\"4lkN0dEVcP\"><p><a href=\"https:\/\/www.radiopiu.net\/wordpress\/in-vivo-verso\/\">In Vivo Verso<\/a><\/p><\/blockquote>\n<p><iframe loading=\"lazy\" class=\"wp-embedded-content\" sandbox=\"allow-scripts\" security=\"restricted\" style=\"position: absolute; clip: rect(1px, 1px, 1px, 1px);\" title=\"&#8220;In Vivo Verso&#8221; &#8212; Radio Pi\u00f9\" src=\"https:\/\/www.radiopiu.net\/wordpress\/in-vivo-verso\/embed\/#?secret=4lkN0dEVcP\" data-secret=\"4lkN0dEVcP\" width=\"600\" height=\"338\" frameborder=\"0\" marginwidth=\"0\" marginheight=\"0\" scrolling=\"no\"><\/iframe><\/p>\n<p>&nbsp;<\/p>\n<\/div>\n<\/div>\n<hr \/>\n<h3 class=\"kvgmc6g5 cxmmr5t8 oygrvhab hcukyx3x c1et5uql\"><span style=\"color: #0000ff;\">INFORMAZIONE il canale su TELEGRAM informazione di prima mano e in tempo reale. iscriviti ed aiutaci a farlo conoscere\u00a0<\/span><\/h3>\n<h2><a href=\"https:\/\/www.radiopiu.net\/wordpress\/ritorno-a-scuola\/scu-2\/\" rel=\"attachment wp-att-188212\"><img loading=\"lazy\" decoding=\"async\" class=\"wp-image-188212 alignleft\" src=\"https:\/\/www.radiopiu.net\/wordpress\/wp-content\/uploads\/2021\/02\/scu-300x207.jpg\" alt=\"\" width=\"167\" height=\"115\" srcset=\"https:\/\/www.radiopiu.net\/wordpress\/wp-content\/uploads\/2021\/02\/scu-300x207.jpg 300w, https:\/\/www.radiopiu.net\/wordpress\/wp-content\/uploads\/2021\/02\/scu.jpg 626w\" sizes=\"auto, (max-width: 167px) 100vw, 167px\" \/><\/a>007 IN CONDOTTA CON LA PROF. MARIA ROSA SALMAZO IL LUNEDI ALLE 10,30 E ALLE 19.00 LA DOMENICA ALLE 8 DEL MATTINO. NONA STAGIONE<\/h2>\n<p><span style=\"color: #ff0000;\"><strong>LA PUNTATA DELLA SETTIMANA\u00a0<\/strong><\/span><\/p>\n<audio class=\"wp-audio-shortcode\" id=\"audio-189447-14\" preload=\"none\" style=\"width: 100%;\" controls=\"controls\"><source type=\"audio\/mpeg\" src=\"https:\/\/www.radiopiu.net\/wordpress\/wp-content\/uploads\/2020\/10\/007-condotta-01-febbraio.mp3?_=14\" \/><a href=\"https:\/\/www.radiopiu.net\/wordpress\/wp-content\/uploads\/2020\/10\/007-condotta-01-febbraio.mp3\">https:\/\/www.radiopiu.net\/wordpress\/wp-content\/uploads\/2020\/10\/007-condotta-01-febbraio.mp3<\/a><\/audio>\n<p>&nbsp;<\/p>\n<h2>LA RACCOLTA COMPLETA<\/h2>\n<blockquote class=\"wp-embedded-content\" data-secret=\"sCXJw6GCJ1\"><p><a href=\"https:\/\/www.radiopiu.net\/wordpress\/007incondotta-9\/\">007 in condotta<\/a><\/p><\/blockquote>\n<p><iframe loading=\"lazy\" class=\"wp-embedded-content\" sandbox=\"allow-scripts\" security=\"restricted\" style=\"position: absolute; clip: rect(1px, 1px, 1px, 1px);\" title=\"&#8220;007 in condotta&#8221; &#8212; Radio Pi\u00f9\" src=\"https:\/\/www.radiopiu.net\/wordpress\/007incondotta-9\/embed\/#?secret=sCXJw6GCJ1\" data-secret=\"sCXJw6GCJ1\" width=\"600\" height=\"338\" frameborder=\"0\" marginwidth=\"0\" marginheight=\"0\" scrolling=\"no\"><\/iframe><\/p>\n<p>&nbsp;<\/p>\n<p>&nbsp;<\/p>\n<p>&nbsp;<\/p>\n<hr \/>\n<p>&nbsp;<\/p>\n<h2><span style=\"color: #808000;\">DUE MINUTI UN LIBRO\u00a0 TUTTI I GIORNI ALLA RADIO ALLE 9.30 E ALLE 18. QUINTA STAGIONE\u00a0<\/span><\/h2>\n<p>&nbsp;<\/p>\n<h2>LA RACCOLTA COMPLETA<\/h2>\n<blockquote class=\"wp-embedded-content\" data-secret=\"OSU6lzpkQr\"><p><a href=\"https:\/\/www.radiopiu.net\/wordpress\/due-minuti-un-libro\/\">Due minuti un libro<\/a><\/p><\/blockquote>\n<p><iframe loading=\"lazy\" class=\"wp-embedded-content\" sandbox=\"allow-scripts\" security=\"restricted\" style=\"position: absolute; clip: rect(1px, 1px, 1px, 1px);\" title=\"&#8220;Due minuti un libro&#8221; &#8212; Radio Pi\u00f9\" src=\"https:\/\/www.radiopiu.net\/wordpress\/due-minuti-un-libro\/embed\/#?secret=OSU6lzpkQr\" data-secret=\"OSU6lzpkQr\" width=\"600\" height=\"338\" frameborder=\"0\" marginwidth=\"0\" marginheight=\"0\" scrolling=\"no\"><\/iframe><\/p>\n<p>&nbsp;<\/p>\n<hr \/>\n<p>&nbsp;<\/p>\n<p>&nbsp;<\/p>\n<blockquote>\n<h2>CASSA SOLIDARIET\u00c0 LUXOTTICA<\/h2>\n<\/blockquote>\n<h3><strong><span style=\"color: #ff0000;\">IL NUMERO DI GENNAIO CON PAOLO CHISSALE&#8217; E FABRIZIO CAMPEDEL\u00a0\u00a0<\/span><\/strong><\/h3>\n<audio class=\"wp-audio-shortcode\" id=\"audio-189447-15\" preload=\"none\" style=\"width: 100%;\" controls=\"controls\"><source type=\"audio\/mpeg\" src=\"https:\/\/www.radiopiu.net\/wordpress\/wp-content\/uploads\/2021\/01\/ca-sol-lux-gennaio.mp3?_=15\" \/><a href=\"https:\/\/www.radiopiu.net\/wordpress\/wp-content\/uploads\/2021\/01\/ca-sol-lux-gennaio.mp3\">https:\/\/www.radiopiu.net\/wordpress\/wp-content\/uploads\/2021\/01\/ca-sol-lux-gennaio.mp3<\/a><\/audio>\n<blockquote>\n<h2>RACCOLTA COMPLETA<\/h2>\n<\/blockquote>\n<blockquote class=\"wp-embedded-content\" data-secret=\"DBDfGW5uqW\"><p><a href=\"https:\/\/www.radiopiu.net\/wordpress\/cassa-solidarieta-luxottica-puntata-del-16-ottobre-2020\/\">CASSA SOLIDARIET\u00c0 LUXOTTICA &#8211; PUNTATA DEL 20 NOVEMBRE 2020<\/a><\/p><\/blockquote>\n<p><iframe loading=\"lazy\" class=\"wp-embedded-content\" sandbox=\"allow-scripts\" security=\"restricted\" style=\"position: absolute; clip: rect(1px, 1px, 1px, 1px);\" title=\"&#8220;CASSA SOLIDARIET\u00c0 LUXOTTICA &#8211; PUNTATA DEL 20 NOVEMBRE 2020&#8221; &#8212; Radio Pi\u00f9\" src=\"https:\/\/www.radiopiu.net\/wordpress\/cassa-solidarieta-luxottica-puntata-del-16-ottobre-2020\/embed\/#?secret=DBDfGW5uqW\" data-secret=\"DBDfGW5uqW\" width=\"600\" height=\"338\" frameborder=\"0\" marginwidth=\"0\" marginheight=\"0\" scrolling=\"no\"><\/iframe><\/p>\n<p>&nbsp;<\/p>\n<hr \/>\n<p>&nbsp;<\/p>\n<h2><span style=\"color: #ff0000;\">NUOVA PUNTATA 27 GENNAIO, CLICCA ED ENTRA NELLA RACCOLTA<\/span><\/h2>\n<audio class=\"wp-audio-shortcode\" id=\"audio-189447-16\" preload=\"none\" style=\"width: 100%;\" controls=\"controls\"><source type=\"audio\/mpeg\" src=\"https:\/\/www.radiopiu.net\/wordpress\/wp-content\/uploads\/2021\/01\/PAOLO.mp3?_=16\" \/><a href=\"https:\/\/www.radiopiu.net\/wordpress\/wp-content\/uploads\/2021\/01\/PAOLO.mp3\">https:\/\/www.radiopiu.net\/wordpress\/wp-content\/uploads\/2021\/01\/PAOLO.mp3<\/a><\/audio>\n<blockquote class=\"wp-embedded-content\" data-secret=\"sO7Edd9sEv\"><p><a href=\"https:\/\/www.radiopiu.net\/wordpress\/184594-2\/\">CISL LA VOCE DEI LAVORATORI, CON PAOLO CHISSALE&#8217;<\/a><\/p><\/blockquote>\n<p><iframe loading=\"lazy\" class=\"wp-embedded-content\" sandbox=\"allow-scripts\" security=\"restricted\" style=\"position: absolute; clip: rect(1px, 1px, 1px, 1px);\" title=\"&#8220;CISL LA VOCE DEI LAVORATORI, CON PAOLO CHISSALE&#8217;&#8221; &#8212; Radio Pi\u00f9\" src=\"https:\/\/www.radiopiu.net\/wordpress\/184594-2\/embed\/#?secret=sO7Edd9sEv\" data-secret=\"sO7Edd9sEv\" width=\"600\" height=\"338\" frameborder=\"0\" marginwidth=\"0\" marginheight=\"0\" scrolling=\"no\"><\/iframe><\/p>\n<div>\n<p>&nbsp;<\/p>\n<p>&nbsp;<\/p>\n<hr \/>\n<p>&nbsp;<\/p>\n<blockquote>\n<h3><a href=\"https:\/\/www.radiopiu.net\/wordpress\/giornale-radiopiu-06-febbraio-2019-direttore-mirko-mezzacasa\/logo_spi-cgil-800x445\/\" rel=\"attachment wp-att-75538\"><img loading=\"lazy\" decoding=\"async\" class=\"wp-image-75538 alignleft\" src=\"https:\/\/www.radiopiu.net\/wordpress\/wp-content\/uploads\/2019\/02\/Logo_Spi-CGIL-800x445-300x167.jpg\" alt=\"\" width=\"210\" height=\"117\" srcset=\"https:\/\/www.radiopiu.net\/wordpress\/wp-content\/uploads\/2019\/02\/Logo_Spi-CGIL-800x445-300x167.jpg 300w, https:\/\/www.radiopiu.net\/wordpress\/wp-content\/uploads\/2019\/02\/Logo_Spi-CGIL-800x445-768x427.jpg 768w, https:\/\/www.radiopiu.net\/wordpress\/wp-content\/uploads\/2019\/02\/Logo_Spi-CGIL-800x445.jpg 800w\" sizes=\"auto, (max-width: 210px) 100vw, 210px\" \/><\/a>ALLA RADIO, APPUNTAMENTO QUINDICINALE CON SPI-CGIL BELLUNO, IN STUDIO MARIA RITA GENTILIN<\/h3>\n<\/blockquote>\n<p><strong>di Claudio Fontanive<\/strong><\/p>\n<audio class=\"wp-audio-shortcode\" id=\"audio-189447-17\" preload=\"none\" style=\"width: 100%;\" controls=\"controls\"><source type=\"audio\/mpeg\" src=\"https:\/\/www.radiopiu.net\/wordpress\/wp-content\/uploads\/2021\/02\/spi-cgil-4-febbraio.mp3?_=17\" \/><a href=\"https:\/\/www.radiopiu.net\/wordpress\/wp-content\/uploads\/2021\/02\/spi-cgil-4-febbraio.mp3\">https:\/\/www.radiopiu.net\/wordpress\/wp-content\/uploads\/2021\/02\/spi-cgil-4-febbraio.mp3<\/a><\/audio>\n<p>&nbsp;<\/p>\n<hr \/>\n<p>&nbsp;<\/p>\n<blockquote>\n<h2><a href=\"https:\/\/www.radiopiu.net\/wordpress\/speciale-solidarieta-veneto\/solidarieta-veneto-3\/\" rel=\"attachment wp-att-134366\"><img loading=\"lazy\" decoding=\"async\" class=\"wp-image-134366 alignleft\" src=\"https:\/\/www.radiopiu.net\/wordpress\/wp-content\/uploads\/2020\/05\/solidariet\u00e0-veneto-300x210.jpg\" alt=\"\" width=\"102\" height=\"71\" srcset=\"https:\/\/www.radiopiu.net\/wordpress\/wp-content\/uploads\/2020\/05\/solidariet\u00e0-veneto-300x210.jpg 300w, https:\/\/www.radiopiu.net\/wordpress\/wp-content\/uploads\/2020\/05\/solidariet\u00e0-veneto-1024x717.jpg 1024w, https:\/\/www.radiopiu.net\/wordpress\/wp-content\/uploads\/2020\/05\/solidariet\u00e0-veneto-768x538.jpg 768w, https:\/\/www.radiopiu.net\/wordpress\/wp-content\/uploads\/2020\/05\/solidariet\u00e0-veneto.jpg 1373w\" sizes=\"auto, (max-width: 102px) 100vw, 102px\" \/><\/a>SOLIDARIETA&#8217; VENETO FONDO PENSIONE, IN ONDA IL PRIMO VENERDI DEL MESE ALLE 10.30 E ALLE 19.00 QUINTA STAGIONE<\/h2>\n<\/blockquote>\n<p><strong>AUDIO<\/strong><\/p>\n<audio class=\"wp-audio-shortcode\" id=\"audio-189447-18\" preload=\"none\" style=\"width: 100%;\" controls=\"controls\"><source type=\"audio\/mpeg\" src=\"https:\/\/www.radiopiu.net\/wordpress\/wp-content\/uploads\/2021\/02\/solidarieta-veneto-febbraio.mp3?_=18\" \/><a href=\"https:\/\/www.radiopiu.net\/wordpress\/wp-content\/uploads\/2021\/02\/solidarieta-veneto-febbraio.mp3\">https:\/\/www.radiopiu.net\/wordpress\/wp-content\/uploads\/2021\/02\/solidarieta-veneto-febbraio.mp3<\/a><\/audio>\n<p>&nbsp;<\/p>\n<blockquote>\n<h2>RACCOLTA COMPLETA<\/h2>\n<\/blockquote>\n<blockquote class=\"wp-embedded-content\" data-secret=\"k6rpscDbzq\"><p><a href=\"https:\/\/www.radiopiu.net\/wordpress\/solidarieta-veneto\/\">Solidariet\u00e0 Veneto<\/a><\/p><\/blockquote>\n<p><iframe loading=\"lazy\" class=\"wp-embedded-content\" sandbox=\"allow-scripts\" security=\"restricted\" style=\"position: absolute; clip: rect(1px, 1px, 1px, 1px);\" title=\"&#8220;Solidariet\u00e0 Veneto&#8221; &#8212; Radio Pi\u00f9\" src=\"https:\/\/www.radiopiu.net\/wordpress\/solidarieta-veneto\/embed\/#?secret=k6rpscDbzq\" data-secret=\"k6rpscDbzq\" width=\"600\" height=\"338\" frameborder=\"0\" marginwidth=\"0\" marginheight=\"0\" scrolling=\"no\"><\/iframe><\/p>\n<p>&nbsp;<\/p>\n<hr \/>\n<p>&nbsp;<\/p>\n<h2><span style=\"color: #800080;\"><strong>LA RASSEGNA STAMPA DA L&#8217;AMICO DEL POPOLO\u00a0<\/strong><\/span><\/h2>\n<h3 class=\"kvgmc6g5 cxmmr5t8 oygrvhab hcukyx3x c1et5uql\"><span style=\"color: #0000ff;\"> INFORMAZIONE il canale su TELEGRAM informazione di prima mano e in tempo reale. iscriviti ed aiutaci a farlo conoscere\u00a0<\/span><\/h3>\n<p><strong><a href=\"https:\/\/www.radiopiu.net\/wordpress\/giornale-radiopiu-20-marzo-2017-direttore-mirko-mezzacasa\/santin\/\" rel=\"attachment wp-att-29973\"><img loading=\"lazy\" decoding=\"async\" class=\"size-medium wp-image-29973 alignleft\" src=\"https:\/\/www.radiopiu.net\/wordpress\/wp-content\/uploads\/2017\/03\/SANTIN-300x169.jpg\" alt=\"\" width=\"300\" height=\"169\" \/><\/a>di Gianni Santomaso<\/strong><\/p>\n<p>OSPITE: Mariachiara Santin, Amministratore Unico di ASCA<\/p>\n<audio class=\"wp-audio-shortcode\" id=\"audio-189447-19\" preload=\"none\" style=\"width: 100%;\" controls=\"controls\"><source type=\"audio\/mpeg\" src=\"https:\/\/www.radiopiu.net\/wordpress\/wp-content\/uploads\/2021\/02\/RASSEGNA-GIANNI.mp3?_=19\" \/><a href=\"https:\/\/www.radiopiu.net\/wordpress\/wp-content\/uploads\/2021\/02\/RASSEGNA-GIANNI.mp3\">https:\/\/www.radiopiu.net\/wordpress\/wp-content\/uploads\/2021\/02\/RASSEGNA-GIANNI.mp3<\/a><\/audio>\n<p>&nbsp;<\/p>\n<p><strong>LA RACCOLTA COMPLETA<\/strong><\/p>\n<blockquote class=\"wp-embedded-content\" data-secret=\"LAaK6rbOOa\"><p><a href=\"https:\/\/www.radiopiu.net\/wordpress\/rassegna-stampa-di-gianni-santomaso\/\">Rassegna stampa da l&#8217;amico del popolo &#8211; di Gianni Santomaso<\/a><\/p><\/blockquote>\n<p><iframe loading=\"lazy\" class=\"wp-embedded-content\" sandbox=\"allow-scripts\" security=\"restricted\" style=\"position: absolute; clip: rect(1px, 1px, 1px, 1px);\" title=\"&#8220;Rassegna stampa da l&#8217;amico del popolo &#8211; di Gianni Santomaso&#8221; &#8212; Radio Pi\u00f9\" src=\"https:\/\/www.radiopiu.net\/wordpress\/rassegna-stampa-di-gianni-santomaso\/embed\/#?secret=LAaK6rbOOa\" data-secret=\"LAaK6rbOOa\" width=\"600\" height=\"338\" frameborder=\"0\" marginwidth=\"0\" marginheight=\"0\" scrolling=\"no\"><\/iframe><\/p>\n<p>&nbsp;<\/p>\n<p>&nbsp;<\/p>\n<hr \/>\n<p>&nbsp;<\/p>\n<p>&nbsp;<\/p>\n<div>\n<h2><span style=\"color: #33cccc;\">I RACCONTI DI PAOLO SOPPELSA il lunedi alle 9.30 e 18.30<\/span><\/h2>\n<blockquote class=\"wp-embedded-content\" data-secret=\"GhGP16ClqW\"><p><a href=\"https:\/\/www.radiopiu.net\/wordpress\/i-racconti-di-paolo-soppelsa-sessantesima-puntata\/\">I RACCONTI DI PAOLO SOPPELSA SESSANTESIMA PUNTATA<\/a><\/p><\/blockquote>\n<p><iframe loading=\"lazy\" class=\"wp-embedded-content\" sandbox=\"allow-scripts\" security=\"restricted\" style=\"position: absolute; clip: rect(1px, 1px, 1px, 1px);\" title=\"&#8220;I RACCONTI DI PAOLO SOPPELSA SESSANTESIMA PUNTATA&#8221; &#8212; Radio Pi\u00f9\" src=\"https:\/\/www.radiopiu.net\/wordpress\/i-racconti-di-paolo-soppelsa-sessantesima-puntata\/embed\/#?secret=GhGP16ClqW\" data-secret=\"GhGP16ClqW\" width=\"600\" height=\"338\" frameborder=\"0\" marginwidth=\"0\" marginheight=\"0\" scrolling=\"no\"><\/iframe><\/p>\n<h3 class=\"kvgmc6g5 cxmmr5t8 oygrvhab hcukyx3x c1et5uql\"><span style=\"color: #0000ff;\">INFORMAZIONE il canale su TELEGRAM informazione di prima mano e in tempo reale. iscriviti ed aiutaci a farlo conoscere\u00a0<\/span><\/h3>\n<h2><span style=\"color: #33cccc;\"><strong>RACCOLTA COMPLETA<\/strong><\/span><\/h2>\n<blockquote class=\"wp-embedded-content\" data-secret=\"BYYgesDu5a\"><p><a href=\"https:\/\/www.radiopiu.net\/wordpress\/i-racconti-di-paolo-soppelsa\/\">I racconti di Paolo Soppelsa<\/a><\/p><\/blockquote>\n<p><iframe loading=\"lazy\" class=\"wp-embedded-content\" sandbox=\"allow-scripts\" security=\"restricted\" style=\"position: absolute; clip: rect(1px, 1px, 1px, 1px);\" title=\"&#8220;I racconti di Paolo Soppelsa&#8221; &#8212; Radio Pi\u00f9\" src=\"https:\/\/www.radiopiu.net\/wordpress\/i-racconti-di-paolo-soppelsa\/embed\/#?secret=BYYgesDu5a\" data-secret=\"BYYgesDu5a\" width=\"600\" height=\"338\" frameborder=\"0\" marginwidth=\"0\" marginheight=\"0\" scrolling=\"no\"><\/iframe><\/p>\n<\/div>\n<p>&nbsp;<\/p>\n<hr \/>\n<p>&nbsp;<\/p>\n<div>\n<h2><a href=\"https:\/\/www.radiopiu.net\/wordpress\/giornale-radiopiu-03-febbraio-2021-direttore-mirko-mezzacasa\/144740837_1579370235584371_5107242565289935770_n\/\" rel=\"attachment wp-att-188447\"><img loading=\"lazy\" decoding=\"async\" class=\"size-medium wp-image-188447 alignleft\" src=\"https:\/\/www.radiopiu.net\/wordpress\/wp-content\/uploads\/2021\/02\/144740837_1579370235584371_5107242565289935770_n-300x300.jpg\" alt=\"\" width=\"300\" height=\"300\" srcset=\"https:\/\/www.radiopiu.net\/wordpress\/wp-content\/uploads\/2021\/02\/144740837_1579370235584371_5107242565289935770_n-300x300.jpg 300w, https:\/\/www.radiopiu.net\/wordpress\/wp-content\/uploads\/2021\/02\/144740837_1579370235584371_5107242565289935770_n-150x150.jpg 150w, https:\/\/www.radiopiu.net\/wordpress\/wp-content\/uploads\/2021\/02\/144740837_1579370235584371_5107242565289935770_n.jpg 600w\" sizes=\"auto, (max-width: 300px) 100vw, 300px\" \/><\/a><\/h2>\n<h2><strong>LE\u00a0 PUNTATE di Luisa Alchini di Leggermente Bellunesi, la domenica alle 11, <span style=\"color: #0000ff;\">IL MARTEDI IN PRIMA EDIZIONE\u00a0<\/span> alle 10.30 e alle 19.00<\/strong><\/h2>\n<p><strong>LA PUNTATA DELLA SETTIMANA <\/strong>La delicatezza di Irene Pampanin nel libro &#8220;La ricetta della notte perfetta&#8221;<\/p>\n<audio class=\"wp-audio-shortcode\" id=\"audio-189447-20\" preload=\"none\" style=\"width: 100%;\" controls=\"controls\"><source type=\"audio\/mpeg\" src=\"https:\/\/www.radiopiu.net\/wordpress\/wp-content\/uploads\/2021\/02\/17leggermenteirenepampanin2021.mp3?_=20\" \/><a href=\"https:\/\/www.radiopiu.net\/wordpress\/wp-content\/uploads\/2021\/02\/17leggermenteirenepampanin2021.mp3\">https:\/\/www.radiopiu.net\/wordpress\/wp-content\/uploads\/2021\/02\/17leggermenteirenepampanin2021.mp3<\/a><\/audio>\n<h2><strong style=\"font-size: 14px;\"><span style=\"color: #000000;\">RACCOLTA COMPLETA<\/span><\/strong><\/h2>\n<\/div>\n<blockquote class=\"wp-embedded-content\" data-secret=\"PpYubgbBG3\"><p><a href=\"https:\/\/www.radiopiu.net\/wordpress\/leggermente-20\/\">LEGGERmente&#8230;Bellunesi<\/a><\/p><\/blockquote>\n<p><iframe loading=\"lazy\" class=\"wp-embedded-content\" sandbox=\"allow-scripts\" security=\"restricted\" style=\"position: absolute; clip: rect(1px, 1px, 1px, 1px);\" title=\"&#8220;LEGGERmente&#8230;Bellunesi&#8221; &#8212; Radio Pi\u00f9\" src=\"https:\/\/www.radiopiu.net\/wordpress\/leggermente-20\/embed\/#?secret=PpYubgbBG3\" data-secret=\"PpYubgbBG3\" width=\"600\" height=\"338\" frameborder=\"0\" marginwidth=\"0\" marginheight=\"0\" scrolling=\"no\"><\/iframe><\/p>\n<hr \/>\n<p>&nbsp;<\/p>\n<blockquote>\n<h3><a href=\"https:\/\/www.radiopiu.net\/wordpress\/almanacco-ladino-puntata-5-2020\/sn\/\" rel=\"attachment wp-att-180931\"><img loading=\"lazy\" decoding=\"async\" class=\"wp-image-180931 alignleft\" src=\"https:\/\/www.radiopiu.net\/wordpress\/wp-content\/uploads\/2020\/12\/sn-300x194.jpg\" alt=\"\" width=\"181\" height=\"117\" srcset=\"https:\/\/www.radiopiu.net\/wordpress\/wp-content\/uploads\/2020\/12\/sn-300x194.jpg 300w, https:\/\/www.radiopiu.net\/wordpress\/wp-content\/uploads\/2020\/12\/sn.jpg 626w\" sizes=\"auto, (max-width: 181px) 100vw, 181px\" \/><\/a>L&#8217;ALMANACCO LADINO CON L&#8217;ISTITUT CESA DE JAN QUINDICINALE APPUNTAMENTO. LA DOMENICA ALLE 9 IL LUNEDI ALLE 8.35 IL MARTEDI ALLE 12.35 IL MERCOLEDI ALLE 18.35. SECONDA STAGIONE.<\/h3>\n<\/blockquote>\n<p><strong>RACCOLTA COMPLETA\u00a0<\/strong><\/p>\n<blockquote class=\"wp-embedded-content\" data-secret=\"FiErEVzen7\"><p><a href=\"https:\/\/www.radiopiu.net\/wordpress\/almanacco-ladino\/\">Almanacco Ladino<\/a><\/p><\/blockquote>\n<p><iframe loading=\"lazy\" class=\"wp-embedded-content\" sandbox=\"allow-scripts\" security=\"restricted\" style=\"position: absolute; clip: rect(1px, 1px, 1px, 1px);\" title=\"&#8220;Almanacco Ladino&#8221; &#8212; Radio Pi\u00f9\" src=\"https:\/\/www.radiopiu.net\/wordpress\/almanacco-ladino\/embed\/#?secret=FiErEVzen7\" data-secret=\"FiErEVzen7\" width=\"600\" height=\"338\" frameborder=\"0\" marginwidth=\"0\" marginheight=\"0\" scrolling=\"no\"><\/iframe><\/p>\n<p>&nbsp;<\/p>\n<\/div>\n<hr \/>\n<div>\n<h2><span style=\"color: #000080;\"><a class=\"dt-pswp-item\" href=\"https:\/\/www.radiopiu.net\/wordpress\/wp-content\/uploads\/2020\/10\/pp.jpg\" data-dt-img-description=\"\" data-large_image_width=\"640\" data-large_image_height=\"640\"><img loading=\"lazy\" decoding=\"async\" class=\"wp-image-163678 alignleft\" src=\"https:\/\/www.radiopiu.net\/wordpress\/wp-content\/uploads\/2020\/10\/pp-300x300.jpg\" alt=\"\" width=\"106\" height=\"106\" srcset=\"https:\/\/www.radiopiu.net\/wordpress\/wp-content\/uploads\/2020\/10\/pp-300x300.jpg 300w, https:\/\/www.radiopiu.net\/wordpress\/wp-content\/uploads\/2020\/10\/pp-150x150.jpg 150w, https:\/\/www.radiopiu.net\/wordpress\/wp-content\/uploads\/2020\/10\/pp-125x125.jpg 125w, https:\/\/www.radiopiu.net\/wordpress\/wp-content\/uploads\/2020\/10\/pp-200x200.jpg 200w, https:\/\/www.radiopiu.net\/wordpress\/wp-content\/uploads\/2020\/10\/pp-80x80.jpg 80w, https:\/\/www.radiopiu.net\/wordpress\/wp-content\/uploads\/2020\/10\/pp-480x480.jpg 480w, https:\/\/www.radiopiu.net\/wordpress\/wp-content\/uploads\/2020\/10\/pp.jpg 640w\" sizes=\"auto, (max-width: 106px) 100vw, 106px\" \/><\/a> <\/span><\/h2>\n<h2><span style=\"color: #000080;\">DON CESARE, IL PENSIERO DEL GIORNO. ALLA RADIO ALLE 7 DEL MATTINO E ALLE 19.30 DELLA SERA.\u00a0\u00a0<\/span><\/h2>\n<p>&nbsp;<\/p>\n<\/div>\n<audio class=\"wp-audio-shortcode\" id=\"audio-189447-21\" preload=\"none\" style=\"width: 100%;\" controls=\"controls\"><source type=\"audio\/mpeg\" src=\"https:\/\/www.radiopiu.net\/wordpress\/wp-content\/uploads\/2021\/02\/CESARE-5.mp3?_=21\" \/><a href=\"https:\/\/www.radiopiu.net\/wordpress\/wp-content\/uploads\/2021\/02\/CESARE-5.mp3\">https:\/\/www.radiopiu.net\/wordpress\/wp-content\/uploads\/2021\/02\/CESARE-5.mp3<\/a><\/audio>\n<p>&nbsp;<\/p>\n<hr \/>\n<p>&nbsp;<\/p>\n<div>\n<p class=\"photoswipe-wrapper\"><a class=\"dt-pswp-item pspw-wrap-ready\" href=\"https:\/\/i0.wp.com\/www.radiopiu.net\/wordpress\/wp-content\/uploads\/2018\/09\/viabilita.jpeg?ssl=1\" data-dt-img-description=\"\" data-large_image_width=\"800\" data-large_image_height=\"100\"><img loading=\"lazy\" decoding=\"async\" class=\"aligncenter wp-image-61954 size-full\" src=\"https:\/\/i0.wp.com\/www.radiopiu.net\/wordpress\/wp-content\/uploads\/2018\/09\/viabilita.jpeg?resize=800%2C100&amp;ssl=1\" sizes=\"auto, (max-width: 800px) 100vw, 800px\" srcset=\"https:\/\/i0.wp.com\/www.radiopiu.net\/wordpress\/wp-content\/uploads\/2018\/09\/viabilita.jpeg?w=800&amp;ssl=1 800w, https:\/\/i0.wp.com\/www.radiopiu.net\/wordpress\/wp-content\/uploads\/2018\/09\/viabilita.jpeg?resize=300%2C38&amp;ssl=1 300w, https:\/\/i0.wp.com\/www.radiopiu.net\/wordpress\/wp-content\/uploads\/2018\/09\/viabilita.jpeg?resize=768%2C96&amp;ssl=1 768w\" alt=\"\" width=\"800\" height=\"100\" \/><\/a><\/p>\n<\/div>\n<p>&nbsp;<\/p>\n<p><strong>SP 251 DELLA VAL DI ZOLDO E CELLINA<\/strong> Istituzione di senso unico alternato regolato da semaforo nel comune di Val di Zoldo per messa in sicurezza della strada<\/p>\n<p><strong>SP 473 DI CROCE D&#8217;AUNE<\/strong> interruzioni al traffico della durata massima di 20 minuti tra Ponte Otra e Sovramonte dal 26 al 29 gennaio, dalle 8:30 alle 17, per consentire taglio alberature pericolose e messa in sicurezza della strada<\/p>\n<p><strong>SP 1 MADONNA DEL PIAVE <\/strong>senso unico alternato regolato da semaforo fino al 15 gennaio in comune di Quero Vas per realizzazione tombinatura<\/p>\n<p><strong>SP 42 CAVALLERA<\/strong> fino a revoca, chiusura della strada nell&#8217;abitato di Perarolo per attivazione emergenza frana &#8220;Busa del Cristo&#8221;<\/p>\n<p><strong>S.P.2 DELLA VALLE DEL MIS\u00a0<\/strong>Interdizione totale al traffico fino a revoca dal km 14,920 (localit\u00e0 Gona Bassa) al km 20,650 (localit\u00e0 Titele) per cedimento della carreggiata<\/p>\n<p><strong>S.P. 5 DI LAMOSANO<\/strong>\u00a0Interdizione totale fino a revoca per presenza di materiale e alberi in strada.<\/p>\n<p><strong>S.P. 251 DI VAL DI ZOLDO E VAL CELLINA\u00a0<\/strong>dalla localit\u00e0 Soffranco fino all&#8217;imbocco nord della galleria S. Giovanni interdizione totale al transito per cedimento della carreggiata<\/p>\n<p><strong>SP 3 DELLA VAL IMPERINA<\/strong> fino a revoca, senso unico alternato regolato a vista in localit\u00e0 Gona di Conedera di Rivamonte per cedimento della carreggiata stradale<\/p>\n<p>&nbsp;<\/p>\n<div>\n<hr \/>\n<p>&nbsp;<\/p>\n<p class=\"photoswipe-wrapper\"><a class=\"dt-pswp-item pspw-wrap-ready\" href=\"https:\/\/i0.wp.com\/www.radiopiu.net\/wordpress\/wp-content\/uploads\/2018\/09\/WhatsApp-Image-2018-09-20-at-16.04.06.jpeg?ssl=1\" data-dt-img-description=\"\" data-large_image_width=\"800\" data-large_image_height=\"100\"><img loading=\"lazy\" decoding=\"async\" class=\"aligncenter wp-image-61378 size-full jetpack-lazy-image jetpack-lazy-image--handled\" src=\"https:\/\/i0.wp.com\/www.radiopiu.net\/wordpress\/wp-content\/uploads\/2018\/09\/WhatsApp-Image-2018-09-20-at-16.04.06.jpeg?resize=800%2C100&amp;ssl=1\" sizes=\"auto, (max-width: 800px) 100vw, 800px\" srcset=\"https:\/\/i0.wp.com\/www.radiopiu.net\/wordpress\/wp-content\/uploads\/2018\/09\/WhatsApp-Image-2018-09-20-at-16.04.06.jpeg?w=800&amp;ssl=1 800w, https:\/\/i0.wp.com\/www.radiopiu.net\/wordpress\/wp-content\/uploads\/2018\/09\/WhatsApp-Image-2018-09-20-at-16.04.06.jpeg?resize=300%2C38&amp;ssl=1 300w, https:\/\/i0.wp.com\/www.radiopiu.net\/wordpress\/wp-content\/uploads\/2018\/09\/WhatsApp-Image-2018-09-20-at-16.04.06.jpeg?resize=768%2C96&amp;ssl=1 768w\" alt=\"\" width=\"800\" height=\"100\" data-lazy-loaded=\"1\" \/><\/a><\/p>\n<p><b>\u00a0<\/b><\/p>\n<p><center><b>Lunedi 8<\/b><\/center><b>Tempo atteso: <\/b>Nottetempo e nelle prime ore del mattino tempo debolmente perturbato con cielo coperto e fenomeni diffusi. Gi\u00e0 in mattinata attenuazione dei fenomeni, sempre pi\u00f9 residui, con comparsa di qualche schiarita al pomeriggio e nuovo aumento della copertura alla sera con qualche fenomeno. Calo termico a tutte le quote.<br \/>\n<b>Precipitazioni: <\/b>Diffuse perlopi\u00f9 di debole intensit\u00e0 tra notte e primo mattino (80\/90%), poi pi\u00f9 discontinue fino al mezzogiorno, nevose sopra i 1000\/1200 m, localmente a quote pi\u00f9 basse sulle Dolomiti soprattutto nella notte, in cessazione entro mezzogiorno. In 24 ore possibili 5\/15 mm, con altrettanti cm di neve fresca oltre i 1200\/1400 m. Ripresa di deboli precipitazioni nella notte, eventualmente nevose a 800\/1100 m.<br \/>\n<b>Temperature: <\/b>In generale calo. Su Prealpi a 1500 m min -1\u00b0C max 1\u00b0C, a 2000 m min -4\u00b0C max -2\u00b0C. Su Dolomiti a 2000 m min -4\u00b0C max -2\u00b0C, a 3000 m min -11\u00b0C max -8\u00b0C.<br \/>\n<b>Venti: <\/b>Deboli nelle valli; in quota perlopi\u00f9 deboli da sud-ovest, a 5-15 km\/h a 2000 m e 10-30 km\/h a 3000 m.<\/p>\n<hr \/>\n<p><center><b>Martedi 9<\/b><\/center><b>Tempo atteso: <\/b>Dopo un possibile episodio di debole maltempo notturno, schiarite anche ampie fino al pomeriggio. In serata aumento della nuvolosit\u00e0 da ovest fino a cielo molto nuvoloso o coperto, ma senza fenomeni di rilievo.<br \/>\n<b>Precipitazioni: <\/b>Nella notte possibili deboli sparse, nevose a 700\/1000 m, con eventuali accumuli di pochi cm. In giornata assenti (0%).<br \/>\n<b>Temperature: <\/b>Senza variazioni di rilievo. Su Prealpi a 1500 m min -2\u00b0C max 1\u00b0C, a 2000 m min -4\u00b0C max -2\u00b0C. Su Dolomiti a 2000 m min -5\u00b0C max -1\u00b0C, a 3000 m min -10\u00b0C max -7\u00b0C.<br \/>\n<b>Venti: <\/b>Deboli nelle valli; in quota deboli\/moderati da ovest sud-ovest, a 5-20 km\/h a 2000 m e 15-30 km\/h a 3000 m.<\/p>\n<hr \/>\n<p><center><b>Mercoledi 10<\/b><\/center>Tempo perturbato fino al pomeriggio, con cielo coperto e precipitazioni diffuse, perlopi\u00f9 moderate su Prealpi, deboli su Dolomiti, con limite delle nevicate a 800\/1100 m, in lieve rialzo nel corso della giornata, specie sulle zone aperte. Entro sera cessazione dei fenomeni con cielo sempre molto nuvoloso. Temperature diurne in lieve calo. Venti in rotazione a nord-ovest al pomeriggio.<\/p>\n<hr \/>\n<p><center><b>Giovedi 11<\/b><\/center>Splendida giornata di sole, ma fredda e ventosa, anche per Foehn in molte valli e sulle dorsali prealpine. Sensibile calo termico, pi\u00f9 marcato in alta quota. Previsore: G.M.<\/p>\n<p>&nbsp;<\/p>\n<hr \/>\n<p>&nbsp;<\/p>\n<\/div>\n<\/div>\n<p><a href=\"https:\/\/www.radiopiu.net\/wordpress\/giornale-radiopiu-15-settembre-2018-direttore-mirko-mezzacasa\/sport-7\/\" rel=\"attachment wp-att-60761\"><img loading=\"lazy\" decoding=\"async\" class=\"aligncenter wp-image-60761 size-full\" src=\"https:\/\/www.radiopiu.net\/wordpress\/wp-content\/uploads\/2018\/09\/sport.jpg\" alt=\"\" width=\"800\" height=\"100\" srcset=\"https:\/\/www.radiopiu.net\/wordpress\/wp-content\/uploads\/2018\/09\/sport.jpg 800w, https:\/\/www.radiopiu.net\/wordpress\/wp-content\/uploads\/2018\/09\/sport-300x38.jpg 300w, https:\/\/www.radiopiu.net\/wordpress\/wp-content\/uploads\/2018\/09\/sport-768x96.jpg 768w\" sizes=\"auto, (max-width: 800px) 100vw, 800px\" \/><\/a><\/p>\n<p>&nbsp;<\/p>\n<blockquote>\n<h3>L&#8217;ALLEGHE PERDE E FINISCE ULTIMO IN CLASSIFICA, MA SI QUALIFICA PER LA COPPA ITALIA<\/h3>\n<\/blockquote>\n<p class=\"p1\"><strong><a href=\"https:\/\/www.radiopiu.net\/wordpress\/calcio-hockey-il-fine-settimana-sportivo-seguito-da-radio-piu\/hockey-porta\/\" rel=\"attachment wp-att-71539\"><img loading=\"lazy\" decoding=\"async\" class=\"size-medium wp-image-71539 alignleft\" src=\"https:\/\/www.radiopiu.net\/wordpress\/wp-content\/uploads\/2019\/01\/HOCKEY-PORTA-300x150.jpg\" alt=\"\" width=\"300\" height=\"150\" srcset=\"https:\/\/www.radiopiu.net\/wordpress\/wp-content\/uploads\/2019\/01\/HOCKEY-PORTA-300x150.jpg 300w, https:\/\/www.radiopiu.net\/wordpress\/wp-content\/uploads\/2019\/01\/HOCKEY-PORTA-768x384.jpg 768w, https:\/\/www.radiopiu.net\/wordpress\/wp-content\/uploads\/2019\/01\/HOCKEY-PORTA-1024x512.jpg 1024w, https:\/\/www.radiopiu.net\/wordpress\/wp-content\/uploads\/2019\/01\/HOCKEY-PORTA.jpg 2000w\" sizes=\"auto, (max-width: 300px) 100vw, 300px\" \/><\/a>ALLEGHE &#8211; FIEMME 1-2<\/strong><\/p>\n<p class=\"p1\">PARZIALI: 0-0, 1-1, 0-1<\/p>\n<p class=\"p1\">GOL: st. 5\u201931\u201d Kiviranta, 8\u201958\u201d Chelodi. tt. 1\u201923\u201d Vicenzi<\/p>\n<p class=\"p1\"><strong>ALLEGHE<\/strong> L\u2019Alleghe perde di nuovo e termina in fondo alla classifica della IHL. Una serata dolce-amara per la compagine di Matikainen che gioca bene ma paga carissimo due deviazioni sotto porta del Fiemme. I trentini incamerano 3 punti e agordini costretti a vincere le ultime due partite di stagione regolare per sperare nei playoff. Intanto gli alleghesi conquistano un posto in Coppa Italia e mercoled\u00ec sera giocheranno la semifinale contro il Merano, questo grazie alla rinuncia del Caldaro a causa di troppi giocatori positivi al covid. Le squadre si studiano a lungo nella prima parte di gara. Non si scoprono le due sfidanti che per\u00f2 lottano su ogni disco. I portieri stanno a guardare anche perch\u00e9 di tiri in porta non ce n\u2019\u00e8 l\u2019ombra. A farsi vivo \u00e8 il Fiemme con una conclusione che termina di poco alta sulla traversa. Rispondono le civette ma il portiere trentino \u00e8 attento. Ritmi di gioco alti ma la partita sembra non volersi sbloccare. Gli ospiti si fanno pericolosi a fine primo tempo quando una penalit\u00e0 costringe i biancorossi a giocare con l\u2019uomo in meno. Nel secondo drittel l\u2019Alleghe sembra essere pi\u00f9 in forma rispetto agli avversari. Il gioco viene spezzettato pi\u00f9 volte dagli arbitri e le penalit\u00e0 non mancano. Agordini in vantaggio, tiro di De Giacinto e deviazione vincente di Kiviranta. Alla prima superiorit\u00e0 il Fiemme pareggia i conti, tiro di Zanatta e deviazione di Chelodi che spedisce il disco alle spalle di Scola. L\u2019Alleghe rimane senza Lorenzo Dall\u2019Agnol, per lui una penalit\u00e0 partita dopo uno scontro con un avversario. Fiemmesi agguerriti che vanno alla ricerca del vantaggio che arriva ad inizio terzo tempo con un siluro dalla blu di Chelodi ma \u00e8 Vicenzi che beffa il portiere agordino. Fatica ad ingranare la squadra di Matikainen che si fa vedere pi\u00f9 volte dalle parti di Peiti ma non riesce a farsi pericolosa. La partita continua con il Fiemme chiuso in difesa e le civette che non riescono a siglare il pareggio nonostante le tante conclusioni.<\/p>\n<p>&nbsp;<\/p>\n<p>&nbsp;<\/p>\n<hr \/>\n<p>&nbsp;<\/p>\n<blockquote>\n<h3>SI CHIUDE CON 3 VITTORIE IL FINE SETTIMANA DELLE GIOVANILI DELL&#8217;ALLEGHE<\/h3>\n<\/blockquote>\n<p class=\"p1\"><b><a href=\"https:\/\/www.radiopiu.net\/wordpress\/hockey-alleghe\/hockey-557219_1280\/\" rel=\"attachment wp-att-51902\"><img loading=\"lazy\" decoding=\"async\" class=\"size-medium wp-image-51902 alignright\" src=\"https:\/\/www.radiopiu.net\/wordpress\/wp-content\/uploads\/2018\/06\/hockey-557219_1280-300x200.jpg\" alt=\"\" width=\"300\" height=\"200\" srcset=\"https:\/\/www.radiopiu.net\/wordpress\/wp-content\/uploads\/2018\/06\/hockey-557219_1280-300x200.jpg 300w, https:\/\/www.radiopiu.net\/wordpress\/wp-content\/uploads\/2018\/06\/hockey-557219_1280-768x512.jpg 768w, https:\/\/www.radiopiu.net\/wordpress\/wp-content\/uploads\/2018\/06\/hockey-557219_1280-1024x682.jpg 1024w, https:\/\/www.radiopiu.net\/wordpress\/wp-content\/uploads\/2018\/06\/hockey-557219_1280.jpg 1280w\" sizes=\"auto, (max-width: 300px) 100vw, 300px\" \/><\/a>UNDER 13 <\/b><\/p>\n<p class=\"p1\"><b>ALTA BADIA\/ALLEGHE &#8211; BRESSANONE 4-3<\/b><\/p>\n<p class=\"p1\">Continua a vincere l\u2019Alta Badia\/Alleghe che conquista 3 punti in casa contro il Bressanone. Una vittoria di misura quella dei giovani Under 13 che se la sono giocata contro gli altoatesini. Due vittorie in altrettante partite giocate e squadra mista in testa alla classifica del girone Alto Adige Est.<\/p>\n<p class=\"p1\"><b>UNDER 15 <\/b><\/p>\n<p class=\"p1\"><b>ALLEGHE &#8211; PADOVA 8-1<\/b><\/p>\n<p class=\"p1\">Tutto facile per le civette Under 15 che al De Toni sotterrano di gol il Padova. Partita a senso unico con gli agordini che mettono subito in chiaro le cose siglando due gol in rapida successione. Continua la supremazia dell\u2019Alleghe che continua a segnare un gol dopo l\u2019altro lasciando spazio agli avversari solo in una occasione.<\/p>\n<p class=\"p1\"><b>UNDER 17 <\/b><\/p>\n<p class=\"p1\"><b>ASIAGO &#8211; ALLEGHE<\/b><\/p>\n<p class=\"p1\">Rinviata a data da destinarsi<\/p>\n<p class=\"p1\"><b>UNDER 19 <\/b><\/p>\n<p class=\"p1\"><b>CADORE &#8211; FASSA\/ALLEGHE 1-3<\/b><\/p>\n<p class=\"p1\">Seconda vittoria consecutiva per il Fassa\/Alleghe Under 19 che vince il derby contro il Cadore. Fassani\/alleghesi che passano in vantaggio dopo 3\u2019 con Giolai. Il raddoppio nel secondo tempo con Martini. Nella terza frazione i cadorini le provano tutte per riprendere in mano la partita ma riescono solo a siglare la rete della bandiera prima che De Silvestro metta la firma sulla terza rete del Fassa\/Alleghe.<\/p>\n","protected":false},"excerpt":{"rendered":"<p>PER RICEVERE QUESTO NOTIZIARIO DIRETTAMENTE SUL TUO CELLULARE ISCRIVITI AL CANALE TELEGRAM \u201cRADIO PIU\u00a0 INFORMAZIONE&#8221;\u00a0 SUPERATI I 3000 ISCRITTI, il CANALE TELEGRAM&#8230; UNISCITI A: RADIO PIU INFORMAZIONE &nbsp; Cortina 2021, troppa neve in pista: combinata femminile annullata &nbsp; Come anticipato nella rassegna stampa delle otto: la combinata femminile che avrebbe dovuto aprire i Mondiali di&hellip;<\/p>\n","protected":false},"author":4,"featured_media":189553,"comment_status":"closed","ping_status":"closed","sticky":false,"template":"","format":"standard","meta":{"_monsterinsights_skip_tracking":false,"_monsterinsights_sitenote_active":false,"_monsterinsights_sitenote_note":"","_monsterinsights_sitenote_category":0,"footnotes":""},"categories":[1,51,86,49],"tags":[],"class_list":["post-189447","post","type-post","status-publish","format-standard","has-post-thumbnail","hentry","category-senza-categoria","category-evidenza-top","category-gr","category-news-18","category-1","category-51","category-86","category-49","description-off"],"img_url":"https:\/\/www.radiopiu.net\/wordpress\/wp-content\/uploads\/2021\/02\/8d80cc17-1ddd-452a-9374-64b78db75ded.jpg","_links":{"self":[{"href":"https:\/\/www.radiopiu.net\/wordpress\/wp-json\/wp\/v2\/posts\/189447","targetHints":{"allow":["GET"]}}],"collection":[{"href":"https:\/\/www.radiopiu.net\/wordpress\/wp-json\/wp\/v2\/posts"}],"about":[{"href":"https:\/\/www.radiopiu.net\/wordpress\/wp-json\/wp\/v2\/types\/post"}],"author":[{"embeddable":true,"href":"https:\/\/www.radiopiu.net\/wordpress\/wp-json\/wp\/v2\/users\/4"}],"replies":[{"embeddable":true,"href":"https:\/\/www.radiopiu.net\/wordpress\/wp-json\/wp\/v2\/comments?post=189447"}],"version-history":[{"count":0,"href":"https:\/\/www.radiopiu.net\/wordpress\/wp-json\/wp\/v2\/posts\/189447\/revisions"}],"wp:featuredmedia":[{"embeddable":true,"href":"https:\/\/www.radiopiu.net\/wordpress\/wp-json\/wp\/v2\/media\/189553"}],"wp:attachment":[{"href":"https:\/\/www.radiopiu.net\/wordpress\/wp-json\/wp\/v2\/media?parent=189447"}],"wp:term":[{"taxonomy":"category","embeddable":true,"href":"https:\/\/www.radiopiu.net\/wordpress\/wp-json\/wp\/v2\/categories?post=189447"},{"taxonomy":"post_tag","embeddable":true,"href":"https:\/\/www.radiopiu.net\/wordpress\/wp-json\/wp\/v2\/tags?post=189447"}],"curies":[{"name":"wp","href":"https:\/\/api.w.org\/{rel}","templated":true}]}}