{"id":189514,"date":"2021-10-26T04:56:09","date_gmt":"2021-10-26T02:56:09","guid":{"rendered":"https:\/\/www.radiopiu.net\/wordpress\/?p=189514"},"modified":"2021-10-26T05:38:52","modified_gmt":"2021-10-26T03:38:52","slug":"liliablas","status":"publish","type":"post","link":"https:\/\/www.radiopiu.net\/wordpress\/liliablas\/","title":{"rendered":"IN DUE ANNI, SESSANTA ARRESTI, UN MIGLIAIO DI DENUNCIATI:   L&#8217;IMPEGNO DEL QUESTORE LILIA FREDELLA IN PARTENZA PER LA SPEZIA"},"content":{"rendered":"<p>&nbsp;<\/p>\n<h2><\/h2>\n<p><strong><img loading=\"lazy\" decoding=\"async\" class=\"alignleft\" src=\"https:\/\/www.radiopiu.net\/wordpress\/wp-content\/uploads\/2021\/10\/6b235445-ebd7-4799-88e3-79ce624dd8bd.jpg\" width=\"216\" height=\"162\" \/>BELLUNO<\/strong><\/p>\n<p>Il saluto al bellunese del Questore Lilia Fredella, le difficolt\u00e0 del periodo covid\u00a0 con 20 positivi in due giorni. <em>&#8220;I dipendenti della Questura hanno risposto in maniera significativa alla vaccinazione cautelando se stessi, ma soprattutto gli altri&#8221;.\u00a0<\/em>I mondiali di Cortina, il primo evento internazionale nella pandemia con un tampone ogni 3 giorni, 6 i casi di contagio da personale aggregato<\/p>\n<p>&nbsp;<\/p>\n<p><strong> di Moreno Gioli\u00a0<\/strong><\/p>\n<audio class=\"wp-audio-shortcode\" id=\"audio-189514-1\" preload=\"none\" style=\"width: 100%;\" controls=\"controls\"><source type=\"audio\/mpeg\" src=\"https:\/\/www.radiopiu.net\/wordpress\/wp-content\/uploads\/2021\/10\/moreno-gioli.mp3?_=1\" \/><a href=\"https:\/\/www.radiopiu.net\/wordpress\/wp-content\/uploads\/2021\/10\/moreno-gioli.mp3\">https:\/\/www.radiopiu.net\/wordpress\/wp-content\/uploads\/2021\/10\/moreno-gioli.mp3<\/a><\/audio>\n<p>&nbsp;<\/p>\n<p>IL QUESTORE LILIA FREDELLA<\/p>\n<audio class=\"wp-audio-shortcode\" id=\"audio-189514-2\" preload=\"none\" style=\"width: 100%;\" controls=\"controls\"><source type=\"audio\/mpeg\" src=\"https:\/\/www.radiopiu.net\/wordpress\/wp-content\/uploads\/2021\/10\/fredella.mp3?_=2\" \/><a href=\"https:\/\/www.radiopiu.net\/wordpress\/wp-content\/uploads\/2021\/10\/fredella.mp3\">https:\/\/www.radiopiu.net\/wordpress\/wp-content\/uploads\/2021\/10\/fredella.mp3<\/a><\/audio>\n<p>&nbsp;<\/p>\n<p>&nbsp;<\/p>\n<p>&nbsp;<\/p>\n<p>&nbsp;<\/p>\n<hr \/>\n<blockquote>\n<h3><\/h3>\n<h3>DAL GIORNALE RADIOPIU DEL 22 OTTOBRE 2021<\/h3>\n<h3>LILIA FREDELLA LASCIA BELLUNO PER LA SPEZIA, IN ARRIVO MAGGESE<\/h3>\n<\/blockquote>\n<p><a href=\"https:\/\/www.radiopiu.net\/wordpress\/giornale-radiopiu-22-ottobre-2021-direttore-mirko-mezzacasa\/th-224\/\" rel=\"attachment wp-att-238383\"><img loading=\"lazy\" decoding=\"async\" class=\"size-medium wp-image-238383 alignleft\" src=\"https:\/\/www.radiopiu.net\/wordpress\/wp-content\/uploads\/2021\/10\/th-21.jpg\" alt=\"\" width=\"296\" height=\"198\" \/><\/a><\/p>\n<h2>BELLUNO Cambio della guardia venerdi 29 in Questura\u00a0 a Belluno. \u00a0Lilia Fredella partir\u00e0 per La Spezia. Al vertice della Quetura bellunese sieder\u00e0 Giuseppe Maggese, bolognese, esperto di ordine pubblico e immigrazione, dirigente superiore della polizia, attualmente dirigente del compartimento polizia stradale del Friuli Venezia Giulia.\u00a0 Lilia Fredella si era insediata il 2 settembre 2019. Il suo passato la ricorda per aver contribuito all&#8217;arresto di Massimo Bossetti, accusato dell&#8217;omicidio di Yara Gambirasio in Lombardia. In provincia non si \u00e8 fatta attendere per professionalit\u00e0 e capacit\u00e0 relazionali: la gestione dei Mondiali di sci di Cortina, in piena pandemia, oggi viene esportata come modello in tutto il mondo.<\/h2>\n<p>&nbsp;<\/p>\n<p>&nbsp;<\/p>\n<p><span style=\"color: #ff0000;\">ARCHIVIO RADIO PIU 7 FEBBRAIO 2021<\/span><\/p>\n<p><strong>IL QUESTORE LILIA FREDELLA, TANTI ASPETTI DA CONSIDERARE AD INIZIARE DA QUELLO SANITARIO<\/strong><\/p>\n<blockquote><p><em> <a href=\"https:\/\/www.radiopiu.net\/wordpress\/il-questore-lilia-fredella-tanti-aspetti-da-considerare-ad-iniziare-da-quello-sanitario\/0e6f498f-acbe-434e-af9e-5274a311eff4\/\" rel=\"attachment wp-att-189515\"><img loading=\"lazy\" decoding=\"async\" class=\" wp-image-189515 alignleft\" src=\"https:\/\/www.radiopiu.net\/wordpress\/wp-content\/uploads\/2021\/02\/0e6f498f-acbe-434e-af9e-5274a311eff4-300x200.jpg\" alt=\"\" width=\"233\" height=\"155\" srcset=\"https:\/\/www.radiopiu.net\/wordpress\/wp-content\/uploads\/2021\/02\/0e6f498f-acbe-434e-af9e-5274a311eff4-300x200.jpg 300w, https:\/\/www.radiopiu.net\/wordpress\/wp-content\/uploads\/2021\/02\/0e6f498f-acbe-434e-af9e-5274a311eff4-768x512.jpg 768w, https:\/\/www.radiopiu.net\/wordpress\/wp-content\/uploads\/2021\/02\/0e6f498f-acbe-434e-af9e-5274a311eff4.jpg 1024w\" sizes=\"auto, (max-width: 233px) 100vw, 233px\" \/><\/a>Lilia Fredella, la voce del Questore, &#8220;Un paio d&#8217;anni di preparazione per un evento tanto importate tra le complicazioni della pandemia. Un lavoro un progressione tra tante\u00a0 variabili&#8230;&#8221;<\/em><\/p><\/blockquote>\n<p><span style=\"color: #0000ff;\">COLLABORAZIONE WIRNA TRICHES_BABARA BORTOLUZZI<\/span><\/p>\n<p>&nbsp;<\/p>\n<audio class=\"wp-audio-shortcode\" id=\"audio-189514-3\" preload=\"none\" style=\"width: 100%;\" controls=\"controls\"><source type=\"audio\/mpeg\" src=\"https:\/\/www.radiopiu.net\/wordpress\/wp-content\/uploads\/2021\/02\/FREDELLA.mp3?_=3\" \/><a href=\"https:\/\/www.radiopiu.net\/wordpress\/wp-content\/uploads\/2021\/02\/FREDELLA.mp3\">https:\/\/www.radiopiu.net\/wordpress\/wp-content\/uploads\/2021\/02\/FREDELLA.mp3<\/a><\/audio>\n<p><span style=\"color: #0000ff;\"><strong>CON LA POLIZIA DI STATO A CORTINA 2021<\/strong><\/span><br \/>\n<span style=\"color: #0000ff;\"><strong>RACCOLTA COMPLETA\u00a0<\/strong><\/span><\/p>\n<blockquote class=\"wp-embedded-content\" data-secret=\"3vPr2ojPgH\"><p><a href=\"https:\/\/www.radiopiu.net\/wordpress\/la-polizia-di-stato-a-cortina-2021\/\">La Polizia di Stato a Cortina 2021<\/a><\/p><\/blockquote>\n<p><iframe loading=\"lazy\" class=\"wp-embedded-content\" sandbox=\"allow-scripts\" security=\"restricted\" style=\"position: absolute; clip: rect(1px, 1px, 1px, 1px);\" title=\"&#8220;La Polizia di Stato a Cortina 2021&#8221; &#8212; Radio Pi\u00f9\" src=\"https:\/\/www.radiopiu.net\/wordpress\/la-polizia-di-stato-a-cortina-2021\/embed\/#?secret=3vPr2ojPgH\" data-secret=\"3vPr2ojPgH\" width=\"600\" height=\"338\" frameborder=\"0\" marginwidth=\"0\" marginheight=\"0\" scrolling=\"no\"><\/iframe><\/p>\n<p>&nbsp;<\/p>\n","protected":false},"excerpt":{"rendered":"<p>&nbsp; BELLUNO Il saluto al bellunese del Questore Lilia Fredella, le difficolt\u00e0 del periodo covid\u00a0 con 20 positivi in due giorni. &#8220;I dipendenti della Questura hanno risposto in maniera significativa alla vaccinazione cautelando se stessi, ma soprattutto gli altri&#8221;.\u00a0I mondiali di Cortina, il primo evento internazionale nella pandemia con un tampone ogni 3 giorni, 6&hellip;<\/p>\n","protected":false},"author":4,"featured_media":238962,"comment_status":"closed","ping_status":"closed","sticky":false,"template":"","format":"standard","meta":{"_monsterinsights_skip_tracking":false,"_monsterinsights_sitenote_active":false,"_monsterinsights_sitenote_note":"","_monsterinsights_sitenote_category":0,"footnotes":""},"categories":[104,49,137],"tags":[],"class_list":["post-189514","post","type-post","status-publish","format-standard","has-post-thumbnail","hentry","category-evidenza_3","category-news-18","category-polizia-cortina","category-104","category-49","category-137","description-off"],"img_url":"https:\/\/www.radiopiu.net\/wordpress\/wp-content\/uploads\/2021\/10\/6b235445-ebd7-4799-88e3-79ce624dd8bd.jpg","_links":{"self":[{"href":"https:\/\/www.radiopiu.net\/wordpress\/wp-json\/wp\/v2\/posts\/189514","targetHints":{"allow":["GET"]}}],"collection":[{"href":"https:\/\/www.radiopiu.net\/wordpress\/wp-json\/wp\/v2\/posts"}],"about":[{"href":"https:\/\/www.radiopiu.net\/wordpress\/wp-json\/wp\/v2\/types\/post"}],"author":[{"embeddable":true,"href":"https:\/\/www.radiopiu.net\/wordpress\/wp-json\/wp\/v2\/users\/4"}],"replies":[{"embeddable":true,"href":"https:\/\/www.radiopiu.net\/wordpress\/wp-json\/wp\/v2\/comments?post=189514"}],"version-history":[{"count":0,"href":"https:\/\/www.radiopiu.net\/wordpress\/wp-json\/wp\/v2\/posts\/189514\/revisions"}],"wp:featuredmedia":[{"embeddable":true,"href":"https:\/\/www.radiopiu.net\/wordpress\/wp-json\/wp\/v2\/media\/238962"}],"wp:attachment":[{"href":"https:\/\/www.radiopiu.net\/wordpress\/wp-json\/wp\/v2\/media?parent=189514"}],"wp:term":[{"taxonomy":"category","embeddable":true,"href":"https:\/\/www.radiopiu.net\/wordpress\/wp-json\/wp\/v2\/categories?post=189514"},{"taxonomy":"post_tag","embeddable":true,"href":"https:\/\/www.radiopiu.net\/wordpress\/wp-json\/wp\/v2\/tags?post=189514"}],"curies":[{"name":"wp","href":"https:\/\/api.w.org\/{rel}","templated":true}]}}