{"id":189552,"date":"2021-02-07T23:59:05","date_gmt":"2021-02-07T22:59:05","guid":{"rendered":"https:\/\/www.radiopiu.net\/wordpress\/?p=189552"},"modified":"2021-02-08T06:13:21","modified_gmt":"2021-02-08T05:13:21","slug":"a-settembre-compleanno-numero-129-per-il-rifugio-venezia-sul-monte-pelmo-di-renato-bona","status":"publish","type":"post","link":"https:\/\/www.radiopiu.net\/wordpress\/a-settembre-compleanno-numero-129-per-il-rifugio-venezia-sul-monte-pelmo-di-renato-bona\/","title":{"rendered":"A SETTEMBRE COMPLEANNO NUMERO 129 PER Il RIFUGIO VENEZIA SUL MONTE PELMO di  RENATO BONA"},"content":{"rendered":"<p>Bellunese d\u2019adozione e per discendenza materna, il prof. Giovanni Angelini, professionista di primissimo piano in campo medico e, fra l\u2019altro, grande appassionato della montagna (\u00e8 mancato il 16 maggio 1990 all\u2019et\u00e0 di 85 anni) \u00e8 stato autore, come abbiamo gi\u00e0 avuto modo di ricordare, del libro \u201cPelmo d\u2019altri tempi\u201d edito nell\u2019ottobre 1987 da Nuovi Sentieri di Bepi Pellegrinon (altro notevole conoscitore di cose di montagna e non solo), per i tipi della bolognese Arti grafiche Tamari e con storiche immagini riprodotte dal fotografo bellunese De Santi. Sul capitolo \u201cRifugio \u2018Venezia\u2019 inaugurato nel 1892\u201d ci soffermiamo per rammentare, con parole dello stesso Angelini, che: \u201cIn Ampezzo gi\u00e0 erano sorti tre rifugi di montagna: Rifugio Nuvolao (Nuvol\u00f3u: costruito a spese del barone R. de Meerheimb di Dresda, per riconoscenza di riacquistata salute, nel 1883, poi \u2018Sachsendankb\u00fctte\u2019), Rifugio Tofana alla Forcella di Fontana Negra (1886), Rifugio Sorapis (Sorapiss: nel 1890; \u2018Pfalzgau\u2019)\u201d. Sulle Dolomiti allora italiane, il primo rifugio fu quello progettato dalla Sezione di Venezia del Cai fondata da poco, nel 1890 ma che \u201cdimostr\u00f2 una saggia intraprendenza nel compiere nuove opere alpine: in tre lustri port\u00f2 a termine 4 rifugi sulle Dolomiti\u201d. Citando la \u201cRivista Mensile\u201d del novembre 1891, Angelini richiamava quanto comunicato dalla direzione nazionale: \u201cRifugio al Pelmo. La direzione della sezione di Venezia ha deliberato di sottoporre alla prossima assemblea dei soci un progetto per la costruzione di una capanna alla base delle roccie del Pelmo, e precisamente presso il limite fra i Campi di Najeron e quelli di Rutorto, fra la vallata del Ma\u00e8 e quella del Boite. Il Pelmo (3168 m.), che per altezza \u00e8 una delle pi\u00f9 cospicue vette nelle Alpi Bellunesi, non ha rivali per la maestosa imponenza delle sue roccie, per la bellezza del panorama che si gode dalla sua cima, per l\u2019amenit\u00e0 delle vie d\u2019accesso\u2026 La capanna verrebbe costruita a circa 2100 metri di altitudine, ad una distanza presso a poco uguale da San Vito, da Borca e da Forno di Zoldo, ed a circa 4 ore dalla sommit\u00e0. La Direzione si ripromette di vederla ultimata entro la stagione alpina 1892\u201d. E cos\u00ec fu. Opportunamente Giovanni Angelini ricordava che: \u201c\u2026Fu chiesto anche consiglio &#8211; per quel che si sa \u2013 alla Sezione di Belluno, costituitasi nel 1891, la quale fu subito molto impegnata nel preparare il successivo Congresso degli alpini italiani nel 1893\u201d evidenziando poi che \u201cLa Sezione di Venezia fu alacre nel predisporre i mezzi ma fu molto fortunata nell\u2019affidare la costruzione del primo rifugio &#8211; e poi dei successivi &#8211; a una impresa particolarmente montanara: la Pasqualin e Vienna, con sede a Venezia (allora a Santa Marta, poi in Calle dei Guardiani), fondata da Adriano Pasqualin (1846-1931) di Zoldo, fratellastro della guida Rinaldo Pasqualin, fattosi dal nulla e poi cavaliere del lavoro, e da Paolo Vienna (nato a Termine di Cadore nel 1843, morto a Venezia nel 1922) suo cognato, entrambi montanari e cacciatori di camosci. L\u2019impresa raggiunse una grande floridezza nei primi decenni di questo secolo ed ebbe grande importanza anche nella Val di Zoldo, per il reclutamento di mano d\u2019opera specializzata in carpenteria per grandi opere E siamo al 20 giugno 1892 quando la Pasqualin e Vienna presentava la sua offerta per la realizzazione del rifugio alla base del Pelmo (cucina e camera da pranzo al pianoterra, due camere da 6 e 4 letti, soffitta con finestra per le guide alpine e in caso di bisogno per i viaggiatori; una piccola fontana a pochi metri che fornisce \u201cacqua eccellente\u201d); \u00e8 datata 23 giugno l\u2019accettazione dell\u2019offerta da parte del Cai veneziano. L\u201911 settembre di quello stesso anno la cerimonia inaugurale del rifugio! La \u201cRivista Mensile\u201d dello stesso mese ospitava un servizio siglato F.V. presumibilmente l\u2019autore era Feliciano Vinanti, fondatore e primo presidente della Sezione Cai bellunese. Angelini ne cita alcuni passi: \u201c\u2026 alle 5,30, il tempo non poteva essere pi\u00f9 bello, la comitiva s\u2019incammin\u00f2 alla volta del rifugio dove giunse dopo circa 3 ore e mezza, passate quasi senza accorgersi perch\u00e9 la magnificenza dei paesaggi che si godevano lungo il tragitto, e le grandi discussioni alpinistiche sulla salita del Pelmo, che si presentava imponente, assorbivano tutta l\u2019attenzione, n\u00e9 restava tempo a nessuno di badare alla fatica dell\u2019ascesa che si andava compiendo\u2026 Ad ogni momento si vedeva spuntare sulle alture circostanti nuova gente che saliva o da Zoldo o dalla parte di Oltrechiusa. Erano anche le rappresentanze comunali e sociali dei dintorni colle loro bandiere, che veniva ad accrescere la solennit\u00e0 della festa. Alle 10 erano oltre 400 persone riunite lass\u00f9\u2026 Don Natale Talamini diede la benedizione\u2026 quindi la gentile signorina Olga Zecchini, scelta a madrina, spezz\u00f2 la tradizionale bottiglia di champagne in mezzo agli evviva frenetici e al suono della Marcia reale. Il maestro di Zopp\u00e8 fece cantare dalla numerosissima scolaresca condotta lass\u00f9, un inno scritto per l\u2019occasione, e il dottore M\u00fcller salut\u00f2 in nome di Zoldo gli alpinisti, inneggi\u00f2 al fausto avvenimento, e termin\u00f2 col portare anche i saluti degli Alpinisti Triestini, sollevando una salva di urr\u00e0. La brava e instancabile banda di Zoldo suon\u00f2 dopo una marcia scritta appositamente anche questa per la circostanza e dedicata alla Sezione di Venezia\u201d. Poi parlarono: il conte Tiepolo, Guido Fusinato, Feliciano Vinanti, Giuseppe D\u2019Anna, Edoardo Coletti, il dott. Vicentini. In conclusione, l\u2019autore di \u201cPelmo d\u2019altri tempi\u201d citando ancora Vinanti, ricordava che questi aveva scritto in chiusura del suo servizio: \u201cQuanto al Pelmo, \u00e8 nostro debito rilevare che lo stesso giorno11, mentre noi si stava inaugurando la capanna, la pi\u00f9 valorosa delle alpiniste della nostre regione, la gentilissima signorina Irene Pagani di Colle Umberto (socia della Sezione di Agordo) inaugurava, felicissimo auspicio, la serie delle ascensioni dalla capanna medesima, in cui aveva passata la notte dal 10 all\u201911. Con l\u2019usato valore essa super\u00f2 le maggiori difficolt\u00e0 che presentava la quantit\u00e0 di neve caduta il giorno innanzi\u2026\u201d.<\/p>\n\n\t\t\t<style type='text\/css'>\n\t\t\t\t#gallery-1 {\n\t\t\t\t\tmargin: auto;\n\t\t\t\t}\n\t\t\t\t#gallery-1 .gallery-item {\n\t\t\t\t\tfloat: left;\n\t\t\t\t\tmargin-top: 10px;\n\t\t\t\t\ttext-align: center;\n\t\t\t\t\twidth: 33%;\n\t\t\t\t}\n\t\t\t\t#gallery-1 img {\n\t\t\t\t\tborder: 2px solid #cfcfcf;\n\t\t\t\t}\n\t\t\t\t#gallery-1 .gallery-caption {\n\t\t\t\t\tmargin-left: 0;\n\t\t\t\t}\n\t\t\t\t\/* see gallery_shortcode() in wp-includes\/media.php *\/\n\t\t\t<\/style>\n\t\t<div id='gallery-1' class='dt-gallery-container gallery galleryid-189552 gallery-columns-3 gallery-size-thumbnail'><dl class='gallery-item'>\n\t\t\t\t<dt class='gallery-icon landscape'>\n\t\t\t\t\t<a class=\"rollover rollover-zoom dt-pswp-item\" title=\"147671284_414434469848414_3700122625461813903_n\" data-dt-img-description=\"\" data-large_image_width=\"960\" data-large_image_height=\"638\"href='https:\/\/www.radiopiu.net\/wordpress\/wp-content\/uploads\/2021\/02\/147671284_414434469848414_3700122625461813903_n.jpg'><img loading=\"lazy\" decoding=\"async\" width=\"150\" height=\"150\" src=\"https:\/\/www.radiopiu.net\/wordpress\/wp-content\/uploads\/2021\/02\/147671284_414434469848414_3700122625461813903_n-150x150.jpg\" class=\"attachment-thumbnail size-thumbnail\" alt=\"\" \/><\/a>\n\t\t\t\t<\/dt><\/dl><dl class='gallery-item'>\n\t\t\t\t<dt class='gallery-icon landscape'>\n\t\t\t\t\t<a class=\"rollover rollover-zoom dt-pswp-item\" title=\"145735551_872855380169607_8380731016596311707_n\" data-dt-img-description=\"\" data-large_image_width=\"2560\" data-large_image_height=\"1619\"href='https:\/\/www.radiopiu.net\/wordpress\/wp-content\/uploads\/2021\/02\/145735551_872855380169607_8380731016596311707_n-scaled.jpg'><img loading=\"lazy\" decoding=\"async\" width=\"150\" height=\"150\" src=\"https:\/\/www.radiopiu.net\/wordpress\/wp-content\/uploads\/2021\/02\/145735551_872855380169607_8380731016596311707_n-150x150.jpg\" class=\"attachment-thumbnail size-thumbnail\" alt=\"\" \/><\/a>\n\t\t\t\t<\/dt><\/dl><dl class='gallery-item'>\n\t\t\t\t<dt class='gallery-icon landscape'>\n\t\t\t\t\t<a class=\"rollover rollover-zoom dt-pswp-item\" title=\"147733429_143024127661791_5047144474326867133_n\" data-dt-img-description=\"\" data-large_image_width=\"2560\" data-large_image_height=\"1661\"href='https:\/\/www.radiopiu.net\/wordpress\/wp-content\/uploads\/2021\/02\/147733429_143024127661791_5047144474326867133_n-scaled.jpg'><img loading=\"lazy\" decoding=\"async\" width=\"150\" height=\"150\" src=\"https:\/\/www.radiopiu.net\/wordpress\/wp-content\/uploads\/2021\/02\/147733429_143024127661791_5047144474326867133_n-150x150.jpg\" class=\"attachment-thumbnail size-thumbnail\" alt=\"\" \/><\/a>\n\t\t\t\t<\/dt><\/dl><br style=\"clear: both\" \/><dl class='gallery-item'>\n\t\t\t\t<dt class='gallery-icon landscape'>\n\t\t\t\t\t<a class=\"rollover rollover-zoom dt-pswp-item\" title=\"148171205_326776428723300_8726736226625726380_n\" data-dt-img-description=\"\" data-large_image_width=\"2560\" data-large_image_height=\"1799\"href='https:\/\/www.radiopiu.net\/wordpress\/wp-content\/uploads\/2021\/02\/148171205_326776428723300_8726736226625726380_n-scaled.jpg'><img loading=\"lazy\" decoding=\"async\" width=\"150\" height=\"150\" src=\"https:\/\/www.radiopiu.net\/wordpress\/wp-content\/uploads\/2021\/02\/148171205_326776428723300_8726736226625726380_n-150x150.jpg\" class=\"attachment-thumbnail size-thumbnail\" alt=\"\" \/><\/a>\n\t\t\t\t<\/dt><\/dl><dl class='gallery-item'>\n\t\t\t\t<dt class='gallery-icon landscape'>\n\t\t\t\t\t<a class=\"rollover rollover-zoom dt-pswp-item\" title=\"147364151_415254129535057_8935404275070352081_n\" data-dt-img-description=\"\" data-large_image_width=\"2560\" data-large_image_height=\"1811\"href='https:\/\/www.radiopiu.net\/wordpress\/wp-content\/uploads\/2021\/02\/147364151_415254129535057_8935404275070352081_n-scaled.jpg'><img loading=\"lazy\" decoding=\"async\" width=\"150\" height=\"150\" src=\"https:\/\/www.radiopiu.net\/wordpress\/wp-content\/uploads\/2021\/02\/147364151_415254129535057_8935404275070352081_n-150x150.jpg\" class=\"attachment-thumbnail size-thumbnail\" alt=\"\" \/><\/a>\n\t\t\t\t<\/dt><\/dl><dl class='gallery-item'>\n\t\t\t\t<dt class='gallery-icon landscape'>\n\t\t\t\t\t<a class=\"rollover rollover-zoom dt-pswp-item\" title=\"147589820_494551461529895_7161558218045322260_n\" data-dt-img-description=\"\" data-large_image_width=\"2560\" data-large_image_height=\"1725\"href='https:\/\/www.radiopiu.net\/wordpress\/wp-content\/uploads\/2021\/02\/147589820_494551461529895_7161558218045322260_n-scaled.jpg'><img loading=\"lazy\" decoding=\"async\" width=\"150\" height=\"150\" src=\"https:\/\/www.radiopiu.net\/wordpress\/wp-content\/uploads\/2021\/02\/147589820_494551461529895_7161558218045322260_n-150x150.jpg\" class=\"attachment-thumbnail size-thumbnail\" alt=\"\" \/><\/a>\n\t\t\t\t<\/dt><\/dl><br style=\"clear: both\" \/>\n\t\t\t<\/div>\n\n<p>NELLE FOTO (riproduzioni dal libro \u201cPelmo d\u2019altri tempi\u201d e sito \u201crifugiovenezia.it\u201d): un momento della cerimonia inaugurale del Rifugio della sezione Cai di Venezia (archivio Adriano Pasqualin); alpiniste ed escursioniste intervenute nell\u2019abbigliamento dell\u2019epoca (Pasqualin); scorcio del \u201cVenezia\u201d al Pelmo (Pasqualin); il Rifugio ai primordi del secolo (Breveglieri Belluno); cos\u00ec il \u201cVenezia\u201d dopo essere stato incendiato nel 1944 durante la seconda guerra mondiale (G.A. 1945); la struttura come si presenta oggi.<\/p>\n","protected":false},"excerpt":{"rendered":"<p>Bellunese d\u2019adozione e per discendenza materna, il prof. Giovanni Angelini, professionista di primissimo piano in campo medico e, fra l\u2019altro, grande appassionato della montagna (\u00e8 mancato il 16 maggio 1990 all\u2019et\u00e0 di 85 anni) \u00e8 stato autore, come abbiamo gi\u00e0 avuto modo di ricordare, del libro \u201cPelmo d\u2019altri tempi\u201d edito nell\u2019ottobre 1987 da Nuovi Sentieri&hellip;<\/p>\n","protected":false},"author":4,"featured_media":189574,"comment_status":"closed","ping_status":"closed","sticky":false,"template":"","format":"standard","meta":{"_monsterinsights_skip_tracking":false,"_monsterinsights_sitenote_active":false,"_monsterinsights_sitenote_note":"","_monsterinsights_sitenote_category":0,"footnotes":""},"categories":[104,49],"tags":[],"class_list":["post-189552","post","type-post","status-publish","format-standard","has-post-thumbnail","hentry","category-evidenza_3","category-news-18","category-104","category-49","description-off"],"img_url":"https:\/\/www.radiopiu.net\/wordpress\/wp-content\/uploads\/2021\/02\/147671284_414434469848414_3700122625461813903_n.jpg","_links":{"self":[{"href":"https:\/\/www.radiopiu.net\/wordpress\/wp-json\/wp\/v2\/posts\/189552","targetHints":{"allow":["GET"]}}],"collection":[{"href":"https:\/\/www.radiopiu.net\/wordpress\/wp-json\/wp\/v2\/posts"}],"about":[{"href":"https:\/\/www.radiopiu.net\/wordpress\/wp-json\/wp\/v2\/types\/post"}],"author":[{"embeddable":true,"href":"https:\/\/www.radiopiu.net\/wordpress\/wp-json\/wp\/v2\/users\/4"}],"replies":[{"embeddable":true,"href":"https:\/\/www.radiopiu.net\/wordpress\/wp-json\/wp\/v2\/comments?post=189552"}],"version-history":[{"count":0,"href":"https:\/\/www.radiopiu.net\/wordpress\/wp-json\/wp\/v2\/posts\/189552\/revisions"}],"wp:featuredmedia":[{"embeddable":true,"href":"https:\/\/www.radiopiu.net\/wordpress\/wp-json\/wp\/v2\/media\/189574"}],"wp:attachment":[{"href":"https:\/\/www.radiopiu.net\/wordpress\/wp-json\/wp\/v2\/media?parent=189552"}],"wp:term":[{"taxonomy":"category","embeddable":true,"href":"https:\/\/www.radiopiu.net\/wordpress\/wp-json\/wp\/v2\/categories?post=189552"},{"taxonomy":"post_tag","embeddable":true,"href":"https:\/\/www.radiopiu.net\/wordpress\/wp-json\/wp\/v2\/tags?post=189552"}],"curies":[{"name":"wp","href":"https:\/\/api.w.org\/{rel}","templated":true}]}}