{"id":189769,"date":"2021-02-08T12:25:36","date_gmt":"2021-02-08T11:25:36","guid":{"rendered":"https:\/\/www.radiopiu.net\/wordpress\/?p=189769"},"modified":"2021-02-08T14:04:18","modified_gmt":"2021-02-08T13:04:18","slug":"primo-week-end-in-giallo","status":"publish","type":"post","link":"https:\/\/www.radiopiu.net\/wordpress\/primo-week-end-in-giallo\/","title":{"rendered":"PRIMO WEEK END IN GIALLO,&#8221;NON ESCLUDO ORDINANZA ANCHE SE L&#8217;ECONOMIA NON NE HA BISOGNO&#8221; IL PUNTO COVID DA VENEZIA CON ZAIA"},"content":{"rendered":"<p><strong>VENEZIA<\/strong> Aggiornamento covid19 da Marghera, la conferenza stampa di Luca Zaia.<\/p>\n<p><strong>I NUMERI<\/strong><\/p>\n<p>TAMPONI MOLECOLARI 3827806 TAMPONI RAPIDI 2755957 TOTALE TAMPONI 14.669 POSITIVI NELLE 24 ORE +442\u00a0 INCIDENZA POSITIVI-TAMPONE 3,01% POSITIVI DA INIZIO EPIDEMIA 317278 POSITIVI ATTUALI 26930 RICOVERI 1824 IN AREA NON CRITICA 1637di cui 1110 positivi\u00a0 (-7) IN TERAPIA INTENSIVA 188 ma di covid 153 (-1) DECESSI 9299 +18 DIMESSI 14903<\/p>\n<p>&nbsp;<\/p>\n<blockquote>\n<h2 style=\"text-align: left;\">LEGGI LA CONFERENZA STAMPA DI LUCA ZAIA<\/h2>\n<p><em>A fine febbraio, sapremo quanto avr\u00e0 prodotto l&#8217;assembramento scolastico e quello sociale. \u00a0Non escludo che ci sia una ripresa del contagio, tutto dipende dal nostro comportamento.<\/em><\/p><\/blockquote>\n<p>I numeri sono decisamente in calo. C&#8217;\u00e8 il tema delle mutazioni del virus oggetto di ampio dibattito, soprattutto l&#8217;andamento delle varianti nei territori. Gli assembramenti non ci aiutano, il distanziamento sociale, la mascherina e l&#8217;igienizzazione vale pi\u00f9 del lockdown. Ci sono gli assembramenti, le scuole aperte, e in Israele hanno molti contagi sui bambini con il rischio di una variante proprio su queste fasce di et\u00e0. I sindaci volevano riflettere sul tema assembramenti, noi non escludiamo di fare altrettanto nelle prossime ore, anche se il contesto economico non ha bisogno di mazzate con ordinanze. Non vogliamo rischiare una notevole pressione ospedaliera, noi tutti abbiamo una responsabilit\u00e0 personale e sociale. <strong>RAGIONATE SULLA CHIUSURA DEI CONFINI COMUNALI?<\/strong> Non \u00e8 sostenibile, alcuni orari vanno regolamentati ma non pensiamo ai confini comunali. Che non riparta il tiro al piccione a vedere chi \u00e8 pi\u00f9 bravo a spararla pi\u00f9 grande, dobbiamo rispettare i DPCM e le colorazioni delle aree. In Lombardia c&#8217;\u00e8 una class action contro chi ha messo la zona rossa. Quando si fissa una zona si pu\u00f2 aggiustare ma non cambiare colorazione perch\u00e9 uno fa l&#8217;assembramento con lo spritz e qui si rischia la denuncia dalla parte lesa. Dobbiamo intervenire nell&#8217;ambito del potere concesso. Vedremo come saremo messi venerdi.<strong> VACCINI, TRATTATIVA APERTA PER 1 MILIONE DI DOSI DA PARTE DELLA REGIONE indiscrezione sulla stampa di Filippo Tosatto<\/strong> Non mi esprimo sulle dosi. L&#8217;Europa aveva fatto un contratto chiave ad ombrello per tutto il mercato evitando territorio di serie A e serie B. Ora ne esce che ci sono sul mercato possibilit\u00e0 di trovare disponibilit\u00e0. Tutto da verificare anche se ci sono carte scritte di vaccini autorizzati. E&#8217; vero che la Regione ha avuto contatti, vogliamo muoverci nell&#8217;ambito della legalit\u00e0, rispettosi delle leggi, se ci propongono l&#8217;acquisto di vaccini lo valuteremo, \u00a0non in contrapposizione con il Governo ma\u00a0 per salvaguardare la salute dei nostri cittadini\u00bb. <strong>DINAMICHE DI PREZZO?<\/strong> In un caso dichiaratamente pi\u00f9 alto anche di 4-5 volte, in un altro caso sembra un po&#8217; pi\u00f9 basso del 10%.<strong>TEMPI?<\/strong> Stando a due contatti disponibilit\u00e0 immediata, ma \u00e8 tutto da verificare. <strong>PERCHE&#8217; DAL 1941 E NON PIU&#8217; VECCHI?<\/strong> Per la mobilit\u00e0 di un centenario, minore rispetto a un ottantenne che magari ha ancora la patente. <strong>SALVINI NON HA PARLATO DI AUTONOMIA<\/strong> il leader della Lega non ha parlato di autonomia. Credo che Salvini l&#8217;autonomia ce l&#8217;abbia nel cuore per cui non credo che abbia avvocati difensori, noi di certo l&#8217;autonomia la vogliamo, Draghi lo sa che questi territori la vogliono,\u00a0 questa \u00e8 la via di uscita da questo Medioevo nel quale ci siamo incagliati. <strong>CHI NON PUO&#8217; RECARSI NEI PUNTI DI VACCINAZIONE SARA&#8217; SEGUITO A DOMICILIO\u00a0<\/strong> Lo ha detto l&#8217;assessore Manuela Lanzarin, tutti riceveranno la lettera e se necessario interveniamo a domicilio. \u00a0I giovani con patologie saranno vaccinati prossimamente. La prima fase si dovrebbe concludere questa settimana, dalla prossima gli over 80, quella dopo classe 40 e poi 39 e a seguire. Dovrebbero arrivare le dosi di AstraZeneca, circa 20mila dosi, e verr\u00e0 somministrato ai cittadini dei servizi essenziali 18-55 anni. Le categorie pi\u00f9 giovani con patologie.\u00a0 Vaccini alle badanti non\u00a0 c&#8217;\u00e8\u00a0 una tempistica.<\/p>\n<p><a href=\"https:\/\/www.facebook.com\/zaiaufficiale\/videos\/346865816364226\">https:\/\/www.facebook.com\/zaiaufficiale\/videos\/346865816364226<\/a><\/p>\n<p>&nbsp;<\/p>\n<p>&nbsp;<\/p>\n<hr \/>\n<h3><\/h3>\n<h3><em><span class=\"d2edcug0 hpfvmrgz qv66sw1b c1et5uql rrkovp55 a8c37x1j keod5gw0 nxhoafnm aigsh9s9 d3f4x2em fe6kdd0r mau55g9w c8b282yb iv3no6db jq4qci2q a3bd9o3v knj5qynh oo9gr5id hzawbc8m\" dir=\"auto\">ESCE IL 10 FEBBRAIO BANDO DA 18 MILIONI DI RISTORI REGIONALI PER LE IMPRESE IN GINOCCHIO DA SECONDA ONDATA COVID<\/span><\/em><\/h3>\n<h3><a href=\"https:\/\/www.radiopiu.net\/wordpress\/primo-week-end-in-giallo-il-punto-covid-da-venezia-con-zaia\/147596945_1704571199744788_2484876526964091161_o\/\" rel=\"attachment wp-att-189770\"><img loading=\"lazy\" decoding=\"async\" class=\"size-medium wp-image-189770 alignleft\" src=\"https:\/\/www.radiopiu.net\/wordpress\/wp-content\/uploads\/2021\/02\/147596945_1704571199744788_2484876526964091161_o-300x194.png\" alt=\"\" width=\"300\" height=\"194\" srcset=\"https:\/\/www.radiopiu.net\/wordpress\/wp-content\/uploads\/2021\/02\/147596945_1704571199744788_2484876526964091161_o-300x194.png 300w, https:\/\/www.radiopiu.net\/wordpress\/wp-content\/uploads\/2021\/02\/147596945_1704571199744788_2484876526964091161_o-768x495.png 768w, https:\/\/www.radiopiu.net\/wordpress\/wp-content\/uploads\/2021\/02\/147596945_1704571199744788_2484876526964091161_o.png 837w\" sizes=\"auto, (max-width: 300px) 100vw, 300px\" \/><\/a><\/h3>\n<p><strong>VENEZIA<\/strong> Mercoledi viene pubblicato nel portale regionale <a class=\"oajrlxb2 g5ia77u1 qu0x051f esr5mh6w e9989ue4 r7d6kgcz rq0escxv nhd2j8a9 nc684nl6 p7hjln8o kvgmc6g5 cxmmr5t8 oygrvhab hcukyx3x jb3vyjys rz4wbd8a qt6c0cv9 a8nywdso i1ao9s8h esuyzwwr f1sip0of lzcic4wl py34i1dx gpro0wi8\" tabindex=\"0\" role=\"link\" href=\"http:\/\/www.regione.veneto.it\/?fbclid=IwAR3XfuHJmimDTj2iZNMjXO00doqcOlwicBz5HiWkw8DsQAvhiAadHSso59g\" target=\"_blank\" rel=\"nofollow noopener\">www.regione.veneto.it<\/a> l&#8217;intervento di ristoro destinato alle imprese venete delle filiere pi\u00f9 colpite dalle restrizioni imposte per il contenimento del contagio da Covid19, oltre 18,3 milioni di euro per gli operatori di settori in ginocchio, ad esempio: \u00a0filiera eventi; \u00a0ambulanti fieristi con posteggi in aree di eventi; \u00a0filiera trasporti persone; \u00a0filiera sport, intrattenimento, parchi divertimento e tematici (incluse le attivit\u00e0 dello spettacolo viaggiante); \u00a0filiera attivit\u00e0 culturali e spettacolo; \u00a0commercio al dettaglio di abbigliamento, calzature, libri e articoli di cartoleria ed esercizi all\u2019interno di centri o parchi commerciali. \u00a0L\u2019apertura dei termini per la compilazione delle domande \u00e8 prevista alle ore 10 del 10 febbraio fino alle 17 del 3 marzo. Tutte le domande ammesse saranno finanziate fino a esaurimento delle risorse.\u00a0 \u00a0<a class=\"oajrlxb2 g5ia77u1 qu0x051f esr5mh6w e9989ue4 r7d6kgcz rq0escxv nhd2j8a9 nc684nl6 p7hjln8o kvgmc6g5 cxmmr5t8 oygrvhab hcukyx3x jb3vyjys rz4wbd8a qt6c0cv9 a8nywdso i1ao9s8h esuyzwwr f1sip0of lzcic4wl py34i1dx gpro0wi8\" tabindex=\"0\" role=\"link\" href=\"https:\/\/www.regione.veneto.it\/web\/attivita-produttive\/bando-ristori?fbclid=IwAR2Qao5jLKuV_UwvWWdd30PXRLcMIAo1F6nOxnv0IwNahhZxzCfnskLJwXo\" target=\"_blank\" rel=\"nofollow noopener\">https:\/\/www.regione.veneto.it\/&#8230;\/attivita&#8230;\/bando-ristori<\/a><\/p>\n<p>&nbsp;<\/p>\n<hr \/>\n<p>&nbsp;<\/p>\n<blockquote>\n<h2>ZAIA AI MONDIALI CORTINA 2021<\/h2>\n<\/blockquote>\n<p>https:\/\/www.facebook.com\/172229066312350\/videos\/1618746058314097<\/p>\n<p>https:\/\/www.facebook.com\/zaiaufficiale\/videos\/423716302171611<\/p>\n<p>&nbsp;<\/p>\n<p>&nbsp;<\/p>\n","protected":false},"excerpt":{"rendered":"<p>VENEZIA Aggiornamento covid19 da Marghera, la conferenza stampa di Luca Zaia. I NUMERI TAMPONI MOLECOLARI 3827806 TAMPONI RAPIDI 2755957 TOTALE TAMPONI 14.669 POSITIVI NELLE 24 ORE +442\u00a0 INCIDENZA POSITIVI-TAMPONE 3,01% POSITIVI DA INIZIO EPIDEMIA 317278 POSITIVI ATTUALI 26930 RICOVERI 1824 IN AREA NON CRITICA 1637di cui 1110 positivi\u00a0 (-7) IN TERAPIA INTENSIVA 188 ma di&hellip;<\/p>\n","protected":false},"author":4,"featured_media":189771,"comment_status":"closed","ping_status":"closed","sticky":false,"template":"","format":"standard","meta":{"_monsterinsights_skip_tracking":false,"_monsterinsights_sitenote_active":false,"_monsterinsights_sitenote_note":"","_monsterinsights_sitenote_category":0,"footnotes":""},"categories":[51,49],"tags":[],"class_list":["post-189769","post","type-post","status-publish","format-standard","has-post-thumbnail","hentry","category-evidenza-top","category-news-18","category-51","category-49","description-off"],"img_url":"https:\/\/www.radiopiu.net\/wordpress\/wp-content\/uploads\/2021\/02\/147394886_1704581436410431_3797587325632382086_o.jpg","_links":{"self":[{"href":"https:\/\/www.radiopiu.net\/wordpress\/wp-json\/wp\/v2\/posts\/189769","targetHints":{"allow":["GET"]}}],"collection":[{"href":"https:\/\/www.radiopiu.net\/wordpress\/wp-json\/wp\/v2\/posts"}],"about":[{"href":"https:\/\/www.radiopiu.net\/wordpress\/wp-json\/wp\/v2\/types\/post"}],"author":[{"embeddable":true,"href":"https:\/\/www.radiopiu.net\/wordpress\/wp-json\/wp\/v2\/users\/4"}],"replies":[{"embeddable":true,"href":"https:\/\/www.radiopiu.net\/wordpress\/wp-json\/wp\/v2\/comments?post=189769"}],"version-history":[{"count":0,"href":"https:\/\/www.radiopiu.net\/wordpress\/wp-json\/wp\/v2\/posts\/189769\/revisions"}],"wp:featuredmedia":[{"embeddable":true,"href":"https:\/\/www.radiopiu.net\/wordpress\/wp-json\/wp\/v2\/media\/189771"}],"wp:attachment":[{"href":"https:\/\/www.radiopiu.net\/wordpress\/wp-json\/wp\/v2\/media?parent=189769"}],"wp:term":[{"taxonomy":"category","embeddable":true,"href":"https:\/\/www.radiopiu.net\/wordpress\/wp-json\/wp\/v2\/categories?post=189769"},{"taxonomy":"post_tag","embeddable":true,"href":"https:\/\/www.radiopiu.net\/wordpress\/wp-json\/wp\/v2\/tags?post=189769"}],"curies":[{"name":"wp","href":"https:\/\/api.w.org\/{rel}","templated":true}]}}