{"id":189821,"date":"2021-02-08T15:01:48","date_gmt":"2021-02-08T14:01:48","guid":{"rendered":"https:\/\/www.radiopiu.net\/wordpress\/?p=189821"},"modified":"2021-02-09T06:20:01","modified_gmt":"2021-02-09T05:20:01","slug":"meteo-oggi-breve-pausa-delle-precipitazioni-che-ripredenranno-domani","status":"publish","type":"post","link":"https:\/\/www.radiopiu.net\/wordpress\/meteo-oggi-breve-pausa-delle-precipitazioni-che-ripredenranno-domani\/","title":{"rendered":"METEO. OGGI BREVE PAUSA DELLE PRECIPITAZIONI, CHE RIPRENDERANNO DOMANI."},"content":{"rendered":"<p><strong><img loading=\"lazy\" decoding=\"async\" class=\"alignleft\" src=\"https:\/\/www.radiopiu.net\/wordpress\/wp-content\/uploads\/2018\/08\/instabilita.jpg\" width=\"352\" height=\"211\" \/>VENEZIA<\/strong> Oggi, luned\u00ec 8 febbraio, la nuvolosit\u00e0 si presenta in diminuzione, ma non si esclude qualche debolissima precipitazione locale nel corso della serata. Nelle ore successive, invece, a partire dal pomeriggio di domani, marted\u00ec 9 febbraio e mercoled\u00ec 10 febbraio, torneranno le nubi con precipitazioni sparse e diffuse in tutta la pianura, pi\u00f9 sporadiche sulle montagne. Prevista criticit\u00e0 idraulica fino alle ore 18.00 di marted\u00ec 9 febbraio soprattutto nella parte terminale del fiume Tagliamento. E\u2019 quanto si apprende dal Centro Funzionale Decentrato della Protezione Civile regionale, che ha emesso un nuovo bollettino meteo valido dalle ore 13.00 di oggi fino alla serata di mercoled\u00ec 10 febbraio.\u00a0 Per quanto riguarda il rischio idraulico viene raccomandato agli Enti destinatari di prestare la massima attenzione per la sorveglianza dei fenomeni previsti sul territorio di competenza e di prepararsi con congruo anticipo, rispetto agli orari indicati nel presente avviso, alla gestione di eventuali fenomeni emergenziali. Per quanto riguarda la previsione locale delle nevicate si attende nel pomeriggio odierno la cessazione dei fenomeni, mentre nel corso della prossima notte non sono esclusi deboli fenomeni, nevosi oltre i 1000\/1200 metri, specie sulle Prealpi. Domani, marted\u00ec 9 febbraio, le precipitazioni saranno assenti, ma riprenderanno mercoled\u00ec con un nuovo peggioramento, con una ennesima nevicata della stagione oltre i 900\/1200 metri.<\/p>\n","protected":false},"excerpt":{"rendered":"<p>VENEZIA Oggi, luned\u00ec 8 febbraio, la nuvolosit\u00e0 si presenta in diminuzione, ma non si esclude qualche debolissima precipitazione locale nel corso della serata. Nelle ore successive, invece, a partire dal pomeriggio di domani, marted\u00ec 9 febbraio e mercoled\u00ec 10 febbraio, torneranno le nubi con precipitazioni sparse e diffuse in tutta la pianura, pi\u00f9 sporadiche sulle&hellip;<\/p>\n","protected":false},"author":4,"featured_media":57488,"comment_status":"closed","ping_status":"closed","sticky":false,"template":"","format":"standard","meta":{"_monsterinsights_skip_tracking":false,"_monsterinsights_sitenote_active":false,"_monsterinsights_sitenote_note":"","_monsterinsights_sitenote_category":0,"footnotes":""},"categories":[49],"tags":[],"class_list":["post-189821","post","type-post","status-publish","format-standard","has-post-thumbnail","hentry","category-news-18","category-49","description-off"],"img_url":"https:\/\/www.radiopiu.net\/wordpress\/wp-content\/uploads\/2018\/08\/instabilita.jpg","_links":{"self":[{"href":"https:\/\/www.radiopiu.net\/wordpress\/wp-json\/wp\/v2\/posts\/189821","targetHints":{"allow":["GET"]}}],"collection":[{"href":"https:\/\/www.radiopiu.net\/wordpress\/wp-json\/wp\/v2\/posts"}],"about":[{"href":"https:\/\/www.radiopiu.net\/wordpress\/wp-json\/wp\/v2\/types\/post"}],"author":[{"embeddable":true,"href":"https:\/\/www.radiopiu.net\/wordpress\/wp-json\/wp\/v2\/users\/4"}],"replies":[{"embeddable":true,"href":"https:\/\/www.radiopiu.net\/wordpress\/wp-json\/wp\/v2\/comments?post=189821"}],"version-history":[{"count":0,"href":"https:\/\/www.radiopiu.net\/wordpress\/wp-json\/wp\/v2\/posts\/189821\/revisions"}],"wp:featuredmedia":[{"embeddable":true,"href":"https:\/\/www.radiopiu.net\/wordpress\/wp-json\/wp\/v2\/media\/57488"}],"wp:attachment":[{"href":"https:\/\/www.radiopiu.net\/wordpress\/wp-json\/wp\/v2\/media?parent=189821"}],"wp:term":[{"taxonomy":"category","embeddable":true,"href":"https:\/\/www.radiopiu.net\/wordpress\/wp-json\/wp\/v2\/categories?post=189821"},{"taxonomy":"post_tag","embeddable":true,"href":"https:\/\/www.radiopiu.net\/wordpress\/wp-json\/wp\/v2\/tags?post=189821"}],"curies":[{"name":"wp","href":"https:\/\/api.w.org\/{rel}","templated":true}]}}