{"id":189824,"date":"2021-02-08T15:09:34","date_gmt":"2021-02-08T14:09:34","guid":{"rendered":"https:\/\/www.radiopiu.net\/wordpress\/?p=189824"},"modified":"2021-02-08T16:52:22","modified_gmt":"2021-02-08T15:52:22","slug":"la-provincia-striglia-anas-serve-maggiore-sforzo-tra-le-frane","status":"publish","type":"post","link":"https:\/\/www.radiopiu.net\/wordpress\/la-provincia-striglia-anas-serve-maggiore-sforzo-tra-le-frane\/","title":{"rendered":"LA PROVINCIA STRIGLIA ANAS: &#8220;SERVE MAGGIORE SFORZO TRA LE FRANE&#8221;"},"content":{"rendered":"<p><strong><img loading=\"lazy\" decoding=\"async\" class=\"alignleft\" src=\"https:\/\/www.radiopiu.net\/wordpress\/wp-content\/uploads\/2021\/02\/3b59faf4-007f-45ad-a682-66b850c5bb74.jpg\" width=\"249\" height=\"140\" \/>BELLUNO<\/strong>\u00a0 Una frana ha interrotto per la seconda volta in due mesi la Sp 251, ci sono poi piccoli smottamenti lungo la Sp 10 ad Alano, la Sp 21 a Quero e la Sp 243 in Alpago.<br \/>\n<em>\u00abAncora una volta si vede tutta la fragilit\u00e0 del territorio, che dopo Vaia non ha avuto pace sul fronte dei dissesti &#8211; afferma il consigliere provinciale delegato alle infrastrutture, <a href=\"https:\/\/www.radiopiu.net\/wordpress\/elezioni-comunali-2019-vallada-agordina\/vallada-fabio-lucchetta\/\" rel=\"attachment wp-att-86485\"><img loading=\"lazy\" decoding=\"async\" class=\"wp-image-86485 alignright\" src=\"https:\/\/www.radiopiu.net\/wordpress\/wp-content\/uploads\/2019\/05\/VALLADA-FABIO-LUCCHETTA-262x300.jpeg\" alt=\"\" width=\"103\" height=\"118\" srcset=\"https:\/\/www.radiopiu.net\/wordpress\/wp-content\/uploads\/2019\/05\/VALLADA-FABIO-LUCCHETTA-262x300.jpeg 262w, https:\/\/www.radiopiu.net\/wordpress\/wp-content\/uploads\/2019\/05\/VALLADA-FABIO-LUCCHETTA-768x880.jpeg 768w, https:\/\/www.radiopiu.net\/wordpress\/wp-content\/uploads\/2019\/05\/VALLADA-FABIO-LUCCHETTA-893x1024.jpeg 893w, https:\/\/www.radiopiu.net\/wordpress\/wp-content\/uploads\/2019\/05\/VALLADA-FABIO-LUCCHETTA.jpeg 1396w\" sizes=\"auto, (max-width: 103px) 100vw, 103px\" \/><\/a>Fabio Luchetta (foto) -. Ringraziamo i tecnici di Veneto Strade, sempre pronti a intervenire. Ma una volta di pi\u00f9 dobbiamo ribadire la necessit\u00e0 di ripristinare i trasferimenti statali per la viabilit\u00e0. Fino al 2012 la Provincia riceveva dallo Stato 15 milioni di euro l\u2019anno per gestire le strade; poi quei fondi sono stati tagliati e azzerati completamente dal 2014. Significa che dobbiamo utilizzare risorse provenienti da altri capitoli, tagliando interventi in altri settori, per poter intervenire sulla viabilit\u00e0, perch\u00e9 i trasferimenti statali non ci sono pi\u00f9, ma le strade sono rimaste e costituiscono una infrastruttura e un servizio irrinunciabili per le comunit\u00e0 bellunesi. Non \u00e8 possibile che intere vallate rischino l\u2019isolamento, come sta succedendo allo Zoldano, a cui esprimo massima solidariet\u00e0. Dobbiamo trovare le risorse per la completa messa in sicurezza della Sp 251\u00bb. <\/em>Oltre alla viabilit\u00e0 provinciale, c\u2019\u00e8 anche quella statale in difficolt\u00e0.<em> \u00abLa 51 di Alemagna, secondo i piani Anas, doveva essere messa a nuovo per i Mondiali di Cortina. Invece \u00e8 la stessa strada di sempre &#8211; afferma il consigliere provinciale delegato alla Protezione Civile Massimo Bortoluzzi -. chiediamo ad Anas un passo completamente diverso per le Olimpiadi Milano-Cortina, perch\u00e9 se i ritmi saranno questi, difficilmente vedremo concluse per il 2026 le varianti progettate per il 2021&#8243;.<\/em><\/p>\n","protected":false},"excerpt":{"rendered":"<p>BELLUNO\u00a0 Una frana ha interrotto per la seconda volta in due mesi la Sp 251, ci sono poi piccoli smottamenti lungo la Sp 10 ad Alano, la Sp 21 a Quero e la Sp 243 in Alpago. \u00abAncora una volta si vede tutta la fragilit\u00e0 del territorio, che dopo Vaia non ha avuto pace sul&hellip;<\/p>\n","protected":false},"author":4,"featured_media":189557,"comment_status":"closed","ping_status":"closed","sticky":false,"template":"","format":"standard","meta":{"_monsterinsights_skip_tracking":false,"_monsterinsights_sitenote_active":false,"_monsterinsights_sitenote_note":"","_monsterinsights_sitenote_category":0,"footnotes":""},"categories":[1,49],"tags":[],"class_list":["post-189824","post","type-post","status-publish","format-standard","has-post-thumbnail","hentry","category-senza-categoria","category-news-18","category-1","category-49","description-off"],"img_url":"https:\/\/www.radiopiu.net\/wordpress\/wp-content\/uploads\/2021\/02\/3b59faf4-007f-45ad-a682-66b850c5bb74.jpg","_links":{"self":[{"href":"https:\/\/www.radiopiu.net\/wordpress\/wp-json\/wp\/v2\/posts\/189824","targetHints":{"allow":["GET"]}}],"collection":[{"href":"https:\/\/www.radiopiu.net\/wordpress\/wp-json\/wp\/v2\/posts"}],"about":[{"href":"https:\/\/www.radiopiu.net\/wordpress\/wp-json\/wp\/v2\/types\/post"}],"author":[{"embeddable":true,"href":"https:\/\/www.radiopiu.net\/wordpress\/wp-json\/wp\/v2\/users\/4"}],"replies":[{"embeddable":true,"href":"https:\/\/www.radiopiu.net\/wordpress\/wp-json\/wp\/v2\/comments?post=189824"}],"version-history":[{"count":0,"href":"https:\/\/www.radiopiu.net\/wordpress\/wp-json\/wp\/v2\/posts\/189824\/revisions"}],"wp:featuredmedia":[{"embeddable":true,"href":"https:\/\/www.radiopiu.net\/wordpress\/wp-json\/wp\/v2\/media\/189557"}],"wp:attachment":[{"href":"https:\/\/www.radiopiu.net\/wordpress\/wp-json\/wp\/v2\/media?parent=189824"}],"wp:term":[{"taxonomy":"category","embeddable":true,"href":"https:\/\/www.radiopiu.net\/wordpress\/wp-json\/wp\/v2\/categories?post=189824"},{"taxonomy":"post_tag","embeddable":true,"href":"https:\/\/www.radiopiu.net\/wordpress\/wp-json\/wp\/v2\/tags?post=189824"}],"curies":[{"name":"wp","href":"https:\/\/api.w.org\/{rel}","templated":true}]}}