{"id":189827,"date":"2021-02-08T16:06:10","date_gmt":"2021-02-08T15:06:10","guid":{"rendered":"https:\/\/www.radiopiu.net\/wordpress\/?p=189827"},"modified":"2021-02-08T16:51:08","modified_gmt":"2021-02-08T15:51:08","slug":"danni-sp-251-in-val-di-zoldo-bottacin-come-sempre-al-fianco-del-territorio","status":"publish","type":"post","link":"https:\/\/www.radiopiu.net\/wordpress\/danni-sp-251-in-val-di-zoldo-bottacin-come-sempre-al-fianco-del-territorio\/","title":{"rendered":"DANNI SP 251 IN VAL DI ZOLDO. BOTTACIN: &#8220;COME SEMPRE AL FIANCO DEL TERRITORIO&#8221;"},"content":{"rendered":"<p><strong><a href=\"https:\/\/www.radiopiu.net\/wordpress\/lassessore-alla-protezione-civile-del-veneto-bottacin-fa-il-punto-dopo-i-terremoti-in-croazia-e-nel-veronese\/bottacin-59\/\" rel=\"attachment wp-att-182306\"><img loading=\"lazy\" decoding=\"async\" class=\"size-medium wp-image-182306 alignleft\" src=\"https:\/\/www.radiopiu.net\/wordpress\/wp-content\/uploads\/2020\/12\/BOTTACIN-1-300x199.png\" alt=\"\" width=\"300\" height=\"199\" srcset=\"https:\/\/www.radiopiu.net\/wordpress\/wp-content\/uploads\/2020\/12\/BOTTACIN-1-300x199.png 300w, https:\/\/www.radiopiu.net\/wordpress\/wp-content\/uploads\/2020\/12\/BOTTACIN-1-1024x678.png 1024w, https:\/\/www.radiopiu.net\/wordpress\/wp-content\/uploads\/2020\/12\/BOTTACIN-1-768x509.png 768w, https:\/\/www.radiopiu.net\/wordpress\/wp-content\/uploads\/2020\/12\/BOTTACIN-1.png 1042w\" sizes=\"auto, (max-width: 300px) 100vw, 300px\" \/><\/a>VENEZIA<\/strong> Immediato sopralluogo delle\u00a0 strutture regionali in Val di Zoldo per affrontare la situazione relativa al maltempo che domenica\u00a0 ha nuovamente interrotto la Strada Provinciale 251. \u201c<em>Ancora una volta le intense precipitazioni delle ultime ore hanno messo in evidenza la fragilit\u00e0 dell\u2019area \u2013 spiega l\u2019assessore alla Specificit\u00e0 di Belluno Gianpaolo Bottacin \u2013; ciononostante, come sempre, cerchiamo di garantire immediato aiuto al territorio, anche in situazioni come queste dove pure la nostra competenza sarebbe residuale<\/em>\u201d. Da una prima analisi fatta con i servizi forestali regionali sar\u00e0 necessaria la regimazione attraverso opere trasversali e di canalizzazione a protezione delle sponde laterali e del versante in erosione per presidiare innanzitutto la viabilit\u00e0 provinciale, ma altres\u00ec garantire la sicurezza idraulica del torrente Ma\u00e8. \u201c<em>Nello specifico ci troviamo di fronte a una problematica originata da un rio minore &#8211; spiega Bottacin -, caratterizzato da una pendenza elevata dove, a causa di ci\u00f2, ci pu\u00f2 essere un trasporto solido molto notevole, come \u00e8 successo nella giornata di ieri\u201d. <\/em><em>\u201cTra le azioni da porre in atto, oltre al ripristino della sezione di deflusso dell\u2019alveo innanzitutto mediante la rimozione dei detriti fluitati \u2013 prosegue l\u2019assessore \u2013, stiamo valutando anche una serie di interventi attraverso opere strutturali in massi e calcestruzzo e anche opere bioingegneristiche di stabilizzazione, che per\u00f2 vanno studiate in maniera approfondita tenendo in considerazione il materiale che potr\u00e0 essere in movimento anche in futuro<\/em>\u201d. Essendoci tuttora del materiale in sospensione, con masse instabili che a causa delle elevate temperature potrebbero comunque muoversi provocando ulteriori smottamenti, in questa fase si provveder\u00e0 a monitorare la situazione in attesa della stabilizzazione del versante, interessato per 300\/400 metri, prima di intervenire strutturalmente. \u201c<em>Nel frattempo insieme a Veneto Strade, stiamo peraltro valutando l\u2019attivazione di opportuni sistemi di allarme, cos\u00ec da garantire la riapertura del transito in sicurezza. In attesa di ci\u00f2 comunque, attraverso una guardiania organizzata con la collaborazione dei volontari di Protezione Civile, gi\u00e0 in serata potrebbe esserci un\u2019apertura provvisoria<\/em>\u201d. \u201c<em>Ancora una volta siamo a fianco del territorio \u2013 conclude Bottacin \u2013 e in particolare della Provincia, cui in base alla legge in vigore spetterebbero tali interventi e per gestire i quali gi\u00e0 introita i canoni demaniali<\/em>\u201d.<\/p>\n","protected":false},"excerpt":{"rendered":"<p>VENEZIA Immediato sopralluogo delle\u00a0 strutture regionali in Val di Zoldo per affrontare la situazione relativa al maltempo che domenica\u00a0 ha nuovamente interrotto la Strada Provinciale 251. \u201cAncora una volta le intense precipitazioni delle ultime ore hanno messo in evidenza la fragilit\u00e0 dell\u2019area \u2013 spiega l\u2019assessore alla Specificit\u00e0 di Belluno Gianpaolo Bottacin \u2013; ciononostante, come sempre,&hellip;<\/p>\n","protected":false},"author":4,"featured_media":182306,"comment_status":"closed","ping_status":"closed","sticky":false,"template":"","format":"standard","meta":{"_monsterinsights_skip_tracking":false,"_monsterinsights_sitenote_active":false,"_monsterinsights_sitenote_note":"","_monsterinsights_sitenote_category":0,"footnotes":""},"categories":[1,49],"tags":[],"class_list":["post-189827","post","type-post","status-publish","format-standard","has-post-thumbnail","hentry","category-senza-categoria","category-news-18","category-1","category-49","description-off"],"img_url":"https:\/\/www.radiopiu.net\/wordpress\/wp-content\/uploads\/2020\/12\/BOTTACIN-1.png","_links":{"self":[{"href":"https:\/\/www.radiopiu.net\/wordpress\/wp-json\/wp\/v2\/posts\/189827","targetHints":{"allow":["GET"]}}],"collection":[{"href":"https:\/\/www.radiopiu.net\/wordpress\/wp-json\/wp\/v2\/posts"}],"about":[{"href":"https:\/\/www.radiopiu.net\/wordpress\/wp-json\/wp\/v2\/types\/post"}],"author":[{"embeddable":true,"href":"https:\/\/www.radiopiu.net\/wordpress\/wp-json\/wp\/v2\/users\/4"}],"replies":[{"embeddable":true,"href":"https:\/\/www.radiopiu.net\/wordpress\/wp-json\/wp\/v2\/comments?post=189827"}],"version-history":[{"count":0,"href":"https:\/\/www.radiopiu.net\/wordpress\/wp-json\/wp\/v2\/posts\/189827\/revisions"}],"wp:featuredmedia":[{"embeddable":true,"href":"https:\/\/www.radiopiu.net\/wordpress\/wp-json\/wp\/v2\/media\/182306"}],"wp:attachment":[{"href":"https:\/\/www.radiopiu.net\/wordpress\/wp-json\/wp\/v2\/media?parent=189827"}],"wp:term":[{"taxonomy":"category","embeddable":true,"href":"https:\/\/www.radiopiu.net\/wordpress\/wp-json\/wp\/v2\/categories?post=189827"},{"taxonomy":"post_tag","embeddable":true,"href":"https:\/\/www.radiopiu.net\/wordpress\/wp-json\/wp\/v2\/tags?post=189827"}],"curies":[{"name":"wp","href":"https:\/\/api.w.org\/{rel}","templated":true}]}}