{"id":190016,"date":"2021-02-09T14:46:31","date_gmt":"2021-02-09T13:46:31","guid":{"rendered":"https:\/\/www.radiopiu.net\/wordpress\/?p=190016"},"modified":"2021-02-09T14:51:37","modified_gmt":"2021-02-09T13:51:37","slug":"cortina-2021-salta-anche","status":"publish","type":"post","link":"https:\/\/www.radiopiu.net\/wordpress\/cortina-2021-salta-anche\/","title":{"rendered":"CORTINA 2021, SALTA ANCHE LA TERZA GARA"},"content":{"rendered":"<p><img loading=\"lazy\" decoding=\"async\" class=\"alignleft\" src=\"https:\/\/www.radiopiu.net\/wordpress\/wp-content\/uploads\/2021\/02\/173-2021-Olympia-e-Vertigine_Crediti-G.Pompanin.jpeg\" width=\"259\" height=\"194\" \/><strong>CORTINA<\/strong> Dopo la combinata femminile e SuperG uomini, \u00e8 toccato anche al SuperG femminile\u00a0arrendersi al\u00a0maltempo. Colpa della nebbia, gli organizzatori, che hanno atteso 90&#8242; e ribassato la partenza al Duca d&#8217;Aosta, prima di cancellare la prova prevista sull&#8217;Olympia. Nelle prossime ore verr\u00e0 comunicata la\u00a0data del recupero. Domani, forse a questo punto dopo tre rinvii consecutivi \u00e8 prevista la combinata uomini, gioved\u00ec recupero del SuperG maschile, mentre la combinata femminile \u00e8 stata ricollocata a luned\u00ec 15.<\/p>\n<p>foto Olympia-e-Vertigine_Crediti-G.Pompanin<\/p>\n","protected":false},"excerpt":{"rendered":"<p>CORTINA Dopo la combinata femminile e SuperG uomini, \u00e8 toccato anche al SuperG femminile\u00a0arrendersi al\u00a0maltempo. Colpa della nebbia, gli organizzatori, che hanno atteso 90&#8242; e ribassato la partenza al Duca d&#8217;Aosta, prima di cancellare la prova prevista sull&#8217;Olympia. Nelle prossime ore verr\u00e0 comunicata la\u00a0data del recupero. Domani, forse a questo punto dopo tre rinvii consecutivi&hellip;<\/p>\n","protected":false},"author":1,"featured_media":189832,"comment_status":"closed","ping_status":"closed","sticky":false,"template":"","format":"standard","meta":{"_monsterinsights_skip_tracking":false,"_monsterinsights_sitenote_active":false,"_monsterinsights_sitenote_note":"","_monsterinsights_sitenote_category":0,"footnotes":""},"categories":[51,49],"tags":[],"class_list":["post-190016","post","type-post","status-publish","format-standard","has-post-thumbnail","hentry","category-evidenza-top","category-news-18","category-51","category-49","description-off"],"img_url":"https:\/\/www.radiopiu.net\/wordpress\/wp-content\/uploads\/2021\/02\/173-2021-Olympia-e-Vertigine_Crediti-G.Pompanin.jpeg","_links":{"self":[{"href":"https:\/\/www.radiopiu.net\/wordpress\/wp-json\/wp\/v2\/posts\/190016","targetHints":{"allow":["GET"]}}],"collection":[{"href":"https:\/\/www.radiopiu.net\/wordpress\/wp-json\/wp\/v2\/posts"}],"about":[{"href":"https:\/\/www.radiopiu.net\/wordpress\/wp-json\/wp\/v2\/types\/post"}],"author":[{"embeddable":true,"href":"https:\/\/www.radiopiu.net\/wordpress\/wp-json\/wp\/v2\/users\/1"}],"replies":[{"embeddable":true,"href":"https:\/\/www.radiopiu.net\/wordpress\/wp-json\/wp\/v2\/comments?post=190016"}],"version-history":[{"count":0,"href":"https:\/\/www.radiopiu.net\/wordpress\/wp-json\/wp\/v2\/posts\/190016\/revisions"}],"wp:featuredmedia":[{"embeddable":true,"href":"https:\/\/www.radiopiu.net\/wordpress\/wp-json\/wp\/v2\/media\/189832"}],"wp:attachment":[{"href":"https:\/\/www.radiopiu.net\/wordpress\/wp-json\/wp\/v2\/media?parent=190016"}],"wp:term":[{"taxonomy":"category","embeddable":true,"href":"https:\/\/www.radiopiu.net\/wordpress\/wp-json\/wp\/v2\/categories?post=190016"},{"taxonomy":"post_tag","embeddable":true,"href":"https:\/\/www.radiopiu.net\/wordpress\/wp-json\/wp\/v2\/tags?post=190016"}],"curies":[{"name":"wp","href":"https:\/\/api.w.org\/{rel}","templated":true}]}}