{"id":190028,"date":"2021-02-09T23:58:59","date_gmt":"2021-02-09T22:58:59","guid":{"rendered":"https:\/\/www.radiopiu.net\/wordpress\/?p=190028"},"modified":"2021-02-10T06:01:59","modified_gmt":"2021-02-10T05:01:59","slug":"giosue-fagherazzi-poeta-della-galassia-e-sacerdote-dagli-indimenticabili-meriti","status":"publish","type":"post","link":"https:\/\/www.radiopiu.net\/wordpress\/giosue-fagherazzi-poeta-della-galassia-e-sacerdote-dagli-indimenticabili-meriti\/","title":{"rendered":"GIOSUE\u2019 FAGHERAZZI POETA DELLA GALASSIA E SACERDOTE DAGLI INDIMENTICABILI MERITI"},"content":{"rendered":"<p><strong>di Renato Bona<\/strong><\/p>\n<p>Proseguiamo la nostra ricognizione sui \u201cPersonaggi illustri dell\u2019Alpago e Ponte nelle Alpi\u201d (titolo del libro dello scomparso maestro Mario De Nale, edito nell\u2019agosto 1978 per i tipi della bellunese tipografia Piave, dal Centro sociale di educazione permanente di Tambre con l\u2019Associazione emigranti bellunesi ed il sostengo della Cassa di Risparmio di Verona, Vicenza e Belluno) alla scoperta (e troppo poche volte alla\u2026 riscoperta) di persone che hanno in qualche modo onorato la terra d\u2019origine. Nell\u2019occasione ci soffermiamo sulla figura di Giosu\u00e8 Fagherazzi, ricordato come \u201cIl poeta della galassia\u201d. Era nato a Limana il 9 agosto 1901 da Giuseppe Angelo, classe 1860, e Giuseppina Bogo.Ultimati gli studi classici e teologici di cinque anni nel seminario di Feltre e di sette anni in quello Gregoriano di Belluno, venne ordinato sacerdote i l 9 luglio 1927; cappellano a Pieve di Zoldo dal 1927 al 1929 e a Cadola di Ponte nelle Alpi dal 1930 al 1931, fu nominato parroco di Frassen\u00e8 Agordino per un lungo periodo: dal 1931 al 1963. Qui dedic\u00f2 grande impegno alla realizzazione della nuova chiesa, che fu poi ultimata dall\u2019altrettanto bravo don Giovanni Luchetta. Proprio per la \u201csua\u201d chiesa scrisse numerose opere dedicate ad amici e conoscenti dai quali riceveva preziosi contributi. Si dice che proprio \u201cl\u2019ansia di portare a termine i lavori che, appunto per mancanza di fondi, andavano a rilento, fu la causa della sua immatura morte avvenuta a Belluno, nella casa di riposo di Cavarzano, il 26 dicembre 1964, e la sua salma fu tumulata nel paese natio\u201d. Mario De Nale ricordava che \u201cGli imponenti funerali svoltisi a spese del Comune, furono una prova indelebile della grande stima e del grande affetto che il popolo nutriva per il benemerito sacerdote, ed anche un\u2019occasione propizia per raccogliere offerte per l\u2019altare maggiore della nuova chiesa, quell\u2019altare che don Giosu\u00e8 aveva sognato maestoso nei marmi pi\u00f9 belli per luccicare come un prezioso metallo\u201d. E\u2019in omaggio alla bont\u00e0 di Fagherazzi e per i sacrifici cui \u00e8 andato incontro nei lunghi anni di apostolato che, nel tredicesimo anniversario della scomparsa, il 13 dicembre 1977, nella parrocchiale di Frassen\u00e8 gremita di valligiani, amici, parenti, estimatori ed autorit\u00e0 si svolse una solenne cerimonia culminata con lo scoprimento di un suo busto realizzato dallo scultore bellunese Franco Fiabane \u201cperch\u00e9 cos\u00ec la sua immagine, sempre presente, possa esternarne gli indimenticabili grandi meriti\u201d. Don Giosu\u00e8 Fagherazzi personaggio illustre dell\u2019Alpago e Ponte nelle Alpi? S\u00ec, non solo per avervi dimorato durante il periodo in cui era cappellano, ma anche come discendente di una stirpe originaria della conca alpagota in quanto, secondo alcuni testimoni di Irrighe dove il nostro &#8211; ancora oggi ricordato come \u201cprete santo\u201d e \u201capostolo dei bambini\u201d- si recava spesso per trascorrere qualche ora in compagnia dei laboriosi montanari del villaggio; egli stesso affermava di andare volentieri \u201cnel paese da dove provengono i miei antenati\u201d (dall\u2019albero genealogico della famiglia risulta essere Antonio Fagherazzi l\u2019antenato proveniente da Irrighe). E veniamo al Fagherazzi \u201cbuon poeta e romanziere di periferia il quale, senza bisogno di maestri, con la sua semplice e scorrevole, ma pur sempre bella rima, ha saputo rievocare le bellezze del creato e cantare i sentimenti umani e pii e gli alti ideali patrii, come \u2018l\u2019amore\u2019 al dovere e \u2018il sublime\u2019 dell\u2019eroismo\u201d. L\u2019autore del libro citava anche il tentativo, peraltro non riuscito, di don Giosu\u00e8 di avventurarsi nel dipingere: fra l\u2019altro realizz\u00f2 per il fratello Romano il \u201cRitratto di mia madre\u201d. Cos\u00ec come la passione per i viaggi che contribuirono \u201ca tener aperta la vena e desto il suo canto che col passare degli anni si faceva sempre pi\u00f9\u2019solenne\u2019\u201d. Fra le opere pi\u00f9 note di Fagherazzi: \u201cArarat\u201d, elegia armena che fu tradotta in 28 lingue , uscito dalla tipografia poliglotta di Venezia nel 1944, ma soprattutto \u201cGalassia\u201d, stampato dall\u2019Istituto veneto di arti grafiche di Belluno: \u201cun carme sidereo di 843 versi in terzine dantesche divise in tre canti nei quali il poeta, traendo lo spunto da un viaggio immaginario dalla terra al cielo e alle nebulose, canta il sistema solare con tutte le sue meraviglie, dimostrando insieme il grande quadro culturale di cui era dotato nel campo dell\u2019astronomia. La poesia, che \u00e8 pura fantasia, rivela la forza della voce del poeta e studioso, il quale nelle pregevoli terzine e nel festoso verso ha voluto dimostrare che sapeva vederci pi\u00f9 chiaro di tanti altri\u201d.<\/p>\n\n\t\t\t<style type='text\/css'>\n\t\t\t\t#gallery-1 {\n\t\t\t\t\tmargin: auto;\n\t\t\t\t}\n\t\t\t\t#gallery-1 .gallery-item {\n\t\t\t\t\tfloat: left;\n\t\t\t\t\tmargin-top: 10px;\n\t\t\t\t\ttext-align: center;\n\t\t\t\t\twidth: 33%;\n\t\t\t\t}\n\t\t\t\t#gallery-1 img {\n\t\t\t\t\tborder: 2px solid #cfcfcf;\n\t\t\t\t}\n\t\t\t\t#gallery-1 .gallery-caption {\n\t\t\t\t\tmargin-left: 0;\n\t\t\t\t}\n\t\t\t\t\/* see gallery_shortcode() in wp-includes\/media.php *\/\n\t\t\t<\/style>\n\t\t<div id='gallery-1' class='dt-gallery-container gallery galleryid-190028 gallery-columns-3 gallery-size-thumbnail'><dl class='gallery-item'>\n\t\t\t\t<dt class='gallery-icon landscape'>\n\t\t\t\t\t<a class=\"rollover rollover-zoom dt-pswp-item\" title=\"148147787_262452335465715_8345085709982542641_n\" data-dt-img-description=\"\" data-large_image_width=\"2399\" data-large_image_height=\"1536\"href='https:\/\/www.radiopiu.net\/wordpress\/wp-content\/uploads\/2021\/02\/148147787_262452335465715_8345085709982542641_n.jpg'><img loading=\"lazy\" decoding=\"async\" width=\"150\" height=\"150\" src=\"https:\/\/www.radiopiu.net\/wordpress\/wp-content\/uploads\/2021\/02\/148147787_262452335465715_8345085709982542641_n-150x150.jpg\" class=\"attachment-thumbnail size-thumbnail\" alt=\"\" \/><\/a>\n\t\t\t\t<\/dt><\/dl><dl class='gallery-item'>\n\t\t\t\t<dt class='gallery-icon landscape'>\n\t\t\t\t\t<a class=\"rollover rollover-zoom dt-pswp-item\" title=\"148235903_2876429179351881_5322244802444101285_n\" data-dt-img-description=\"\" data-large_image_width=\"669\" data-large_image_height=\"507\"href='https:\/\/www.radiopiu.net\/wordpress\/wp-content\/uploads\/2021\/02\/148235903_2876429179351881_5322244802444101285_n.jpg'><img loading=\"lazy\" decoding=\"async\" width=\"150\" height=\"150\" src=\"https:\/\/www.radiopiu.net\/wordpress\/wp-content\/uploads\/2021\/02\/148235903_2876429179351881_5322244802444101285_n-150x150.jpg\" class=\"attachment-thumbnail size-thumbnail\" alt=\"\" \/><\/a>\n\t\t\t\t<\/dt><\/dl><dl class='gallery-item'>\n\t\t\t\t<dt class='gallery-icon portrait'>\n\t\t\t\t\t<a class=\"rollover rollover-zoom dt-pswp-item\" title=\"148117144_3387917821313548_6855861898878114370_n\" data-dt-img-description=\"\" data-large_image_width=\"194\" data-large_image_height=\"259\"href='https:\/\/www.radiopiu.net\/wordpress\/wp-content\/uploads\/2021\/02\/148117144_3387917821313548_6855861898878114370_n.jpg'><img loading=\"lazy\" decoding=\"async\" width=\"150\" height=\"150\" src=\"https:\/\/www.radiopiu.net\/wordpress\/wp-content\/uploads\/2021\/02\/148117144_3387917821313548_6855861898878114370_n-150x150.jpg\" class=\"attachment-thumbnail size-thumbnail\" alt=\"\" \/><\/a>\n\t\t\t\t<\/dt><\/dl><br style=\"clear: both\" \/><dl class='gallery-item'>\n\t\t\t\t<dt class='gallery-icon portrait'>\n\t\t\t\t\t<a class=\"rollover rollover-zoom dt-pswp-item\" title=\"148305702_417131416033184_2817118642832370120_n\" data-dt-img-description=\"\" data-large_image_width=\"2028\" data-large_image_height=\"2560\"href='https:\/\/www.radiopiu.net\/wordpress\/wp-content\/uploads\/2021\/02\/148305702_417131416033184_2817118642832370120_n-scaled.jpg'><img loading=\"lazy\" decoding=\"async\" width=\"150\" height=\"150\" src=\"https:\/\/www.radiopiu.net\/wordpress\/wp-content\/uploads\/2021\/02\/148305702_417131416033184_2817118642832370120_n-150x150.jpg\" class=\"attachment-thumbnail size-thumbnail\" alt=\"\" \/><\/a>\n\t\t\t\t<\/dt><\/dl><dl class='gallery-item'>\n\t\t\t\t<dt class='gallery-icon portrait'>\n\t\t\t\t\t<a class=\"rollover rollover-zoom dt-pswp-item\" title=\"148263980_449187243092056_9094742554349607568_n\" data-dt-img-description=\"\" data-large_image_width=\"642\" data-large_image_height=\"1076\"href='https:\/\/www.radiopiu.net\/wordpress\/wp-content\/uploads\/2021\/02\/148263980_449187243092056_9094742554349607568_n.jpg'><img loading=\"lazy\" decoding=\"async\" width=\"150\" height=\"150\" src=\"https:\/\/www.radiopiu.net\/wordpress\/wp-content\/uploads\/2021\/02\/148263980_449187243092056_9094742554349607568_n-150x150.jpg\" class=\"attachment-thumbnail size-thumbnail\" alt=\"\" \/><\/a>\n\t\t\t\t<\/dt><\/dl><dl class='gallery-item'>\n\t\t\t\t<dt class='gallery-icon portrait'>\n\t\t\t\t\t<a class=\"rollover rollover-zoom dt-pswp-item\" title=\"148594843_899312400835742_4663334262536605771_n\" data-dt-img-description=\"\" data-large_image_width=\"1594\" data-large_image_height=\"2258\"href='https:\/\/www.radiopiu.net\/wordpress\/wp-content\/uploads\/2021\/02\/148594843_899312400835742_4663334262536605771_n.jpg'><img loading=\"lazy\" decoding=\"async\" width=\"150\" height=\"150\" src=\"https:\/\/www.radiopiu.net\/wordpress\/wp-content\/uploads\/2021\/02\/148594843_899312400835742_4663334262536605771_n-150x150.jpg\" class=\"attachment-thumbnail size-thumbnail\" alt=\"\" \/><\/a>\n\t\t\t\t<\/dt><\/dl><br style=\"clear: both\" \/>\n\t\t\t<\/div>\n\n<p>NELLE FOTO (riproduzioni dal libro di Mario De Nale): la copertina di\u201dPersonaggi illustri dell\u2019Alpago e Ponte nelle Alpi\u201d; il sacerdote-poeta; don Giosu\u00e8 Fagherazzi con giovani parrocchiani; il busto di don Giosu\u00e8 che lo scultore bellunese Franco Fiabane ha realizzato per la parrocchiale di Frassen\u00e8; particolare di una cartolina con la vecchia chiesa parrocchiale; interno della parrocchiale nuova, fortemente voluta da Fagherazzi.<\/p>\n","protected":false},"excerpt":{"rendered":"<p>di Renato Bona Proseguiamo la nostra ricognizione sui \u201cPersonaggi illustri dell\u2019Alpago e Ponte nelle Alpi\u201d (titolo del libro dello scomparso maestro Mario De Nale, edito nell\u2019agosto 1978 per i tipi della bellunese tipografia Piave, dal Centro sociale di educazione permanente di Tambre con l\u2019Associazione emigranti bellunesi ed il sostengo della Cassa di Risparmio di Verona,&hellip;<\/p>\n","protected":false},"author":4,"featured_media":190033,"comment_status":"closed","ping_status":"closed","sticky":false,"template":"","format":"standard","meta":{"_monsterinsights_skip_tracking":false,"_monsterinsights_sitenote_active":false,"_monsterinsights_sitenote_note":"","_monsterinsights_sitenote_category":0,"footnotes":""},"categories":[104,49],"tags":[],"class_list":["post-190028","post","type-post","status-publish","format-standard","has-post-thumbnail","hentry","category-evidenza_3","category-news-18","category-104","category-49","description-off"],"img_url":"https:\/\/www.radiopiu.net\/wordpress\/wp-content\/uploads\/2021\/02\/148263980_449187243092056_9094742554349607568_n.jpg","_links":{"self":[{"href":"https:\/\/www.radiopiu.net\/wordpress\/wp-json\/wp\/v2\/posts\/190028","targetHints":{"allow":["GET"]}}],"collection":[{"href":"https:\/\/www.radiopiu.net\/wordpress\/wp-json\/wp\/v2\/posts"}],"about":[{"href":"https:\/\/www.radiopiu.net\/wordpress\/wp-json\/wp\/v2\/types\/post"}],"author":[{"embeddable":true,"href":"https:\/\/www.radiopiu.net\/wordpress\/wp-json\/wp\/v2\/users\/4"}],"replies":[{"embeddable":true,"href":"https:\/\/www.radiopiu.net\/wordpress\/wp-json\/wp\/v2\/comments?post=190028"}],"version-history":[{"count":0,"href":"https:\/\/www.radiopiu.net\/wordpress\/wp-json\/wp\/v2\/posts\/190028\/revisions"}],"wp:featuredmedia":[{"embeddable":true,"href":"https:\/\/www.radiopiu.net\/wordpress\/wp-json\/wp\/v2\/media\/190033"}],"wp:attachment":[{"href":"https:\/\/www.radiopiu.net\/wordpress\/wp-json\/wp\/v2\/media?parent=190028"}],"wp:term":[{"taxonomy":"category","embeddable":true,"href":"https:\/\/www.radiopiu.net\/wordpress\/wp-json\/wp\/v2\/categories?post=190028"},{"taxonomy":"post_tag","embeddable":true,"href":"https:\/\/www.radiopiu.net\/wordpress\/wp-json\/wp\/v2\/tags?post=190028"}],"curies":[{"name":"wp","href":"https:\/\/api.w.org\/{rel}","templated":true}]}}