{"id":190129,"date":"2021-02-11T05:50:15","date_gmt":"2021-02-11T04:50:15","guid":{"rendered":"https:\/\/www.radiopiu.net\/wordpress\/?p=190129"},"modified":"2021-02-11T09:21:01","modified_gmt":"2021-02-11T08:21:01","slug":"giornale-radiopiu-11-febbraio-2021-direttore-mirko-mezzacasa","status":"publish","type":"post","link":"https:\/\/www.radiopiu.net\/wordpress\/giornale-radiopiu-11-febbraio-2021-direttore-mirko-mezzacasa\/","title":{"rendered":"GIORNALE RADIOPIU 11 FEBBRAIO 2021 DIRETTORE MIRKO MEZZACASA"},"content":{"rendered":"<h3><a href=\"https:\/\/www.radiopiu.net\/wordpress\/giornale-radiopiu-24-gennaio-2021-direttore-mirko-mezzacasa\/141433770_171616291414874_2957460898102012198_n\/\" rel=\"attachment wp-att-186566\"><img loading=\"lazy\" decoding=\"async\" class=\"wp-image-186566 alignleft\" src=\"https:\/\/www.radiopiu.net\/wordpress\/wp-content\/uploads\/2021\/01\/141433770_171616291414874_2957460898102012198_n-300x300.jpg\" alt=\"\" width=\"144\" height=\"144\" srcset=\"https:\/\/www.radiopiu.net\/wordpress\/wp-content\/uploads\/2021\/01\/141433770_171616291414874_2957460898102012198_n-300x300.jpg 300w, https:\/\/www.radiopiu.net\/wordpress\/wp-content\/uploads\/2021\/01\/141433770_171616291414874_2957460898102012198_n-150x150.jpg 150w, https:\/\/www.radiopiu.net\/wordpress\/wp-content\/uploads\/2021\/01\/141433770_171616291414874_2957460898102012198_n-768x768.jpg 768w, https:\/\/www.radiopiu.net\/wordpress\/wp-content\/uploads\/2021\/01\/141433770_171616291414874_2957460898102012198_n.jpg 800w\" sizes=\"auto, (max-width: 144px) 100vw, 144px\" \/><\/a>PER<strong> RICEVERE QUESTO NOTIZIARIO DIRETTAMENTE SUL TUO CELLULARE ISCRIVITI AL CANALE TELEGRAM <\/strong><strong>\u201cRADIO PIU\u00a0 INFORMAZIONE&#8221;\u00a0<\/strong><\/h3>\n<h3>SUPERATI I 3000 ISCRITTI, il CANALE TELEGRAM&#8230; UNISCITI A: RADIO PIU INFORMAZIONE<\/h3>\n<p>&nbsp;<\/p>\n<p><em><a href=\"https:\/\/www.radiopiu.net\/wordpress\/giornale-radiopiu-24-gennaio-2021-direttore-mirko-mezzacasa\/79216601_126817312416448_708980208774483089_n\/\" rel=\"attachment wp-att-186567\"><img loading=\"lazy\" decoding=\"async\" class=\"size-medium wp-image-186567 alignright\" src=\"https:\/\/www.radiopiu.net\/wordpress\/wp-content\/uploads\/2021\/01\/79216601_126817312416448_708980208774483089_n-300x114.jpg\" alt=\"\" width=\"300\" height=\"114\" srcset=\"https:\/\/www.radiopiu.net\/wordpress\/wp-content\/uploads\/2021\/01\/79216601_126817312416448_708980208774483089_n-300x114.jpg 300w, https:\/\/www.radiopiu.net\/wordpress\/wp-content\/uploads\/2021\/01\/79216601_126817312416448_708980208774483089_n-768x292.jpg 768w, https:\/\/www.radiopiu.net\/wordpress\/wp-content\/uploads\/2021\/01\/79216601_126817312416448_708980208774483089_n.jpg 820w\" sizes=\"auto, (max-width: 300px) 100vw, 300px\" \/><\/a><span style=\"color: #ff0000;\">ATTENZIONE: LA NUOVA APP PER IOS-IPHONE di Nicola Vettorello <\/span><\/em><a href=\"https:\/\/apps.apple.com\/it\/app\/radio-pi%C3%B9-emittente-agordina\/id1515939845\">https:\/\/apps.apple.com\/it\/app\/radio-pi%C3%B9-emittente-agordina\/id1515939845<\/a> <em style=\"color: #ff0000;\">ATTENZIONE: LA NUOVA APP RADIO\u00a0 PER ANDROID di Nicola Vettorello<\/em><\/p>\n<p><a href=\"https:\/\/play.google.com\/store\/apps\/details?id=net.radiopiu.iniko\" target=\"_blank\" rel=\"noopener noreferrer\">https:\/\/play.google.com\/store\/apps\/details?id=net.radiopiu.iniko\u00a0\u00a0<\/a><\/p>\n<p>&nbsp;<\/p>\n<blockquote class=\"wp-embedded-content\" data-secret=\"8M4lqi4js5\"><p><a href=\"https:\/\/www.radiopiu.net\/wordpress\/tre-metri-di-neve-a-ra-vales-di-cortina\/\">TRE METRI DI NEVE A RA VALES DI CORTINA<\/a><\/p><\/blockquote>\n<p><iframe loading=\"lazy\" class=\"wp-embedded-content\" sandbox=\"allow-scripts\" security=\"restricted\" style=\"position: absolute; clip: rect(1px, 1px, 1px, 1px);\" title=\"&#8220;TRE METRI DI NEVE A RA VALES DI CORTINA&#8221; &#8212; Radio Pi\u00f9\" src=\"https:\/\/www.radiopiu.net\/wordpress\/tre-metri-di-neve-a-ra-vales-di-cortina\/embed\/#?secret=8M4lqi4js5\" data-secret=\"8M4lqi4js5\" width=\"600\" height=\"338\" frameborder=\"0\" marginwidth=\"0\" marginheight=\"0\" scrolling=\"no\"><\/iframe><\/p>\n<p>&nbsp;<\/p>\n<hr \/>\n<p>&nbsp;<\/p>\n<p>&nbsp;<\/p>\n<p>Che bella iniziativa, far conoscere i nostri artigiani dolomitici, \u00e8 del Centro Consorzi (<span style=\"color: #0000ff;\"><a style=\"color: #0000ff;\" href=\"https:\/\/www.facebook.com\/formazioneimpresa\">facebook<\/a><\/span>) Il video rientra nell&#8217;ambito di Dolomiti Wood Experience. L&#8217;artigiano \u00e8 Christian Begalli, della falegnameria La Sgubia (<a href=\"https:\/\/www.facebook.com\/LaSgubia\">facebook<\/a>).\u00a0 L&#8217;agordino Christian Begali si \u00e8 appassionato fin da giovane al mondo del legno e delle sue lavorazioni.\u00a0 &#8211;<em>Produzione audiovisiva dello Studio 2000 Hertz di Ponte nelle Alpi (<span style=\"color: #0000ff;\"><a style=\"color: #0000ff;\" href=\"https:\/\/www.facebook.com\/studio2000hertz\">facebook<\/a><\/span>)<\/em><\/p>\n<p>https:\/\/www.facebook.com\/formazioneimpresa\/videos\/467901794596344<\/p>\n<p>&nbsp;<\/p>\n<p>&nbsp;<\/p>\n<p>&nbsp;<\/p>\n<hr \/>\n<p>&nbsp;<\/p>\n<blockquote>\n<h3>ACQUA NON POTABILE A CENCENIGHE E TAIBON<\/h3>\n<p><span style=\"color: #ff0000;\">AD AGORDO PROBLEMI RISOLTI<\/span> Ad AGORDO nelle LOCALITA&#8217; PARECH, PROMPICAI e TOCCOL, l&#8217;acqua erogata dall&#8217;acquedotto \u00e8 di nuovo potabile e pu\u00f2 essere usata, quindi, per scopi alimentari.<\/p><\/blockquote>\n<p><strong><a href=\"https:\/\/www.radiopiu.net\/wordpress\/giornale-radiopiu-09-agosto-2018-direttore-mirko-mezzacasa\/acqua\/\" rel=\"attachment wp-att-57052\"><img loading=\"lazy\" decoding=\"async\" class=\" wp-image-57052 alignleft\" src=\"https:\/\/www.radiopiu.net\/wordpress\/wp-content\/uploads\/2018\/08\/ACQUA-300x180.jpeg\" alt=\"\" width=\"199\" height=\"119\" srcset=\"https:\/\/www.radiopiu.net\/wordpress\/wp-content\/uploads\/2018\/08\/ACQUA-300x180.jpeg 300w, https:\/\/www.radiopiu.net\/wordpress\/wp-content\/uploads\/2018\/08\/ACQUA-768x461.jpeg 768w, https:\/\/www.radiopiu.net\/wordpress\/wp-content\/uploads\/2018\/08\/ACQUA-1024x614.jpeg 1024w, https:\/\/www.radiopiu.net\/wordpress\/wp-content\/uploads\/2018\/08\/ACQUA.jpeg 1280w\" sizes=\"auto, (max-width: 199px) 100vw, 199px\" \/><\/a><\/strong>Gestione Servizi Pubblici informa che a CENCENIGHE AGORDINO nelle LOCALITA&#8217; FOCH, FAE&#8217;, VARE BASSE E LUXOTTICA, l&#8217;acqua erogata dall&#8217;acquedotto non \u00e8 potabile e pu\u00f2 essere usata per scopi alimentari SOLO PREVIA bollitura. Anche a TAIBON nelle localit\u00e0 Ronch De Buos e Nogarola<\/p>\n<p>&nbsp;<\/p>\n<p>&nbsp;<\/p>\n<hr \/>\n<p>&nbsp;<\/p>\n<p><span style=\"color: #ff0000;\">IL RICORDO\u00a0<\/span><\/p>\n<p><strong>NEL RICORDO DI MARCO PARISSENTI DALLA SUA FRASSENE&#8217;\u00a0<\/strong><\/p>\n<h2><span style=\"font-family: Arial; font-size: small;\"><strong><em><img loading=\"lazy\" decoding=\"async\" class=\"alignleft\" src=\"https:\/\/www.radiopiu.net\/wordpress\/wp-content\/uploads\/2021\/01\/Marco-2.jpg\" width=\"130\" height=\"173\" \/><\/em><\/strong><\/span><\/h2>\n<h2><\/h2>\n<h2><span style=\"font-family: Arial; font-size: small;\"><strong><em>&#8220;Ciao Marco,<\/em><\/strong><\/span><\/h2>\n<h2><span style=\"font-family: Arial; font-size: small;\"><strong><em>sei sempre nel nostro cuore e nelle nostre preghiere.<\/em><\/strong><\/span><\/h2>\n<h2><span style=\"font-family: Arial; font-size: small;\"><strong><em>Non ti dimenticheremo.&#8221;\u00a0<\/em><\/strong><\/span><\/h2>\n<p>&nbsp;<\/p>\n<p>&nbsp;<\/p>\n<p>&nbsp;<\/p>\n<hr \/>\n<p>&nbsp;<\/p>\n<blockquote>\n<h3>CHIUSURA A FASCE ORARIE PER LA PROVINCIALE 3 DI VAL IMPERINA<\/h3>\n<\/blockquote>\n<p><strong>GOSALDO<\/strong>\u00a0Per lavori di messa in sicurezza la provinciale 3 di Val Imperina tra Forcella Franche e Vallasin chiude totalmente\u00a0 (fino al 24 febbraio) con esclusione dei giorni festivi e prefestivi. Sar\u00e0 chiusa dalle 8 alle 12.45; dalle 13.45 alle 15.50 e dalle 16.10 alle 17.45. Nei periodi non interessati dalla chiusura compresi sabato e domenica senso unico alternato regolato da semaforo.<\/p>\n<p>&nbsp;<\/p>\n<hr \/>\n<p>&nbsp;<\/p>\n<blockquote>\n<h3>E&#8217; MORTO GIUSEPPE DA ROLD, STRONCATO DA MALORE NEL SUO UFFICIO<\/h3>\n<\/blockquote>\n<p><strong><img loading=\"lazy\" decoding=\"async\" class=\"alignleft\" src=\"https:\/\/www.radiopiu.net\/wordpress\/wp-content\/uploads\/2021\/02\/47f73cba-9ccf-4114-80b6-6449f7746762.jpg\" width=\"153\" height=\"86\" \/>BELLUNO<\/strong> E&#8217; un malore improvviso la causa della morte del\u00a0 direttore dell&#8217;Appia Cna di Belluno, Giuseppe Da Rold. Aveva 62 anni. Ieri\u00a0 Da Rold \u00e8 arrivato in ufficio come ogni giorno, attorno a mezzogiorno la segretaria \u00e8 entrata per salutarlo, prima di andare via ed\u00a0 ha fatto la triste\u00a0 scoperta. Il direttore era seduto sulla sua poltrona.\u00a0 \u00a0Immediatamente \u00e8 scattato l&#8217;allarme: prima la chiamata al 118, poi il tentativo di rianimazione da parte di un dipendente addetto al primo soccorso sotto la guida, via telefono, del personale dell&#8217;emergenza-urgenza,\u00a0 purtroppo non \u00e8 servito a nulla. Giuseppe Da Rold, dopo poco \u00e8 deceduto al pronto soccorso. Lascia la moglie e il figlio Giacomo.\u00a0 Era persona capace, competente, che ha sempre dato molto all&#8217;Appia dove ha speso la sua vita.<\/p>\n<p>&nbsp;<\/p>\n<p>&nbsp;<\/p>\n<p>&nbsp;<\/p>\n<hr \/>\n<p>&nbsp;<\/p>\n<blockquote>\n<h3>IERI: CONTAGI SU, IN DECISO CALO I RICOVERI<\/h3>\n<\/blockquote>\n<p>Un anno difficile per chi lavora nelle rianimazioni del Veneto, 3430 i pazienti ricoverati, 2500 nella seconda ondata. Indice di mortalit\u00e0 39%, i due terzi hanno interessato gli over 70,\u00a0 degenze medie di 13 giorni ma ci sono stati casi che si son prolungati per alcune settimane fino ad un mese. La Regione con il direttore Luciano Flor sta trattando l&#8217;acquisto di vaccini, si parla di milioni di dosi che potrebbero arrivare, tutte autorizzate mentre sono state respinte le offerte dei vaccini russi e cinesi. Da Azienda Zero i numeri del Veneto: scende ancora il numero delle persone attualmente positive in Veneto, 350 in meno (25.514). I nuovi contagi: 782 il doppio rispetto a lunedi\u00a0 e portano il totale\u00a0 a 319.092, ieri si sono registrati 29 nuovi decessi, sono 9.421 dall&#8217;inizio della pandemia. Negli ospedali:\u00a0 1.540 (-34) ricoveri in area medica e 171 (-3) tra i reparti di Terapia intensiva &#8211; e le strutture territoriali, dove si registrano 205 (-9) posti letto attualmente occupati. Sono 232.448 i vaccini finora somministrati in Veneto, per un totale di 105.746 persone a cui sono gi\u00e0 state inoculate le due dosi necessarie per la copertura.<\/p>\n<blockquote>\n<h3>COVID ULSS 1 DOLOMITI: TRE DECESSI E 46 NUOVI POSITIVI, 547 MORTI DAL 21 FEBBRAIO DELLO SCORSO ANNO<\/h3>\n<\/blockquote>\n<p><strong><a href=\"https:\/\/www.radiopiu.net\/wordpress\/giornale-radiopiu-10-marzo-2020-direttore-mirko-mezzacasa\/covid-ulss\/\" rel=\"attachment wp-att-121260\"><img loading=\"lazy\" decoding=\"async\" class=\" wp-image-121260 alignleft\" src=\"https:\/\/www.radiopiu.net\/wordpress\/wp-content\/uploads\/2020\/03\/covid-ulss-300x225.jpg\" alt=\"\" width=\"151\" height=\"113\" srcset=\"https:\/\/www.radiopiu.net\/wordpress\/wp-content\/uploads\/2020\/03\/covid-ulss-300x225.jpg 300w, https:\/\/www.radiopiu.net\/wordpress\/wp-content\/uploads\/2020\/03\/covid-ulss-768x576.jpg 768w, https:\/\/www.radiopiu.net\/wordpress\/wp-content\/uploads\/2020\/03\/covid-ulss.jpg 800w\" sizes=\"auto, (max-width: 151px) 100vw, 151px\" \/><\/a>BELLUNO<\/strong> Nelle ultime 24 ore sono decedute tre persone covid positive: una donna di 73 anni ricoverata in Geriatria a Belluno, un uomo di 82 anni ricoverato in Pneumologia Covid a Feltre, una donna di 83 anni ricoverata in ospedale di comunit\u00e0 a Feltre. Nell&#8217;ultima giornata sono 46 le nuove positivit\u00e0 registrate in Ulss 1 Dolomiti.<\/p>\n<p>&nbsp;<\/p>\n<p>&nbsp;<\/p>\n<p>&nbsp;<\/p>\n<hr \/>\n<p>&nbsp;<\/p>\n<blockquote>\n<h3>DRAMMA AD ARSIE&#8217; MUORE 43ENNE DEL PRIMIERO, MARCO BANCHER<\/h3>\n<\/blockquote>\n<p><em>In serata la voce della morte di Marco Bancher si \u00e8 sparsa in Primiero dove abitano gli anziani genitori e una sorella. L&#8217;uomo aveva anche alcuni amici feltrini, soprattutto nella zona di Lamon<\/em><\/p>\n<p>&nbsp;<\/p>\n<p><strong><a href=\"https:\/\/www.radiopiu.net\/wordpress\/incidente-mortale-ad-arsie\/0a66f9f4-d3a3-4b65-bf75-e607a4ae8832\/\" rel=\"attachment wp-att-190351\"><img loading=\"lazy\" decoding=\"async\" class=\"size-medium wp-image-190351 alignleft\" src=\"https:\/\/www.radiopiu.net\/wordpress\/wp-content\/uploads\/2021\/02\/0a66f9f4-d3a3-4b65-bf75-e607a4ae8832-300x225.jpg\" alt=\"\" width=\"300\" height=\"225\" srcset=\"https:\/\/www.radiopiu.net\/wordpress\/wp-content\/uploads\/2021\/02\/0a66f9f4-d3a3-4b65-bf75-e607a4ae8832-300x225.jpg 300w, https:\/\/www.radiopiu.net\/wordpress\/wp-content\/uploads\/2021\/02\/0a66f9f4-d3a3-4b65-bf75-e607a4ae8832.jpg 320w\" sizes=\"auto, (max-width: 300px) 100vw, 300px\" \/><\/a>ARSIE&#8217; <\/strong>Drammatico incidente nel pomeriggio alle 16.30 ad Arsi\u00e8 lungo la Statale 50. Coinvolti un camion bilico proveniente da Gorizia e condotto da\u00a0 S.D. 55enne e un&#8217;autovettura. L&#8217;impatto frontale \u00e8 stato devastante. Sull&#8217;auto, una Seat Leon un uomo di San Martino di Castrozza: Marco Bancher di 43 anni<strong>.<\/strong>. L&#8217;auto dirigeva da Feltre verso Bassano e avrebbe invaso &#8211; da una prima ricostruzione dei Carabinieri di Quero- l&#8217;opposta corsia sconctrandosi con il camion. Sul posto l&#8217;elicottero del Suem, l&#8217;uomo \u00e8 morto sul colpo, l&#8217;autista del mezzo pesante \u00e8 stato portato in ospedale con ferite di media gravit\u00e0, non \u00e8 in pericolo di vita. L&#8217; autoarticolato, trasportava billette di fonderie, finite sulla sede stradale. Sul posto i carabinieri e i vigili del fuoco intervenuti anche con l&#8217;autogru per il recupero del mezzo pesante. Il traffico dal momento dal sinistro al recupero del mezzo e del materiale in strada \u00e8 rimasta chiusa con deviazioni lungo le scale di Primolano.<\/p>\n<p><strong>\u00a0<\/strong><\/p>\n<p>&nbsp;<\/p>\n\n\t\t\t<style type='text\/css'>\n\t\t\t\t#gallery-1 {\n\t\t\t\t\tmargin: auto;\n\t\t\t\t}\n\t\t\t\t#gallery-1 .gallery-item {\n\t\t\t\t\tfloat: left;\n\t\t\t\t\tmargin-top: 10px;\n\t\t\t\t\ttext-align: center;\n\t\t\t\t\twidth: 33%;\n\t\t\t\t}\n\t\t\t\t#gallery-1 img {\n\t\t\t\t\tborder: 2px solid #cfcfcf;\n\t\t\t\t}\n\t\t\t\t#gallery-1 .gallery-caption {\n\t\t\t\t\tmargin-left: 0;\n\t\t\t\t}\n\t\t\t\t\/* see gallery_shortcode() in wp-includes\/media.php *\/\n\t\t\t<\/style>\n\t\t<div id='gallery-1' class='dt-gallery-container gallery galleryid-190129 gallery-columns-3 gallery-size-thumbnail'><dl class='gallery-item'>\n\t\t\t\t<dt class='gallery-icon landscape'>\n\t\t\t\t\t<a class=\"rollover rollover-zoom dt-pswp-item\" title=\"e2f7ae84-6d4b-4397-8b2f-4bd477754fa6\" data-dt-img-description=\"\" data-large_image_width=\"1280\" data-large_image_height=\"720\"href='https:\/\/www.radiopiu.net\/wordpress\/wp-content\/uploads\/2021\/02\/e2f7ae84-6d4b-4397-8b2f-4bd477754fa6.jpg'><img loading=\"lazy\" decoding=\"async\" width=\"150\" height=\"150\" src=\"https:\/\/www.radiopiu.net\/wordpress\/wp-content\/uploads\/2021\/02\/e2f7ae84-6d4b-4397-8b2f-4bd477754fa6-150x150.jpg\" class=\"attachment-thumbnail size-thumbnail\" alt=\"\" \/><\/a>\n\t\t\t\t<\/dt><\/dl><dl class='gallery-item'>\n\t\t\t\t<dt class='gallery-icon landscape'>\n\t\t\t\t\t<a class=\"rollover rollover-zoom dt-pswp-item\" title=\"bdc5d45f-a2cc-4e97-907b-166b43293552\" data-dt-img-description=\"\" data-large_image_width=\"1280\" data-large_image_height=\"720\"href='https:\/\/www.radiopiu.net\/wordpress\/wp-content\/uploads\/2021\/02\/bdc5d45f-a2cc-4e97-907b-166b43293552.jpg'><img loading=\"lazy\" decoding=\"async\" width=\"150\" height=\"150\" src=\"https:\/\/www.radiopiu.net\/wordpress\/wp-content\/uploads\/2021\/02\/bdc5d45f-a2cc-4e97-907b-166b43293552-150x150.jpg\" class=\"attachment-thumbnail size-thumbnail\" alt=\"\" \/><\/a>\n\t\t\t\t<\/dt><\/dl><dl class='gallery-item'>\n\t\t\t\t<dt class='gallery-icon landscape'>\n\t\t\t\t\t<a class=\"rollover rollover-zoom dt-pswp-item\" title=\"ba11c1fa-d6aa-49e1-a4fb-3a8d564fb8d6\" data-dt-img-description=\"\" data-large_image_width=\"320\" data-large_image_height=\"240\"href='https:\/\/www.radiopiu.net\/wordpress\/wp-content\/uploads\/2021\/02\/ba11c1fa-d6aa-49e1-a4fb-3a8d564fb8d6.jpg'><img loading=\"lazy\" decoding=\"async\" width=\"150\" height=\"150\" src=\"https:\/\/www.radiopiu.net\/wordpress\/wp-content\/uploads\/2021\/02\/ba11c1fa-d6aa-49e1-a4fb-3a8d564fb8d6-150x150.jpg\" class=\"attachment-thumbnail size-thumbnail\" alt=\"\" \/><\/a>\n\t\t\t\t<\/dt><\/dl><br style=\"clear: both\" \/><dl class='gallery-item'>\n\t\t\t\t<dt class='gallery-icon landscape'>\n\t\t\t\t\t<a class=\"rollover rollover-zoom dt-pswp-item\" title=\"ba0105a1-faae-4076-94f9-a4f1d12c7c2c\" data-dt-img-description=\"\" data-large_image_width=\"720\" data-large_image_height=\"496\"href='https:\/\/www.radiopiu.net\/wordpress\/wp-content\/uploads\/2021\/02\/ba0105a1-faae-4076-94f9-a4f1d12c7c2c.jpg'><img loading=\"lazy\" decoding=\"async\" width=\"150\" height=\"150\" src=\"https:\/\/www.radiopiu.net\/wordpress\/wp-content\/uploads\/2021\/02\/ba0105a1-faae-4076-94f9-a4f1d12c7c2c-150x150.jpg\" class=\"attachment-thumbnail size-thumbnail\" alt=\"\" \/><\/a>\n\t\t\t\t<\/dt><\/dl><dl class='gallery-item'>\n\t\t\t\t<dt class='gallery-icon landscape'>\n\t\t\t\t\t<a class=\"rollover rollover-zoom dt-pswp-item\" title=\"9dcf0304-6dc4-446c-86e3-3530bc9661d4\" data-dt-img-description=\"\" data-large_image_width=\"1280\" data-large_image_height=\"879\"href='https:\/\/www.radiopiu.net\/wordpress\/wp-content\/uploads\/2021\/02\/9dcf0304-6dc4-446c-86e3-3530bc9661d4.jpg'><img loading=\"lazy\" decoding=\"async\" width=\"150\" height=\"150\" src=\"https:\/\/www.radiopiu.net\/wordpress\/wp-content\/uploads\/2021\/02\/9dcf0304-6dc4-446c-86e3-3530bc9661d4-150x150.jpg\" class=\"attachment-thumbnail size-thumbnail\" alt=\"\" \/><\/a>\n\t\t\t\t<\/dt><\/dl><dl class='gallery-item'>\n\t\t\t\t<dt class='gallery-icon landscape'>\n\t\t\t\t\t<a class=\"rollover rollover-zoom dt-pswp-item\" title=\"343b983d-7650-48d5-91e9-275cf3bec54d\" data-dt-img-description=\"\" data-large_image_width=\"1280\" data-large_image_height=\"873\"href='https:\/\/www.radiopiu.net\/wordpress\/wp-content\/uploads\/2021\/02\/343b983d-7650-48d5-91e9-275cf3bec54d.jpg'><img loading=\"lazy\" decoding=\"async\" width=\"150\" height=\"150\" src=\"https:\/\/www.radiopiu.net\/wordpress\/wp-content\/uploads\/2021\/02\/343b983d-7650-48d5-91e9-275cf3bec54d-150x150.jpg\" class=\"attachment-thumbnail size-thumbnail\" alt=\"\" \/><\/a>\n\t\t\t\t<\/dt><\/dl><br style=\"clear: both\" \/>\n\t\t\t<\/div>\n\n<p>&nbsp;<\/p>\n<p>&nbsp;<\/p>\n<hr \/>\n<p>&nbsp;<\/p>\n<blockquote>\n<h3>BOTTACIN TIRA LE SOMME DOPO LE ULTIME ORE DI MONITORAGGIO DELLA FRANA DI PERAROLO<\/h3>\n<\/blockquote>\n<p><strong>VENEZIA <\/strong>La frana di Perarolo si sta muovendo velocemente. L&#8217;assessore regionale Gianpaolo Bottacin tira le somme sulle ultime ore di monitoraggio.<\/p>\n<div style=\"width: 720px;\" class=\"wp-video\"><video class=\"wp-video-shortcode\" id=\"video-190129-1\" width=\"720\" height=\"480\" preload=\"metadata\" controls=\"controls\"><source type=\"video\/mp4\" src=\"https:\/\/www.radiopiu.net\/wordpress\/wp-content\/uploads\/2021\/02\/BOTTACIN-PERAROLO-OK.mp4?_=1\" \/><a href=\"https:\/\/www.radiopiu.net\/wordpress\/wp-content\/uploads\/2021\/02\/BOTTACIN-PERAROLO-OK.mp4\">https:\/\/www.radiopiu.net\/wordpress\/wp-content\/uploads\/2021\/02\/BOTTACIN-PERAROLO-OK.mp4<\/a><\/video><\/div>\n<p>&nbsp;<\/p>\n<p>&nbsp;<\/p>\n<blockquote class=\"wp-embedded-content\" data-secret=\"FE1qRVtsAK\"><p><a href=\"https:\/\/www.radiopiu.net\/wordpress\/le-foto-della-frana-di-perarolo_ass-prot-civile-veneto\/\">LE FOTO DELLA FRANA DI PERAROLO_ASS.PROT.CIVILE VENETO<\/a><\/p><\/blockquote>\n<p><iframe loading=\"lazy\" class=\"wp-embedded-content\" sandbox=\"allow-scripts\" security=\"restricted\" style=\"position: absolute; clip: rect(1px, 1px, 1px, 1px);\" title=\"&#8220;LE FOTO DELLA FRANA DI PERAROLO_ASS.PROT.CIVILE VENETO&#8221; &#8212; Radio Pi\u00f9\" src=\"https:\/\/www.radiopiu.net\/wordpress\/le-foto-della-frana-di-perarolo_ass-prot-civile-veneto\/embed\/#?secret=FE1qRVtsAK\" data-secret=\"FE1qRVtsAK\" width=\"600\" height=\"338\" frameborder=\"0\" marginwidth=\"0\" marginheight=\"0\" scrolling=\"no\"><\/iframe><\/p>\n<p>&nbsp;<\/p>\n<p>&nbsp;<\/p>\n<hr \/>\n<blockquote>\n<h3><\/h3>\n<h3>luxotticaAgordo: IL TESTAMENTO DI PAOLO CHISSALE&#8217; da CISL LA VOCE DEI LAVORATORI<\/h3>\n<\/blockquote>\n<p><strong><img loading=\"lazy\" decoding=\"async\" class=\"alignleft\" src=\"https:\/\/www.radiopiu.net\/wordpress\/wp-content\/uploads\/2018\/01\/PAOLO-CHISSALE.jpg\" width=\"186\" height=\"124\" \/>AGORDO<\/strong> Anni, tanti anni. Settimane, una dietro l&#8217;altra. In studio e da casa in tempi di covid, ma Cisl La Voce dei Lavoratori non ha mai conosciuto pause se non quelle estive delle ferie. Paolo Chissal\u00e8 ha condotto un programma importante, atteso durante la settimana, ascoltato e riascoltato nei podcast. A Paolo il grazie per il grande impegno, la puntualit\u00e0 e la costanza nell&#8217;aggiornare sulla vita in fabbrica, soprattutto sull&#8217;importanza del contatto sindacale. Buona meritata pensione Paolo, con l&#8217;auspicio di averti ancora ospite della radio.<\/p>\n<p>Mirko Mezzacasa<\/p>\n<audio class=\"wp-audio-shortcode\" id=\"audio-190129-1\" preload=\"none\" style=\"width: 100%;\" controls=\"controls\"><source type=\"audio\/mpeg\" src=\"https:\/\/www.radiopiu.net\/wordpress\/wp-content\/uploads\/2021\/02\/CISL.mp3?_=1\" \/><a href=\"https:\/\/www.radiopiu.net\/wordpress\/wp-content\/uploads\/2021\/02\/CISL.mp3\">https:\/\/www.radiopiu.net\/wordpress\/wp-content\/uploads\/2021\/02\/CISL.mp3<\/a><\/audio>\n<p>&nbsp;<\/p>\n<hr \/>\n<p>&nbsp;<\/p>\n<blockquote>\n<h3>TAVOLO ACC-ITALCOMP DI BORGO VALBELLUNA. DONAZZAN LANCIA APPELLO ALLE BANCHE. \u201cIL SISTEMA BANCARIO SIA ALLEATO PER IL RILANCIO\u201d<\/h3>\n<\/blockquote>\n<p><strong><a href=\"https:\/\/www.radiopiu.net\/wordpress\/giornale-radiopiu-05-maggio-2018-direttore-mirko-mezzacasa\/acc-mel-e1481823814280\/\" rel=\"attachment wp-att-47563\"><img loading=\"lazy\" decoding=\"async\" class=\"size-medium wp-image-47563 alignleft\" src=\"https:\/\/www.radiopiu.net\/wordpress\/wp-content\/uploads\/2018\/05\/acc-mel-e1481823814280-300x184.jpg\" alt=\"\" width=\"300\" height=\"184\" srcset=\"https:\/\/www.radiopiu.net\/wordpress\/wp-content\/uploads\/2018\/05\/acc-mel-e1481823814280-300x184.jpg 300w, https:\/\/www.radiopiu.net\/wordpress\/wp-content\/uploads\/2018\/05\/acc-mel-e1481823814280-768x472.jpg 768w, https:\/\/www.radiopiu.net\/wordpress\/wp-content\/uploads\/2018\/05\/acc-mel-e1481823814280.jpg 823w\" sizes=\"auto, (max-width: 300px) 100vw, 300px\" \/><\/a>VENEZIA <\/strong>In occasione della sessione straordinaria del Consiglio di Sorveglianza Socio-istituzionale di ACC di Borgo Valbelluna, la Regione del Veneto intervenuta con l\u2019assessore al lavoro Elena Donazzan supportata dall\u2019Unit\u00e0 di Crisi regionale, ha informato le parti di aver chiesto agli istituti di credito di illustrare, alla volta di venerd\u00ec 12 febbraio, le forme di sostegno finanziario che intendono proporre per la realt\u00e0 di ACC. Si tratta di un\u2019azienda che, come emerso dai dati presentati nel corso della riunione, dal punto di vista industriale risulta solida e in espansione, sia rispetto al rapporto con clienti strategici, aumentati nell\u2019ultimo periodo, sia all\u2019incremento di volumi produttivi. Una realt\u00e0 industriale e produttiva che, va sottolineato, conta su un indotto a monte costituito per la quasi totalit\u00e0 da aziende venete e italiane. Ci\u00f2 significa, nel concreto, che il sostegno finanziario ad ACC genererebbe benefici di notevoli dimensioni economiche e sociali per l\u2019intero territorio della provincia di Belluno, bens\u00ec anche a livello regionale e nazionale, considerando il progetto nazionale Italcomp del distretto del compressore. \u201c<em>Il sistema bancario deve essere nostro alleato in questo progetto di rilancio \u2013 ha concluso l\u2019assessore Donazzan, \u2013 perch\u00e9 si tratta di un piano che, in questo particolare momento, permetterebbe di dare respiro ad una realt\u00e0 industriale in grado, con le giuste garanzie, di fare da volano allo sviluppo di un settore economico strategico per il nostro territorio<\/em>\u201d.<\/p>\n<p>&nbsp;<\/p>\n<p>&nbsp;<\/p>\n<hr \/>\n<p>&nbsp;<\/p>\n<blockquote>\n<h3 class=\"p1\"><span class=\"s1\">ACC, D\u2019INC\u00c0: \u201cCONTINUA IL LAVORO PER LO STABILIMENTO DI MEL, A BREVE INCONTRO TRA SACE E BANCHE\u201d<\/span><\/h3>\n<\/blockquote>\n<p class=\"p1\"><span class=\"s1\"><strong><a href=\"https:\/\/www.radiopiu.net\/wordpress\/giornale-radiopiu-23-aprile-2020-direttore-mirko-mezzacasa\/federico-dinca-3\/\" rel=\"attachment wp-att-132319\"><img loading=\"lazy\" decoding=\"async\" class=\"size-medium wp-image-132319 alignleft\" src=\"https:\/\/www.radiopiu.net\/wordpress\/wp-content\/uploads\/2020\/04\/FEDERICO-DINCA-237x300.png\" alt=\"\" width=\"237\" height=\"300\" srcset=\"https:\/\/www.radiopiu.net\/wordpress\/wp-content\/uploads\/2020\/04\/FEDERICO-DINCA-237x300.png 237w, https:\/\/www.radiopiu.net\/wordpress\/wp-content\/uploads\/2020\/04\/FEDERICO-DINCA-808x1024.png 808w, https:\/\/www.radiopiu.net\/wordpress\/wp-content\/uploads\/2020\/04\/FEDERICO-DINCA-768x973.png 768w, https:\/\/www.radiopiu.net\/wordpress\/wp-content\/uploads\/2020\/04\/FEDERICO-DINCA.png 1018w\" sizes=\"auto, (max-width: 237px) 100vw, 237px\" \/><\/a>ROMA<\/strong> \u201c<em>La delicata questione dell\u2019Acc di Borgo Valbelluna rimane sotto continua attenzione e, nonostante la situazione governativa di questi giorni che consente all\u2019Esecutivo di procedere solamente al disbrigo degli affari correnti, siamo al lavoro assieme al Mise per trovare una soluzione alla vicenda. Mi sono relazionato con la Sottosegretaria Alessandra Todde per convocare un imminente tavolo tra Sace e gli istituti di credito affinch\u00e9 si possa trovare rapidamente un accordo per il finanziamento necessario allo stabilimento di Mel. Un\u2019azienda che il Governo ha sempre ritenuto strategica, non solo per il territorio bellunese ma anche per l\u2019intero Paese: il pi\u00f9 ampio progetto Italcomp, infatti, rappresenta una svolta nel nostro rilancio industriale ed \u00e8 stato fortemente voluto e portato avanti dal Governo Conte e dalle Regioni Veneto e Piemonte. \u00c8 importante, ancora una volta, collaborare a stretto contatto per trovare una via di uscita, per una realt\u00e0 che sotto la brillante guida del commissario straordinario Maurizio Castro, ha saputo garantire nuove prospettive industriali, portando nuove assunzioni di personale a Mel, come non accadeva da molto tempo. Da parte mia e da parte di Alessandra Todde ci sar\u00e0 il massimo impegno per dare la dovuta continuit\u00e0 allo stabilimento e all\u2019intero progetto. Ringrazio il commissario Castro, con cui sono in stretto contatto, la Regione Veneto, il sindaco Cesa,<\/em> <em>il sindacato e tutti i dipendenti che stanno continuando a dimostrare grande professionalit\u00e0 e un forte legame nei confronti dell\u2019azienda<\/em>\u201d. Lo afferma in una nota Federico D\u2019Inc\u00e0, Ministro per i Rapporti con il Parlamento, in occasione del consiglio di sorveglianza di Acc che si \u00e8 tenuto oggi in videoconferenza.<\/span><\/p>\n<p>&nbsp;<\/p>\n<p>&nbsp;<\/p>\n<hr \/>\n<p>&nbsp;<\/p>\n<blockquote>\n<h3>LA CASA DI SOGGIORNO DI TAIBON CERCA IL NUOVO GESTORE ENTRO MAGGIO<\/h3>\n<\/blockquote>\n<p><a href=\"https:\/\/www.radiopiu.net\/wordpress\/la-casa-di-soggiorno-di-taibon-cerca-il-nuovo-gestore-entro-maggio\/samsung-camera-pictures-2\/\" rel=\"attachment wp-att-190126\"><img loading=\"lazy\" decoding=\"async\" class=\"wp-image-190126 size-medium alignleft\" src=\"https:\/\/www.radiopiu.net\/wordpress\/wp-content\/uploads\/2021\/02\/CASA-SOGGIORNO-TAIBON-300x190.jpg\" alt=\"\" width=\"300\" height=\"190\" srcset=\"https:\/\/www.radiopiu.net\/wordpress\/wp-content\/uploads\/2021\/02\/CASA-SOGGIORNO-TAIBON-300x190.jpg 300w, https:\/\/www.radiopiu.net\/wordpress\/wp-content\/uploads\/2021\/02\/CASA-SOGGIORNO-TAIBON.jpg 512w\" sizes=\"auto, (max-width: 300px) 100vw, 300px\" \/><\/a><strong>TAIBON<\/strong><\/p>\n<p>di Gianni Santomaso<\/p>\n<audio class=\"wp-audio-shortcode\" id=\"audio-190129-2\" preload=\"none\" style=\"width: 100%;\" controls=\"controls\"><source type=\"audio\/mpeg\" src=\"https:\/\/www.radiopiu.net\/wordpress\/wp-content\/uploads\/2021\/02\/GIANNI-CASA-SOGGIORNO-TAIBON.mp3?_=2\" \/><a href=\"https:\/\/www.radiopiu.net\/wordpress\/wp-content\/uploads\/2021\/02\/GIANNI-CASA-SOGGIORNO-TAIBON.mp3\">https:\/\/www.radiopiu.net\/wordpress\/wp-content\/uploads\/2021\/02\/GIANNI-CASA-SOGGIORNO-TAIBON.mp3<\/a><\/audio>\n<p>&nbsp;<\/p>\n<hr \/>\n<p>&nbsp;<\/p>\n<blockquote>\n<h3>IL SINDACO DI ROCCA PIETORE ANDREA DE BERNARDIN RISPONDE ALLE CRITICHE DELLA MINORANZA<\/h3>\n<\/blockquote>\n<p><strong><a href=\"https:\/\/www.radiopiu.net\/wordpress\/giornale-radio-piu-29-10-direttore-mirko-mezzacasa\/andrea-de-bernardin-tuttacronaca\/\" rel=\"attachment wp-att-12402\"><img loading=\"lazy\" decoding=\"async\" class=\"size-medium wp-image-12402 alignleft\" src=\"https:\/\/www.radiopiu.net\/wordpress\/wp-content\/uploads\/2015\/10\/andrea-de-bernardin-tuttacronaca-300x177.jpg\" alt=\"\" width=\"300\" height=\"177\" \/><\/a>ROCCA PIETORE<\/strong><\/p>\n<p>di Gianni Santomaso<\/p>\n<audio class=\"wp-audio-shortcode\" id=\"audio-190129-3\" preload=\"none\" style=\"width: 100%;\" controls=\"controls\"><source type=\"audio\/mpeg\" src=\"https:\/\/www.radiopiu.net\/wordpress\/wp-content\/uploads\/2021\/02\/GIANNI-DE-BERNARDIN-RISPONDE-A-IRACI.mp3?_=3\" \/><a href=\"https:\/\/www.radiopiu.net\/wordpress\/wp-content\/uploads\/2021\/02\/GIANNI-DE-BERNARDIN-RISPONDE-A-IRACI.mp3\">https:\/\/www.radiopiu.net\/wordpress\/wp-content\/uploads\/2021\/02\/GIANNI-DE-BERNARDIN-RISPONDE-A-IRACI.mp3<\/a><\/audio>\n<p>&nbsp;<\/p>\n<hr \/>\n<p>&nbsp;<\/p>\n<blockquote>\n<h3><a href=\"https:\/\/www.radiopiu.net\/wordpress\/la-giunta-approva-il-progetto-per-la-messa-in-sicurezza-della-scuola-di-castion\/th-37\/\" rel=\"attachment wp-att-190410\"><img loading=\"lazy\" decoding=\"async\" class=\"wp-image-190410 alignleft\" src=\"https:\/\/www.radiopiu.net\/wordpress\/wp-content\/uploads\/2021\/02\/th-12.jpg\" alt=\"\" width=\"147\" height=\"105\" \/><\/a>LA GIUNTA APPROVA IL PROGETTO PER LA MESSA IN SICUREZZA DELLA SCUOLA DI CASTION<\/h3>\n<\/blockquote>\n<p><strong>BELLUNO<\/strong><br \/>\n<strong>MORENO GIOLI\u00a0<\/strong><\/p>\n<p>&nbsp;<\/p>\n<audio class=\"wp-audio-shortcode\" id=\"audio-190129-4\" preload=\"none\" style=\"width: 100%;\" controls=\"controls\"><source type=\"audio\/mpeg\" src=\"https:\/\/www.radiopiu.net\/wordpress\/wp-content\/uploads\/2021\/02\/moreno-1.mp3?_=4\" \/><a href=\"https:\/\/www.radiopiu.net\/wordpress\/wp-content\/uploads\/2021\/02\/moreno-1.mp3\">https:\/\/www.radiopiu.net\/wordpress\/wp-content\/uploads\/2021\/02\/moreno-1.mp3<\/a><\/audio>\n<p>&nbsp;<\/p>\n<p>&nbsp;<\/p>\n<hr \/>\n<p><span style=\"color: #ff0000;\">I CIOCCOLATINI DELL&#8217;AMORE<\/span><\/p>\n<blockquote>\n<h3><strong><a href=\"https:\/\/www.radiopiu.net\/wordpress\/giornale-radiopiu-07-02-2017-direttore-mirko-mezzacasa\/insieme-si-piuo\/\" rel=\"attachment wp-att-28219\"><img loading=\"lazy\" decoding=\"async\" class=\" wp-image-28219 alignleft\" src=\"https:\/\/www.radiopiu.net\/wordpress\/wp-content\/uploads\/2017\/02\/INSIEME-SI-PIUO.png\" alt=\"\" width=\"98\" height=\"98\" \/><\/a>SAN VALENTINO ED INSIEME SI PUO&#8217;, IL REGALO ETICO<\/strong><\/h3>\n<\/blockquote>\n<p>BELLUNO<\/p>\n<p><strong>di DAMIANO TORMEN<\/strong><\/p>\n<audio class=\"wp-audio-shortcode\" id=\"audio-190129-5\" preload=\"none\" style=\"width: 100%;\" controls=\"controls\"><source type=\"audio\/mpeg\" src=\"https:\/\/www.radiopiu.net\/wordpress\/wp-content\/uploads\/2021\/02\/DAMIANO-AMORE.mp3?_=5\" \/><a href=\"https:\/\/www.radiopiu.net\/wordpress\/wp-content\/uploads\/2021\/02\/DAMIANO-AMORE.mp3\">https:\/\/www.radiopiu.net\/wordpress\/wp-content\/uploads\/2021\/02\/DAMIANO-AMORE.mp3<\/a><\/audio>\n<p>&nbsp;<\/p>\n<p>&nbsp;<\/p>\n<hr \/>\n<p>&nbsp;<\/p>\n<p>&nbsp;<\/p>\n<blockquote>\n<h3>IN ARRIVO IL BANDO PER IL RECLUTAMENTO NELLE SCUOLA STATALE, L&#8217;ULTIMO RISALE AL 2017<\/h3>\n<\/blockquote>\n<p><strong><a href=\"https:\/\/www.radiopiu.net\/wordpress\/convocato-per-venerdi-13-novembre-il-consiglio-generale-chiamato-ad-eleggere-il-nuovo-segretario-generale-dopo-lingresso-di-cinzia-bonan-in-segreteria-regionale-ampia-convergenza-sul-nome-del\/schermata-2020-11-11-alle-12-25-13\/\" rel=\"attachment wp-att-172025\"><img loading=\"lazy\" decoding=\"async\" class=\" wp-image-172025 alignleft\" src=\"https:\/\/www.radiopiu.net\/wordpress\/wp-content\/uploads\/2020\/11\/Schermata-2020-11-11-alle-12.25.13-300x157.png\" alt=\"\" width=\"250\" height=\"131\" srcset=\"https:\/\/www.radiopiu.net\/wordpress\/wp-content\/uploads\/2020\/11\/Schermata-2020-11-11-alle-12.25.13-300x157.png 300w, https:\/\/www.radiopiu.net\/wordpress\/wp-content\/uploads\/2020\/11\/Schermata-2020-11-11-alle-12.25.13.png 594w\" sizes=\"auto, (max-width: 250px) 100vw, 250px\" \/><\/a>BELLUNO<\/strong> Gli aspiranti Ata, ovvero il personale amministrativo, tecnico e ausiliario delle scuole, a breve avranno la possibilit\u00e0 di accedere alle supplenze anche nelle province di Treviso e Belluno, come nel resto d\u2019Italia. Per il 2021, infatti, \u00e8 prevista la pubblicazione del bando con le scadenze e le indicazioni per la presentazione delle domande, che avverr\u00e0 attraverso una piattaforma online. La pubblicazione era stata inizialmente prevista per il 1\u00b0 febbraio, ma poi \u00e8 stata rimandata. Ora bisogner\u00e0 attendere la formazione del nuovo Governo. La Cisl Scuola territoriale, come nel 2017 &#8211; quando gest\u00ec ben 700 domande fra Belluno e Treviso &#8211; ha gi\u00e0 predisposto uno sportello per aiutare gli utenti nella gestione della pratica. I lavoratori e le lavoratrici interessate possono inviare una mail all\u2019indirizzo graduatorie.ata@cislbltv.it\u00a0o un messaggio WhatsApp al numero 331 4001275 indicando nome e cognome, telefono e se si tratta di rinnovo o di prima iscrizione. Non appena sar\u00e0 pubblicato il bando la persona interessata verr\u00e0 richiamata per fissare un appuntamento.<\/p>\n<p><strong>LA SEGRETARIA GENERALE CISL SCUOLA BELLUNO_LORELLA BENVEGNU&#8217;<\/strong><\/p>\n<audio class=\"wp-audio-shortcode\" id=\"audio-190129-6\" preload=\"none\" style=\"width: 100%;\" controls=\"controls\"><source type=\"audio\/mpeg\" src=\"https:\/\/www.radiopiu.net\/wordpress\/wp-content\/uploads\/2021\/02\/CISL-SCUOLA-LORELLA-BENVEGNU.mp3?_=6\" \/><a href=\"https:\/\/www.radiopiu.net\/wordpress\/wp-content\/uploads\/2021\/02\/CISL-SCUOLA-LORELLA-BENVEGNU.mp3\">https:\/\/www.radiopiu.net\/wordpress\/wp-content\/uploads\/2021\/02\/CISL-SCUOLA-LORELLA-BENVEGNU.mp3<\/a><\/audio>\n<p>&nbsp;<\/p>\n<hr \/>\n<p>&nbsp;<\/p>\n<p>&nbsp;<\/p>\n<p>&nbsp;<\/p>\n<hr \/>\n<p>&nbsp;<\/p>\n<blockquote class=\"wp-embedded-content\" data-secret=\"kTxbTIDPTz\"><p><a href=\"https:\/\/www.radiopiu.net\/wordpress\/aggfeb10\/\">CORONAVIRUS: AGGIORNAMENTO NAZIONALE 10 FEBBRAIO 2021<\/a><\/p><\/blockquote>\n<p><iframe loading=\"lazy\" class=\"wp-embedded-content\" sandbox=\"allow-scripts\" security=\"restricted\" style=\"position: absolute; clip: rect(1px, 1px, 1px, 1px);\" title=\"&#8220;CORONAVIRUS: AGGIORNAMENTO NAZIONALE 10 FEBBRAIO 2021&#8221; &#8212; Radio Pi\u00f9\" src=\"https:\/\/www.radiopiu.net\/wordpress\/aggfeb10\/embed\/#?secret=kTxbTIDPTz\" data-secret=\"kTxbTIDPTz\" width=\"600\" height=\"338\" frameborder=\"0\" marginwidth=\"0\" marginheight=\"0\" scrolling=\"no\"><\/iframe><\/p>\n<p>&nbsp;<\/p>\n<hr \/>\n<p>&nbsp;<\/p>\n<blockquote class=\"wp-embedded-content\" data-secret=\"wl4fa4CLQK\"><p><a href=\"https:\/\/www.radiopiu.net\/wordpress\/in-veneto-sono-1110-i-negativizzati-delle-ultime-24-ore-contro-le-789-nuove-positivita-calano-i-ricoveri-in-area-non-critica-ma-aumentano-le-terapie-intensive-29-decessi-a-belluno-46-nuovi-positi\/\">IN VENETO SONO 1110 I NEGATIVIZZATI DELLE ULTIME 24 ORE CONTRO LE 789 NUOVE POSITIVITA&#8217;. CALANO I RICOVERI IN AREA NON CRITICA MA AUMENTANO LE TERAPIE INTENSIVE, 29 DECESSI. A BELLUNO 46 NUOVI POSITIVI<\/a><\/p><\/blockquote>\n<p><iframe loading=\"lazy\" class=\"wp-embedded-content\" sandbox=\"allow-scripts\" security=\"restricted\" style=\"position: absolute; clip: rect(1px, 1px, 1px, 1px);\" title=\"&#8220;IN VENETO SONO 1110 I NEGATIVIZZATI DELLE ULTIME 24 ORE CONTRO LE 789 NUOVE POSITIVITA&#8217;. CALANO I RICOVERI IN AREA NON CRITICA MA AUMENTANO LE TERAPIE INTENSIVE, 29 DECESSI. A BELLUNO 46 NUOVI POSITIVI&#8221; &#8212; Radio Pi\u00f9\" src=\"https:\/\/www.radiopiu.net\/wordpress\/in-veneto-sono-1110-i-negativizzati-delle-ultime-24-ore-contro-le-789-nuove-positivita-calano-i-ricoveri-in-area-non-critica-ma-aumentano-le-terapie-intensive-29-decessi-a-belluno-46-nuovi-positi\/embed\/#?secret=wl4fa4CLQK\" data-secret=\"wl4fa4CLQK\" width=\"600\" height=\"338\" frameborder=\"0\" marginwidth=\"0\" marginheight=\"0\" scrolling=\"no\"><\/iframe><\/p>\n<p>&nbsp;<\/p>\n<hr \/>\n<p>&nbsp;<\/p>\n<blockquote>\n<h3>I GRAFICI DI TIZIANO DE COL<\/h3>\n<\/blockquote>\n\n\t\t\t<style type='text\/css'>\n\t\t\t\t#gallery-2 {\n\t\t\t\t\tmargin: auto;\n\t\t\t\t}\n\t\t\t\t#gallery-2 .gallery-item {\n\t\t\t\t\tfloat: left;\n\t\t\t\t\tmargin-top: 10px;\n\t\t\t\t\ttext-align: center;\n\t\t\t\t\twidth: 25%;\n\t\t\t\t}\n\t\t\t\t#gallery-2 img {\n\t\t\t\t\tborder: 2px solid #cfcfcf;\n\t\t\t\t}\n\t\t\t\t#gallery-2 .gallery-caption {\n\t\t\t\t\tmargin-left: 0;\n\t\t\t\t}\n\t\t\t\t\/* see gallery_shortcode() in wp-includes\/media.php *\/\n\t\t\t<\/style>\n\t\t<div id='gallery-2' class='dt-gallery-container gallery galleryid-190129 gallery-columns-4 gallery-size-medium'><dl class='gallery-item'>\n\t\t\t\t<dt class='gallery-icon landscape'>\n\t\t\t\t\t<a class=\"rollover rollover-zoom dt-pswp-item\" title=\"435e076e-5492-49d9-b52c-35e671090560\" data-dt-img-description=\"\" data-large_image_width=\"614\" data-large_image_height=\"372\"href='https:\/\/www.radiopiu.net\/wordpress\/wp-content\/uploads\/2021\/02\/435e076e-5492-49d9-b52c-35e671090560.jpg'><img loading=\"lazy\" decoding=\"async\" width=\"300\" height=\"182\" src=\"https:\/\/www.radiopiu.net\/wordpress\/wp-content\/uploads\/2021\/02\/435e076e-5492-49d9-b52c-35e671090560-300x182.jpg\" class=\"attachment-medium size-medium\" alt=\"\" srcset=\"https:\/\/www.radiopiu.net\/wordpress\/wp-content\/uploads\/2021\/02\/435e076e-5492-49d9-b52c-35e671090560-300x182.jpg 300w, https:\/\/www.radiopiu.net\/wordpress\/wp-content\/uploads\/2021\/02\/435e076e-5492-49d9-b52c-35e671090560.jpg 614w\" sizes=\"auto, (max-width: 300px) 100vw, 300px\" \/><\/a>\n\t\t\t\t<\/dt><\/dl><dl class='gallery-item'>\n\t\t\t\t<dt class='gallery-icon landscape'>\n\t\t\t\t\t<a class=\"rollover rollover-zoom dt-pswp-item\" title=\"c1e39ffb-8d60-4248-9c8b-6cc264f4545e\" data-dt-img-description=\"\" data-large_image_width=\"610\" data-large_image_height=\"353\"href='https:\/\/www.radiopiu.net\/wordpress\/wp-content\/uploads\/2021\/02\/c1e39ffb-8d60-4248-9c8b-6cc264f4545e.jpg'><img loading=\"lazy\" decoding=\"async\" width=\"300\" height=\"174\" src=\"https:\/\/www.radiopiu.net\/wordpress\/wp-content\/uploads\/2021\/02\/c1e39ffb-8d60-4248-9c8b-6cc264f4545e-300x174.jpg\" class=\"attachment-medium size-medium\" alt=\"\" srcset=\"https:\/\/www.radiopiu.net\/wordpress\/wp-content\/uploads\/2021\/02\/c1e39ffb-8d60-4248-9c8b-6cc264f4545e-300x174.jpg 300w, https:\/\/www.radiopiu.net\/wordpress\/wp-content\/uploads\/2021\/02\/c1e39ffb-8d60-4248-9c8b-6cc264f4545e.jpg 610w\" sizes=\"auto, (max-width: 300px) 100vw, 300px\" \/><\/a>\n\t\t\t\t<\/dt><\/dl><dl class='gallery-item'>\n\t\t\t\t<dt class='gallery-icon landscape'>\n\t\t\t\t\t<a class=\"rollover rollover-zoom dt-pswp-item\" title=\"f448647b-6ba2-433a-9917-81751bf3b9ea\" data-dt-img-description=\"\" data-large_image_width=\"620\" data-large_image_height=\"374\"href='https:\/\/www.radiopiu.net\/wordpress\/wp-content\/uploads\/2021\/02\/f448647b-6ba2-433a-9917-81751bf3b9ea.jpg'><img loading=\"lazy\" decoding=\"async\" width=\"300\" height=\"181\" src=\"https:\/\/www.radiopiu.net\/wordpress\/wp-content\/uploads\/2021\/02\/f448647b-6ba2-433a-9917-81751bf3b9ea-300x181.jpg\" class=\"attachment-medium size-medium\" alt=\"\" srcset=\"https:\/\/www.radiopiu.net\/wordpress\/wp-content\/uploads\/2021\/02\/f448647b-6ba2-433a-9917-81751bf3b9ea-300x181.jpg 300w, https:\/\/www.radiopiu.net\/wordpress\/wp-content\/uploads\/2021\/02\/f448647b-6ba2-433a-9917-81751bf3b9ea.jpg 620w\" sizes=\"auto, (max-width: 300px) 100vw, 300px\" \/><\/a>\n\t\t\t\t<\/dt><\/dl><dl class='gallery-item'>\n\t\t\t\t<dt class='gallery-icon landscape'>\n\t\t\t\t\t<a class=\"rollover rollover-zoom dt-pswp-item\" title=\"25f93746-a5cf-477b-8ad6-10df08f0e25a\" data-dt-img-description=\"\" data-large_image_width=\"602\" data-large_image_height=\"375\"href='https:\/\/www.radiopiu.net\/wordpress\/wp-content\/uploads\/2021\/02\/25f93746-a5cf-477b-8ad6-10df08f0e25a.jpg'><img loading=\"lazy\" decoding=\"async\" width=\"300\" height=\"187\" src=\"https:\/\/www.radiopiu.net\/wordpress\/wp-content\/uploads\/2021\/02\/25f93746-a5cf-477b-8ad6-10df08f0e25a-300x187.jpg\" class=\"attachment-medium size-medium\" alt=\"\" srcset=\"https:\/\/www.radiopiu.net\/wordpress\/wp-content\/uploads\/2021\/02\/25f93746-a5cf-477b-8ad6-10df08f0e25a-300x187.jpg 300w, https:\/\/www.radiopiu.net\/wordpress\/wp-content\/uploads\/2021\/02\/25f93746-a5cf-477b-8ad6-10df08f0e25a.jpg 602w\" sizes=\"auto, (max-width: 300px) 100vw, 300px\" \/><\/a>\n\t\t\t\t<\/dt><\/dl><br style=\"clear: both\" \/>\n\t\t\t<\/div>\n\n<p>&nbsp;<\/p>\n<hr \/>\n<p>&nbsp;<\/p>\n<blockquote>\n<h3>REPORT AGGIORNATO SU VACCINAZIONI IN VENETO<\/h3>\n<\/blockquote>\n<a href=\"https:\/\/www.radiopiu.net\/wordpress\/wp-content\/uploads\/2021\/02\/200-2021-2021.02.10_Report-18.30.pdf\" class=\"pdfemb-viewer\" style=\"\" data-width=\"max\" data-height=\"max\" data-toolbar=\"top\" data-toolbar-fixed=\"on\">200-2021 2021.02.10_Report 18.30<\/a>\n<p>&nbsp;<\/p>\n<hr \/>\n<p>&nbsp;<\/p>\n<blockquote>\n<h3>ZAIA FURIOSO &#8220;ADESSO CI DANNO LE COLPE DI ESSERCI PREOCCUPATI DI PROCURARE I VACCINI PER I VENETI&#8221;<\/h3>\n<\/blockquote>\n<blockquote>\n<h3>LEGGI LA CONFERENZA STAMPA DI LUCA ZAIA<\/h3>\n<p><em>Abbiamo incontrato il dottor Flor stamani, avremo aggiornamenti gi\u00e0 domani o dopodomani sulla questione dell&#8217;acquisto vaccini da parte del Veneto. Sui vaccini c&#8217;\u00e8 qualcuno che dice che sia una fuga in avanti? Io non ho parole, non va mai bene niente, mi sembra una cosa allucinante, abbiamo anche la colpa di esserci preoccupati di andare a trovare i vaccini per i veneti.\u00a0<\/em><\/p><\/blockquote>\n<p><strong>VACCINI<\/strong> Anche oggi nella posta che ho visto abbiamo altre tre realt\u00e0 che producono vaccini e si sommano alle due che si sono proposte ieri. Ogni strada perseguibile la battiamo nell&#8217;ossessivo rispetto delle procedure, norme e legalit\u00e0 quindi nessun leggenda metropolitana. Se da un lato qualcuno puo&#8217; opinare sull&#8217;opportunit\u00e0 di comperare i vaccini altri potrebbero pero&#8217; accusarci di non aver seguito offerte formali tra anziani in pericolo, quindi con il rischio di mettere a repentaglio la loro vita. Dal punto di vista etico e legale qualcuno potrebbe dirci ma voi avevate offerte e non avete vaccinato, quindi andremo avanti con velocit\u00e0. Questa storia dei vaccini mi ricorda quella della mascherina che costava cinque volte tanto inizialmente e poi i prezzi si sono fortemente abbassati. Non ho partecipato a nessun incontro, per questi ci pensano coloro che hanno le cognizioni tecniche. \u00a0Il dottor Flor ha voluto approfondire la proposta con una azienda chiedendo al formulazione di una proposta scritta. Non ammetto che qualcuno dica che abbiamo fatto fughe in avanti, ma come si fa a dire queste cose? Ci sono anziani che ci chiamano piangendo, sono loro la mia interfaccia non chi dice che\u00a0 \u00e8 sbagliato andare a comperare vaccini. Siamo senza ma per qualcuno non va mai bene niente, abbiamo anche la colpa di esserci preoccupati di andare a trovare i vaccini per i veneti. Ma possiamo almeno su una cosa dire che facciamo una scelta per il bene comune?. Non c&#8217;\u00e8 stata alcuna interlocuzione, per ora, con il governo sulla questione. Il presidente parler\u00e0 con Roma quando la proposta sar\u00e0 concreta e documentata.. <strong>ORDINANZA<\/strong> Confcommercio l&#8217;ha definita di buon senso, \u00e8 la volont\u00e0 della Regione cercando di dare una mano agli operatori e alle amministrazioni comunali per fare in modo che ci sia una base giuridica per regolamentare il &#8220;liberi tutti&#8221;. <strong>SCUOLA\u00a0<\/strong> 25 classi delle superiori in quarantena nel Trevigiano cio\u00e8\u00a0 segnale da non sottovalutare.<strong>\u00a0INSEGNANTI SPORTIVI NON DA COMPARTO SCUOLA, CATEGORIA DA VACCINARE?<\/strong> Questione da verificare lo faremo oggi nell&#8217;incontro per le scuole, ma penso rientri anche questa categoria. <strong>COVID DI ORIGINE ANIMALE IPOTESI COMPLOTTO SMONTATE<\/strong> Ho preso parole quando ho parlato di pipistrelli, era proibito parlare di una legge che la Cina si \u00e8 data per il commercio di animali selvatici. <strong>OPERATORI DI POLIZIA AVREBBERO PERPLESSITA&#8217; DI FARE IL VACCINO ASTREZENICA PER LA MINORE COPERTURA<\/strong>\u00a0 Ho letto anch&#8217;io, non facciamo fughe in avanti \u00e8 stato detto. Avranno dei rappresentanti sindacali..<strong>.PREVISIONI ASTREZENICA<\/strong>: 20400 dosi la prima settimana,\u00a0 23900 la seconda e 58900 la terza. Il richiamo dopo 12 settimane. Gi\u00e0 partite le lettere ufficiali per la richiesta.<\/p>\n<p><span style=\"color: #ff0000;\"><strong>IL DOTTOR PAOLO ROSI, SUEM 118 coordinatore dell&#8217;Unit\u00e0 di crisi per l&#8217;emergenza Covid<\/strong><br \/>\n<em><span style=\"color: #000000;\">Se non si rispetteranno le regole ripartiranno i contagi. Nelle terapie intensiva siamo ancora sopra il numero ordinario.<\/span><\/em><\/span><\/p>\n<p>Il punto sulla situazione terapie intensive, partiamo dal dato di oggi quello di due minuti fa (ore 13) 176 i malati covid, 126 sono ancora positivi, gli altri 50 negativizzati di pi\u00f9 facile gestione nei posti letto. Complessivamente abbiamo 470 posti occupati, siamo ancora sopra il numero ordinario dei posti disponibili con 140 posti liberi. <strong>Quanti sono stati i malati passati per le terapie intensive?<\/strong> Ad oggi complessivamente 3430 pazienti in un anno 840 nella prima fase, oltre 2500 da luglio. La met\u00e0 aveva pi\u00f9 di 70 anni, 1346 decessi (39%) i\u00a0 due terzi aveva piu&#8217; di settant&#8217;anni, ma un terzo sono persone molto pi\u00f9 giovani. Gli over 70 che escono dalla terapia intensiva vanno incontro a un periodo di riabilitazione impegnativa per riprendersi, la degenza in questi pazienti \u00e8 molto lunga. I pazienti restano in terapia intensiva 13 giorni, ma con un range molto ampio anche fino a tre settimana se non addirittura il mese. Oggi entrano da 6 a 8 persone al giorno in terapia intensiva, riguarda una parte minore in condizioni critiche, il 70% entra nei giorni successivi al ricovero anche dopo 15 giorni. I degenti in terapia intensiva sono il10% dei ricoverati. Sono numeri ormai consolidati. Oggi ricoveriamo da 6 a 8 persone al giorno, nell&#8217;ultima settimana questi sono i numeri.\u00a0 Ci aspettiamo un&#8217;ulteriore discesa fino a 95 letti occupati. Stiamo riprendendo fiato, ma questo carico di lavoro continua ad esserci, questi pazienti sono molto impegnativi, ma siamo anche con il fiato sospeso per il timore che i contagi ripartano.<\/p>\n<a href=\"https:\/\/www.radiopiu.net\/wordpress\/wp-content\/uploads\/2021\/02\/STAT-TI-10-FEB.pdf\" class=\"pdfemb-viewer\" style=\"\" data-width=\"max\" data-height=\"max\" data-toolbar=\"top\" data-toolbar-fixed=\"on\">STAT TI 10 FEB<\/a>\n<p><a href=\"https:\/\/www.facebook.com\/zaiaufficiale\/videos\/914355686042686\">https:\/\/www.facebook.com\/zaiaufficiale\/videos\/914355686042686<\/a><\/p>\n<p>&nbsp;<\/p>\n<hr \/>\n<p>&nbsp;<\/p>\n<blockquote>\n<h3>COVID: REPORT SU UTILIZZO TERAPIE INTENSIVE IN VENETO<\/h3>\n<\/blockquote>\n<p><strong>VENEZIA <\/strong>Il Report realizzato dal Dipartimento Regionale Suem 118 sull\u2019utilizzo dei posti letto di terapia intensiva in relazione al Covid-19 in Veneto.<\/p>\n<a href=\"https:\/\/www.radiopiu.net\/wordpress\/wp-content\/uploads\/2021\/02\/ERRATA-CORRIGE-STAT-TI-10-FEB-1.pdf\" class=\"pdfemb-viewer\" style=\"\" data-width=\"max\" data-height=\"max\" data-toolbar=\"top\" data-toolbar-fixed=\"on\">ERRATA CORRIGE STAT TI 10 FEB<\/a>\n<p>&nbsp;<\/p>\n<p>&nbsp;<\/p>\n<p>&nbsp;<\/p>\n<hr \/>\n<p>&nbsp;<\/p>\n<blockquote>\n<h2>AL VIA I MONDIALI DI CORTINA\u00a0 CON I DUE SUPERG<\/h2>\n<\/blockquote>\n<p><img loading=\"lazy\" decoding=\"async\" class=\"alignleft\" src=\"https:\/\/www.radiopiu.net\/wordpress\/wp-content\/uploads\/2021\/02\/bf5e646d-c3da-4e76-a307-586b2d13d44f.jpg\" width=\"334\" height=\"236\" \/><strong>CORTINA<\/strong> Due gare nello stesso giorno, a distanza di poche ore. Il programma sportivo dei Mondiali di Cortina si aprir\u00e0 con i due superG, in origine previsti per marted\u00ec e spostati a causa del maltempo.<\/p>\n<p><span style=\"color: #ff0000;\">Alle 10.45<\/span> sull\u2019Olympia delle Tofane partir\u00e0 la gara femminile; sar\u00e0 aperta da Marta Bassino che ha di nuovo preferito il pettorale numero 1. La svizzera Lara Gut-Behrami, leader di specialit\u00e0 in Coppa del Mondo e una delle grandi favorite, ha scelto per prima e ha deciso di partire con il 7. Pettorale 5 e 9 per Corinne Suter e Federica Brignone, seconda e terza nella standing di specialit\u00e0. La campionessa in carica Mikaela Shiffrin avr\u00e0 il pettorale 4.<\/p>\n<p><span style=\"color: #ff0000;\">Alle 13.00<\/span> la nuova pista Vertigine ospiter\u00e0 il superG maschile. Il pettorale 1 verr\u00e0 indossato dall\u2019austriaco Christian Walder, con il 3 toccher\u00e0 a Mauro Caviezel, grande protagonista di inizio stagione che si \u00e8 poi dovuto fermare per infortunio e che ritorner\u00e0 in pista domani, per la gara iridata. Numero 5 per l\u2019attuale leader della classifica di superG, l\u2019austriaco Vincent Kriechmayr. L\u2019italiano Dominik Paris, che ha vinto il titolo nell\u2019ultima edizione di \u00c5re (2019) partir\u00e0 con l\u20198.<\/p>\n<p>&nbsp;<\/p>\n<p>&nbsp;<\/p>\n<hr \/>\n<blockquote>\n<h3><\/h3>\n<h3>STEFANO PROSPERI, GABINETTO SCIENTIFICA PADOVA<\/h3>\n<h3>\u00a0L&#8217;Ispettore Superiore della Polizia di Stato Stefano Prosperi, del Gabinetto Polizia Scientifica di Padova a Cortina con una trentina di colleghi. Priorit\u00e0 l&#8217;ordine pubblico in prossimit\u00e0 delle piste (zona arrivo) e in tutto il comprensorio. Non solo ordine pubblico, ma anche un servizio di Polizia Scientifica dovesse rendersi necessario in seguito a reati.<\/h3>\n<\/blockquote>\n<p><strong><span style=\"color: #0000ff;\">COLLABORAZIONE WIRNA TRICHES_BARBARA BORTOLUZZI<\/span><\/strong><\/p>\n<audio class=\"wp-audio-shortcode\" id=\"audio-190129-7\" preload=\"none\" style=\"width: 100%;\" controls=\"controls\"><source type=\"audio\/mpeg\" src=\"https:\/\/www.radiopiu.net\/wordpress\/wp-content\/uploads\/2021\/02\/SCIENTIFICA.mp3?_=7\" \/><a href=\"https:\/\/www.radiopiu.net\/wordpress\/wp-content\/uploads\/2021\/02\/SCIENTIFICA.mp3\">https:\/\/www.radiopiu.net\/wordpress\/wp-content\/uploads\/2021\/02\/SCIENTIFICA.mp3<\/a><\/audio>\n<p>&nbsp;<\/p>\n\n\t\t\t<style type='text\/css'>\n\t\t\t\t#gallery-3 {\n\t\t\t\t\tmargin: auto;\n\t\t\t\t}\n\t\t\t\t#gallery-3 .gallery-item {\n\t\t\t\t\tfloat: left;\n\t\t\t\t\tmargin-top: 10px;\n\t\t\t\t\ttext-align: center;\n\t\t\t\t\twidth: 33%;\n\t\t\t\t}\n\t\t\t\t#gallery-3 img {\n\t\t\t\t\tborder: 2px solid #cfcfcf;\n\t\t\t\t}\n\t\t\t\t#gallery-3 .gallery-caption {\n\t\t\t\t\tmargin-left: 0;\n\t\t\t\t}\n\t\t\t\t\/* see gallery_shortcode() in wp-includes\/media.php *\/\n\t\t\t<\/style>\n\t\t<div id='gallery-3' class='dt-gallery-container gallery galleryid-190129 gallery-columns-3 gallery-size-thumbnail'><dl class='gallery-item'>\n\t\t\t\t<dt class='gallery-icon portrait'>\n\t\t\t\t\t<a class=\"rollover rollover-zoom dt-pswp-item\" title=\"5ea7f986-9f13-4df8-b64b-5c722c1b725e\" data-dt-img-description=\"\" data-large_image_width=\"946\" data-large_image_height=\"2048\"href='https:\/\/www.radiopiu.net\/wordpress\/wp-content\/uploads\/2021\/02\/5ea7f986-9f13-4df8-b64b-5c722c1b725e.jpg'><img loading=\"lazy\" decoding=\"async\" width=\"150\" height=\"150\" src=\"https:\/\/www.radiopiu.net\/wordpress\/wp-content\/uploads\/2021\/02\/5ea7f986-9f13-4df8-b64b-5c722c1b725e-150x150.jpg\" class=\"attachment-thumbnail size-thumbnail\" alt=\"\" \/><\/a>\n\t\t\t\t<\/dt><\/dl><dl class='gallery-item'>\n\t\t\t\t<dt class='gallery-icon landscape'>\n\t\t\t\t\t<a class=\"rollover rollover-zoom dt-pswp-item\" title=\"4e9692cb-40c6-4a16-bdeb-18121c1d11f0\" data-dt-img-description=\"\" data-large_image_width=\"2048\" data-large_image_height=\"946\"href='https:\/\/www.radiopiu.net\/wordpress\/wp-content\/uploads\/2021\/02\/4e9692cb-40c6-4a16-bdeb-18121c1d11f0.jpg'><img loading=\"lazy\" decoding=\"async\" width=\"150\" height=\"150\" src=\"https:\/\/www.radiopiu.net\/wordpress\/wp-content\/uploads\/2021\/02\/4e9692cb-40c6-4a16-bdeb-18121c1d11f0-150x150.jpg\" class=\"attachment-thumbnail size-thumbnail\" alt=\"\" \/><\/a>\n\t\t\t\t<\/dt><\/dl><dl class='gallery-item'>\n\t\t\t\t<dt class='gallery-icon portrait'>\n\t\t\t\t\t<a class=\"rollover rollover-zoom dt-pswp-item\" title=\"2bffbb01-97c5-4f96-8d82-987a40f09875\" data-dt-img-description=\"\" data-large_image_width=\"946\" data-large_image_height=\"2048\"href='https:\/\/www.radiopiu.net\/wordpress\/wp-content\/uploads\/2021\/02\/2bffbb01-97c5-4f96-8d82-987a40f09875.jpg'><img loading=\"lazy\" decoding=\"async\" width=\"150\" height=\"150\" src=\"https:\/\/www.radiopiu.net\/wordpress\/wp-content\/uploads\/2021\/02\/2bffbb01-97c5-4f96-8d82-987a40f09875-150x150.jpg\" class=\"attachment-thumbnail size-thumbnail\" alt=\"\" \/><\/a>\n\t\t\t\t<\/dt><\/dl><br style=\"clear: both\" \/><dl class='gallery-item'>\n\t\t\t\t<dt class='gallery-icon portrait'>\n\t\t\t\t\t<a class=\"rollover rollover-zoom dt-pswp-item\" title=\"8a5d4b0c-06aa-40be-952b-4d141c9d8440\" data-dt-img-description=\"\" data-large_image_width=\"1200\" data-large_image_height=\"1600\"href='https:\/\/www.radiopiu.net\/wordpress\/wp-content\/uploads\/2021\/02\/8a5d4b0c-06aa-40be-952b-4d141c9d8440.jpg'><img loading=\"lazy\" decoding=\"async\" width=\"150\" height=\"150\" src=\"https:\/\/www.radiopiu.net\/wordpress\/wp-content\/uploads\/2021\/02\/8a5d4b0c-06aa-40be-952b-4d141c9d8440-150x150.jpg\" class=\"attachment-thumbnail size-thumbnail\" alt=\"\" \/><\/a>\n\t\t\t\t<\/dt><\/dl><dl class='gallery-item'>\n\t\t\t\t<dt class='gallery-icon portrait'>\n\t\t\t\t\t<a class=\"rollover rollover-zoom dt-pswp-item\" title=\"705435c1-4477-4029-80bd-c13301b64fc9\" data-dt-img-description=\"\" data-large_image_width=\"943\" data-large_image_height=\"2048\"href='https:\/\/www.radiopiu.net\/wordpress\/wp-content\/uploads\/2021\/02\/705435c1-4477-4029-80bd-c13301b64fc9.jpg'><img loading=\"lazy\" decoding=\"async\" width=\"150\" height=\"150\" src=\"https:\/\/www.radiopiu.net\/wordpress\/wp-content\/uploads\/2021\/02\/705435c1-4477-4029-80bd-c13301b64fc9-150x150.jpg\" class=\"attachment-thumbnail size-thumbnail\" alt=\"\" \/><\/a>\n\t\t\t\t<\/dt><\/dl><dl class='gallery-item'>\n\t\t\t\t<dt class='gallery-icon portrait'>\n\t\t\t\t\t<a class=\"rollover rollover-zoom dt-pswp-item\" title=\"9233a85f-de5e-4ce4-a9d7-5429bda17c0d\" data-dt-img-description=\"\" data-large_image_width=\"1200\" data-large_image_height=\"1600\"href='https:\/\/www.radiopiu.net\/wordpress\/wp-content\/uploads\/2021\/02\/9233a85f-de5e-4ce4-a9d7-5429bda17c0d-e1612976217544.jpg'><img loading=\"lazy\" decoding=\"async\" width=\"150\" height=\"150\" src=\"https:\/\/www.radiopiu.net\/wordpress\/wp-content\/uploads\/2021\/02\/9233a85f-de5e-4ce4-a9d7-5429bda17c0d-e1612976217544-150x150.jpg\" class=\"attachment-thumbnail size-thumbnail\" alt=\"\" \/><\/a>\n\t\t\t\t<\/dt><\/dl><br style=\"clear: both\" \/><dl class='gallery-item'>\n\t\t\t\t<dt class='gallery-icon portrait'>\n\t\t\t\t\t<a class=\"rollover rollover-zoom dt-pswp-item\" title=\"1759e635-32b0-47dc-a73e-98f0a76bd400\" data-dt-img-description=\"\" data-large_image_width=\"1200\" data-large_image_height=\"1600\"href='https:\/\/www.radiopiu.net\/wordpress\/wp-content\/uploads\/2021\/02\/1759e635-32b0-47dc-a73e-98f0a76bd400.jpg'><img loading=\"lazy\" decoding=\"async\" width=\"150\" height=\"150\" src=\"https:\/\/www.radiopiu.net\/wordpress\/wp-content\/uploads\/2021\/02\/1759e635-32b0-47dc-a73e-98f0a76bd400-150x150.jpg\" class=\"attachment-thumbnail size-thumbnail\" alt=\"\" \/><\/a>\n\t\t\t\t<\/dt><\/dl>\n\t\t\t\t<br style='clear: both' \/>\n\t\t\t<\/div>\n\n<p>&nbsp;<\/p>\n<h3>LA RACCOLTA COMPLETA<\/h3>\n<blockquote class=\"wp-embedded-content\" data-secret=\"yHb3Pdrx9Y\"><p><a href=\"https:\/\/www.radiopiu.net\/wordpress\/la-polizia-di-stato-a-cortina-2021\/\">La Polizia di Stato a Cortina 2021<\/a><\/p><\/blockquote>\n<p><iframe loading=\"lazy\" class=\"wp-embedded-content\" sandbox=\"allow-scripts\" security=\"restricted\" style=\"position: absolute; clip: rect(1px, 1px, 1px, 1px);\" title=\"&#8220;La Polizia di Stato a Cortina 2021&#8221; &#8212; Radio Pi\u00f9\" src=\"https:\/\/www.radiopiu.net\/wordpress\/la-polizia-di-stato-a-cortina-2021\/embed\/#?secret=yHb3Pdrx9Y\" data-secret=\"yHb3Pdrx9Y\" width=\"600\" height=\"338\" frameborder=\"0\" marginwidth=\"0\" marginheight=\"0\" scrolling=\"no\"><\/iframe><\/p>\n<p>&nbsp;<\/p>\n<hr \/>\n<p>&nbsp;<\/p>\n<blockquote>\n<h3>TRUPPE ALPINE DELL\u2019ESERCITO, CARABINIERI, GUARDIA DI FINANZA E POLIZIA DI STATO. I MILITARI E LE FORZE DELL\u2019ORDINE CHE VEGLIANO SU CORTINA 2021<\/h3>\n<\/blockquote>\n<p><strong>CORTINA <\/strong>I Campionati del mondo di sci alpino Cortina 2021, in corso in queste settimane nella spettacolare scenografia della Regina delle Dolomiti, sono un grande evento internazionale che si svolge anche all\u2019insegna della massima sicurezza di tutti \u2013 atleti, squadre, dirigenti, volontari, operatori dei media e ovviamente la comunit\u00e0 locale. Sono le donne e gli uomini di Truppe Alpine dell\u2019Esercito, Carabinieri, Guardia di Finanza e Polizia di Stato gli \u201cangeli\u201d che vegliano ogni giorno sullo svolgimento ottimale della manifestazione, grazie alla loro indiscutibile professionalit\u00e0, la competenza nella gestione dei grandi eventi e la profonda conoscenza dell\u2019ambiente alpino. Immancabili gli Alpini, presenti a Cortina d\u2019Ampezzo con un contingente di circa 150 unit\u00e0 provenienti da tutti reggimenti alpini dislocati nel Nord Italia e all\u2019Aquila, sotto il coordinamento del Comando Truppe Alpine. La macchina della sicurezza coinvolge anche l\u2019Arma dei Carabinieri, presente alla manifestazione iridata con il Gruppo di sciatori e con la squadra di soccorso alpino della Compagnia Cortina d\u2019Ampezzo, abituati a operare in un territorio difficile come quello montano. Insieme a loro, sono presenti in questi giorni a Cortina reparti di grande professionalit\u00e0 provenienti da tutto il Paese. Grande anche l\u2019impegno della Guardia di Finanza, che ha schierato sul territorio 100 militari (20 dei quali appartenenti al Soccorso Alpino della Guardia di Finanza \u2013 SAGF), oltre a un medico e a un\u2019ambulanza che graviteranno sull\u2019area delle competizioni. La Polizia di Stato, infine, \u00e8 in prima linea per Cortina 2021 con le unit\u00e0 cinofile, gli artificieri, le squadre U.o.p.i. (Unit\u00e0 operative primo intervento), il servizio di sicurezza e soccorso in montagna, i tiratori Scelti e i Reparti mobili che, coordinati dalla questura di Belluno, assicurano le attivit\u00e0 di controllo del territorio e vigilanza degli obiettivi sensibili<\/p>\n<p>&nbsp;<\/p>\n\n\t\t\t<style type='text\/css'>\n\t\t\t\t#gallery-4 {\n\t\t\t\t\tmargin: auto;\n\t\t\t\t}\n\t\t\t\t#gallery-4 .gallery-item {\n\t\t\t\t\tfloat: left;\n\t\t\t\t\tmargin-top: 10px;\n\t\t\t\t\ttext-align: center;\n\t\t\t\t\twidth: 25%;\n\t\t\t\t}\n\t\t\t\t#gallery-4 img {\n\t\t\t\t\tborder: 2px solid #cfcfcf;\n\t\t\t\t}\n\t\t\t\t#gallery-4 .gallery-caption {\n\t\t\t\t\tmargin-left: 0;\n\t\t\t\t}\n\t\t\t\t\/* see gallery_shortcode() in wp-includes\/media.php *\/\n\t\t\t<\/style>\n\t\t<div id='gallery-4' class='dt-gallery-container gallery galleryid-190129 gallery-columns-4 gallery-size-medium'><dl class='gallery-item'>\n\t\t\t\t<dt class='gallery-icon landscape'>\n\t\t\t\t\t<a class=\"rollover rollover-zoom dt-pswp-item\" title=\"alpini\" data-dt-img-description=\"\" data-large_image_width=\"1600\" data-large_image_height=\"840\"href='https:\/\/www.radiopiu.net\/wordpress\/wp-content\/uploads\/2021\/02\/alpini.jpeg'><img loading=\"lazy\" decoding=\"async\" width=\"300\" height=\"158\" src=\"https:\/\/www.radiopiu.net\/wordpress\/wp-content\/uploads\/2021\/02\/alpini-300x158.jpeg\" class=\"attachment-medium size-medium\" alt=\"\" aria-describedby=\"gallery-4-190300\" srcset=\"https:\/\/www.radiopiu.net\/wordpress\/wp-content\/uploads\/2021\/02\/alpini-300x158.jpeg 300w, https:\/\/www.radiopiu.net\/wordpress\/wp-content\/uploads\/2021\/02\/alpini-1024x538.jpeg 1024w, https:\/\/www.radiopiu.net\/wordpress\/wp-content\/uploads\/2021\/02\/alpini-768x403.jpeg 768w, https:\/\/www.radiopiu.net\/wordpress\/wp-content\/uploads\/2021\/02\/alpini-1536x806.jpeg 1536w, https:\/\/www.radiopiu.net\/wordpress\/wp-content\/uploads\/2021\/02\/alpini.jpeg 1600w\" sizes=\"auto, (max-width: 300px) 100vw, 300px\" \/><\/a>\n\t\t\t\t<\/dt>\n\t\t\t\t\t<dd class='wp-caption-text gallery-caption' id='gallery-4-190300'>\n\t\t\t\t\tALPINI\n\t\t\t\t\t<\/dd><\/dl><dl class='gallery-item'>\n\t\t\t\t<dt class='gallery-icon landscape'>\n\t\t\t\t\t<a class=\"rollover rollover-zoom dt-pswp-item\" title=\"Carabinieri\" data-dt-img-description=\"\" data-large_image_width=\"1024\" data-large_image_height=\"727\"href='https:\/\/www.radiopiu.net\/wordpress\/wp-content\/uploads\/2021\/02\/Carabinieri.jpeg'><img loading=\"lazy\" decoding=\"async\" width=\"300\" height=\"213\" src=\"https:\/\/www.radiopiu.net\/wordpress\/wp-content\/uploads\/2021\/02\/Carabinieri-300x213.jpeg\" class=\"attachment-medium size-medium\" alt=\"\" aria-describedby=\"gallery-4-190301\" srcset=\"https:\/\/www.radiopiu.net\/wordpress\/wp-content\/uploads\/2021\/02\/Carabinieri-300x213.jpeg 300w, https:\/\/www.radiopiu.net\/wordpress\/wp-content\/uploads\/2021\/02\/Carabinieri-768x545.jpeg 768w, https:\/\/www.radiopiu.net\/wordpress\/wp-content\/uploads\/2021\/02\/Carabinieri.jpeg 1024w\" sizes=\"auto, (max-width: 300px) 100vw, 300px\" \/><\/a>\n\t\t\t\t<\/dt>\n\t\t\t\t\t<dd class='wp-caption-text gallery-caption' id='gallery-4-190301'>\n\t\t\t\t\tCARABINIERI\n\t\t\t\t\t<\/dd><\/dl><dl class='gallery-item'>\n\t\t\t\t<dt class='gallery-icon landscape'>\n\t\t\t\t\t<a class=\"rollover rollover-zoom dt-pswp-item\" title=\"fiamme gialle\" data-dt-img-description=\"\" data-large_image_width=\"2560\" data-large_image_height=\"1920\"href='https:\/\/www.radiopiu.net\/wordpress\/wp-content\/uploads\/2021\/02\/fiamme-gialle-scaled.jpeg'><img loading=\"lazy\" decoding=\"async\" width=\"300\" height=\"225\" src=\"https:\/\/www.radiopiu.net\/wordpress\/wp-content\/uploads\/2021\/02\/fiamme-gialle-300x225.jpeg\" class=\"attachment-medium size-medium\" alt=\"\" aria-describedby=\"gallery-4-190302\" srcset=\"https:\/\/www.radiopiu.net\/wordpress\/wp-content\/uploads\/2021\/02\/fiamme-gialle-300x225.jpeg 300w, https:\/\/www.radiopiu.net\/wordpress\/wp-content\/uploads\/2021\/02\/fiamme-gialle-1024x768.jpeg 1024w, https:\/\/www.radiopiu.net\/wordpress\/wp-content\/uploads\/2021\/02\/fiamme-gialle-768x576.jpeg 768w, https:\/\/www.radiopiu.net\/wordpress\/wp-content\/uploads\/2021\/02\/fiamme-gialle-1536x1152.jpeg 1536w, https:\/\/www.radiopiu.net\/wordpress\/wp-content\/uploads\/2021\/02\/fiamme-gialle-2048x1536.jpeg 2048w\" sizes=\"auto, (max-width: 300px) 100vw, 300px\" \/><\/a>\n\t\t\t\t<\/dt>\n\t\t\t\t\t<dd class='wp-caption-text gallery-caption' id='gallery-4-190302'>\n\t\t\t\t\tGUARDIA DI FINANZA\n\t\t\t\t\t<\/dd><\/dl><dl class='gallery-item'>\n\t\t\t\t<dt class='gallery-icon landscape'>\n\t\t\t\t\t<a class=\"rollover rollover-zoom dt-pswp-item\" title=\"Polizia\" data-dt-img-description=\"\" data-large_image_width=\"1600\" data-large_image_height=\"1066\"href='https:\/\/www.radiopiu.net\/wordpress\/wp-content\/uploads\/2021\/02\/Polizia.jpeg'><img loading=\"lazy\" decoding=\"async\" width=\"300\" height=\"200\" src=\"https:\/\/www.radiopiu.net\/wordpress\/wp-content\/uploads\/2021\/02\/Polizia-300x200.jpeg\" class=\"attachment-medium size-medium\" alt=\"\" aria-describedby=\"gallery-4-190303\" srcset=\"https:\/\/www.radiopiu.net\/wordpress\/wp-content\/uploads\/2021\/02\/Polizia-300x200.jpeg 300w, https:\/\/www.radiopiu.net\/wordpress\/wp-content\/uploads\/2021\/02\/Polizia-1024x682.jpeg 1024w, https:\/\/www.radiopiu.net\/wordpress\/wp-content\/uploads\/2021\/02\/Polizia-768x512.jpeg 768w, https:\/\/www.radiopiu.net\/wordpress\/wp-content\/uploads\/2021\/02\/Polizia-1536x1023.jpeg 1536w, https:\/\/www.radiopiu.net\/wordpress\/wp-content\/uploads\/2021\/02\/Polizia.jpeg 1600w\" sizes=\"auto, (max-width: 300px) 100vw, 300px\" \/><\/a>\n\t\t\t\t<\/dt>\n\t\t\t\t\t<dd class='wp-caption-text gallery-caption' id='gallery-4-190303'>\n\t\t\t\t\tPOLIZIA\n\t\t\t\t\t<\/dd><\/dl><br style=\"clear: both\" \/>\n\t\t\t<\/div>\n\n<p>&nbsp;<\/p>\n<hr \/>\n<p>&nbsp;<\/p>\n<p>&nbsp;<\/p>\n<blockquote>\n<h3 class=\"p1\"><span class=\"s1\">SI AVVICINA LO SBLOCCO DEI LICENZIAMENTI, CONFARTIGIANATO PROPONE DI USARE LE RISORSE NASPI<\/span><\/h3>\n<\/blockquote>\n<p class=\"p1\"><span class=\"s1\"><strong><a href=\"https:\/\/www.radiopiu.net\/wordpress\/giornale-radiopiu-15-02-2017-direttore-mirko-mezzacasa\/confartigianato-imprese-belluno\/\" rel=\"attachment wp-att-28523\"><img loading=\"lazy\" decoding=\"async\" class=\"size-full wp-image-28523 alignleft\" src=\"https:\/\/www.radiopiu.net\/wordpress\/wp-content\/uploads\/2017\/02\/confartigianato-imprese-belluno.jpg\" alt=\"\" width=\"170\" height=\"79\" \/><\/a>BELLUNO<\/strong> Il 31 marzo scatta lo sblocco dei licenziamenti. Vista la crisi in corso, saranno molte le imprese, soprattutto quelle pi\u00f9 grandi e strutturate, a ricorrere agli esuberi, nonostante i sindacati premano per il proseguimento delle tutele. Tra lo sblocco totale e la richiesta di continuare con le misure di tutela, si colloca la \u201cterza via\u201d di Confartigianato. <\/span><span class=\"s1\">L\u2019associazione a livello regionale propone di utilizzare le risorse Naspi per impostare politiche attive e convertire gli addetti ai settori che agganceranno per primi la ripresa. Un intervento da effettuare sui lavoratori da ricollocare e su quelli da accompagnare alla pensione, utilizzando appunto la Naspi, eventualmente integrata con strumenti di ricollocazione immediata, con la mappatura dei fabbisogni del mercato del lavoro, e con incentivi al tirocinio, all\u2019apprendistato e alla formazione continua. <\/span><span class=\"s1\">\u00ab<em>Una proposta che Confartigianato Belluno sposa in pieno &#8211; il commento della presidente Claudia Scarzanella -. In questo modo \u00e8 possibile tutelare sia il lavoro sia i lavoratori, senza colpire le fasce pi\u00f9 deboli. Penso soprattutto ai giovani, visto che le norme prevedono in caso di crisi la fuoriuscita dell\u2019ultimo lavoratore assunto<\/em>\u00bb. <\/span><span class=\"s1\">Confartigianato Belluno guarda anche alle prospettive di rilancio del territorio. \u00ab<em>Un territorio in cui spesso lamentiamo la mancanza di risorse umane &#8211; aggiunge il direttore, Michele Basso -. In questa ottica, utilizzare le risorse Naspi per aumentare le conoscenze e le professionalit\u00e0 dei giovani \u00e8 un aspetto importante per le imprese artigiane; da un lato per crescere in preparazione e formazione; dall\u2019altro perch\u00e9 i giovani stessi possano dare avvio a nuove imprese per la crescita del territorio. Ma poi \u00e8 altrettanto importante, per superare nell\u2019immediato il momento di crisi, che vengano estesi anche alle piccole imprese artigiane gli strumenti che prevedono incentivi all\u2019esodo dei lavoratori vicini alla pensione, a fronte dell\u2019impegno a nuovi ingressi; strumenti che oggi sono previsti dalla legge 148 del 2015, ma solo per le realt\u00e0 pi\u00f9 grandi<\/em>\u00bb.<\/span><\/p>\n<p>&nbsp;<\/p>\n<p>&nbsp;<\/p>\n<p>&nbsp;<\/p>\n<hr \/>\n<blockquote>\n<h3><\/h3>\n<h3>LA SETTIMANA DEL CUORE IN CARDIOLOGIA<\/h3>\n<\/blockquote>\n<p><strong>FELTRE<\/strong> La Cardiologia di Feltre, in collaborazione con l\u2019Associazione Feltrina Amici del Cuore e le \u201cPalestre della salute\u201d, ha organizzato due appuntamenti online per promuovere l\u2019esercizio fisico e la prevenzione cardiovascolare in occasione della \u201cSettimana del cuore\u201d. Online\u00a0 dunque tramite incontri in Google Meet della durata di un\u2019ora, con gli istruttori delle palestre aderenti al circuito \u201cPalestre della salute\u201d dell\u2019Ulss <strong><img loading=\"lazy\" decoding=\"async\" class=\"alignleft\" src=\"https:\/\/www.radiopiu.net\/wordpress\/wp-content\/uploads\/2021\/02\/background-1106930_1280-min.jpg\" width=\"208\" height=\"117\" \/><\/strong>Dolomiti. Gli appuntamenti sono fissati per mercoled\u00ec 17 febbraio alle 18.00 e mercoled\u00ec 24 febbraio alle 16.30. Per ulteriori informazioni e iscrizioni mandare una mail all\u2019Associazione Feltrina Amici del Cuore assofeltrinaamicidelcuore@gmail.com<\/p>\n<blockquote><p><em>\u00ab\u00c8 importante continuare a prendersi cura della salute del proprio cuore, soprattutto in questa difficile fase della pandemia che ha cambiato le nostre abitudini\u00bb commenta Christian Piergentili, responsabile della UOS cardiologia dello sport, \u00absana alimentazione, corretti stili di vita e, soprattutto l\u2019esercizio fisico vanno mantenuti. Gli incontri online che proponiamo sono un modo per educare ed incentivare a svolgere attivit\u00e0 fisica anche in casa e tornare, appena possibile, a muoversi all\u2019aperto\u00bb.<\/em><\/p><\/blockquote>\n<p>&nbsp;<\/p>\n<hr \/>\n<blockquote>\n<h3><\/h3>\n<h3>MONDIALI 2021, DE MENECH &#8220;CI ABBIAMO CREDUTO E DIMOSTRATO CON I FATTI&#8221;<\/h3>\n<\/blockquote>\n<p><strong><a href=\"https:\/\/www.radiopiu.net\/wordpress\/giornale-radiopiu-09-febbraio-2021-direttore-mirko-mezzacasa\/173-2021-olympia-e-vertigine_crediti-g-pompanin\/\" rel=\"attachment wp-att-189832\"><img loading=\"lazy\" decoding=\"async\" class=\" wp-image-189832 alignleft\" src=\"https:\/\/www.radiopiu.net\/wordpress\/wp-content\/uploads\/2021\/02\/173-2021-Olympia-e-Vertigine_Crediti-G.Pompanin-300x225.jpeg\" alt=\"\" width=\"243\" height=\"182\" srcset=\"https:\/\/www.radiopiu.net\/wordpress\/wp-content\/uploads\/2021\/02\/173-2021-Olympia-e-Vertigine_Crediti-G.Pompanin-300x225.jpeg 300w, https:\/\/www.radiopiu.net\/wordpress\/wp-content\/uploads\/2021\/02\/173-2021-Olympia-e-Vertigine_Crediti-G.Pompanin-1024x768.jpeg 1024w, https:\/\/www.radiopiu.net\/wordpress\/wp-content\/uploads\/2021\/02\/173-2021-Olympia-e-Vertigine_Crediti-G.Pompanin-768x576.jpeg 768w, https:\/\/www.radiopiu.net\/wordpress\/wp-content\/uploads\/2021\/02\/173-2021-Olympia-e-Vertigine_Crediti-G.Pompanin-1536x1152.jpeg 1536w, https:\/\/www.radiopiu.net\/wordpress\/wp-content\/uploads\/2021\/02\/173-2021-Olympia-e-Vertigine_Crediti-G.Pompanin.jpeg 1600w\" sizes=\"auto, (max-width: 243px) 100vw, 243px\" \/><\/a>ROMA<\/strong> &#8220;La cerimonia di apertura dei Mondiali di Sci a Cortina d\u2019Ampezzo ha concretizzato il primo traguardo delle iniziative varate dai governi di centrosinistra per riportare i grandi eventi sportivi in Italia.\u00a0Oltre all\u2019appoggio formale ai Comitati organizzatori e il sostegno in ambito internazionale, l\u2019allora ministro dello Sport, Luca Lotti, ha trovato le risorse economiche per dare gambe concrete a questi progetti. Il governo ha stanziato 40 milioni di euro per le infrastrutture sportive di Cortina in vista dei Mondiali: 5 milioni nel 2017, 10 milioni di euro negli anni 2018, 2019 e 2020 e infine 5 milioni di euro per il 2021. Accanto all\u2019impiantistica sportiva \u00e8 stato fatto un piano per garantire un migliore accesso e una mobilit\u00e0 pi\u00f9 sicura all\u2019area delle gare&#8221;. Lo ricorda il Deputato Roger De Menech rimarcando anche gli impegni dell&#8217;Anas sulla rete viaria bellunese per 242 milioni di euro.<em> &#8220;Per arrivare alla cerimonia di inaugurazione di un\u2019evento come i Mondiali c\u2019\u00e8 un lavoro complesso e lungo che va dall\u2019ideazione al finanziamento, passando dal coinvolgimento dei portatori di interesse e dalla diplomazia internazionale.Un lavoro a cui abbiamo creduto fin dal primo momento&#8221; <\/em>conclude il Deputato Pd.<\/p>\n<p>&nbsp;<\/p>\n<hr \/>\n<p>&nbsp;<\/p>\n<blockquote>\n<h3>\u00a0\u201cSTRETTA FINALE PER IL TRACCIATO VARIANTE DI LONGARONE\u201d<\/h3>\n<\/blockquote>\n<p><strong>VENEZIA<\/strong>\u00a0<em>\u201cEntra nel vivo la variante di Longarone, l\u2019opera viaria che vale 270 milioni di euro destinata a rendere fluido l\u2019accesso all\u2019area dei Giochi Olimpici invernali Milano-Cortina 2026. Quello che realizzeremo in termini di infrastrutture sar\u00e0 una vera e propria rivoluzione, sia in prospettiva olimpica sia di rilancio della Conca. Il progetto sportivo \u00e8 il pretesto per dare il via a qualcosa di eccezionale e di prioritario per l\u2019intero territorio bellunese\u201d. <\/em>Cos\u00ec il Presidente della Regione del Veneto, Luca Zaia, anticipa gli sviluppi di uno dei due interventi di adeguamento che riguardano la Statale 51, la variante Longarone, che agevoler\u00e0 l\u2019intera viabilit\u00e0 nell&#8217;area interessata dai Giochi Olimpici. Il punto di partenza per la valorizzazione dei diversi centri urbani con un\u2019attenzione particolare al tema ambientale. Oggi si terr\u00e0 un ulteriore tavolo di coordinamento per la scelta del tracciato. <em>\u201cPrerogativa importante della nuova soluzione viabilistica &#8211; dice l&#8217;assessore Elisa De Berti &#8211;\u00a0 dovr\u00e0 essere, oltre alla salvaguardia del centro abitato, anche la permeabilit\u00e0 della nuova strada rispetto all&#8217;importante area produttiva, dove, come \u00e8 noto, risiedono le sedi di aziende di spicco a livello internazionale&#8221;<\/em><\/p>\n<p>&nbsp;<\/p>\n<hr \/>\n<p>&nbsp;<\/p>\n<p>&nbsp;<\/p>\n<blockquote>\n<h3>RECOVERY FOUND. DORFMANN: &#8220;SPAZIO ALLE REGIONI&#8221;<\/h3>\n<p>\u00ab<em>Per garantire l\u2019efficacia del nuovo meccanismo \u00e8 importante che le Regioni siano coinvolte adeguatamente nel processo di presentazione e selezione dei progetti. &#8211; sostiene Dorfmann &#8211; Le risorse vanno dispiegate rapidamente, al fine di cominciare a gestire il prima possibile le conseguenze della crisi<\/em>\u00bb.<\/p><\/blockquote>\n<p><strong><a href=\"https:\/\/www.radiopiu.net\/wordpress\/emergenza-covid-19-il-parlamento-europeo-approva-il-piano-di-interventi\/herbert-dorfmann-2-6\/\" rel=\"attachment wp-att-125055\"><img loading=\"lazy\" decoding=\"async\" class=\" wp-image-125055 alignleft\" src=\"https:\/\/www.radiopiu.net\/wordpress\/wp-content\/uploads\/2020\/03\/Herbert-Dorfmann-2-300x200.jpg\" alt=\"\" width=\"237\" height=\"158\" srcset=\"https:\/\/www.radiopiu.net\/wordpress\/wp-content\/uploads\/2020\/03\/Herbert-Dorfmann-2-300x200.jpg 300w, https:\/\/www.radiopiu.net\/wordpress\/wp-content\/uploads\/2020\/03\/Herbert-Dorfmann-2-1024x682.jpg 1024w, https:\/\/www.radiopiu.net\/wordpress\/wp-content\/uploads\/2020\/03\/Herbert-Dorfmann-2-768x512.jpg 768w, https:\/\/www.radiopiu.net\/wordpress\/wp-content\/uploads\/2020\/03\/Herbert-Dorfmann-2-1536x1024.jpg 1536w, https:\/\/www.radiopiu.net\/wordpress\/wp-content\/uploads\/2020\/03\/Herbert-Dorfmann-2.jpg 2000w\" sizes=\"auto, (max-width: 237px) 100vw, 237px\" \/><\/a>BRUXELLES <\/strong>Marted\u00ec il Parlamento europeo ha approvato, dopo mesi di negoziati, il pi\u00f9 grande piano di aiuti nella storia dell\u2019Unione europea. Entro aprile, i piani nazionali di ripresa dovranno arrivare a Bruxelles; l\u2019obiettivo \u00e8 rilanciare l\u2019economia europea rendendola pi\u00f9 verde e digitale. Centrale sar\u00e0 il dispositivo per la ripresa e la resilienza, che distribuir\u00e0 672,5 miliardi di euro. Di questi, 312,5 saranno concessi a fondo perduto e 360 come crediti, che dovranno finanziare riforme e investimenti negli stati membri. L\u2019Italia ricever\u00e0 la maggior parte dei fondi. Si tratta di pi\u00f9 di 200 miliardi di euro, di cui 65 a fondo perduto.\u00a0 Entro fine aprile, i ventisette stati membri dovranno far pervenire a Bruxelles la lista dei progetti che desiderano finanziare al fine di uscire dalla pi\u00f9 grave crisi economica dalla fondazione dell\u2019Unione europea.<\/p>\n<p>&nbsp;<\/p>\n<p>&nbsp;<\/p>\n<p>&nbsp;<\/p>\n<hr \/>\n<p>&nbsp;<\/p>\n<p>&nbsp;<\/p>\n<blockquote>\n<h3>LA LEGA CITTA&#8217; DI BELLUNO E LA VIABILITA&#8217; A CAVARZANO<\/h3>\n<\/blockquote>\n<p><strong><a href=\"https:\/\/www.radiopiu.net\/wordpress\/giornale-radio-piu-01-03-direttore-mirko-mezzacasa\/lega-nord-liga-veneto-salvini-elezioni-regionali-2015\/\" rel=\"attachment wp-att-17192\"><img loading=\"lazy\" decoding=\"async\" class=\"size-medium wp-image-17192 alignleft\" src=\"https:\/\/www.radiopiu.net\/wordpress\/wp-content\/uploads\/2016\/03\/lega-nord-liga-veneto-salvini-elezioni-regionali-2015-300x150.jpg\" alt=\"\" width=\"300\" height=\"150\" \/><\/a>BELLUNO<\/strong> La Lega citt\u00e0 di Belluno parla di viabilit\u00e0 a Cavarzano e mette in luce dei problemi con un comunicato a firma di Paolo Luciani e Luciano Da Pian.<\/p>\n<blockquote><p>&nbsp;<\/p><\/blockquote>\n<div class=\"page\" title=\"Page 1\">\n<div class=\"layoutArea\">\n<div class=\"column\">\n<blockquote><p><em>La viabilita\u0300 del quartiere di Cavarzano, recentemente tornata al centro dell\u2019interesse generale, ci vede attenti ascoltatori di quelle che sono, e saranno, le necessita\u0300 immediate e future di uno dei quartieri piu\u0300 popolosi della nostra citta\u0300. Come Lega \u2013 Salvini Premier vi e\u0300 pero\u0300 l\u2019intenzione di sottolineare e rendere noto il nostro sostegno a chi, in questi mesi, ha sottoscritto la petizione di carattere popolare contro la \u201cstrada interna della Veneggia\u201d poiche\u0301 come sottolineato da altri soggetti di centrodestra \u2013 i consiglieri comunali Paolo Gamba e Franco Roccon \u2013 l\u2019opera promossa dal locale circolo del Partito Democratico ed iscritta nel P.R.G. si dimostra oggi inadatta e non piu\u0300 percorribile per l\u2019assetto urbano della nostra viabilita\u0300. Essa, ormai incompiuta da anni per colpa forse della mancata volonta\u0300 politica di ambo gli schieramenti, andrebbe ad innestarsi in un contesto abitativo-residenziale ma soprattutto scolastico che come partito riteniamo doveroso andare a tutelare permettendoci poi, in futuro, di suggerire alternative valide e all\u2019altezza di un contesto urbano rinnovato. Nel 2021 non si puo\u0300 infatti fare piu\u0300 affidamento su canoni di progettazione li\u0300 dove, il contesto in cui dovrebbe sorgere l\u2019opera, e\u0300 drasticamente mutato e che anche tutt\u2019ora vede sorgere nuove unita\u0300 abitative. La domanda che ci poniamo, come segreteria politica e gruppo consigliare, e\u0300 se il Partito Democratico abbia o meno a cuore la vivibilita\u0300 della zona basse del quartiere di Cavarzano. Questo perche\u0301 l\u2019idea di portare oggi una parte del flusso del traffico dell\u2019asse Ponte nelle Alpi \u2013 Belluno nel quartiere interessato ci appare quanto piu\u0300 lontana e distante dal reale interesse dei cittadini, dimostrato per altro dalla petizione popolare stessa. Lo scopo di una buona amministrazione dovrebbe infatti collimare, oggi piu\u0300 che in passato, con la volonta\u0300 di rendere maggiormente vivibile il proprio territorio, riducendo quindi il piu\u0300 possibile lo scorrimento del grande traffico nelle aree ad alto tasso residenziale. Le opere, necessarie e doverose, che la nostra citta\u0300 dovra\u0300 apportare alla propria viabilita\u0300 nei prossimi anni dovranno quindi ottimizzare i costi, l\u2019impatto sociale e soprattutto limitare il consumo del suolo favorendo invece i grandi assi della viabilita\u0300 cittadina e l\u2019incremento dei mezzi pubblici o di quelli privati a basso impatto. Alla luce di queste riflessioni gli entranti lavori del P.A.T. condotti dall\u2019Amministrazione Massaro dovranno prendersi carico anche di questa situazione evidentemente \u201cirrisolta\u201d dando quindi risposta non solo ai residenti di Via Sebastiano Barozzi ma anche ai firmatari della petizione popolare in oggetto ed al resto della cittadinanza. Volendo essere critici va anche detto che l\u2019attuale giunta del Comune di Belluno dovrebbe mettere da parte il proprio atteggiamento di indecisione, promuovere degli incontri con il territorio ed essere capace di portare avanti una soluzione insieme alla cittadinanza. Questo non rimandando la scelta esclusivamente al futuro del P.A.T. poiche\u0301 a volte anche attraverso strumenti decisionali non consueti, e qui come Lega ci permettiamo di suggerire al Comune di implementare strumenti di democrazia deliberativa, e\u0300 attraverso all\u2019ascolto che si giunge alle soluzioni migliori o che comunque siano capaci di dare un futuro piu\u0300 radioso ai nostri quartieri.<\/em><\/p><\/blockquote>\n<p>&nbsp;<\/p>\n<p>&nbsp;<\/p>\n<hr \/>\n<p>&nbsp;<\/p>\n<\/div>\n<\/div>\n<\/div>\n<blockquote>\n<h3>\u00a0SCUOLE IN RETE PER UN MONDO DI SOLIDARIETA&#8217; E PACE<\/h3>\n<\/blockquote>\n<p><strong>BELLUNO<\/strong>\u00a0 Evento dedicato ai genitori e ai cittadini,\u00a0 domani\u00a0 alle\u00a0 20.30 dalla piattaforma zoom o in diretta Youtube. All&#8217;incontro con gli studenti hanno gi\u00e0 partecipato 900 giovani, mentre al corso di formazione di oggi sono iscritti 170 docenti. Gli incontri sono organizzati dalle Scuole in Rete per un Mondo di Solidariet\u00e0 e Pace, dalla Consulta Provinciale degli Studenti, dall&#8217;Associazione Amici delle Scuole in Rete, in partnership con l&#8221;Ufficio Scolastico di Belluno Belluno Comunit\u00e0 che Educa e con il patrocinio della Provincia di Belluno. Approfondimenti sul sito <span style=\"color: #0000ff;\">www.studentibelluno.it.<\/span>\u00a0 Si tratta del primo di altri appuntamenti organizzati dalle Scuole in Rete sul tema di internet, opportunit\u00e0 e rischi dedicati, come da costume del network, agli studenti e alla comunit\u00e0 provinciale.<\/p>\n<blockquote><p>&nbsp;<\/p><\/blockquote>\n<hr \/>\n<blockquote>\n<h3><\/h3>\n<h3>IL COMUNE DI PEDAVENA APRE UN BANDO PER UN OPERAIO SPECIALIZZATO<\/h3>\n<\/blockquote>\n<p><strong>PEDAVENA <\/strong>E\u0300 indetto un concorso pubblico per soli esami per l&#8217;assunzione a tempo indeterminato e pieno di un operaio specializzato &#8211; elettricista Cat. B3 presso l\u2019Area Tecnica del Comune di Pedavena (BL). Le domande di partecipazione dovranno pervenire all&#8217;ufficio protocollo dell&#8217;Unione Montana Feltrina secondo le modalita\u0300 e i termini indicati nel bando. Le modalita\u0300&#8217; di partecipazione, i requisiti ed il fac-simile della domanda di partecipazione sono disponibili presso l\u2019ufficio del personale dell&#8217;Unione Montana Feltrina in via C. Rizzarda, 21 a Feltre (BL) (tel 0439.310259) e sul sito istituzionale dell&#8217;ente all&#8217;indirizzo: http:\/\/www.feltrino.bl.it\/web\/cmfeltrina nella sezione \u201cBandi di Concorso\u201d. Termine di scadenza per la presentazione delle domande alle 12 del 18\/03\/2021.<\/p>\n<p>&nbsp;<\/p>\n<p>&nbsp;<\/p>\n<hr \/>\n<p>&nbsp;<\/p>\n<blockquote>\n<h3>L&#8217;UNIONE MONTANA FELTRINA CERCA UN RESPONSABILE URBANISTICA\/EDILIZIA PRIVATA<\/h3>\n<\/blockquote>\n<p><strong>FELTRE<\/strong> E\u0300 indetta una selezione pubblica per l&#8217;individuazione di una unita\u0300 di personale cui conferire l&#8217;incarico di Istruttore Direttivo \u2013 categoria giuridica D pos. econ. D1 a tempo determinato, con attribuzione della responsabilita\u0300 del Servizio Associato Urbanistica\/Edilizia Privata, previsto in dotazione organica. Le domande di partecipazione dovranno pervenire all&#8217;ufficio protocollo dell&#8217;Unione Montana Feltrina secondo le modalita\u0300 e i termini indicati nel bando. Le modalita\u0300&#8217; di partecipazione, i requisiti ed il fac-simile della domanda di partecipazione sono disponibili presso l\u2019ufficio del personale dell&#8217;Unione Montana Feltrina in via C. Rizzarda, 21 a Feltre (BL) (tel 0439.310259) e sul sito istituzionale dell&#8217;ente all&#8217;indirizzo: http:\/\/www.feltrino.bl.it\/web\/cmfeltrina nella sezione \u201cBandi di Concorso\u201d. Termine di scadenza per la presentazione delle domande alle 12 del 5\/03\/2021.<\/p>\n<p>&nbsp;<\/p>\n<hr \/>\n<p>&nbsp;<\/p>\n<blockquote>\n<h3>CARTA EUROPEA DEL TURISMO SOSTENIBILE PER IL PARCO NAZIONALE<\/h3>\n<\/blockquote>\n<p><strong>FELTRE<\/strong> La Carta Europea per il Turismo Sostenibile (CETS) \u00e8 uno strumento, assimilabile ad un percorso di certificazione, per promuovere il turismo sostenibile nei parchi e nelle aree naturali protette, conciliando le esigenze di conservazione della natura con quelle dello sviluppo socioeconomico delle comunit\u00e0 locali. Elemento centrale della CETS \u00e8 la collaborazione tra tutte le parti (pubbliche e private) interessate a sviluppare una strategia comune ed un piano d&#8217;azione per lo sviluppo turistico. A fianco del Parco sono impegnati nell\u2019applicazione della CETS i Comuni di Belluno, Cesiomaggiore, Feltre, Pedavena, Santa Giustina, Sedico e l\u2019Istituto Comprensivo di Feltre. Molte sono anche le Associazioni e i Consorzi che sono parte attiva.<\/p>\n<p>&nbsp;<\/p>\n<hr \/>\n<p>&nbsp;<\/p>\n<blockquote>\n<h3>NUOVI ORARI CALL CENTER COVID DAL 1\u00b0 FEBBRAIO 2021<\/h3>\n<\/blockquote>\n<p><strong><a href=\"https:\/\/www.radiopiu.net\/wordpress\/giornale-radiopiu-26-gennaio-2021-direttore-mirko-mezzacasa\/numero-covid_febbraio-2021\/\" rel=\"attachment wp-att-186852\"><img loading=\"lazy\" decoding=\"async\" class=\"wp-image-186852 alignleft\" src=\"https:\/\/www.radiopiu.net\/wordpress\/wp-content\/uploads\/2021\/01\/numero-covid_febbraio-2021-300x212.jpg\" alt=\"\" width=\"202\" height=\"143\" srcset=\"https:\/\/www.radiopiu.net\/wordpress\/wp-content\/uploads\/2021\/01\/numero-covid_febbraio-2021-300x212.jpg 300w, https:\/\/www.radiopiu.net\/wordpress\/wp-content\/uploads\/2021\/01\/numero-covid_febbraio-2021-1024x724.jpg 1024w, https:\/\/www.radiopiu.net\/wordpress\/wp-content\/uploads\/2021\/01\/numero-covid_febbraio-2021-768x543.jpg 768w, https:\/\/www.radiopiu.net\/wordpress\/wp-content\/uploads\/2021\/01\/numero-covid_febbraio-2021-1536x1086.jpg 1536w, https:\/\/www.radiopiu.net\/wordpress\/wp-content\/uploads\/2021\/01\/numero-covid_febbraio-2021.jpg 2000w\" sizes=\"auto, (max-width: 202px) 100vw, 202px\" \/><\/a> <\/strong><\/p>\n<p><strong>\u00a0<\/strong><\/p>\n<p><strong>BELLUNO <\/strong>L&#8217;importante rallentamento epidemico registrato nelle ultime settimane e la conseguente forte riduzione delle telefonate con richiesta di informazioni da parte dei cittadini, consentono di rimodulare giorni ed orari di attivit\u00e0 del CALL CENTER COVID Dal 1\u00b0 febbraio 2021 lo 0437\/514343 sar\u00e0 attivo dalle 8 alle 18 da luned\u00ec a sabato.<\/p>\n<p>&nbsp;<\/p>\n<p>&nbsp;<\/p>\n<p>&nbsp;<\/p>\n<hr \/>\n<p>&nbsp;<\/p>\n<blockquote>\n<h3><a href=\"https:\/\/www.radiopiu.net\/wordpress\/giornale-radiopiu-09-febbraio-2021-direttore-mirko-mezzacasa\/147687677_3556846634426328_3397326347488281404_o\/\" rel=\"attachment wp-att-189763\"><img loading=\"lazy\" decoding=\"async\" class=\"wp-image-189763 alignleft\" src=\"https:\/\/www.radiopiu.net\/wordpress\/wp-content\/uploads\/2021\/02\/147687677_3556846634426328_3397326347488281404_o-300x300.png\" alt=\"\" width=\"143\" height=\"143\" srcset=\"https:\/\/www.radiopiu.net\/wordpress\/wp-content\/uploads\/2021\/02\/147687677_3556846634426328_3397326347488281404_o-300x300.png 300w, https:\/\/www.radiopiu.net\/wordpress\/wp-content\/uploads\/2021\/02\/147687677_3556846634426328_3397326347488281404_o-150x150.png 150w, https:\/\/www.radiopiu.net\/wordpress\/wp-content\/uploads\/2021\/02\/147687677_3556846634426328_3397326347488281404_o.png 526w\" sizes=\"auto, (max-width: 143px) 100vw, 143px\" \/><\/a>LE INIZIATIVE DI AD AGORDO PROLOCO<\/h3>\n<\/blockquote>\n<p>Nel dettaglio le prime tre attivit\u00e0 di Agordo convenzionate con la tessera del socio Pro Loco. Agordo Foto propone uno sconto del 5% sulle cornici. Assicurazioni Valpiave propone uno sconto 25% sulla tariffa in vigore al momento della stipula dell&#8217;assicurazione rc auto; uno sconto del 30% sulla tariffa al momento della stipula dell&#8217;assicurazione Multi Rischi per la Casa, per il Commercio e per per l&#8217;Artigiano; uno sconto del 25% sulla tariffa in corso al momento della stipula dell&#8217;assicurazione infortuni 24h. Attivamente Agordino palestra e piscina propone uno sconto del 10% sui corsi di nuoto e del 10% su materiale e abbigliamento sportivo.<\/p>\n<p>&nbsp;<\/p>\n<p>&nbsp;<\/p>\n<hr \/>\n<p>&nbsp;<\/p>\n<blockquote>\n<h3>PR RANCH, RIPRENDE LA GINNASTICA ARTISTICA<\/h3>\n<\/blockquote>\n<p><strong>AGORDO<\/strong> Riprenderanno marted\u00ec 9 febbraio al PalaRova di Agordo i corsi di ginnastica artistica. L&#8217;appuntamento \u00e8 dalle 16:30 alle 18:30. Per informazioni contattare Donatella al 348 4352362.<\/p>\n<p>&nbsp;<\/p>\n<hr \/>\n<p>&nbsp;<\/p>\n<blockquote>\n<h3>RIAPRE IL CIRCOLO AUSER COL BEL DI TISER<\/h3>\n<\/blockquote>\n<p><strong>GOSALDO<\/strong> Il Circolo Auser Col Bel di Tiser informa i soci che da luned\u00ec 08 febbraio riaprir\u00e0 la sede tutti i giorni dalle ore 16,00 alle ore 18,00. Resta inteso che l&#8217;accesso dovr\u00e0 essere nel rispetto delle normative anti Covid-19: mascherina, gel mani e distanziamento<\/p>\n<p>&nbsp;<\/p>\n<p>&nbsp;<\/p>\n<hr \/>\n<p>&nbsp;<\/p>\n<blockquote>\n<h3>LE POESIE DI ALICE NELLE LIBRERIE BELLUNESI<\/h3>\n<\/blockquote>\n<p><strong>ALLEGHE<\/strong> Prima che arrivi la bella stagione, \u00e8 il titolo della nuova raccolta di poesie dell&#8217;alleghese Alice De Toni. Impossibile la presentazione in presenza, ma il libro gi\u00e0 si pu\u00f2 trovarlo a Belluno nelle librerie Campedel, Le Due Zitelle, Mondadori Bookstore e Tarantola; Feltre Agor\u00e0 e Pilotto; Rasai di Seren del Grappa libreria Quattro Sass, Alleghe in edicola. E&#8217; possibile acquistare il libro su sito della casa editrice www.edizionidbs.it<\/p>\n<p>&nbsp;<\/p>\n<hr \/>\n<p>&nbsp;<\/p>\n<blockquote>\n<h3>SI INTITOLA &#8220;LYRICA&#8221; IL NUOVO LIBRO DI POESIE DI ALESSANDRA SERVI<\/h3>\n<\/blockquote>\n<p><strong><a href=\"https:\/\/www.radiopiu.net\/wordpress\/giornale-radiopiu-31-gennaio-2021-direttore-mirko-mezzacasa\/lyrica\/\" rel=\"attachment wp-att-187997\"><img loading=\"lazy\" decoding=\"async\" class=\"wp-image-187997 alignleft\" src=\"https:\/\/www.radiopiu.net\/wordpress\/wp-content\/uploads\/2021\/01\/LYRICA-232x300.jpg\" alt=\"\" width=\"151\" height=\"196\" srcset=\"https:\/\/www.radiopiu.net\/wordpress\/wp-content\/uploads\/2021\/01\/LYRICA-232x300.jpg 232w, https:\/\/www.radiopiu.net\/wordpress\/wp-content\/uploads\/2021\/01\/LYRICA-792x1024.jpg 792w, https:\/\/www.radiopiu.net\/wordpress\/wp-content\/uploads\/2021\/01\/LYRICA-768x993.jpg 768w, https:\/\/www.radiopiu.net\/wordpress\/wp-content\/uploads\/2021\/01\/LYRICA.jpg 990w\" sizes=\"auto, (max-width: 151px) 100vw, 151px\" \/><\/a>BELLUNO <\/strong>&#8220;Alessandra Servi: la magia in ogni cosa&#8221;: \u00e8 cos\u00ec che il poeta Vito Santin ha voluto presentare, nella sua nota di prefazione, LYRICA, l&#8217;ultimo libro di Alessandra Servi, uscito appena prima di Natale. Dopo 5 anni dall&#8217;ultima pubblicazione, l&#8217;autrice ritorna con una raccolta intensa, nuda, un percorso stilistico ed emozionale, a scandire e scandagliare forza e fragilit\u00e0 dell&#8217;io pi\u00f9 intimo e profondo. Mantenendo la peculiarit\u00e0 propria della sua scrittura poetica, la Servi svela una trasformazione importante, facendosi voce pura di donna adulta. LYRICA \u00e8 &#8220;un poema d&#8217;amore&#8221; come l&#8217;ha definito il poeta Francesco Piemonte. Il volumetto, elegante ed essenziale nell&#8217;aspetto grafico curato da Federica Fant, \u00e8 in vendita presso le librerie di Belluno centro: Le due Zitelle, Libreria degli Eddini e Tarantola. Potete scrivere anche a <a href=\"mailto:alessandraservi@gmail.com\">alessandraservi@gmail.com<\/a>\u00a0per la spedizione fuori Belluno.<\/p>\n<p>&nbsp;<\/p>\n<p>&nbsp;<\/p>\n<p>&nbsp;<\/p>\n<p>&nbsp;<\/p>\n<hr \/>\n<p>&nbsp;<\/p>\n<blockquote>\n<h3>NUOVO CONCORSO DE &#8220;IL VESES&#8221;<\/h3>\n<\/blockquote>\n<p><strong> <a href=\"https:\/\/www.radiopiu.net\/wordpress\/giornale-radiopiu-09-febbraio-2021-direttore-mirko-mezzacasa\/opera-zero\/\" rel=\"attachment wp-att-189811\"><img loading=\"lazy\" decoding=\"async\" class=\" wp-image-189811 alignleft\" src=\"https:\/\/www.radiopiu.net\/wordpress\/wp-content\/uploads\/2021\/02\/OPERA-ZERO-300x206.jpg\" alt=\"\" width=\"213\" height=\"146\" srcset=\"https:\/\/www.radiopiu.net\/wordpress\/wp-content\/uploads\/2021\/02\/OPERA-ZERO-300x206.jpg 300w, https:\/\/www.radiopiu.net\/wordpress\/wp-content\/uploads\/2021\/02\/OPERA-ZERO-1024x702.jpg 1024w, https:\/\/www.radiopiu.net\/wordpress\/wp-content\/uploads\/2021\/02\/OPERA-ZERO-768x527.jpg 768w, https:\/\/www.radiopiu.net\/wordpress\/wp-content\/uploads\/2021\/02\/OPERA-ZERO.jpg 1223w\" sizes=\"auto, (max-width: 213px) 100vw, 213px\" \/><\/a>TRICHIANA<\/strong> C&#8217;\u00e8 tempo fino al 28 febbraio per prendere parte al concorso letterario \u201cParole che parlano di noi\u201d promosso dall&#8217;associazione culturale \u201cil Veses\u201d con il patrocinio del Comune di Borgo Valbelluna. La proposta nasce dall\u2019installazione artistica di Paolo Moro \u201cOpera Zero\u201d inaugurata a Trichiana lo scorso 5 settembre, in occasione del trentennale del premio letterario \u201cTrichiana Paese del Libro\u201d. L\u2019idea del concorso \u00e8 ora quella di coinvolgere i fruitori dell\u2019installazione in una riflessione individuale, che poi diventer\u00e0 collettiva. La partecipazione \u00e8 gratuita. Ogni concorrente pu\u00f2 partecipare con la scelta di una parola accompagnata da un testo inedito della lunghezza massima di 600 battute, spazi inclusi.\u00a0 Le opere dovranno pervenire via e-mail all\u2019indirizzo concorso@ilveses.com entro e non oltre il 28 febbraio.<\/p>\n<p>&nbsp;<\/p>\n<p>&nbsp;<\/p>\n<hr \/>\n<p>&nbsp;<\/p>\n<blockquote>\n<h3>LA RIPARTENZA A SAPPADE: &#8220;VOGLIA DI NORMALITA&#8217;, NATURA, BENESSERE&#8221;&#8230; ED ETICHETTA<\/h3>\n<\/blockquote>\n<p><strong>FALCADE<\/strong>\u00a0 In collegamento con la Piccola Baita e Fabrizio Pescosta. La ripartenza, ma anche i prodotti bellunesi, quelli da etichettare per alta qualit\u00e0. <em>&#8220;Fondamentale&#8221;\u00a0<\/em>afferma Fabrizio<em> &#8220;i nostri non sono prodotti da far passare in sordina, meritano il marchio e l&#8217;indentificazione cio\u00e8 il giusto riconoscimento e per questo ci stiamo battendo da tempo&#8221;.<\/em><\/p>\n<p><span style=\"color: #ff0000;\">di Claudio Fontanive\u00a0<\/span><\/p>\n<audio class=\"wp-audio-shortcode\" id=\"audio-190129-8\" preload=\"none\" style=\"width: 100%;\" controls=\"controls\"><source type=\"audio\/mpeg\" src=\"https:\/\/www.radiopiu.net\/wordpress\/wp-content\/uploads\/2021\/02\/fabrizio-pescosta.mp3?_=8\" \/><a href=\"https:\/\/www.radiopiu.net\/wordpress\/wp-content\/uploads\/2021\/02\/fabrizio-pescosta.mp3\">https:\/\/www.radiopiu.net\/wordpress\/wp-content\/uploads\/2021\/02\/fabrizio-pescosta.mp3<\/a><\/audio>\n<p>&nbsp;<\/p>\n\n\t\t\t<style type='text\/css'>\n\t\t\t\t#gallery-5 {\n\t\t\t\t\tmargin: auto;\n\t\t\t\t}\n\t\t\t\t#gallery-5 .gallery-item {\n\t\t\t\t\tfloat: left;\n\t\t\t\t\tmargin-top: 10px;\n\t\t\t\t\ttext-align: center;\n\t\t\t\t\twidth: 25%;\n\t\t\t\t}\n\t\t\t\t#gallery-5 img {\n\t\t\t\t\tborder: 2px solid #cfcfcf;\n\t\t\t\t}\n\t\t\t\t#gallery-5 .gallery-caption {\n\t\t\t\t\tmargin-left: 0;\n\t\t\t\t}\n\t\t\t\t\/* see gallery_shortcode() in wp-includes\/media.php *\/\n\t\t\t<\/style>\n\t\t<div id='gallery-5' class='dt-gallery-container gallery galleryid-190129 gallery-columns-4 gallery-size-thumbnail'><dl class='gallery-item'>\n\t\t\t\t<dt class='gallery-icon landscape'>\n\t\t\t\t\t<a class=\"rollover rollover-zoom dt-pswp-item\" title=\"pescosta (2)\" data-dt-img-description=\"\" data-large_image_width=\"550\" data-large_image_height=\"413\"href='https:\/\/www.radiopiu.net\/wordpress\/wp-content\/uploads\/2021\/02\/pescosta-2.jpg'><img loading=\"lazy\" decoding=\"async\" width=\"150\" height=\"150\" src=\"https:\/\/www.radiopiu.net\/wordpress\/wp-content\/uploads\/2021\/02\/pescosta-2-150x150.jpg\" class=\"attachment-thumbnail size-thumbnail\" alt=\"\" \/><\/a>\n\t\t\t\t<\/dt><\/dl><dl class='gallery-item'>\n\t\t\t\t<dt class='gallery-icon landscape'>\n\t\t\t\t\t<a class=\"rollover rollover-zoom dt-pswp-item\" title=\"pescosta (1)\" data-dt-img-description=\"\" data-large_image_width=\"225\" data-large_image_height=\"169\"href='https:\/\/www.radiopiu.net\/wordpress\/wp-content\/uploads\/2021\/02\/pescosta-1.jpg'><img loading=\"lazy\" decoding=\"async\" width=\"150\" height=\"150\" src=\"https:\/\/www.radiopiu.net\/wordpress\/wp-content\/uploads\/2021\/02\/pescosta-1-150x150.jpg\" class=\"attachment-thumbnail size-thumbnail\" alt=\"\" \/><\/a>\n\t\t\t\t<\/dt><\/dl><dl class='gallery-item'>\n\t\t\t\t<dt class='gallery-icon landscape'>\n\t\t\t\t\t<a class=\"rollover rollover-zoom dt-pswp-item\" title=\"pescosta a\" data-dt-img-description=\"\" data-large_image_width=\"246\" data-large_image_height=\"185\"href='https:\/\/www.radiopiu.net\/wordpress\/wp-content\/uploads\/2021\/02\/pescosta-a.jpg'><img loading=\"lazy\" decoding=\"async\" width=\"150\" height=\"150\" src=\"https:\/\/www.radiopiu.net\/wordpress\/wp-content\/uploads\/2021\/02\/pescosta-a-150x150.jpg\" class=\"attachment-thumbnail size-thumbnail\" alt=\"\" \/><\/a>\n\t\t\t\t<\/dt><\/dl><dl class='gallery-item'>\n\t\t\t\t<dt class='gallery-icon landscape'>\n\t\t\t\t\t<a class=\"rollover rollover-zoom dt-pswp-item\" title=\"pescossta b\" data-dt-img-description=\"\" data-large_image_width=\"904\" data-large_image_height=\"508\"href='https:\/\/www.radiopiu.net\/wordpress\/wp-content\/uploads\/2021\/02\/pescossta-b.jpg'><img loading=\"lazy\" decoding=\"async\" width=\"150\" height=\"150\" src=\"https:\/\/www.radiopiu.net\/wordpress\/wp-content\/uploads\/2021\/02\/pescossta-b-150x150.jpg\" class=\"attachment-thumbnail size-thumbnail\" alt=\"\" \/><\/a>\n\t\t\t\t<\/dt><\/dl><br style=\"clear: both\" \/>\n\t\t\t<\/div>\n\n<p>&nbsp;<\/p>\n<hr \/>\n<p>&nbsp;<\/p>\n<p>&nbsp;<\/p>\n<blockquote>\n<h3>ROCCA PIETORE, SELVA DI CADORE TAIBON, VOLTAGO IN ERA FASCISTA<\/h3>\n<p><span style=\"color: #ff0000;\">di RENATO BONA<\/span><\/p><\/blockquote>\n<p>Concludiamo con questa puntata il \u201cviaggio\u201d in Agordino per richiamare l\u2019attivit\u00e0 svolta e le opere compiute nella vallata sotto il regime fascista, dalle amministrazioni e dagli enti della provincia di Belluno. Il libro, edito il XXI aprile 1934, anno dodicesimo dell\u2019\u201cera\u201d fu curato dal vice prefetto Carlo Riva per conto della Regia Prefettura e della Federazione provinciale fascista, e stampato nello stabilimento tipografico Panfilo Castaldi di Feltre. Riva esordiva dicendo che \u201cIl resoconto di interventi effettuati \u00e8 stato pubblicato in occasione della celebrazione del primo decennale del governo fascista \u201callorch\u00e8 fu una gara, tra tutti gli enti istituti pubblici e privati, per dare con relazioni, statistiche, grafici eccetera la dimostrazione di quello che ciascuno, nella propria sfera d\u2019azione, aveva saputo fare, operare, ordinare nei dieci anni decorsi sotto l\u2019insegna del fascismo, seguendo le direttive del Duce della nuova Italia\u201d. E precisava che fu allora che \u201csorse in me l\u2019idea, sull\u2019esempio di quanto in altre provincie era stato fatto, di raccogliere in un volume la documentazione dell\u2019attivit\u00e0 svolta durante il decennio, specialmente nel campo costruttivo e delle opere pubbliche, da tutte le amministrazioni statali e parastatali, da tutti gli enti della provincia di Belluno\u201d. E\u2019 sembrato \u2013 aggiungeva &#8211; ed a ragione, che questa nostra cara provincia potesse Non indegnamente figurare in quella gara diretta a dimostrare che ciascun ente ed istituto, in piena comprensione delle idealit\u00e0 fasciste, aveva assolto il proprio compito, aveva saputo tener bene il proposto posto e girare la propria ruota nella grande macchina della vita della nazione\u201d. Di seguito quanto realizzato a Rocca Pietore, Selva di Cadore, Taibon Agordino e Voltago. ROCCA PIETORE. Nel 1925 (quarto dell\u2019era): strada da Santa Maria delle Grazie a Caracoi Agoin larga 2,5 metri, pendenza media del 15 per cento: \u201cE\u2019 atta al transito con slitte e carreggio leggero; supera un dislivello di 263 metri, costo 99.226\u201d. Acquedotto di Santa Maria delle Grazie: \u201cSorgente Rio Molin, quantit\u00e0 d\u2019acqua al minuto secondo litri 1,20, tubazioni metri 929, un idrante, una fontana pubblica; popolazione servita 200, costo 24.000\u201d. Anno 1926: \u201cAcquedotto pei villaggi di Col-Condio, Capoluogo, Sorgente Col di Rocca; quantit\u00e0 d\u2019acqua al minuto secondo litri 2,67, metri 1722 di tubazioni, 7 fontane pubbliche, popolazione servita, abitanti 990, costo 91.016\u201d. Anno 1928: ricostruzione sul Ponte R\u00f9 di Rocca sulla strada Saviner-capoluogo, costo 8067\u201d. Anno 1929: sistemazione strada fra Sorar\u00f9 e Col di Rocca, costo 1800\u201d. Anno 1930: ricostruzione tetto in lamiera zincata per la scuola di Sottoguda, costo 4990\u201d. Anno 1931: sistemazione acquedotti di Laste di Sopra, Laste di Sotto, Le Coste, Le Grazie, Col dalla Roa, costo manodopera e provvista tubi e materiali 22.650. Riparazioni alla Malga Monteschiotta, costo 9000. Riparazioni al cimitero di Rocca, costo 1224. Sistemazione ponte alle Grazie, costo 13.289. Sistemazione ponte sul Cordevole, inghiaiamento generale strada Saviner-Sottoguda e riparazioni ad esse, 20.673. Provvista di nuovi banchi per la Scuola di Sottoguda, cisti 1.859. Anno 1932: sistemazione acquedotto di Sottoguda, costo manodopera e materiali 6475; Ricostruzione ponte longo ai Serrai di Sottoguda, costo manodopera e materiali 6475; riparazione Casere sulla Malga Valbona, costo 416. Sistemazioni strade ed acquedotti, costo 12.478. Demolizione di fienile nel centro del capoluogo e sua ricostruzione in altro sito; per pagamento indennit\u00e0 34.926; allargamento curva sulla strada Saviner-Rocca, costo 4252; riduzione locali Scuola di Digoman, 1.400. Lavori di restauri nella chiesa monumentale di Rocca, 3.000\u201d. SELVA DI CADORE. Nel 1923: Strada delle Crignole \u201cimportante per le comunicazioni tra il comune, i pascoli ed i boschi di alta montagna\u201d, spesa 50.000. Anno 1925: Strada detta di Filippo, che riunisce direttamente alla frazione Capoluogo numerosi villaggi\u201d, spesa 15.000: strada detta della Perazza: \u201cAttraversante la frana di Santa Fosca. Congiunge la frazione di Landris alla strada provinciale\u201d, spesa 28.000. Anno 1926: Nuovo cimitero di Santa Fosca: \u201cHa sostituito il vecchio inadatto ed insufficiente\u201d, spesa 60.000. Anno 1927: Strada del Tronch: \u201cAllaccia alla provinciale la frazione, spesa 11.000. Anno 1928: Allargamento piazza San Lorenzo: \u201cHa dato una nuova e signorile figura alla Piazza della frazione capoluogo di Selva togliendole quel primitivo carattere rustico e povero che non si addiceva certo pi\u00f9 a questo comune, che va rapidamente avviandosi verso uno splendido avvenire nel campo turistico, sportivo e di villeggiatura\u201d; spesa, comprese le espropriazioni, 70.000. Costruzione campo ginnico-sportivo: \u201cE\u2019 un magnifico e spazioso campo, di cui si sentiva, per l\u2019educazione fisica dei giovani, l\u2019assoluta necessit\u00e0. L\u2019opera \u00e8 sostenuta da arditi muraglioni, eleganti e forti nell\u2019assieme, e sorge in posizione bellissima\u201d, spesa 45.000. Anno 1929: trasformazione di un edificio in fabbricato scolastico per la frazione di San Lorenzo: \u201cL\u2019edificio nuovo \u00e8 stato fornito di aula coperta per la ginnastica, museo didattico, bagni, eccetera; spesa, compreso il costo dell\u2019immobile 140.000. Anno 1930: Costruzione nuovo acquedotto comunale di Pescul: \u201cOpera imponente ed importante perch\u00e9 ha risolto uno dei pi\u00f9 annosi problemi del comune; sono stati posti in opera oltre 6500 metri di tubazione d\u2019acciaio, fontane pubbliche 18, idranti per pompe d\u2019incendio 33, spesa 330.000. Anno 1931: Sistemazione ponti della frazione di Pescul: \u201cServono alle comunicazioni fra le due sponde del torrente Fiorentina a circa 4 chilometri dalla sorgente; opere importanti per i bisogni interni dei frazionisti; spesa totale 45.000. Sistemazione di pascoli comunali di alta montagna con spesa di 108 mila; sistemazione della strada del Giau, che congiunge la Val Fiorentina a quella del Cordevole, a Cortina d\u2019Ampezzo: \u201cOpera importantissima dal lato turistico e da quello della valorizzazione dei prodotti locali, accorcia il percorso per Cortina di ben 15 chilometri in confronto a quello per Passo Falzarego\u201d; spesa complessiva 600.000, met\u00e0 a carico dello Stato e il resto di un Consorzio intercomunale appositamente costituito. TAIBON. Anno 1928: Strada di Soccol che porta dal capoluogo in prossimit\u00e0 dei tre abitati di Soccol, Campedel e Coste, lunghezza 500 metri, larghezza 2,50, costo 231.466; acquedotto comunale: \u201cServe gli abitanti di Forno di Val, Peden e Taibon capoluogo. Sorgente di vena in localit\u00e0 Forno di Val da 4,5 litri al secondo, lunga 1000 metri\u201d, costo 63.861,70. Macello comunale in localit\u00e0 Peden con costruzione in muratura di un solo locale: 8.297,82. VOLTAGO. Anno 1923: costruiti 6 lavatoi a vasche, equamente suddivisi sul territorio, spesa 3.125. Anno 1924: piccole opere pubbliche e un tratto di conduttura per la fognatura 3.298; costruzione della strada comunale \u201cMaliga-Vich\u201d nel centro abitato di Frassen\u00e8, spesa 15.999. Anni 1925-26: tronco di strada Voltago-Rivamonte, costo 12.450; costruzione del cimitero a Frassen\u00e8 in localit\u00e0 discosta dall\u2019abitato, spesa 78.875. Anno 1928: costruzione del cimitero di Voltago, costo 80.635; acquedotto a Frassen\u00e8 \u201ctenendo conto che qui affluiscono annualmente numerosi villeggianti\u201d; tubature per 2500 metri, fontane pubbliche 9, costo 183.560. Anno 1929: costruzione del Palazzo municipale con spesa di 139.035. Anno 1930: sistemazione strada vicinale a Frassen\u00e8, spesa 1520. Anno 1932: costruzione del piccolo acquedotto in Digoman con spesa complessiva di 2350.<\/p>\n\n\t\t\t<style type='text\/css'>\n\t\t\t\t#gallery-6 {\n\t\t\t\t\tmargin: auto;\n\t\t\t\t}\n\t\t\t\t#gallery-6 .gallery-item {\n\t\t\t\t\tfloat: left;\n\t\t\t\t\tmargin-top: 10px;\n\t\t\t\t\ttext-align: center;\n\t\t\t\t\twidth: 33%;\n\t\t\t\t}\n\t\t\t\t#gallery-6 img {\n\t\t\t\t\tborder: 2px solid #cfcfcf;\n\t\t\t\t}\n\t\t\t\t#gallery-6 .gallery-caption {\n\t\t\t\t\tmargin-left: 0;\n\t\t\t\t}\n\t\t\t\t\/* see gallery_shortcode() in wp-includes\/media.php *\/\n\t\t\t<\/style>\n\t\t<div id='gallery-6' class='dt-gallery-container gallery galleryid-190129 gallery-columns-3 gallery-size-thumbnail'><dl class='gallery-item'>\n\t\t\t\t<dt class='gallery-icon landscape'>\n\t\t\t\t\t<a class=\"rollover rollover-zoom dt-pswp-item\" title=\"148988761_232163775299749_3073511304268599475_n\" data-dt-img-description=\"\" data-large_image_width=\"2048\" data-large_image_height=\"1428\"href='https:\/\/www.radiopiu.net\/wordpress\/wp-content\/uploads\/2021\/02\/148988761_232163775299749_3073511304268599475_n.jpg'><img loading=\"lazy\" decoding=\"async\" width=\"150\" height=\"150\" src=\"https:\/\/www.radiopiu.net\/wordpress\/wp-content\/uploads\/2021\/02\/148988761_232163775299749_3073511304268599475_n-150x150.jpg\" class=\"attachment-thumbnail size-thumbnail\" alt=\"\" \/><\/a>\n\t\t\t\t<\/dt><\/dl><dl class='gallery-item'>\n\t\t\t\t<dt class='gallery-icon landscape'>\n\t\t\t\t\t<a class=\"rollover rollover-zoom dt-pswp-item\" title=\"149073097_3649806285138924_3824975805516411138_n\" data-dt-img-description=\"\" data-large_image_width=\"2048\" data-large_image_height=\"1302\"href='https:\/\/www.radiopiu.net\/wordpress\/wp-content\/uploads\/2021\/02\/149073097_3649806285138924_3824975805516411138_n.jpg'><img loading=\"lazy\" decoding=\"async\" width=\"150\" height=\"150\" src=\"https:\/\/www.radiopiu.net\/wordpress\/wp-content\/uploads\/2021\/02\/149073097_3649806285138924_3824975805516411138_n-150x150.jpg\" class=\"attachment-thumbnail size-thumbnail\" alt=\"\" \/><\/a>\n\t\t\t\t<\/dt><\/dl><dl class='gallery-item'>\n\t\t\t\t<dt class='gallery-icon portrait'>\n\t\t\t\t\t<a class=\"rollover rollover-zoom dt-pswp-item\" title=\"149303401_846666439518407_5612518783375424686_n\" data-dt-img-description=\"\" data-large_image_width=\"1482\" data-large_image_height=\"2048\"href='https:\/\/www.radiopiu.net\/wordpress\/wp-content\/uploads\/2021\/02\/149303401_846666439518407_5612518783375424686_n.jpg'><img loading=\"lazy\" decoding=\"async\" width=\"150\" height=\"150\" src=\"https:\/\/www.radiopiu.net\/wordpress\/wp-content\/uploads\/2021\/02\/149303401_846666439518407_5612518783375424686_n-150x150.jpg\" class=\"attachment-thumbnail size-thumbnail\" alt=\"\" \/><\/a>\n\t\t\t\t<\/dt><\/dl><br style=\"clear: both\" \/><dl class='gallery-item'>\n\t\t\t\t<dt class='gallery-icon portrait'>\n\t\t\t\t\t<a class=\"rollover rollover-zoom dt-pswp-item\" title=\"149288051_442351817202695_3355384571544087630_n\" data-dt-img-description=\"\" data-large_image_width=\"1441\" data-large_image_height=\"2048\"href='https:\/\/www.radiopiu.net\/wordpress\/wp-content\/uploads\/2021\/02\/149288051_442351817202695_3355384571544087630_n.jpg'><img loading=\"lazy\" decoding=\"async\" width=\"150\" height=\"150\" src=\"https:\/\/www.radiopiu.net\/wordpress\/wp-content\/uploads\/2021\/02\/149288051_442351817202695_3355384571544087630_n-150x150.jpg\" class=\"attachment-thumbnail size-thumbnail\" alt=\"\" \/><\/a>\n\t\t\t\t<\/dt><\/dl><dl class='gallery-item'>\n\t\t\t\t<dt class='gallery-icon landscape'>\n\t\t\t\t\t<a class=\"rollover rollover-zoom dt-pswp-item\" title=\"149108642_1550349875162369_8720321120099341781_n\" data-dt-img-description=\"\" data-large_image_width=\"2048\" data-large_image_height=\"1469\"href='https:\/\/www.radiopiu.net\/wordpress\/wp-content\/uploads\/2021\/02\/149108642_1550349875162369_8720321120099341781_n.jpg'><img loading=\"lazy\" decoding=\"async\" width=\"150\" height=\"150\" src=\"https:\/\/www.radiopiu.net\/wordpress\/wp-content\/uploads\/2021\/02\/149108642_1550349875162369_8720321120099341781_n-150x150.jpg\" class=\"attachment-thumbnail size-thumbnail\" alt=\"\" \/><\/a>\n\t\t\t\t<\/dt><\/dl><dl class='gallery-item'>\n\t\t\t\t<dt class='gallery-icon landscape'>\n\t\t\t\t\t<a class=\"rollover rollover-zoom dt-pswp-item\" title=\"149400308_427350021822400_1797534507931271185_n\" data-dt-img-description=\"\" data-large_image_width=\"2048\" data-large_image_height=\"1102\"href='https:\/\/www.radiopiu.net\/wordpress\/wp-content\/uploads\/2021\/02\/149400308_427350021822400_1797534507931271185_n.jpg'><img loading=\"lazy\" decoding=\"async\" width=\"150\" height=\"150\" src=\"https:\/\/www.radiopiu.net\/wordpress\/wp-content\/uploads\/2021\/02\/149400308_427350021822400_1797534507931271185_n-150x150.jpg\" class=\"attachment-thumbnail size-thumbnail\" alt=\"\" \/><\/a>\n\t\t\t\t<\/dt><\/dl><br style=\"clear: both\" \/>\n\t\t\t<\/div>\n\n<p>NELLE FOTO (riproduzione dal libro \u201cLa Provincia di Belluno in regime fascista\u201d e dal libro \u201cUn ricordo dall\u2019Agordino\u201d di Bepi Pellegrinon): Voltago in festa per il nuovo Palazzo Municipale; una vecchia panoramica del paese con i monti San Sebastiano, Tonier e Castello; la chiesa monumentale di Rocca Pietore; i Serrai di Sottoguda: una meraviglia della natura; visione di Selva di Cadore col Monte Nuvolao, 2700 metri; ponte rustico sul Cordevole a Listolade di Taibon.<\/p>\n<p>&nbsp;<\/p>\n<p>&nbsp;<\/p>\n<p>&nbsp;<\/p>\n<hr \/>\n<blockquote>\n<div>\n<h2><span style=\"color: #ff0000;\">\u00a0<\/span><\/h2>\n<h2><span style=\"color: #ff0000;\">ALLA RADIO<\/span><\/h2>\n<h2><strong><a href=\"https:\/\/www.radiopiu.net\/wordpress\/giornale-radiopiu-10-febbraio-2021-direttore-mirko-mezzacasa\/b0ded265-bf8e-40fe-b7ef-2d725de56d26\/\" rel=\"attachment wp-att-189945\"><img loading=\"lazy\" decoding=\"async\" class=\"wp-image-189945 alignleft\" src=\"https:\/\/www.radiopiu.net\/wordpress\/wp-content\/uploads\/2021\/02\/b0ded265-bf8e-40fe-b7ef-2d725de56d26-208x300.jpg\" alt=\"\" width=\"119\" height=\"172\" srcset=\"https:\/\/www.radiopiu.net\/wordpress\/wp-content\/uploads\/2021\/02\/b0ded265-bf8e-40fe-b7ef-2d725de56d26-208x300.jpg 208w, https:\/\/www.radiopiu.net\/wordpress\/wp-content\/uploads\/2021\/02\/b0ded265-bf8e-40fe-b7ef-2d725de56d26.jpg 526w\" sizes=\"auto, (max-width: 119px) 100vw, 119px\" \/><\/a>LE\u00a0 PUNTATE di Luisa Alchini di Leggermente Bellunesi, la domenica alle 11, <span style=\"color: #0000ff;\">IL MARTEDI IN PRIMA EDIZIONE\u00a0<\/span> alle 10.30 e alle 19.00<\/strong><\/h2>\n<p><strong>LA PUNTATA DELLA SETTIMANA <\/strong>Celebriamo la 46\u00aa edizione dei Campionati mondiali di sci alpino 2021, che si tiene in questi giorni a Cortina, con il libro dedicato al 60\u00b0 anniversario dello Sci club Val Biois\u00a0 di Dario Fontanive ed Emilio Cagnati<\/p>\n<audio class=\"wp-audio-shortcode\" id=\"audio-190129-9\" preload=\"none\" style=\"width: 100%;\" controls=\"controls\"><source type=\"audio\/mpeg\" src=\"https:\/\/www.radiopiu.net\/wordpress\/wp-content\/uploads\/2021\/02\/18leggermentesciclubvalbios60anni.mp3?_=9\" \/><a href=\"https:\/\/www.radiopiu.net\/wordpress\/wp-content\/uploads\/2021\/02\/18leggermentesciclubvalbios60anni.mp3\">https:\/\/www.radiopiu.net\/wordpress\/wp-content\/uploads\/2021\/02\/18leggermentesciclubvalbios60anni.mp3<\/a><\/audio>\n<h2><strong style=\"font-size: 14px;\"><span style=\"color: #000000;\">RACCOLTA COMPLETA<\/span><\/strong><\/h2>\n<\/div>\n<blockquote class=\"wp-embedded-content\" data-secret=\"WztA9JJtCa\"><p><a href=\"https:\/\/www.radiopiu.net\/wordpress\/leggermente-20\/\">LEGGERmente&#8230;Bellunesi<\/a><\/p><\/blockquote>\n<p><iframe loading=\"lazy\" class=\"wp-embedded-content\" sandbox=\"allow-scripts\" security=\"restricted\" style=\"position: absolute; clip: rect(1px, 1px, 1px, 1px);\" title=\"&#8220;LEGGERmente&#8230;Bellunesi&#8221; &#8212; Radio Pi\u00f9\" src=\"https:\/\/www.radiopiu.net\/wordpress\/leggermente-20\/embed\/#?secret=WztA9JJtCa\" data-secret=\"WztA9JJtCa\" width=\"600\" height=\"338\" frameborder=\"0\" marginwidth=\"0\" marginheight=\"0\" scrolling=\"no\"><\/iframe><\/p>\n<p>&nbsp;<\/p>\n<hr \/>\n<h2><span style=\"color: #ff0000;\">ALLA RADIO<\/span><\/h2>\n<h2><span style=\"color: #008000;\"><a href=\"https:\/\/www.radiopiu.net\/wordpress\/giornale-radiopiu-03-febbraio-2021-direttore-mirko-mezzacasa\/girl-1469748__340\/\" rel=\"attachment wp-att-188542\"><img loading=\"lazy\" decoding=\"async\" class=\"wp-image-188542 alignleft\" src=\"https:\/\/www.radiopiu.net\/wordpress\/wp-content\/uploads\/2021\/02\/girl-1469748__340-300x200.jpg\" alt=\"\" width=\"173\" height=\"115\" srcset=\"https:\/\/www.radiopiu.net\/wordpress\/wp-content\/uploads\/2021\/02\/girl-1469748__340-300x200.jpg 300w, https:\/\/www.radiopiu.net\/wordpress\/wp-content\/uploads\/2021\/02\/girl-1469748__340.jpg 510w\" sizes=\"auto, (max-width: 173px) 100vw, 173px\" \/><\/a><\/span><\/h2>\n<h2><\/h2>\n<h2><span style=\"color: #008000;\">ERBE E PIANTE CURATIVE&#8230;IL NUOVO PROGRAMMA DI PAOLA LANCIATO<\/span><\/h2>\n<p><strong>LA SECONDA PUNTATA\u00a0<\/strong><\/p>\n<audio class=\"wp-audio-shortcode\" id=\"audio-190129-10\" preload=\"none\" style=\"width: 100%;\" controls=\"controls\"><source type=\"audio\/mpeg\" src=\"https:\/\/www.radiopiu.net\/wordpress\/wp-content\/uploads\/2021\/02\/ERBE-1.mp3?_=10\" \/><a href=\"https:\/\/www.radiopiu.net\/wordpress\/wp-content\/uploads\/2021\/02\/ERBE-1.mp3\">https:\/\/www.radiopiu.net\/wordpress\/wp-content\/uploads\/2021\/02\/ERBE-1.mp3<\/a><\/audio>\n<p><strong>LA RACCOLTA COMPLETA<\/strong><\/p>\n<blockquote class=\"wp-embedded-content\" data-secret=\"KoHnJVNncl\"><p><a href=\"https:\/\/www.radiopiu.net\/wordpress\/erbe-e-piante-curative\/\">ERBE E PIANTE CURATIVE<\/a><\/p><\/blockquote>\n<p><iframe loading=\"lazy\" class=\"wp-embedded-content\" sandbox=\"allow-scripts\" security=\"restricted\" style=\"position: absolute; clip: rect(1px, 1px, 1px, 1px);\" title=\"&#8220;ERBE E PIANTE CURATIVE&#8221; &#8212; Radio Pi\u00f9\" src=\"https:\/\/www.radiopiu.net\/wordpress\/erbe-e-piante-curative\/embed\/#?secret=KoHnJVNncl\" data-secret=\"KoHnJVNncl\" width=\"600\" height=\"338\" frameborder=\"0\" marginwidth=\"0\" marginheight=\"0\" scrolling=\"no\"><\/iframe><\/p>\n<p>&nbsp;<\/p>\n<p>&nbsp;<\/p><\/blockquote>\n<hr \/>\n<blockquote><p>&nbsp;<\/p>\n<h1>Training di Biodinamica Craniosacrale<\/h1>\n<\/blockquote>\n<p><em>Un profondo lavoro sul corpo e attraverso il corpo che si trasforma in un<\/em><em>viaggio alla scoperta di se stessi e delle proprie potenzialit\u00e0.\u00a0<\/em><\/p>\n<p><strong><a href=\"https:\/\/www.radiopiu.net\/wordpress\/covid-zaia-su-dati-europei-ecdc-non-realistici-perche-quelli-italiani-non-sono-uniformi-e-persino-ovvio-che-chi-fa-piu-tamponi-trova-piu-casi-ma-non-se\/pp-47\/\" rel=\"attachment wp-att-186942\"><img loading=\"lazy\" decoding=\"async\" class=\"wp-image-186942 alignleft\" src=\"https:\/\/www.radiopiu.net\/wordpress\/wp-content\/uploads\/2021\/01\/pp-2-300x300.jpg\" alt=\"\" width=\"174\" height=\"174\" srcset=\"https:\/\/www.radiopiu.net\/wordpress\/wp-content\/uploads\/2021\/01\/pp-2-300x300.jpg 300w, https:\/\/www.radiopiu.net\/wordpress\/wp-content\/uploads\/2021\/01\/pp-2-150x150.jpg 150w, https:\/\/www.radiopiu.net\/wordpress\/wp-content\/uploads\/2021\/01\/pp-2.jpg 640w\" sizes=\"auto, (max-width: 174px) 100vw, 174px\" \/><\/a>BELLUNO<\/strong> L&#8217;associazione culturale MU APS arriva a Belluno per presentare una tecnica manuale delicata e profonda che sostiene e stimola la capacit\u00e0 di autoguarigione nel corpo. Fa parte delle Discipline del Benessere e Bionaturali, e pu\u00f2 essere intrapreso sia come percorso professionale, sia come percorso di crescita personale. <strong>Per info, sessioni di prova e prenotazioni:Brunella Moro <span style=\"color: #0000ff;\">info@esteticaglamour.it<\/span> 347\/7742512 ISCRIZIONI ENTRO IL 15 MARZO SCONTO 10%\u00a0<\/strong><\/p>\n<p><span style=\"color: #ff0000;\">AUDIO BRUNELLA MORO<\/span><\/p>\n<audio class=\"wp-audio-shortcode\" id=\"audio-190129-11\" preload=\"none\" style=\"width: 100%;\" controls=\"controls\"><source type=\"audio\/mpeg\" src=\"https:\/\/www.radiopiu.net\/wordpress\/wp-content\/uploads\/2021\/01\/brunella.mp3?_=11\" \/><a href=\"https:\/\/www.radiopiu.net\/wordpress\/wp-content\/uploads\/2021\/01\/brunella.mp3\">https:\/\/www.radiopiu.net\/wordpress\/wp-content\/uploads\/2021\/01\/brunella.mp3<\/a><\/audio>\n<p>&nbsp;<\/p>\n<p>&nbsp;<\/p>\n<hr \/>\n<p>&nbsp;<\/p>\n<blockquote>\n<h1><\/h1>\n<blockquote>\n<h2>SALUTE E SOCIETA&#8217; IL LUNEDI ALLE 13.10 E ALLE 20.10, LA DOMENICA ALLE 10.30 A CURA DEL DOTTOR MARCO CARACCIOLO. QUINTA STAGIONE<\/h2>\n<\/blockquote>\n<p><img loading=\"lazy\" decoding=\"async\" class=\"alignleft\" src=\"https:\/\/www.radiopiu.net\/wordpress\/wp-content\/uploads\/2021\/02\/doc-gior.jpg\" width=\"208\" height=\"138\" \/>L\u2019intergruppo parlamentare \u00abInsieme per un impegno contro il cancro\u00bb \u00e8 nato per superare ritardi nell\u2019assistenza e gravi disparit\u00e0 tra pazienti a livello regionale. Sono 15 punti alla base dell\u2019Accordo di legislatura tra politici e associazioni di pazienti che hanno dato vita al progetto \u00abLa salute: un bene da difendere, un diritto da promuovere\u00bb. Stefano Bellomo Avvocato Giuslavorista, Professore ordinario di Diritto del Lavoro Sapienza Universit\u00e0 di Roma Marina Puligheddu Dirigente Medico Legale I livello, Coordinamento Generale Medico Legale INPS Area Prestazioni a Sostegno del Reddito Annamaria Mancuso Coordinatrice del gruppo \u201cLa salute: un bene da difendere, un diritto da promuovere\u201d e Presidente Salute Donna Onlus<\/p>\n<h3>LA RACCOLTA COMPLETA<\/h3>\n<audio class=\"wp-audio-shortcode\" id=\"audio-190129-12\" preload=\"none\" style=\"width: 100%;\" controls=\"controls\"><source type=\"audio\/mpeg\" src=\"https:\/\/www.radiopiu.net\/wordpress\/wp-content\/uploads\/2021\/02\/SALUTE-1.mp3?_=12\" \/><a href=\"https:\/\/www.radiopiu.net\/wordpress\/wp-content\/uploads\/2021\/02\/SALUTE-1.mp3\">https:\/\/www.radiopiu.net\/wordpress\/wp-content\/uploads\/2021\/02\/SALUTE-1.mp3<\/a><\/audio>\n<blockquote class=\"wp-embedded-content\" data-secret=\"ZtdIoMtBVY\"><p><a href=\"https:\/\/www.radiopiu.net\/wordpress\/saluteesocieta\/\">Salute e Societ\u00e0<\/a><\/p><\/blockquote>\n<p><iframe loading=\"lazy\" class=\"wp-embedded-content\" sandbox=\"allow-scripts\" security=\"restricted\" style=\"position: absolute; clip: rect(1px, 1px, 1px, 1px);\" title=\"&#8220;Salute e Societ\u00e0&#8221; &#8212; Radio Pi\u00f9\" src=\"https:\/\/www.radiopiu.net\/wordpress\/saluteesocieta\/embed\/#?secret=ZtdIoMtBVY\" data-secret=\"ZtdIoMtBVY\" width=\"600\" height=\"338\" frameborder=\"0\" marginwidth=\"0\" marginheight=\"0\" scrolling=\"no\"><\/iframe><\/p>\n<hr \/>\n<h2><\/h2>\n<h3 class=\"kvgmc6g5 cxmmr5t8 oygrvhab hcukyx3x c1et5uql\"><span style=\"color: #0000ff;\">INFORMAZIONE il canale su TELEGRAM informazione di prima mano e in tempo reale. iscriviti ed aiutaci a farlo conoscere\u00a0<\/span><\/h3>\n<h2>007 IN CONDOTTA CON LA PROF. MARIA ROSA SALMAZO IL LUNEDI ALLE 10,30 E ALLE 19.00 LA DOMENICA ALLE 8 DEL MATTINO. NONA STAGIONE<\/h2>\n<p><strong>LA PUNTATA DELLA SETTIMANA Iscrizioni chiuse per il prossimo anno\u00a0<\/strong><\/p>\n<audio class=\"wp-audio-shortcode\" id=\"audio-190129-13\" preload=\"none\" style=\"width: 100%;\" controls=\"controls\"><source type=\"audio\/mpeg\" src=\"https:\/\/www.radiopiu.net\/wordpress\/wp-content\/uploads\/2021\/02\/007-8-febbraio.mp3?_=13\" \/><a href=\"https:\/\/www.radiopiu.net\/wordpress\/wp-content\/uploads\/2021\/02\/007-8-febbraio.mp3\">https:\/\/www.radiopiu.net\/wordpress\/wp-content\/uploads\/2021\/02\/007-8-febbraio.mp3<\/a><\/audio>\n<h2>LA RACCOLTA COMPLETA<\/h2>\n<blockquote class=\"wp-embedded-content\" data-secret=\"0FOGllh4yc\"><p><a href=\"https:\/\/www.radiopiu.net\/wordpress\/007incondotta-9\/\">007 in condotta<\/a><\/p><\/blockquote>\n<p><iframe loading=\"lazy\" class=\"wp-embedded-content\" sandbox=\"allow-scripts\" security=\"restricted\" style=\"position: absolute; clip: rect(1px, 1px, 1px, 1px);\" title=\"&#8220;007 in condotta&#8221; &#8212; Radio Pi\u00f9\" src=\"https:\/\/www.radiopiu.net\/wordpress\/007incondotta-9\/embed\/#?secret=0FOGllh4yc\" data-secret=\"0FOGllh4yc\" width=\"600\" height=\"338\" frameborder=\"0\" marginwidth=\"0\" marginheight=\"0\" scrolling=\"no\"><\/iframe><\/p>\n<p>&nbsp;<\/p>\n<p>&nbsp;<\/p><\/blockquote>\n<hr \/>\n<p>&nbsp;<\/p>\n<blockquote>\n<h2>RITORNA AI MICROFONI DI RADIO PIU&#8217; FRANCESCO ZILLIO<br \/>\nseconda puntata, stagione 2021 &#8211; auto elettriche.<\/h2>\n<\/blockquote>\n<p>&nbsp;<\/p>\n<p><iframe loading=\"lazy\" title=\"EPCENTER  02-2021  RICARICA VETTURE ELETTRICHE IN AMBITO PRIVATO\" width=\"1200\" height=\"675\" src=\"https:\/\/www.youtube.com\/embed\/gx5t93SFHiQ?feature=oembed\" frameborder=\"0\" allow=\"accelerometer; autoplay; clipboard-write; encrypted-media; gyroscope; picture-in-picture\" allowfullscreen><\/iframe><\/p>\n<p><strong>LA VIDEO GALLERY\u00a0<\/strong><\/p>\n<blockquote class=\"wp-embedded-content\" data-secret=\"MV0YtIKZ5K\"><p><a href=\"https:\/\/www.radiopiu.net\/wordpress\/ep-center-video-gallery\/\">EP CENTER video gallery<\/a><\/p><\/blockquote>\n<p><iframe loading=\"lazy\" class=\"wp-embedded-content\" sandbox=\"allow-scripts\" security=\"restricted\" style=\"position: absolute; clip: rect(1px, 1px, 1px, 1px);\" title=\"&#8220;EP CENTER video gallery&#8221; &#8212; Radio Pi\u00f9\" src=\"https:\/\/www.radiopiu.net\/wordpress\/ep-center-video-gallery\/embed\/#?secret=MV0YtIKZ5K\" data-secret=\"MV0YtIKZ5K\" width=\"600\" height=\"338\" frameborder=\"0\" marginwidth=\"0\" marginheight=\"0\" scrolling=\"no\"><\/iframe><\/p>\n<p>&nbsp;<\/p>\n<hr \/>\n<blockquote>\n<h3><\/h3>\n<h3>SEI A CASA, CON LUCIA SOCCOL. SPECIALE A PUNTATE<\/h3>\n<\/blockquote>\n<h2><span style=\"color: #ff0000;\">STAGIONE 2021 la nuova edizione TERZA STAGIONE<\/span><\/h2>\n<h3>Seconda puntata con Lucia Soccol, case e mercato immobiliare, notizie e curiosit\u00e0. 28 gennaio 2021<\/h3>\n<audio class=\"wp-audio-shortcode\" id=\"audio-190129-14\" preload=\"none\" style=\"width: 100%;\" controls=\"controls\"><source type=\"audio\/mpeg\" src=\"https:\/\/www.radiopiu.net\/wordpress\/wp-content\/uploads\/2021\/02\/sei-a-casa-4-febbraio.mp3?_=14\" \/><a href=\"https:\/\/www.radiopiu.net\/wordpress\/wp-content\/uploads\/2021\/02\/sei-a-casa-4-febbraio.mp3\">https:\/\/www.radiopiu.net\/wordpress\/wp-content\/uploads\/2021\/02\/sei-a-casa-4-febbraio.mp3<\/a><\/audio>\n<h3>RACCOLTA COMPLETA<\/h3>\n<blockquote class=\"wp-embedded-content\" data-secret=\"t9rRucr8SP\"><p><a href=\"https:\/\/www.radiopiu.net\/wordpress\/ieri-alla-radio-sei-a-casa1\/\">SEI A CASA, CON LUCIA SOCCOL. SPECIALE A PUNTATE.<\/a><\/p><\/blockquote>\n<p><iframe loading=\"lazy\" class=\"wp-embedded-content\" sandbox=\"allow-scripts\" security=\"restricted\" style=\"position: absolute; clip: rect(1px, 1px, 1px, 1px);\" title=\"&#8220;SEI A CASA, CON LUCIA SOCCOL. SPECIALE A PUNTATE.&#8221; &#8212; Radio Pi\u00f9\" src=\"https:\/\/www.radiopiu.net\/wordpress\/ieri-alla-radio-sei-a-casa1\/embed\/#?secret=t9rRucr8SP\" data-secret=\"t9rRucr8SP\" width=\"600\" height=\"338\" frameborder=\"0\" marginwidth=\"0\" marginheight=\"0\" scrolling=\"no\"><\/iframe><\/p>\n<p>&nbsp;<\/p>\n<p>&nbsp;<\/p>\n<hr \/>\n<p>&nbsp;<\/p>\n<h3><\/h3>\n<blockquote class=\"wp-embedded-content\" data-secret=\"XQoPzWN9km\"><p><a href=\"https:\/\/www.radiopiu.net\/wordpress\/conosciamo-la-corale-di-limana-con-le-interviste-di-silvia-baldo\/\">CONOSCIAMO LA CORALE DI LIMANA CON LE INTERVISTE DI SILVIA BALDO<\/a><\/p><\/blockquote>\n<p><iframe loading=\"lazy\" class=\"wp-embedded-content\" sandbox=\"allow-scripts\" security=\"restricted\" style=\"position: absolute; clip: rect(1px, 1px, 1px, 1px);\" title=\"&#8220;CONOSCIAMO LA CORALE DI LIMANA CON LE INTERVISTE DI SILVIA BALDO&#8221; &#8212; Radio Pi\u00f9\" src=\"https:\/\/www.radiopiu.net\/wordpress\/conosciamo-la-corale-di-limana-con-le-interviste-di-silvia-baldo\/embed\/#?secret=XQoPzWN9km\" data-secret=\"XQoPzWN9km\" width=\"600\" height=\"338\" frameborder=\"0\" marginwidth=\"0\" marginheight=\"0\" scrolling=\"no\"><\/iframe><\/p>\n<p>&nbsp;<\/p>\n<p>&nbsp;<\/p>\n<hr \/>\n<div dir=\"auto\">\n<blockquote>\n<h2><\/h2>\n<h2>FANTASTICHE DOLOMITI, NUOVA STAGIONE. APPUNTAMENTO QUINDICINALE IL GIOVEDI ALLE 10.30 E 19.00<\/h2>\n<\/blockquote>\n<p><strong><span style=\"color: #ff0000;\">LA NUOVA PUNTATA i corsi di formazione della Fondazione<\/span><\/strong><\/p>\n<audio class=\"wp-audio-shortcode\" id=\"audio-190129-15\" preload=\"none\" style=\"width: 100%;\" controls=\"controls\"><source type=\"audio\/mpeg\" src=\"https:\/\/www.radiopiu.net\/wordpress\/wp-content\/uploads\/2020\/10\/fatnastiche-dolomiti-28-gennaio.mp3?_=15\" \/><a href=\"https:\/\/www.radiopiu.net\/wordpress\/wp-content\/uploads\/2020\/10\/fatnastiche-dolomiti-28-gennaio.mp3\">https:\/\/www.radiopiu.net\/wordpress\/wp-content\/uploads\/2020\/10\/fatnastiche-dolomiti-28-gennaio.mp3<\/a><\/audio>\n<h3>LA RACCOLTA COMPLETA<\/h3>\n<blockquote class=\"wp-embedded-content\" data-secret=\"6tNgN9uZa2\"><p><a href=\"https:\/\/www.radiopiu.net\/wordpress\/https-wp-me-p63lo7-gyg\/\">FANTASTICHE DOLOMITI 7^ PUNTATA: IL QUINDICINALE APPUNTAMENTO ALLA RADIO<\/a><\/p><\/blockquote>\n<p><iframe loading=\"lazy\" class=\"wp-embedded-content\" sandbox=\"allow-scripts\" security=\"restricted\" style=\"position: absolute; clip: rect(1px, 1px, 1px, 1px);\" title=\"&#8220;FANTASTICHE DOLOMITI 7^ PUNTATA: IL QUINDICINALE APPUNTAMENTO ALLA RADIO&#8221; &#8212; Radio Pi\u00f9\" src=\"https:\/\/www.radiopiu.net\/wordpress\/https-wp-me-p63lo7-gyg\/embed\/#?secret=6tNgN9uZa2\" data-secret=\"6tNgN9uZa2\" width=\"600\" height=\"338\" frameborder=\"0\" marginwidth=\"0\" marginheight=\"0\" scrolling=\"no\"><\/iframe><\/p>\n<p>&nbsp;<\/p>\n<hr \/>\n<h2><\/h2>\n<h2><span style=\"color: #ff0000;\"><a href=\"https:\/\/www.radiopiu.net\/wordpress\/giornale-radiopiu-05-gennaio-2021-direttore-mirko-mezzacasa\/133200401_100838761953611_1258544160541445132_o-2\/\" rel=\"attachment wp-att-183078\"><img loading=\"lazy\" decoding=\"async\" class=\" wp-image-183078 alignleft\" src=\"https:\/\/www.radiopiu.net\/wordpress\/wp-content\/uploads\/2021\/01\/133200401_100838761953611_1258544160541445132_o-1-300x157.jpg\" alt=\"\" width=\"192\" height=\"101\" srcset=\"https:\/\/www.radiopiu.net\/wordpress\/wp-content\/uploads\/2021\/01\/133200401_100838761953611_1258544160541445132_o-1-300x157.jpg 300w, https:\/\/www.radiopiu.net\/wordpress\/wp-content\/uploads\/2021\/01\/133200401_100838761953611_1258544160541445132_o-1.jpg 526w\" sizes=\"auto, (max-width: 192px) 100vw, 192px\" \/><\/a>GOCCE DI FILOSOFIA, CON CHIARA CAU, CON LISA DE LUCA. <\/span><\/h2>\n<h2><span style=\"color: #ff0000;\">TUTTI I GIORNI DAL LUNEDI AL VENERDI ALLE 6.55 E ALLE 18.55<\/span><\/h2>\n<p><strong>PUNTATA 28<\/strong><\/p>\n<audio class=\"wp-audio-shortcode\" id=\"audio-190129-16\" preload=\"none\" style=\"width: 100%;\" controls=\"controls\"><source type=\"audio\/mpeg\" src=\"https:\/\/www.radiopiu.net\/wordpress\/wp-content\/uploads\/2021\/02\/FI3-1.mp3?_=16\" \/><a href=\"https:\/\/www.radiopiu.net\/wordpress\/wp-content\/uploads\/2021\/02\/FI3-1.mp3\">https:\/\/www.radiopiu.net\/wordpress\/wp-content\/uploads\/2021\/02\/FI3-1.mp3<\/a><\/audio>\n<h3>LA RACCOLTA COMPLETA<\/h3>\n<blockquote class=\"wp-embedded-content\" data-secret=\"8f6BUWs0rE\"><p><a href=\"https:\/\/www.radiopiu.net\/wordpress\/gocce-filosofia\/\">Gocce di filosofia<\/a><\/p><\/blockquote>\n<p><iframe loading=\"lazy\" class=\"wp-embedded-content\" sandbox=\"allow-scripts\" security=\"restricted\" style=\"position: absolute; clip: rect(1px, 1px, 1px, 1px);\" title=\"&#8220;Gocce di filosofia&#8221; &#8212; Radio Pi\u00f9\" src=\"https:\/\/www.radiopiu.net\/wordpress\/gocce-filosofia\/embed\/#?secret=8f6BUWs0rE\" data-secret=\"8f6BUWs0rE\" width=\"600\" height=\"338\" frameborder=\"0\" marginwidth=\"0\" marginheight=\"0\" scrolling=\"no\"><\/iframe><\/p>\n<p>&nbsp;<\/p>\n<hr \/>\n<p>&nbsp;<\/p>\n<div class=\"im_message_wrap clearfix\">\n<div class=\"im_content_message_wrap im_message_out\">\n<h2><span style=\"color: #ff0000;\">IERI ALLA RADIO\u00a0 IN VIVO VERSO 2020-21<\/span><\/h2>\n<p><strong><span style=\"color: #0000ff;\">IN ONDA DAL LUNEDI AL VENERDI ALLE 7.10, 10.10, 18.50\u00a0<\/span><\/strong><\/p>\n<blockquote class=\"wp-embedded-content\" data-secret=\"mtGRoZNCsd\"><p><a href=\"https:\/\/www.radiopiu.net\/wordpress\/neve-di-angelo-barilari\/\">NEVE di ANGELO BARILARI<\/a><\/p><\/blockquote>\n<p><iframe loading=\"lazy\" class=\"wp-embedded-content\" sandbox=\"allow-scripts\" security=\"restricted\" style=\"position: absolute; clip: rect(1px, 1px, 1px, 1px);\" title=\"&#8220;NEVE di ANGELO BARILARI&#8221; &#8212; Radio Pi\u00f9\" src=\"https:\/\/www.radiopiu.net\/wordpress\/neve-di-angelo-barilari\/embed\/#?secret=mtGRoZNCsd\" data-secret=\"mtGRoZNCsd\" width=\"600\" height=\"338\" frameborder=\"0\" marginwidth=\"0\" marginheight=\"0\" scrolling=\"no\"><\/iframe><\/p>\n<p><strong>LA RACCOLTA<\/strong><\/p>\n<blockquote class=\"wp-embedded-content\" data-secret=\"kKHgZtQ5iF\"><p><a href=\"https:\/\/www.radiopiu.net\/wordpress\/in-vivo-verso\/\">In Vivo Verso<\/a><\/p><\/blockquote>\n<p><iframe loading=\"lazy\" class=\"wp-embedded-content\" sandbox=\"allow-scripts\" security=\"restricted\" style=\"position: absolute; clip: rect(1px, 1px, 1px, 1px);\" title=\"&#8220;In Vivo Verso&#8221; &#8212; Radio Pi\u00f9\" src=\"https:\/\/www.radiopiu.net\/wordpress\/in-vivo-verso\/embed\/#?secret=kKHgZtQ5iF\" data-secret=\"kKHgZtQ5iF\" width=\"600\" height=\"338\" frameborder=\"0\" marginwidth=\"0\" marginheight=\"0\" scrolling=\"no\"><\/iframe><\/p>\n<p>&nbsp;<\/p>\n<\/div>\n<\/div>\n<hr \/>\n<p>&nbsp;<\/p>\n<h2><span style=\"color: #808000;\">DUE MINUTI UN LIBRO\u00a0 TUTTI I GIORNI ALLA RADIO ALLE 9.30 E ALLE 18. QUINTA STAGIONE\u00a0\u00a0<\/span><\/h2>\n<blockquote class=\"wp-embedded-content\" data-secret=\"cpxdRtr8Mu\"><p><a href=\"https:\/\/www.radiopiu.net\/wordpress\/lombra-di-iside\/\">L&#8217;OMBRA DI ISIDE<\/a><\/p><\/blockquote>\n<p><iframe loading=\"lazy\" class=\"wp-embedded-content\" sandbox=\"allow-scripts\" security=\"restricted\" style=\"position: absolute; clip: rect(1px, 1px, 1px, 1px);\" title=\"&#8220;L&#8217;OMBRA DI ISIDE&#8221; &#8212; Radio Pi\u00f9\" src=\"https:\/\/www.radiopiu.net\/wordpress\/lombra-di-iside\/embed\/#?secret=cpxdRtr8Mu\" data-secret=\"cpxdRtr8Mu\" width=\"600\" height=\"338\" frameborder=\"0\" marginwidth=\"0\" marginheight=\"0\" scrolling=\"no\"><\/iframe><\/p>\n<h3><span style=\"color: #808000;\">\u00a0<\/span>LA RACCOLTA COMPLETA<\/h3>\n<blockquote class=\"wp-embedded-content\" data-secret=\"DBQtFOgHxx\"><p><a href=\"https:\/\/www.radiopiu.net\/wordpress\/due-minuti-un-libro\/\">Due minuti un libro<\/a><\/p><\/blockquote>\n<p><iframe loading=\"lazy\" class=\"wp-embedded-content\" sandbox=\"allow-scripts\" security=\"restricted\" style=\"position: absolute; clip: rect(1px, 1px, 1px, 1px);\" title=\"&#8220;Due minuti un libro&#8221; &#8212; Radio Pi\u00f9\" src=\"https:\/\/www.radiopiu.net\/wordpress\/due-minuti-un-libro\/embed\/#?secret=DBQtFOgHxx\" data-secret=\"DBQtFOgHxx\" width=\"600\" height=\"338\" frameborder=\"0\" marginwidth=\"0\" marginheight=\"0\" scrolling=\"no\"><\/iframe><\/p>\n<p>&nbsp;<\/p>\n<hr \/>\n<p>&nbsp;<\/p>\n<p>&nbsp;<\/p>\n<blockquote>\n<h2>CASSA SOLIDARIET\u00c0 LUXOTTICA<\/h2>\n<\/blockquote>\n<h3><strong><span style=\"color: #ff0000;\">IL NUMERO DI GENNAIO CON PAOLO CHISSALE&#8217; E FABRIZIO CAMPEDEL\u00a0\u00a0<\/span><\/strong><\/h3>\n<audio class=\"wp-audio-shortcode\" id=\"audio-190129-17\" preload=\"none\" style=\"width: 100%;\" controls=\"controls\"><source type=\"audio\/mpeg\" src=\"https:\/\/www.radiopiu.net\/wordpress\/wp-content\/uploads\/2021\/01\/ca-sol-lux-gennaio.mp3?_=17\" \/><a href=\"https:\/\/www.radiopiu.net\/wordpress\/wp-content\/uploads\/2021\/01\/ca-sol-lux-gennaio.mp3\">https:\/\/www.radiopiu.net\/wordpress\/wp-content\/uploads\/2021\/01\/ca-sol-lux-gennaio.mp3<\/a><\/audio>\n<blockquote>\n<h2>RACCOLTA COMPLETA<\/h2>\n<\/blockquote>\n<blockquote class=\"wp-embedded-content\" data-secret=\"PRtuuR0W2n\"><p><a href=\"https:\/\/www.radiopiu.net\/wordpress\/cassa-solidarieta-luxottica-puntata-del-16-ottobre-2020\/\">CASSA SOLIDARIET\u00c0 LUXOTTICA &#8211; PUNTATA DEL 20 NOVEMBRE 2020<\/a><\/p><\/blockquote>\n<p><iframe loading=\"lazy\" class=\"wp-embedded-content\" sandbox=\"allow-scripts\" security=\"restricted\" style=\"position: absolute; clip: rect(1px, 1px, 1px, 1px);\" title=\"&#8220;CASSA SOLIDARIET\u00c0 LUXOTTICA &#8211; PUNTATA DEL 20 NOVEMBRE 2020&#8221; &#8212; Radio Pi\u00f9\" src=\"https:\/\/www.radiopiu.net\/wordpress\/cassa-solidarieta-luxottica-puntata-del-16-ottobre-2020\/embed\/#?secret=PRtuuR0W2n\" data-secret=\"PRtuuR0W2n\" width=\"600\" height=\"338\" frameborder=\"0\" marginwidth=\"0\" marginheight=\"0\" scrolling=\"no\"><\/iframe><\/p>\n<p>&nbsp;<\/p>\n<div>\n<p>&nbsp;<\/p>\n<hr \/>\n<p>&nbsp;<\/p>\n<blockquote>\n<h3><a href=\"https:\/\/www.radiopiu.net\/wordpress\/giornale-radiopiu-06-febbraio-2019-direttore-mirko-mezzacasa\/logo_spi-cgil-800x445\/\" rel=\"attachment wp-att-75538\"><img loading=\"lazy\" decoding=\"async\" class=\"wp-image-75538 alignleft\" src=\"https:\/\/www.radiopiu.net\/wordpress\/wp-content\/uploads\/2019\/02\/Logo_Spi-CGIL-800x445-300x167.jpg\" alt=\"\" width=\"210\" height=\"117\" srcset=\"https:\/\/www.radiopiu.net\/wordpress\/wp-content\/uploads\/2019\/02\/Logo_Spi-CGIL-800x445-300x167.jpg 300w, https:\/\/www.radiopiu.net\/wordpress\/wp-content\/uploads\/2019\/02\/Logo_Spi-CGIL-800x445-768x427.jpg 768w, https:\/\/www.radiopiu.net\/wordpress\/wp-content\/uploads\/2019\/02\/Logo_Spi-CGIL-800x445.jpg 800w\" sizes=\"auto, (max-width: 210px) 100vw, 210px\" \/><\/a>ALLA RADIO, APPUNTAMENTO QUINDICINALE CON SPI-CGIL BELLUNO, IN STUDIO MARIA RITA GENTILIN<\/h3>\n<\/blockquote>\n<p><strong>di Claudio Fontanive<\/strong><\/p>\n<audio class=\"wp-audio-shortcode\" id=\"audio-190129-18\" preload=\"none\" style=\"width: 100%;\" controls=\"controls\"><source type=\"audio\/mpeg\" src=\"https:\/\/www.radiopiu.net\/wordpress\/wp-content\/uploads\/2021\/02\/spi-cgil-4-febbraio.mp3?_=18\" \/><a href=\"https:\/\/www.radiopiu.net\/wordpress\/wp-content\/uploads\/2021\/02\/spi-cgil-4-febbraio.mp3\">https:\/\/www.radiopiu.net\/wordpress\/wp-content\/uploads\/2021\/02\/spi-cgil-4-febbraio.mp3<\/a><\/audio>\n<p>&nbsp;<\/p>\n<hr \/>\n<p>&nbsp;<\/p>\n<blockquote>\n<h2><a href=\"https:\/\/www.radiopiu.net\/wordpress\/speciale-solidarieta-veneto\/solidarieta-veneto-3\/\" rel=\"attachment wp-att-134366\"><img loading=\"lazy\" decoding=\"async\" class=\"wp-image-134366 alignleft\" src=\"https:\/\/www.radiopiu.net\/wordpress\/wp-content\/uploads\/2020\/05\/solidariet\u00e0-veneto-300x210.jpg\" alt=\"\" width=\"102\" height=\"71\" srcset=\"https:\/\/www.radiopiu.net\/wordpress\/wp-content\/uploads\/2020\/05\/solidariet\u00e0-veneto-300x210.jpg 300w, https:\/\/www.radiopiu.net\/wordpress\/wp-content\/uploads\/2020\/05\/solidariet\u00e0-veneto-1024x717.jpg 1024w, https:\/\/www.radiopiu.net\/wordpress\/wp-content\/uploads\/2020\/05\/solidariet\u00e0-veneto-768x538.jpg 768w, https:\/\/www.radiopiu.net\/wordpress\/wp-content\/uploads\/2020\/05\/solidariet\u00e0-veneto.jpg 1373w\" sizes=\"auto, (max-width: 102px) 100vw, 102px\" \/><\/a>SOLIDARIETA&#8217; VENETO FONDO PENSIONE, IN ONDA IL PRIMO VENERDI DEL MESE ALLE 10.30 E ALLE 19.00 QUINTA STAGIONE<\/h2>\n<\/blockquote>\n<p><strong>AUDIO FEBBRAIO 2021<\/strong><\/p>\n<audio class=\"wp-audio-shortcode\" id=\"audio-190129-19\" preload=\"none\" style=\"width: 100%;\" controls=\"controls\"><source type=\"audio\/mpeg\" src=\"https:\/\/www.radiopiu.net\/wordpress\/wp-content\/uploads\/2021\/02\/solidarieta-veneto-febbraio.mp3?_=19\" \/><a href=\"https:\/\/www.radiopiu.net\/wordpress\/wp-content\/uploads\/2021\/02\/solidarieta-veneto-febbraio.mp3\">https:\/\/www.radiopiu.net\/wordpress\/wp-content\/uploads\/2021\/02\/solidarieta-veneto-febbraio.mp3<\/a><\/audio>\n<p>&nbsp;<\/p>\n<blockquote>\n<h2>RACCOLTA COMPLETA<\/h2>\n<\/blockquote>\n<blockquote class=\"wp-embedded-content\" data-secret=\"tWaCVsYqs9\"><p><a href=\"https:\/\/www.radiopiu.net\/wordpress\/solidarieta-veneto\/\">Solidariet\u00e0 Veneto<\/a><\/p><\/blockquote>\n<p><iframe loading=\"lazy\" class=\"wp-embedded-content\" sandbox=\"allow-scripts\" security=\"restricted\" style=\"position: absolute; clip: rect(1px, 1px, 1px, 1px);\" title=\"&#8220;Solidariet\u00e0 Veneto&#8221; &#8212; Radio Pi\u00f9\" src=\"https:\/\/www.radiopiu.net\/wordpress\/solidarieta-veneto\/embed\/#?secret=tWaCVsYqs9\" data-secret=\"tWaCVsYqs9\" width=\"600\" height=\"338\" frameborder=\"0\" marginwidth=\"0\" marginheight=\"0\" scrolling=\"no\"><\/iframe><\/p>\n<p>&nbsp;<\/p>\n<hr \/>\n<p>&nbsp;<\/p>\n<h2><span style=\"color: #800080;\"><strong>LA RASSEGNA STAMPA DA L&#8217;AMICO DEL POPOLO\u00a0<\/strong><\/span><\/h2>\n<h3 class=\"kvgmc6g5 cxmmr5t8 oygrvhab hcukyx3x c1et5uql\"><span style=\"color: #0000ff;\"> INFORMAZIONE il canale su TELEGRAM informazione di prima mano e in tempo reale. iscriviti ed aiutaci a farlo conoscere\u00a0<\/span><\/h3>\n<p><strong><a href=\"https:\/\/www.radiopiu.net\/wordpress\/giornale-radiopiu-20-marzo-2017-direttore-mirko-mezzacasa\/santin\/\" rel=\"attachment wp-att-29973\"><img loading=\"lazy\" decoding=\"async\" class=\"size-medium wp-image-29973 alignleft\" src=\"https:\/\/www.radiopiu.net\/wordpress\/wp-content\/uploads\/2017\/03\/SANTIN-300x169.jpg\" alt=\"\" width=\"300\" height=\"169\" \/><\/a>di Gianni Santomaso<\/strong><\/p>\n<p>OSPITE: Mariachiara Santin, Amministratore Unico di ASCA<\/p>\n<audio class=\"wp-audio-shortcode\" id=\"audio-190129-20\" preload=\"none\" style=\"width: 100%;\" controls=\"controls\"><source type=\"audio\/mpeg\" src=\"https:\/\/www.radiopiu.net\/wordpress\/wp-content\/uploads\/2021\/02\/RASSEGNA-GIANNI.mp3?_=20\" \/><a href=\"https:\/\/www.radiopiu.net\/wordpress\/wp-content\/uploads\/2021\/02\/RASSEGNA-GIANNI.mp3\">https:\/\/www.radiopiu.net\/wordpress\/wp-content\/uploads\/2021\/02\/RASSEGNA-GIANNI.mp3<\/a><\/audio>\n<p>&nbsp;<\/p>\n<p><strong>LA RACCOLTA COMPLETA<\/strong><\/p>\n<blockquote class=\"wp-embedded-content\" data-secret=\"fNLrvwxFZR\"><p><a href=\"https:\/\/www.radiopiu.net\/wordpress\/rassegna-stampa-di-gianni-santomaso\/\">Rassegna stampa da l&#8217;amico del popolo &#8211; di Gianni Santomaso<\/a><\/p><\/blockquote>\n<p><iframe loading=\"lazy\" class=\"wp-embedded-content\" sandbox=\"allow-scripts\" security=\"restricted\" style=\"position: absolute; clip: rect(1px, 1px, 1px, 1px);\" title=\"&#8220;Rassegna stampa da l&#8217;amico del popolo &#8211; di Gianni Santomaso&#8221; &#8212; Radio Pi\u00f9\" src=\"https:\/\/www.radiopiu.net\/wordpress\/rassegna-stampa-di-gianni-santomaso\/embed\/#?secret=fNLrvwxFZR\" data-secret=\"fNLrvwxFZR\" width=\"600\" height=\"338\" frameborder=\"0\" marginwidth=\"0\" marginheight=\"0\" scrolling=\"no\"><\/iframe><\/p>\n<p>&nbsp;<\/p>\n<p>&nbsp;<\/p>\n<hr \/>\n<p>&nbsp;<\/p>\n<p>&nbsp;<\/p>\n<div>\n<h2><span style=\"color: #33cccc;\">I RACCONTI DI PAOLO SOPPELSA il lunedi alle 9.30 e 18.30<\/span><\/h2>\n<blockquote class=\"wp-embedded-content\" data-secret=\"FpyNoymxt6\"><p><a href=\"https:\/\/www.radiopiu.net\/wordpress\/i-racconti-di-paolo-soppelsa-sessantunesima-puntata\/\">I RACCONTI DI PAOLO SOPPELSA SESSANTUNESIMA PUNTATA<\/a><\/p><\/blockquote>\n<p><iframe loading=\"lazy\" class=\"wp-embedded-content\" sandbox=\"allow-scripts\" security=\"restricted\" style=\"position: absolute; clip: rect(1px, 1px, 1px, 1px);\" title=\"&#8220;I RACCONTI DI PAOLO SOPPELSA SESSANTUNESIMA PUNTATA&#8221; &#8212; Radio Pi\u00f9\" src=\"https:\/\/www.radiopiu.net\/wordpress\/i-racconti-di-paolo-soppelsa-sessantunesima-puntata\/embed\/#?secret=FpyNoymxt6\" data-secret=\"FpyNoymxt6\" width=\"600\" height=\"338\" frameborder=\"0\" marginwidth=\"0\" marginheight=\"0\" scrolling=\"no\"><\/iframe><\/p>\n<h3 class=\"kvgmc6g5 cxmmr5t8 oygrvhab hcukyx3x c1et5uql\"><span style=\"color: #0000ff;\">INFORMAZIONE il canale su TELEGRAM informazione di prima mano e in tempo reale. iscriviti ed aiutaci a farlo conoscere\u00a0<\/span><\/h3>\n<h2><span style=\"color: #33cccc;\"><strong>RACCOLTA COMPLETA<\/strong><\/span><\/h2>\n<blockquote class=\"wp-embedded-content\" data-secret=\"3fwDzkePdb\"><p><a href=\"https:\/\/www.radiopiu.net\/wordpress\/i-racconti-di-paolo-soppelsa\/\">I racconti di Paolo Soppelsa<\/a><\/p><\/blockquote>\n<p><iframe loading=\"lazy\" class=\"wp-embedded-content\" sandbox=\"allow-scripts\" security=\"restricted\" style=\"position: absolute; clip: rect(1px, 1px, 1px, 1px);\" title=\"&#8220;I racconti di Paolo Soppelsa&#8221; &#8212; Radio Pi\u00f9\" src=\"https:\/\/www.radiopiu.net\/wordpress\/i-racconti-di-paolo-soppelsa\/embed\/#?secret=3fwDzkePdb\" data-secret=\"3fwDzkePdb\" width=\"600\" height=\"338\" frameborder=\"0\" marginwidth=\"0\" marginheight=\"0\" scrolling=\"no\"><\/iframe><\/p>\n<\/div>\n<p>&nbsp;<\/p>\n<hr \/>\n<p>&nbsp;<\/p>\n<blockquote>\n<h3><a href=\"https:\/\/www.radiopiu.net\/wordpress\/almanacco-ladino-puntata-5-2020\/sn\/\" rel=\"attachment wp-att-180931\"><img loading=\"lazy\" decoding=\"async\" class=\"wp-image-180931 alignleft\" src=\"https:\/\/www.radiopiu.net\/wordpress\/wp-content\/uploads\/2020\/12\/sn-300x194.jpg\" alt=\"\" width=\"181\" height=\"117\" srcset=\"https:\/\/www.radiopiu.net\/wordpress\/wp-content\/uploads\/2020\/12\/sn-300x194.jpg 300w, https:\/\/www.radiopiu.net\/wordpress\/wp-content\/uploads\/2020\/12\/sn.jpg 626w\" sizes=\"auto, (max-width: 181px) 100vw, 181px\" \/><\/a>L&#8217;ALMANACCO LADINO CON L&#8217;ISTITUT CESA DE JAN QUINDICINALE APPUNTAMENTO. LA DOMENICA ALLE 9 IL LUNEDI ALLE 8.35 IL MARTEDI ALLE 12.35 IL MERCOLEDI ALLE 18.35. SECONDA STAGIONE.<\/h3>\n<\/blockquote>\n<p><strong>RACCOLTA COMPLETA\u00a0<\/strong><\/p>\n<blockquote class=\"wp-embedded-content\" data-secret=\"jMv5y7ttkN\"><p><a href=\"https:\/\/www.radiopiu.net\/wordpress\/almanacco-ladino\/\">Almanacco Ladino<\/a><\/p><\/blockquote>\n<p><iframe loading=\"lazy\" class=\"wp-embedded-content\" sandbox=\"allow-scripts\" security=\"restricted\" style=\"position: absolute; clip: rect(1px, 1px, 1px, 1px);\" title=\"&#8220;Almanacco Ladino&#8221; &#8212; Radio Pi\u00f9\" src=\"https:\/\/www.radiopiu.net\/wordpress\/almanacco-ladino\/embed\/#?secret=jMv5y7ttkN\" data-secret=\"jMv5y7ttkN\" width=\"600\" height=\"338\" frameborder=\"0\" marginwidth=\"0\" marginheight=\"0\" scrolling=\"no\"><\/iframe><\/p>\n<p>&nbsp;<\/p>\n<\/div>\n<hr \/>\n<div>\n<h2><span style=\"color: #000080;\"><a class=\"dt-pswp-item\" href=\"https:\/\/www.radiopiu.net\/wordpress\/wp-content\/uploads\/2020\/10\/pp.jpg\" data-dt-img-description=\"\" data-large_image_width=\"640\" data-large_image_height=\"640\"><img loading=\"lazy\" decoding=\"async\" class=\"wp-image-163678 alignleft\" src=\"https:\/\/www.radiopiu.net\/wordpress\/wp-content\/uploads\/2020\/10\/pp-300x300.jpg\" alt=\"\" width=\"106\" height=\"106\" srcset=\"https:\/\/www.radiopiu.net\/wordpress\/wp-content\/uploads\/2020\/10\/pp-300x300.jpg 300w, https:\/\/www.radiopiu.net\/wordpress\/wp-content\/uploads\/2020\/10\/pp-150x150.jpg 150w, https:\/\/www.radiopiu.net\/wordpress\/wp-content\/uploads\/2020\/10\/pp-125x125.jpg 125w, https:\/\/www.radiopiu.net\/wordpress\/wp-content\/uploads\/2020\/10\/pp-200x200.jpg 200w, https:\/\/www.radiopiu.net\/wordpress\/wp-content\/uploads\/2020\/10\/pp-80x80.jpg 80w, https:\/\/www.radiopiu.net\/wordpress\/wp-content\/uploads\/2020\/10\/pp-480x480.jpg 480w, https:\/\/www.radiopiu.net\/wordpress\/wp-content\/uploads\/2020\/10\/pp.jpg 640w\" sizes=\"auto, (max-width: 106px) 100vw, 106px\" \/><\/a> <\/span><\/h2>\n<h2><span style=\"color: #000080;\">DON CESARE, IL PENSIERO DEL GIORNO. ALLA RADIO ALLE 7 DEL MATTINO E ALLE 19.30 DELLA SERA.\u00a0\u00a0<\/span><\/h2>\n<p>&nbsp;<\/p>\n<\/div>\n<p>&nbsp;<\/p>\n<p>&nbsp;<\/p>\n<audio class=\"wp-audio-shortcode\" id=\"audio-190129-21\" preload=\"none\" style=\"width: 100%;\" controls=\"controls\"><source type=\"audio\/mpeg\" src=\"https:\/\/www.radiopiu.net\/wordpress\/wp-content\/uploads\/2021\/02\/CESARE-8.mp3?_=21\" \/><a href=\"https:\/\/www.radiopiu.net\/wordpress\/wp-content\/uploads\/2021\/02\/CESARE-8.mp3\">https:\/\/www.radiopiu.net\/wordpress\/wp-content\/uploads\/2021\/02\/CESARE-8.mp3<\/a><\/audio>\n<hr \/>\n<p>&nbsp;<\/p>\n<div>\n<p class=\"photoswipe-wrapper\"><a class=\"dt-pswp-item pspw-wrap-ready\" href=\"https:\/\/i0.wp.com\/www.radiopiu.net\/wordpress\/wp-content\/uploads\/2018\/09\/viabilita.jpeg?ssl=1\" data-dt-img-description=\"\" data-large_image_width=\"800\" data-large_image_height=\"100\"><img loading=\"lazy\" decoding=\"async\" class=\"aligncenter wp-image-61954 size-full\" src=\"https:\/\/i0.wp.com\/www.radiopiu.net\/wordpress\/wp-content\/uploads\/2018\/09\/viabilita.jpeg?resize=800%2C100&amp;ssl=1\" sizes=\"auto, (max-width: 800px) 100vw, 800px\" srcset=\"https:\/\/i0.wp.com\/www.radiopiu.net\/wordpress\/wp-content\/uploads\/2018\/09\/viabilita.jpeg?w=800&amp;ssl=1 800w, https:\/\/i0.wp.com\/www.radiopiu.net\/wordpress\/wp-content\/uploads\/2018\/09\/viabilita.jpeg?resize=300%2C38&amp;ssl=1 300w, https:\/\/i0.wp.com\/www.radiopiu.net\/wordpress\/wp-content\/uploads\/2018\/09\/viabilita.jpeg?resize=768%2C96&amp;ssl=1 768w\" alt=\"\" width=\"800\" height=\"100\" \/><\/a><\/p>\n<\/div>\n<p>&nbsp;<\/p>\n<p><strong>SP 251 DELLA VAL DI ZOLDO E CELLINA<\/strong> Istituzione di senso unico alternato regolato da semaforo nel comune di Val di Zoldo per messa in sicurezza della strada<\/p>\n<p><strong>SP 473 DI CROCE D&#8217;AUNE<\/strong> interruzioni al traffico della durata massima di 20 minuti tra Ponte Otra e Sovramonte dal 26 al 29 gennaio, dalle 8:30 alle 17, per consentire taglio alberature pericolose e messa in sicurezza della strada<\/p>\n<p><strong>SP 1 MADONNA DEL PIAVE <\/strong>senso unico alternato regolato da semaforo fino al 15 gennaio in comune di Quero Vas per realizzazione tombinatura<\/p>\n<p><strong>SP 42 CAVALLERA<\/strong> fino a revoca, chiusura della strada nell&#8217;abitato di Perarolo per attivazione emergenza frana &#8220;Busa del Cristo&#8221;<\/p>\n<p><strong>S.P.2 DELLA VALLE DEL MIS\u00a0<\/strong>Interdizione totale al traffico fino a revoca dal km 14,920 (localit\u00e0 Gona Bassa) al km 20,650 (localit\u00e0 Titele) per cedimento della carreggiata<\/p>\n<p><strong>S.P. 5 DI LAMOSANO<\/strong>\u00a0Interdizione totale fino a revoca per presenza di materiale e alberi in strada.<\/p>\n<p><strong>S.P. 251 DI VAL DI ZOLDO E VAL CELLINA\u00a0<\/strong>dalla localit\u00e0 Soffranco fino all&#8217;imbocco nord della galleria S. Giovanni interdizione totale al transito per cedimento della carreggiata<\/p>\n<p><strong>SP 3 DELLA VAL IMPERINA<\/strong> fino a revoca, senso unico alternato regolato a vista in localit\u00e0 Gona di Conedera di Rivamonte per cedimento della carreggiata stradale<\/p>\n<p>&nbsp;<\/p>\n<div>\n<hr \/>\n<p>&nbsp;<\/p>\n<p class=\"photoswipe-wrapper\"><a class=\"dt-pswp-item pspw-wrap-ready\" href=\"https:\/\/i0.wp.com\/www.radiopiu.net\/wordpress\/wp-content\/uploads\/2018\/09\/WhatsApp-Image-2018-09-20-at-16.04.06.jpeg?ssl=1\" data-dt-img-description=\"\" data-large_image_width=\"800\" data-large_image_height=\"100\"><img loading=\"lazy\" decoding=\"async\" class=\"aligncenter wp-image-61378 size-full jetpack-lazy-image jetpack-lazy-image--handled\" src=\"https:\/\/i0.wp.com\/www.radiopiu.net\/wordpress\/wp-content\/uploads\/2018\/09\/WhatsApp-Image-2018-09-20-at-16.04.06.jpeg?resize=800%2C100&amp;ssl=1\" sizes=\"auto, (max-width: 800px) 100vw, 800px\" srcset=\"https:\/\/i0.wp.com\/www.radiopiu.net\/wordpress\/wp-content\/uploads\/2018\/09\/WhatsApp-Image-2018-09-20-at-16.04.06.jpeg?w=800&amp;ssl=1 800w, https:\/\/i0.wp.com\/www.radiopiu.net\/wordpress\/wp-content\/uploads\/2018\/09\/WhatsApp-Image-2018-09-20-at-16.04.06.jpeg?resize=300%2C38&amp;ssl=1 300w, https:\/\/i0.wp.com\/www.radiopiu.net\/wordpress\/wp-content\/uploads\/2018\/09\/WhatsApp-Image-2018-09-20-at-16.04.06.jpeg?resize=768%2C96&amp;ssl=1 768w\" alt=\"\" width=\"800\" height=\"100\" data-lazy-loaded=\"1\" \/><\/a><\/p>\n<p><b>\u00a0<\/b><\/p>\n<p><b>Giovedi 11<\/b> <b>Tempo atteso: <\/b>Netto miglioramento del tempo con qualche residuo annuvolamento verso nord all&#8217;alba, poi tempo ben soleggiato con cielo sereno, aria tersa ed ottima visibilit\u00e0 sulle Dolomiti. Situazione diversa sulle Prealpi con ritorno della nuvolosit\u00e0 per addensamenti associati a nuovi fenomeni, dopo il sole del mattino. Atmosfera assai pi\u00f9 fredda in quota, anche ventosa con probabile effetto wind chill (temperatura avvertita per raffreddamento da vento), mentre il Foehn determiner\u00e0 un contesto favorevole agli sbalzi termici.<br \/>\n<b>Precipitazioni: <\/b>Assenti sulle Dolomiti (0%), mentre sulle Prealpi ripresa delle precipitazioni al pomeriggio\/sera con rovesci, pi\u00f9 probabili su Prealpi veronesi e vicentine (60\/70%), meno sulle quelle bellunesi (30\/40%), nevosi inizialmente sopra i 500\/700 m, anche a quote pi\u00f9 basse alla sera (200 m).<br \/>\n<b>Temperature: <\/b>In generale diminuzione con minime osservate alla sera, eccetto le massime nelle valli per improvvisi rialzi in relazione agli episodi di Foehn. Su Prealpi a 1500 m min -7\u00b0C max -3\u00b0C, a 2000 m min -10\u00b0C max -6\u00b0C. Su Dolomiti a 2000 m min -11\u00b0C max -7\u00b0C, a 3000 m min -16\u00b0C max -13\u00b0C.<br \/>\n<b>Venti: <\/b>Nelle valli perlopi\u00f9 moderati dai quadranti settentrionali con improvvise raffiche di Foehn; in quota moderati\/tesi da nord-ovest tra la notte ed il primo mattino, in contenuto rinforzo nel corso della mattinata, a tratti forti sopra i 2000\/2400 m, a 20-40 km\/h a 2000 m e 45-65 km\/h a 3000 m, con raffiche sui 70\/75 km a 3000 m.<\/p>\n<hr \/>\n<p><b>Venerdi 12<\/b> <b>Tempo atteso: <\/b>Nuvolosit\u00e0 stratiformi irregolare in aumento nel corso della mattinata sia sulle Dolomiti che sulle Prealpi, associata qualche fiocco di neve. Dalle ore centrali in poi diradamento della nuvolosit\u00e0 e rasserenamenti sempre pi\u00f9 ampi fino a cielo sereno da met\u00e0 pomeriggio in poi. Far\u00e0 sempre pi\u00f9 freddo alle quote medio-basse con gelo persistente fino nei fondovalle prealpini.<br \/>\n<b>Precipitazioni: <\/b>Probabilit\u00e0 di qualche fiocco di neve tra Dolomiti e Prealpi in mattinata (20\/40%) con apporti irrisori, al pomeriggio le precipitazioni torneranno a essere assenti (0%).<br \/>\n<b>Temperature: <\/b>In ulteriore diminuzione, specie alle quote medio-basse, mentre potrebbero rimanere pressoch\u00e9 stazionarie sopra i 2400\/2600 m. Su Prealpi a 1500 m min -10\u00b0C max -9\u00b0C, a 2000 m min -12\u00b0C max -10\u00b0C. Su Dolomiti a 2000 m min -13\u00b0C max -11\u00b0C, a 3000 m min -16\u00b0C max -13\u00b0C.<br \/>\n<b>Venti: <\/b>Deboli di direzione variabile nelle valli, localmente e a tratti moderati per residui episodi di Foehn in quelle orientate nord-sud; Venti moderati da nord-ovest in alta quota, a tratti tesi sui 3000 m, da sud-est sotto i 1500 m, a 10-15 km\/h a 2000 m e 20-30 km\/h a 3000 m.<\/p>\n<hr \/>\n<p><b>Sabato 13<\/b>Splendida giornata soleggiata con cielo sereno, aria tersa ed ottima visibilit\u00e0. L&#8217;atmosfera sar\u00e0 gelida, anche in giornata e il gelo sar\u00e0 persistente fino nei fondovalle prealpini. Venti deboli di direzione variabile nelle valli, salvo rinforzi per brezze notturne in alcuni settori prealpini; deboli\/moderati da nord-est in alta quota.<\/p>\n<hr \/>\n<p><b>Domenica 14<\/b>Altra splendida giornata soleggiata con cielo sereno, aria tersa ed ottima visibilit\u00e0. L&#8217;atmosfera sar\u00e0 gelida in montagna, un po&#8217; meno in giornata nei fondovalle per lieve rialzo delle temperature massime. Venti deboli di direzione variabile nelle valli, salvo rinforzi per brezze notturne in alcuni settori prealpini; deboli\/moderati da nord-est in alta quota. Previsore: R.L.Th.<\/p>\n<p>&nbsp;<\/p>\n<p>&nbsp;<\/p>\n<\/div>\n<\/div>\n<p><a href=\"https:\/\/www.radiopiu.net\/wordpress\/giornale-radiopiu-15-settembre-2018-direttore-mirko-mezzacasa\/sport-7\/\" rel=\"attachment wp-att-60761\"><img loading=\"lazy\" decoding=\"async\" class=\"aligncenter wp-image-60761 size-full\" src=\"https:\/\/www.radiopiu.net\/wordpress\/wp-content\/uploads\/2018\/09\/sport.jpg\" alt=\"\" width=\"800\" height=\"100\" srcset=\"https:\/\/www.radiopiu.net\/wordpress\/wp-content\/uploads\/2018\/09\/sport.jpg 800w, https:\/\/www.radiopiu.net\/wordpress\/wp-content\/uploads\/2018\/09\/sport-300x38.jpg 300w, https:\/\/www.radiopiu.net\/wordpress\/wp-content\/uploads\/2018\/09\/sport-768x96.jpg 768w\" sizes=\"auto, (max-width: 800px) 100vw, 800px\" \/><\/a><\/p>\n<p>&nbsp;<\/p>\n<blockquote>\n<h3>IL MERANO STRAPPA IL BIGLIETTO PER LA FINALE DI COPPA ITALIA, L\u2019ALLEGHE CI PROVA MA PAGA CARO GLI ERRORI<\/h3>\n<\/blockquote>\n<p><a href=\"https:\/\/www.radiopiu.net\/wordpress\/seconda-sconfitta-per-lalleghe-nel-qualification-round-ihl\/hockey-stick-and-puck\/\" rel=\"attachment wp-att-71463\"><img loading=\"lazy\" decoding=\"async\" class=\"size-medium wp-image-71463 alignleft\" src=\"https:\/\/www.radiopiu.net\/wordpress\/wp-content\/uploads\/2019\/01\/AE7A9D38-59B1-49C9-9B49-6662F54D0440-300x300.jpeg\" alt=\"\" width=\"300\" height=\"300\" srcset=\"https:\/\/www.radiopiu.net\/wordpress\/wp-content\/uploads\/2019\/01\/AE7A9D38-59B1-49C9-9B49-6662F54D0440-300x300.jpeg 300w, https:\/\/www.radiopiu.net\/wordpress\/wp-content\/uploads\/2019\/01\/AE7A9D38-59B1-49C9-9B49-6662F54D0440-150x150.jpeg 150w, https:\/\/www.radiopiu.net\/wordpress\/wp-content\/uploads\/2019\/01\/AE7A9D38-59B1-49C9-9B49-6662F54D0440-768x768.jpeg 768w, https:\/\/www.radiopiu.net\/wordpress\/wp-content\/uploads\/2019\/01\/AE7A9D38-59B1-49C9-9B49-6662F54D0440-1024x1024.jpeg 1024w, https:\/\/www.radiopiu.net\/wordpress\/wp-content\/uploads\/2019\/01\/AE7A9D38-59B1-49C9-9B49-6662F54D0440.jpeg 1300w\" sizes=\"auto, (max-width: 300px) 100vw, 300px\" \/><\/a>MERANO &#8211; ALLEGHE 5-1<\/p>\n<p>PARZIALI: 2-1, 3-0, 0-0<\/p>\n<p>GOL: pt. 6\u201905\u201d Borgatello, 8\u201941\u201d Kiviranta, 14\u201949\u201d O. Ahlstroem. st. 0\u201956\u201d Borgatello, 14\u201948\u201d Borgatello, 15\u201938\u201d Pfoestl.<\/p>\n<p><strong>MERANO<\/strong> Il Merano strappa il biglietto per la finalissima di Coppa Italia. Alla MeranArena i padroni di casa fanno la voce grossa contro un Alleghe che ce l\u2019ha messa tutta per evitare un ampio divario. Agordini che tengono alto il ritmo di gara ma le troppe penalit\u00e0 e l\u2019imprecisione sotto porta fanno si che la squadra di Matikainen non riesca a tenere il passo degli altoatesini. Le squadre si studiano nella prima parte di gara. Il Merano sembra avere la meglio alla prima superiorit\u00e0 numerica con gli altoatesini che prendono di mira il portiere agordino. Il match si sblocca con un siluro di Borgatello, imprendibile per Scola. Padroni di casa che prendono in mano la partita e civette che provano a colpire in contropiede. Anche l\u2019Alleghe sfrutta un powerplay per pareggiare i conti. Conclusione di Giolai e rebound vincente di Kiviranta. Continuano a scattare le penalit\u00e0 e il Merano ritorna in vantaggio grazie alla conclusione di Oscar Ahlstroem. Nel secondo tempo gli altoatesini trovano subito la terza rete della serata. Ci pensa Borgatello a siglare la doppietta personale con un tiro dalla distanza. La squadra di Matikainen prova a reagire ma la fortuna non sembra essere dalla parte degli agordini. Tante le occasioni dei biancorossi ma Tragust sembra non voler far passare un disco. All\u2019ennesima superiorit\u00e0 numerica, i padroni di casa calano il poker, ancora una volta con Borgatello. Passano pochi secondi e il Merano sigla la quinta rete con un tiro dalla distanza di Pfoestl. Nel terzo tempo gli altoatesini sembrano accontentarsi del risultato lasciando qualche spazio in piu alle civette. Gioco spezzettato pi\u00f9 volte dagli arbitri e spettacolo che ne risente. Agordini che si impegnano per accorciare le distanze ma il golie del Merano \u00e8 una saracinesca e non concede nulla. Si chiude dunque con il Merano che timbra il biglietto per la finale e l\u2019Alleghe che, una volta fuori dalla coppa, si dovr\u00e0 concentrare in vista delle ultime due partite di campionato dove vincere \u00e8 un obbligo per poter accedere ai playoff.<\/p>\n<p>&nbsp;<\/p>\n<p>&nbsp;<\/p>\n<hr \/>\n<p>&nbsp;<\/p>\n<blockquote>\n<h3><a href=\"https:\/\/www.radiopiu.net\/wordpress\/giornale-radiopiu-15-luglio-2020-direttore-mirko-mezzacasa\/download-886\/\" rel=\"attachment wp-att-149386\"><img loading=\"lazy\" decoding=\"async\" class=\"wp-image-149386 alignleft\" src=\"https:\/\/www.radiopiu.net\/wordpress\/wp-content\/uploads\/2020\/07\/download-2.png\" alt=\"\" width=\"109\" height=\"122\" \/><\/a>ULTIME DAL CENTRO SPORTIVO ITALIANO_CSI BELLUNO<\/h3>\n<\/blockquote>\n<p><strong>BELLUNO<\/strong> Luned\u00ec\u00a0 alle\u00a0 20.30 \u00e8 indetta in modalit\u00e0 videoconferenza sulla piattaforma Google Meet al link https:\/\/meet.google.com\/zim-ofpn-pop una riunione con le societ\u00e0 interessate per programmare l\u2019attivit\u00e0 dei prossimi mesi. In particolare quella di corsa campestre provinciale, in funzione della partecipazione al campionato nazionale che si svolger\u00e0 a Cesenatico i giorni 17\/18 aprile 2021.<\/p>\n<p>&nbsp;<\/p>\n<p>&nbsp;<\/p>\n<hr \/>\n<p>&nbsp;<\/p>\n<blockquote>\n<h3>PER LA BELLUNO RUN C&#8217;E&#8217; LA DATA: 19 SETTEMBRE<\/h3>\n<\/blockquote>\n<p><strong>BELLUNO<\/strong> La manifestazione organizzata dal Gs La Piave 2000 ha una nuova data, il 19 settembre 2021, e si appresta a ripartire con le stesse caratteristiche che l\u2019avevano accompagnata sino a cinque anni fa, quando la nona edizione della 30 km lungo le strade del Bellunese aveva di fatto chiuso un\u2019epoca, poi suggellata, nel 2017, da un\u2019edizione, unica ed irripetibile, della maratona da Fortogna a Busche. La Belluno-Feltre Run rinascer\u00e0 nel 2021 sulla classica distanza dei 30 km. Inoltre, alla corsa pi\u00f9 lunga sar\u00e0 per la prima volta abbinata una mezza maratona, la Mezza di Borgo Valbelluna, anch\u2019essa inserita nel calendario Fidal. Il tracciato della Belluno-Feltre Run sar\u00e0 quello di sempre: raduno degli atleti nella centrale Piazza dei Martini a Belluno e traguardo in via Campogiorgio a Feltre tra il Piave e le Dolomiti, coinvolgendo i territori di cinque Comuni: Belluno, Limana, Borgo Valbelluna, Cesiomaggiore e Feltre.\u00a0 Ulteriori informazioni nel sito www.bellunofeltrerun.it.<\/p>\n<p><strong>foto delle scorse edizioni della Belluno-Feltre Run.\u00a0<\/strong><\/p>\n\n\t\t\t<style type='text\/css'>\n\t\t\t\t#gallery-7 {\n\t\t\t\t\tmargin: auto;\n\t\t\t\t}\n\t\t\t\t#gallery-7 .gallery-item {\n\t\t\t\t\tfloat: left;\n\t\t\t\t\tmargin-top: 10px;\n\t\t\t\t\ttext-align: center;\n\t\t\t\t\twidth: 25%;\n\t\t\t\t}\n\t\t\t\t#gallery-7 img {\n\t\t\t\t\tborder: 2px solid #cfcfcf;\n\t\t\t\t}\n\t\t\t\t#gallery-7 .gallery-caption {\n\t\t\t\t\tmargin-left: 0;\n\t\t\t\t}\n\t\t\t\t\/* see gallery_shortcode() in wp-includes\/media.php *\/\n\t\t\t<\/style>\n\t\t<div id='gallery-7' class='dt-gallery-container gallery galleryid-190129 gallery-columns-4 gallery-size-thumbnail'><dl class='gallery-item'>\n\t\t\t\t<dt class='gallery-icon landscape'>\n\t\t\t\t\t<a class=\"rollover rollover-zoom dt-pswp-item\" title=\"Belluno_Feltre_b_Panoramica sulla citt\u00e0\" data-dt-img-description=\"\" data-large_image_width=\"1024\" data-large_image_height=\"649\"href='https:\/\/www.radiopiu.net\/wordpress\/wp-content\/uploads\/2021\/02\/Belluno_Feltre_b_Panoramica-sulla-citta.jpg'><img loading=\"lazy\" decoding=\"async\" width=\"150\" height=\"150\" src=\"https:\/\/www.radiopiu.net\/wordpress\/wp-content\/uploads\/2021\/02\/Belluno_Feltre_b_Panoramica-sulla-citta-150x150.jpg\" class=\"attachment-thumbnail size-thumbnail\" alt=\"\" \/><\/a>\n\t\t\t\t<\/dt><\/dl><dl class='gallery-item'>\n\t\t\t\t<dt class='gallery-icon landscape'>\n\t\t\t\t\t<a class=\"rollover rollover-zoom dt-pswp-item\" title=\"Belluno_Feltre Run 2020_1b\" data-dt-img-description=\"\" data-large_image_width=\"1280\" data-large_image_height=\"960\"href='https:\/\/www.radiopiu.net\/wordpress\/wp-content\/uploads\/2021\/02\/Belluno_Feltre-Run-2020_1b.jpg'><img loading=\"lazy\" decoding=\"async\" width=\"150\" height=\"150\" src=\"https:\/\/www.radiopiu.net\/wordpress\/wp-content\/uploads\/2021\/02\/Belluno_Feltre-Run-2020_1b-150x150.jpg\" class=\"attachment-thumbnail size-thumbnail\" alt=\"\" \/><\/a>\n\t\t\t\t<\/dt><\/dl><dl class='gallery-item'>\n\t\t\t\t<dt class='gallery-icon landscape'>\n\t\t\t\t\t<a class=\"rollover rollover-zoom dt-pswp-item\" title=\"Belluno_Feltre_b_Passaggio con montagne_2\" data-dt-img-description=\"\" data-large_image_width=\"800\" data-large_image_height=\"740\"href='https:\/\/www.radiopiu.net\/wordpress\/wp-content\/uploads\/2021\/02\/Belluno_Feltre_b_Passaggio-con-montagne_2.jpg'><img loading=\"lazy\" decoding=\"async\" width=\"150\" height=\"150\" src=\"https:\/\/www.radiopiu.net\/wordpress\/wp-content\/uploads\/2021\/02\/Belluno_Feltre_b_Passaggio-con-montagne_2-150x150.jpg\" class=\"attachment-thumbnail size-thumbnail\" alt=\"\" \/><\/a>\n\t\t\t\t<\/dt><\/dl><dl class='gallery-item'>\n\t\t\t\t<dt class='gallery-icon landscape'>\n\t\t\t\t\t<a class=\"rollover rollover-zoom dt-pswp-item\" title=\"Belluno_Feltre_b_Passaggio con montagne\" data-dt-img-description=\"\" data-large_image_width=\"1024\" data-large_image_height=\"683\"href='https:\/\/www.radiopiu.net\/wordpress\/wp-content\/uploads\/2021\/02\/Belluno_Feltre_b_Passaggio-con-montagne-e1612954105853.jpg'><img loading=\"lazy\" decoding=\"async\" width=\"150\" height=\"150\" src=\"https:\/\/www.radiopiu.net\/wordpress\/wp-content\/uploads\/2021\/02\/Belluno_Feltre_b_Passaggio-con-montagne-e1612954105853-150x150.jpg\" class=\"attachment-thumbnail size-thumbnail\" alt=\"\" \/><\/a>\n\t\t\t\t<\/dt><\/dl><br style=\"clear: both\" \/>\n\t\t\t<\/div>\n\n<p>&nbsp;<\/p>\n","protected":false},"excerpt":{"rendered":"<p>PER RICEVERE QUESTO NOTIZIARIO DIRETTAMENTE SUL TUO CELLULARE ISCRIVITI AL CANALE TELEGRAM \u201cRADIO PIU\u00a0 INFORMAZIONE&#8221;\u00a0 SUPERATI I 3000 ISCRITTI, il CANALE TELEGRAM&#8230; UNISCITI A: RADIO PIU INFORMAZIONE &nbsp; ATTENZIONE: LA NUOVA APP PER IOS-IPHONE di Nicola Vettorello https:\/\/apps.apple.com\/it\/app\/radio-pi%C3%B9-emittente-agordina\/id1515939845 ATTENZIONE: LA NUOVA APP RADIO\u00a0 PER ANDROID di Nicola Vettorello https:\/\/play.google.com\/store\/apps\/details?id=net.radiopiu.iniko\u00a0\u00a0 &nbsp; TRE METRI DI NEVE A&hellip;<\/p>\n","protected":false},"author":4,"featured_media":190362,"comment_status":"closed","ping_status":"closed","sticky":false,"template":"","format":"standard","meta":{"_monsterinsights_skip_tracking":false,"_monsterinsights_sitenote_active":false,"_monsterinsights_sitenote_note":"","_monsterinsights_sitenote_category":0,"footnotes":""},"categories":[1,86,49],"tags":[],"class_list":["post-190129","post","type-post","status-publish","format-standard","has-post-thumbnail","hentry","category-senza-categoria","category-gr","category-news-18","category-1","category-86","category-49","description-off"],"img_url":"https:\/\/www.radiopiu.net\/wordpress\/wp-content\/uploads\/2021\/02\/343b983d-7650-48d5-91e9-275cf3bec54d.jpg","_links":{"self":[{"href":"https:\/\/www.radiopiu.net\/wordpress\/wp-json\/wp\/v2\/posts\/190129","targetHints":{"allow":["GET"]}}],"collection":[{"href":"https:\/\/www.radiopiu.net\/wordpress\/wp-json\/wp\/v2\/posts"}],"about":[{"href":"https:\/\/www.radiopiu.net\/wordpress\/wp-json\/wp\/v2\/types\/post"}],"author":[{"embeddable":true,"href":"https:\/\/www.radiopiu.net\/wordpress\/wp-json\/wp\/v2\/users\/4"}],"replies":[{"embeddable":true,"href":"https:\/\/www.radiopiu.net\/wordpress\/wp-json\/wp\/v2\/comments?post=190129"}],"version-history":[{"count":0,"href":"https:\/\/www.radiopiu.net\/wordpress\/wp-json\/wp\/v2\/posts\/190129\/revisions"}],"wp:featuredmedia":[{"embeddable":true,"href":"https:\/\/www.radiopiu.net\/wordpress\/wp-json\/wp\/v2\/media\/190362"}],"wp:attachment":[{"href":"https:\/\/www.radiopiu.net\/wordpress\/wp-json\/wp\/v2\/media?parent=190129"}],"wp:term":[{"taxonomy":"category","embeddable":true,"href":"https:\/\/www.radiopiu.net\/wordpress\/wp-json\/wp\/v2\/categories?post=190129"},{"taxonomy":"post_tag","embeddable":true,"href":"https:\/\/www.radiopiu.net\/wordpress\/wp-json\/wp\/v2\/tags?post=190129"}],"curies":[{"name":"wp","href":"https:\/\/api.w.org\/{rel}","templated":true}]}}