{"id":190194,"date":"2021-02-10T16:53:57","date_gmt":"2021-02-10T15:53:57","guid":{"rendered":"https:\/\/www.radiopiu.net\/wordpress\/?p=190194"},"modified":"2021-02-11T09:38:17","modified_gmt":"2021-02-11T08:38:17","slug":"in-arrivo-il-bando-per-il-reclutamento-nelle-scuola-statale-lultimo-risale-al-2017","status":"publish","type":"post","link":"https:\/\/www.radiopiu.net\/wordpress\/in-arrivo-il-bando-per-il-reclutamento-nelle-scuola-statale-lultimo-risale-al-2017\/","title":{"rendered":"SCUOLA STATALE, IN ARRIVO IL BANDO PER IL RECLUTAMENTO, L&#8217;ULTIMO RISALE AL 2017"},"content":{"rendered":"<h3><\/h3>\n<p><strong><a href=\"https:\/\/www.radiopiu.net\/wordpress\/convocato-per-venerdi-13-novembre-il-consiglio-generale-chiamato-ad-eleggere-il-nuovo-segretario-generale-dopo-lingresso-di-cinzia-bonan-in-segreteria-regionale-ampia-convergenza-sul-nome-del\/schermata-2020-11-11-alle-12-25-13\/\" rel=\"attachment wp-att-172025\"><img loading=\"lazy\" decoding=\"async\" class=\" wp-image-172025 alignleft\" src=\"https:\/\/www.radiopiu.net\/wordpress\/wp-content\/uploads\/2020\/11\/Schermata-2020-11-11-alle-12.25.13-300x157.png\" alt=\"\" width=\"250\" height=\"131\" srcset=\"https:\/\/www.radiopiu.net\/wordpress\/wp-content\/uploads\/2020\/11\/Schermata-2020-11-11-alle-12.25.13-300x157.png 300w, https:\/\/www.radiopiu.net\/wordpress\/wp-content\/uploads\/2020\/11\/Schermata-2020-11-11-alle-12.25.13.png 594w\" sizes=\"auto, (max-width: 250px) 100vw, 250px\" \/><\/a>BELLUNO<\/strong> Gli aspiranti Ata, ovvero il personale amministrativo, tecnico e ausiliario delle scuole, a breve avranno la possibilit\u00e0 di accedere alle supplenze anche nelle province di Treviso e Belluno, come nel resto d\u2019Italia. Per il 2021, infatti, \u00e8 prevista la pubblicazione del bando con le scadenze e le indicazioni per la presentazione delle domande, che avverr\u00e0 attraverso una piattaforma online. La pubblicazione era stata inizialmente prevista per il 1\u00b0 febbraio, ma poi \u00e8 stata rimandata. Ora bisogner\u00e0 attendere la formazione del nuovo Governo. La Cisl Scuola territoriale, come nel 2017 &#8211; quando gest\u00ec ben 700 domande fra Belluno e Treviso &#8211; ha gi\u00e0 predisposto uno sportello per aiutare gli utenti nella gestione della pratica. I lavoratori e le lavoratrici interessate possono inviare una mail all\u2019indirizzo graduatorie.ata@cislbltv.it\u00a0o un messaggio WhatsApp al numero 331 4001275 indicando nome e cognome, telefono e se si tratta di rinnovo o di prima iscrizione. Non appena sar\u00e0 pubblicato il bando la persona interessata verr\u00e0 richiamata per fissare un appuntamento.<\/p>\n<p><strong>LA SEGRETARIA GENERALE CISL SCUOLA BELLUNO_LORELLA BENVEGNU&#8217;<\/strong><\/p>\n<audio class=\"wp-audio-shortcode\" id=\"audio-190194-1\" preload=\"none\" style=\"width: 100%;\" controls=\"controls\"><source type=\"audio\/mpeg\" src=\"https:\/\/www.radiopiu.net\/wordpress\/wp-content\/uploads\/2021\/02\/CISL-SCUOLA-LORELLA-BENVEGNU.mp3?_=1\" \/><a href=\"https:\/\/www.radiopiu.net\/wordpress\/wp-content\/uploads\/2021\/02\/CISL-SCUOLA-LORELLA-BENVEGNU.mp3\">https:\/\/www.radiopiu.net\/wordpress\/wp-content\/uploads\/2021\/02\/CISL-SCUOLA-LORELLA-BENVEGNU.mp3<\/a><\/audio>\n","protected":false},"excerpt":{"rendered":"<p>BELLUNO Gli aspiranti Ata, ovvero il personale amministrativo, tecnico e ausiliario delle scuole, a breve avranno la possibilit\u00e0 di accedere alle supplenze anche nelle province di Treviso e Belluno, come nel resto d\u2019Italia. Per il 2021, infatti, \u00e8 prevista la pubblicazione del bando con le scadenze e le indicazioni per la presentazione delle domande, che&hellip;<\/p>\n","protected":false},"author":4,"featured_media":143128,"comment_status":"closed","ping_status":"closed","sticky":false,"template":"","format":"standard","meta":{"_monsterinsights_skip_tracking":false,"_monsterinsights_sitenote_active":false,"_monsterinsights_sitenote_note":"","_monsterinsights_sitenote_category":0,"footnotes":""},"categories":[1,49],"tags":[],"class_list":["post-190194","post","type-post","status-publish","format-standard","has-post-thumbnail","hentry","category-senza-categoria","category-news-18","category-1","category-49","description-off"],"img_url":"https:\/\/www.radiopiu.net\/wordpress\/wp-content\/uploads\/2020\/06\/primo-piano-gli-studenti-che-scrivono-e-leggono-gli-fogli-di-risposta-degli-esami-di-esercitazione-in-aula-della-scuola-con-lo-stress_73622-858.jpg","_links":{"self":[{"href":"https:\/\/www.radiopiu.net\/wordpress\/wp-json\/wp\/v2\/posts\/190194","targetHints":{"allow":["GET"]}}],"collection":[{"href":"https:\/\/www.radiopiu.net\/wordpress\/wp-json\/wp\/v2\/posts"}],"about":[{"href":"https:\/\/www.radiopiu.net\/wordpress\/wp-json\/wp\/v2\/types\/post"}],"author":[{"embeddable":true,"href":"https:\/\/www.radiopiu.net\/wordpress\/wp-json\/wp\/v2\/users\/4"}],"replies":[{"embeddable":true,"href":"https:\/\/www.radiopiu.net\/wordpress\/wp-json\/wp\/v2\/comments?post=190194"}],"version-history":[{"count":0,"href":"https:\/\/www.radiopiu.net\/wordpress\/wp-json\/wp\/v2\/posts\/190194\/revisions"}],"wp:featuredmedia":[{"embeddable":true,"href":"https:\/\/www.radiopiu.net\/wordpress\/wp-json\/wp\/v2\/media\/143128"}],"wp:attachment":[{"href":"https:\/\/www.radiopiu.net\/wordpress\/wp-json\/wp\/v2\/media?parent=190194"}],"wp:term":[{"taxonomy":"category","embeddable":true,"href":"https:\/\/www.radiopiu.net\/wordpress\/wp-json\/wp\/v2\/categories?post=190194"},{"taxonomy":"post_tag","embeddable":true,"href":"https:\/\/www.radiopiu.net\/wordpress\/wp-json\/wp\/v2\/tags?post=190194"}],"curies":[{"name":"wp","href":"https:\/\/api.w.org\/{rel}","templated":true}]}}