{"id":190216,"date":"2021-02-10T12:25:48","date_gmt":"2021-02-10T11:25:48","guid":{"rendered":"https:\/\/www.radiopiu.net\/wordpress\/?p=190216"},"modified":"2021-02-10T13:29:55","modified_gmt":"2021-02-10T12:29:55","slug":"da-mezzanotte-in-vigore-lordinanza-spritz-centro-da-venezia-luca-zaia","status":"publish","type":"post","link":"https:\/\/www.radiopiu.net\/wordpress\/da-mezzanotte-in-vigore-lordinanza-spritz-centro-da-venezia-luca-zaia\/","title":{"rendered":"ZAIA FURIOSO &#8220;ADESSO CI DANNO LE COLPE DI ESSERCI PREOCCUPATI DI PROCURARE I VACCINI PER I VENETI&#8221;"},"content":{"rendered":"<p><strong>VENEZIA<\/strong> Consueto appuntamento con il punto stampa del Governatore Luca Zaia da Marghera. Ieri \u00e8 stata firmata l&#8217;ordinanza entrata in vigore alla mezzanotte, al bar dalle 15 ma solo seduti. In centro se servir\u00e0 i sindaci potranno transennare i corsi dove si creano assembramenti.<\/p>\n<p><strong>I NUMERI<\/strong><\/p>\n<p>TAMPONI MOLECOLARI 28166669 TAMPONI RAPIDI 3850117 TOTALE TAMPONI 38048 POSITIVI NELLE ULTIME 24 ORE 828\u00a0 INCIDENZA TAMPONI-POSITIVI 2,18% POSITIVI ATTUALI 25971\u00a0POSITIVI DA INIZIO EPIDEMIA 318807 RICOVERI 1737 AREA NON CRITICA 1567\u00a0 ( -23) TERAPIA INTENSIVA 170 (-11) DECESSI 9395 (31) DIMESSI 15045<\/p>\n<blockquote>\n<h3>LEGGI LA CONFERENZA STAMPA DI LUCA ZAIA<\/h3>\n<p><em>Abbiamo incontrato il dottor Flor stamani, avremo aggiornamenti gi\u00e0 domani o dopodomani sulla questione dell&#8217;acquisto vaccini da parte del Veneto. Sui vaccini c&#8217;\u00e8 qualcuno che dice che sia una fuga in avanti? Io non ho parole, non va mai bene niente, mi sembra una cosa allucinante, abbiamo anche la colpa di esserci preoccupati di andare a trovare i vaccini per i veneti.\u00a0<\/em><\/p><\/blockquote>\n<p><strong>VACCINI<\/strong> Anche oggi nella posta che ho visto abbiamo altre tre realt\u00e0 che producono vaccini e si sommano alle due che si sono proposte ieri. Ogni strada perseguibile la battiamo nell&#8217;ossessivo rispetto delle procedure, norme e legalit\u00e0 quindi nessun leggenda metropolitana. Se da un lato qualcuno puo&#8217; opinare sull&#8217;opportunit\u00e0 di comperare i vaccini altri potrebbero pero&#8217; accusarci di non aver seguito offerte formali tra anziani in pericolo, quindi con il rischio di mettere a repentaglio la loro vita. Dal punto di vista etico e legale qualcuno potrebbe dirci ma voi avevate offerte e non avete vaccinato, quindi andremo avanti con velocit\u00e0. Questa storia dei vaccini mi ricorda quella della mascherina che costava cinque volte tanto inizialmente e poi i prezzi si sono fortemente abbassati. Non ho partecipato a nessun incontro, per questi ci pensano coloro che hanno le cognizioni tecniche. \u00a0Il dottor Flor ha voluto approfondire la proposta con una azienda chiedendo al formulazione di una proposta scritta. Non ammetto che qualcuno dica che abbiamo fatto fughe in avanti, ma come si fa a dire queste cose? Ci sono anziani che ci chiamano piangendo, sono loro la mia interfaccia non chi dice che\u00a0 \u00e8 sbagliato andare a comperare vaccini. Siamo senza ma per qualcuno non va mai bene niente, abbiamo anche la colpa di esserci preoccupati di andare a trovare i vaccini per i veneti. Ma possiamo almeno su una cosa dire che facciamo una scelta per il bene comune?. Non c&#8217;\u00e8 stata alcuna interlocuzione, per ora, con il governo sulla questione. Il presidente parler\u00e0 con Roma quando la proposta sar\u00e0 concreta e documentata.. <strong>ORDINANZA<\/strong> Confcommercio l&#8217;ha definita di buon senso, \u00e8 la volont\u00e0 della Regione cercando di dare una mano agli operatori e alle amministrazioni comunali per fare in modo che ci sia una base giuridica per regolamentare il &#8220;liberi tutti&#8221;. <strong>SCUOLA\u00a0<\/strong> 25 classi delle superiori in quarantena nel Trevigiano cio\u00e8\u00a0 segnale da non sottovalutare.<strong>\u00a0INSEGNANTI SPORTIVI NON DA COMPARTO SCUOLA, CATEGORIA DA VACCINARE?<\/strong> Questione da verificare lo faremo oggi nell&#8217;incontro per le scuole, ma penso rientri anche questa categoria. <strong>COVID DI ORIGINE ANIMALE IPOTESI COMPLOTTO SMONTATE<\/strong> Ho preso parole quando ho parlato di pipistrelli, era proibito parlare di una legge che la Cina si \u00e8 data per il commercio di animali selvatici. <strong>OPERATORI DI POLIZIA AVREBBERO PERPLESSITA&#8217; DI FARE IL VACCINO ASTREZENICA PER LA MINORE COPERTURA<\/strong>\u00a0 Ho letto anch&#8217;io, non facciamo fughe in avanti \u00e8 stato detto. Avranno dei rappresentanti sindacali..<strong>.PREVISIONI ASTREZENICA<\/strong>: 20400 dosi la prima settimana,\u00a0 23900 la seconda e 58900 la terza. Il richiamo dopo 12 settimane. Gi\u00e0 partite le lettere ufficiali per la richiesta.<\/p>\n<h3><span style=\"color: #ff0000;\">IL DOTTO PAOLO ROSI, SUEM 118 coordinatore dell&#8217;Unit\u00e0 di crisi per l&#8217;emergenza Covid<br \/>\n<span style=\"color: #000000;\">Se non si rispettaranno le regole ripartiranno i contagi. Nelle terapie intensiva siamo ancora sopra il numero ordinario.<\/span><\/span><\/h3>\n<p>Il punto sulla situazione terapie intensive, partiamo dal dato di oggi quello di due minuti fa (ore 13) 176 i malati covid, 126 sono ancora positivi, gli altri 50 negativizzati di pi\u00f9 facile gestione nei posti letto. Complessivamente abbiamo 470 posti occupati, siamo ancora sopra il numero ordinario dei posti disponibili con 140 posti liberi. <strong>Quanti sono stati i malati passati per le terapie intensive?<\/strong> Ad oggi complessivamente 3430 pazienti in un anno 840 nella prima fase, oltre 2500 da luglio. La met\u00e0 aveva pi\u00f9 di 70 anni, 1346 decessi (39%) i\u00a0 due terzi aveva piu&#8217; di settant&#8217;anni, ma un terzo sono persone molto pi\u00f9 giovani. I pazienti restano in terapia intensiva 13 giorni, ma con un range molto ampio anche fino a tre settimana se non addirittura il mese. Oggi entrano da 6 a 8 persone al giorno in terapia intensiva, riguarda una parte minore in condizioni critiche, il 70% entra nei giorni successivi al ricovero anche dopo 15 giorni. I degenti in terapia intensiva sono il10% dei ricoverati. Sono numeri ormai consolidati. Oggi ricoveriamo da 6 a 8 persone al giorno, nell&#8217;ultima settimana questi sono i numeri.\u00a0 Ci aspettiamo un&#8217;ulteriore discesa fino a 95 letti occupati. Stiamo riprendendo fiato, ma questo carico di lavoro continua ad esserci, questi pazienti sono molto impegnativi, ma siamo anche con il fiato sospeso per il timore che i contagi ripartano.<\/p>\n<p><a href=\"https:\/\/www.facebook.com\/zaiaufficiale\/videos\/914355686042686\">https:\/\/www.facebook.com\/zaiaufficiale\/videos\/914355686042686<\/a><\/p>\n<p>&nbsp;<\/p>\n<p>&nbsp;<\/p>\n<p>&nbsp;<\/p>\n","protected":false},"excerpt":{"rendered":"<p>VENEZIA Consueto appuntamento con il punto stampa del Governatore Luca Zaia da Marghera. Ieri \u00e8 stata firmata l&#8217;ordinanza entrata in vigore alla mezzanotte, al bar dalle 15 ma solo seduti. In centro se servir\u00e0 i sindaci potranno transennare i corsi dove si creano assembramenti. I NUMERI TAMPONI MOLECOLARI 28166669 TAMPONI RAPIDI 3850117 TOTALE TAMPONI 38048&hellip;<\/p>\n","protected":false},"author":4,"featured_media":190217,"comment_status":"closed","ping_status":"closed","sticky":false,"template":"","format":"standard","meta":{"_monsterinsights_skip_tracking":false,"_monsterinsights_sitenote_active":false,"_monsterinsights_sitenote_note":"","_monsterinsights_sitenote_category":0,"footnotes":""},"categories":[51,49],"tags":[],"class_list":["post-190216","post","type-post","status-publish","format-standard","has-post-thumbnail","hentry","category-evidenza-top","category-news-18","category-51","category-49","description-off"],"img_url":"https:\/\/www.radiopiu.net\/wordpress\/wp-content\/uploads\/2021\/02\/146717682_1702354309966477_1343079755631216182_o.jpg","_links":{"self":[{"href":"https:\/\/www.radiopiu.net\/wordpress\/wp-json\/wp\/v2\/posts\/190216","targetHints":{"allow":["GET"]}}],"collection":[{"href":"https:\/\/www.radiopiu.net\/wordpress\/wp-json\/wp\/v2\/posts"}],"about":[{"href":"https:\/\/www.radiopiu.net\/wordpress\/wp-json\/wp\/v2\/types\/post"}],"author":[{"embeddable":true,"href":"https:\/\/www.radiopiu.net\/wordpress\/wp-json\/wp\/v2\/users\/4"}],"replies":[{"embeddable":true,"href":"https:\/\/www.radiopiu.net\/wordpress\/wp-json\/wp\/v2\/comments?post=190216"}],"version-history":[{"count":0,"href":"https:\/\/www.radiopiu.net\/wordpress\/wp-json\/wp\/v2\/posts\/190216\/revisions"}],"wp:featuredmedia":[{"embeddable":true,"href":"https:\/\/www.radiopiu.net\/wordpress\/wp-json\/wp\/v2\/media\/190217"}],"wp:attachment":[{"href":"https:\/\/www.radiopiu.net\/wordpress\/wp-json\/wp\/v2\/media?parent=190216"}],"wp:term":[{"taxonomy":"category","embeddable":true,"href":"https:\/\/www.radiopiu.net\/wordpress\/wp-json\/wp\/v2\/categories?post=190216"},{"taxonomy":"post_tag","embeddable":true,"href":"https:\/\/www.radiopiu.net\/wordpress\/wp-json\/wp\/v2\/tags?post=190216"}],"curies":[{"name":"wp","href":"https:\/\/api.w.org\/{rel}","templated":true}]}}