{"id":190257,"date":"2021-02-11T05:04:00","date_gmt":"2021-02-11T04:04:00","guid":{"rendered":"https:\/\/www.radiopiu.net\/wordpress\/?p=190257"},"modified":"2021-02-11T06:04:28","modified_gmt":"2021-02-11T05:04:28","slug":"rocca-pietore-selva-di-cadore-taibon-voltago-in-era-fascista-di-renato-bona","status":"publish","type":"post","link":"https:\/\/www.radiopiu.net\/wordpress\/rocca-pietore-selva-di-cadore-taibon-voltago-in-era-fascista-di-renato-bona\/","title":{"rendered":"ROCCA PIETORE, SELVA DI CADORE TAIBON, VOLTAGO IN ERA FASCISTA di  RENATO BONA"},"content":{"rendered":"<p>Concludiamo con questa puntata il \u201cviaggio\u201d in Agordino per richiamare l\u2019attivit\u00e0 svolta e le opere compiute nella vallata sotto il regime fascista, dalle amministrazioni e dagli enti della provincia di Belluno. Il libro, edito il XXI aprile 1934, anno dodicesimo dell\u2019\u201cera\u201d fu curato dal vice prefetto Carlo Riva per conto della Regia Prefettura e della Federazione provinciale fascista, e stampato nello stabilimento tipografico Panfilo Castaldi di Feltre. Riva esordiva dicendo che \u201cIl resoconto di interventi effettuati \u00e8 stato pubblicato in occasione della celebrazione del primo decennale del governo fascista \u201callorch\u00e8 fu una gara, tra tutti gli enti istituti pubblici e privati, per dare con relazioni, statistiche, grafici eccetera la dimostrazione di quello che ciascuno, nella propria sfera d\u2019azione, aveva saputo fare, operare, ordinare nei dieci anni decorsi sotto l\u2019insegna del fascismo, seguendo le direttive del Duce della nuova Italia\u201d. E precisava che fu allora che \u201csorse in me l\u2019idea, sull\u2019esempio di quanto in altre provincie era stato fatto, di raccogliere in un volume la documentazione dell\u2019attivit\u00e0 svolta durante il decennio, specialmente nel campo costruttivo e delle opere pubbliche, da tutte le amministrazioni statali e parastatali, da tutti gli enti della provincia di Belluno\u201d. E\u2019 sembrato \u2013 aggiungeva &#8211; ed a ragione, che questa nostra cara provincia potesse Non indegnamente figurare in quella gara diretta a dimostrare che ciascun ente ed istituto, in piena comprensione delle idealit\u00e0 fasciste, aveva assolto il proprio compito, aveva saputo tener bene il proposto posto e girare la propria ruota nella grande macchina della vita della nazione\u201d. Di seguito quanto realizzato a Rocca Pietore, Selva di Cadore, Taibon Agordino e Voltago. ROCCA PIETORE. Nel 1925 (quarto dell\u2019era): strada da Santa Maria delle Grazie a Caracoi Agoin larga 2,5 metri, pendenza media del 15 per cento: \u201cE\u2019 atta al transito con slitte e carreggio leggero; supera un dislivello di 263 metri, costo 99.226\u201d. Acquedotto di Santa Maria delle Grazie: \u201cSorgente Rio Molin, quantit\u00e0 d\u2019acqua al minuto secondo litri 1,20, tubazioni metri 929, un idrante, una fontana pubblica; popolazione servita 200, costo 24.000\u201d. Anno 1926: \u201cAcquedotto pei villaggi di Col-Condio, Capoluogo, Sorgente Col di Rocca; quantit\u00e0 d\u2019acqua al minuto secondo litri 2,67, metri 1722 di tubazioni, 7 fontane pubbliche, popolazione servita, abitanti 990, costo 91.016\u201d. Anno 1928: ricostruzione sul Ponte R\u00f9 di Rocca sulla strada Saviner-capoluogo, costo 8067\u201d. Anno 1929: sistemazione strada fra Sorar\u00f9 e Col di Rocca, costo 1800\u201d. Anno 1930: ricostruzione tetto in lamiera zincata per la scuola di Sottoguda, costo 4990\u201d. Anno 1931: sistemazione acquedotti di Laste di Sopra, Laste di Sotto, Le Coste, Le Grazie, Col dalla Roa, costo manodopera e provvista tubi e materiali 22.650. Riparazioni alla Malga Monteschiotta, costo 9000. Riparazioni al cimitero di Rocca, costo 1224. Sistemazione ponte alle Grazie, costo 13.289. Sistemazione ponte sul Cordevole, inghiaiamento generale strada Saviner-Sottoguda e riparazioni ad esse, 20.673. Provvista di nuovi banchi per la Scuola di Sottoguda, cisti 1.859. Anno 1932: sistemazione acquedotto di Sottoguda, costo manodopera e materiali 6475; Ricostruzione ponte longo ai Serrai di Sottoguda, costo manodopera e materiali 6475; riparazione Casere sulla Malga Valbona, costo 416. Sistemazioni strade ed acquedotti, costo 12.478. Demolizione di fienile nel centro del capoluogo e sua ricostruzione in altro sito; per pagamento indennit\u00e0 34.926; allargamento curva sulla strada Saviner-Rocca, costo 4252; riduzione locali Scuola di Digoman, 1.400. Lavori di restauri nella chiesa monumentale di Rocca, 3.000\u201d. SELVA DI CADORE. Nel 1923: Strada delle Crignole \u201cimportante per le comunicazioni tra il comune, i pascoli ed i boschi di alta montagna\u201d, spesa 50.000. Anno 1925: Strada detta di Filippo, che riunisce direttamente alla frazione Capoluogo numerosi villaggi\u201d, spesa 15.000: strada detta della Perazza: \u201cAttraversante la frana di Santa Fosca. Congiunge la frazione di Landris alla strada provinciale\u201d, spesa 28.000. Anno 1926: Nuovo cimitero di Santa Fosca: \u201cHa sostituito il vecchio inadatto ed insufficiente\u201d, spesa 60.000. Anno 1927: Strada del Tronch: \u201cAllaccia alla provinciale la frazione, spesa 11.000. Anno 1928: Allargamento piazza San Lorenzo: \u201cHa dato una nuova e signorile figura alla Piazza della frazione capoluogo di Selva togliendole quel primitivo carattere rustico e povero che non si addiceva certo pi\u00f9 a questo comune, che va rapidamente avviandosi verso uno splendido avvenire nel campo turistico, sportivo e di villeggiatura\u201d; spesa, comprese le espropriazioni, 70.000. Costruzione campo ginnico-sportivo: \u201cE\u2019 un magnifico e spazioso campo, di cui si sentiva, per l\u2019educazione fisica dei giovani, l\u2019assoluta necessit\u00e0. L\u2019opera \u00e8 sostenuta da arditi muraglioni, eleganti e forti nell\u2019assieme, e sorge in posizione bellissima\u201d, spesa 45.000. Anno 1929: trasformazione di un edificio in fabbricato scolastico per la frazione di San Lorenzo: \u201cL\u2019edificio nuovo \u00e8 stato fornito di aula coperta per la ginnastica, museo didattico, bagni, eccetera; spesa, compreso il costo dell\u2019immobile 140.000. Anno 1930: Costruzione nuovo acquedotto comunale di Pescul: \u201cOpera imponente ed importante perch\u00e9 ha risolto uno dei pi\u00f9 annosi problemi del comune; sono stati posti in opera oltre 6500 metri di tubazione d\u2019acciaio, fontane pubbliche 18, idranti per pompe d\u2019incendio 33, spesa 330.000. Anno 1931: Sistemazione ponti della frazione di Pescul: \u201cServono alle comunicazioni fra le due sponde del torrente Fiorentina a circa 4 chilometri dalla sorgente; opere importanti per i bisogni interni dei frazionisti; spesa totale 45.000. Sistemazione di pascoli comunali di alta montagna con spesa di 108 mila; sistemazione della strada del Giau, che congiunge la Val Fiorentina a quella del Cordevole, a Cortina d\u2019Ampezzo: \u201cOpera importantissima dal lato turistico e da quello della valorizzazione dei prodotti locali, accorcia il percorso per Cortina di ben 15 chilometri in confronto a quello per Passo Falzarego\u201d; spesa complessiva 600.000, met\u00e0 a carico dello Stato e il resto di un Consorzio intercomunale appositamente costituito. TAIBON. Anno 1928: Strada di Soccol che porta dal capoluogo in prossimit\u00e0 dei tre abitati di Soccol, Campedel e Coste, lunghezza 500 metri, larghezza 2,50, costo 231.466; acquedotto comunale: \u201cServe gli abitanti di Forno di Val, Peden e Taibon capoluogo. Sorgente di vena in localit\u00e0 Forno di Val da 4,5 litri al secondo, lunga 1000 metri\u201d, costo 63.861,70. Macello comunale in localit\u00e0 Peden con costruzione in muratura di un solo locale: 8.297,82. VOLTAGO. Anno 1923: costruiti 6 lavatoi a vasche, equamente suddivisi sul territorio, spesa 3.125. Anno 1924: piccole opere pubbliche e un tratto di conduttura per la fognatura 3.298; costruzione della strada comunale \u201cMaliga-Vich\u201d nel centro abitato di Frassen\u00e8, spesa 15.999. Anni 1925-26: tronco di strada Voltago-Rivamonte, costo 12.450; costruzione del cimitero a Frassen\u00e8 in localit\u00e0 discosta dall\u2019abitato, spesa 78.875. Anno 1928: costruzione del cimitero di Voltago, costo 80.635; acquedotto a Frassen\u00e8 \u201ctenendo conto che qui affluiscono annualmente numerosi villeggianti\u201d; tubature per 2500 metri, fontane pubbliche 9, costo 183.560. Anno 1929: costruzione del Palazzo municipale con spesa di 139.035. Anno 1930: sistemazione strada vicinale a Frassen\u00e8, spesa 1520. Anno 1932: costruzione del piccolo acquedotto in Digoman con spesa complessiva di 2350.<\/p>\n\n\t\t\t<style type='text\/css'>\n\t\t\t\t#gallery-1 {\n\t\t\t\t\tmargin: auto;\n\t\t\t\t}\n\t\t\t\t#gallery-1 .gallery-item {\n\t\t\t\t\tfloat: left;\n\t\t\t\t\tmargin-top: 10px;\n\t\t\t\t\ttext-align: center;\n\t\t\t\t\twidth: 33%;\n\t\t\t\t}\n\t\t\t\t#gallery-1 img {\n\t\t\t\t\tborder: 2px solid #cfcfcf;\n\t\t\t\t}\n\t\t\t\t#gallery-1 .gallery-caption {\n\t\t\t\t\tmargin-left: 0;\n\t\t\t\t}\n\t\t\t\t\/* see gallery_shortcode() in wp-includes\/media.php *\/\n\t\t\t<\/style>\n\t\t<div id='gallery-1' class='dt-gallery-container gallery galleryid-190257 gallery-columns-3 gallery-size-thumbnail'><dl class='gallery-item'>\n\t\t\t\t<dt class='gallery-icon landscape'>\n\t\t\t\t\t<a class=\"rollover rollover-zoom dt-pswp-item\" title=\"148988761_232163775299749_3073511304268599475_n\" data-dt-img-description=\"\" data-large_image_width=\"2048\" data-large_image_height=\"1428\"href='https:\/\/www.radiopiu.net\/wordpress\/wp-content\/uploads\/2021\/02\/148988761_232163775299749_3073511304268599475_n.jpg'><img loading=\"lazy\" decoding=\"async\" width=\"150\" height=\"150\" src=\"https:\/\/www.radiopiu.net\/wordpress\/wp-content\/uploads\/2021\/02\/148988761_232163775299749_3073511304268599475_n-150x150.jpg\" class=\"attachment-thumbnail size-thumbnail\" alt=\"\" \/><\/a>\n\t\t\t\t<\/dt><\/dl><dl class='gallery-item'>\n\t\t\t\t<dt class='gallery-icon landscape'>\n\t\t\t\t\t<a class=\"rollover rollover-zoom dt-pswp-item\" title=\"149073097_3649806285138924_3824975805516411138_n\" data-dt-img-description=\"\" data-large_image_width=\"2048\" data-large_image_height=\"1302\"href='https:\/\/www.radiopiu.net\/wordpress\/wp-content\/uploads\/2021\/02\/149073097_3649806285138924_3824975805516411138_n.jpg'><img loading=\"lazy\" decoding=\"async\" width=\"150\" height=\"150\" src=\"https:\/\/www.radiopiu.net\/wordpress\/wp-content\/uploads\/2021\/02\/149073097_3649806285138924_3824975805516411138_n-150x150.jpg\" class=\"attachment-thumbnail size-thumbnail\" alt=\"\" \/><\/a>\n\t\t\t\t<\/dt><\/dl><dl class='gallery-item'>\n\t\t\t\t<dt class='gallery-icon portrait'>\n\t\t\t\t\t<a class=\"rollover rollover-zoom dt-pswp-item\" title=\"149303401_846666439518407_5612518783375424686_n\" data-dt-img-description=\"\" data-large_image_width=\"1482\" data-large_image_height=\"2048\"href='https:\/\/www.radiopiu.net\/wordpress\/wp-content\/uploads\/2021\/02\/149303401_846666439518407_5612518783375424686_n.jpg'><img loading=\"lazy\" decoding=\"async\" width=\"150\" height=\"150\" src=\"https:\/\/www.radiopiu.net\/wordpress\/wp-content\/uploads\/2021\/02\/149303401_846666439518407_5612518783375424686_n-150x150.jpg\" class=\"attachment-thumbnail size-thumbnail\" alt=\"\" \/><\/a>\n\t\t\t\t<\/dt><\/dl><br style=\"clear: both\" \/><dl class='gallery-item'>\n\t\t\t\t<dt class='gallery-icon portrait'>\n\t\t\t\t\t<a class=\"rollover rollover-zoom dt-pswp-item\" title=\"149288051_442351817202695_3355384571544087630_n\" data-dt-img-description=\"\" data-large_image_width=\"1441\" data-large_image_height=\"2048\"href='https:\/\/www.radiopiu.net\/wordpress\/wp-content\/uploads\/2021\/02\/149288051_442351817202695_3355384571544087630_n.jpg'><img loading=\"lazy\" decoding=\"async\" width=\"150\" height=\"150\" src=\"https:\/\/www.radiopiu.net\/wordpress\/wp-content\/uploads\/2021\/02\/149288051_442351817202695_3355384571544087630_n-150x150.jpg\" class=\"attachment-thumbnail size-thumbnail\" alt=\"\" \/><\/a>\n\t\t\t\t<\/dt><\/dl><dl class='gallery-item'>\n\t\t\t\t<dt class='gallery-icon landscape'>\n\t\t\t\t\t<a class=\"rollover rollover-zoom dt-pswp-item\" title=\"149108642_1550349875162369_8720321120099341781_n\" data-dt-img-description=\"\" data-large_image_width=\"2048\" data-large_image_height=\"1469\"href='https:\/\/www.radiopiu.net\/wordpress\/wp-content\/uploads\/2021\/02\/149108642_1550349875162369_8720321120099341781_n.jpg'><img loading=\"lazy\" decoding=\"async\" width=\"150\" height=\"150\" src=\"https:\/\/www.radiopiu.net\/wordpress\/wp-content\/uploads\/2021\/02\/149108642_1550349875162369_8720321120099341781_n-150x150.jpg\" class=\"attachment-thumbnail size-thumbnail\" alt=\"\" \/><\/a>\n\t\t\t\t<\/dt><\/dl><dl class='gallery-item'>\n\t\t\t\t<dt class='gallery-icon landscape'>\n\t\t\t\t\t<a class=\"rollover rollover-zoom dt-pswp-item\" title=\"149400308_427350021822400_1797534507931271185_n\" data-dt-img-description=\"\" data-large_image_width=\"2048\" data-large_image_height=\"1102\"href='https:\/\/www.radiopiu.net\/wordpress\/wp-content\/uploads\/2021\/02\/149400308_427350021822400_1797534507931271185_n.jpg'><img loading=\"lazy\" decoding=\"async\" width=\"150\" height=\"150\" src=\"https:\/\/www.radiopiu.net\/wordpress\/wp-content\/uploads\/2021\/02\/149400308_427350021822400_1797534507931271185_n-150x150.jpg\" class=\"attachment-thumbnail size-thumbnail\" alt=\"\" \/><\/a>\n\t\t\t\t<\/dt><\/dl><br style=\"clear: both\" \/>\n\t\t\t<\/div>\n\n<p>NELLE FOTO (riproduzione dal libro \u201cLa Provincia di Belluno in regime fascista\u201d e dal libro \u201cUn ricordo dall\u2019Agordino\u201d di Bepi Pellegrinon): Voltago in festa per il nuovo Palazzo Municipale; una vecchia panoramica del paese con i monti San Sebastiano, Tonier e Castello; la chiesa monumentale di Rocca Pietore; i Serrai di Sottoguda: una meraviglia della natura; visione di Selva di Cadore col Monte Nuvolao, 2700 metri; ponte rustico sul Cordevole a Listolade di Taibon.<\/p>\n","protected":false},"excerpt":{"rendered":"<p>Concludiamo con questa puntata il \u201cviaggio\u201d in Agordino per richiamare l\u2019attivit\u00e0 svolta e le opere compiute nella vallata sotto il regime fascista, dalle amministrazioni e dagli enti della provincia di Belluno. Il libro, edito il XXI aprile 1934, anno dodicesimo dell\u2019\u201cera\u201d fu curato dal vice prefetto Carlo Riva per conto della Regia Prefettura e della&hellip;<\/p>\n","protected":false},"author":4,"featured_media":190259,"comment_status":"closed","ping_status":"closed","sticky":false,"template":"","format":"standard","meta":{"_monsterinsights_skip_tracking":false,"_monsterinsights_sitenote_active":false,"_monsterinsights_sitenote_note":"","_monsterinsights_sitenote_category":0,"footnotes":""},"categories":[104,49],"tags":[],"class_list":["post-190257","post","type-post","status-publish","format-standard","has-post-thumbnail","hentry","category-evidenza_3","category-news-18","category-104","category-49","description-off"],"img_url":"https:\/\/www.radiopiu.net\/wordpress\/wp-content\/uploads\/2021\/02\/148988761_232163775299749_3073511304268599475_n.jpg","_links":{"self":[{"href":"https:\/\/www.radiopiu.net\/wordpress\/wp-json\/wp\/v2\/posts\/190257","targetHints":{"allow":["GET"]}}],"collection":[{"href":"https:\/\/www.radiopiu.net\/wordpress\/wp-json\/wp\/v2\/posts"}],"about":[{"href":"https:\/\/www.radiopiu.net\/wordpress\/wp-json\/wp\/v2\/types\/post"}],"author":[{"embeddable":true,"href":"https:\/\/www.radiopiu.net\/wordpress\/wp-json\/wp\/v2\/users\/4"}],"replies":[{"embeddable":true,"href":"https:\/\/www.radiopiu.net\/wordpress\/wp-json\/wp\/v2\/comments?post=190257"}],"version-history":[{"count":0,"href":"https:\/\/www.radiopiu.net\/wordpress\/wp-json\/wp\/v2\/posts\/190257\/revisions"}],"wp:featuredmedia":[{"embeddable":true,"href":"https:\/\/www.radiopiu.net\/wordpress\/wp-json\/wp\/v2\/media\/190259"}],"wp:attachment":[{"href":"https:\/\/www.radiopiu.net\/wordpress\/wp-json\/wp\/v2\/media?parent=190257"}],"wp:term":[{"taxonomy":"category","embeddable":true,"href":"https:\/\/www.radiopiu.net\/wordpress\/wp-json\/wp\/v2\/categories?post=190257"},{"taxonomy":"post_tag","embeddable":true,"href":"https:\/\/www.radiopiu.net\/wordpress\/wp-json\/wp\/v2\/tags?post=190257"}],"curies":[{"name":"wp","href":"https:\/\/api.w.org\/{rel}","templated":true}]}}