{"id":190273,"date":"2021-02-11T05:42:40","date_gmt":"2021-02-11T04:42:40","guid":{"rendered":"https:\/\/www.radiopiu.net\/wordpress\/?p=190273"},"modified":"2021-02-11T05:54:05","modified_gmt":"2021-02-11T04:54:05","slug":"tavolo-acc-italcomp-di-borgo-valbelluna-donazzan-lancia-appello-alle-banche-il-sistema-bancario-sia-alleato-per-il-rilancio","status":"publish","type":"post","link":"https:\/\/www.radiopiu.net\/wordpress\/tavolo-acc-italcomp-di-borgo-valbelluna-donazzan-lancia-appello-alle-banche-il-sistema-bancario-sia-alleato-per-il-rilancio\/","title":{"rendered":"TAVOLO ACC-ITALCOMP DI BORGO VALBELLUNA. DONAZZAN LANCIA APPELLO ALLE BANCHE. \u201cIL SISTEMA BANCARIO SIA ALLEATO PER IL RILANCIO\u201d"},"content":{"rendered":"<p><strong><a href=\"https:\/\/www.radiopiu.net\/wordpress\/giornale-radiopiu-05-maggio-2018-direttore-mirko-mezzacasa\/acc-mel-e1481823814280\/\" rel=\"attachment wp-att-47563\"><img loading=\"lazy\" decoding=\"async\" class=\"size-medium wp-image-47563 alignleft\" src=\"https:\/\/www.radiopiu.net\/wordpress\/wp-content\/uploads\/2018\/05\/acc-mel-e1481823814280-300x184.jpg\" alt=\"\" width=\"300\" height=\"184\" srcset=\"https:\/\/www.radiopiu.net\/wordpress\/wp-content\/uploads\/2018\/05\/acc-mel-e1481823814280-300x184.jpg 300w, https:\/\/www.radiopiu.net\/wordpress\/wp-content\/uploads\/2018\/05\/acc-mel-e1481823814280-768x472.jpg 768w, https:\/\/www.radiopiu.net\/wordpress\/wp-content\/uploads\/2018\/05\/acc-mel-e1481823814280.jpg 823w\" sizes=\"auto, (max-width: 300px) 100vw, 300px\" \/><\/a>VENEZIA <\/strong>In occasione della sessione straordinaria del Consiglio di Sorveglianza Socio-istituzionale di ACC di Borgo Valbelluna, la Regione del Veneto intervenuta con l\u2019assessore al lavoro Elena Donazzan supportata dall\u2019Unit\u00e0 di Crisi regionale, ha informato le parti di aver chiesto agli istituti di credito di illustrare, alla volta di venerd\u00ec 12 febbraio, le forme di sostegno finanziario che intendono proporre per la realt\u00e0 di ACC. Si tratta di un\u2019azienda che, come emerso dai dati presentati nel corso della riunione, dal punto di vista industriale risulta solida e in espansione, sia rispetto al rapporto con clienti strategici, aumentati nell\u2019ultimo periodo, sia all\u2019incremento di volumi produttivi. Una realt\u00e0 industriale e produttiva che, va sottolineato, conta su un indotto a monte costituito per la quasi totalit\u00e0 da aziende venete e italiane. Ci\u00f2 significa, nel concreto, che il sostegno finanziario ad ACC genererebbe benefici di notevoli dimensioni economiche e sociali per l\u2019intero territorio della provincia di Belluno, bens\u00ec anche a livello regionale e nazionale, considerando il progetto nazionale Italcomp del distretto del compressore. \u201c<em>Il sistema bancario deve essere nostro alleato in questo progetto di rilancio \u2013 ha concluso l\u2019assessore Donazzan, \u2013 perch\u00e9 si tratta di un piano che, in questo particolare momento, permetterebbe di dare respiro ad una realt\u00e0 industriale in grado, con le giuste garanzie, di fare da volano allo sviluppo di un settore economico strategico per il nostro territorio<\/em>\u201d.<\/p>\n","protected":false},"excerpt":{"rendered":"<p>VENEZIA In occasione della sessione straordinaria del Consiglio di Sorveglianza Socio-istituzionale di ACC di Borgo Valbelluna, la Regione del Veneto intervenuta con l\u2019assessore al lavoro Elena Donazzan supportata dall\u2019Unit\u00e0 di Crisi regionale, ha informato le parti di aver chiesto agli istituti di credito di illustrare, alla volta di venerd\u00ec 12 febbraio, le forme di sostegno&hellip;<\/p>\n","protected":false},"author":4,"featured_media":47563,"comment_status":"closed","ping_status":"closed","sticky":false,"template":"","format":"standard","meta":{"_monsterinsights_skip_tracking":false,"_monsterinsights_sitenote_active":false,"_monsterinsights_sitenote_note":"","_monsterinsights_sitenote_category":0,"footnotes":""},"categories":[51,49],"tags":[],"class_list":["post-190273","post","type-post","status-publish","format-standard","has-post-thumbnail","hentry","category-evidenza-top","category-news-18","category-51","category-49","description-off"],"img_url":"https:\/\/www.radiopiu.net\/wordpress\/wp-content\/uploads\/2018\/05\/acc-mel-e1481823814280.jpg","_links":{"self":[{"href":"https:\/\/www.radiopiu.net\/wordpress\/wp-json\/wp\/v2\/posts\/190273","targetHints":{"allow":["GET"]}}],"collection":[{"href":"https:\/\/www.radiopiu.net\/wordpress\/wp-json\/wp\/v2\/posts"}],"about":[{"href":"https:\/\/www.radiopiu.net\/wordpress\/wp-json\/wp\/v2\/types\/post"}],"author":[{"embeddable":true,"href":"https:\/\/www.radiopiu.net\/wordpress\/wp-json\/wp\/v2\/users\/4"}],"replies":[{"embeddable":true,"href":"https:\/\/www.radiopiu.net\/wordpress\/wp-json\/wp\/v2\/comments?post=190273"}],"version-history":[{"count":0,"href":"https:\/\/www.radiopiu.net\/wordpress\/wp-json\/wp\/v2\/posts\/190273\/revisions"}],"wp:featuredmedia":[{"embeddable":true,"href":"https:\/\/www.radiopiu.net\/wordpress\/wp-json\/wp\/v2\/media\/47563"}],"wp:attachment":[{"href":"https:\/\/www.radiopiu.net\/wordpress\/wp-json\/wp\/v2\/media?parent=190273"}],"wp:term":[{"taxonomy":"category","embeddable":true,"href":"https:\/\/www.radiopiu.net\/wordpress\/wp-json\/wp\/v2\/categories?post=190273"},{"taxonomy":"post_tag","embeddable":true,"href":"https:\/\/www.radiopiu.net\/wordpress\/wp-json\/wp\/v2\/tags?post=190273"}],"curies":[{"name":"wp","href":"https:\/\/api.w.org\/{rel}","templated":true}]}}