{"id":190319,"date":"2021-02-11T05:47:00","date_gmt":"2021-02-11T04:47:00","guid":{"rendered":"https:\/\/www.radiopiu.net\/wordpress\/?p=190319"},"modified":"2021-02-11T05:52:45","modified_gmt":"2021-02-11T04:52:45","slug":"trentino11111","status":"publish","type":"post","link":"https:\/\/www.radiopiu.net\/wordpress\/trentino11111\/","title":{"rendered":"DRAMMA AD ARSIE&#8217; MUORE 43ENNE DEL PRIMIERO, MARCO BANCHER"},"content":{"rendered":"<div class=\"im_history_wrap nano has-scrollbar active-scrollbar\">\n<div class=\"im_history_scrollable_wrap nano-content\" tabindex=\"-1\">\n<div class=\"im_history_scrollable\">\n<div class=\"im_history im_history_selectable\">\n<div class=\"im_history_messages im_history_messages_group\">\n<div class=\"im_history_messages_peer\">\n<div class=\"im_history_message_wrap im_grouped\">\n<div class=\"im_message_outer_wrap hasselect\" data-msg-id=\"17248\">\n<div class=\"im_message_wrap clearfix\">\n<div class=\"im_content_message_wrap im_message_in\">\n<div class=\"im_message_body\">\n<div class=\"im_message_text\" dir=\"auto\"><em>In serata la voce della morte di Marco Bancher si \u00e8 sparsa in Primiero dove abitano gli anziani genitori e una sorella. L&#8217;uomo aveva anche alcuni amici feltrini, soprattutto nella zona di Lamon<\/em><\/div>\n<\/div>\n<\/div>\n<\/div>\n<\/div>\n<\/div>\n<\/div>\n<\/div>\n<\/div>\n<\/div>\n<\/div>\n<\/div>\n<p>&nbsp;<\/p>\n<p><strong><a href=\"https:\/\/www.radiopiu.net\/wordpress\/incidente-mortale-ad-arsie\/0a66f9f4-d3a3-4b65-bf75-e607a4ae8832\/\" rel=\"attachment wp-att-190351\"><img loading=\"lazy\" decoding=\"async\" class=\"size-medium wp-image-190351 alignleft\" src=\"https:\/\/www.radiopiu.net\/wordpress\/wp-content\/uploads\/2021\/02\/0a66f9f4-d3a3-4b65-bf75-e607a4ae8832-300x225.jpg\" alt=\"\" width=\"300\" height=\"225\" srcset=\"https:\/\/www.radiopiu.net\/wordpress\/wp-content\/uploads\/2021\/02\/0a66f9f4-d3a3-4b65-bf75-e607a4ae8832-300x225.jpg 300w, https:\/\/www.radiopiu.net\/wordpress\/wp-content\/uploads\/2021\/02\/0a66f9f4-d3a3-4b65-bf75-e607a4ae8832.jpg 320w\" sizes=\"auto, (max-width: 300px) 100vw, 300px\" \/><\/a>ARSIE&#8217; <\/strong>Drammatico incidente nel pomeriggio alle 16.30 ad Arsi\u00e8 lungo la Statale 50. Coinvolti un camion bilico proveniente da Gorizia e condotto da\u00a0 S.D. 55enne e un&#8217;autovettura. L&#8217;impatto frontale \u00e8 stato devastante. Sull&#8217;auto, una Seat Leon un uomo di San Martino di Castrozza: Marco Bancher di 43 anni<strong>.<\/strong>. L&#8217;auto dirigeva da Feltre verso Bassano e avrebbe invaso &#8211; da una prima ricostruzione dei Carabiinieri di Quero- l&#8217;opposta corsia sonctrandosi con il camion. Sul posto l&#8217;elicottero del Suem, l&#8217;uomo \u00e8 morto sul colpo, l&#8217;autista del mezzo pesante \u00e8 stato portato in ospedale con ferite di media gravit\u00e0, non \u00e8 in pericolo di vita. L&#8217; autoarticolato, trasportava billette di fonderie, finite sulla sede stradale. Sul posto i carabinieri e i vigili del fuoco intervenuti anche con l&#8217;autogru per il recupero del mezzo pesante. Il traffico dal momento dal sinistro al recupero del mezzo e del materiale in strada \u00e8 rimasta chiusa con deviazioni lungo le scale di Primolano.<\/p>\n<p>&nbsp;<\/p>\n<p>&nbsp;<\/p>\n\n\t\t\t<style type='text\/css'>\n\t\t\t\t#gallery-1 {\n\t\t\t\t\tmargin: auto;\n\t\t\t\t}\n\t\t\t\t#gallery-1 .gallery-item {\n\t\t\t\t\tfloat: left;\n\t\t\t\t\tmargin-top: 10px;\n\t\t\t\t\ttext-align: center;\n\t\t\t\t\twidth: 33%;\n\t\t\t\t}\n\t\t\t\t#gallery-1 img {\n\t\t\t\t\tborder: 2px solid #cfcfcf;\n\t\t\t\t}\n\t\t\t\t#gallery-1 .gallery-caption {\n\t\t\t\t\tmargin-left: 0;\n\t\t\t\t}\n\t\t\t\t\/* see gallery_shortcode() in wp-includes\/media.php *\/\n\t\t\t<\/style>\n\t\t<div id='gallery-1' class='dt-gallery-container gallery galleryid-190319 gallery-columns-3 gallery-size-thumbnail'><dl class='gallery-item'>\n\t\t\t\t<dt class='gallery-icon landscape'>\n\t\t\t\t\t<a class=\"rollover rollover-zoom dt-pswp-item\" title=\"e2f7ae84-6d4b-4397-8b2f-4bd477754fa6\" data-dt-img-description=\"\" data-large_image_width=\"1280\" data-large_image_height=\"720\"href='https:\/\/www.radiopiu.net\/wordpress\/wp-content\/uploads\/2021\/02\/e2f7ae84-6d4b-4397-8b2f-4bd477754fa6.jpg'><img loading=\"lazy\" decoding=\"async\" width=\"150\" height=\"150\" src=\"https:\/\/www.radiopiu.net\/wordpress\/wp-content\/uploads\/2021\/02\/e2f7ae84-6d4b-4397-8b2f-4bd477754fa6-150x150.jpg\" class=\"attachment-thumbnail size-thumbnail\" alt=\"\" \/><\/a>\n\t\t\t\t<\/dt><\/dl><dl class='gallery-item'>\n\t\t\t\t<dt class='gallery-icon landscape'>\n\t\t\t\t\t<a class=\"rollover rollover-zoom dt-pswp-item\" title=\"bdc5d45f-a2cc-4e97-907b-166b43293552\" data-dt-img-description=\"\" data-large_image_width=\"1280\" data-large_image_height=\"720\"href='https:\/\/www.radiopiu.net\/wordpress\/wp-content\/uploads\/2021\/02\/bdc5d45f-a2cc-4e97-907b-166b43293552.jpg'><img loading=\"lazy\" decoding=\"async\" width=\"150\" height=\"150\" src=\"https:\/\/www.radiopiu.net\/wordpress\/wp-content\/uploads\/2021\/02\/bdc5d45f-a2cc-4e97-907b-166b43293552-150x150.jpg\" class=\"attachment-thumbnail size-thumbnail\" alt=\"\" \/><\/a>\n\t\t\t\t<\/dt><\/dl><dl class='gallery-item'>\n\t\t\t\t<dt class='gallery-icon landscape'>\n\t\t\t\t\t<a class=\"rollover rollover-zoom dt-pswp-item\" title=\"ba11c1fa-d6aa-49e1-a4fb-3a8d564fb8d6\" data-dt-img-description=\"\" data-large_image_width=\"320\" data-large_image_height=\"240\"href='https:\/\/www.radiopiu.net\/wordpress\/wp-content\/uploads\/2021\/02\/ba11c1fa-d6aa-49e1-a4fb-3a8d564fb8d6.jpg'><img loading=\"lazy\" decoding=\"async\" width=\"150\" height=\"150\" src=\"https:\/\/www.radiopiu.net\/wordpress\/wp-content\/uploads\/2021\/02\/ba11c1fa-d6aa-49e1-a4fb-3a8d564fb8d6-150x150.jpg\" class=\"attachment-thumbnail size-thumbnail\" alt=\"\" \/><\/a>\n\t\t\t\t<\/dt><\/dl><br style=\"clear: both\" \/><dl class='gallery-item'>\n\t\t\t\t<dt class='gallery-icon landscape'>\n\t\t\t\t\t<a class=\"rollover rollover-zoom dt-pswp-item\" title=\"ba0105a1-faae-4076-94f9-a4f1d12c7c2c\" data-dt-img-description=\"\" data-large_image_width=\"720\" data-large_image_height=\"496\"href='https:\/\/www.radiopiu.net\/wordpress\/wp-content\/uploads\/2021\/02\/ba0105a1-faae-4076-94f9-a4f1d12c7c2c.jpg'><img loading=\"lazy\" decoding=\"async\" width=\"150\" height=\"150\" src=\"https:\/\/www.radiopiu.net\/wordpress\/wp-content\/uploads\/2021\/02\/ba0105a1-faae-4076-94f9-a4f1d12c7c2c-150x150.jpg\" class=\"attachment-thumbnail size-thumbnail\" alt=\"\" \/><\/a>\n\t\t\t\t<\/dt><\/dl><dl class='gallery-item'>\n\t\t\t\t<dt class='gallery-icon landscape'>\n\t\t\t\t\t<a class=\"rollover rollover-zoom dt-pswp-item\" title=\"9dcf0304-6dc4-446c-86e3-3530bc9661d4\" data-dt-img-description=\"\" data-large_image_width=\"1280\" data-large_image_height=\"879\"href='https:\/\/www.radiopiu.net\/wordpress\/wp-content\/uploads\/2021\/02\/9dcf0304-6dc4-446c-86e3-3530bc9661d4.jpg'><img loading=\"lazy\" decoding=\"async\" width=\"150\" height=\"150\" src=\"https:\/\/www.radiopiu.net\/wordpress\/wp-content\/uploads\/2021\/02\/9dcf0304-6dc4-446c-86e3-3530bc9661d4-150x150.jpg\" class=\"attachment-thumbnail size-thumbnail\" alt=\"\" \/><\/a>\n\t\t\t\t<\/dt><\/dl><dl class='gallery-item'>\n\t\t\t\t<dt class='gallery-icon landscape'>\n\t\t\t\t\t<a class=\"rollover rollover-zoom dt-pswp-item\" title=\"343b983d-7650-48d5-91e9-275cf3bec54d\" data-dt-img-description=\"\" data-large_image_width=\"1280\" data-large_image_height=\"873\"href='https:\/\/www.radiopiu.net\/wordpress\/wp-content\/uploads\/2021\/02\/343b983d-7650-48d5-91e9-275cf3bec54d.jpg'><img loading=\"lazy\" decoding=\"async\" width=\"150\" height=\"150\" src=\"https:\/\/www.radiopiu.net\/wordpress\/wp-content\/uploads\/2021\/02\/343b983d-7650-48d5-91e9-275cf3bec54d-150x150.jpg\" class=\"attachment-thumbnail size-thumbnail\" alt=\"\" \/><\/a>\n\t\t\t\t<\/dt><\/dl><br style=\"clear: both\" \/>\n\t\t\t<\/div>\n\n","protected":false},"excerpt":{"rendered":"<p>In serata la voce della morte di Marco Bancher si \u00e8 sparsa in Primiero dove abitano gli anziani genitori e una sorella. L&#8217;uomo aveva anche alcuni amici feltrini, soprattutto nella zona di Lamon &nbsp; ARSIE&#8217; Drammatico incidente nel pomeriggio alle 16.30 ad Arsi\u00e8 lungo la Statale 50. Coinvolti un camion bilico proveniente da Gorizia e&hellip;<\/p>\n","protected":false},"author":4,"featured_media":190364,"comment_status":"closed","ping_status":"closed","sticky":false,"template":"","format":"standard","meta":{"_monsterinsights_skip_tracking":false,"_monsterinsights_sitenote_active":false,"_monsterinsights_sitenote_note":"","_monsterinsights_sitenote_category":0,"footnotes":""},"categories":[51,49],"tags":[],"class_list":["post-190319","post","type-post","status-publish","format-standard","has-post-thumbnail","hentry","category-evidenza-top","category-news-18","category-51","category-49","description-off"],"img_url":"https:\/\/www.radiopiu.net\/wordpress\/wp-content\/uploads\/2021\/02\/ba0105a1-faae-4076-94f9-a4f1d12c7c2c.jpg","_links":{"self":[{"href":"https:\/\/www.radiopiu.net\/wordpress\/wp-json\/wp\/v2\/posts\/190319","targetHints":{"allow":["GET"]}}],"collection":[{"href":"https:\/\/www.radiopiu.net\/wordpress\/wp-json\/wp\/v2\/posts"}],"about":[{"href":"https:\/\/www.radiopiu.net\/wordpress\/wp-json\/wp\/v2\/types\/post"}],"author":[{"embeddable":true,"href":"https:\/\/www.radiopiu.net\/wordpress\/wp-json\/wp\/v2\/users\/4"}],"replies":[{"embeddable":true,"href":"https:\/\/www.radiopiu.net\/wordpress\/wp-json\/wp\/v2\/comments?post=190319"}],"version-history":[{"count":0,"href":"https:\/\/www.radiopiu.net\/wordpress\/wp-json\/wp\/v2\/posts\/190319\/revisions"}],"wp:featuredmedia":[{"embeddable":true,"href":"https:\/\/www.radiopiu.net\/wordpress\/wp-json\/wp\/v2\/media\/190364"}],"wp:attachment":[{"href":"https:\/\/www.radiopiu.net\/wordpress\/wp-json\/wp\/v2\/media?parent=190319"}],"wp:term":[{"taxonomy":"category","embeddable":true,"href":"https:\/\/www.radiopiu.net\/wordpress\/wp-json\/wp\/v2\/categories?post=190319"},{"taxonomy":"post_tag","embeddable":true,"href":"https:\/\/www.radiopiu.net\/wordpress\/wp-json\/wp\/v2\/tags?post=190319"}],"curies":[{"name":"wp","href":"https:\/\/api.w.org\/{rel}","templated":true}]}}