{"id":190376,"date":"2021-02-11T05:07:38","date_gmt":"2021-02-11T04:07:38","guid":{"rendered":"https:\/\/www.radiopiu.net\/wordpress\/?p=190376"},"modified":"2021-02-11T15:54:51","modified_gmt":"2021-02-11T14:54:51","slug":"i-mondiali-di-cortina-partono-con-i-due-superg","status":"publish","type":"post","link":"https:\/\/www.radiopiu.net\/wordpress\/i-mondiali-di-cortina-partono-con-i-due-superg\/","title":{"rendered":"I MONDIALI DI CORTINA PARTONO CON I DUE SUPERG"},"content":{"rendered":"<blockquote>\n<h3><em>ALLE 10.45 GARA FEMMINILE, ALLE 13 QUELLA MASCHILE<\/em><\/h3>\n<\/blockquote>\n<p><img loading=\"lazy\" decoding=\"async\" class=\"alignleft\" src=\"https:\/\/www.radiopiu.net\/wordpress\/wp-content\/uploads\/2021\/02\/bf5e646d-c3da-4e76-a307-586b2d13d44f.jpg\" width=\"334\" height=\"236\" \/><strong>CORTINA<\/strong> Due gare nello stesso giorno, a distanza di poche ore. Il programma sportivo dei Mondiali di Cortina si aprir\u00e0 con i due superG, in origine previsti per marted\u00ec e spostati a causa del maltempo.<\/p>\n<p>Alle 10.45 sull\u2019Olympia delle Tofane partir\u00e0 la gara femminile; sar\u00e0 aperta da Marta Bassino che ha di nuovo preferito il pettorale numero 1. La svizzera Lara Gut-Behrami, leader di specialit\u00e0 in Coppa del Mondo e una delle grandi favorite, ha scelto per prima e ha deciso di partire con il 7. Pettorale 5 e 9 per Corinne Suter e Federica Brignone, seconda e terza nella standing di specialit\u00e0. La campionessa in carica Mikaela Shiffrin avr\u00e0 il pettorale 4.<\/p>\n<p>Alle 13.00 la nuova pista Vertigine ospiter\u00e0 il superG maschile. Il pettorale 1 verr\u00e0 indossato dall\u2019austriaco Christian Walder, con il 3 toccher\u00e0 a Mauro Caviezel, grande protagonista di inizio stagione che si \u00e8 poi dovuto fermare per infortunio e che ritorner\u00e0 in pista domani, per la gara iridata. Numero 5 per l\u2019attuale leader della classifica di superG, l\u2019austriaco Vincent Kriechmayr. L\u2019italiano Dominik Paris, che ha vinto il titolo nell\u2019ultima edizione di \u00c5re (2019) partir\u00e0 con l\u20198.<\/p>\n","protected":false},"excerpt":{"rendered":"<p>ALLE 10.45 GARA FEMMINILE, ALLE 13 QUELLA MASCHILE CORTINA Due gare nello stesso giorno, a distanza di poche ore. Il programma sportivo dei Mondiali di Cortina si aprir\u00e0 con i due superG, in origine previsti per marted\u00ec e spostati a causa del maltempo. Alle 10.45 sull\u2019Olympia delle Tofane partir\u00e0 la gara femminile; sar\u00e0 aperta da&hellip;<\/p>\n","protected":false},"author":4,"featured_media":190377,"comment_status":"closed","ping_status":"closed","sticky":false,"template":"","format":"standard","meta":{"_monsterinsights_skip_tracking":false,"_monsterinsights_sitenote_active":false,"_monsterinsights_sitenote_note":"","_monsterinsights_sitenote_category":0,"footnotes":""},"categories":[49,72],"tags":[],"class_list":["post-190376","post","type-post","status-publish","format-standard","has-post-thumbnail","hentry","category-news-18","category-sport","category-49","category-72","description-off"],"img_url":"https:\/\/www.radiopiu.net\/wordpress\/wp-content\/uploads\/2021\/02\/bf5e646d-c3da-4e76-a307-586b2d13d44f.jpg","_links":{"self":[{"href":"https:\/\/www.radiopiu.net\/wordpress\/wp-json\/wp\/v2\/posts\/190376","targetHints":{"allow":["GET"]}}],"collection":[{"href":"https:\/\/www.radiopiu.net\/wordpress\/wp-json\/wp\/v2\/posts"}],"about":[{"href":"https:\/\/www.radiopiu.net\/wordpress\/wp-json\/wp\/v2\/types\/post"}],"author":[{"embeddable":true,"href":"https:\/\/www.radiopiu.net\/wordpress\/wp-json\/wp\/v2\/users\/4"}],"replies":[{"embeddable":true,"href":"https:\/\/www.radiopiu.net\/wordpress\/wp-json\/wp\/v2\/comments?post=190376"}],"version-history":[{"count":0,"href":"https:\/\/www.radiopiu.net\/wordpress\/wp-json\/wp\/v2\/posts\/190376\/revisions"}],"wp:featuredmedia":[{"embeddable":true,"href":"https:\/\/www.radiopiu.net\/wordpress\/wp-json\/wp\/v2\/media\/190377"}],"wp:attachment":[{"href":"https:\/\/www.radiopiu.net\/wordpress\/wp-json\/wp\/v2\/media?parent=190376"}],"wp:term":[{"taxonomy":"category","embeddable":true,"href":"https:\/\/www.radiopiu.net\/wordpress\/wp-json\/wp\/v2\/categories?post=190376"},{"taxonomy":"post_tag","embeddable":true,"href":"https:\/\/www.radiopiu.net\/wordpress\/wp-json\/wp\/v2\/tags?post=190376"}],"curies":[{"name":"wp","href":"https:\/\/api.w.org\/{rel}","templated":true}]}}