{"id":190396,"date":"2021-02-11T05:49:29","date_gmt":"2021-02-11T04:49:29","guid":{"rendered":"https:\/\/www.radiopiu.net\/wordpress\/?p=190396"},"modified":"2021-02-11T11:14:39","modified_gmt":"2021-02-11T10:14:39","slug":"e-morto-giuseppe-da-rold-stroncato-da-malore-nel-suo-ufficio","status":"publish","type":"post","link":"https:\/\/www.radiopiu.net\/wordpress\/e-morto-giuseppe-da-rold-stroncato-da-malore-nel-suo-ufficio\/","title":{"rendered":"E&#8217; MORTO GIUSEPPE DA ROLD, STRONCATO DA MALORE NEL SUO UFFICIO"},"content":{"rendered":"<div class=\"articlePlainSubHead\"><strong><img loading=\"lazy\" decoding=\"async\" class=\"alignleft\" src=\"https:\/\/www.radiopiu.net\/wordpress\/wp-content\/uploads\/2021\/02\/47f73cba-9ccf-4114-80b6-6449f7746762.jpg\" width=\"218\" height=\"123\" \/>BELLUNO<\/strong> E&#8217; un malore improvviso la causa della morte del\u00a0 direttore dell&#8217;Appia Cna di Belluno, Giuseppe Da Rold. Aveva 62 anni. Ieri\u00a0 Da Rold \u00e8 arrivato in ufficio come ogni giorno, attorno a mezzogiorno la segretaria \u00e8 entrata per salutarlo, prima di andare via ed\u00a0 ha fatto la triste\u00a0 scoperta. Il direttore era seduto sulla sua poltrona.\u00a0 Immediatamente \u00e8 scattato l&#8217;allarme: prima la chiamata al 118, poi il tentativo di rianimazione da parte di un dipendente addetto al primo soccorso sotto la guida, via telefono, del personale dell&#8217;emergenza-urgenza,\u00a0 purtroppo non \u00e8 servito a nulla. Giuseppe Da Rold, dopo poco \u00e8 deceduto al pronto soccorso. Lascia la moglie e il figlio Giacomo.\u00a0 Era persona capace, competente, che ha sempre dato molto all&#8217;Appia dove ha speso la sua vita.<\/div>\n<div><\/div>\n<div>\n<p>&nbsp;<\/p>\n<p>&nbsp;<\/p>\n<blockquote>\n<h3>Scomparsa Giuseppe Da Rold, Confartigianato Belluno esprime vicinanza e cordoglio<\/h3>\n<\/blockquote>\n<p><strong>BELLUNO<\/strong>\u00a0<em>\u00abLa scomparsa di Giuseppe Da Rold ci lascia attoniti e senza parole. La sua figura mancher\u00e0 tanto non solo all\u2019Appia, ma a tutto il territorio bellunese.\u00a0 Rimarr\u00e0 sempre il ricordo della sua passione, della sua professionalit\u00e0, della sua grande esperienza. Giuseppe ci mancher\u00e0 tanto soprattutto nel delicato lavoro di tessere insieme la trama del futuro della nostra provincia. Siamo vicini nel dolore alla famiglia, al presidente Massimo Sposato, e a tutti i dipendenti e associati Appia\u00bb.<\/em><\/p>\n<\/div>\n","protected":false},"excerpt":{"rendered":"<p>BELLUNO E&#8217; un malore improvviso la causa della morte del\u00a0 direttore dell&#8217;Appia Cna di Belluno, Giuseppe Da Rold. Aveva 62 anni. Ieri\u00a0 Da Rold \u00e8 arrivato in ufficio come ogni giorno, attorno a mezzogiorno la segretaria \u00e8 entrata per salutarlo, prima di andare via ed\u00a0 ha fatto la triste\u00a0 scoperta. Il direttore era seduto sulla&hellip;<\/p>\n","protected":false},"author":4,"featured_media":190397,"comment_status":"closed","ping_status":"closed","sticky":false,"template":"","format":"standard","meta":{"_monsterinsights_skip_tracking":false,"_monsterinsights_sitenote_active":false,"_monsterinsights_sitenote_note":"","_monsterinsights_sitenote_category":0,"footnotes":""},"categories":[51,49],"tags":[],"class_list":["post-190396","post","type-post","status-publish","format-standard","has-post-thumbnail","hentry","category-evidenza-top","category-news-18","category-51","category-49","description-off"],"img_url":"https:\/\/www.radiopiu.net\/wordpress\/wp-content\/uploads\/2021\/02\/47f73cba-9ccf-4114-80b6-6449f7746762.jpg","_links":{"self":[{"href":"https:\/\/www.radiopiu.net\/wordpress\/wp-json\/wp\/v2\/posts\/190396","targetHints":{"allow":["GET"]}}],"collection":[{"href":"https:\/\/www.radiopiu.net\/wordpress\/wp-json\/wp\/v2\/posts"}],"about":[{"href":"https:\/\/www.radiopiu.net\/wordpress\/wp-json\/wp\/v2\/types\/post"}],"author":[{"embeddable":true,"href":"https:\/\/www.radiopiu.net\/wordpress\/wp-json\/wp\/v2\/users\/4"}],"replies":[{"embeddable":true,"href":"https:\/\/www.radiopiu.net\/wordpress\/wp-json\/wp\/v2\/comments?post=190396"}],"version-history":[{"count":0,"href":"https:\/\/www.radiopiu.net\/wordpress\/wp-json\/wp\/v2\/posts\/190396\/revisions"}],"wp:featuredmedia":[{"embeddable":true,"href":"https:\/\/www.radiopiu.net\/wordpress\/wp-json\/wp\/v2\/media\/190397"}],"wp:attachment":[{"href":"https:\/\/www.radiopiu.net\/wordpress\/wp-json\/wp\/v2\/media?parent=190396"}],"wp:term":[{"taxonomy":"category","embeddable":true,"href":"https:\/\/www.radiopiu.net\/wordpress\/wp-json\/wp\/v2\/categories?post=190396"},{"taxonomy":"post_tag","embeddable":true,"href":"https:\/\/www.radiopiu.net\/wordpress\/wp-json\/wp\/v2\/tags?post=190396"}],"curies":[{"name":"wp","href":"https:\/\/api.w.org\/{rel}","templated":true}]}}