{"id":190438,"date":"2021-02-11T09:59:07","date_gmt":"2021-02-11T08:59:07","guid":{"rendered":"https:\/\/www.radiopiu.net\/wordpress\/?p=190438"},"modified":"2021-02-11T09:59:07","modified_gmt":"2021-02-11T08:59:07","slug":"i-militari-e-le-forze-dellordine-che-vegliano-su-cortina-2021","status":"publish","type":"post","link":"https:\/\/www.radiopiu.net\/wordpress\/i-militari-e-le-forze-dellordine-che-vegliano-su-cortina-2021\/","title":{"rendered":"I MILITARI E LE FORZE DELL\u2019ORDINE CHE VEGLIANO SU CORTINA 2021"},"content":{"rendered":"<p>&nbsp;<\/p>\n<blockquote>\n<h3>TRUPPE ALPINE DELL\u2019ESERCITO, CARABINIERI, GUARDIA DI FINANZA E POLIZIA DI STATO.<\/h3>\n<\/blockquote>\n<p><strong>CORTINA <\/strong>I Campionati del mondo di sci alpino Cortina 2021, in corso in queste settimane nella spettacolare scenografia della Regina delle Dolomiti, sono un grande evento internazionale che si svolge anche all\u2019insegna della massima sicurezza di tutti \u2013 atleti, squadre, dirigenti, volontari, operatori dei media e ovviamente la comunit\u00e0 locale. Sono le donne e gli uomini di Truppe Alpine dell\u2019Esercito, Carabinieri, Guardia di Finanza e Polizia di Stato gli \u201cangeli\u201d che vegliano ogni giorno sullo svolgimento ottimale della manifestazione, grazie alla loro indiscutibile professionalit\u00e0, la competenza nella gestione dei grandi eventi e la profonda conoscenza dell\u2019ambiente alpino. Immancabili gli Alpini, presenti a Cortina d\u2019Ampezzo con un contingente di circa 150 unit\u00e0 provenienti da tutti reggimenti alpini dislocati nel Nord Italia e all\u2019Aquila, sotto il coordinamento del Comando Truppe Alpine. La macchina della sicurezza coinvolge anche l\u2019Arma dei Carabinieri, presente alla manifestazione iridata con il Gruppo di sciatori e con la squadra di soccorso alpino della Compagnia Cortina d\u2019Ampezzo, abituati a operare in un territorio difficile come quello montano. Insieme a loro, sono presenti in questi giorni a Cortina reparti di grande professionalit\u00e0 provenienti da tutto il Paese. Grande anche l\u2019impegno della Guardia di Finanza, che ha schierato sul territorio 100 militari (20 dei quali appartenenti al Soccorso Alpino della Guardia di Finanza \u2013 SAGF), oltre a un medico e a un\u2019ambulanza che graviteranno sull\u2019area delle competizioni. La Polizia di Stato, infine, \u00e8 in prima linea per Cortina 2021 con le unit\u00e0 cinofile, gli artificieri, le squadre U.o.p.i. (Unit\u00e0 operative primo intervento), il servizio di sicurezza e soccorso in montagna, i tiratori Scelti e i Reparti mobili che, coordinati dalla questura di Belluno, assicurano le attivit\u00e0 di controllo del territorio e vigilanza degli obiettivi sensibili<\/p>\n<p>&nbsp;<\/p>\n\n\t\t\t<style type='text\/css'>\n\t\t\t\t#gallery-1 {\n\t\t\t\t\tmargin: auto;\n\t\t\t\t}\n\t\t\t\t#gallery-1 .gallery-item {\n\t\t\t\t\tfloat: left;\n\t\t\t\t\tmargin-top: 10px;\n\t\t\t\t\ttext-align: center;\n\t\t\t\t\twidth: 25%;\n\t\t\t\t}\n\t\t\t\t#gallery-1 img {\n\t\t\t\t\tborder: 2px solid #cfcfcf;\n\t\t\t\t}\n\t\t\t\t#gallery-1 .gallery-caption {\n\t\t\t\t\tmargin-left: 0;\n\t\t\t\t}\n\t\t\t\t\/* see gallery_shortcode() in wp-includes\/media.php *\/\n\t\t\t<\/style>\n\t\t<div id='gallery-1' class='dt-gallery-container gallery galleryid-190438 gallery-columns-4 gallery-size-medium'><dl class='gallery-item'>\n\t\t\t\t<dt class='gallery-icon landscape'>\n\t\t\t\t\t<a class=\"rollover rollover-zoom dt-pswp-item\" title=\"alpini\" data-dt-img-description=\"\" data-large_image_width=\"1600\" data-large_image_height=\"840\"href='https:\/\/www.radiopiu.net\/wordpress\/wp-content\/uploads\/2021\/02\/alpini.jpeg'><img loading=\"lazy\" decoding=\"async\" width=\"300\" height=\"158\" src=\"https:\/\/www.radiopiu.net\/wordpress\/wp-content\/uploads\/2021\/02\/alpini-300x158.jpeg\" class=\"attachment-medium size-medium\" alt=\"\" aria-describedby=\"gallery-1-190300\" srcset=\"https:\/\/www.radiopiu.net\/wordpress\/wp-content\/uploads\/2021\/02\/alpini-300x158.jpeg 300w, https:\/\/www.radiopiu.net\/wordpress\/wp-content\/uploads\/2021\/02\/alpini-1024x538.jpeg 1024w, https:\/\/www.radiopiu.net\/wordpress\/wp-content\/uploads\/2021\/02\/alpini-768x403.jpeg 768w, https:\/\/www.radiopiu.net\/wordpress\/wp-content\/uploads\/2021\/02\/alpini-1536x806.jpeg 1536w, https:\/\/www.radiopiu.net\/wordpress\/wp-content\/uploads\/2021\/02\/alpini.jpeg 1600w\" sizes=\"auto, (max-width: 300px) 100vw, 300px\" \/><\/a>\n\t\t\t\t<\/dt>\n\t\t\t\t\t<dd class='wp-caption-text gallery-caption' id='gallery-1-190300'>\n\t\t\t\t\tALPINI\n\t\t\t\t\t<\/dd><\/dl><dl class='gallery-item'>\n\t\t\t\t<dt class='gallery-icon landscape'>\n\t\t\t\t\t<a class=\"rollover rollover-zoom dt-pswp-item\" title=\"Carabinieri\" data-dt-img-description=\"\" data-large_image_width=\"1024\" data-large_image_height=\"727\"href='https:\/\/www.radiopiu.net\/wordpress\/wp-content\/uploads\/2021\/02\/Carabinieri.jpeg'><img loading=\"lazy\" decoding=\"async\" width=\"300\" height=\"213\" src=\"https:\/\/www.radiopiu.net\/wordpress\/wp-content\/uploads\/2021\/02\/Carabinieri-300x213.jpeg\" class=\"attachment-medium size-medium\" alt=\"\" aria-describedby=\"gallery-1-190301\" srcset=\"https:\/\/www.radiopiu.net\/wordpress\/wp-content\/uploads\/2021\/02\/Carabinieri-300x213.jpeg 300w, https:\/\/www.radiopiu.net\/wordpress\/wp-content\/uploads\/2021\/02\/Carabinieri-768x545.jpeg 768w, https:\/\/www.radiopiu.net\/wordpress\/wp-content\/uploads\/2021\/02\/Carabinieri.jpeg 1024w\" sizes=\"auto, (max-width: 300px) 100vw, 300px\" \/><\/a>\n\t\t\t\t<\/dt>\n\t\t\t\t\t<dd class='wp-caption-text gallery-caption' id='gallery-1-190301'>\n\t\t\t\t\tCARABINIERI\n\t\t\t\t\t<\/dd><\/dl><dl class='gallery-item'>\n\t\t\t\t<dt class='gallery-icon landscape'>\n\t\t\t\t\t<a class=\"rollover rollover-zoom dt-pswp-item\" title=\"fiamme gialle\" data-dt-img-description=\"\" data-large_image_width=\"2560\" data-large_image_height=\"1920\"href='https:\/\/www.radiopiu.net\/wordpress\/wp-content\/uploads\/2021\/02\/fiamme-gialle-scaled.jpeg'><img loading=\"lazy\" decoding=\"async\" width=\"300\" height=\"225\" src=\"https:\/\/www.radiopiu.net\/wordpress\/wp-content\/uploads\/2021\/02\/fiamme-gialle-300x225.jpeg\" class=\"attachment-medium size-medium\" alt=\"\" aria-describedby=\"gallery-1-190302\" srcset=\"https:\/\/www.radiopiu.net\/wordpress\/wp-content\/uploads\/2021\/02\/fiamme-gialle-300x225.jpeg 300w, https:\/\/www.radiopiu.net\/wordpress\/wp-content\/uploads\/2021\/02\/fiamme-gialle-1024x768.jpeg 1024w, https:\/\/www.radiopiu.net\/wordpress\/wp-content\/uploads\/2021\/02\/fiamme-gialle-768x576.jpeg 768w, https:\/\/www.radiopiu.net\/wordpress\/wp-content\/uploads\/2021\/02\/fiamme-gialle-1536x1152.jpeg 1536w, https:\/\/www.radiopiu.net\/wordpress\/wp-content\/uploads\/2021\/02\/fiamme-gialle-2048x1536.jpeg 2048w\" sizes=\"auto, (max-width: 300px) 100vw, 300px\" \/><\/a>\n\t\t\t\t<\/dt>\n\t\t\t\t\t<dd class='wp-caption-text gallery-caption' id='gallery-1-190302'>\n\t\t\t\t\tGUARDIA DI FINANZA\n\t\t\t\t\t<\/dd><\/dl><dl class='gallery-item'>\n\t\t\t\t<dt class='gallery-icon landscape'>\n\t\t\t\t\t<a class=\"rollover rollover-zoom dt-pswp-item\" title=\"Polizia\" data-dt-img-description=\"\" data-large_image_width=\"1600\" data-large_image_height=\"1066\"href='https:\/\/www.radiopiu.net\/wordpress\/wp-content\/uploads\/2021\/02\/Polizia.jpeg'><img loading=\"lazy\" decoding=\"async\" width=\"300\" height=\"200\" src=\"https:\/\/www.radiopiu.net\/wordpress\/wp-content\/uploads\/2021\/02\/Polizia-300x200.jpeg\" class=\"attachment-medium size-medium\" alt=\"\" aria-describedby=\"gallery-1-190303\" srcset=\"https:\/\/www.radiopiu.net\/wordpress\/wp-content\/uploads\/2021\/02\/Polizia-300x200.jpeg 300w, https:\/\/www.radiopiu.net\/wordpress\/wp-content\/uploads\/2021\/02\/Polizia-1024x682.jpeg 1024w, https:\/\/www.radiopiu.net\/wordpress\/wp-content\/uploads\/2021\/02\/Polizia-768x512.jpeg 768w, https:\/\/www.radiopiu.net\/wordpress\/wp-content\/uploads\/2021\/02\/Polizia-1536x1023.jpeg 1536w, https:\/\/www.radiopiu.net\/wordpress\/wp-content\/uploads\/2021\/02\/Polizia.jpeg 1600w\" sizes=\"auto, (max-width: 300px) 100vw, 300px\" \/><\/a>\n\t\t\t\t<\/dt>\n\t\t\t\t\t<dd class='wp-caption-text gallery-caption' id='gallery-1-190303'>\n\t\t\t\t\tPOLIZIA\n\t\t\t\t\t<\/dd><\/dl><br style=\"clear: both\" \/>\n\t\t\t<\/div>\n\n<p>&nbsp;<\/p>\n<hr \/>\n<p>&nbsp;<\/p>\n<p>&nbsp;<\/p>\n","protected":false},"excerpt":{"rendered":"<p>&nbsp; TRUPPE ALPINE DELL\u2019ESERCITO, CARABINIERI, GUARDIA DI FINANZA E POLIZIA DI STATO. CORTINA I Campionati del mondo di sci alpino Cortina 2021, in corso in queste settimane nella spettacolare scenografia della Regina delle Dolomiti, sono un grande evento internazionale che si svolge anche all\u2019insegna della massima sicurezza di tutti \u2013 atleti, squadre, dirigenti, volontari, operatori&hellip;<\/p>\n","protected":false},"author":1,"featured_media":190300,"comment_status":"closed","ping_status":"closed","sticky":false,"template":"","format":"standard","meta":{"_monsterinsights_skip_tracking":false,"_monsterinsights_sitenote_active":false,"_monsterinsights_sitenote_note":"","_monsterinsights_sitenote_category":0,"footnotes":""},"categories":[51,49],"tags":[],"class_list":["post-190438","post","type-post","status-publish","format-standard","has-post-thumbnail","hentry","category-evidenza-top","category-news-18","category-51","category-49","description-off"],"img_url":"https:\/\/www.radiopiu.net\/wordpress\/wp-content\/uploads\/2021\/02\/alpini.jpeg","_links":{"self":[{"href":"https:\/\/www.radiopiu.net\/wordpress\/wp-json\/wp\/v2\/posts\/190438","targetHints":{"allow":["GET"]}}],"collection":[{"href":"https:\/\/www.radiopiu.net\/wordpress\/wp-json\/wp\/v2\/posts"}],"about":[{"href":"https:\/\/www.radiopiu.net\/wordpress\/wp-json\/wp\/v2\/types\/post"}],"author":[{"embeddable":true,"href":"https:\/\/www.radiopiu.net\/wordpress\/wp-json\/wp\/v2\/users\/1"}],"replies":[{"embeddable":true,"href":"https:\/\/www.radiopiu.net\/wordpress\/wp-json\/wp\/v2\/comments?post=190438"}],"version-history":[{"count":0,"href":"https:\/\/www.radiopiu.net\/wordpress\/wp-json\/wp\/v2\/posts\/190438\/revisions"}],"wp:featuredmedia":[{"embeddable":true,"href":"https:\/\/www.radiopiu.net\/wordpress\/wp-json\/wp\/v2\/media\/190300"}],"wp:attachment":[{"href":"https:\/\/www.radiopiu.net\/wordpress\/wp-json\/wp\/v2\/media?parent=190438"}],"wp:term":[{"taxonomy":"category","embeddable":true,"href":"https:\/\/www.radiopiu.net\/wordpress\/wp-json\/wp\/v2\/categories?post=190438"},{"taxonomy":"post_tag","embeddable":true,"href":"https:\/\/www.radiopiu.net\/wordpress\/wp-json\/wp\/v2\/tags?post=190438"}],"curies":[{"name":"wp","href":"https:\/\/api.w.org\/{rel}","templated":true}]}}