{"id":190455,"date":"2021-02-11T11:31:19","date_gmt":"2021-02-11T10:31:19","guid":{"rendered":"https:\/\/www.radiopiu.net\/wordpress\/?p=190455"},"modified":"2021-02-11T11:31:19","modified_gmt":"2021-02-11T10:31:19","slug":"accoglienza-delle-persone-fragili-contributi-per-10mila-euro","status":"publish","type":"post","link":"https:\/\/www.radiopiu.net\/wordpress\/accoglienza-delle-persone-fragili-contributi-per-10mila-euro\/","title":{"rendered":"ACCOGLIENZA DELLE PERSONE FRAGILI, CONTRIBUTI PER 10MILA EURO"},"content":{"rendered":"<p><strong><a href=\"https:\/\/www.radiopiu.net\/wordpress\/accoglienza-delle-persone-fragili-contributi-per-10mila-euro\/carenzoni2_0\/\" rel=\"attachment wp-att-190456\"><img loading=\"lazy\" decoding=\"async\" class=\"size-medium wp-image-190456 alignleft\" src=\"https:\/\/www.radiopiu.net\/wordpress\/wp-content\/uploads\/2021\/02\/carenzoni2_0-300x154.jpg\" alt=\"\" width=\"300\" height=\"154\" srcset=\"https:\/\/www.radiopiu.net\/wordpress\/wp-content\/uploads\/2021\/02\/carenzoni2_0-300x154.jpg 300w, https:\/\/www.radiopiu.net\/wordpress\/wp-content\/uploads\/2021\/02\/carenzoni2_0-768x395.jpg 768w, https:\/\/www.radiopiu.net\/wordpress\/wp-content\/uploads\/2021\/02\/carenzoni2_0.jpg 800w\" sizes=\"auto, (max-width: 300px) 100vw, 300px\" \/><\/a>FELTRE<\/strong> La Giunta comunale ha approvato l&#8217;avviso per l&#8217;assegnazione di contributi finanziari straordinari ad associazioni senza scopo di lucro, enti privati, organizzazioni di volontariato e di promozione sociale che realizzano interventi di allestimento di spazi dove accogliere soggetti fragili e\/o a rischio di emarginazione. L&#8217;importo complessivo delle risorse disponibili era pari a 10 mila euro. A seguito delle due domande pervenute, e ripartiti i fondi in base ai coefficienti di graduatoria previsti nell\u2019avviso pubblico, \u00e8 stato assegnato l&#8217;importo di 7.434 euro all&#8217;Istituto\u201d Carenzoni-Monego\u201d (foto visitfeltre.info) e di 2.565 alla Societ\u00e0 Cooperativa Dumia.<em>\u201cSi tratta di un intervento volto a sostenere realt\u00e0 importanti del nostro tessuto sociale, in un ambito \u2013 quello dell&#8217;accoglienza di persone fragili o in difficolt\u00e0 \u2013 di particolare rilievo, sottolinea il presidente del consiglio comunale Manuel Sacchet<\/em>.\u00a0 L&#8217;anno appena terminato \u00e8 stato particolarmente difficile anche per chi opera in questi settori, a causa del prolungato stop di attivit\u00e0 formative ed educative, oltre che della forte riduzione negli spostamenti delle persone legata all&#8217;emergenza sanitaria in atto. <em>Con questi contributi, conclude Sacchet, vogliamo manifestare, sia pure in maniera non risolutiva, un segno concreto di vicinanza a chi opera nell&#8217;ambito dell&#8217;accoglienza di studenti, lavoratori che giungono da fuori, ma anche di persone fragili o con difficolt\u00e0 di inserimento sociale e contribuiscono a fare di Feltre sempre pi\u00f9 una comunit\u00e0 inclusiva e accogliente\u201d.\u00a0<\/em><\/p>\n","protected":false},"excerpt":{"rendered":"<p>FELTRE La Giunta comunale ha approvato l&#8217;avviso per l&#8217;assegnazione di contributi finanziari straordinari ad associazioni senza scopo di lucro, enti privati, organizzazioni di volontariato e di promozione sociale che realizzano interventi di allestimento di spazi dove accogliere soggetti fragili e\/o a rischio di emarginazione. L&#8217;importo complessivo delle risorse disponibili era pari a 10 mila euro.&hellip;<\/p>\n","protected":false},"author":4,"featured_media":190456,"comment_status":"closed","ping_status":"closed","sticky":false,"template":"","format":"standard","meta":{"_monsterinsights_skip_tracking":false,"_monsterinsights_sitenote_active":false,"_monsterinsights_sitenote_note":"","_monsterinsights_sitenote_category":0,"footnotes":""},"categories":[49],"tags":[],"class_list":["post-190455","post","type-post","status-publish","format-standard","has-post-thumbnail","hentry","category-news-18","category-49","description-off"],"img_url":"https:\/\/www.radiopiu.net\/wordpress\/wp-content\/uploads\/2021\/02\/carenzoni2_0.jpg","_links":{"self":[{"href":"https:\/\/www.radiopiu.net\/wordpress\/wp-json\/wp\/v2\/posts\/190455","targetHints":{"allow":["GET"]}}],"collection":[{"href":"https:\/\/www.radiopiu.net\/wordpress\/wp-json\/wp\/v2\/posts"}],"about":[{"href":"https:\/\/www.radiopiu.net\/wordpress\/wp-json\/wp\/v2\/types\/post"}],"author":[{"embeddable":true,"href":"https:\/\/www.radiopiu.net\/wordpress\/wp-json\/wp\/v2\/users\/4"}],"replies":[{"embeddable":true,"href":"https:\/\/www.radiopiu.net\/wordpress\/wp-json\/wp\/v2\/comments?post=190455"}],"version-history":[{"count":0,"href":"https:\/\/www.radiopiu.net\/wordpress\/wp-json\/wp\/v2\/posts\/190455\/revisions"}],"wp:featuredmedia":[{"embeddable":true,"href":"https:\/\/www.radiopiu.net\/wordpress\/wp-json\/wp\/v2\/media\/190456"}],"wp:attachment":[{"href":"https:\/\/www.radiopiu.net\/wordpress\/wp-json\/wp\/v2\/media?parent=190455"}],"wp:term":[{"taxonomy":"category","embeddable":true,"href":"https:\/\/www.radiopiu.net\/wordpress\/wp-json\/wp\/v2\/categories?post=190455"},{"taxonomy":"post_tag","embeddable":true,"href":"https:\/\/www.radiopiu.net\/wordpress\/wp-json\/wp\/v2\/tags?post=190455"}],"curies":[{"name":"wp","href":"https:\/\/api.w.org\/{rel}","templated":true}]}}