{"id":190523,"date":"2021-02-11T23:59:08","date_gmt":"2021-02-11T22:59:08","guid":{"rendered":"https:\/\/www.radiopiu.net\/wordpress\/?p=190523"},"modified":"2021-02-11T15:56:15","modified_gmt":"2021-02-11T14:56:15","slug":"radio-club-cime-bianche-anno-di-nascita-1979-ad-agordo","status":"publish","type":"post","link":"https:\/\/www.radiopiu.net\/wordpress\/radio-club-cime-bianche-anno-di-nascita-1979-ad-agordo\/","title":{"rendered":"RADIO CLUB CIME BIANCHE, ANNO DI NASCITA 1979 AD AGORDO"},"content":{"rendered":"<p><strong>AGORDO<\/strong> Il Radio Club Cime Bianche, dalla &#8220;Banda cittadina&#8221;, la CB. C&#8217;ero anch&#8217;io, e l&#8217;ho ricordato volentieri sul libro &#8220;odio la Radio&#8221; uscito quasi 8 anni fa in concomitanza con i 30 anni di RADIO PIU&#8217;, perch\u00e9 fondamentalmente non nasco Dj, nemmeno giornalista o editore radiofonico,\u00a0 ma CB e credetemi ne ho fatto sempre un vanto. Come l&#8217;essere presente quella sera con Francesco, Sandro, Mario, Sergio, Gino, Andrea, Ivo&#8230; e tanti altri amici CB. Oggi da Quattro Pagine Agordine l&#8217;articolo di allora, del 1979 che quasi sicuramente \u00e8 stato scritto da Elio Rossi, anche lui un CB di fine anni Settanta.<\/p>\n<p><a href=\"https:\/\/www.radiopiu.net\/wordpress\/radio-club-cime-bianche-anno-di-nascita-1979-ad-agordo\/radio-club-agordino-1979\/\" rel=\"attachment wp-att-190524\"><img loading=\"lazy\" decoding=\"async\" class=\"alignnone wp-image-190524 size-full\" src=\"https:\/\/www.radiopiu.net\/wordpress\/wp-content\/uploads\/2021\/02\/RADIO-CLUB-AGORDINO-1979.png\" alt=\"\" width=\"552\" height=\"716\" srcset=\"https:\/\/www.radiopiu.net\/wordpress\/wp-content\/uploads\/2021\/02\/RADIO-CLUB-AGORDINO-1979.png 552w, https:\/\/www.radiopiu.net\/wordpress\/wp-content\/uploads\/2021\/02\/RADIO-CLUB-AGORDINO-1979-231x300.png 231w\" sizes=\"auto, (max-width: 552px) 100vw, 552px\" \/><\/a><\/p>\n<blockquote>\n<h2>DAL LIBRO, ODIO LA RADIO_2013<\/h2>\n<\/blockquote>\n<p><strong>di Mirko Mezzacasa<\/strong><\/p>\n<p align=\"JUSTIFY\"><span style=\"font-family: Times New Roman, serif;\"><span style=\"font-size: medium;\">Ero un \u201cCB\u201d di nome \u201cYpsilon\u201d, lo ero assieme a Paolo Moretti che poi divent\u00f2 Paolo Ponti alla radio. <\/span><\/span><span style=\"font-size: medium; font-family: 'Times New Roman', serif;\">Ypsilon certo, perch\u00e9 non sapevo quale nominativo mettermi e X mi sembrava banale e Y mi ricordava la gambe delle donne in rotazione. <\/span><span style=\"font-family: Times New Roman, serif;\"><span style=\"font-size: medium;\">Passavo ore in soffitta a gridare CQ&#8230;CQ&#8230;DX, cio\u00e8 a collegarmi con il resto del mondo. Per me il resto del mondo era oltre il confine di San Cipriano solo successivamente \u00e8 diventata via Paris Bordone. Parlavo con la Sardegna, con Gela in Sicilia, con la Spagna, con le veneziane e le trevigiane, con \u201cAminta\u201d Mauro Riva e la sorella \u201cKoral\u201d Gladis (negli anni Novanta voce di Radio Pi\u00f9). E poi c\u2019erano: \u201dMauser\u201d Ivo Benvegn\u00f9, \u201cConge\u201d Elio Rossi Taibon di \u201cAlfa2\u201d Daniele Dalle Zotte (quello che aveva l\u2019auto arancione di Hazzard, la famosa Opel soprannominata Melbi); \u201cAndromeda\u201d Laura Cavalletti \u201dTobia\u201d Cesare Benvegn\u00f9, \u201cPitagora\u201d, lo scomparso Sergio Dall\u2019Acqua, \u201cRomeo Eco\u201d Francesco Santomaso, il caro amico \u201cTato\u201d Sandro Tom\u00e8 che per la prima volta mi port\u00f2 una notte fuori casa, al Rifugio Vazzoler per la copertura radio della TransCivetta estiva e li\u2019 m\u2019innamorai per la prima volta di Agnese che non ho mai saputo chi fosse, ricordo che era una turista e che passai una notte a togliergli le zanzare dalle gambe&#8230;. Parlavo notti intere con tutti: \u201cKojak\u201d Alex Nascimben (poi voce di Radio Pi\u00f9), \u201cSirius\u201d Dario Zuanel, \u201cJerry\u201d Ivan Forcellini, \u201cOmero\u201d Fabio \u201ccicet\u201d De Cassan, \u201cMamba verde\u201d Francesco Dell\u2019Obsel tutti di La Valle, \u201cTurbo\u201d Luigi Piccoli, \u201c001\u201d Flavio Ganz del Cinema Dolomiti di Falcade e ancora a Taibon \u201cRally\u201d Giovanni Viel (il primo gestore della discoteca alla Peschiere oggi After Hour distrutto da un violento incendio il 18 marzo del 2011), \u201cLarice\u201d Vincenzo Ben con il figlio \u201cPicchio\u201d Franco. Quest&#8217;ultimo, <i>el Franco Gnel, <\/i>\u00e8 stato uno dei primi <i>Taiboner<\/i> ad ascoltare le radio private. Con la sua stazione super tecnologica a fine anni settanta riuscita a captare le onde della pianura veneta e quindi le prime voci dalle radio private. Quante chiacchierata in piazza di Taibon alla vigilia dell&#8217;apertura della radio. <\/span><\/span><span style=\"font-family: Times New Roman, serif;\"><span style=\"font-size: medium;\">A Voltago c&#8217;era anche \u201cYankee 3\u201d Gino Pollazzon che mi insegn\u00f2 a riempire la soffitta di cavi strani (dipoli). E poi ricordo il caro \u201cAlfa3\u201d Giancarlo Costa di San Tomaso, Gianni Fa\u00e8 a Cencenighe (Gianni spek per Claudio Fontanive), \u201cTill\u201d Raffaele Ferrarese di Agordo, \u201cSalmar\u201d Mario Salvagnini di Milano. Proprio Mario (probabilmente l\u2019ispiratore del Radio Club Cime Bianche) una sera attraverso la radioCb mi comunic\u00f2 la morte di Papa Paolo VI, era la fine degli anni Settanta. <i> \u201cE\u2019 morto il Papa\u201d<\/i>, disse Mario dal famoso \u201cbaracchino\u201d Alan K in quella esstate del \u201878. Io lavoravo dalla Mena in quegli anni, Filomena Colleselli, una delle prime clienti di RADIO PIU\u2019 con famose pubblicit\u00e0 di cinque minuti a spot), era il preludio al nostro Papa Luciani. I primi indimenticabili clienti della RADIO PIU&#8217;: Panfilo Castaldi, La Baita del Tita, La Mena e ovviamente i soci della radio, Collarin, El Bottegon e Pizzerie 2B con Paolo Buttol e Tiziana Soia. <\/span><\/span><span style=\"font-family: Times New Roman, serif;\"><span style=\"font-size: medium;\">Alla fine degli anni Settanta nacque quindi il RADIO CLUB CIME BIANCHE e ricordo la prima riunione nella ex Casa della Giovent\u00f9 di Agordo. <i>\u201cVogliamo fare un Radio Club per l\u2019Agordino, una rete radio di emergenza in caso di calamit\u00e0. Nessuna idea di fare una radio libera privata, almeno per ora\u201d<\/i>. Ricordo oggi come ieri le parole del mio vicino di casa, Elio Rossi che aveva comunque buttato l\u00ec una prima idea prima ancora della nascita di Radio Alleghe, Radio Rocca Pietore (trasmetteva dal Municipio di Rocca Pietore), Radio Serena a Falcade che per anni collabor\u00f2 con RADIO PIU, oggi la frequenza della famosa Discoteca Serena di Piergiorgio Fol \u00e8 ancora attiva su Falcade (97.600). Oggi il ponte radio \u00e8 alloggiato nella moderna postazione dell Sta di Caverson, ma alla fine degli anni Ottanta non potevamo avere accesso perch\u00e9 disturbavamo le trasmissioni della Rai. Come dire che Radio Pi\u00f9 era incompatibile tecnicamente. Io insistevo che era il contrario, ma nessuno mi ha mai dato ragione. Anche qui l&#8217;amicizia fa la differenza. Remo Secchi e la moglie Flavia, entrambi miei insegnanti-assistenti nei laboratori di chimica dell&#8217;Istituto Follador, non hanno mai esitato a porgermi la mano. Hanno ospitato il ponte in una delle camere da letto dell&#8217;Albergo Dolomiti di Caverson oggi di Tullio Secchi e del figlio Mirko che oltre ad essere mio omonimo \u00e8 nato anche lo stesso giorno, il 24 dicembre vigilia di Natale. Scelta obbliga visto che il giorno successivo era \u201coccupato\u201d. <\/span><\/span><span style=\"font-family: Times New Roman, serif;\"><span style=\"font-size: medium;\">Quella sera della famosa riunione per la fondazione del Radio Club Cime Bianche, iniziavo a mettere assieme nella mia mente le tre parole che hanno caratterizzato il resto della mia vita: radio, libera, privata. <\/span><\/span><span style=\"font-family: Times New Roman, serif;\"><span style=\"font-size: medium;\">Frequentavo l\u2019Itim (sezione chimica) e avevo gi\u00e0 un primo fans, il professor Gianfranco Pampolini che mi chiedeva ogni mattina quante ore avevo passato con il microfono (mike) della ricetrasmittente tra le mani&#8230;.mia mamma aveva parlato troppo al consiglio di classe come al solito raccontando il \u201cfuori classe\u201d. <\/span><\/span><span style=\"font-size: medium; font-family: 'Times New Roman', serif;\">Il \u201cPampo\u201d \u00e8 stato il professore che ha creduto da subito nella radio quando \u00e8 nata e ha scoperto che c\u2019ero dentro. Lui veniva da Ferrara e conosceva gi\u00e0 il mondo della privata, che gran professore ha avuto L\u2019Itim Follador. Di radio parlavo anche con altri prof. con Giuseppe Cassisi, Savina De Lazzer, Vito Valcozzena, Antonio Favretti, Mauro Parissenti, Andrea Serfafini, Giorgio Garatti e il mitico Bruno Gnech, ma anche con i presidi Tito Livio Bene e Giorgio Varagnolo. Con tutti gli altri c\u2019era un\u2019incompatibilit\u00e0 di carattere e per questo mi hanno segato per due volte in quattro anni. Praticamente avevano capito che la chimica non era il mio mestiere. <\/span><span style=\"font-family: Times New Roman, serif;\"><span style=\"font-size: medium;\">Nel 1983 lavoravo da Bardin giocattoli \u201cIl paese dei Balocchi\u201d di via Cesare Battisti. Vendevo giocattoli ed era il momento clou di ET e dei PUFFI, giocavo tutto il giorno e, avevo iniziato ad ascoltare Radio Alleghe perch\u00e9 un certo Mario Scarpa (il primo vero proprietario credo) veniva in negozio per vendere la pubblicit\u00e0. In quel periodo con Paolo Moretti ero salito in moto (mitico Fantic 50 ultra elaborato da pap\u00e0, comperato dall\u2019Eugenio Dai Pra \u201cBroket\u201d, ma inizialmente di Paolino De Toffol di Agordo), salii fino a Sottocastello di Pieve di Cadore (c\u2019era ancora la Cavallera altro che Ponte Cadore) per conoscere Gianfranco Mentil, Franco Olivieri, Andrea Chicca, Barbara Paolazzi, ma soprattuo Snoopy&#8230;.Gianni Frescura, quello che tutte le sere ci teneva compagnia da RADIO CLUB 103 con le dediche e le richieste. Tutte le sere escluso il luned\u00ec che era tutto di Franco. Ormai ascoltavo solo RADIO CLUB 103, avevo abbandonato Radio Valbelluna, Radio Teledolomiti e anche Radio Longarone. Radio Club 103 era pi\u00f9 semplice, pi\u00f9 pura, cio\u00e8 se la tiravano meno e poi aveva un ponte sopra Taibon a Soccol ed erano amici di Gianni Fa\u00e8 di Cencenighe, altro grande amico e sponsor di Radio Pi\u00f9 con i tipici Fa\u00e8.<\/span><\/span><\/p>\n","protected":false},"excerpt":{"rendered":"<p>AGORDO Il Radio Club Cime Bianche, dalla &#8220;Banda cittadina&#8221;, la CB. C&#8217;ero anch&#8217;io, e l&#8217;ho ricordato volentieri sul libro &#8220;odio la Radio&#8221; uscito quasi 8 anni fa in concomitanza con i 30 anni di RADIO PIU&#8217;, perch\u00e9 fondamentalmente non nasco Dj, nemmeno giornalista o editore radiofonico,\u00a0 ma CB e credetemi ne ho fatto sempre un&hellip;<\/p>\n","protected":false},"author":4,"featured_media":189556,"comment_status":"closed","ping_status":"closed","sticky":false,"template":"","format":"standard","meta":{"_monsterinsights_skip_tracking":false,"_monsterinsights_sitenote_active":false,"_monsterinsights_sitenote_note":"","_monsterinsights_sitenote_category":0,"footnotes":""},"categories":[51,49],"tags":[],"class_list":["post-190523","post","type-post","status-publish","format-standard","has-post-thumbnail","hentry","category-evidenza-top","category-news-18","category-51","category-49","description-off"],"img_url":"https:\/\/www.radiopiu.net\/wordpress\/wp-content\/uploads\/2021\/02\/quattro-pagine-agordine.png","_links":{"self":[{"href":"https:\/\/www.radiopiu.net\/wordpress\/wp-json\/wp\/v2\/posts\/190523","targetHints":{"allow":["GET"]}}],"collection":[{"href":"https:\/\/www.radiopiu.net\/wordpress\/wp-json\/wp\/v2\/posts"}],"about":[{"href":"https:\/\/www.radiopiu.net\/wordpress\/wp-json\/wp\/v2\/types\/post"}],"author":[{"embeddable":true,"href":"https:\/\/www.radiopiu.net\/wordpress\/wp-json\/wp\/v2\/users\/4"}],"replies":[{"embeddable":true,"href":"https:\/\/www.radiopiu.net\/wordpress\/wp-json\/wp\/v2\/comments?post=190523"}],"version-history":[{"count":0,"href":"https:\/\/www.radiopiu.net\/wordpress\/wp-json\/wp\/v2\/posts\/190523\/revisions"}],"wp:featuredmedia":[{"embeddable":true,"href":"https:\/\/www.radiopiu.net\/wordpress\/wp-json\/wp\/v2\/media\/189556"}],"wp:attachment":[{"href":"https:\/\/www.radiopiu.net\/wordpress\/wp-json\/wp\/v2\/media?parent=190523"}],"wp:term":[{"taxonomy":"category","embeddable":true,"href":"https:\/\/www.radiopiu.net\/wordpress\/wp-json\/wp\/v2\/categories?post=190523"},{"taxonomy":"post_tag","embeddable":true,"href":"https:\/\/www.radiopiu.net\/wordpress\/wp-json\/wp\/v2\/tags?post=190523"}],"curies":[{"name":"wp","href":"https:\/\/api.w.org\/{rel}","templated":true}]}}