{"id":190624,"date":"2021-02-11T18:20:14","date_gmt":"2021-02-11T17:20:14","guid":{"rendered":"https:\/\/www.radiopiu.net\/wordpress\/?p=190624"},"modified":"2021-02-11T18:20:57","modified_gmt":"2021-02-11T17:20:57","slug":"scossa-di-terremoto-a-vigo-di-cadore-magnitudo-2-1","status":"publish","type":"post","link":"https:\/\/www.radiopiu.net\/wordpress\/scossa-di-terremoto-a-vigo-di-cadore-magnitudo-2-1\/","title":{"rendered":"SCOSSA DI TERREMOTO A VIGO DI CADORE. MAGNITUDO 2.1"},"content":{"rendered":"<p><strong><a href=\"https:\/\/www.radiopiu.net\/wordpress\/scossa-di-terremoto-a-vigo-di-cadore-magnitudo-2-1\/d90bc17f-5bc8-47c4-a3ce-339ade9de8ef\/\" rel=\"attachment wp-att-190625\"><img loading=\"lazy\" decoding=\"async\" class=\"size-medium wp-image-190625 alignleft\" src=\"https:\/\/www.radiopiu.net\/wordpress\/wp-content\/uploads\/2021\/02\/d90bc17f-5bc8-47c4-a3ce-339ade9de8ef-159x300.jpg\" alt=\"\" width=\"159\" height=\"300\" srcset=\"https:\/\/www.radiopiu.net\/wordpress\/wp-content\/uploads\/2021\/02\/d90bc17f-5bc8-47c4-a3ce-339ade9de8ef-159x300.jpg 159w, https:\/\/www.radiopiu.net\/wordpress\/wp-content\/uploads\/2021\/02\/d90bc17f-5bc8-47c4-a3ce-339ade9de8ef.jpg 542w\" sizes=\"auto, (max-width: 159px) 100vw, 159px\" \/><\/a>VIGO DI CADORE<\/strong> La terra trema in Cadore. Mancavano 6 minuti alle 17 quando si \u00e8 avvertita una scossa di terremoto che \u00e8 stata registrata con una magnitudo di 2.1. Epicentro a 3 chilometri da Vigo, a una profondit\u00e0 di 8 chilometri. non sono stati segnalati danni a cose o persone. Tante le persone che hanno avvertito la scossa.<\/p>\n","protected":false},"excerpt":{"rendered":"<p>VIGO DI CADORE La terra trema in Cadore. Mancavano 6 minuti alle 17 quando si \u00e8 avvertita una scossa di terremoto che \u00e8 stata registrata con una magnitudo di 2.1. Epicentro a 3 chilometri da Vigo, a una profondit\u00e0 di 8 chilometri. non sono stati segnalati danni a cose o persone. Tante le persone che&hellip;<\/p>\n","protected":false},"author":4,"featured_media":124960,"comment_status":"closed","ping_status":"closed","sticky":false,"template":"","format":"standard","meta":{"_monsterinsights_skip_tracking":false,"_monsterinsights_sitenote_active":false,"_monsterinsights_sitenote_note":"","_monsterinsights_sitenote_category":0,"footnotes":""},"categories":[51,49],"tags":[],"class_list":["post-190624","post","type-post","status-publish","format-standard","has-post-thumbnail","hentry","category-evidenza-top","category-news-18","category-51","category-49","description-off"],"img_url":"https:\/\/www.radiopiu.net\/wordpress\/wp-content\/uploads\/2020\/03\/download-44.jpg","_links":{"self":[{"href":"https:\/\/www.radiopiu.net\/wordpress\/wp-json\/wp\/v2\/posts\/190624","targetHints":{"allow":["GET"]}}],"collection":[{"href":"https:\/\/www.radiopiu.net\/wordpress\/wp-json\/wp\/v2\/posts"}],"about":[{"href":"https:\/\/www.radiopiu.net\/wordpress\/wp-json\/wp\/v2\/types\/post"}],"author":[{"embeddable":true,"href":"https:\/\/www.radiopiu.net\/wordpress\/wp-json\/wp\/v2\/users\/4"}],"replies":[{"embeddable":true,"href":"https:\/\/www.radiopiu.net\/wordpress\/wp-json\/wp\/v2\/comments?post=190624"}],"version-history":[{"count":0,"href":"https:\/\/www.radiopiu.net\/wordpress\/wp-json\/wp\/v2\/posts\/190624\/revisions"}],"wp:featuredmedia":[{"embeddable":true,"href":"https:\/\/www.radiopiu.net\/wordpress\/wp-json\/wp\/v2\/media\/124960"}],"wp:attachment":[{"href":"https:\/\/www.radiopiu.net\/wordpress\/wp-json\/wp\/v2\/media?parent=190624"}],"wp:term":[{"taxonomy":"category","embeddable":true,"href":"https:\/\/www.radiopiu.net\/wordpress\/wp-json\/wp\/v2\/categories?post=190624"},{"taxonomy":"post_tag","embeddable":true,"href":"https:\/\/www.radiopiu.net\/wordpress\/wp-json\/wp\/v2\/tags?post=190624"}],"curies":[{"name":"wp","href":"https:\/\/api.w.org\/{rel}","templated":true}]}}