{"id":190743,"date":"2021-02-12T13:24:07","date_gmt":"2021-02-12T12:24:07","guid":{"rendered":"https:\/\/www.radiopiu.net\/wordpress\/?p=190743"},"modified":"2021-02-12T13:24:07","modified_gmt":"2021-02-12T12:24:07","slug":"conclusi-i-lavori-rfi-con-lorario-estivo-da-venezia-a-belluno-senza-cambio-e-su-linea-completamente-elettrificata","status":"publish","type":"post","link":"https:\/\/www.radiopiu.net\/wordpress\/conclusi-i-lavori-rfi-con-lorario-estivo-da-venezia-a-belluno-senza-cambio-e-su-linea-completamente-elettrificata\/","title":{"rendered":"CONCLUSI I LAVORI RFI, CON L\u2019ORARIO ESTIVO DA VENEZIA A BELLUNO SENZA CAMBIO E SU LINEA COMPLETAMENTE ELETTRIFICATA"},"content":{"rendered":"<p><strong> <img loading=\"lazy\" decoding=\"async\" class=\"alignleft\" src=\"https:\/\/www.radiopiu.net\/wordpress\/wp-content\/uploads\/2021\/02\/150e3484-5885-41ca-aa09-578f2cba69e0.jpg\" width=\"228\" height=\"128\" \/>VENEZIA<\/strong> La linea ferroviaria diretta Belluno-Venezia grazie ai lavori di elettrificazione con l\u2019introduzione dell\u2019orario estivo permetter\u00e0 di viaggiare da Venezia a Belluno, senza scalo e cambi sui moderni elettrotreni che, con innovativo contratto di servizio, la Regione del Veneto sta introducendo su tutte le linee regionali, in aggiunta ad un ammodernamento della flotta, da qui al 2026. Il cantiere per l&#8217;elettrificazione arriva dunque all&#8217;obbiettivo lungo quaranta chilometri da Conegliano a Belluno. <em>\u201cAggiungiamo un tassello importante all\u2019Anello del Bellunese: una linea ferroviaria elettrificata che congiunger\u00e0 Belluno alle principali province Venete &#8211; spiega il Governatore Luca Zaia -. Tra pochi mesi si potr\u00e0 offrire un servizio ferroviario migliore ai bellunesi e ai turisti, non solo in termini di sostenibilit\u00e0 ambientale, grazie ai moderni treni elettrici POP, ma anche in termini di durata del viaggio e di comodit\u00e0 dello stesso. In minor tempo, e in molti casi senza il fastidioso \u2018cambio treno\u2019 a Conegliano, le Montagne di Venezia saranno ancora pi\u00f9 accessibili da Venezia\u201d. <\/em>Sono partiti anche i lavori di elettrificazione della tratta Treviso-Belluno, con interventi di sistemazione delle Stazioni di Feltre e Santa Giustina\u00a0 Seguiranno le opere civili sulla tratta e quindi i lavori di elettrificazione il cui termine \u00e8 previsto per il 2024.<\/p>\n","protected":false},"excerpt":{"rendered":"<p>VENEZIA La linea ferroviaria diretta Belluno-Venezia grazie ai lavori di elettrificazione con l\u2019introduzione dell\u2019orario estivo permetter\u00e0 di viaggiare da Venezia a Belluno, senza scalo e cambi sui moderni elettrotreni che, con innovativo contratto di servizio, la Regione del Veneto sta introducendo su tutte le linee regionali, in aggiunta ad un ammodernamento della flotta, da qui&hellip;<\/p>\n","protected":false},"author":4,"featured_media":190744,"comment_status":"closed","ping_status":"closed","sticky":false,"template":"","format":"standard","meta":{"_monsterinsights_skip_tracking":false,"_monsterinsights_sitenote_active":false,"_monsterinsights_sitenote_note":"","_monsterinsights_sitenote_category":0,"footnotes":""},"categories":[49],"tags":[],"class_list":["post-190743","post","type-post","status-publish","format-standard","has-post-thumbnail","hentry","category-news-18","category-49","description-off"],"img_url":"https:\/\/www.radiopiu.net\/wordpress\/wp-content\/uploads\/2021\/02\/150e3484-5885-41ca-aa09-578f2cba69e0.jpg","_links":{"self":[{"href":"https:\/\/www.radiopiu.net\/wordpress\/wp-json\/wp\/v2\/posts\/190743","targetHints":{"allow":["GET"]}}],"collection":[{"href":"https:\/\/www.radiopiu.net\/wordpress\/wp-json\/wp\/v2\/posts"}],"about":[{"href":"https:\/\/www.radiopiu.net\/wordpress\/wp-json\/wp\/v2\/types\/post"}],"author":[{"embeddable":true,"href":"https:\/\/www.radiopiu.net\/wordpress\/wp-json\/wp\/v2\/users\/4"}],"replies":[{"embeddable":true,"href":"https:\/\/www.radiopiu.net\/wordpress\/wp-json\/wp\/v2\/comments?post=190743"}],"version-history":[{"count":0,"href":"https:\/\/www.radiopiu.net\/wordpress\/wp-json\/wp\/v2\/posts\/190743\/revisions"}],"wp:featuredmedia":[{"embeddable":true,"href":"https:\/\/www.radiopiu.net\/wordpress\/wp-json\/wp\/v2\/media\/190744"}],"wp:attachment":[{"href":"https:\/\/www.radiopiu.net\/wordpress\/wp-json\/wp\/v2\/media?parent=190743"}],"wp:term":[{"taxonomy":"category","embeddable":true,"href":"https:\/\/www.radiopiu.net\/wordpress\/wp-json\/wp\/v2\/categories?post=190743"},{"taxonomy":"post_tag","embeddable":true,"href":"https:\/\/www.radiopiu.net\/wordpress\/wp-json\/wp\/v2\/tags?post=190743"}],"curies":[{"name":"wp","href":"https:\/\/api.w.org\/{rel}","templated":true}]}}